{"id":5898,"date":"2025-07-18T09:00:38","date_gmt":"2025-07-18T04:00:38","guid":{"rendered":"https:\/\/pulso27.com\/?p=5898"},"modified":"2025-07-18T09:00:43","modified_gmt":"2025-07-18T04:00:43","slug":"trabajadores-de-cusco-convocan-a-movilizacion-regional-por-el-gasoducto-sur-andino","status":"publish","type":"post","link":"http:\/\/pulso27.com\/en\/actualidad\/mineria\/trabajadores-de-cusco-convocan-a-movilizacion-regional-por-el-gasoducto-sur-andino\/","title":{"rendered":"Trabajadores de Cusco convocan a movilizaci\u00f3n regional por el Gasoducto Sur Andino"},"content":{"rendered":"<p>La Federaci\u00f3n Departamental de Trabajadores del Cusco (FDTC), base de la Confederaci\u00f3n General de Trabajadores del Per\u00fa (CGTP), ha convocado a una jornada regional de lucha este lunes 22 de julio desde las 9 a.m., en defensa del Gasoducto Sur Andino y por una pol\u00edtica energ\u00e9tica que impulse el desarrollo industrial y el empleo en el Macro Sur.<\/p>\n\n\n\n<p>La convocatoria llama a la participaci\u00f3n masiva de organizaciones sociales, sindicales, gremios profesionales, autoridades locales, partidos pol\u00edticos y estudiantes del Cusco y el sur del pa\u00eds. Seg\u00fan el pronunciamiento emitido por la FDTC, la jornada tiene como objetivos centrales exigir al gobierno de Dina Boluarte la conclusi\u00f3n del Gasoducto Sur Andino, la construcci\u00f3n de plantas de fraccionamiento y generaci\u00f3n t\u00e9rmica, y la implementaci\u00f3n de un modelo energ\u00e9tico soberano, al servicio de las regiones del sur.<\/p>\n\n\n\n<p>Los dirigentes advierten sobre el anuncio gubernamental de priorizar el denominado \u00abgasoducto costero\u00bb, al que acusan de ser un proyecto dise\u00f1ado para beneficiar a grupos empresariales y postergar nuevamente al Cusco y al sur andino. Denuncian que esta medida busca legalizar de forma encubierta decisiones que contradicen compromisos contractuales y que enterrar\u00edan de forma definitiva el proyecto original del gasoducto sur.<\/p>\n\n\n<div class=\"wp-block-image\">\n<figure class=\"alignleft size-full is-resized\"><img loading=\"lazy\" decoding=\"async\" width=\"634\" height=\"791\" src=\"https:\/\/pulso27.com\/wp-content\/uploads\/2025\/07\/CDTC-Cusco-4.png\" alt=\"\" class=\"wp-image-5908\" style=\"width:419px;height:auto\" srcset=\"https:\/\/pulso27.com\/wp-content\/uploads\/2025\/07\/CDTC-Cusco-4.png 634w, https:\/\/pulso27.com\/wp-content\/uploads\/2025\/07\/CDTC-Cusco-4-240x300.png 240w, https:\/\/pulso27.com\/wp-content\/uploads\/2025\/07\/CDTC-Cusco-4-10x12.png 10w\" sizes=\"auto, (max-width: 634px) 100vw, 634px\" \/><figcaption class=\"wp-element-caption\"><em>Convocatoria de la CDTC filial de la CGTP<\/em><\/figcaption><\/figure><\/div>\n\n\n<p>\u201cBajo ninguna circunstancia aceptaremos el anuncio del \u2018gasoducto costero\u2019 que pretende sepultar el gasoducto sur andino. Esta decisi\u00f3n es inaceptable y constituye una traici\u00f3n a nuestras aspiraciones de desarrollo industrial regional\u201d, se\u00f1alaron los voceros de la FDTC.<\/p>\n\n\n\n<p>La movilizaci\u00f3n se realizar\u00e1 en simult\u00e1neo con concentraciones en la Plaza San Francisco y la Plaza Limacpampa de Cusco. La FDTC tambi\u00e9n ha advertido que, de confirmarse en el Mensaje Presidencial del 28 de julio el abandono definitivo del Gasoducto Sur Andino, convocar\u00e1n a un paro regional del Macro Sur en coordinaci\u00f3n con frentes regionales, sindicatos, universidades y organizaciones de base.<\/p>\n\n\n\n<p>Esta jornada se da en un contexto de creciente malestar en el sur del pa\u00eds, donde amplios sectores sociales exigen una pol\u00edtica energ\u00e9tica que priorice el desarrollo de sus regiones, con empleo digno, servicios p\u00fablicos y soberan\u00eda sobre sus recursos naturales.<\/p>","protected":false},"excerpt":{"rendered":"<p>La Federaci\u00f3n Departamental de Trabajadores del Cusco (FDTC), base de la Confederaci\u00f3n General de Trabajadores del Per\u00fa (CGTP), ha convocado a una jornada regional de lucha este lunes 22 de julio desde las 9 a.m., en defensa del Gasoducto Sur Andino y por una pol\u00edtica energ\u00e9tica que impulse el desarrollo industrial y el empleo en [&hellip;]<\/p>\n","protected":false},"author":8,"featured_media":5905,"comment_status":"open","ping_status":"open","sticky":false,"template":"","format":"standard","meta":{"footnotes":""},"categories":[1846,810],"tags":[2377,2126,573,2376],"class_list":["post-5898","post","type-post","status-publish","format-standard","has-post-thumbnail","hentry","category-mineria","category-regional","tag-cdtc","tag-cgtp","tag-cusco","tag-gasoductosur"],"yoast_head":"<!-- This site is optimized with the Yoast SEO plugin v27.4 - https:\/\/yoast.com\/product\/yoast-seo-wordpress\/ -->\n<title>Trabajadores de Cusco convocan a movilizaci\u00f3n regional por el Gasoducto Sur Andino - Pulso27<\/title>\n<meta name=\"robots\" content=\"index, follow, max-snippet:-1, max-image-preview:large, max-video-preview:-1\" \/>\n<link rel=\"canonical\" href=\"https:\/\/pulso27.com\/en\/actualidad\/mineria\/trabajadores-de-cusco-convocan-a-movilizacion-regional-por-el-gasoducto-sur-andino\/\" \/>\n<meta property=\"og:locale\" content=\"en_US\" \/>\n<meta property=\"og:type\" content=\"article\" \/>\n<meta property=\"og:title\" content=\"Trabajadores de Cusco convocan a movilizaci\u00f3n regional por el Gasoducto Sur Andino - Pulso27\" \/>\n<meta property=\"og:description\" content=\"La Federaci\u00f3n Departamental de Trabajadores del Cusco (FDTC), base de la Confederaci\u00f3n General de Trabajadores del Per\u00fa (CGTP), ha convocado a una jornada regional de lucha este lunes 22 de julio desde las 9 a.m., en defensa del Gasoducto Sur Andino y por una pol\u00edtica energ\u00e9tica que impulse el desarrollo industrial y el empleo en [&hellip;]\" \/>\n<meta property=\"og:url\" content=\"https:\/\/pulso27.com\/en\/actualidad\/mineria\/trabajadores-de-cusco-convocan-a-movilizacion-regional-por-el-gasoducto-sur-andino\/\" \/>\n<meta property=\"og:site_name\" content=\"Pulso27\" \/>\n<meta property=\"article:publisher\" content=\"https:\/\/www.facebook.com\/pulso27\/\" \/>\n<meta property=\"article:published_time\" content=\"2025-07-18T04:00:38+00:00\" \/>\n<meta property=\"article:modified_time\" content=\"2025-07-18T04:00:43+00:00\" \/>\n<meta property=\"og:image\" content=\"https:\/\/pulso27.com\/wp-content\/uploads\/2025\/07\/Cusco.png\" \/>\n\t<meta property=\"og:image:width\" content=\"1280\" \/>\n\t<meta property=\"og:image:height\" content=\"800\" \/>\n\t<meta property=\"og:image:type\" content=\"image\/png\" \/>\n<meta name=\"author\" content=\"Maga\" \/>\n<meta name=\"twitter:card\" content=\"summary_large_image\" \/>\n<meta name=\"twitter:creator\" content=\"@Pulso_27\" \/>\n<meta name=\"twitter:site\" content=\"@Pulso_27\" \/>\n<meta name=\"twitter:label1\" content=\"Written by\" \/>\n\t<meta name=\"twitter:data1\" content=\"Maga\" \/>\n\t<meta name=\"twitter:label2\" content=\"Est. reading time\" \/>\n\t<meta name=\"twitter:data2\" content=\"2 minutes\" \/>\n<script type=\"application\/ld+json\" class=\"yoast-schema-graph\">{\"@context\":\"https:\\\/\\\/schema.org\",\"@graph\":[{\"@type\":\"Article\",\"@id\":\"https:\\\/\\\/pulso27.com\\\/actualidad\\\/mineria\\\/trabajadores-de-cusco-convocan-a-movilizacion-regional-por-el-gasoducto-sur-andino\\\/#article\",\"isPartOf\":{\"@id\":\"https:\\\/\\\/pulso27.com\\\/actualidad\\\/mineria\\\/trabajadores-de-cusco-convocan-a-movilizacion-regional-por-el-gasoducto-sur-andino\\\/\"},\"author\":{\"name\":\"Maga\",\"@id\":\"https:\\\/\\\/pulso27.com\\\/en\\\/#\\\/schema\\\/person\\\/92f5059eb04cb644a32d22c9bc998684\"},\"headline\":\"Trabajadores de Cusco convocan a movilizaci\u00f3n regional por el Gasoducto Sur Andino\",\"datePublished\":\"2025-07-18T04:00:38+00:00\",\"dateModified\":\"2025-07-18T04:00:43+00:00\",\"mainEntityOfPage\":{\"@id\":\"https:\\\/\\\/pulso27.com\\\/actualidad\\\/mineria\\\/trabajadores-de-cusco-convocan-a-movilizacion-regional-por-el-gasoducto-sur-andino\\\/\"},\"wordCount\":381,\"commentCount\":0,\"publisher\":{\"@id\":\"https:\\\/\\\/pulso27.com\\\/en\\\/#organization\"},\"image\":{\"@id\":\"https:\\\/\\\/pulso27.com\\\/actualidad\\\/mineria\\\/trabajadores-de-cusco-convocan-a-movilizacion-regional-por-el-gasoducto-sur-andino\\\/#primaryimage\"},\"thumbnailUrl\":\"https:\\\/\\\/pulso27.com\\\/wp-content\\\/uploads\\\/2025\\\/07\\\/Cusco.png\",\"keywords\":[\"CDTC\",\"CGTP\",\"Cusco\",\"GasoductoSur\"],\"articleSection\":[\"Miner\u00eda\",\"Regional\"],\"inLanguage\":\"en-US\",\"potentialAction\":[{\"@type\":\"CommentAction\",\"name\":\"Comment\",\"target\":[\"https:\\\/\\\/pulso27.com\\\/actualidad\\\/mineria\\\/trabajadores-de-cusco-convocan-a-movilizacion-regional-por-el-gasoducto-sur-andino\\\/#respond\"]}]},{\"@type\":\"WebPage\",\"@id\":\"https:\\\/\\\/pulso27.com\\\/actualidad\\\/mineria\\\/trabajadores-de-cusco-convocan-a-movilizacion-regional-por-el-gasoducto-sur-andino\\\/\",\"url\":\"https:\\\/\\\/pulso27.com\\\/actualidad\\\/mineria\\\/trabajadores-de-cusco-convocan-a-movilizacion-regional-por-el-gasoducto-sur-andino\\\/\",\"name\":\"Trabajadores de Cusco convocan a movilizaci\u00f3n regional por el Gasoducto Sur Andino - Pulso27\",\"isPartOf\":{\"@id\":\"https:\\\/\\\/pulso27.com\\\/en\\\/#website\"},\"primaryImageOfPage\":{\"@id\":\"https:\\\/\\\/pulso27.com\\\/actualidad\\\/mineria\\\/trabajadores-de-cusco-convocan-a-movilizacion-regional-por-el-gasoducto-sur-andino\\\/#primaryimage\"},\"image\":{\"@id\":\"https:\\\/\\\/pulso27.com\\\/actualidad\\\/mineria\\\/trabajadores-de-cusco-convocan-a-movilizacion-regional-por-el-gasoducto-sur-andino\\\/#primaryimage\"},\"thumbnailUrl\":\"https:\\\/\\\/pulso27.com\\\/wp-content\\\/uploads\\\/2025\\\/07\\\/Cusco.png\",\"datePublished\":\"2025-07-18T04:00:38+00:00\",\"dateModified\":\"2025-07-18T04:00:43+00:00\",\"breadcrumb\":{\"@id\":\"https:\\\/\\\/pulso27.com\\\/actualidad\\\/mineria\\\/trabajadores-de-cusco-convocan-a-movilizacion-regional-por-el-gasoducto-sur-andino\\\/#breadcrumb\"},\"inLanguage\":\"en-US\",\"potentialAction\":[{\"@type\":\"ReadAction\",\"target\":[\"https:\\\/\\\/pulso27.com\\\/actualidad\\\/mineria\\\/trabajadores-de-cusco-convocan-a-movilizacion-regional-por-el-gasoducto-sur-andino\\\/\"]}]},{\"@type\":\"ImageObject\",\"inLanguage\":\"en-US\",\"@id\":\"https:\\\/\\\/pulso27.com\\\/actualidad\\\/mineria\\\/trabajadores-de-cusco-convocan-a-movilizacion-regional-por-el-gasoducto-sur-andino\\\/#primaryimage\",\"url\":\"https:\\\/\\\/pulso27.com\\\/wp-content\\\/uploads\\\/2025\\\/07\\\/Cusco.png\",\"contentUrl\":\"https:\\\/\\\/pulso27.com\\\/wp-content\\\/uploads\\\/2025\\\/07\\\/Cusco.png\",\"width\":1280,\"height\":800},{\"@type\":\"BreadcrumbList\",\"@id\":\"https:\\\/\\\/pulso27.com\\\/actualidad\\\/mineria\\\/trabajadores-de-cusco-convocan-a-movilizacion-regional-por-el-gasoducto-sur-andino\\\/#breadcrumb\",\"itemListElement\":[{\"@type\":\"ListItem\",\"position\":1,\"name\":\"Portada\",\"item\":\"https:\\\/\\\/pulso27.com\\\/\"},{\"@type\":\"ListItem\",\"position\":2,\"name\":\"Trabajadores de Cusco convocan a movilizaci\u00f3n regional por el Gasoducto Sur Andino\"}]},{\"@type\":\"WebSite\",\"@id\":\"https:\\\/\\\/pulso27.com\\\/en\\\/#website\",\"url\":\"https:\\\/\\\/pulso27.com\\\/en\\\/\",\"name\":\"Pulso27\",\"description\":\"Web de noticias y publicidad\",\"publisher\":{\"@id\":\"https:\\\/\\\/pulso27.com\\\/en\\\/#organization\"},\"alternateName\":\"El pulso del pueblo\",\"potentialAction\":[{\"@type\":\"SearchAction\",\"target\":{\"@type\":\"EntryPoint\",\"urlTemplate\":\"https:\\\/\\\/pulso27.com\\\/en\\\/?s={search_term_string}\"},\"query-input\":{\"@type\":\"PropertyValueSpecification\",\"valueRequired\":true,\"valueName\":\"search_term_string\"}}],\"inLanguage\":\"en-US\"},{\"@type\":\"Organization\",\"@id\":\"https:\\\/\\\/pulso27.com\\\/en\\\/#organization\",\"name\":\"Pulso27\",\"url\":\"https:\\\/\\\/pulso27.com\\\/en\\\/\",\"logo\":{\"@type\":\"ImageObject\",\"inLanguage\":\"en-US\",\"@id\":\"https:\\\/\\\/pulso27.com\\\/en\\\/#\\\/schema\\\/logo\\\/image\\\/\",\"url\":\"https:\\\/\\\/pulso27.com\\\/wp-content\\\/uploads\\\/2026\\\/02\\\/Logotipo-de-la-organizacion-696-x-696-px-ok.png\",\"contentUrl\":\"https:\\\/\\\/pulso27.com\\\/wp-content\\\/uploads\\\/2026\\\/02\\\/Logotipo-de-la-organizacion-696-x-696-px-ok.png\",\"width\":696,\"height\":696,\"caption\":\"Pulso27\"},\"image\":{\"@id\":\"https:\\\/\\\/pulso27.com\\\/en\\\/#\\\/schema\\\/logo\\\/image\\\/\"},\"sameAs\":[\"https:\\\/\\\/www.facebook.com\\\/pulso27\\\/\",\"https:\\\/\\\/x.com\\\/Pulso_27\",\"https:\\\/\\\/www.youtube.com\\\/@Pulso27\",\"https:\\\/\\\/www.tiktok.com\\\/@pulso_27\"]},{\"@type\":\"Person\",\"@id\":\"https:\\\/\\\/pulso27.com\\\/en\\\/#\\\/schema\\\/person\\\/92f5059eb04cb644a32d22c9bc998684\",\"name\":\"Maga\",\"image\":{\"@type\":\"ImageObject\",\"inLanguage\":\"en-US\",\"@id\":\"https:\\\/\\\/secure.gravatar.com\\\/avatar\\\/c4d5224d4227e7c057cd5793ba910425cc902f3aef97cda3eccc7acba8be2edc?s=96&d=mm&r=g\",\"url\":\"https:\\\/\\\/secure.gravatar.com\\\/avatar\\\/c4d5224d4227e7c057cd5793ba910425cc902f3aef97cda3eccc7acba8be2edc?s=96&d=mm&r=g\",\"contentUrl\":\"https:\\\/\\\/secure.gravatar.com\\\/avatar\\\/c4d5224d4227e7c057cd5793ba910425cc902f3aef97cda3eccc7acba8be2edc?s=96&d=mm&r=g\",\"caption\":\"Maga\"},\"sameAs\":[\"http:\\\/\\\/www.pulso27.com\"],\"url\":\"http:\\\/\\\/pulso27.com\\\/en\\\/author\\\/maga\\\/\"}]}<\/script>\n<!-- \/ Yoast SEO plugin. -->","yoast_head_json":{"title":"Trabajadores de Cusco convocan a movilizaci\u00f3n regional por el Gasoducto Sur Andino - Pulso27","robots":{"index":"index","follow":"follow","max-snippet":"max-snippet:-1","max-image-preview":"max-image-preview:large","max-video-preview":"max-video-preview:-1"},"canonical":"https:\/\/pulso27.com\/en\/actualidad\/mineria\/trabajadores-de-cusco-convocan-a-movilizacion-regional-por-el-gasoducto-sur-andino\/","og_locale":"en_US","og_type":"article","og_title":"Trabajadores de Cusco convocan a movilizaci\u00f3n regional por el Gasoducto Sur Andino - Pulso27","og_description":"La Federaci\u00f3n Departamental de Trabajadores del Cusco (FDTC), base de la Confederaci\u00f3n General de Trabajadores del Per\u00fa (CGTP), ha convocado a una jornada regional de lucha este lunes 22 de julio desde las 9 a.m., en defensa del Gasoducto Sur Andino y por una pol\u00edtica energ\u00e9tica que impulse el desarrollo industrial y el empleo en [&hellip;]","og_url":"https:\/\/pulso27.com\/en\/actualidad\/mineria\/trabajadores-de-cusco-convocan-a-movilizacion-regional-por-el-gasoducto-sur-andino\/","og_site_name":"Pulso27","article_publisher":"https:\/\/www.facebook.com\/pulso27\/","article_published_time":"2025-07-18T04:00:38+00:00","article_modified_time":"2025-07-18T04:00:43+00:00","og_image":[{"width":1280,"height":800,"url":"https:\/\/pulso27.com\/wp-content\/uploads\/2025\/07\/Cusco.png","type":"image\/png"}],"author":"Maga","twitter_card":"summary_large_image","twitter_creator":"@Pulso_27","twitter_site":"@Pulso_27","twitter_misc":{"Written by":"Maga","Est. reading time":"2 minutes"},"schema":{"@context":"https:\/\/schema.org","@graph":[{"@type":"Article","@id":"https:\/\/pulso27.com\/actualidad\/mineria\/trabajadores-de-cusco-convocan-a-movilizacion-regional-por-el-gasoducto-sur-andino\/#article","isPartOf":{"@id":"https:\/\/pulso27.com\/actualidad\/mineria\/trabajadores-de-cusco-convocan-a-movilizacion-regional-por-el-gasoducto-sur-andino\/"},"author":{"name":"Maga","@id":"https:\/\/pulso27.com\/en\/#\/schema\/person\/92f5059eb04cb644a32d22c9bc998684"},"headline":"Trabajadores de Cusco convocan a movilizaci\u00f3n regional por el Gasoducto Sur Andino","datePublished":"2025-07-18T04:00:38+00:00","dateModified":"2025-07-18T04:00:43+00:00","mainEntityOfPage":{"@id":"https:\/\/pulso27.com\/actualidad\/mineria\/trabajadores-de-cusco-convocan-a-movilizacion-regional-por-el-gasoducto-sur-andino\/"},"wordCount":381,"commentCount":0,"publisher":{"@id":"https:\/\/pulso27.com\/en\/#organization"},"image":{"@id":"https:\/\/pulso27.com\/actualidad\/mineria\/trabajadores-de-cusco-convocan-a-movilizacion-regional-por-el-gasoducto-sur-andino\/#primaryimage"},"thumbnailUrl":"https:\/\/pulso27.com\/wp-content\/uploads\/2025\/07\/Cusco.png","keywords":["CDTC","CGTP","Cusco","GasoductoSur"],"articleSection":["Miner\u00eda","Regional"],"inLanguage":"en-US","potentialAction":[{"@type":"CommentAction","name":"Comment","target":["https:\/\/pulso27.com\/actualidad\/mineria\/trabajadores-de-cusco-convocan-a-movilizacion-regional-por-el-gasoducto-sur-andino\/#respond"]}]},{"@type":"WebPage","@id":"https:\/\/pulso27.com\/actualidad\/mineria\/trabajadores-de-cusco-convocan-a-movilizacion-regional-por-el-gasoducto-sur-andino\/","url":"https:\/\/pulso27.com\/actualidad\/mineria\/trabajadores-de-cusco-convocan-a-movilizacion-regional-por-el-gasoducto-sur-andino\/","name":"Trabajadores de Cusco convocan a movilizaci\u00f3n regional por el Gasoducto Sur Andino - Pulso27","isPartOf":{"@id":"https:\/\/pulso27.com\/en\/#website"},"primaryImageOfPage":{"@id":"https:\/\/pulso27.com\/actualidad\/mineria\/trabajadores-de-cusco-convocan-a-movilizacion-regional-por-el-gasoducto-sur-andino\/#primaryimage"},"image":{"@id":"https:\/\/pulso27.com\/actualidad\/mineria\/trabajadores-de-cusco-convocan-a-movilizacion-regional-por-el-gasoducto-sur-andino\/#primaryimage"},"thumbnailUrl":"https:\/\/pulso27.com\/wp-content\/uploads\/2025\/07\/Cusco.png","datePublished":"2025-07-18T04:00:38+00:00","dateModified":"2025-07-18T04:00:43+00:00","breadcrumb":{"@id":"https:\/\/pulso27.com\/actualidad\/mineria\/trabajadores-de-cusco-convocan-a-movilizacion-regional-por-el-gasoducto-sur-andino\/#breadcrumb"},"inLanguage":"en-US","potentialAction":[{"@type":"ReadAction","target":["https:\/\/pulso27.com\/actualidad\/mineria\/trabajadores-de-cusco-convocan-a-movilizacion-regional-por-el-gasoducto-sur-andino\/"]}]},{"@type":"ImageObject","inLanguage":"en-US","@id":"https:\/\/pulso27.com\/actualidad\/mineria\/trabajadores-de-cusco-convocan-a-movilizacion-regional-por-el-gasoducto-sur-andino\/#primaryimage","url":"https:\/\/pulso27.com\/wp-content\/uploads\/2025\/07\/Cusco.png","contentUrl":"https:\/\/pulso27.com\/wp-content\/uploads\/2025\/07\/Cusco.png","width":1280,"height":800},{"@type":"BreadcrumbList","@id":"https:\/\/pulso27.com\/actualidad\/mineria\/trabajadores-de-cusco-convocan-a-movilizacion-regional-por-el-gasoducto-sur-andino\/#breadcrumb","itemListElement":[{"@type":"ListItem","position":1,"name":"Portada","item":"https:\/\/pulso27.com\/"},{"@type":"ListItem","position":2,"name":"Trabajadores de Cusco convocan a movilizaci\u00f3n regional por el Gasoducto Sur Andino"}]},{"@type":"WebSite","@id":"https:\/\/pulso27.com\/en\/#website","url":"https:\/\/pulso27.com\/en\/","name":"Pulso27","description":"Web de noticias y publicidad","publisher":{"@id":"https:\/\/pulso27.com\/en\/#organization"},"alternateName":"El pulso del pueblo","potentialAction":[{"@type":"SearchAction","target":{"@type":"EntryPoint","urlTemplate":"https:\/\/pulso27.com\/en\/?s={search_term_string}"},"query-input":{"@type":"PropertyValueSpecification","valueRequired":true,"valueName":"search_term_string"}}],"inLanguage":"en-US"},{"@type":"Organization","@id":"https:\/\/pulso27.com\/en\/#organization","name":"Pulso27","url":"https:\/\/pulso27.com\/en\/","logo":{"@type":"ImageObject","inLanguage":"en-US","@id":"https:\/\/pulso27.com\/en\/#\/schema\/logo\/image\/","url":"https:\/\/pulso27.com\/wp-content\/uploads\/2026\/02\/Logotipo-de-la-organizacion-696-x-696-px-ok.png","contentUrl":"https:\/\/pulso27.com\/wp-content\/uploads\/2026\/02\/Logotipo-de-la-organizacion-696-x-696-px-ok.png","width":696,"height":696,"caption":"Pulso27"},"image":{"@id":"https:\/\/pulso27.com\/en\/#\/schema\/logo\/image\/"},"sameAs":["https:\/\/www.facebook.com\/pulso27\/","https:\/\/x.com\/Pulso_27","https:\/\/www.youtube.com\/@Pulso27","https:\/\/www.tiktok.com\/@pulso_27"]},{"@type":"Person","@id":"https:\/\/pulso27.com\/en\/#\/schema\/person\/92f5059eb04cb644a32d22c9bc998684","name":"Maga","image":{"@type":"ImageObject","inLanguage":"en-US","@id":"https:\/\/secure.gravatar.com\/avatar\/c4d5224d4227e7c057cd5793ba910425cc902f3aef97cda3eccc7acba8be2edc?s=96&d=mm&r=g","url":"https:\/\/secure.gravatar.com\/avatar\/c4d5224d4227e7c057cd5793ba910425cc902f3aef97cda3eccc7acba8be2edc?s=96&d=mm&r=g","contentUrl":"https:\/\/secure.gravatar.com\/avatar\/c4d5224d4227e7c057cd5793ba910425cc902f3aef97cda3eccc7acba8be2edc?s=96&d=mm&r=g","caption":"Maga"},"sameAs":["http:\/\/www.pulso27.com"],"url":"http:\/\/pulso27.com\/en\/author\/maga\/"}]}},"amp_enabled":true,"_links":{"self":[{"href":"http:\/\/pulso27.com\/en\/wp-json\/wp\/v2\/posts\/5898","targetHints":{"allow":["GET"]}}],"collection":[{"href":"http:\/\/pulso27.com\/en\/wp-json\/wp\/v2\/posts"}],"about":[{"href":"http:\/\/pulso27.com\/en\/wp-json\/wp\/v2\/types\/post"}],"author":[{"embeddable":true,"href":"http:\/\/pulso27.com\/en\/wp-json\/wp\/v2\/users\/8"}],"replies":[{"embeddable":true,"href":"http:\/\/pulso27.com\/en\/wp-json\/wp\/v2\/comments?post=5898"}],"version-history":[{"count":2,"href":"http:\/\/pulso27.com\/en\/wp-json\/wp\/v2\/posts\/5898\/revisions"}],"predecessor-version":[{"id":5914,"href":"http:\/\/pulso27.com\/en\/wp-json\/wp\/v2\/posts\/5898\/revisions\/5914"}],"wp:featuredmedia":[{"embeddable":true,"href":"http:\/\/pulso27.com\/en\/wp-json\/wp\/v2\/media\/5905"}],"wp:attachment":[{"href":"http:\/\/pulso27.com\/en\/wp-json\/wp\/v2\/media?parent=5898"}],"wp:term":[{"taxonomy":"category","embeddable":true,"href":"http:\/\/pulso27.com\/en\/wp-json\/wp\/v2\/categories?post=5898"},{"taxonomy":"post_tag","embeddable":true,"href":"http:\/\/pulso27.com\/en\/wp-json\/wp\/v2\/tags?post=5898"}],"curies":[{"name":"wp","href":"https:\/\/api.w.org\/{rel}","templated":true}]}}