{"id":7040,"date":"2025-12-04T07:51:49","date_gmt":"2025-12-04T02:51:49","guid":{"rendered":"https:\/\/pulso27.com\/?p=7040"},"modified":"2025-12-04T07:51:54","modified_gmt":"2025-12-04T02:51:54","slug":"paro-nacional-indefinido-de-mineros-artesanales-bloquea-seis-vias-y-exige-ampliacion-del-reinfo","status":"publish","type":"post","link":"http:\/\/pulso27.com\/en\/actualidad\/mineria\/paro-nacional-indefinido-de-mineros-artesanales-bloquea-seis-vias-y-exige-ampliacion-del-reinfo\/","title":{"rendered":"Paro nacional indefinido de mineros artesanales bloquea seis v\u00edas y exige ampliaci\u00f3n del REINFO"},"content":{"rendered":"<p>Lima, 3 de diciembre de 2025.\u2013 La Confederaci\u00f3n Nacional de la Peque\u00f1a Miner\u00eda y Miner\u00eda Artesanal del Per\u00fa (CONFEMIN) inici\u00f3 ayer un paro nacional indefinido que mantiene bloqueados al menos seis puntos cr\u00edticos de la red vial nacional, seg\u00fan el \u00faltimo reporte de la Superintendencia de Transporte Terrestre (Sutran) emitido a las 06:00 horas de hoy. <\/p>\n\n\n\n<p>Los tramos interrumpidos incluyen el km 782 de la Panamericana Sur (puente Oco\u00f1a, Caman\u00e1-Arequipa), el km 444 (Nazca-Ica), el cruce Choccoyo en el Corredor Minero del Sur (Chumbivilcas-Cusco) y la carretera Trujillo-Agallpampa Quiruvilca en La Libertad. El Ministerio de Transportes y Comunicaciones estima p\u00e9rdidas superiores a los S\/ 120 millones en las primeras 48 horas por paralizaci\u00f3n de carga y transporte interprovincial. Los manifestantes exigen la aprobaci\u00f3n inmediata de la ampliaci\u00f3n del Registro Integral de Formalizaci\u00f3n Minera (REINFO), cuyo plazo de inscripci\u00f3n vence el 31 de diciembre de 2025 conforme al Decreto Supremo N\u00b0 012-2025-EM publicado el 30 de junio.<\/p>\n\n\n\n<p> Seg\u00fan datos del Ministerio de Energ\u00eda y Minas (MINEM), al 30 de noviembre exist\u00edan 78,456 inscritos activos en el REINFO, de los cuales aproximadamente 42,000 no cuentan a\u00fan con autorizaci\u00f3n de inicio o reinicio de actividades y quedar\u00edan autom\u00e1ticamente fuera del proceso de formalizaci\u00f3n.<\/p>\n\n\n\n<figure class=\"wp-block-image size-large\"><img loading=\"lazy\" decoding=\"async\" width=\"1024\" height=\"683\" src=\"https:\/\/pulso27.com\/wp-content\/uploads\/2025\/12\/image-1024x683.png\" alt=\"\" class=\"wp-image-7041\" srcset=\"https:\/\/pulso27.com\/wp-content\/uploads\/2025\/12\/image-1024x683.png 1024w, https:\/\/pulso27.com\/wp-content\/uploads\/2025\/12\/image-300x200.png 300w, https:\/\/pulso27.com\/wp-content\/uploads\/2025\/12\/image-768x512.png 768w, https:\/\/pulso27.com\/wp-content\/uploads\/2025\/12\/image-1536x1025.png 1536w, https:\/\/pulso27.com\/wp-content\/uploads\/2025\/12\/image-18x12.png 18w, https:\/\/pulso27.com\/wp-content\/uploads\/2025\/12\/image.png 2048w\" sizes=\"auto, (max-width: 1024px) 100vw, 1024px\" \/><figcaption class=\"wp-element-caption\"><em>Congresista Roberto S\u00e1nchez de Juntos por el Per\u00fa junto a los mineros artesanales en Lima<\/em><\/figcaption><\/figure>\n\n\n\n<p>CONFEMIN sostiene que la pr\u00f3rroga debe extenderse hasta el 31 de diciembre de 2027 y eliminarse los requisitos de denuncia minera propia, propuesta contenida en el predictamen de la Comisi\u00f3n de Energ\u00eda y Minas del Congreso que fue observado por el Ejecutivo en agosto pasado. Hasta el momento, la Polic\u00eda Nacional del Per\u00fa reporta el despliegue de 450 efectivos en los puntos de mayor conflictividad, con un saldo de un fallecido y 20 heridos desde el reinicio de las protestas en noviembre.<\/p>\n\n\n\n<p>El presidente del Consejo de Ministros, Gustavo Adrianz\u00e9n, reiter\u00f3 esta ma\u00f1ana que el Gobierno no respaldar\u00e1 una s\u00e9ptima pr\u00f3rroga del REINFO y llam\u00f3 a los dirigentes a retomar el di\u00e1logo t\u00e9cnico en la Comisi\u00f3n Multisectorial creada por Resoluci\u00f3n Ministerial N\u00b0 278-2024-MINEM. Mientras tanto, la Junta de Portavoces del Congreso no ha incluido a\u00fan el debate del predictamen en la agenda de la presente legislatura.<\/p>","protected":false},"excerpt":{"rendered":"<p>Lima, 3 de diciembre de 2025.\u2013 La Confederaci\u00f3n Nacional de la Peque\u00f1a Miner\u00eda y Miner\u00eda Artesanal del Per\u00fa (CONFEMIN) inici\u00f3 ayer un paro nacional indefinido que mantiene bloqueados al menos seis puntos cr\u00edticos de la red vial nacional, seg\u00fan el \u00faltimo reporte de la Superintendencia de Transporte Terrestre (Sutran) emitido a las 06:00 horas de [&hellip;]<\/p>\n","protected":false},"author":13,"featured_media":7042,"comment_status":"open","ping_status":"open","sticky":false,"template":"","format":"standard","meta":{"footnotes":""},"categories":[1846,174,1852],"tags":[2631,593,578,2599,2356],"class_list":["post-7040","post","type-post","status-publish","format-standard","has-post-thumbnail","hentry","category-mineria","category-nacional","category-tendencia","tag-confemin","tag-minem","tag-mineria","tag-mineros-artesanales","tag-reinfo"],"yoast_head":"<!-- This site is optimized with the Yoast SEO plugin v27.4 - https:\/\/yoast.com\/product\/yoast-seo-wordpress\/ -->\n<title>Paro nacional indefinido de mineros artesanales bloquea seis v\u00edas y exige ampliaci\u00f3n del REINFO - Pulso27<\/title>\n<meta name=\"robots\" content=\"index, follow, max-snippet:-1, max-image-preview:large, max-video-preview:-1\" \/>\n<link rel=\"canonical\" href=\"https:\/\/pulso27.com\/en\/actualidad\/mineria\/paro-nacional-indefinido-de-mineros-artesanales-bloquea-seis-vias-y-exige-ampliacion-del-reinfo\/\" \/>\n<meta property=\"og:locale\" content=\"en_US\" \/>\n<meta property=\"og:type\" content=\"article\" \/>\n<meta property=\"og:title\" content=\"Paro nacional indefinido de mineros artesanales bloquea seis v\u00edas y exige ampliaci\u00f3n del REINFO - Pulso27\" \/>\n<meta property=\"og:description\" content=\"Lima, 3 de diciembre de 2025.\u2013 La Confederaci\u00f3n Nacional de la Peque\u00f1a Miner\u00eda y Miner\u00eda Artesanal del Per\u00fa (CONFEMIN) inici\u00f3 ayer un paro nacional indefinido que mantiene bloqueados al menos seis puntos cr\u00edticos de la red vial nacional, seg\u00fan el \u00faltimo reporte de la Superintendencia de Transporte Terrestre (Sutran) emitido a las 06:00 horas de [&hellip;]\" \/>\n<meta property=\"og:url\" content=\"https:\/\/pulso27.com\/en\/actualidad\/mineria\/paro-nacional-indefinido-de-mineros-artesanales-bloquea-seis-vias-y-exige-ampliacion-del-reinfo\/\" \/>\n<meta property=\"og:site_name\" content=\"Pulso27\" \/>\n<meta property=\"article:publisher\" content=\"https:\/\/www.facebook.com\/pulso27\/\" \/>\n<meta property=\"article:published_time\" content=\"2025-12-04T02:51:49+00:00\" \/>\n<meta property=\"article:modified_time\" content=\"2025-12-04T02:51:54+00:00\" \/>\n<meta property=\"og:image\" content=\"https:\/\/pulso27.com\/wp-content\/uploads\/2025\/12\/Mineros1.png\" \/>\n\t<meta property=\"og:image:width\" content=\"1199\" \/>\n\t<meta property=\"og:image:height\" content=\"800\" \/>\n\t<meta property=\"og:image:type\" content=\"image\/png\" \/>\n<meta name=\"author\" content=\"Redactor\" \/>\n<meta name=\"twitter:card\" content=\"summary_large_image\" \/>\n<meta name=\"twitter:creator\" content=\"@Pulso_27\" \/>\n<meta name=\"twitter:site\" content=\"@Pulso_27\" \/>\n<meta name=\"twitter:label1\" content=\"Written by\" \/>\n\t<meta name=\"twitter:data1\" content=\"Redactor\" \/>\n\t<meta name=\"twitter:label2\" content=\"Est. reading time\" \/>\n\t<meta name=\"twitter:data2\" content=\"3 minutes\" \/>\n<script type=\"application\/ld+json\" class=\"yoast-schema-graph\">{\"@context\":\"https:\\\/\\\/schema.org\",\"@graph\":[{\"@type\":\"Article\",\"@id\":\"https:\\\/\\\/pulso27.com\\\/actualidad\\\/mineria\\\/paro-nacional-indefinido-de-mineros-artesanales-bloquea-seis-vias-y-exige-ampliacion-del-reinfo\\\/#article\",\"isPartOf\":{\"@id\":\"https:\\\/\\\/pulso27.com\\\/actualidad\\\/mineria\\\/paro-nacional-indefinido-de-mineros-artesanales-bloquea-seis-vias-y-exige-ampliacion-del-reinfo\\\/\"},\"author\":{\"name\":\"Redactor\",\"@id\":\"https:\\\/\\\/pulso27.com\\\/en\\\/#\\\/schema\\\/person\\\/bf5ee161e6c87f6c7d57f5e689ef8526\"},\"headline\":\"Paro nacional indefinido de mineros artesanales bloquea seis v\u00edas y exige ampliaci\u00f3n del REINFO\",\"datePublished\":\"2025-12-04T02:51:49+00:00\",\"dateModified\":\"2025-12-04T02:51:54+00:00\",\"mainEntityOfPage\":{\"@id\":\"https:\\\/\\\/pulso27.com\\\/actualidad\\\/mineria\\\/paro-nacional-indefinido-de-mineros-artesanales-bloquea-seis-vias-y-exige-ampliacion-del-reinfo\\\/\"},\"wordCount\":398,\"commentCount\":0,\"publisher\":{\"@id\":\"https:\\\/\\\/pulso27.com\\\/en\\\/#organization\"},\"image\":{\"@id\":\"https:\\\/\\\/pulso27.com\\\/actualidad\\\/mineria\\\/paro-nacional-indefinido-de-mineros-artesanales-bloquea-seis-vias-y-exige-ampliacion-del-reinfo\\\/#primaryimage\"},\"thumbnailUrl\":\"https:\\\/\\\/pulso27.com\\\/wp-content\\\/uploads\\\/2025\\\/12\\\/Mineros1.png\",\"keywords\":[\"CONFEMIN\",\"MINEM\",\"Miner\u00eda\",\"Mineros Artesanales\",\"REINFO\"],\"articleSection\":[\"Miner\u00eda\",\"Nacional\",\"Tendencia\"],\"inLanguage\":\"en-US\",\"potentialAction\":[{\"@type\":\"CommentAction\",\"name\":\"Comment\",\"target\":[\"https:\\\/\\\/pulso27.com\\\/actualidad\\\/mineria\\\/paro-nacional-indefinido-de-mineros-artesanales-bloquea-seis-vias-y-exige-ampliacion-del-reinfo\\\/#respond\"]}]},{\"@type\":\"WebPage\",\"@id\":\"https:\\\/\\\/pulso27.com\\\/actualidad\\\/mineria\\\/paro-nacional-indefinido-de-mineros-artesanales-bloquea-seis-vias-y-exige-ampliacion-del-reinfo\\\/\",\"url\":\"https:\\\/\\\/pulso27.com\\\/actualidad\\\/mineria\\\/paro-nacional-indefinido-de-mineros-artesanales-bloquea-seis-vias-y-exige-ampliacion-del-reinfo\\\/\",\"name\":\"Paro nacional indefinido de mineros artesanales bloquea seis v\u00edas y exige ampliaci\u00f3n del REINFO - Pulso27\",\"isPartOf\":{\"@id\":\"https:\\\/\\\/pulso27.com\\\/en\\\/#website\"},\"primaryImageOfPage\":{\"@id\":\"https:\\\/\\\/pulso27.com\\\/actualidad\\\/mineria\\\/paro-nacional-indefinido-de-mineros-artesanales-bloquea-seis-vias-y-exige-ampliacion-del-reinfo\\\/#primaryimage\"},\"image\":{\"@id\":\"https:\\\/\\\/pulso27.com\\\/actualidad\\\/mineria\\\/paro-nacional-indefinido-de-mineros-artesanales-bloquea-seis-vias-y-exige-ampliacion-del-reinfo\\\/#primaryimage\"},\"thumbnailUrl\":\"https:\\\/\\\/pulso27.com\\\/wp-content\\\/uploads\\\/2025\\\/12\\\/Mineros1.png\",\"datePublished\":\"2025-12-04T02:51:49+00:00\",\"dateModified\":\"2025-12-04T02:51:54+00:00\",\"breadcrumb\":{\"@id\":\"https:\\\/\\\/pulso27.com\\\/actualidad\\\/mineria\\\/paro-nacional-indefinido-de-mineros-artesanales-bloquea-seis-vias-y-exige-ampliacion-del-reinfo\\\/#breadcrumb\"},\"inLanguage\":\"en-US\",\"potentialAction\":[{\"@type\":\"ReadAction\",\"target\":[\"https:\\\/\\\/pulso27.com\\\/actualidad\\\/mineria\\\/paro-nacional-indefinido-de-mineros-artesanales-bloquea-seis-vias-y-exige-ampliacion-del-reinfo\\\/\"]}]},{\"@type\":\"ImageObject\",\"inLanguage\":\"en-US\",\"@id\":\"https:\\\/\\\/pulso27.com\\\/actualidad\\\/mineria\\\/paro-nacional-indefinido-de-mineros-artesanales-bloquea-seis-vias-y-exige-ampliacion-del-reinfo\\\/#primaryimage\",\"url\":\"https:\\\/\\\/pulso27.com\\\/wp-content\\\/uploads\\\/2025\\\/12\\\/Mineros1.png\",\"contentUrl\":\"https:\\\/\\\/pulso27.com\\\/wp-content\\\/uploads\\\/2025\\\/12\\\/Mineros1.png\",\"width\":1199,\"height\":800},{\"@type\":\"BreadcrumbList\",\"@id\":\"https:\\\/\\\/pulso27.com\\\/actualidad\\\/mineria\\\/paro-nacional-indefinido-de-mineros-artesanales-bloquea-seis-vias-y-exige-ampliacion-del-reinfo\\\/#breadcrumb\",\"itemListElement\":[{\"@type\":\"ListItem\",\"position\":1,\"name\":\"Portada\",\"item\":\"https:\\\/\\\/pulso27.com\\\/\"},{\"@type\":\"ListItem\",\"position\":2,\"name\":\"Paro nacional indefinido de mineros artesanales bloquea seis v\u00edas y exige ampliaci\u00f3n del REINFO\"}]},{\"@type\":\"WebSite\",\"@id\":\"https:\\\/\\\/pulso27.com\\\/en\\\/#website\",\"url\":\"https:\\\/\\\/pulso27.com\\\/en\\\/\",\"name\":\"Pulso27\",\"description\":\"Web de noticias y publicidad\",\"publisher\":{\"@id\":\"https:\\\/\\\/pulso27.com\\\/en\\\/#organization\"},\"alternateName\":\"El pulso del pueblo\",\"potentialAction\":[{\"@type\":\"SearchAction\",\"target\":{\"@type\":\"EntryPoint\",\"urlTemplate\":\"https:\\\/\\\/pulso27.com\\\/en\\\/?s={search_term_string}\"},\"query-input\":{\"@type\":\"PropertyValueSpecification\",\"valueRequired\":true,\"valueName\":\"search_term_string\"}}],\"inLanguage\":\"en-US\"},{\"@type\":\"Organization\",\"@id\":\"https:\\\/\\\/pulso27.com\\\/en\\\/#organization\",\"name\":\"Pulso27\",\"url\":\"https:\\\/\\\/pulso27.com\\\/en\\\/\",\"logo\":{\"@type\":\"ImageObject\",\"inLanguage\":\"en-US\",\"@id\":\"https:\\\/\\\/pulso27.com\\\/en\\\/#\\\/schema\\\/logo\\\/image\\\/\",\"url\":\"https:\\\/\\\/pulso27.com\\\/wp-content\\\/uploads\\\/2026\\\/02\\\/Logotipo-de-la-organizacion-696-x-696-px-ok.png\",\"contentUrl\":\"https:\\\/\\\/pulso27.com\\\/wp-content\\\/uploads\\\/2026\\\/02\\\/Logotipo-de-la-organizacion-696-x-696-px-ok.png\",\"width\":696,\"height\":696,\"caption\":\"Pulso27\"},\"image\":{\"@id\":\"https:\\\/\\\/pulso27.com\\\/en\\\/#\\\/schema\\\/logo\\\/image\\\/\"},\"sameAs\":[\"https:\\\/\\\/www.facebook.com\\\/pulso27\\\/\",\"https:\\\/\\\/x.com\\\/Pulso_27\",\"https:\\\/\\\/www.youtube.com\\\/@Pulso27\",\"https:\\\/\\\/www.tiktok.com\\\/@pulso_27\"]},{\"@type\":\"Person\",\"@id\":\"https:\\\/\\\/pulso27.com\\\/en\\\/#\\\/schema\\\/person\\\/bf5ee161e6c87f6c7d57f5e689ef8526\",\"name\":\"Redactor\",\"image\":{\"@type\":\"ImageObject\",\"inLanguage\":\"en-US\",\"@id\":\"https:\\\/\\\/pulso27.com\\\/wp-content\\\/uploads\\\/2025\\\/03\\\/a-150x150.png\",\"url\":\"https:\\\/\\\/pulso27.com\\\/wp-content\\\/uploads\\\/2025\\\/03\\\/a-150x150.png\",\"contentUrl\":\"https:\\\/\\\/pulso27.com\\\/wp-content\\\/uploads\\\/2025\\\/03\\\/a-150x150.png\",\"caption\":\"Redactor\"},\"sameAs\":[\"http:\\\/\\\/www.pulso27.com\"],\"url\":\"http:\\\/\\\/pulso27.com\\\/en\\\/author\\\/redactor\\\/\"}]}<\/script>\n<!-- \/ Yoast SEO plugin. -->","yoast_head_json":{"title":"Paro nacional indefinido de mineros artesanales bloquea seis v\u00edas y exige ampliaci\u00f3n del REINFO - Pulso27","robots":{"index":"index","follow":"follow","max-snippet":"max-snippet:-1","max-image-preview":"max-image-preview:large","max-video-preview":"max-video-preview:-1"},"canonical":"https:\/\/pulso27.com\/en\/actualidad\/mineria\/paro-nacional-indefinido-de-mineros-artesanales-bloquea-seis-vias-y-exige-ampliacion-del-reinfo\/","og_locale":"en_US","og_type":"article","og_title":"Paro nacional indefinido de mineros artesanales bloquea seis v\u00edas y exige ampliaci\u00f3n del REINFO - Pulso27","og_description":"Lima, 3 de diciembre de 2025.\u2013 La Confederaci\u00f3n Nacional de la Peque\u00f1a Miner\u00eda y Miner\u00eda Artesanal del Per\u00fa (CONFEMIN) inici\u00f3 ayer un paro nacional indefinido que mantiene bloqueados al menos seis puntos cr\u00edticos de la red vial nacional, seg\u00fan el \u00faltimo reporte de la Superintendencia de Transporte Terrestre (Sutran) emitido a las 06:00 horas de [&hellip;]","og_url":"https:\/\/pulso27.com\/en\/actualidad\/mineria\/paro-nacional-indefinido-de-mineros-artesanales-bloquea-seis-vias-y-exige-ampliacion-del-reinfo\/","og_site_name":"Pulso27","article_publisher":"https:\/\/www.facebook.com\/pulso27\/","article_published_time":"2025-12-04T02:51:49+00:00","article_modified_time":"2025-12-04T02:51:54+00:00","og_image":[{"width":1199,"height":800,"url":"https:\/\/pulso27.com\/wp-content\/uploads\/2025\/12\/Mineros1.png","type":"image\/png"}],"author":"Redactor","twitter_card":"summary_large_image","twitter_creator":"@Pulso_27","twitter_site":"@Pulso_27","twitter_misc":{"Written by":"Redactor","Est. reading time":"3 minutes"},"schema":{"@context":"https:\/\/schema.org","@graph":[{"@type":"Article","@id":"https:\/\/pulso27.com\/actualidad\/mineria\/paro-nacional-indefinido-de-mineros-artesanales-bloquea-seis-vias-y-exige-ampliacion-del-reinfo\/#article","isPartOf":{"@id":"https:\/\/pulso27.com\/actualidad\/mineria\/paro-nacional-indefinido-de-mineros-artesanales-bloquea-seis-vias-y-exige-ampliacion-del-reinfo\/"},"author":{"name":"Redactor","@id":"https:\/\/pulso27.com\/en\/#\/schema\/person\/bf5ee161e6c87f6c7d57f5e689ef8526"},"headline":"Paro nacional indefinido de mineros artesanales bloquea seis v\u00edas y exige ampliaci\u00f3n del REINFO","datePublished":"2025-12-04T02:51:49+00:00","dateModified":"2025-12-04T02:51:54+00:00","mainEntityOfPage":{"@id":"https:\/\/pulso27.com\/actualidad\/mineria\/paro-nacional-indefinido-de-mineros-artesanales-bloquea-seis-vias-y-exige-ampliacion-del-reinfo\/"},"wordCount":398,"commentCount":0,"publisher":{"@id":"https:\/\/pulso27.com\/en\/#organization"},"image":{"@id":"https:\/\/pulso27.com\/actualidad\/mineria\/paro-nacional-indefinido-de-mineros-artesanales-bloquea-seis-vias-y-exige-ampliacion-del-reinfo\/#primaryimage"},"thumbnailUrl":"https:\/\/pulso27.com\/wp-content\/uploads\/2025\/12\/Mineros1.png","keywords":["CONFEMIN","MINEM","Miner\u00eda","Mineros Artesanales","REINFO"],"articleSection":["Miner\u00eda","Nacional","Tendencia"],"inLanguage":"en-US","potentialAction":[{"@type":"CommentAction","name":"Comment","target":["https:\/\/pulso27.com\/actualidad\/mineria\/paro-nacional-indefinido-de-mineros-artesanales-bloquea-seis-vias-y-exige-ampliacion-del-reinfo\/#respond"]}]},{"@type":"WebPage","@id":"https:\/\/pulso27.com\/actualidad\/mineria\/paro-nacional-indefinido-de-mineros-artesanales-bloquea-seis-vias-y-exige-ampliacion-del-reinfo\/","url":"https:\/\/pulso27.com\/actualidad\/mineria\/paro-nacional-indefinido-de-mineros-artesanales-bloquea-seis-vias-y-exige-ampliacion-del-reinfo\/","name":"Paro nacional indefinido de mineros artesanales bloquea seis v\u00edas y exige ampliaci\u00f3n del REINFO - Pulso27","isPartOf":{"@id":"https:\/\/pulso27.com\/en\/#website"},"primaryImageOfPage":{"@id":"https:\/\/pulso27.com\/actualidad\/mineria\/paro-nacional-indefinido-de-mineros-artesanales-bloquea-seis-vias-y-exige-ampliacion-del-reinfo\/#primaryimage"},"image":{"@id":"https:\/\/pulso27.com\/actualidad\/mineria\/paro-nacional-indefinido-de-mineros-artesanales-bloquea-seis-vias-y-exige-ampliacion-del-reinfo\/#primaryimage"},"thumbnailUrl":"https:\/\/pulso27.com\/wp-content\/uploads\/2025\/12\/Mineros1.png","datePublished":"2025-12-04T02:51:49+00:00","dateModified":"2025-12-04T02:51:54+00:00","breadcrumb":{"@id":"https:\/\/pulso27.com\/actualidad\/mineria\/paro-nacional-indefinido-de-mineros-artesanales-bloquea-seis-vias-y-exige-ampliacion-del-reinfo\/#breadcrumb"},"inLanguage":"en-US","potentialAction":[{"@type":"ReadAction","target":["https:\/\/pulso27.com\/actualidad\/mineria\/paro-nacional-indefinido-de-mineros-artesanales-bloquea-seis-vias-y-exige-ampliacion-del-reinfo\/"]}]},{"@type":"ImageObject","inLanguage":"en-US","@id":"https:\/\/pulso27.com\/actualidad\/mineria\/paro-nacional-indefinido-de-mineros-artesanales-bloquea-seis-vias-y-exige-ampliacion-del-reinfo\/#primaryimage","url":"https:\/\/pulso27.com\/wp-content\/uploads\/2025\/12\/Mineros1.png","contentUrl":"https:\/\/pulso27.com\/wp-content\/uploads\/2025\/12\/Mineros1.png","width":1199,"height":800},{"@type":"BreadcrumbList","@id":"https:\/\/pulso27.com\/actualidad\/mineria\/paro-nacional-indefinido-de-mineros-artesanales-bloquea-seis-vias-y-exige-ampliacion-del-reinfo\/#breadcrumb","itemListElement":[{"@type":"ListItem","position":1,"name":"Portada","item":"https:\/\/pulso27.com\/"},{"@type":"ListItem","position":2,"name":"Paro nacional indefinido de mineros artesanales bloquea seis v\u00edas y exige ampliaci\u00f3n del REINFO"}]},{"@type":"WebSite","@id":"https:\/\/pulso27.com\/en\/#website","url":"https:\/\/pulso27.com\/en\/","name":"Pulso27","description":"Web de noticias y publicidad","publisher":{"@id":"https:\/\/pulso27.com\/en\/#organization"},"alternateName":"El pulso del pueblo","potentialAction":[{"@type":"SearchAction","target":{"@type":"EntryPoint","urlTemplate":"https:\/\/pulso27.com\/en\/?s={search_term_string}"},"query-input":{"@type":"PropertyValueSpecification","valueRequired":true,"valueName":"search_term_string"}}],"inLanguage":"en-US"},{"@type":"Organization","@id":"https:\/\/pulso27.com\/en\/#organization","name":"Pulso27","url":"https:\/\/pulso27.com\/en\/","logo":{"@type":"ImageObject","inLanguage":"en-US","@id":"https:\/\/pulso27.com\/en\/#\/schema\/logo\/image\/","url":"https:\/\/pulso27.com\/wp-content\/uploads\/2026\/02\/Logotipo-de-la-organizacion-696-x-696-px-ok.png","contentUrl":"https:\/\/pulso27.com\/wp-content\/uploads\/2026\/02\/Logotipo-de-la-organizacion-696-x-696-px-ok.png","width":696,"height":696,"caption":"Pulso27"},"image":{"@id":"https:\/\/pulso27.com\/en\/#\/schema\/logo\/image\/"},"sameAs":["https:\/\/www.facebook.com\/pulso27\/","https:\/\/x.com\/Pulso_27","https:\/\/www.youtube.com\/@Pulso27","https:\/\/www.tiktok.com\/@pulso_27"]},{"@type":"Person","@id":"https:\/\/pulso27.com\/en\/#\/schema\/person\/bf5ee161e6c87f6c7d57f5e689ef8526","name":"Redactor","image":{"@type":"ImageObject","inLanguage":"en-US","@id":"https:\/\/pulso27.com\/wp-content\/uploads\/2025\/03\/a-150x150.png","url":"https:\/\/pulso27.com\/wp-content\/uploads\/2025\/03\/a-150x150.png","contentUrl":"https:\/\/pulso27.com\/wp-content\/uploads\/2025\/03\/a-150x150.png","caption":"Redactor"},"sameAs":["http:\/\/www.pulso27.com"],"url":"http:\/\/pulso27.com\/en\/author\/redactor\/"}]}},"amp_enabled":true,"_links":{"self":[{"href":"http:\/\/pulso27.com\/en\/wp-json\/wp\/v2\/posts\/7040","targetHints":{"allow":["GET"]}}],"collection":[{"href":"http:\/\/pulso27.com\/en\/wp-json\/wp\/v2\/posts"}],"about":[{"href":"http:\/\/pulso27.com\/en\/wp-json\/wp\/v2\/types\/post"}],"author":[{"embeddable":true,"href":"http:\/\/pulso27.com\/en\/wp-json\/wp\/v2\/users\/13"}],"replies":[{"embeddable":true,"href":"http:\/\/pulso27.com\/en\/wp-json\/wp\/v2\/comments?post=7040"}],"version-history":[{"count":1,"href":"http:\/\/pulso27.com\/en\/wp-json\/wp\/v2\/posts\/7040\/revisions"}],"predecessor-version":[{"id":7046,"href":"http:\/\/pulso27.com\/en\/wp-json\/wp\/v2\/posts\/7040\/revisions\/7046"}],"wp:featuredmedia":[{"embeddable":true,"href":"http:\/\/pulso27.com\/en\/wp-json\/wp\/v2\/media\/7042"}],"wp:attachment":[{"href":"http:\/\/pulso27.com\/en\/wp-json\/wp\/v2\/media?parent=7040"}],"wp:term":[{"taxonomy":"category","embeddable":true,"href":"http:\/\/pulso27.com\/en\/wp-json\/wp\/v2\/categories?post=7040"},{"taxonomy":"post_tag","embeddable":true,"href":"http:\/\/pulso27.com\/en\/wp-json\/wp\/v2\/tags?post=7040"}],"curies":[{"name":"wp","href":"https:\/\/api.w.org\/{rel}","templated":true}]}}