{"id":7492,"date":"2026-01-25T23:29:59","date_gmt":"2026-01-25T18:29:59","guid":{"rendered":"https:\/\/pulso27.com\/?p=7492"},"modified":"2026-01-25T23:30:09","modified_gmt":"2026-01-25T18:30:09","slug":"crisis-en-beca-18-miles-de-jovenes-en-incertidumbre-por-recorte-presupuestal-y-silencio-del-gobierno","status":"publish","type":"post","link":"http:\/\/pulso27.com\/en\/actualidad\/educacion\/crisis-en-beca-18-miles-de-jovenes-en-incertidumbre-por-recorte-presupuestal-y-silencio-del-gobierno\/","title":{"rendered":"Crisis en Beca 18: miles de j\u00f3venes en incertidumbre por recorte presupuestal y silencio del gobierno"},"content":{"rendered":"<p>Lima, 25 de enero de 2026 \u2013 M\u00e1s de 100,000 j\u00f3venes peruanos que postularon a la convocatoria 2026 del programa Beca 18 del Pronabec (Programa Nacional de Becas y Cr\u00e9dito Educativo) permanecen en un limbo prolongado. Los resultados del Examen Nacional de Preselecci\u00f3n (ENP), realizado en noviembre de 2025, deb\u00edan publicarse en enero de este a\u00f1o, pero a la fecha no hay fecha exacta ni lista oficial, generando una creciente ola de protestas y acusaciones de ineficiencia y falta de transparencia por parte del gobierno interino del presidente Jos\u00e9 Jer\u00ed Or\u00e9.<\/p>\n\n\n\n<p><strong>El origen del retraso: un presupuesto dr\u00e1sticamente recortado<\/strong><\/p>\n\n\n\n<p>El programa Beca 18, dise\u00f1ado para otorgar becas integrales (matr\u00edcula, alimentaci\u00f3n, alojamiento y otros gastos) a j\u00f3venes talentosos en situaci\u00f3n de pobreza o extrema pobreza, alcanz\u00f3 un r\u00e9cord hist\u00f3rico de postulantes en esta convocatoria: m\u00e1s de 103,000 j\u00f3venes con buen rendimiento acad\u00e9mico que culminaron la secundaria reciente.<\/p>\n\n\n\n<p>El gobierno anterior hab\u00eda proyectado alrededor de 20,000 becas nuevas para 2026, duplicando metas de a\u00f1os previos (como las 20,000 de 2025). Sin embargo, el presupuesto aprobado por el gobierno interino de Jos\u00e9 Jer\u00ed Or\u00e9 en el sector Educaci\u00f3n para Pronabec, result\u00f3 extremadamente limitado: cerca de S\/50 millones, lo que solo alcanzar\u00eda para financiar aproximadamente 2,000 becas o menos.<\/p>\n\n\n\n<p>Este recorte se oficializ\u00f3 durante el debate presupuestal de noviembre-diciembre 2025. Fuentes oficiales del Pronabec y reportes period\u00edsticos confirman que la falta de definici\u00f3n presupuestal impide aprobar las bases del concurso y publicar la lista de preseleccionados. Publicar resultados ahora expondr\u00eda inmediatamente que la gran mayor\u00eda de postulantes aptos quedar\u00edan excluidos, lo que podr\u00eda detonar un esc\u00e1ndalo mayor.<\/p>\n\n\n\n<p>La Oficina de Planeamiento Estrat\u00e9gico y Presupuesto del Ministerio de Educaci\u00f3n (Minedu) no ha emitido el informe t\u00e9cnico necesario para sustentar financiamiento adicional, lo que ha llevado a que la instituci\u00f3n opte por el silencio ante consultas de medios y afectados.<\/p>\n\n\n\n<p><strong>Silencio del gobierno: \u00bfEstrategia o Ineficiencia?<\/strong><\/p>\n\n\n\n<p>El presidente Jos\u00e9 Jer\u00ed Or\u00e9 ha respondido de forma vaga a las demandas educativas, minimizando protestas juveniles en general y sin acciones concretas para reasignar fondos. La directora ejecutiva de Pronabec, Paola Liliana Lobat\u00f3n Fuchs (designada el 18 de diciembre de 2025 tras la renuncia de la anterior titular por la pol\u00e9mica presupuestal), se reuni\u00f3 con afectados en diciembre y prometi\u00f3 \u00abexigir rapidez\u00bb, pero desde entonces no ha habido comunicaciones p\u00fablicas significativas.<\/p>\n\n\n\n<p>Padres de familia, postulantes y becarios actuales califican esta actitud como un \u00abcolmo de ineficiencia y complicidad\u00bb. El retraso no solo es t\u00e9cnico: es percibido como una dilaci\u00f3n pol\u00edtica para ganar tiempo, negociar fondos extras o ajustar metas sin admitir el fracaso en cumplir promesas de movilidad social.<\/p>\n\n\n\n<p><strong>Reacci\u00f3n social: twitazos, marchas y amenaza de escalada<\/strong><\/p>\n\n\n\n<p>La indignaci\u00f3n ha tomado forma en redes y calles. El 24 de enero de 2026, en el marco del D\u00eda Internacional de la Educaci\u00f3n, la Federaci\u00f3n de Estudiantes del Per\u00fa (FEP) convoc\u00f3 un twitazo nacional con hashtags como #JeriBecasYa y #BecasEnRiesgo, que gener\u00f3 cientos de publicaciones exigiendo respuestas inmediatas y etiquetando directamente al presidente, Minedu y MEF.<\/p>\n\n\n\n<p>Protestas previas incluyen marchas el 9 de enero frente al MEF y Minedu, y movilizaciones de becarios por retrasos en subvenciones de Beca Permanencia. La FEP ha advertido que, sin anuncios concretos en los pr\u00f3ximos d\u00edas, se iniciar\u00e1n acciones m\u00e1s fuertes: marchas masivas en Lima (posiblemente frente a Palacio de Gobierno o Congreso) y regiones, vigilias o tomas simb\u00f3licas.<\/p>\n\n\n\n<p>Postulantes y padres se organizan en grupos de WhatsApp, Instagram y asambleas juveniles, sumando voces de quienes planean futuras postulaciones y ven este caso como precedente de debilitamiento permanente del programa.<\/p>\n\n\n\n<p><strong>Contexto m\u00e1s amplio: desigualdad educativa y debates en curso.<\/strong><\/p>\n\n\n\n<p>Esta crisis se inscribe en un panorama de acceso limitado a la educaci\u00f3n superior en Per\u00fa. Cada a\u00f1o egresan alrededor de 450,000 j\u00f3venes de secundaria, pero solo 30 &#8211; 38% transita a superior, y apenas 15-22% a instituciones p\u00fablicas (gratuitas pero altamente competitivas y desiguales). Programas como Beca 18 cubren solo una fracci\u00f3n m\u00ednima mediante concursos asim\u00e9tricos.<\/p>\n\n\n\n<p>En paralelo, el Congreso debate reformas: el Ciclo Cero (aprobado en comisiones en 2025, impulsado por Per\u00fa Libre), apoyado por los partidos que gobiernan, establece un semestre preparatorio con promedio m\u00ednimo de 13 para avanzar, criticado como \u00abfiltro disfrazado\u00bb para mantener tal como est\u00e1 la situaci\u00f3n. En contraste, el Proyecto de Ley 10001\/2024-CR de la congresista Margot Palacios Huam\u00e1n (ahora en Juntos por el Per\u00fa y candidata al Senado con n\u00famero 8) propone ingreso directo, progresivo y gratuito a universidades p\u00fablicas, con reformas estructurales para evitar colapso, un camino mucho m\u00e1s serio por la gradualidad y el establecimiento de la educaci\u00f3n gratuita como derecho p\u00fablico, acompa\u00f1ado de cambios en el propio sistema educativo.<\/p>\n\n\n\n<p>Mientras el Ejecutivo guarda silencio, la presi\u00f3n social crece. Miles de familias vulnerables esperan que el gobierno priorice la educaci\u00f3n como derecho real, no como promesa incumplida. Si no hay resoluci\u00f3n pronto, la crisis podr\u00eda escalar a niveles nacionales, afectando no solo a los postulantes de 2026, sino al futuro de la movilidad social en el pa\u00eds.<\/p>","protected":false},"excerpt":{"rendered":"<p>Lima, 25 de enero de 2026 \u2013 M\u00e1s de 100,000 j\u00f3venes peruanos que postularon a la convocatoria 2026 del programa Beca 18 del Pronabec (Programa Nacional de Becas y Cr\u00e9dito Educativo) permanecen en un limbo prolongado. Los resultados del Examen Nacional de Preselecci\u00f3n (ENP), realizado en noviembre de 2025, deb\u00edan publicarse en enero de este [&hellip;]<\/p>\n","protected":false},"author":13,"featured_media":7495,"comment_status":"open","ping_status":"open","sticky":false,"template":"","format":"standard","meta":{"footnotes":""},"categories":[183,808,174,1852],"tags":[2609,839,2546,584],"class_list":["post-7492","post","type-post","status-publish","format-standard","has-post-thumbnail","hentry","category-actualidad","category-educacion","category-nacional","category-tendencia","tag-beca-18","tag-congresoperu","tag-jose-jeri-ore","tag-minedu"],"yoast_head":"<!-- This site is optimized with the Yoast SEO plugin v27.4 - https:\/\/yoast.com\/product\/yoast-seo-wordpress\/ -->\n<title>Crisis en Beca 18: miles de j\u00f3venes en incertidumbre por recorte presupuestal y silencio del gobierno - Pulso27<\/title>\n<meta name=\"robots\" content=\"index, follow, max-snippet:-1, max-image-preview:large, max-video-preview:-1\" \/>\n<link rel=\"canonical\" href=\"https:\/\/pulso27.com\/en\/actualidad\/educacion\/crisis-en-beca-18-miles-de-jovenes-en-incertidumbre-por-recorte-presupuestal-y-silencio-del-gobierno\/\" \/>\n<meta property=\"og:locale\" content=\"en_US\" \/>\n<meta property=\"og:type\" content=\"article\" \/>\n<meta property=\"og:title\" content=\"Crisis en Beca 18: miles de j\u00f3venes en incertidumbre por recorte presupuestal y silencio del gobierno - Pulso27\" \/>\n<meta property=\"og:description\" content=\"Lima, 25 de enero de 2026 \u2013 M\u00e1s de 100,000 j\u00f3venes peruanos que postularon a la convocatoria 2026 del programa Beca 18 del Pronabec (Programa Nacional de Becas y Cr\u00e9dito Educativo) permanecen en un limbo prolongado. Los resultados del Examen Nacional de Preselecci\u00f3n (ENP), realizado en noviembre de 2025, deb\u00edan publicarse en enero de este [&hellip;]\" \/>\n<meta property=\"og:url\" content=\"https:\/\/pulso27.com\/en\/actualidad\/educacion\/crisis-en-beca-18-miles-de-jovenes-en-incertidumbre-por-recorte-presupuestal-y-silencio-del-gobierno\/\" \/>\n<meta property=\"og:site_name\" content=\"Pulso27\" \/>\n<meta property=\"article:publisher\" content=\"https:\/\/www.facebook.com\/pulso27\/\" \/>\n<meta property=\"article:published_time\" content=\"2026-01-25T18:29:59+00:00\" \/>\n<meta property=\"article:modified_time\" content=\"2026-01-25T18:30:09+00:00\" \/>\n<meta property=\"og:image\" content=\"https:\/\/pulso27.com\/wp-content\/uploads\/2026\/01\/Beca188.png\" \/>\n\t<meta property=\"og:image:width\" content=\"1200\" \/>\n\t<meta property=\"og:image:height\" content=\"800\" \/>\n\t<meta property=\"og:image:type\" content=\"image\/png\" \/>\n<meta name=\"author\" content=\"Redactor\" \/>\n<meta name=\"twitter:card\" content=\"summary_large_image\" \/>\n<meta name=\"twitter:creator\" content=\"@Pulso_27\" \/>\n<meta name=\"twitter:site\" content=\"@Pulso_27\" \/>\n<meta name=\"twitter:label1\" content=\"Written by\" \/>\n\t<meta name=\"twitter:data1\" content=\"Redactor\" \/>\n\t<meta name=\"twitter:label2\" content=\"Est. reading time\" \/>\n\t<meta name=\"twitter:data2\" content=\"4 minutes\" \/>\n<script type=\"application\/ld+json\" class=\"yoast-schema-graph\">{\"@context\":\"https:\\\/\\\/schema.org\",\"@graph\":[{\"@type\":\"Article\",\"@id\":\"https:\\\/\\\/pulso27.com\\\/actualidad\\\/educacion\\\/crisis-en-beca-18-miles-de-jovenes-en-incertidumbre-por-recorte-presupuestal-y-silencio-del-gobierno\\\/#article\",\"isPartOf\":{\"@id\":\"https:\\\/\\\/pulso27.com\\\/actualidad\\\/educacion\\\/crisis-en-beca-18-miles-de-jovenes-en-incertidumbre-por-recorte-presupuestal-y-silencio-del-gobierno\\\/\"},\"author\":{\"name\":\"Redactor\",\"@id\":\"https:\\\/\\\/pulso27.com\\\/en\\\/#\\\/schema\\\/person\\\/bf5ee161e6c87f6c7d57f5e689ef8526\"},\"headline\":\"Crisis en Beca 18: miles de j\u00f3venes en incertidumbre por recorte presupuestal y silencio del gobierno\",\"datePublished\":\"2026-01-25T18:29:59+00:00\",\"dateModified\":\"2026-01-25T18:30:09+00:00\",\"mainEntityOfPage\":{\"@id\":\"https:\\\/\\\/pulso27.com\\\/actualidad\\\/educacion\\\/crisis-en-beca-18-miles-de-jovenes-en-incertidumbre-por-recorte-presupuestal-y-silencio-del-gobierno\\\/\"},\"wordCount\":879,\"commentCount\":0,\"publisher\":{\"@id\":\"https:\\\/\\\/pulso27.com\\\/en\\\/#organization\"},\"image\":{\"@id\":\"https:\\\/\\\/pulso27.com\\\/actualidad\\\/educacion\\\/crisis-en-beca-18-miles-de-jovenes-en-incertidumbre-por-recorte-presupuestal-y-silencio-del-gobierno\\\/#primaryimage\"},\"thumbnailUrl\":\"https:\\\/\\\/pulso27.com\\\/wp-content\\\/uploads\\\/2026\\\/01\\\/Beca188.png\",\"keywords\":[\"Beca 18\",\"CongresoPer\u00fa\",\"Jos\u00e9 Jer\u00ed Or\u00e9\",\"MINEDU\"],\"articleSection\":[\"Actualidad\",\"Educaci\u00f3n\",\"Nacional\",\"Tendencia\"],\"inLanguage\":\"en-US\",\"potentialAction\":[{\"@type\":\"CommentAction\",\"name\":\"Comment\",\"target\":[\"https:\\\/\\\/pulso27.com\\\/actualidad\\\/educacion\\\/crisis-en-beca-18-miles-de-jovenes-en-incertidumbre-por-recorte-presupuestal-y-silencio-del-gobierno\\\/#respond\"]}]},{\"@type\":\"WebPage\",\"@id\":\"https:\\\/\\\/pulso27.com\\\/actualidad\\\/educacion\\\/crisis-en-beca-18-miles-de-jovenes-en-incertidumbre-por-recorte-presupuestal-y-silencio-del-gobierno\\\/\",\"url\":\"https:\\\/\\\/pulso27.com\\\/actualidad\\\/educacion\\\/crisis-en-beca-18-miles-de-jovenes-en-incertidumbre-por-recorte-presupuestal-y-silencio-del-gobierno\\\/\",\"name\":\"Crisis en Beca 18: miles de j\u00f3venes en incertidumbre por recorte presupuestal y silencio del gobierno - Pulso27\",\"isPartOf\":{\"@id\":\"https:\\\/\\\/pulso27.com\\\/en\\\/#website\"},\"primaryImageOfPage\":{\"@id\":\"https:\\\/\\\/pulso27.com\\\/actualidad\\\/educacion\\\/crisis-en-beca-18-miles-de-jovenes-en-incertidumbre-por-recorte-presupuestal-y-silencio-del-gobierno\\\/#primaryimage\"},\"image\":{\"@id\":\"https:\\\/\\\/pulso27.com\\\/actualidad\\\/educacion\\\/crisis-en-beca-18-miles-de-jovenes-en-incertidumbre-por-recorte-presupuestal-y-silencio-del-gobierno\\\/#primaryimage\"},\"thumbnailUrl\":\"https:\\\/\\\/pulso27.com\\\/wp-content\\\/uploads\\\/2026\\\/01\\\/Beca188.png\",\"datePublished\":\"2026-01-25T18:29:59+00:00\",\"dateModified\":\"2026-01-25T18:30:09+00:00\",\"breadcrumb\":{\"@id\":\"https:\\\/\\\/pulso27.com\\\/actualidad\\\/educacion\\\/crisis-en-beca-18-miles-de-jovenes-en-incertidumbre-por-recorte-presupuestal-y-silencio-del-gobierno\\\/#breadcrumb\"},\"inLanguage\":\"en-US\",\"potentialAction\":[{\"@type\":\"ReadAction\",\"target\":[\"https:\\\/\\\/pulso27.com\\\/actualidad\\\/educacion\\\/crisis-en-beca-18-miles-de-jovenes-en-incertidumbre-por-recorte-presupuestal-y-silencio-del-gobierno\\\/\"]}]},{\"@type\":\"ImageObject\",\"inLanguage\":\"en-US\",\"@id\":\"https:\\\/\\\/pulso27.com\\\/actualidad\\\/educacion\\\/crisis-en-beca-18-miles-de-jovenes-en-incertidumbre-por-recorte-presupuestal-y-silencio-del-gobierno\\\/#primaryimage\",\"url\":\"https:\\\/\\\/pulso27.com\\\/wp-content\\\/uploads\\\/2026\\\/01\\\/Beca188.png\",\"contentUrl\":\"https:\\\/\\\/pulso27.com\\\/wp-content\\\/uploads\\\/2026\\\/01\\\/Beca188.png\",\"width\":1200,\"height\":800},{\"@type\":\"BreadcrumbList\",\"@id\":\"https:\\\/\\\/pulso27.com\\\/actualidad\\\/educacion\\\/crisis-en-beca-18-miles-de-jovenes-en-incertidumbre-por-recorte-presupuestal-y-silencio-del-gobierno\\\/#breadcrumb\",\"itemListElement\":[{\"@type\":\"ListItem\",\"position\":1,\"name\":\"Portada\",\"item\":\"https:\\\/\\\/pulso27.com\\\/\"},{\"@type\":\"ListItem\",\"position\":2,\"name\":\"Crisis en Beca 18: miles de j\u00f3venes en incertidumbre por recorte presupuestal y silencio del gobierno\"}]},{\"@type\":\"WebSite\",\"@id\":\"https:\\\/\\\/pulso27.com\\\/en\\\/#website\",\"url\":\"https:\\\/\\\/pulso27.com\\\/en\\\/\",\"name\":\"Pulso27\",\"description\":\"Web de noticias y publicidad\",\"publisher\":{\"@id\":\"https:\\\/\\\/pulso27.com\\\/en\\\/#organization\"},\"alternateName\":\"El pulso del pueblo\",\"potentialAction\":[{\"@type\":\"SearchAction\",\"target\":{\"@type\":\"EntryPoint\",\"urlTemplate\":\"https:\\\/\\\/pulso27.com\\\/en\\\/?s={search_term_string}\"},\"query-input\":{\"@type\":\"PropertyValueSpecification\",\"valueRequired\":true,\"valueName\":\"search_term_string\"}}],\"inLanguage\":\"en-US\"},{\"@type\":\"Organization\",\"@id\":\"https:\\\/\\\/pulso27.com\\\/en\\\/#organization\",\"name\":\"Pulso27\",\"url\":\"https:\\\/\\\/pulso27.com\\\/en\\\/\",\"logo\":{\"@type\":\"ImageObject\",\"inLanguage\":\"en-US\",\"@id\":\"https:\\\/\\\/pulso27.com\\\/en\\\/#\\\/schema\\\/logo\\\/image\\\/\",\"url\":\"https:\\\/\\\/pulso27.com\\\/wp-content\\\/uploads\\\/2026\\\/02\\\/Logotipo-de-la-organizacion-696-x-696-px-ok.png\",\"contentUrl\":\"https:\\\/\\\/pulso27.com\\\/wp-content\\\/uploads\\\/2026\\\/02\\\/Logotipo-de-la-organizacion-696-x-696-px-ok.png\",\"width\":696,\"height\":696,\"caption\":\"Pulso27\"},\"image\":{\"@id\":\"https:\\\/\\\/pulso27.com\\\/en\\\/#\\\/schema\\\/logo\\\/image\\\/\"},\"sameAs\":[\"https:\\\/\\\/www.facebook.com\\\/pulso27\\\/\",\"https:\\\/\\\/x.com\\\/Pulso_27\",\"https:\\\/\\\/www.youtube.com\\\/@Pulso27\",\"https:\\\/\\\/www.tiktok.com\\\/@pulso_27\"]},{\"@type\":\"Person\",\"@id\":\"https:\\\/\\\/pulso27.com\\\/en\\\/#\\\/schema\\\/person\\\/bf5ee161e6c87f6c7d57f5e689ef8526\",\"name\":\"Redactor\",\"image\":{\"@type\":\"ImageObject\",\"inLanguage\":\"en-US\",\"@id\":\"https:\\\/\\\/pulso27.com\\\/wp-content\\\/uploads\\\/2025\\\/03\\\/a-150x150.png\",\"url\":\"https:\\\/\\\/pulso27.com\\\/wp-content\\\/uploads\\\/2025\\\/03\\\/a-150x150.png\",\"contentUrl\":\"https:\\\/\\\/pulso27.com\\\/wp-content\\\/uploads\\\/2025\\\/03\\\/a-150x150.png\",\"caption\":\"Redactor\"},\"sameAs\":[\"http:\\\/\\\/www.pulso27.com\"],\"url\":\"http:\\\/\\\/pulso27.com\\\/en\\\/author\\\/redactor\\\/\"}]}<\/script>\n<!-- \/ Yoast SEO plugin. -->","yoast_head_json":{"title":"Crisis en Beca 18: miles de j\u00f3venes en incertidumbre por recorte presupuestal y silencio del gobierno - Pulso27","robots":{"index":"index","follow":"follow","max-snippet":"max-snippet:-1","max-image-preview":"max-image-preview:large","max-video-preview":"max-video-preview:-1"},"canonical":"https:\/\/pulso27.com\/en\/actualidad\/educacion\/crisis-en-beca-18-miles-de-jovenes-en-incertidumbre-por-recorte-presupuestal-y-silencio-del-gobierno\/","og_locale":"en_US","og_type":"article","og_title":"Crisis en Beca 18: miles de j\u00f3venes en incertidumbre por recorte presupuestal y silencio del gobierno - Pulso27","og_description":"Lima, 25 de enero de 2026 \u2013 M\u00e1s de 100,000 j\u00f3venes peruanos que postularon a la convocatoria 2026 del programa Beca 18 del Pronabec (Programa Nacional de Becas y Cr\u00e9dito Educativo) permanecen en un limbo prolongado. Los resultados del Examen Nacional de Preselecci\u00f3n (ENP), realizado en noviembre de 2025, deb\u00edan publicarse en enero de este [&hellip;]","og_url":"https:\/\/pulso27.com\/en\/actualidad\/educacion\/crisis-en-beca-18-miles-de-jovenes-en-incertidumbre-por-recorte-presupuestal-y-silencio-del-gobierno\/","og_site_name":"Pulso27","article_publisher":"https:\/\/www.facebook.com\/pulso27\/","article_published_time":"2026-01-25T18:29:59+00:00","article_modified_time":"2026-01-25T18:30:09+00:00","og_image":[{"width":1200,"height":800,"url":"https:\/\/pulso27.com\/wp-content\/uploads\/2026\/01\/Beca188.png","type":"image\/png"}],"author":"Redactor","twitter_card":"summary_large_image","twitter_creator":"@Pulso_27","twitter_site":"@Pulso_27","twitter_misc":{"Written by":"Redactor","Est. reading time":"4 minutes"},"schema":{"@context":"https:\/\/schema.org","@graph":[{"@type":"Article","@id":"https:\/\/pulso27.com\/actualidad\/educacion\/crisis-en-beca-18-miles-de-jovenes-en-incertidumbre-por-recorte-presupuestal-y-silencio-del-gobierno\/#article","isPartOf":{"@id":"https:\/\/pulso27.com\/actualidad\/educacion\/crisis-en-beca-18-miles-de-jovenes-en-incertidumbre-por-recorte-presupuestal-y-silencio-del-gobierno\/"},"author":{"name":"Redactor","@id":"https:\/\/pulso27.com\/en\/#\/schema\/person\/bf5ee161e6c87f6c7d57f5e689ef8526"},"headline":"Crisis en Beca 18: miles de j\u00f3venes en incertidumbre por recorte presupuestal y silencio del gobierno","datePublished":"2026-01-25T18:29:59+00:00","dateModified":"2026-01-25T18:30:09+00:00","mainEntityOfPage":{"@id":"https:\/\/pulso27.com\/actualidad\/educacion\/crisis-en-beca-18-miles-de-jovenes-en-incertidumbre-por-recorte-presupuestal-y-silencio-del-gobierno\/"},"wordCount":879,"commentCount":0,"publisher":{"@id":"https:\/\/pulso27.com\/en\/#organization"},"image":{"@id":"https:\/\/pulso27.com\/actualidad\/educacion\/crisis-en-beca-18-miles-de-jovenes-en-incertidumbre-por-recorte-presupuestal-y-silencio-del-gobierno\/#primaryimage"},"thumbnailUrl":"https:\/\/pulso27.com\/wp-content\/uploads\/2026\/01\/Beca188.png","keywords":["Beca 18","CongresoPer\u00fa","Jos\u00e9 Jer\u00ed Or\u00e9","MINEDU"],"articleSection":["Actualidad","Educaci\u00f3n","Nacional","Tendencia"],"inLanguage":"en-US","potentialAction":[{"@type":"CommentAction","name":"Comment","target":["https:\/\/pulso27.com\/actualidad\/educacion\/crisis-en-beca-18-miles-de-jovenes-en-incertidumbre-por-recorte-presupuestal-y-silencio-del-gobierno\/#respond"]}]},{"@type":"WebPage","@id":"https:\/\/pulso27.com\/actualidad\/educacion\/crisis-en-beca-18-miles-de-jovenes-en-incertidumbre-por-recorte-presupuestal-y-silencio-del-gobierno\/","url":"https:\/\/pulso27.com\/actualidad\/educacion\/crisis-en-beca-18-miles-de-jovenes-en-incertidumbre-por-recorte-presupuestal-y-silencio-del-gobierno\/","name":"Crisis en Beca 18: miles de j\u00f3venes en incertidumbre por recorte presupuestal y silencio del gobierno - Pulso27","isPartOf":{"@id":"https:\/\/pulso27.com\/en\/#website"},"primaryImageOfPage":{"@id":"https:\/\/pulso27.com\/actualidad\/educacion\/crisis-en-beca-18-miles-de-jovenes-en-incertidumbre-por-recorte-presupuestal-y-silencio-del-gobierno\/#primaryimage"},"image":{"@id":"https:\/\/pulso27.com\/actualidad\/educacion\/crisis-en-beca-18-miles-de-jovenes-en-incertidumbre-por-recorte-presupuestal-y-silencio-del-gobierno\/#primaryimage"},"thumbnailUrl":"https:\/\/pulso27.com\/wp-content\/uploads\/2026\/01\/Beca188.png","datePublished":"2026-01-25T18:29:59+00:00","dateModified":"2026-01-25T18:30:09+00:00","breadcrumb":{"@id":"https:\/\/pulso27.com\/actualidad\/educacion\/crisis-en-beca-18-miles-de-jovenes-en-incertidumbre-por-recorte-presupuestal-y-silencio-del-gobierno\/#breadcrumb"},"inLanguage":"en-US","potentialAction":[{"@type":"ReadAction","target":["https:\/\/pulso27.com\/actualidad\/educacion\/crisis-en-beca-18-miles-de-jovenes-en-incertidumbre-por-recorte-presupuestal-y-silencio-del-gobierno\/"]}]},{"@type":"ImageObject","inLanguage":"en-US","@id":"https:\/\/pulso27.com\/actualidad\/educacion\/crisis-en-beca-18-miles-de-jovenes-en-incertidumbre-por-recorte-presupuestal-y-silencio-del-gobierno\/#primaryimage","url":"https:\/\/pulso27.com\/wp-content\/uploads\/2026\/01\/Beca188.png","contentUrl":"https:\/\/pulso27.com\/wp-content\/uploads\/2026\/01\/Beca188.png","width":1200,"height":800},{"@type":"BreadcrumbList","@id":"https:\/\/pulso27.com\/actualidad\/educacion\/crisis-en-beca-18-miles-de-jovenes-en-incertidumbre-por-recorte-presupuestal-y-silencio-del-gobierno\/#breadcrumb","itemListElement":[{"@type":"ListItem","position":1,"name":"Portada","item":"https:\/\/pulso27.com\/"},{"@type":"ListItem","position":2,"name":"Crisis en Beca 18: miles de j\u00f3venes en incertidumbre por recorte presupuestal y silencio del gobierno"}]},{"@type":"WebSite","@id":"https:\/\/pulso27.com\/en\/#website","url":"https:\/\/pulso27.com\/en\/","name":"Pulso27","description":"Web de noticias y publicidad","publisher":{"@id":"https:\/\/pulso27.com\/en\/#organization"},"alternateName":"El pulso del pueblo","potentialAction":[{"@type":"SearchAction","target":{"@type":"EntryPoint","urlTemplate":"https:\/\/pulso27.com\/en\/?s={search_term_string}"},"query-input":{"@type":"PropertyValueSpecification","valueRequired":true,"valueName":"search_term_string"}}],"inLanguage":"en-US"},{"@type":"Organization","@id":"https:\/\/pulso27.com\/en\/#organization","name":"Pulso27","url":"https:\/\/pulso27.com\/en\/","logo":{"@type":"ImageObject","inLanguage":"en-US","@id":"https:\/\/pulso27.com\/en\/#\/schema\/logo\/image\/","url":"https:\/\/pulso27.com\/wp-content\/uploads\/2026\/02\/Logotipo-de-la-organizacion-696-x-696-px-ok.png","contentUrl":"https:\/\/pulso27.com\/wp-content\/uploads\/2026\/02\/Logotipo-de-la-organizacion-696-x-696-px-ok.png","width":696,"height":696,"caption":"Pulso27"},"image":{"@id":"https:\/\/pulso27.com\/en\/#\/schema\/logo\/image\/"},"sameAs":["https:\/\/www.facebook.com\/pulso27\/","https:\/\/x.com\/Pulso_27","https:\/\/www.youtube.com\/@Pulso27","https:\/\/www.tiktok.com\/@pulso_27"]},{"@type":"Person","@id":"https:\/\/pulso27.com\/en\/#\/schema\/person\/bf5ee161e6c87f6c7d57f5e689ef8526","name":"Redactor","image":{"@type":"ImageObject","inLanguage":"en-US","@id":"https:\/\/pulso27.com\/wp-content\/uploads\/2025\/03\/a-150x150.png","url":"https:\/\/pulso27.com\/wp-content\/uploads\/2025\/03\/a-150x150.png","contentUrl":"https:\/\/pulso27.com\/wp-content\/uploads\/2025\/03\/a-150x150.png","caption":"Redactor"},"sameAs":["http:\/\/www.pulso27.com"],"url":"http:\/\/pulso27.com\/en\/author\/redactor\/"}]}},"amp_enabled":true,"_links":{"self":[{"href":"http:\/\/pulso27.com\/en\/wp-json\/wp\/v2\/posts\/7492","targetHints":{"allow":["GET"]}}],"collection":[{"href":"http:\/\/pulso27.com\/en\/wp-json\/wp\/v2\/posts"}],"about":[{"href":"http:\/\/pulso27.com\/en\/wp-json\/wp\/v2\/types\/post"}],"author":[{"embeddable":true,"href":"http:\/\/pulso27.com\/en\/wp-json\/wp\/v2\/users\/13"}],"replies":[{"embeddable":true,"href":"http:\/\/pulso27.com\/en\/wp-json\/wp\/v2\/comments?post=7492"}],"version-history":[{"count":1,"href":"http:\/\/pulso27.com\/en\/wp-json\/wp\/v2\/posts\/7492\/revisions"}],"predecessor-version":[{"id":7502,"href":"http:\/\/pulso27.com\/en\/wp-json\/wp\/v2\/posts\/7492\/revisions\/7502"}],"wp:featuredmedia":[{"embeddable":true,"href":"http:\/\/pulso27.com\/en\/wp-json\/wp\/v2\/media\/7495"}],"wp:attachment":[{"href":"http:\/\/pulso27.com\/en\/wp-json\/wp\/v2\/media?parent=7492"}],"wp:term":[{"taxonomy":"category","embeddable":true,"href":"http:\/\/pulso27.com\/en\/wp-json\/wp\/v2\/categories?post=7492"},{"taxonomy":"post_tag","embeddable":true,"href":"http:\/\/pulso27.com\/en\/wp-json\/wp\/v2\/tags?post=7492"}],"curies":[{"name":"wp","href":"https:\/\/api.w.org\/{rel}","templated":true}]}}