{"id":7505,"date":"2026-01-27T17:52:01","date_gmt":"2026-01-27T12:52:01","guid":{"rendered":"https:\/\/pulso27.com\/?p=7505"},"modified":"2026-01-27T18:20:35","modified_gmt":"2026-01-27T13:20:35","slug":"familiares-de-victimas-del-regimen-de-dina-boluarte-exigen-justicia-en-lima","status":"publish","type":"post","link":"http:\/\/pulso27.com\/en\/actualidad\/sociedad\/familiares-de-victimas-del-regimen-de-dina-boluarte-exigen-justicia-en-lima\/","title":{"rendered":"Familiares de v\u00edctimas del r\u00e9gimen de Dina Boluarte exigen justicia en Lima"},"content":{"rendered":"<p>La Marcha de Sacrificio por Justicia \u00abUyariy\u00bb, impulsada por familiares de las v\u00edctimas fallecidas y heridos durante las protestas sociales contra el gobierno de Dina Boluarte entre diciembre de 2022 y marzo de 2023, avanza por la Panamericana Sur rumbo a la capital. Delegaciones provenientes de regiones como Puno (principalmente Juliaca), Ayacucho, Apur\u00edmac, Cusco y otros puntos del sur y centro del pa\u00eds partieron entre el 23 y 25 de enero, con convergencia en San Vicente de Ca\u00f1ete como punto clave antes de ingresar a Lima. Organizaciones como la Organizaci\u00f3n Nacional de Familiares Asesinados y V\u00edctimas de las Masacres del 2022-2023 (ONAFAMYVM) y la Asociaci\u00f3n de M\u00e1rtires y V\u00edctimas del 9 de Enero lideran esta movilizaci\u00f3n, que busca visibilizar el dolor de m\u00e1s de 50 familias afectadas por hechos documentados por entidades de derechos humanos. Video gracias a \u00ab24 Noticias en vivo\u00bb.<\/p>\n\n\n\n<figure class=\"wp-block-embed is-type-video is-provider-youtube wp-block-embed-youtube wp-embed-aspect-16-9 wp-has-aspect-ratio\"><div class=\"wp-block-embed__wrapper\">\n<div class=\"container-lazyload preview-lazyload container-youtube js-lazyload--not-loaded\"><a href=\"https:\/\/www.youtube.com\/watch?v=jIN6v5nywLU\" class=\"lazy-load-youtube preview-lazyload preview-youtube\" data-video-title=\"Familiares de v\u00edctimas de las protestas 2022-2023 inician Marcha de Sacrificio hacia Lima\" title=\"Play video &quot;Familiares de v\u00edctimas de las protestas 2022-2023 inician Marcha de Sacrificio hacia Lima&quot;\">https:\/\/www.youtube.com\/watch?v=jIN6v5nywLU<\/a><noscript>Video can&#8217;t be loaded because JavaScript is disabled: <a href=\"https:\/\/www.youtube.com\/watch?v=jIN6v5nywLU\" title=\"Familiares de v\u00edctimas de las protestas 2022-2023 inician Marcha de Sacrificio hacia Lima\">Familiares de v\u00edctimas de las protestas 2022-2023 inician Marcha de Sacrificio hacia Lima (https:\/\/www.youtube.com\/watch?v=jIN6v5nywLU)<\/a><\/noscript><\/div>\n<\/div><\/figure>\n\n\n\n<p>La fecha culminante del 28 de enero de 2026 responde a su significado simb\u00f3lico: marca el tercer aniversario del fallecimiento de V\u00edctor Santisteban Yactayo, joven de 22 a\u00f1os que perdi\u00f3 la vida por impacto de perdigones policiales en el centro de Lima durante las movilizaciones de 2023. Los principales reclamos incluyen la reactivaci\u00f3n inmediata del EFICAVIP (Equipo Especial de Fiscales para casos de v\u00edctimas en protestas), desactivado recientemente por resoluci\u00f3n del Ministerio P\u00fablico, as\u00ed como avances en investigaciones penales, reparaciones integrales a las familias y garant\u00edas de no repetici\u00f3n de hechos similares.<\/p>\n\n\n\n<p>Durante el trayecto, se han reportado denuncias de hostigamiento y vigilancia policial en zonas como Chala, Nazca y Ca\u00f1ete, lo que ha motivado llamados a las autoridades para respetar el derecho a la protesta pac\u00edfica. La marcha cuenta con el apoyo de colectivos juveniles de la Generaci\u00f3n Z, organizaciones de derechos humanos como la Coordinadora Nacional de Derechos Humanos (CNDDHH) y medios aparentemene neutrales vienen difundiendo las exigencias de la marcha. Figuras pol\u00edticas progresistas han expresado solidaridad, incluyendo denuncias p\u00fablicas sobre el trato a los marchantes, aunque los organizadores enfatizan que la iniciativa surge directamente del dolor y la autonom\u00eda de las familias de las regiones m\u00e1s impactadas, sin adscripci\u00f3n partidaria expl\u00edcita.<\/p>\n\n\n\n<p>Esta movilizaci\u00f3n representa un esfuerzo sostenido por memoria, verdad y reparaci\u00f3n por parte de las familias afectadas, que insisten en demandas concretas ante el estancamiento judicial. La concentraci\u00f3n prevista para el 28 de enero en Lima se perfila como un momento significativo para renovar el llamado a la justicia, en medio de un escenario pol\u00edtico polarizado. Las autoridades han sido instadas a garantizar la seguridad y el desarrollo pac\u00edfico de la actividad, mientras la sociedad observa el impacto de estas voces regionales en el debate nacional.<\/p>","protected":false},"excerpt":{"rendered":"<p>La Marcha de Sacrificio por Justicia \u00abUyariy\u00bb, impulsada por familiares de las v\u00edctimas fallecidas y heridos durante las protestas sociales contra el gobierno de Dina Boluarte entre diciembre de 2022 y marzo de 2023, avanza por la Panamericana Sur rumbo a la capital. Delegaciones provenientes de regiones como Puno (principalmente Juliaca), Ayacucho, Apur\u00edmac, Cusco y [&hellip;]<\/p>\n","protected":false},"author":7,"featured_media":7510,"comment_status":"open","ping_status":"open","sticky":false,"template":"","format":"standard","meta":{"footnotes":""},"categories":[183,810,202,2210],"tags":[572,702,2698,2699],"class_list":["post-7505","post","type-post","status-publish","format-standard","has-post-thumbnail","hentry","category-actualidad","category-regional","category-sociedad","category-videos","tag-dina-boluarte","tag-justicia","tag-uyariy","tag-victimas-del-gobierno-de-dina-boluarte"],"yoast_head":"<!-- This site is optimized with the Yoast SEO plugin v27.4 - https:\/\/yoast.com\/product\/yoast-seo-wordpress\/ -->\n<title>Familiares de v\u00edctimas del r\u00e9gimen de Dina Boluarte exigen justicia en Lima - Pulso27<\/title>\n<meta name=\"robots\" content=\"index, follow, max-snippet:-1, max-image-preview:large, max-video-preview:-1\" \/>\n<link rel=\"canonical\" href=\"https:\/\/pulso27.com\/en\/actualidad\/sociedad\/familiares-de-victimas-del-regimen-de-dina-boluarte-exigen-justicia-en-lima\/\" \/>\n<meta property=\"og:locale\" content=\"en_US\" \/>\n<meta property=\"og:type\" content=\"article\" \/>\n<meta property=\"og:title\" content=\"Familiares de v\u00edctimas del r\u00e9gimen de Dina Boluarte exigen justicia en Lima - Pulso27\" \/>\n<meta property=\"og:description\" content=\"La Marcha de Sacrificio por Justicia \u00abUyariy\u00bb, impulsada por familiares de las v\u00edctimas fallecidas y heridos durante las protestas sociales contra el gobierno de Dina Boluarte entre diciembre de 2022 y marzo de 2023, avanza por la Panamericana Sur rumbo a la capital. Delegaciones provenientes de regiones como Puno (principalmente Juliaca), Ayacucho, Apur\u00edmac, Cusco y [&hellip;]\" \/>\n<meta property=\"og:url\" content=\"https:\/\/pulso27.com\/en\/actualidad\/sociedad\/familiares-de-victimas-del-regimen-de-dina-boluarte-exigen-justicia-en-lima\/\" \/>\n<meta property=\"og:site_name\" content=\"Pulso27\" \/>\n<meta property=\"article:publisher\" content=\"https:\/\/www.facebook.com\/pulso27\/\" \/>\n<meta property=\"article:published_time\" content=\"2026-01-27T12:52:01+00:00\" \/>\n<meta property=\"article:modified_time\" content=\"2026-01-27T13:20:35+00:00\" \/>\n<meta property=\"og:image\" content=\"https:\/\/pulso27.com\/wp-content\/uploads\/2026\/01\/Victimas-1024x683.png\" \/>\n\t<meta property=\"og:image:width\" content=\"1024\" \/>\n\t<meta property=\"og:image:height\" content=\"683\" \/>\n\t<meta property=\"og:image:type\" content=\"image\/png\" \/>\n<meta name=\"author\" content=\"Tupaq\" \/>\n<meta name=\"twitter:card\" content=\"summary_large_image\" \/>\n<meta name=\"twitter:creator\" content=\"@Pulso_27\" \/>\n<meta name=\"twitter:site\" content=\"@Pulso_27\" \/>\n<meta name=\"twitter:label1\" content=\"Written by\" \/>\n\t<meta name=\"twitter:data1\" content=\"Tupaq\" \/>\n\t<meta name=\"twitter:label2\" content=\"Est. reading time\" \/>\n\t<meta name=\"twitter:data2\" content=\"3 minutes\" \/>\n<script type=\"application\/ld+json\" class=\"yoast-schema-graph\">{\"@context\":\"https:\\\/\\\/schema.org\",\"@graph\":[{\"@type\":\"Article\",\"@id\":\"https:\\\/\\\/pulso27.com\\\/actualidad\\\/sociedad\\\/familiares-de-victimas-del-regimen-de-dina-boluarte-exigen-justicia-en-lima\\\/#article\",\"isPartOf\":{\"@id\":\"https:\\\/\\\/pulso27.com\\\/actualidad\\\/sociedad\\\/familiares-de-victimas-del-regimen-de-dina-boluarte-exigen-justicia-en-lima\\\/\"},\"author\":{\"name\":\"Tupaq\",\"@id\":\"https:\\\/\\\/pulso27.com\\\/en\\\/#\\\/schema\\\/person\\\/d20fd7f5bc7f2e53fd150d43fca07a78\"},\"headline\":\"Familiares de v\u00edctimas del r\u00e9gimen de Dina Boluarte exigen justicia en Lima\",\"datePublished\":\"2026-01-27T12:52:01+00:00\",\"dateModified\":\"2026-01-27T13:20:35+00:00\",\"mainEntityOfPage\":{\"@id\":\"https:\\\/\\\/pulso27.com\\\/actualidad\\\/sociedad\\\/familiares-de-victimas-del-regimen-de-dina-boluarte-exigen-justicia-en-lima\\\/\"},\"wordCount\":477,\"commentCount\":0,\"publisher\":{\"@id\":\"https:\\\/\\\/pulso27.com\\\/en\\\/#organization\"},\"image\":{\"@id\":\"https:\\\/\\\/pulso27.com\\\/actualidad\\\/sociedad\\\/familiares-de-victimas-del-regimen-de-dina-boluarte-exigen-justicia-en-lima\\\/#primaryimage\"},\"thumbnailUrl\":\"https:\\\/\\\/pulso27.com\\\/wp-content\\\/uploads\\\/2026\\\/01\\\/Victimas.png\",\"keywords\":[\"Dina Boluarte\",\"Justicia\",\"Uyariy\",\"V\u00edctimas del gobierno de Dina Boluarte\"],\"articleSection\":[\"Actualidad\",\"Regional\",\"Sociedad\",\"Videos\"],\"inLanguage\":\"en-US\",\"potentialAction\":[{\"@type\":\"CommentAction\",\"name\":\"Comment\",\"target\":[\"https:\\\/\\\/pulso27.com\\\/actualidad\\\/sociedad\\\/familiares-de-victimas-del-regimen-de-dina-boluarte-exigen-justicia-en-lima\\\/#respond\"]}]},{\"@type\":\"WebPage\",\"@id\":\"https:\\\/\\\/pulso27.com\\\/actualidad\\\/sociedad\\\/familiares-de-victimas-del-regimen-de-dina-boluarte-exigen-justicia-en-lima\\\/\",\"url\":\"https:\\\/\\\/pulso27.com\\\/actualidad\\\/sociedad\\\/familiares-de-victimas-del-regimen-de-dina-boluarte-exigen-justicia-en-lima\\\/\",\"name\":\"Familiares de v\u00edctimas del r\u00e9gimen de Dina Boluarte exigen justicia en Lima - Pulso27\",\"isPartOf\":{\"@id\":\"https:\\\/\\\/pulso27.com\\\/en\\\/#website\"},\"primaryImageOfPage\":{\"@id\":\"https:\\\/\\\/pulso27.com\\\/actualidad\\\/sociedad\\\/familiares-de-victimas-del-regimen-de-dina-boluarte-exigen-justicia-en-lima\\\/#primaryimage\"},\"image\":{\"@id\":\"https:\\\/\\\/pulso27.com\\\/actualidad\\\/sociedad\\\/familiares-de-victimas-del-regimen-de-dina-boluarte-exigen-justicia-en-lima\\\/#primaryimage\"},\"thumbnailUrl\":\"https:\\\/\\\/pulso27.com\\\/wp-content\\\/uploads\\\/2026\\\/01\\\/Victimas.png\",\"datePublished\":\"2026-01-27T12:52:01+00:00\",\"dateModified\":\"2026-01-27T13:20:35+00:00\",\"breadcrumb\":{\"@id\":\"https:\\\/\\\/pulso27.com\\\/actualidad\\\/sociedad\\\/familiares-de-victimas-del-regimen-de-dina-boluarte-exigen-justicia-en-lima\\\/#breadcrumb\"},\"inLanguage\":\"en-US\",\"potentialAction\":[{\"@type\":\"ReadAction\",\"target\":[\"https:\\\/\\\/pulso27.com\\\/actualidad\\\/sociedad\\\/familiares-de-victimas-del-regimen-de-dina-boluarte-exigen-justicia-en-lima\\\/\"]}]},{\"@type\":\"ImageObject\",\"inLanguage\":\"en-US\",\"@id\":\"https:\\\/\\\/pulso27.com\\\/actualidad\\\/sociedad\\\/familiares-de-victimas-del-regimen-de-dina-boluarte-exigen-justicia-en-lima\\\/#primaryimage\",\"url\":\"https:\\\/\\\/pulso27.com\\\/wp-content\\\/uploads\\\/2026\\\/01\\\/Victimas.png\",\"contentUrl\":\"https:\\\/\\\/pulso27.com\\\/wp-content\\\/uploads\\\/2026\\\/01\\\/Victimas.png\",\"width\":1200,\"height\":800},{\"@type\":\"BreadcrumbList\",\"@id\":\"https:\\\/\\\/pulso27.com\\\/actualidad\\\/sociedad\\\/familiares-de-victimas-del-regimen-de-dina-boluarte-exigen-justicia-en-lima\\\/#breadcrumb\",\"itemListElement\":[{\"@type\":\"ListItem\",\"position\":1,\"name\":\"Portada\",\"item\":\"https:\\\/\\\/pulso27.com\\\/\"},{\"@type\":\"ListItem\",\"position\":2,\"name\":\"Familiares de v\u00edctimas del r\u00e9gimen de Dina Boluarte exigen justicia en Lima\"}]},{\"@type\":\"WebSite\",\"@id\":\"https:\\\/\\\/pulso27.com\\\/en\\\/#website\",\"url\":\"https:\\\/\\\/pulso27.com\\\/en\\\/\",\"name\":\"Pulso27\",\"description\":\"Web de noticias y publicidad\",\"publisher\":{\"@id\":\"https:\\\/\\\/pulso27.com\\\/en\\\/#organization\"},\"alternateName\":\"El pulso del pueblo\",\"potentialAction\":[{\"@type\":\"SearchAction\",\"target\":{\"@type\":\"EntryPoint\",\"urlTemplate\":\"https:\\\/\\\/pulso27.com\\\/en\\\/?s={search_term_string}\"},\"query-input\":{\"@type\":\"PropertyValueSpecification\",\"valueRequired\":true,\"valueName\":\"search_term_string\"}}],\"inLanguage\":\"en-US\"},{\"@type\":\"Organization\",\"@id\":\"https:\\\/\\\/pulso27.com\\\/en\\\/#organization\",\"name\":\"Pulso27\",\"url\":\"https:\\\/\\\/pulso27.com\\\/en\\\/\",\"logo\":{\"@type\":\"ImageObject\",\"inLanguage\":\"en-US\",\"@id\":\"https:\\\/\\\/pulso27.com\\\/en\\\/#\\\/schema\\\/logo\\\/image\\\/\",\"url\":\"https:\\\/\\\/pulso27.com\\\/wp-content\\\/uploads\\\/2026\\\/02\\\/Logotipo-de-la-organizacion-696-x-696-px-ok.png\",\"contentUrl\":\"https:\\\/\\\/pulso27.com\\\/wp-content\\\/uploads\\\/2026\\\/02\\\/Logotipo-de-la-organizacion-696-x-696-px-ok.png\",\"width\":696,\"height\":696,\"caption\":\"Pulso27\"},\"image\":{\"@id\":\"https:\\\/\\\/pulso27.com\\\/en\\\/#\\\/schema\\\/logo\\\/image\\\/\"},\"sameAs\":[\"https:\\\/\\\/www.facebook.com\\\/pulso27\\\/\",\"https:\\\/\\\/x.com\\\/Pulso_27\",\"https:\\\/\\\/www.youtube.com\\\/@Pulso27\",\"https:\\\/\\\/www.tiktok.com\\\/@pulso_27\"]},{\"@type\":\"Person\",\"@id\":\"https:\\\/\\\/pulso27.com\\\/en\\\/#\\\/schema\\\/person\\\/d20fd7f5bc7f2e53fd150d43fca07a78\",\"name\":\"Tupaq\",\"image\":{\"@type\":\"ImageObject\",\"inLanguage\":\"en-US\",\"@id\":\"https:\\\/\\\/secure.gravatar.com\\\/avatar\\\/7929e9b034aeea560319a601e4f04c59eb5f45a79eafe192adabb67e9604e7e7?s=96&d=mm&r=g\",\"url\":\"https:\\\/\\\/secure.gravatar.com\\\/avatar\\\/7929e9b034aeea560319a601e4f04c59eb5f45a79eafe192adabb67e9604e7e7?s=96&d=mm&r=g\",\"contentUrl\":\"https:\\\/\\\/secure.gravatar.com\\\/avatar\\\/7929e9b034aeea560319a601e4f04c59eb5f45a79eafe192adabb67e9604e7e7?s=96&d=mm&r=g\",\"caption\":\"Tupaq\"},\"url\":\"http:\\\/\\\/pulso27.com\\\/en\\\/author\\\/tupaq\\\/\"}]}<\/script>\n<!-- \/ Yoast SEO plugin. -->","yoast_head_json":{"title":"Familiares de v\u00edctimas del r\u00e9gimen de Dina Boluarte exigen justicia en Lima - Pulso27","robots":{"index":"index","follow":"follow","max-snippet":"max-snippet:-1","max-image-preview":"max-image-preview:large","max-video-preview":"max-video-preview:-1"},"canonical":"https:\/\/pulso27.com\/en\/actualidad\/sociedad\/familiares-de-victimas-del-regimen-de-dina-boluarte-exigen-justicia-en-lima\/","og_locale":"en_US","og_type":"article","og_title":"Familiares de v\u00edctimas del r\u00e9gimen de Dina Boluarte exigen justicia en Lima - Pulso27","og_description":"La Marcha de Sacrificio por Justicia \u00abUyariy\u00bb, impulsada por familiares de las v\u00edctimas fallecidas y heridos durante las protestas sociales contra el gobierno de Dina Boluarte entre diciembre de 2022 y marzo de 2023, avanza por la Panamericana Sur rumbo a la capital. Delegaciones provenientes de regiones como Puno (principalmente Juliaca), Ayacucho, Apur\u00edmac, Cusco y [&hellip;]","og_url":"https:\/\/pulso27.com\/en\/actualidad\/sociedad\/familiares-de-victimas-del-regimen-de-dina-boluarte-exigen-justicia-en-lima\/","og_site_name":"Pulso27","article_publisher":"https:\/\/www.facebook.com\/pulso27\/","article_published_time":"2026-01-27T12:52:01+00:00","article_modified_time":"2026-01-27T13:20:35+00:00","og_image":[{"width":1024,"height":683,"url":"https:\/\/pulso27.com\/wp-content\/uploads\/2026\/01\/Victimas-1024x683.png","type":"image\/png"}],"author":"Tupaq","twitter_card":"summary_large_image","twitter_creator":"@Pulso_27","twitter_site":"@Pulso_27","twitter_misc":{"Written by":"Tupaq","Est. reading time":"3 minutes"},"schema":{"@context":"https:\/\/schema.org","@graph":[{"@type":"Article","@id":"https:\/\/pulso27.com\/actualidad\/sociedad\/familiares-de-victimas-del-regimen-de-dina-boluarte-exigen-justicia-en-lima\/#article","isPartOf":{"@id":"https:\/\/pulso27.com\/actualidad\/sociedad\/familiares-de-victimas-del-regimen-de-dina-boluarte-exigen-justicia-en-lima\/"},"author":{"name":"Tupaq","@id":"https:\/\/pulso27.com\/en\/#\/schema\/person\/d20fd7f5bc7f2e53fd150d43fca07a78"},"headline":"Familiares de v\u00edctimas del r\u00e9gimen de Dina Boluarte exigen justicia en Lima","datePublished":"2026-01-27T12:52:01+00:00","dateModified":"2026-01-27T13:20:35+00:00","mainEntityOfPage":{"@id":"https:\/\/pulso27.com\/actualidad\/sociedad\/familiares-de-victimas-del-regimen-de-dina-boluarte-exigen-justicia-en-lima\/"},"wordCount":477,"commentCount":0,"publisher":{"@id":"https:\/\/pulso27.com\/en\/#organization"},"image":{"@id":"https:\/\/pulso27.com\/actualidad\/sociedad\/familiares-de-victimas-del-regimen-de-dina-boluarte-exigen-justicia-en-lima\/#primaryimage"},"thumbnailUrl":"https:\/\/pulso27.com\/wp-content\/uploads\/2026\/01\/Victimas.png","keywords":["Dina Boluarte","Justicia","Uyariy","V\u00edctimas del gobierno de Dina Boluarte"],"articleSection":["Actualidad","Regional","Sociedad","Videos"],"inLanguage":"en-US","potentialAction":[{"@type":"CommentAction","name":"Comment","target":["https:\/\/pulso27.com\/actualidad\/sociedad\/familiares-de-victimas-del-regimen-de-dina-boluarte-exigen-justicia-en-lima\/#respond"]}]},{"@type":"WebPage","@id":"https:\/\/pulso27.com\/actualidad\/sociedad\/familiares-de-victimas-del-regimen-de-dina-boluarte-exigen-justicia-en-lima\/","url":"https:\/\/pulso27.com\/actualidad\/sociedad\/familiares-de-victimas-del-regimen-de-dina-boluarte-exigen-justicia-en-lima\/","name":"Familiares de v\u00edctimas del r\u00e9gimen de Dina Boluarte exigen justicia en Lima - Pulso27","isPartOf":{"@id":"https:\/\/pulso27.com\/en\/#website"},"primaryImageOfPage":{"@id":"https:\/\/pulso27.com\/actualidad\/sociedad\/familiares-de-victimas-del-regimen-de-dina-boluarte-exigen-justicia-en-lima\/#primaryimage"},"image":{"@id":"https:\/\/pulso27.com\/actualidad\/sociedad\/familiares-de-victimas-del-regimen-de-dina-boluarte-exigen-justicia-en-lima\/#primaryimage"},"thumbnailUrl":"https:\/\/pulso27.com\/wp-content\/uploads\/2026\/01\/Victimas.png","datePublished":"2026-01-27T12:52:01+00:00","dateModified":"2026-01-27T13:20:35+00:00","breadcrumb":{"@id":"https:\/\/pulso27.com\/actualidad\/sociedad\/familiares-de-victimas-del-regimen-de-dina-boluarte-exigen-justicia-en-lima\/#breadcrumb"},"inLanguage":"en-US","potentialAction":[{"@type":"ReadAction","target":["https:\/\/pulso27.com\/actualidad\/sociedad\/familiares-de-victimas-del-regimen-de-dina-boluarte-exigen-justicia-en-lima\/"]}]},{"@type":"ImageObject","inLanguage":"en-US","@id":"https:\/\/pulso27.com\/actualidad\/sociedad\/familiares-de-victimas-del-regimen-de-dina-boluarte-exigen-justicia-en-lima\/#primaryimage","url":"https:\/\/pulso27.com\/wp-content\/uploads\/2026\/01\/Victimas.png","contentUrl":"https:\/\/pulso27.com\/wp-content\/uploads\/2026\/01\/Victimas.png","width":1200,"height":800},{"@type":"BreadcrumbList","@id":"https:\/\/pulso27.com\/actualidad\/sociedad\/familiares-de-victimas-del-regimen-de-dina-boluarte-exigen-justicia-en-lima\/#breadcrumb","itemListElement":[{"@type":"ListItem","position":1,"name":"Portada","item":"https:\/\/pulso27.com\/"},{"@type":"ListItem","position":2,"name":"Familiares de v\u00edctimas del r\u00e9gimen de Dina Boluarte exigen justicia en Lima"}]},{"@type":"WebSite","@id":"https:\/\/pulso27.com\/en\/#website","url":"https:\/\/pulso27.com\/en\/","name":"Pulso27","description":"Web de noticias y publicidad","publisher":{"@id":"https:\/\/pulso27.com\/en\/#organization"},"alternateName":"El pulso del pueblo","potentialAction":[{"@type":"SearchAction","target":{"@type":"EntryPoint","urlTemplate":"https:\/\/pulso27.com\/en\/?s={search_term_string}"},"query-input":{"@type":"PropertyValueSpecification","valueRequired":true,"valueName":"search_term_string"}}],"inLanguage":"en-US"},{"@type":"Organization","@id":"https:\/\/pulso27.com\/en\/#organization","name":"Pulso27","url":"https:\/\/pulso27.com\/en\/","logo":{"@type":"ImageObject","inLanguage":"en-US","@id":"https:\/\/pulso27.com\/en\/#\/schema\/logo\/image\/","url":"https:\/\/pulso27.com\/wp-content\/uploads\/2026\/02\/Logotipo-de-la-organizacion-696-x-696-px-ok.png","contentUrl":"https:\/\/pulso27.com\/wp-content\/uploads\/2026\/02\/Logotipo-de-la-organizacion-696-x-696-px-ok.png","width":696,"height":696,"caption":"Pulso27"},"image":{"@id":"https:\/\/pulso27.com\/en\/#\/schema\/logo\/image\/"},"sameAs":["https:\/\/www.facebook.com\/pulso27\/","https:\/\/x.com\/Pulso_27","https:\/\/www.youtube.com\/@Pulso27","https:\/\/www.tiktok.com\/@pulso_27"]},{"@type":"Person","@id":"https:\/\/pulso27.com\/en\/#\/schema\/person\/d20fd7f5bc7f2e53fd150d43fca07a78","name":"Tupaq","image":{"@type":"ImageObject","inLanguage":"en-US","@id":"https:\/\/secure.gravatar.com\/avatar\/7929e9b034aeea560319a601e4f04c59eb5f45a79eafe192adabb67e9604e7e7?s=96&d=mm&r=g","url":"https:\/\/secure.gravatar.com\/avatar\/7929e9b034aeea560319a601e4f04c59eb5f45a79eafe192adabb67e9604e7e7?s=96&d=mm&r=g","contentUrl":"https:\/\/secure.gravatar.com\/avatar\/7929e9b034aeea560319a601e4f04c59eb5f45a79eafe192adabb67e9604e7e7?s=96&d=mm&r=g","caption":"Tupaq"},"url":"http:\/\/pulso27.com\/en\/author\/tupaq\/"}]}},"amp_enabled":true,"_links":{"self":[{"href":"http:\/\/pulso27.com\/en\/wp-json\/wp\/v2\/posts\/7505","targetHints":{"allow":["GET"]}}],"collection":[{"href":"http:\/\/pulso27.com\/en\/wp-json\/wp\/v2\/posts"}],"about":[{"href":"http:\/\/pulso27.com\/en\/wp-json\/wp\/v2\/types\/post"}],"author":[{"embeddable":true,"href":"http:\/\/pulso27.com\/en\/wp-json\/wp\/v2\/users\/7"}],"replies":[{"embeddable":true,"href":"http:\/\/pulso27.com\/en\/wp-json\/wp\/v2\/comments?post=7505"}],"version-history":[{"count":1,"href":"http:\/\/pulso27.com\/en\/wp-json\/wp\/v2\/posts\/7505\/revisions"}],"predecessor-version":[{"id":7506,"href":"http:\/\/pulso27.com\/en\/wp-json\/wp\/v2\/posts\/7505\/revisions\/7506"}],"wp:featuredmedia":[{"embeddable":true,"href":"http:\/\/pulso27.com\/en\/wp-json\/wp\/v2\/media\/7510"}],"wp:attachment":[{"href":"http:\/\/pulso27.com\/en\/wp-json\/wp\/v2\/media?parent=7505"}],"wp:term":[{"taxonomy":"category","embeddable":true,"href":"http:\/\/pulso27.com\/en\/wp-json\/wp\/v2\/categories?post=7505"},{"taxonomy":"post_tag","embeddable":true,"href":"http:\/\/pulso27.com\/en\/wp-json\/wp\/v2\/tags?post=7505"}],"curies":[{"name":"wp","href":"https:\/\/api.w.org\/{rel}","templated":true}]}}