{"id":7512,"date":"2026-01-27T18:13:11","date_gmt":"2026-01-27T13:13:11","guid":{"rendered":"https:\/\/pulso27.com\/?p=7512"},"modified":"2026-01-27T18:19:17","modified_gmt":"2026-01-27T13:19:17","slug":"triunfo-de-los-agricultores-europeos","status":"publish","type":"post","link":"http:\/\/pulso27.com\/en\/actualidad\/agricultura\/triunfo-de-los-agricultores-europeos\/","title":{"rendered":"Triunfo de los agricultores europeos"},"content":{"rendered":"<p>El pleno del Parlamento Europeo vot\u00f3 el 21 de enero de 2026 remitir el pacto al Tribunal de Justicia de la UE (TJUE) para evaluar su compatibilidad con los tratados europeos, especialmente en est\u00e1ndares ambientales, sanitarios y de protecci\u00f3n agraria. La votaci\u00f3n fue ajustad\u00edsima: 334 a favor, 324 en contra y 11 abstenciones.<\/p>\n\n\n\n<figure class=\"wp-block-embed is-type-video is-provider-youtube wp-block-embed-youtube\"><div class=\"wp-block-embed__wrapper\">\n<div class=\"container-lazyload preview-lazyload container-youtube js-lazyload--not-loaded\"><a href=\"https:\/\/www.youtube.com\/watch?v=5pUXUo-TBPM\" class=\"lazy-load-youtube preview-lazyload preview-youtube\" data-video-title=\"\u00a1Gran victoria para los agricultores europeos!\" title=\"Play video &quot;\u00a1Gran victoria para los agricultores europeos!&quot;\">https:\/\/www.youtube.com\/watch?v=5pUXUo-TBPM<\/a><noscript>Video can&#8217;t be loaded because JavaScript is disabled: <a href=\"https:\/\/www.youtube.com\/watch?v=5pUXUo-TBPM\" title=\"\u00a1Gran victoria para los agricultores europeos!\">\u00a1Gran victoria para los agricultores europeos! (https:\/\/www.youtube.com\/watch?v=5pUXUo-TBPM)<\/a><\/noscript><\/div>\n<\/div><\/figure>\n\n\n\n<p>Firmado apenas d\u00edas antes (el 17 de enero en Paraguay tras m\u00e1s de 25 a\u00f1os de negociaciones), el acuerdo abre la puerta a mayores importaciones de carne, az\u00facar, soja y pollo de Mercosur, producidos con normas m\u00e1s laxas que las europeas, lo que genera temores de competencia desleal y perjuicio al campo local.<br>Miles de agricultores protestaron masivamente frente al Parlamento en Estrasburgo el d\u00eda previo, con tractores bloqueando accesos y concentraciones de m\u00e1s de 5.000 personas. Al conocerse el resultado, estallaron celebraciones: bocinazos, abrazos, banderas ondeando y gritos de \u00ab\u00a1La lucha no fue en vano!\u00bb en v\u00eddeos virales que recorren las redes.<br>Organizaciones como Copa-Cogeca, FNSEA y COAG calificaron el voto como una \u00abvictoria hist\u00f3rica\u00bb lograda por la movilizaci\u00f3n sostenida. Aunque la Comisi\u00f3n Europea lament\u00f3 la decisi\u00f3n y podr\u00eda intentar una aplicaci\u00f3n provisional, el Parlamento y varios pa\u00edses se oponen. La revisi\u00f3n del TJUE podr\u00eda durar 18-24 meses, dando un respiro clave al sector. \u00a1El campo europeo festeja hoy una conquista ganada con esfuerzo!<\/p>","protected":false},"excerpt":{"rendered":"<p>El pleno del Parlamento Europeo vot\u00f3 el 21 de enero de 2026 remitir el pacto al Tribunal de Justicia de la UE (TJUE) para evaluar su compatibilidad con los tratados europeos, especialmente en est\u00e1ndares ambientales, sanitarios y de protecci\u00f3n agraria. La votaci\u00f3n fue ajustad\u00edsima: 334 a favor, 324 en contra y 11 abstenciones. Firmado apenas [&hellip;]<\/p>\n","protected":false},"author":13,"featured_media":7518,"comment_status":"open","ping_status":"open","sticky":false,"template":"","format":"standard","meta":{"footnotes":""},"categories":[183,818,173,2210],"tags":[2417,2702,2703],"class_list":["post-7512","post","type-post","status-publish","format-standard","has-post-thumbnail","hentry","category-actualidad","category-agricultura","category-internacional","category-videos","tag-agricultores","tag-europa","tag-parlamento-europeo"],"yoast_head":"<!-- This site is optimized with the Yoast SEO plugin v27.4 - https:\/\/yoast.com\/product\/yoast-seo-wordpress\/ -->\n<title>Triunfo de los agricultores europeos - Pulso27<\/title>\n<meta name=\"robots\" content=\"index, follow, max-snippet:-1, max-image-preview:large, max-video-preview:-1\" \/>\n<link rel=\"canonical\" href=\"https:\/\/pulso27.com\/en\/actualidad\/agricultura\/triunfo-de-los-agricultores-europeos\/\" \/>\n<meta property=\"og:locale\" content=\"en_US\" \/>\n<meta property=\"og:type\" content=\"article\" \/>\n<meta property=\"og:title\" content=\"Triunfo de los agricultores europeos - Pulso27\" \/>\n<meta property=\"og:description\" content=\"El pleno del Parlamento Europeo vot\u00f3 el 21 de enero de 2026 remitir el pacto al Tribunal de Justicia de la UE (TJUE) para evaluar su compatibilidad con los tratados europeos, especialmente en est\u00e1ndares ambientales, sanitarios y de protecci\u00f3n agraria. La votaci\u00f3n fue ajustad\u00edsima: 334 a favor, 324 en contra y 11 abstenciones. Firmado apenas [&hellip;]\" \/>\n<meta property=\"og:url\" content=\"https:\/\/pulso27.com\/en\/actualidad\/agricultura\/triunfo-de-los-agricultores-europeos\/\" \/>\n<meta property=\"og:site_name\" content=\"Pulso27\" \/>\n<meta property=\"article:publisher\" content=\"https:\/\/www.facebook.com\/pulso27\/\" \/>\n<meta property=\"article:published_time\" content=\"2026-01-27T13:13:11+00:00\" \/>\n<meta property=\"article:modified_time\" content=\"2026-01-27T13:19:17+00:00\" \/>\n<meta property=\"og:image\" content=\"https:\/\/pulso27.com\/wp-content\/uploads\/2026\/01\/AgricultoresE.png\" \/>\n\t<meta property=\"og:image:width\" content=\"1200\" \/>\n\t<meta property=\"og:image:height\" content=\"800\" \/>\n\t<meta property=\"og:image:type\" content=\"image\/png\" \/>\n<meta name=\"author\" content=\"Redactor\" \/>\n<meta name=\"twitter:card\" content=\"summary_large_image\" \/>\n<meta name=\"twitter:creator\" content=\"@Pulso_27\" \/>\n<meta name=\"twitter:site\" content=\"@Pulso_27\" \/>\n<meta name=\"twitter:label1\" content=\"Written by\" \/>\n\t<meta name=\"twitter:data1\" content=\"Redactor\" \/>\n\t<meta name=\"twitter:label2\" content=\"Est. reading time\" \/>\n\t<meta name=\"twitter:data2\" content=\"2 minutes\" \/>\n<script type=\"application\/ld+json\" class=\"yoast-schema-graph\">{\"@context\":\"https:\\\/\\\/schema.org\",\"@graph\":[{\"@type\":\"Article\",\"@id\":\"https:\\\/\\\/pulso27.com\\\/actualidad\\\/agricultura\\\/triunfo-de-los-agricultores-europeos\\\/#article\",\"isPartOf\":{\"@id\":\"https:\\\/\\\/pulso27.com\\\/actualidad\\\/agricultura\\\/triunfo-de-los-agricultores-europeos\\\/\"},\"author\":{\"name\":\"Redactor\",\"@id\":\"https:\\\/\\\/pulso27.com\\\/en\\\/#\\\/schema\\\/person\\\/bf5ee161e6c87f6c7d57f5e689ef8526\"},\"headline\":\"Triunfo de los agricultores europeos\",\"datePublished\":\"2026-01-27T13:13:11+00:00\",\"dateModified\":\"2026-01-27T13:19:17+00:00\",\"mainEntityOfPage\":{\"@id\":\"https:\\\/\\\/pulso27.com\\\/actualidad\\\/agricultura\\\/triunfo-de-los-agricultores-europeos\\\/\"},\"wordCount\":243,\"commentCount\":0,\"publisher\":{\"@id\":\"https:\\\/\\\/pulso27.com\\\/en\\\/#organization\"},\"image\":{\"@id\":\"https:\\\/\\\/pulso27.com\\\/actualidad\\\/agricultura\\\/triunfo-de-los-agricultores-europeos\\\/#primaryimage\"},\"thumbnailUrl\":\"https:\\\/\\\/pulso27.com\\\/wp-content\\\/uploads\\\/2026\\\/01\\\/AgricultoresE.png\",\"keywords\":[\"Agricultores\",\"Europa\",\"Parlamento Europeo\"],\"articleSection\":[\"Actualidad\",\"Agricultura\",\"Internacional\",\"Videos\"],\"inLanguage\":\"en-US\",\"potentialAction\":[{\"@type\":\"CommentAction\",\"name\":\"Comment\",\"target\":[\"https:\\\/\\\/pulso27.com\\\/actualidad\\\/agricultura\\\/triunfo-de-los-agricultores-europeos\\\/#respond\"]}]},{\"@type\":\"WebPage\",\"@id\":\"https:\\\/\\\/pulso27.com\\\/actualidad\\\/agricultura\\\/triunfo-de-los-agricultores-europeos\\\/\",\"url\":\"https:\\\/\\\/pulso27.com\\\/actualidad\\\/agricultura\\\/triunfo-de-los-agricultores-europeos\\\/\",\"name\":\"Triunfo de los agricultores europeos - Pulso27\",\"isPartOf\":{\"@id\":\"https:\\\/\\\/pulso27.com\\\/en\\\/#website\"},\"primaryImageOfPage\":{\"@id\":\"https:\\\/\\\/pulso27.com\\\/actualidad\\\/agricultura\\\/triunfo-de-los-agricultores-europeos\\\/#primaryimage\"},\"image\":{\"@id\":\"https:\\\/\\\/pulso27.com\\\/actualidad\\\/agricultura\\\/triunfo-de-los-agricultores-europeos\\\/#primaryimage\"},\"thumbnailUrl\":\"https:\\\/\\\/pulso27.com\\\/wp-content\\\/uploads\\\/2026\\\/01\\\/AgricultoresE.png\",\"datePublished\":\"2026-01-27T13:13:11+00:00\",\"dateModified\":\"2026-01-27T13:19:17+00:00\",\"breadcrumb\":{\"@id\":\"https:\\\/\\\/pulso27.com\\\/actualidad\\\/agricultura\\\/triunfo-de-los-agricultores-europeos\\\/#breadcrumb\"},\"inLanguage\":\"en-US\",\"potentialAction\":[{\"@type\":\"ReadAction\",\"target\":[\"https:\\\/\\\/pulso27.com\\\/actualidad\\\/agricultura\\\/triunfo-de-los-agricultores-europeos\\\/\"]}]},{\"@type\":\"ImageObject\",\"inLanguage\":\"en-US\",\"@id\":\"https:\\\/\\\/pulso27.com\\\/actualidad\\\/agricultura\\\/triunfo-de-los-agricultores-europeos\\\/#primaryimage\",\"url\":\"https:\\\/\\\/pulso27.com\\\/wp-content\\\/uploads\\\/2026\\\/01\\\/AgricultoresE.png\",\"contentUrl\":\"https:\\\/\\\/pulso27.com\\\/wp-content\\\/uploads\\\/2026\\\/01\\\/AgricultoresE.png\",\"width\":1200,\"height\":800},{\"@type\":\"BreadcrumbList\",\"@id\":\"https:\\\/\\\/pulso27.com\\\/actualidad\\\/agricultura\\\/triunfo-de-los-agricultores-europeos\\\/#breadcrumb\",\"itemListElement\":[{\"@type\":\"ListItem\",\"position\":1,\"name\":\"Portada\",\"item\":\"https:\\\/\\\/pulso27.com\\\/\"},{\"@type\":\"ListItem\",\"position\":2,\"name\":\"Triunfo de los agricultores europeos\"}]},{\"@type\":\"WebSite\",\"@id\":\"https:\\\/\\\/pulso27.com\\\/en\\\/#website\",\"url\":\"https:\\\/\\\/pulso27.com\\\/en\\\/\",\"name\":\"Pulso27\",\"description\":\"Web de noticias y publicidad\",\"publisher\":{\"@id\":\"https:\\\/\\\/pulso27.com\\\/en\\\/#organization\"},\"alternateName\":\"El pulso del pueblo\",\"potentialAction\":[{\"@type\":\"SearchAction\",\"target\":{\"@type\":\"EntryPoint\",\"urlTemplate\":\"https:\\\/\\\/pulso27.com\\\/en\\\/?s={search_term_string}\"},\"query-input\":{\"@type\":\"PropertyValueSpecification\",\"valueRequired\":true,\"valueName\":\"search_term_string\"}}],\"inLanguage\":\"en-US\"},{\"@type\":\"Organization\",\"@id\":\"https:\\\/\\\/pulso27.com\\\/en\\\/#organization\",\"name\":\"Pulso27\",\"url\":\"https:\\\/\\\/pulso27.com\\\/en\\\/\",\"logo\":{\"@type\":\"ImageObject\",\"inLanguage\":\"en-US\",\"@id\":\"https:\\\/\\\/pulso27.com\\\/en\\\/#\\\/schema\\\/logo\\\/image\\\/\",\"url\":\"https:\\\/\\\/pulso27.com\\\/wp-content\\\/uploads\\\/2026\\\/02\\\/Logotipo-de-la-organizacion-696-x-696-px-ok.png\",\"contentUrl\":\"https:\\\/\\\/pulso27.com\\\/wp-content\\\/uploads\\\/2026\\\/02\\\/Logotipo-de-la-organizacion-696-x-696-px-ok.png\",\"width\":696,\"height\":696,\"caption\":\"Pulso27\"},\"image\":{\"@id\":\"https:\\\/\\\/pulso27.com\\\/en\\\/#\\\/schema\\\/logo\\\/image\\\/\"},\"sameAs\":[\"https:\\\/\\\/www.facebook.com\\\/pulso27\\\/\",\"https:\\\/\\\/x.com\\\/Pulso_27\",\"https:\\\/\\\/www.youtube.com\\\/@Pulso27\",\"https:\\\/\\\/www.tiktok.com\\\/@pulso_27\"]},{\"@type\":\"Person\",\"@id\":\"https:\\\/\\\/pulso27.com\\\/en\\\/#\\\/schema\\\/person\\\/bf5ee161e6c87f6c7d57f5e689ef8526\",\"name\":\"Redactor\",\"image\":{\"@type\":\"ImageObject\",\"inLanguage\":\"en-US\",\"@id\":\"https:\\\/\\\/pulso27.com\\\/wp-content\\\/uploads\\\/2025\\\/03\\\/a-150x150.png\",\"url\":\"https:\\\/\\\/pulso27.com\\\/wp-content\\\/uploads\\\/2025\\\/03\\\/a-150x150.png\",\"contentUrl\":\"https:\\\/\\\/pulso27.com\\\/wp-content\\\/uploads\\\/2025\\\/03\\\/a-150x150.png\",\"caption\":\"Redactor\"},\"sameAs\":[\"http:\\\/\\\/www.pulso27.com\"],\"url\":\"http:\\\/\\\/pulso27.com\\\/en\\\/author\\\/redactor\\\/\"}]}<\/script>\n<!-- \/ Yoast SEO plugin. -->","yoast_head_json":{"title":"Triunfo de los agricultores europeos - Pulso27","robots":{"index":"index","follow":"follow","max-snippet":"max-snippet:-1","max-image-preview":"max-image-preview:large","max-video-preview":"max-video-preview:-1"},"canonical":"https:\/\/pulso27.com\/en\/actualidad\/agricultura\/triunfo-de-los-agricultores-europeos\/","og_locale":"en_US","og_type":"article","og_title":"Triunfo de los agricultores europeos - Pulso27","og_description":"El pleno del Parlamento Europeo vot\u00f3 el 21 de enero de 2026 remitir el pacto al Tribunal de Justicia de la UE (TJUE) para evaluar su compatibilidad con los tratados europeos, especialmente en est\u00e1ndares ambientales, sanitarios y de protecci\u00f3n agraria. La votaci\u00f3n fue ajustad\u00edsima: 334 a favor, 324 en contra y 11 abstenciones. Firmado apenas [&hellip;]","og_url":"https:\/\/pulso27.com\/en\/actualidad\/agricultura\/triunfo-de-los-agricultores-europeos\/","og_site_name":"Pulso27","article_publisher":"https:\/\/www.facebook.com\/pulso27\/","article_published_time":"2026-01-27T13:13:11+00:00","article_modified_time":"2026-01-27T13:19:17+00:00","og_image":[{"width":1200,"height":800,"url":"https:\/\/pulso27.com\/wp-content\/uploads\/2026\/01\/AgricultoresE.png","type":"image\/png"}],"author":"Redactor","twitter_card":"summary_large_image","twitter_creator":"@Pulso_27","twitter_site":"@Pulso_27","twitter_misc":{"Written by":"Redactor","Est. reading time":"2 minutes"},"schema":{"@context":"https:\/\/schema.org","@graph":[{"@type":"Article","@id":"https:\/\/pulso27.com\/actualidad\/agricultura\/triunfo-de-los-agricultores-europeos\/#article","isPartOf":{"@id":"https:\/\/pulso27.com\/actualidad\/agricultura\/triunfo-de-los-agricultores-europeos\/"},"author":{"name":"Redactor","@id":"https:\/\/pulso27.com\/en\/#\/schema\/person\/bf5ee161e6c87f6c7d57f5e689ef8526"},"headline":"Triunfo de los agricultores europeos","datePublished":"2026-01-27T13:13:11+00:00","dateModified":"2026-01-27T13:19:17+00:00","mainEntityOfPage":{"@id":"https:\/\/pulso27.com\/actualidad\/agricultura\/triunfo-de-los-agricultores-europeos\/"},"wordCount":243,"commentCount":0,"publisher":{"@id":"https:\/\/pulso27.com\/en\/#organization"},"image":{"@id":"https:\/\/pulso27.com\/actualidad\/agricultura\/triunfo-de-los-agricultores-europeos\/#primaryimage"},"thumbnailUrl":"https:\/\/pulso27.com\/wp-content\/uploads\/2026\/01\/AgricultoresE.png","keywords":["Agricultores","Europa","Parlamento Europeo"],"articleSection":["Actualidad","Agricultura","Internacional","Videos"],"inLanguage":"en-US","potentialAction":[{"@type":"CommentAction","name":"Comment","target":["https:\/\/pulso27.com\/actualidad\/agricultura\/triunfo-de-los-agricultores-europeos\/#respond"]}]},{"@type":"WebPage","@id":"https:\/\/pulso27.com\/actualidad\/agricultura\/triunfo-de-los-agricultores-europeos\/","url":"https:\/\/pulso27.com\/actualidad\/agricultura\/triunfo-de-los-agricultores-europeos\/","name":"Triunfo de los agricultores europeos - Pulso27","isPartOf":{"@id":"https:\/\/pulso27.com\/en\/#website"},"primaryImageOfPage":{"@id":"https:\/\/pulso27.com\/actualidad\/agricultura\/triunfo-de-los-agricultores-europeos\/#primaryimage"},"image":{"@id":"https:\/\/pulso27.com\/actualidad\/agricultura\/triunfo-de-los-agricultores-europeos\/#primaryimage"},"thumbnailUrl":"https:\/\/pulso27.com\/wp-content\/uploads\/2026\/01\/AgricultoresE.png","datePublished":"2026-01-27T13:13:11+00:00","dateModified":"2026-01-27T13:19:17+00:00","breadcrumb":{"@id":"https:\/\/pulso27.com\/actualidad\/agricultura\/triunfo-de-los-agricultores-europeos\/#breadcrumb"},"inLanguage":"en-US","potentialAction":[{"@type":"ReadAction","target":["https:\/\/pulso27.com\/actualidad\/agricultura\/triunfo-de-los-agricultores-europeos\/"]}]},{"@type":"ImageObject","inLanguage":"en-US","@id":"https:\/\/pulso27.com\/actualidad\/agricultura\/triunfo-de-los-agricultores-europeos\/#primaryimage","url":"https:\/\/pulso27.com\/wp-content\/uploads\/2026\/01\/AgricultoresE.png","contentUrl":"https:\/\/pulso27.com\/wp-content\/uploads\/2026\/01\/AgricultoresE.png","width":1200,"height":800},{"@type":"BreadcrumbList","@id":"https:\/\/pulso27.com\/actualidad\/agricultura\/triunfo-de-los-agricultores-europeos\/#breadcrumb","itemListElement":[{"@type":"ListItem","position":1,"name":"Portada","item":"https:\/\/pulso27.com\/"},{"@type":"ListItem","position":2,"name":"Triunfo de los agricultores europeos"}]},{"@type":"WebSite","@id":"https:\/\/pulso27.com\/en\/#website","url":"https:\/\/pulso27.com\/en\/","name":"Pulso27","description":"Web de noticias y publicidad","publisher":{"@id":"https:\/\/pulso27.com\/en\/#organization"},"alternateName":"El pulso del pueblo","potentialAction":[{"@type":"SearchAction","target":{"@type":"EntryPoint","urlTemplate":"https:\/\/pulso27.com\/en\/?s={search_term_string}"},"query-input":{"@type":"PropertyValueSpecification","valueRequired":true,"valueName":"search_term_string"}}],"inLanguage":"en-US"},{"@type":"Organization","@id":"https:\/\/pulso27.com\/en\/#organization","name":"Pulso27","url":"https:\/\/pulso27.com\/en\/","logo":{"@type":"ImageObject","inLanguage":"en-US","@id":"https:\/\/pulso27.com\/en\/#\/schema\/logo\/image\/","url":"https:\/\/pulso27.com\/wp-content\/uploads\/2026\/02\/Logotipo-de-la-organizacion-696-x-696-px-ok.png","contentUrl":"https:\/\/pulso27.com\/wp-content\/uploads\/2026\/02\/Logotipo-de-la-organizacion-696-x-696-px-ok.png","width":696,"height":696,"caption":"Pulso27"},"image":{"@id":"https:\/\/pulso27.com\/en\/#\/schema\/logo\/image\/"},"sameAs":["https:\/\/www.facebook.com\/pulso27\/","https:\/\/x.com\/Pulso_27","https:\/\/www.youtube.com\/@Pulso27","https:\/\/www.tiktok.com\/@pulso_27"]},{"@type":"Person","@id":"https:\/\/pulso27.com\/en\/#\/schema\/person\/bf5ee161e6c87f6c7d57f5e689ef8526","name":"Redactor","image":{"@type":"ImageObject","inLanguage":"en-US","@id":"https:\/\/pulso27.com\/wp-content\/uploads\/2025\/03\/a-150x150.png","url":"https:\/\/pulso27.com\/wp-content\/uploads\/2025\/03\/a-150x150.png","contentUrl":"https:\/\/pulso27.com\/wp-content\/uploads\/2025\/03\/a-150x150.png","caption":"Redactor"},"sameAs":["http:\/\/www.pulso27.com"],"url":"http:\/\/pulso27.com\/en\/author\/redactor\/"}]}},"amp_enabled":true,"_links":{"self":[{"href":"http:\/\/pulso27.com\/en\/wp-json\/wp\/v2\/posts\/7512","targetHints":{"allow":["GET"]}}],"collection":[{"href":"http:\/\/pulso27.com\/en\/wp-json\/wp\/v2\/posts"}],"about":[{"href":"http:\/\/pulso27.com\/en\/wp-json\/wp\/v2\/types\/post"}],"author":[{"embeddable":true,"href":"http:\/\/pulso27.com\/en\/wp-json\/wp\/v2\/users\/13"}],"replies":[{"embeddable":true,"href":"http:\/\/pulso27.com\/en\/wp-json\/wp\/v2\/comments?post=7512"}],"version-history":[{"count":1,"href":"http:\/\/pulso27.com\/en\/wp-json\/wp\/v2\/posts\/7512\/revisions"}],"predecessor-version":[{"id":7514,"href":"http:\/\/pulso27.com\/en\/wp-json\/wp\/v2\/posts\/7512\/revisions\/7514"}],"wp:featuredmedia":[{"embeddable":true,"href":"http:\/\/pulso27.com\/en\/wp-json\/wp\/v2\/media\/7518"}],"wp:attachment":[{"href":"http:\/\/pulso27.com\/en\/wp-json\/wp\/v2\/media?parent=7512"}],"wp:term":[{"taxonomy":"category","embeddable":true,"href":"http:\/\/pulso27.com\/en\/wp-json\/wp\/v2\/categories?post=7512"},{"taxonomy":"post_tag","embeddable":true,"href":"http:\/\/pulso27.com\/en\/wp-json\/wp\/v2\/tags?post=7512"}],"curies":[{"name":"wp","href":"https:\/\/api.w.org\/{rel}","templated":true}]}}