{"id":7880,"date":"2026-04-29T05:31:53","date_gmt":"2026-04-29T00:31:53","guid":{"rendered":"https:\/\/pulso27.com\/?p=7880"},"modified":"2026-04-29T05:31:59","modified_gmt":"2026-04-29T00:31:59","slug":"huancavelica-denuncian-coaccion-a-sobreviviente-y-liberacion-de-militares-agrava-crisis-por-muerte-de-cinco-jovenes","status":"publish","type":"post","link":"http:\/\/pulso27.com\/en\/actualidad\/policial\/huancavelica-denuncian-coaccion-a-sobreviviente-y-liberacion-de-militares-agrava-crisis-por-muerte-de-cinco-jovenes\/","title":{"rendered":"Huancavelica: denuncian coacci\u00f3n a sobreviviente y liberaci\u00f3n de militares agrava crisis por muerte de cinco j\u00f3venes"},"content":{"rendered":"<p>Huancavelica 27 de abril 2026.\u2013 La investigaci\u00f3n por la muerte de cinco j\u00f3venes durante un operativo militar en el VRAEM se ha intensificado tras la aparici\u00f3n de nuevas versiones que cuestionan la actuaci\u00f3n de las fuerzas del orden y del sistema de justicia.<\/p>\n\n\n\n<p>Un sobreviviente del hecho denunci\u00f3 que fue obligado por militares a declarar que el grupo transportaba droga. Seg\u00fan indic\u00f3, su testimonio inicial fue dado bajo amenazas y sin abogado, por lo que posteriormente se retract\u00f3 ante una fiscal\u00eda de derechos humanos, asegurando que no llevaban sustancias il\u00edcitas ni armas.<\/p>\n\n\n\n<p>La defensa de las familias sostiene que no existe evidencia que vincule a las v\u00edctimas con el narcotr\u00e1fico y que el uso de la fuerza fue injustificado. Adem\u00e1s, cuestion\u00f3 la validez de las primeras diligencias al considerar que se habr\u00edan vulnerado garant\u00edas b\u00e1sicas.<\/p>\n\n\n\n<p>En paralelo, los ocho militares investigados recuperaron su libertad luego de que venciera el plazo de detenci\u00f3n preliminar sin que el Ministerio P\u00fablico solicitara prisi\u00f3n preventiva. La defensa anunci\u00f3 que presentar\u00e1 una queja ante el \u00f3rgano de control por presuntas omisiones en la actuaci\u00f3n fiscal.<\/p>\n\n\n\n<p>Las versiones sobre el operativo siguen enfrentadas. Mientras familiares y comuneros afirman que los j\u00f3venes regresaban de una actividad deportiva cuando fueron atacados, las Fuerzas Armadas sostienen que actuaron en leg\u00edtima defensa durante una intervenci\u00f3n contra el narcotr\u00e1fico.<\/p>\n\n\n\n<p>La poblaci\u00f3n de Colcabamba ha expresado su rechazo a lo ocurrido y denuncia un uso desproporcionado de la fuerza. Los familiares de las v\u00edctimas exigen justicia y una investigaci\u00f3n imparcial que permita esclarecer los hechos.<\/p>\n\n\n\n<p>El caso contin\u00faa en desarrollo y los nuevos testimonios podr\u00edan ser determinantes para establecer responsabilidades penales en un hecho que ha generado conmoci\u00f3n y cuestionamientos a las instituciones.<\/p>","protected":false},"excerpt":{"rendered":"<p>Huancavelica 27 de abril 2026.\u2013 La investigaci\u00f3n por la muerte de cinco j\u00f3venes durante un operativo militar en el VRAEM se ha intensificado tras la aparici\u00f3n de nuevas versiones que cuestionan la actuaci\u00f3n de las fuerzas del orden y del sistema de justicia. Un sobreviviente del hecho denunci\u00f3 que fue obligado por militares a declarar [&hellip;]<\/p>\n","protected":false},"author":7,"featured_media":7881,"comment_status":"open","ping_status":"open","sticky":false,"template":"","format":"standard","meta":{"footnotes":""},"categories":[178,810,1852],"tags":[2754,2755,690],"class_list":["post-7880","post","type-post","status-publish","format-standard","has-post-thumbnail","hentry","category-policial","category-regional","category-tendencia","tag-colcabamba","tag-emboscada","tag-huancavelica"],"yoast_head":"<!-- This site is optimized with the Yoast SEO plugin v27.4 - https:\/\/yoast.com\/product\/yoast-seo-wordpress\/ -->\n<title>Huancavelica: denuncian coacci\u00f3n a sobreviviente y liberaci\u00f3n de militares agrava crisis por muerte de cinco j\u00f3venes - Pulso27<\/title>\n<meta name=\"robots\" content=\"index, follow, max-snippet:-1, max-image-preview:large, max-video-preview:-1\" \/>\n<link rel=\"canonical\" href=\"https:\/\/pulso27.com\/en\/actualidad\/policial\/huancavelica-denuncian-coaccion-a-sobreviviente-y-liberacion-de-militares-agrava-crisis-por-muerte-de-cinco-jovenes\/\" \/>\n<meta property=\"og:locale\" content=\"en_US\" \/>\n<meta property=\"og:type\" content=\"article\" \/>\n<meta property=\"og:title\" content=\"Huancavelica: denuncian coacci\u00f3n a sobreviviente y liberaci\u00f3n de militares agrava crisis por muerte de cinco j\u00f3venes - Pulso27\" \/>\n<meta property=\"og:description\" content=\"Huancavelica 27 de abril 2026.\u2013 La investigaci\u00f3n por la muerte de cinco j\u00f3venes durante un operativo militar en el VRAEM se ha intensificado tras la aparici\u00f3n de nuevas versiones que cuestionan la actuaci\u00f3n de las fuerzas del orden y del sistema de justicia. Un sobreviviente del hecho denunci\u00f3 que fue obligado por militares a declarar [&hellip;]\" \/>\n<meta property=\"og:url\" content=\"https:\/\/pulso27.com\/en\/actualidad\/policial\/huancavelica-denuncian-coaccion-a-sobreviviente-y-liberacion-de-militares-agrava-crisis-por-muerte-de-cinco-jovenes\/\" \/>\n<meta property=\"og:site_name\" content=\"Pulso27\" \/>\n<meta property=\"article:publisher\" content=\"https:\/\/www.facebook.com\/pulso27\/\" \/>\n<meta property=\"article:published_time\" content=\"2026-04-29T00:31:53+00:00\" \/>\n<meta property=\"article:modified_time\" content=\"2026-04-29T00:31:59+00:00\" \/>\n<meta property=\"og:image\" content=\"https:\/\/pulso27.com\/wp-content\/uploads\/2026\/04\/Colcabamba.png\" \/>\n\t<meta property=\"og:image:width\" content=\"1200\" \/>\n\t<meta property=\"og:image:height\" content=\"800\" \/>\n\t<meta property=\"og:image:type\" content=\"image\/png\" \/>\n<meta name=\"author\" content=\"Tupaq\" \/>\n<meta name=\"twitter:card\" content=\"summary_large_image\" \/>\n<meta name=\"twitter:creator\" content=\"@Pulso_27\" \/>\n<meta name=\"twitter:site\" content=\"@Pulso_27\" \/>\n<meta name=\"twitter:label1\" content=\"Written by\" \/>\n\t<meta name=\"twitter:data1\" content=\"Tupaq\" \/>\n\t<meta name=\"twitter:label2\" content=\"Est. reading time\" \/>\n\t<meta name=\"twitter:data2\" content=\"2 minutes\" \/>\n<script type=\"application\/ld+json\" class=\"yoast-schema-graph\">{\"@context\":\"https:\\\/\\\/schema.org\",\"@graph\":[{\"@type\":\"Article\",\"@id\":\"https:\\\/\\\/pulso27.com\\\/actualidad\\\/policial\\\/huancavelica-denuncian-coaccion-a-sobreviviente-y-liberacion-de-militares-agrava-crisis-por-muerte-de-cinco-jovenes\\\/#article\",\"isPartOf\":{\"@id\":\"https:\\\/\\\/pulso27.com\\\/actualidad\\\/policial\\\/huancavelica-denuncian-coaccion-a-sobreviviente-y-liberacion-de-militares-agrava-crisis-por-muerte-de-cinco-jovenes\\\/\"},\"author\":{\"name\":\"Tupaq\",\"@id\":\"https:\\\/\\\/pulso27.com\\\/en\\\/#\\\/schema\\\/person\\\/d20fd7f5bc7f2e53fd150d43fca07a78\"},\"headline\":\"Huancavelica: denuncian coacci\u00f3n a sobreviviente y liberaci\u00f3n de militares agrava crisis por muerte de cinco j\u00f3venes\",\"datePublished\":\"2026-04-29T00:31:53+00:00\",\"dateModified\":\"2026-04-29T00:31:59+00:00\",\"mainEntityOfPage\":{\"@id\":\"https:\\\/\\\/pulso27.com\\\/actualidad\\\/policial\\\/huancavelica-denuncian-coaccion-a-sobreviviente-y-liberacion-de-militares-agrava-crisis-por-muerte-de-cinco-jovenes\\\/\"},\"wordCount\":325,\"commentCount\":0,\"publisher\":{\"@id\":\"https:\\\/\\\/pulso27.com\\\/en\\\/#organization\"},\"image\":{\"@id\":\"https:\\\/\\\/pulso27.com\\\/actualidad\\\/policial\\\/huancavelica-denuncian-coaccion-a-sobreviviente-y-liberacion-de-militares-agrava-crisis-por-muerte-de-cinco-jovenes\\\/#primaryimage\"},\"thumbnailUrl\":\"https:\\\/\\\/pulso27.com\\\/wp-content\\\/uploads\\\/2026\\\/04\\\/Colcabamba.png\",\"keywords\":[\"Colcabamba\",\"Emboscada\",\"Huancavelica\"],\"articleSection\":[\"Policial\",\"Regional\",\"Tendencia\"],\"inLanguage\":\"en-US\",\"potentialAction\":[{\"@type\":\"CommentAction\",\"name\":\"Comment\",\"target\":[\"https:\\\/\\\/pulso27.com\\\/actualidad\\\/policial\\\/huancavelica-denuncian-coaccion-a-sobreviviente-y-liberacion-de-militares-agrava-crisis-por-muerte-de-cinco-jovenes\\\/#respond\"]}]},{\"@type\":\"WebPage\",\"@id\":\"https:\\\/\\\/pulso27.com\\\/actualidad\\\/policial\\\/huancavelica-denuncian-coaccion-a-sobreviviente-y-liberacion-de-militares-agrava-crisis-por-muerte-de-cinco-jovenes\\\/\",\"url\":\"https:\\\/\\\/pulso27.com\\\/actualidad\\\/policial\\\/huancavelica-denuncian-coaccion-a-sobreviviente-y-liberacion-de-militares-agrava-crisis-por-muerte-de-cinco-jovenes\\\/\",\"name\":\"Huancavelica: denuncian coacci\u00f3n a sobreviviente y liberaci\u00f3n de militares agrava crisis por muerte de cinco j\u00f3venes - Pulso27\",\"isPartOf\":{\"@id\":\"https:\\\/\\\/pulso27.com\\\/en\\\/#website\"},\"primaryImageOfPage\":{\"@id\":\"https:\\\/\\\/pulso27.com\\\/actualidad\\\/policial\\\/huancavelica-denuncian-coaccion-a-sobreviviente-y-liberacion-de-militares-agrava-crisis-por-muerte-de-cinco-jovenes\\\/#primaryimage\"},\"image\":{\"@id\":\"https:\\\/\\\/pulso27.com\\\/actualidad\\\/policial\\\/huancavelica-denuncian-coaccion-a-sobreviviente-y-liberacion-de-militares-agrava-crisis-por-muerte-de-cinco-jovenes\\\/#primaryimage\"},\"thumbnailUrl\":\"https:\\\/\\\/pulso27.com\\\/wp-content\\\/uploads\\\/2026\\\/04\\\/Colcabamba.png\",\"datePublished\":\"2026-04-29T00:31:53+00:00\",\"dateModified\":\"2026-04-29T00:31:59+00:00\",\"breadcrumb\":{\"@id\":\"https:\\\/\\\/pulso27.com\\\/actualidad\\\/policial\\\/huancavelica-denuncian-coaccion-a-sobreviviente-y-liberacion-de-militares-agrava-crisis-por-muerte-de-cinco-jovenes\\\/#breadcrumb\"},\"inLanguage\":\"en-US\",\"potentialAction\":[{\"@type\":\"ReadAction\",\"target\":[\"https:\\\/\\\/pulso27.com\\\/actualidad\\\/policial\\\/huancavelica-denuncian-coaccion-a-sobreviviente-y-liberacion-de-militares-agrava-crisis-por-muerte-de-cinco-jovenes\\\/\"]}]},{\"@type\":\"ImageObject\",\"inLanguage\":\"en-US\",\"@id\":\"https:\\\/\\\/pulso27.com\\\/actualidad\\\/policial\\\/huancavelica-denuncian-coaccion-a-sobreviviente-y-liberacion-de-militares-agrava-crisis-por-muerte-de-cinco-jovenes\\\/#primaryimage\",\"url\":\"https:\\\/\\\/pulso27.com\\\/wp-content\\\/uploads\\\/2026\\\/04\\\/Colcabamba.png\",\"contentUrl\":\"https:\\\/\\\/pulso27.com\\\/wp-content\\\/uploads\\\/2026\\\/04\\\/Colcabamba.png\",\"width\":1200,\"height\":800},{\"@type\":\"BreadcrumbList\",\"@id\":\"https:\\\/\\\/pulso27.com\\\/actualidad\\\/policial\\\/huancavelica-denuncian-coaccion-a-sobreviviente-y-liberacion-de-militares-agrava-crisis-por-muerte-de-cinco-jovenes\\\/#breadcrumb\",\"itemListElement\":[{\"@type\":\"ListItem\",\"position\":1,\"name\":\"Portada\",\"item\":\"https:\\\/\\\/pulso27.com\\\/\"},{\"@type\":\"ListItem\",\"position\":2,\"name\":\"Huancavelica: denuncian coacci\u00f3n a sobreviviente y liberaci\u00f3n de militares agrava crisis por muerte de cinco j\u00f3venes\"}]},{\"@type\":\"WebSite\",\"@id\":\"https:\\\/\\\/pulso27.com\\\/en\\\/#website\",\"url\":\"https:\\\/\\\/pulso27.com\\\/en\\\/\",\"name\":\"Pulso27\",\"description\":\"Web de noticias y publicidad\",\"publisher\":{\"@id\":\"https:\\\/\\\/pulso27.com\\\/en\\\/#organization\"},\"alternateName\":\"El pulso del pueblo\",\"potentialAction\":[{\"@type\":\"SearchAction\",\"target\":{\"@type\":\"EntryPoint\",\"urlTemplate\":\"https:\\\/\\\/pulso27.com\\\/en\\\/?s={search_term_string}\"},\"query-input\":{\"@type\":\"PropertyValueSpecification\",\"valueRequired\":true,\"valueName\":\"search_term_string\"}}],\"inLanguage\":\"en-US\"},{\"@type\":\"Organization\",\"@id\":\"https:\\\/\\\/pulso27.com\\\/en\\\/#organization\",\"name\":\"Pulso27\",\"url\":\"https:\\\/\\\/pulso27.com\\\/en\\\/\",\"logo\":{\"@type\":\"ImageObject\",\"inLanguage\":\"en-US\",\"@id\":\"https:\\\/\\\/pulso27.com\\\/en\\\/#\\\/schema\\\/logo\\\/image\\\/\",\"url\":\"https:\\\/\\\/pulso27.com\\\/wp-content\\\/uploads\\\/2026\\\/02\\\/Logotipo-de-la-organizacion-696-x-696-px-ok.png\",\"contentUrl\":\"https:\\\/\\\/pulso27.com\\\/wp-content\\\/uploads\\\/2026\\\/02\\\/Logotipo-de-la-organizacion-696-x-696-px-ok.png\",\"width\":696,\"height\":696,\"caption\":\"Pulso27\"},\"image\":{\"@id\":\"https:\\\/\\\/pulso27.com\\\/en\\\/#\\\/schema\\\/logo\\\/image\\\/\"},\"sameAs\":[\"https:\\\/\\\/www.facebook.com\\\/pulso27\\\/\",\"https:\\\/\\\/x.com\\\/Pulso_27\",\"https:\\\/\\\/www.youtube.com\\\/@Pulso27\",\"https:\\\/\\\/www.tiktok.com\\\/@pulso_27\"]},{\"@type\":\"Person\",\"@id\":\"https:\\\/\\\/pulso27.com\\\/en\\\/#\\\/schema\\\/person\\\/d20fd7f5bc7f2e53fd150d43fca07a78\",\"name\":\"Tupaq\",\"image\":{\"@type\":\"ImageObject\",\"inLanguage\":\"en-US\",\"@id\":\"https:\\\/\\\/secure.gravatar.com\\\/avatar\\\/7929e9b034aeea560319a601e4f04c59eb5f45a79eafe192adabb67e9604e7e7?s=96&d=mm&r=g\",\"url\":\"https:\\\/\\\/secure.gravatar.com\\\/avatar\\\/7929e9b034aeea560319a601e4f04c59eb5f45a79eafe192adabb67e9604e7e7?s=96&d=mm&r=g\",\"contentUrl\":\"https:\\\/\\\/secure.gravatar.com\\\/avatar\\\/7929e9b034aeea560319a601e4f04c59eb5f45a79eafe192adabb67e9604e7e7?s=96&d=mm&r=g\",\"caption\":\"Tupaq\"},\"url\":\"http:\\\/\\\/pulso27.com\\\/en\\\/author\\\/tupaq\\\/\"}]}<\/script>\n<!-- \/ Yoast SEO plugin. -->","yoast_head_json":{"title":"Huancavelica: denuncian coacci\u00f3n a sobreviviente y liberaci\u00f3n de militares agrava crisis por muerte de cinco j\u00f3venes - Pulso27","robots":{"index":"index","follow":"follow","max-snippet":"max-snippet:-1","max-image-preview":"max-image-preview:large","max-video-preview":"max-video-preview:-1"},"canonical":"https:\/\/pulso27.com\/en\/actualidad\/policial\/huancavelica-denuncian-coaccion-a-sobreviviente-y-liberacion-de-militares-agrava-crisis-por-muerte-de-cinco-jovenes\/","og_locale":"en_US","og_type":"article","og_title":"Huancavelica: denuncian coacci\u00f3n a sobreviviente y liberaci\u00f3n de militares agrava crisis por muerte de cinco j\u00f3venes - Pulso27","og_description":"Huancavelica 27 de abril 2026.\u2013 La investigaci\u00f3n por la muerte de cinco j\u00f3venes durante un operativo militar en el VRAEM se ha intensificado tras la aparici\u00f3n de nuevas versiones que cuestionan la actuaci\u00f3n de las fuerzas del orden y del sistema de justicia. Un sobreviviente del hecho denunci\u00f3 que fue obligado por militares a declarar [&hellip;]","og_url":"https:\/\/pulso27.com\/en\/actualidad\/policial\/huancavelica-denuncian-coaccion-a-sobreviviente-y-liberacion-de-militares-agrava-crisis-por-muerte-de-cinco-jovenes\/","og_site_name":"Pulso27","article_publisher":"https:\/\/www.facebook.com\/pulso27\/","article_published_time":"2026-04-29T00:31:53+00:00","article_modified_time":"2026-04-29T00:31:59+00:00","og_image":[{"width":1200,"height":800,"url":"https:\/\/pulso27.com\/wp-content\/uploads\/2026\/04\/Colcabamba.png","type":"image\/png"}],"author":"Tupaq","twitter_card":"summary_large_image","twitter_creator":"@Pulso_27","twitter_site":"@Pulso_27","twitter_misc":{"Written by":"Tupaq","Est. reading time":"2 minutes"},"schema":{"@context":"https:\/\/schema.org","@graph":[{"@type":"Article","@id":"https:\/\/pulso27.com\/actualidad\/policial\/huancavelica-denuncian-coaccion-a-sobreviviente-y-liberacion-de-militares-agrava-crisis-por-muerte-de-cinco-jovenes\/#article","isPartOf":{"@id":"https:\/\/pulso27.com\/actualidad\/policial\/huancavelica-denuncian-coaccion-a-sobreviviente-y-liberacion-de-militares-agrava-crisis-por-muerte-de-cinco-jovenes\/"},"author":{"name":"Tupaq","@id":"https:\/\/pulso27.com\/en\/#\/schema\/person\/d20fd7f5bc7f2e53fd150d43fca07a78"},"headline":"Huancavelica: denuncian coacci\u00f3n a sobreviviente y liberaci\u00f3n de militares agrava crisis por muerte de cinco j\u00f3venes","datePublished":"2026-04-29T00:31:53+00:00","dateModified":"2026-04-29T00:31:59+00:00","mainEntityOfPage":{"@id":"https:\/\/pulso27.com\/actualidad\/policial\/huancavelica-denuncian-coaccion-a-sobreviviente-y-liberacion-de-militares-agrava-crisis-por-muerte-de-cinco-jovenes\/"},"wordCount":325,"commentCount":0,"publisher":{"@id":"https:\/\/pulso27.com\/en\/#organization"},"image":{"@id":"https:\/\/pulso27.com\/actualidad\/policial\/huancavelica-denuncian-coaccion-a-sobreviviente-y-liberacion-de-militares-agrava-crisis-por-muerte-de-cinco-jovenes\/#primaryimage"},"thumbnailUrl":"https:\/\/pulso27.com\/wp-content\/uploads\/2026\/04\/Colcabamba.png","keywords":["Colcabamba","Emboscada","Huancavelica"],"articleSection":["Policial","Regional","Tendencia"],"inLanguage":"en-US","potentialAction":[{"@type":"CommentAction","name":"Comment","target":["https:\/\/pulso27.com\/actualidad\/policial\/huancavelica-denuncian-coaccion-a-sobreviviente-y-liberacion-de-militares-agrava-crisis-por-muerte-de-cinco-jovenes\/#respond"]}]},{"@type":"WebPage","@id":"https:\/\/pulso27.com\/actualidad\/policial\/huancavelica-denuncian-coaccion-a-sobreviviente-y-liberacion-de-militares-agrava-crisis-por-muerte-de-cinco-jovenes\/","url":"https:\/\/pulso27.com\/actualidad\/policial\/huancavelica-denuncian-coaccion-a-sobreviviente-y-liberacion-de-militares-agrava-crisis-por-muerte-de-cinco-jovenes\/","name":"Huancavelica: denuncian coacci\u00f3n a sobreviviente y liberaci\u00f3n de militares agrava crisis por muerte de cinco j\u00f3venes - Pulso27","isPartOf":{"@id":"https:\/\/pulso27.com\/en\/#website"},"primaryImageOfPage":{"@id":"https:\/\/pulso27.com\/actualidad\/policial\/huancavelica-denuncian-coaccion-a-sobreviviente-y-liberacion-de-militares-agrava-crisis-por-muerte-de-cinco-jovenes\/#primaryimage"},"image":{"@id":"https:\/\/pulso27.com\/actualidad\/policial\/huancavelica-denuncian-coaccion-a-sobreviviente-y-liberacion-de-militares-agrava-crisis-por-muerte-de-cinco-jovenes\/#primaryimage"},"thumbnailUrl":"https:\/\/pulso27.com\/wp-content\/uploads\/2026\/04\/Colcabamba.png","datePublished":"2026-04-29T00:31:53+00:00","dateModified":"2026-04-29T00:31:59+00:00","breadcrumb":{"@id":"https:\/\/pulso27.com\/actualidad\/policial\/huancavelica-denuncian-coaccion-a-sobreviviente-y-liberacion-de-militares-agrava-crisis-por-muerte-de-cinco-jovenes\/#breadcrumb"},"inLanguage":"en-US","potentialAction":[{"@type":"ReadAction","target":["https:\/\/pulso27.com\/actualidad\/policial\/huancavelica-denuncian-coaccion-a-sobreviviente-y-liberacion-de-militares-agrava-crisis-por-muerte-de-cinco-jovenes\/"]}]},{"@type":"ImageObject","inLanguage":"en-US","@id":"https:\/\/pulso27.com\/actualidad\/policial\/huancavelica-denuncian-coaccion-a-sobreviviente-y-liberacion-de-militares-agrava-crisis-por-muerte-de-cinco-jovenes\/#primaryimage","url":"https:\/\/pulso27.com\/wp-content\/uploads\/2026\/04\/Colcabamba.png","contentUrl":"https:\/\/pulso27.com\/wp-content\/uploads\/2026\/04\/Colcabamba.png","width":1200,"height":800},{"@type":"BreadcrumbList","@id":"https:\/\/pulso27.com\/actualidad\/policial\/huancavelica-denuncian-coaccion-a-sobreviviente-y-liberacion-de-militares-agrava-crisis-por-muerte-de-cinco-jovenes\/#breadcrumb","itemListElement":[{"@type":"ListItem","position":1,"name":"Portada","item":"https:\/\/pulso27.com\/"},{"@type":"ListItem","position":2,"name":"Huancavelica: denuncian coacci\u00f3n a sobreviviente y liberaci\u00f3n de militares agrava crisis por muerte de cinco j\u00f3venes"}]},{"@type":"WebSite","@id":"https:\/\/pulso27.com\/en\/#website","url":"https:\/\/pulso27.com\/en\/","name":"Pulso27","description":"Web de noticias y publicidad","publisher":{"@id":"https:\/\/pulso27.com\/en\/#organization"},"alternateName":"El pulso del pueblo","potentialAction":[{"@type":"SearchAction","target":{"@type":"EntryPoint","urlTemplate":"https:\/\/pulso27.com\/en\/?s={search_term_string}"},"query-input":{"@type":"PropertyValueSpecification","valueRequired":true,"valueName":"search_term_string"}}],"inLanguage":"en-US"},{"@type":"Organization","@id":"https:\/\/pulso27.com\/en\/#organization","name":"Pulso27","url":"https:\/\/pulso27.com\/en\/","logo":{"@type":"ImageObject","inLanguage":"en-US","@id":"https:\/\/pulso27.com\/en\/#\/schema\/logo\/image\/","url":"https:\/\/pulso27.com\/wp-content\/uploads\/2026\/02\/Logotipo-de-la-organizacion-696-x-696-px-ok.png","contentUrl":"https:\/\/pulso27.com\/wp-content\/uploads\/2026\/02\/Logotipo-de-la-organizacion-696-x-696-px-ok.png","width":696,"height":696,"caption":"Pulso27"},"image":{"@id":"https:\/\/pulso27.com\/en\/#\/schema\/logo\/image\/"},"sameAs":["https:\/\/www.facebook.com\/pulso27\/","https:\/\/x.com\/Pulso_27","https:\/\/www.youtube.com\/@Pulso27","https:\/\/www.tiktok.com\/@pulso_27"]},{"@type":"Person","@id":"https:\/\/pulso27.com\/en\/#\/schema\/person\/d20fd7f5bc7f2e53fd150d43fca07a78","name":"Tupaq","image":{"@type":"ImageObject","inLanguage":"en-US","@id":"https:\/\/secure.gravatar.com\/avatar\/7929e9b034aeea560319a601e4f04c59eb5f45a79eafe192adabb67e9604e7e7?s=96&d=mm&r=g","url":"https:\/\/secure.gravatar.com\/avatar\/7929e9b034aeea560319a601e4f04c59eb5f45a79eafe192adabb67e9604e7e7?s=96&d=mm&r=g","contentUrl":"https:\/\/secure.gravatar.com\/avatar\/7929e9b034aeea560319a601e4f04c59eb5f45a79eafe192adabb67e9604e7e7?s=96&d=mm&r=g","caption":"Tupaq"},"url":"http:\/\/pulso27.com\/en\/author\/tupaq\/"}]}},"amp_enabled":true,"_links":{"self":[{"href":"http:\/\/pulso27.com\/en\/wp-json\/wp\/v2\/posts\/7880","targetHints":{"allow":["GET"]}}],"collection":[{"href":"http:\/\/pulso27.com\/en\/wp-json\/wp\/v2\/posts"}],"about":[{"href":"http:\/\/pulso27.com\/en\/wp-json\/wp\/v2\/types\/post"}],"author":[{"embeddable":true,"href":"http:\/\/pulso27.com\/en\/wp-json\/wp\/v2\/users\/7"}],"replies":[{"embeddable":true,"href":"http:\/\/pulso27.com\/en\/wp-json\/wp\/v2\/comments?post=7880"}],"version-history":[{"count":1,"href":"http:\/\/pulso27.com\/en\/wp-json\/wp\/v2\/posts\/7880\/revisions"}],"predecessor-version":[{"id":7885,"href":"http:\/\/pulso27.com\/en\/wp-json\/wp\/v2\/posts\/7880\/revisions\/7885"}],"wp:featuredmedia":[{"embeddable":true,"href":"http:\/\/pulso27.com\/en\/wp-json\/wp\/v2\/media\/7881"}],"wp:attachment":[{"href":"http:\/\/pulso27.com\/en\/wp-json\/wp\/v2\/media?parent=7880"}],"wp:term":[{"taxonomy":"category","embeddable":true,"href":"http:\/\/pulso27.com\/en\/wp-json\/wp\/v2\/categories?post=7880"},{"taxonomy":"post_tag","embeddable":true,"href":"http:\/\/pulso27.com\/en\/wp-json\/wp\/v2\/tags?post=7880"}],"curies":[{"name":"wp","href":"https:\/\/api.w.org\/{rel}","templated":true}]}}