{"id":1957,"date":"2024-08-22T01:43:57","date_gmt":"2024-08-21T20:43:57","guid":{"rendered":"https:\/\/pulso27.com\/?p=1957"},"modified":"2024-08-30T01:07:40","modified_gmt":"2024-08-29T20:07:40","slug":"espinar-lanza-ultimatum-al-gobierno-de-dina-boluarte-por-incumplimiento-de-compromisos","status":"publish","type":"post","link":"http:\/\/pulso27.com\/es\/nacional\/espinar-lanza-ultimatum-al-gobierno-de-dina-boluarte-por-incumplimiento-de-compromisos\/","title":{"rendered":"Espinar Lanza Ultim\u00e1tum al Gobierno por Incumplimiento de Compromisos"},"content":{"rendered":"\n<p><strong>Espinar, Cusco \u2013 21 de agosto de 2024<\/strong> \u2013 La provincia de Espinar, ubicada en el departamento de Cusco, ha alcanzado un nuevo umbral de tensi\u00f3n y descontento. Las organizaciones sociales de la regi\u00f3n, lideradas por la alcaldesa y otros dirigentes comunitarios, han emitido un ultim\u00e1tum al Gobierno de Dina Boluarte, exigiendo respuestas inmediatas tras el incumplimiento de compromisos por parte del viceministro de Energ\u00eda y Minas, Henry Luna. La crisis se ha agravado debido a la falta de acci\u00f3n del Ejecutivo frente a una serie de problemas cr\u00edticos que afectan a la provincia, que estaban siendo abordados en una mesa de di\u00e1logo implementado por la Presidencia del Consejo de Ministros (PCM).<\/p>\n\n\n\n<p>La Presidencia del Consejo de Ministros (PCM) a trav\u00e9s de un documento escueto ha respondido diciendo que las demandas de las autoridades y dirigentes comunales de Espinar est\u00e1n siendo coordinadas con los funcionarios de alta direcci\u00f3n de los sectores del Ejecutivo. Por lo que, han sugerido desarrollar la reuni\u00f3n solicitada la primera semana de setiembre del presente, donde se tratar\u00eda adem\u00e1s, la solicitud de reestructuraci\u00f3n del espacio de di\u00e1logo conforme han propuesto los actores de la provincia de Espinar.<\/p>\n\n\n\n<p><strong>Incumplimiento del Viceministro de Energ\u00eda y Minas<\/strong><\/p>\n\n\n\n<p>El viceministro Henry Luna hab\u00eda prometido visitar Espinar el 13 de agosto para abordar diversas problem\u00e1ticas que afectan a la provincia. Sin embargo, su ausencia en la fecha prometida gener\u00f3 una fuerte reacci\u00f3n entre los habitantes de Espinar. La falta de cumplimiento de esta promesa ha intensificado la frustraci\u00f3n de la comunidad, que ha percibido la ausencia del viceministro como una falta de atenci\u00f3n y compromiso del gobierno central.<\/p>\n\n\n\n<p>En respuesta a esta situaci\u00f3n, las organizaciones sociales se reunieron este mi\u00e9rcoles para discutir las acciones a seguir. Durante la reuni\u00f3n, se acord\u00f3 un ultim\u00e1tum de 72 horas para que el primer ministro y los ministros responsables lleguen a Espinar y presenten soluciones concretas a los problemas que aquejan a la regi\u00f3n. La presi\u00f3n de la comunidad est\u00e1 centrada en la exigencia de respuestas efectivas y medidas inmediatas.<\/p>\n\n\n<div class=\"wp-block-image\">\n<figure class=\"alignleft size-full is-resized\"><img loading=\"lazy\" decoding=\"async\" width=\"595\" height=\"841\" src=\"https:\/\/pulso27.com\/wp-content\/uploads\/2024\/08\/Espinarse.jpg\" alt=\"\" class=\"wp-image-1959\" style=\"width:440px;height:auto\" srcset=\"https:\/\/pulso27.com\/wp-content\/uploads\/2024\/08\/Espinarse.jpg 595w, https:\/\/pulso27.com\/wp-content\/uploads\/2024\/08\/Espinarse-212x300.jpg 212w, https:\/\/pulso27.com\/wp-content\/uploads\/2024\/08\/Espinarse-8x12.jpg 8w\" sizes=\"auto, (max-width: 595px) 100vw, 595px\" \/><figcaption class=\"wp-element-caption\"><em>Comunicaci\u00f3n de la PCM para que la reuni\u00f3n se realice en la primera semana de setiembre del presente a\u00f1o<\/em><\/figcaption><\/figure><\/div>\n\n\n<p><strong>Problemas Cr\u00edticos en Espinar<\/strong><\/p>\n\n\n\n<p>La principal preocupaci\u00f3n de los residentes de Espinar es el impacto del corredor minero, una obra que se ha desarrollado para facilitar el transporte de minerales extra\u00eddos de las minas hacia los centros de procesamiento. Este proyecto ha tenido consecuencias profundas y duraderas en la regi\u00f3n:<\/p>\n\n\n\n<ol class=\"wp-block-list\">\n<li><strong>Contaminaci\u00f3n del Agua y Degradaci\u00f3n del Suelo:<\/strong> Las actividades mineras han resultado en una significativa contaminaci\u00f3n de los recursos h\u00eddricos y en la degradaci\u00f3n del suelo. La calidad del agua ha sido comprometida, lo que afecta gravemente la agricultura y la ganader\u00eda, pilares fundamentales de la econom\u00eda local.<\/li>\n\n\n\n<li><strong>Escasez Cr\u00f3nica de Agua:<\/strong> La falta de agua potable es otro de los problemas cr\u00edticos en Espinar. La provincia enfrenta una grave escasez de este recurso vital, exacerbada por las actividades mineras y la falta de inversi\u00f3n en infraestructura h\u00eddrica adecuada.<\/li>\n\n\n\n<li><strong>Crisis de Salud P\u00fablica:<\/strong> Un informe reciente de Amnist\u00eda Internacional titulado \u201cEstado de salud fallido: Emergencia de salud en Pueblos Ind\u00edgenas de Espinar\u201d ha revelado una alarmante crisis de salud en las comunidades ind\u00edgenas, especialmente en el Pueblo K\u2019ana. El estudio muestra que el 78% de las 150 personas examinadas tienen niveles elevados de metales t\u00f3xicos como ars\u00e9nico, manganeso, cadmio, plomo y mercurio. Estos metales est\u00e1n asociados a graves problemas de salud, desde n\u00e1useas y v\u00f3mitos hasta da\u00f1o cerebral y enfermedades renales.<\/li>\n<\/ol>\n\n\n\n<p><strong>Impacto de las Empresas Mineras<\/strong><\/p>\n\n\n\n<p>El corredor minero es operado por importantes empresas mineras, que est\u00e1n en el centro de la controversia:<\/p>\n\n\n\n<ul class=\"wp-block-list\">\n<li><strong>Glencore:<\/strong> Gestiona el Proyecto Antapaccay, uno de los principales proyectos de miner\u00eda de cobre en Espinar, tras adquirir Xstrata.<\/li>\n\n\n\n<li><strong>Southern Copper Corporation:<\/strong> Opera los proyectos Cuajone y Toquepala, ubicados al sur de Espinar y de gran influencia en la regi\u00f3n minera.<\/li>\n\n\n\n<li><strong>Hudbay Minerals:<\/strong> Encargada del Proyecto Constancia, en la vecina provincia de Chumbivilcas, pero con un impacto significativo en el corredor minero sur.<\/li>\n<\/ul>\n\n\n\n<p>Estas empresas est\u00e1n involucradas en la extracci\u00f3n de minerales como el cobre y otros metales, lo que genera un impacto considerable en el medio ambiente y en la salud de las comunidades locales.<\/p>\n\n\n\n<p><strong>Cambios Normativos y Repercusiones<\/strong><\/p>\n\n\n\n<p>El Ministerio de Energ\u00eda y Minas (Minem) ha introducido un cambio normativo que permite a las minas con concesiones activas incrementar su capacidad de procesamiento diario de 5% a 10% sin necesidad de tr\u00e1mites adicionales. Esta medida ha despertado preocupaci\u00f3n entre los residentes y las organizaciones ambientales, ya que podr\u00eda intensificar los problemas existentes en la regi\u00f3n. La minera canadiense Hudbay Minerals ha mostrado inter\u00e9s en utilizar esta medida para aumentar la producci\u00f3n en su mina polimet\u00e1lica Constancia en los pr\u00f3ximos a\u00f1os.<\/p>\n\n\n\n<p><strong>El Caso de Oscar Mollohuanca<\/strong><\/p>\n\n\n\n<p>En un contexto ya cargado de tensi\u00f3n, el caso del exalcalde y defensor ambiental Oscar Mollohuanca a\u00f1ade una capa adicional de preocupaci\u00f3n. Mollohuanca, un cr\u00edtico ferviente de las pr\u00e1cticas mineras y defensor de los derechos ambientales, fue hallado muerto en 2022. Su caso sigue sin esclarecerse, generando desconfianza y angustia entre los residentes de Espinar, que ven en su fallecimiento un s\u00edmbolo de las dificultades que enfrentan los defensores de los derechos ambientales en la regi\u00f3n.<\/p>\n\n\n\n<p><strong>Demandas y Futuro<\/strong><\/p>\n\n\n\n<p>Las demandas de la comunidad son claras: una respuesta inmediata del gobierno para abordar los problemas ambientales y de salud, y una visita urgente de los funcionarios responsables. La falta de acci\u00f3n por parte del Ejecutivo podr\u00eda llevar a nuevas movilizaciones y protestas. La comunidad de Espinar est\u00e1 en pie de lucha, exigiendo justicia y soluciones efectivas para sus problemas persistentes, y la presi\u00f3n sobre el gobierno de Dina Boluarte contin\u00faa aumentando.<\/p>\n\n\n\n<p>Fuente: Webs y redes de noticias<\/p>\n","protected":false},"excerpt":{"rendered":"<p>Espinar, Cusco \u2013 21 de agosto de 2024 \u2013 La provincia de Espinar, ubicada en el departamento de Cusco, ha alcanzado un nuevo umbral de tensi\u00f3n y descontento. Las organizaciones sociales de la regi\u00f3n, lideradas por la alcaldesa y otros dirigentes comunitarios, han emitido un ultim\u00e1tum al Gobierno de Dina Boluarte, exigiendo respuestas inmediatas tras [&hellip;]<\/p>\n","protected":false},"author":7,"featured_media":1958,"comment_status":"open","ping_status":"open","sticky":false,"template":"","format":"standard","meta":{"footnotes":""},"categories":[183,174,202],"tags":[701,573,783,784],"class_list":["post-1957","post","type-post","status-publish","format-standard","has-post-thumbnail","hentry","category-actualidad","category-nacional","category-sociedad","tag-contaminacion","tag-cusco","tag-espinar","tag-mesa-de-dialogo"],"yoast_head":"<!-- This site is optimized with the Yoast SEO plugin v27.4 - https:\/\/yoast.com\/product\/yoast-seo-wordpress\/ -->\n<title>Espinar Lanza Ultim\u00e1tum al Gobierno por Incumplimiento de Compromisos - Pulso27<\/title>\n<meta name=\"robots\" content=\"index, follow, max-snippet:-1, max-image-preview:large, max-video-preview:-1\" \/>\n<link rel=\"canonical\" href=\"https:\/\/pulso27.com\/es\/nacional\/espinar-lanza-ultimatum-al-gobierno-de-dina-boluarte-por-incumplimiento-de-compromisos\/\" \/>\n<meta property=\"og:locale\" content=\"es_ES\" \/>\n<meta property=\"og:type\" content=\"article\" \/>\n<meta property=\"og:title\" content=\"Espinar Lanza Ultim\u00e1tum al Gobierno por Incumplimiento de Compromisos - Pulso27\" \/>\n<meta property=\"og:description\" content=\"Espinar, Cusco \u2013 21 de agosto de 2024 \u2013 La provincia de Espinar, ubicada en el departamento de Cusco, ha alcanzado un nuevo umbral de tensi\u00f3n y descontento. Las organizaciones sociales de la regi\u00f3n, lideradas por la alcaldesa y otros dirigentes comunitarios, han emitido un ultim\u00e1tum al Gobierno de Dina Boluarte, exigiendo respuestas inmediatas tras [&hellip;]\" \/>\n<meta property=\"og:url\" content=\"https:\/\/pulso27.com\/es\/nacional\/espinar-lanza-ultimatum-al-gobierno-de-dina-boluarte-por-incumplimiento-de-compromisos\/\" \/>\n<meta property=\"og:site_name\" content=\"Pulso27\" \/>\n<meta property=\"article:publisher\" content=\"https:\/\/www.facebook.com\/pulso27\/\" \/>\n<meta property=\"article:published_time\" content=\"2024-08-21T20:43:57+00:00\" \/>\n<meta property=\"article:modified_time\" content=\"2024-08-29T20:07:40+00:00\" \/>\n<meta property=\"og:image\" content=\"https:\/\/pulso27.com\/wp-content\/uploads\/2024\/08\/Espinar.jpg\" \/>\n\t<meta property=\"og:image:width\" content=\"633\" \/>\n\t<meta property=\"og:image:height\" content=\"601\" \/>\n\t<meta property=\"og:image:type\" content=\"image\/jpeg\" \/>\n<meta name=\"author\" content=\"Tupaq\" \/>\n<meta name=\"twitter:card\" content=\"summary_large_image\" \/>\n<meta name=\"twitter:creator\" content=\"@Pulso_27\" \/>\n<meta name=\"twitter:site\" content=\"@Pulso_27\" \/>\n<meta name=\"twitter:label1\" content=\"Written by\" \/>\n\t<meta name=\"twitter:data1\" content=\"Tupaq\" \/>\n\t<meta name=\"twitter:label2\" content=\"Est. reading time\" \/>\n\t<meta name=\"twitter:data2\" content=\"5 minutos\" \/>\n<script type=\"application\/ld+json\" class=\"yoast-schema-graph\">{\"@context\":\"https:\\\/\\\/schema.org\",\"@graph\":[{\"@type\":\"Article\",\"@id\":\"https:\\\/\\\/pulso27.com\\\/nacional\\\/espinar-lanza-ultimatum-al-gobierno-de-dina-boluarte-por-incumplimiento-de-compromisos\\\/#article\",\"isPartOf\":{\"@id\":\"https:\\\/\\\/pulso27.com\\\/nacional\\\/espinar-lanza-ultimatum-al-gobierno-de-dina-boluarte-por-incumplimiento-de-compromisos\\\/\"},\"author\":{\"name\":\"Tupaq\",\"@id\":\"https:\\\/\\\/pulso27.com\\\/en\\\/#\\\/schema\\\/person\\\/d20fd7f5bc7f2e53fd150d43fca07a78\"},\"headline\":\"Espinar Lanza Ultim\u00e1tum al Gobierno por Incumplimiento de Compromisos\",\"datePublished\":\"2024-08-21T20:43:57+00:00\",\"dateModified\":\"2024-08-29T20:07:40+00:00\",\"mainEntityOfPage\":{\"@id\":\"https:\\\/\\\/pulso27.com\\\/nacional\\\/espinar-lanza-ultimatum-al-gobierno-de-dina-boluarte-por-incumplimiento-de-compromisos\\\/\"},\"wordCount\":1022,\"commentCount\":0,\"publisher\":{\"@id\":\"https:\\\/\\\/pulso27.com\\\/en\\\/#organization\"},\"image\":{\"@id\":\"https:\\\/\\\/pulso27.com\\\/nacional\\\/espinar-lanza-ultimatum-al-gobierno-de-dina-boluarte-por-incumplimiento-de-compromisos\\\/#primaryimage\"},\"thumbnailUrl\":\"https:\\\/\\\/pulso27.com\\\/wp-content\\\/uploads\\\/2024\\\/08\\\/Espinar.jpg\",\"keywords\":[\"Contaminaci\u00f3n\",\"Cusco\",\"Espinar\",\"Mesa de Di\u00e1logo\"],\"articleSection\":[\"Actualidad\",\"Nacional\",\"Sociedad\"],\"inLanguage\":\"es-PE\",\"potentialAction\":[{\"@type\":\"CommentAction\",\"name\":\"Comment\",\"target\":[\"https:\\\/\\\/pulso27.com\\\/nacional\\\/espinar-lanza-ultimatum-al-gobierno-de-dina-boluarte-por-incumplimiento-de-compromisos\\\/#respond\"]}]},{\"@type\":\"WebPage\",\"@id\":\"https:\\\/\\\/pulso27.com\\\/nacional\\\/espinar-lanza-ultimatum-al-gobierno-de-dina-boluarte-por-incumplimiento-de-compromisos\\\/\",\"url\":\"https:\\\/\\\/pulso27.com\\\/nacional\\\/espinar-lanza-ultimatum-al-gobierno-de-dina-boluarte-por-incumplimiento-de-compromisos\\\/\",\"name\":\"Espinar Lanza Ultim\u00e1tum al Gobierno por Incumplimiento de Compromisos - Pulso27\",\"isPartOf\":{\"@id\":\"https:\\\/\\\/pulso27.com\\\/en\\\/#website\"},\"primaryImageOfPage\":{\"@id\":\"https:\\\/\\\/pulso27.com\\\/nacional\\\/espinar-lanza-ultimatum-al-gobierno-de-dina-boluarte-por-incumplimiento-de-compromisos\\\/#primaryimage\"},\"image\":{\"@id\":\"https:\\\/\\\/pulso27.com\\\/nacional\\\/espinar-lanza-ultimatum-al-gobierno-de-dina-boluarte-por-incumplimiento-de-compromisos\\\/#primaryimage\"},\"thumbnailUrl\":\"https:\\\/\\\/pulso27.com\\\/wp-content\\\/uploads\\\/2024\\\/08\\\/Espinar.jpg\",\"datePublished\":\"2024-08-21T20:43:57+00:00\",\"dateModified\":\"2024-08-29T20:07:40+00:00\",\"breadcrumb\":{\"@id\":\"https:\\\/\\\/pulso27.com\\\/nacional\\\/espinar-lanza-ultimatum-al-gobierno-de-dina-boluarte-por-incumplimiento-de-compromisos\\\/#breadcrumb\"},\"inLanguage\":\"es-PE\",\"potentialAction\":[{\"@type\":\"ReadAction\",\"target\":[\"https:\\\/\\\/pulso27.com\\\/nacional\\\/espinar-lanza-ultimatum-al-gobierno-de-dina-boluarte-por-incumplimiento-de-compromisos\\\/\"]}]},{\"@type\":\"ImageObject\",\"inLanguage\":\"es-PE\",\"@id\":\"https:\\\/\\\/pulso27.com\\\/nacional\\\/espinar-lanza-ultimatum-al-gobierno-de-dina-boluarte-por-incumplimiento-de-compromisos\\\/#primaryimage\",\"url\":\"https:\\\/\\\/pulso27.com\\\/wp-content\\\/uploads\\\/2024\\\/08\\\/Espinar.jpg\",\"contentUrl\":\"https:\\\/\\\/pulso27.com\\\/wp-content\\\/uploads\\\/2024\\\/08\\\/Espinar.jpg\",\"width\":633,\"height\":601},{\"@type\":\"BreadcrumbList\",\"@id\":\"https:\\\/\\\/pulso27.com\\\/nacional\\\/espinar-lanza-ultimatum-al-gobierno-de-dina-boluarte-por-incumplimiento-de-compromisos\\\/#breadcrumb\",\"itemListElement\":[{\"@type\":\"ListItem\",\"position\":1,\"name\":\"Portada\",\"item\":\"https:\\\/\\\/pulso27.com\\\/\"},{\"@type\":\"ListItem\",\"position\":2,\"name\":\"Espinar Lanza Ultim\u00e1tum al Gobierno por Incumplimiento de Compromisos\"}]},{\"@type\":\"WebSite\",\"@id\":\"https:\\\/\\\/pulso27.com\\\/en\\\/#website\",\"url\":\"https:\\\/\\\/pulso27.com\\\/en\\\/\",\"name\":\"Pulso27\",\"description\":\"Web de noticias y publicidad\",\"publisher\":{\"@id\":\"https:\\\/\\\/pulso27.com\\\/en\\\/#organization\"},\"alternateName\":\"El pulso del pueblo\",\"potentialAction\":[{\"@type\":\"SearchAction\",\"target\":{\"@type\":\"EntryPoint\",\"urlTemplate\":\"https:\\\/\\\/pulso27.com\\\/en\\\/?s={search_term_string}\"},\"query-input\":{\"@type\":\"PropertyValueSpecification\",\"valueRequired\":true,\"valueName\":\"search_term_string\"}}],\"inLanguage\":\"es-PE\"},{\"@type\":\"Organization\",\"@id\":\"https:\\\/\\\/pulso27.com\\\/en\\\/#organization\",\"name\":\"Pulso27\",\"url\":\"https:\\\/\\\/pulso27.com\\\/en\\\/\",\"logo\":{\"@type\":\"ImageObject\",\"inLanguage\":\"es-PE\",\"@id\":\"https:\\\/\\\/pulso27.com\\\/en\\\/#\\\/schema\\\/logo\\\/image\\\/\",\"url\":\"https:\\\/\\\/pulso27.com\\\/wp-content\\\/uploads\\\/2026\\\/02\\\/Logotipo-de-la-organizacion-696-x-696-px-ok.png\",\"contentUrl\":\"https:\\\/\\\/pulso27.com\\\/wp-content\\\/uploads\\\/2026\\\/02\\\/Logotipo-de-la-organizacion-696-x-696-px-ok.png\",\"width\":696,\"height\":696,\"caption\":\"Pulso27\"},\"image\":{\"@id\":\"https:\\\/\\\/pulso27.com\\\/en\\\/#\\\/schema\\\/logo\\\/image\\\/\"},\"sameAs\":[\"https:\\\/\\\/www.facebook.com\\\/pulso27\\\/\",\"https:\\\/\\\/x.com\\\/Pulso_27\",\"https:\\\/\\\/www.youtube.com\\\/@Pulso27\",\"https:\\\/\\\/www.tiktok.com\\\/@pulso_27\"]},{\"@type\":\"Person\",\"@id\":\"https:\\\/\\\/pulso27.com\\\/en\\\/#\\\/schema\\\/person\\\/d20fd7f5bc7f2e53fd150d43fca07a78\",\"name\":\"Tupaq\",\"image\":{\"@type\":\"ImageObject\",\"inLanguage\":\"es-PE\",\"@id\":\"https:\\\/\\\/secure.gravatar.com\\\/avatar\\\/7929e9b034aeea560319a601e4f04c59eb5f45a79eafe192adabb67e9604e7e7?s=96&d=mm&r=g\",\"url\":\"https:\\\/\\\/secure.gravatar.com\\\/avatar\\\/7929e9b034aeea560319a601e4f04c59eb5f45a79eafe192adabb67e9604e7e7?s=96&d=mm&r=g\",\"contentUrl\":\"https:\\\/\\\/secure.gravatar.com\\\/avatar\\\/7929e9b034aeea560319a601e4f04c59eb5f45a79eafe192adabb67e9604e7e7?s=96&d=mm&r=g\",\"caption\":\"Tupaq\"},\"url\":\"http:\\\/\\\/pulso27.com\\\/es\\\/author\\\/tupaq\\\/\"}]}<\/script>\n<!-- \/ Yoast SEO plugin. -->","yoast_head_json":{"title":"Espinar Lanza Ultim\u00e1tum al Gobierno por Incumplimiento de Compromisos - Pulso27","robots":{"index":"index","follow":"follow","max-snippet":"max-snippet:-1","max-image-preview":"max-image-preview:large","max-video-preview":"max-video-preview:-1"},"canonical":"https:\/\/pulso27.com\/es\/nacional\/espinar-lanza-ultimatum-al-gobierno-de-dina-boluarte-por-incumplimiento-de-compromisos\/","og_locale":"es_ES","og_type":"article","og_title":"Espinar Lanza Ultim\u00e1tum al Gobierno por Incumplimiento de Compromisos - Pulso27","og_description":"Espinar, Cusco \u2013 21 de agosto de 2024 \u2013 La provincia de Espinar, ubicada en el departamento de Cusco, ha alcanzado un nuevo umbral de tensi\u00f3n y descontento. Las organizaciones sociales de la regi\u00f3n, lideradas por la alcaldesa y otros dirigentes comunitarios, han emitido un ultim\u00e1tum al Gobierno de Dina Boluarte, exigiendo respuestas inmediatas tras [&hellip;]","og_url":"https:\/\/pulso27.com\/es\/nacional\/espinar-lanza-ultimatum-al-gobierno-de-dina-boluarte-por-incumplimiento-de-compromisos\/","og_site_name":"Pulso27","article_publisher":"https:\/\/www.facebook.com\/pulso27\/","article_published_time":"2024-08-21T20:43:57+00:00","article_modified_time":"2024-08-29T20:07:40+00:00","og_image":[{"width":633,"height":601,"url":"https:\/\/pulso27.com\/wp-content\/uploads\/2024\/08\/Espinar.jpg","type":"image\/jpeg"}],"author":"Tupaq","twitter_card":"summary_large_image","twitter_creator":"@Pulso_27","twitter_site":"@Pulso_27","twitter_misc":{"Written by":"Tupaq","Est. reading time":"5 minutos"},"schema":{"@context":"https:\/\/schema.org","@graph":[{"@type":"Article","@id":"https:\/\/pulso27.com\/nacional\/espinar-lanza-ultimatum-al-gobierno-de-dina-boluarte-por-incumplimiento-de-compromisos\/#article","isPartOf":{"@id":"https:\/\/pulso27.com\/nacional\/espinar-lanza-ultimatum-al-gobierno-de-dina-boluarte-por-incumplimiento-de-compromisos\/"},"author":{"name":"Tupaq","@id":"https:\/\/pulso27.com\/en\/#\/schema\/person\/d20fd7f5bc7f2e53fd150d43fca07a78"},"headline":"Espinar Lanza Ultim\u00e1tum al Gobierno por Incumplimiento de Compromisos","datePublished":"2024-08-21T20:43:57+00:00","dateModified":"2024-08-29T20:07:40+00:00","mainEntityOfPage":{"@id":"https:\/\/pulso27.com\/nacional\/espinar-lanza-ultimatum-al-gobierno-de-dina-boluarte-por-incumplimiento-de-compromisos\/"},"wordCount":1022,"commentCount":0,"publisher":{"@id":"https:\/\/pulso27.com\/en\/#organization"},"image":{"@id":"https:\/\/pulso27.com\/nacional\/espinar-lanza-ultimatum-al-gobierno-de-dina-boluarte-por-incumplimiento-de-compromisos\/#primaryimage"},"thumbnailUrl":"https:\/\/pulso27.com\/wp-content\/uploads\/2024\/08\/Espinar.jpg","keywords":["Contaminaci\u00f3n","Cusco","Espinar","Mesa de Di\u00e1logo"],"articleSection":["Actualidad","Nacional","Sociedad"],"inLanguage":"es-PE","potentialAction":[{"@type":"CommentAction","name":"Comment","target":["https:\/\/pulso27.com\/nacional\/espinar-lanza-ultimatum-al-gobierno-de-dina-boluarte-por-incumplimiento-de-compromisos\/#respond"]}]},{"@type":"WebPage","@id":"https:\/\/pulso27.com\/nacional\/espinar-lanza-ultimatum-al-gobierno-de-dina-boluarte-por-incumplimiento-de-compromisos\/","url":"https:\/\/pulso27.com\/nacional\/espinar-lanza-ultimatum-al-gobierno-de-dina-boluarte-por-incumplimiento-de-compromisos\/","name":"Espinar Lanza Ultim\u00e1tum al Gobierno por Incumplimiento de Compromisos - Pulso27","isPartOf":{"@id":"https:\/\/pulso27.com\/en\/#website"},"primaryImageOfPage":{"@id":"https:\/\/pulso27.com\/nacional\/espinar-lanza-ultimatum-al-gobierno-de-dina-boluarte-por-incumplimiento-de-compromisos\/#primaryimage"},"image":{"@id":"https:\/\/pulso27.com\/nacional\/espinar-lanza-ultimatum-al-gobierno-de-dina-boluarte-por-incumplimiento-de-compromisos\/#primaryimage"},"thumbnailUrl":"https:\/\/pulso27.com\/wp-content\/uploads\/2024\/08\/Espinar.jpg","datePublished":"2024-08-21T20:43:57+00:00","dateModified":"2024-08-29T20:07:40+00:00","breadcrumb":{"@id":"https:\/\/pulso27.com\/nacional\/espinar-lanza-ultimatum-al-gobierno-de-dina-boluarte-por-incumplimiento-de-compromisos\/#breadcrumb"},"inLanguage":"es-PE","potentialAction":[{"@type":"ReadAction","target":["https:\/\/pulso27.com\/nacional\/espinar-lanza-ultimatum-al-gobierno-de-dina-boluarte-por-incumplimiento-de-compromisos\/"]}]},{"@type":"ImageObject","inLanguage":"es-PE","@id":"https:\/\/pulso27.com\/nacional\/espinar-lanza-ultimatum-al-gobierno-de-dina-boluarte-por-incumplimiento-de-compromisos\/#primaryimage","url":"https:\/\/pulso27.com\/wp-content\/uploads\/2024\/08\/Espinar.jpg","contentUrl":"https:\/\/pulso27.com\/wp-content\/uploads\/2024\/08\/Espinar.jpg","width":633,"height":601},{"@type":"BreadcrumbList","@id":"https:\/\/pulso27.com\/nacional\/espinar-lanza-ultimatum-al-gobierno-de-dina-boluarte-por-incumplimiento-de-compromisos\/#breadcrumb","itemListElement":[{"@type":"ListItem","position":1,"name":"Portada","item":"https:\/\/pulso27.com\/"},{"@type":"ListItem","position":2,"name":"Espinar Lanza Ultim\u00e1tum al Gobierno por Incumplimiento de Compromisos"}]},{"@type":"WebSite","@id":"https:\/\/pulso27.com\/en\/#website","url":"https:\/\/pulso27.com\/en\/","name":"Pulso27","description":"Web de noticias y publicidad","publisher":{"@id":"https:\/\/pulso27.com\/en\/#organization"},"alternateName":"El pulso del pueblo","potentialAction":[{"@type":"SearchAction","target":{"@type":"EntryPoint","urlTemplate":"https:\/\/pulso27.com\/en\/?s={search_term_string}"},"query-input":{"@type":"PropertyValueSpecification","valueRequired":true,"valueName":"search_term_string"}}],"inLanguage":"es-PE"},{"@type":"Organization","@id":"https:\/\/pulso27.com\/en\/#organization","name":"Pulso27","url":"https:\/\/pulso27.com\/en\/","logo":{"@type":"ImageObject","inLanguage":"es-PE","@id":"https:\/\/pulso27.com\/en\/#\/schema\/logo\/image\/","url":"https:\/\/pulso27.com\/wp-content\/uploads\/2026\/02\/Logotipo-de-la-organizacion-696-x-696-px-ok.png","contentUrl":"https:\/\/pulso27.com\/wp-content\/uploads\/2026\/02\/Logotipo-de-la-organizacion-696-x-696-px-ok.png","width":696,"height":696,"caption":"Pulso27"},"image":{"@id":"https:\/\/pulso27.com\/en\/#\/schema\/logo\/image\/"},"sameAs":["https:\/\/www.facebook.com\/pulso27\/","https:\/\/x.com\/Pulso_27","https:\/\/www.youtube.com\/@Pulso27","https:\/\/www.tiktok.com\/@pulso_27"]},{"@type":"Person","@id":"https:\/\/pulso27.com\/en\/#\/schema\/person\/d20fd7f5bc7f2e53fd150d43fca07a78","name":"Tupaq","image":{"@type":"ImageObject","inLanguage":"es-PE","@id":"https:\/\/secure.gravatar.com\/avatar\/7929e9b034aeea560319a601e4f04c59eb5f45a79eafe192adabb67e9604e7e7?s=96&d=mm&r=g","url":"https:\/\/secure.gravatar.com\/avatar\/7929e9b034aeea560319a601e4f04c59eb5f45a79eafe192adabb67e9604e7e7?s=96&d=mm&r=g","contentUrl":"https:\/\/secure.gravatar.com\/avatar\/7929e9b034aeea560319a601e4f04c59eb5f45a79eafe192adabb67e9604e7e7?s=96&d=mm&r=g","caption":"Tupaq"},"url":"http:\/\/pulso27.com\/es\/author\/tupaq\/"}]}},"amp_enabled":true,"_links":{"self":[{"href":"http:\/\/pulso27.com\/es\/wp-json\/wp\/v2\/posts\/1957","targetHints":{"allow":["GET"]}}],"collection":[{"href":"http:\/\/pulso27.com\/es\/wp-json\/wp\/v2\/posts"}],"about":[{"href":"http:\/\/pulso27.com\/es\/wp-json\/wp\/v2\/types\/post"}],"author":[{"embeddable":true,"href":"http:\/\/pulso27.com\/es\/wp-json\/wp\/v2\/users\/7"}],"replies":[{"embeddable":true,"href":"http:\/\/pulso27.com\/es\/wp-json\/wp\/v2\/comments?post=1957"}],"version-history":[{"count":2,"href":"http:\/\/pulso27.com\/es\/wp-json\/wp\/v2\/posts\/1957\/revisions"}],"predecessor-version":[{"id":1972,"href":"http:\/\/pulso27.com\/es\/wp-json\/wp\/v2\/posts\/1957\/revisions\/1972"}],"wp:featuredmedia":[{"embeddable":true,"href":"http:\/\/pulso27.com\/es\/wp-json\/wp\/v2\/media\/1958"}],"wp:attachment":[{"href":"http:\/\/pulso27.com\/es\/wp-json\/wp\/v2\/media?parent=1957"}],"wp:term":[{"taxonomy":"category","embeddable":true,"href":"http:\/\/pulso27.com\/es\/wp-json\/wp\/v2\/categories?post=1957"},{"taxonomy":"post_tag","embeddable":true,"href":"http:\/\/pulso27.com\/es\/wp-json\/wp\/v2\/tags?post=1957"}],"curies":[{"name":"wp","href":"https:\/\/api.w.org\/{rel}","templated":true}]}}