{"id":6052,"date":"2025-08-15T09:50:04","date_gmt":"2025-08-15T04:50:04","guid":{"rendered":"https:\/\/pulso27.com\/?p=6052"},"modified":"2025-08-15T09:50:26","modified_gmt":"2025-08-15T04:50:26","slug":"gobierno-y-autoridades-de-moquegua-levantan-paro-regional-tras-compromisos-sobre-rio-coralaque-y-proyecto-huatipuka","status":"publish","type":"post","link":"http:\/\/pulso27.com\/es\/actualidad\/ambiente\/gobierno-y-autoridades-de-moquegua-levantan-paro-regional-tras-compromisos-sobre-rio-coralaque-y-proyecto-huatipuka\/","title":{"rendered":"Gobierno y autoridades de Moquegua levantan paro regional tras compromisos sobre R\u00edo Coralaque y proyecto Huatipuka"},"content":{"rendered":"\n<p>Tras una intensa jornada de di\u00e1logo en Palacio de Gobierno, el Ejecutivo y autoridades regionales, provinciales y distritales de Moquegua alcanzaron acuerdos clave para resolver la problem\u00e1tica ambiental del r\u00edo Coralaque y frenar el avance del proyecto minero Huatipuka, lo que permitir\u00e1 levantar el paro regional que se ven\u00eda desarrollando.<\/p>\n\n\n\n<p>Entre los compromisos figura la entrega de expedientes t\u00e9cnicos de los estudios de mitigaci\u00f3n antes de octubre, la instalaci\u00f3n de una mesa de trabajo con comunidades y gobiernos locales, y la ejecuci\u00f3n de un monitoreo ambiental semanal a la Unidad Minera Florencia Tucari. Asimismo, se gestionar\u00e1 de inmediato la declaratoria de emergencia por contaminaci\u00f3n.<\/p>\n\n\n\n<p>En cuanto al cuestionado proyecto minero Huatipuka, el Servicio Nacional de Certificaci\u00f3n Ambiental para las Inversiones Sostenibles (SENACE) notificar\u00e1 ma\u00f1ana a la Municipalidad Provincial de Mariscal Nieto sobre la admisi\u00f3n del recurso impugnatorio que suspende el procedimiento de revocatoria, impidiendo el avance de certificaciones y licencias municipales.<\/p>\n\n\n\n<figure class=\"wp-block-image size-large\"><img loading=\"lazy\" decoding=\"async\" width=\"1024\" height=\"576\" src=\"https:\/\/pulso27.com\/wp-content\/uploads\/2025\/08\/image-5-1024x576.png\" alt=\"\" class=\"wp-image-6054\" srcset=\"https:\/\/pulso27.com\/wp-content\/uploads\/2025\/08\/image-5-1024x576.png 1024w, https:\/\/pulso27.com\/wp-content\/uploads\/2025\/08\/image-5-300x169.png 300w, https:\/\/pulso27.com\/wp-content\/uploads\/2025\/08\/image-5-768x432.png 768w, https:\/\/pulso27.com\/wp-content\/uploads\/2025\/08\/image-5-1536x864.png 1536w, https:\/\/pulso27.com\/wp-content\/uploads\/2025\/08\/image-5-18x10.png 18w, https:\/\/pulso27.com\/wp-content\/uploads\/2025\/08\/image-5.png 1600w\" sizes=\"auto, (max-width: 1024px) 100vw, 1024px\" \/><figcaption class=\"wp-element-caption\"><em>La sociedad civil organizada acat\u00f3 el paro de 24 horas mientras las autoridades de la regi\u00f3n estuvieron en Lima en una reuni\u00f3n con el Ejecutivo.<\/em><\/figcaption><\/figure>\n\n\n\n<p> El Ministerio de Energ\u00eda y Minas (MINEM) tambi\u00e9n anunci\u00f3 la conformaci\u00f3n de una mesa ejecutiva para continuar negociaciones sobre el Fondo Social del proyecto San Gabriel, con miras a su aprobaci\u00f3n en septiembre.<\/p>\n\n\n\n<p>Un punto central del acuerdo fue el compromiso del Ministerio de Econom\u00eda y Finanzas (MEF) de reponer los 115 millones de soles recortados del presupuesto regional, garantizando as\u00ed la ejecuci\u00f3n de obras y servicios para el 2025.<\/p>\n\n\n\n<p>Adem\u00e1s, se estableci\u00f3 que en un plazo m\u00e1ximo de 15 d\u00edas se realizar\u00e1 una reuni\u00f3n en Moquegua con la presencia del presidente del Consejo de Ministros y ministros involucrados, a fin de evaluar el cumplimiento de los compromisos asumidos. Con ello, las autoridades regionales anunciaron la suspensi\u00f3n del paro, abriendo paso a un seguimiento cercano de las acciones pactadas.<\/p>\n","protected":false},"excerpt":{"rendered":"<p>Tras una intensa jornada de di\u00e1logo en Palacio de Gobierno, el Ejecutivo y autoridades regionales, provinciales y distritales de Moquegua alcanzaron acuerdos clave para resolver la problem\u00e1tica ambiental del r\u00edo Coralaque y frenar el avance del proyecto minero Huatipuka, lo que permitir\u00e1 levantar el paro regional que se ven\u00eda desarrollando. Entre los compromisos figura la [&hellip;]<\/p>\n","protected":false},"author":7,"featured_media":6055,"comment_status":"open","ping_status":"open","sticky":false,"template":"","format":"standard","meta":{"footnotes":""},"categories":[1847,174],"tags":[701,2021,857,1928,612],"class_list":["post-6052","post","type-post","status-publish","format-standard","has-post-thumbnail","hentry","category-ambiente","category-nacional","tag-contaminacion","tag-coralaque","tag-gobierno","tag-moquegua","tag-pcm"],"yoast_head":"<!-- This site is optimized with the Yoast SEO plugin v27.4 - https:\/\/yoast.com\/product\/yoast-seo-wordpress\/ -->\n<title>Gobierno y autoridades de Moquegua levantan paro regional tras compromisos sobre R\u00edo Coralaque y proyecto Huatipuka - Pulso27<\/title>\n<meta name=\"robots\" content=\"index, follow, max-snippet:-1, max-image-preview:large, max-video-preview:-1\" \/>\n<link rel=\"canonical\" href=\"https:\/\/pulso27.com\/es\/actualidad\/ambiente\/gobierno-y-autoridades-de-moquegua-levantan-paro-regional-tras-compromisos-sobre-rio-coralaque-y-proyecto-huatipuka\/\" \/>\n<meta property=\"og:locale\" content=\"es_ES\" \/>\n<meta property=\"og:type\" content=\"article\" \/>\n<meta property=\"og:title\" content=\"Gobierno y autoridades de Moquegua levantan paro regional tras compromisos sobre R\u00edo Coralaque y proyecto Huatipuka - Pulso27\" \/>\n<meta property=\"og:description\" content=\"Tras una intensa jornada de di\u00e1logo en Palacio de Gobierno, el Ejecutivo y autoridades regionales, provinciales y distritales de Moquegua alcanzaron acuerdos clave para resolver la problem\u00e1tica ambiental del r\u00edo Coralaque y frenar el avance del proyecto minero Huatipuka, lo que permitir\u00e1 levantar el paro regional que se ven\u00eda desarrollando. Entre los compromisos figura la [&hellip;]\" \/>\n<meta property=\"og:url\" content=\"https:\/\/pulso27.com\/es\/actualidad\/ambiente\/gobierno-y-autoridades-de-moquegua-levantan-paro-regional-tras-compromisos-sobre-rio-coralaque-y-proyecto-huatipuka\/\" \/>\n<meta property=\"og:site_name\" content=\"Pulso27\" \/>\n<meta property=\"article:publisher\" content=\"https:\/\/www.facebook.com\/pulso27\/\" \/>\n<meta property=\"article:published_time\" content=\"2025-08-15T04:50:04+00:00\" \/>\n<meta property=\"article:modified_time\" content=\"2025-08-15T04:50:26+00:00\" \/>\n<meta property=\"og:image\" content=\"https:\/\/pulso27.com\/wp-content\/uploads\/2025\/08\/Moquegua.png\" \/>\n\t<meta property=\"og:image:width\" content=\"1280\" \/>\n\t<meta property=\"og:image:height\" content=\"800\" \/>\n\t<meta property=\"og:image:type\" content=\"image\/png\" \/>\n<meta name=\"author\" content=\"Tupaq\" \/>\n<meta name=\"twitter:card\" content=\"summary_large_image\" \/>\n<meta name=\"twitter:creator\" content=\"@Pulso_27\" \/>\n<meta name=\"twitter:site\" content=\"@Pulso_27\" \/>\n<meta name=\"twitter:label1\" content=\"Written by\" \/>\n\t<meta name=\"twitter:data1\" content=\"Tupaq\" \/>\n\t<meta name=\"twitter:label2\" content=\"Est. reading time\" \/>\n\t<meta name=\"twitter:data2\" content=\"2 minutos\" \/>\n<script type=\"application\/ld+json\" class=\"yoast-schema-graph\">{\"@context\":\"https:\\\/\\\/schema.org\",\"@graph\":[{\"@type\":\"Article\",\"@id\":\"https:\\\/\\\/pulso27.com\\\/actualidad\\\/ambiente\\\/gobierno-y-autoridades-de-moquegua-levantan-paro-regional-tras-compromisos-sobre-rio-coralaque-y-proyecto-huatipuka\\\/#article\",\"isPartOf\":{\"@id\":\"https:\\\/\\\/pulso27.com\\\/actualidad\\\/ambiente\\\/gobierno-y-autoridades-de-moquegua-levantan-paro-regional-tras-compromisos-sobre-rio-coralaque-y-proyecto-huatipuka\\\/\"},\"author\":{\"name\":\"Tupaq\",\"@id\":\"https:\\\/\\\/pulso27.com\\\/en\\\/#\\\/schema\\\/person\\\/d20fd7f5bc7f2e53fd150d43fca07a78\"},\"headline\":\"Gobierno y autoridades de Moquegua levantan paro regional tras compromisos sobre R\u00edo Coralaque y proyecto Huatipuka\",\"datePublished\":\"2025-08-15T04:50:04+00:00\",\"dateModified\":\"2025-08-15T04:50:26+00:00\",\"mainEntityOfPage\":{\"@id\":\"https:\\\/\\\/pulso27.com\\\/actualidad\\\/ambiente\\\/gobierno-y-autoridades-de-moquegua-levantan-paro-regional-tras-compromisos-sobre-rio-coralaque-y-proyecto-huatipuka\\\/\"},\"wordCount\":343,\"commentCount\":0,\"publisher\":{\"@id\":\"https:\\\/\\\/pulso27.com\\\/en\\\/#organization\"},\"image\":{\"@id\":\"https:\\\/\\\/pulso27.com\\\/actualidad\\\/ambiente\\\/gobierno-y-autoridades-de-moquegua-levantan-paro-regional-tras-compromisos-sobre-rio-coralaque-y-proyecto-huatipuka\\\/#primaryimage\"},\"thumbnailUrl\":\"https:\\\/\\\/pulso27.com\\\/wp-content\\\/uploads\\\/2025\\\/08\\\/Moquegua.png\",\"keywords\":[\"Contaminaci\u00f3n\",\"Coralaque\",\"Gobierno\",\"Moquegua\",\"PCM\"],\"articleSection\":[\"Ambiente\",\"Nacional\"],\"inLanguage\":\"es-PE\",\"potentialAction\":[{\"@type\":\"CommentAction\",\"name\":\"Comment\",\"target\":[\"https:\\\/\\\/pulso27.com\\\/actualidad\\\/ambiente\\\/gobierno-y-autoridades-de-moquegua-levantan-paro-regional-tras-compromisos-sobre-rio-coralaque-y-proyecto-huatipuka\\\/#respond\"]}]},{\"@type\":\"WebPage\",\"@id\":\"https:\\\/\\\/pulso27.com\\\/actualidad\\\/ambiente\\\/gobierno-y-autoridades-de-moquegua-levantan-paro-regional-tras-compromisos-sobre-rio-coralaque-y-proyecto-huatipuka\\\/\",\"url\":\"https:\\\/\\\/pulso27.com\\\/actualidad\\\/ambiente\\\/gobierno-y-autoridades-de-moquegua-levantan-paro-regional-tras-compromisos-sobre-rio-coralaque-y-proyecto-huatipuka\\\/\",\"name\":\"Gobierno y autoridades de Moquegua levantan paro regional tras compromisos sobre R\u00edo Coralaque y proyecto Huatipuka - Pulso27\",\"isPartOf\":{\"@id\":\"https:\\\/\\\/pulso27.com\\\/en\\\/#website\"},\"primaryImageOfPage\":{\"@id\":\"https:\\\/\\\/pulso27.com\\\/actualidad\\\/ambiente\\\/gobierno-y-autoridades-de-moquegua-levantan-paro-regional-tras-compromisos-sobre-rio-coralaque-y-proyecto-huatipuka\\\/#primaryimage\"},\"image\":{\"@id\":\"https:\\\/\\\/pulso27.com\\\/actualidad\\\/ambiente\\\/gobierno-y-autoridades-de-moquegua-levantan-paro-regional-tras-compromisos-sobre-rio-coralaque-y-proyecto-huatipuka\\\/#primaryimage\"},\"thumbnailUrl\":\"https:\\\/\\\/pulso27.com\\\/wp-content\\\/uploads\\\/2025\\\/08\\\/Moquegua.png\",\"datePublished\":\"2025-08-15T04:50:04+00:00\",\"dateModified\":\"2025-08-15T04:50:26+00:00\",\"breadcrumb\":{\"@id\":\"https:\\\/\\\/pulso27.com\\\/actualidad\\\/ambiente\\\/gobierno-y-autoridades-de-moquegua-levantan-paro-regional-tras-compromisos-sobre-rio-coralaque-y-proyecto-huatipuka\\\/#breadcrumb\"},\"inLanguage\":\"es-PE\",\"potentialAction\":[{\"@type\":\"ReadAction\",\"target\":[\"https:\\\/\\\/pulso27.com\\\/actualidad\\\/ambiente\\\/gobierno-y-autoridades-de-moquegua-levantan-paro-regional-tras-compromisos-sobre-rio-coralaque-y-proyecto-huatipuka\\\/\"]}]},{\"@type\":\"ImageObject\",\"inLanguage\":\"es-PE\",\"@id\":\"https:\\\/\\\/pulso27.com\\\/actualidad\\\/ambiente\\\/gobierno-y-autoridades-de-moquegua-levantan-paro-regional-tras-compromisos-sobre-rio-coralaque-y-proyecto-huatipuka\\\/#primaryimage\",\"url\":\"https:\\\/\\\/pulso27.com\\\/wp-content\\\/uploads\\\/2025\\\/08\\\/Moquegua.png\",\"contentUrl\":\"https:\\\/\\\/pulso27.com\\\/wp-content\\\/uploads\\\/2025\\\/08\\\/Moquegua.png\",\"width\":1280,\"height\":800},{\"@type\":\"BreadcrumbList\",\"@id\":\"https:\\\/\\\/pulso27.com\\\/actualidad\\\/ambiente\\\/gobierno-y-autoridades-de-moquegua-levantan-paro-regional-tras-compromisos-sobre-rio-coralaque-y-proyecto-huatipuka\\\/#breadcrumb\",\"itemListElement\":[{\"@type\":\"ListItem\",\"position\":1,\"name\":\"Portada\",\"item\":\"https:\\\/\\\/pulso27.com\\\/\"},{\"@type\":\"ListItem\",\"position\":2,\"name\":\"Gobierno y autoridades de Moquegua levantan paro regional tras compromisos sobre R\u00edo Coralaque y proyecto Huatipuka\"}]},{\"@type\":\"WebSite\",\"@id\":\"https:\\\/\\\/pulso27.com\\\/en\\\/#website\",\"url\":\"https:\\\/\\\/pulso27.com\\\/en\\\/\",\"name\":\"Pulso27\",\"description\":\"Web de noticias y publicidad\",\"publisher\":{\"@id\":\"https:\\\/\\\/pulso27.com\\\/en\\\/#organization\"},\"alternateName\":\"El pulso del pueblo\",\"potentialAction\":[{\"@type\":\"SearchAction\",\"target\":{\"@type\":\"EntryPoint\",\"urlTemplate\":\"https:\\\/\\\/pulso27.com\\\/en\\\/?s={search_term_string}\"},\"query-input\":{\"@type\":\"PropertyValueSpecification\",\"valueRequired\":true,\"valueName\":\"search_term_string\"}}],\"inLanguage\":\"es-PE\"},{\"@type\":\"Organization\",\"@id\":\"https:\\\/\\\/pulso27.com\\\/en\\\/#organization\",\"name\":\"Pulso27\",\"url\":\"https:\\\/\\\/pulso27.com\\\/en\\\/\",\"logo\":{\"@type\":\"ImageObject\",\"inLanguage\":\"es-PE\",\"@id\":\"https:\\\/\\\/pulso27.com\\\/en\\\/#\\\/schema\\\/logo\\\/image\\\/\",\"url\":\"https:\\\/\\\/pulso27.com\\\/wp-content\\\/uploads\\\/2026\\\/02\\\/Logotipo-de-la-organizacion-696-x-696-px-ok.png\",\"contentUrl\":\"https:\\\/\\\/pulso27.com\\\/wp-content\\\/uploads\\\/2026\\\/02\\\/Logotipo-de-la-organizacion-696-x-696-px-ok.png\",\"width\":696,\"height\":696,\"caption\":\"Pulso27\"},\"image\":{\"@id\":\"https:\\\/\\\/pulso27.com\\\/en\\\/#\\\/schema\\\/logo\\\/image\\\/\"},\"sameAs\":[\"https:\\\/\\\/www.facebook.com\\\/pulso27\\\/\",\"https:\\\/\\\/x.com\\\/Pulso_27\",\"https:\\\/\\\/www.youtube.com\\\/@Pulso27\",\"https:\\\/\\\/www.tiktok.com\\\/@pulso_27\"]},{\"@type\":\"Person\",\"@id\":\"https:\\\/\\\/pulso27.com\\\/en\\\/#\\\/schema\\\/person\\\/d20fd7f5bc7f2e53fd150d43fca07a78\",\"name\":\"Tupaq\",\"image\":{\"@type\":\"ImageObject\",\"inLanguage\":\"es-PE\",\"@id\":\"https:\\\/\\\/secure.gravatar.com\\\/avatar\\\/7929e9b034aeea560319a601e4f04c59eb5f45a79eafe192adabb67e9604e7e7?s=96&d=mm&r=g\",\"url\":\"https:\\\/\\\/secure.gravatar.com\\\/avatar\\\/7929e9b034aeea560319a601e4f04c59eb5f45a79eafe192adabb67e9604e7e7?s=96&d=mm&r=g\",\"contentUrl\":\"https:\\\/\\\/secure.gravatar.com\\\/avatar\\\/7929e9b034aeea560319a601e4f04c59eb5f45a79eafe192adabb67e9604e7e7?s=96&d=mm&r=g\",\"caption\":\"Tupaq\"},\"url\":\"http:\\\/\\\/pulso27.com\\\/es\\\/author\\\/tupaq\\\/\"}]}<\/script>\n<!-- \/ Yoast SEO plugin. -->","yoast_head_json":{"title":"Gobierno y autoridades de Moquegua levantan paro regional tras compromisos sobre R\u00edo Coralaque y proyecto Huatipuka - Pulso27","robots":{"index":"index","follow":"follow","max-snippet":"max-snippet:-1","max-image-preview":"max-image-preview:large","max-video-preview":"max-video-preview:-1"},"canonical":"https:\/\/pulso27.com\/es\/actualidad\/ambiente\/gobierno-y-autoridades-de-moquegua-levantan-paro-regional-tras-compromisos-sobre-rio-coralaque-y-proyecto-huatipuka\/","og_locale":"es_ES","og_type":"article","og_title":"Gobierno y autoridades de Moquegua levantan paro regional tras compromisos sobre R\u00edo Coralaque y proyecto Huatipuka - Pulso27","og_description":"Tras una intensa jornada de di\u00e1logo en Palacio de Gobierno, el Ejecutivo y autoridades regionales, provinciales y distritales de Moquegua alcanzaron acuerdos clave para resolver la problem\u00e1tica ambiental del r\u00edo Coralaque y frenar el avance del proyecto minero Huatipuka, lo que permitir\u00e1 levantar el paro regional que se ven\u00eda desarrollando. Entre los compromisos figura la [&hellip;]","og_url":"https:\/\/pulso27.com\/es\/actualidad\/ambiente\/gobierno-y-autoridades-de-moquegua-levantan-paro-regional-tras-compromisos-sobre-rio-coralaque-y-proyecto-huatipuka\/","og_site_name":"Pulso27","article_publisher":"https:\/\/www.facebook.com\/pulso27\/","article_published_time":"2025-08-15T04:50:04+00:00","article_modified_time":"2025-08-15T04:50:26+00:00","og_image":[{"width":1280,"height":800,"url":"https:\/\/pulso27.com\/wp-content\/uploads\/2025\/08\/Moquegua.png","type":"image\/png"}],"author":"Tupaq","twitter_card":"summary_large_image","twitter_creator":"@Pulso_27","twitter_site":"@Pulso_27","twitter_misc":{"Written by":"Tupaq","Est. reading time":"2 minutos"},"schema":{"@context":"https:\/\/schema.org","@graph":[{"@type":"Article","@id":"https:\/\/pulso27.com\/actualidad\/ambiente\/gobierno-y-autoridades-de-moquegua-levantan-paro-regional-tras-compromisos-sobre-rio-coralaque-y-proyecto-huatipuka\/#article","isPartOf":{"@id":"https:\/\/pulso27.com\/actualidad\/ambiente\/gobierno-y-autoridades-de-moquegua-levantan-paro-regional-tras-compromisos-sobre-rio-coralaque-y-proyecto-huatipuka\/"},"author":{"name":"Tupaq","@id":"https:\/\/pulso27.com\/en\/#\/schema\/person\/d20fd7f5bc7f2e53fd150d43fca07a78"},"headline":"Gobierno y autoridades de Moquegua levantan paro regional tras compromisos sobre R\u00edo Coralaque y proyecto Huatipuka","datePublished":"2025-08-15T04:50:04+00:00","dateModified":"2025-08-15T04:50:26+00:00","mainEntityOfPage":{"@id":"https:\/\/pulso27.com\/actualidad\/ambiente\/gobierno-y-autoridades-de-moquegua-levantan-paro-regional-tras-compromisos-sobre-rio-coralaque-y-proyecto-huatipuka\/"},"wordCount":343,"commentCount":0,"publisher":{"@id":"https:\/\/pulso27.com\/en\/#organization"},"image":{"@id":"https:\/\/pulso27.com\/actualidad\/ambiente\/gobierno-y-autoridades-de-moquegua-levantan-paro-regional-tras-compromisos-sobre-rio-coralaque-y-proyecto-huatipuka\/#primaryimage"},"thumbnailUrl":"https:\/\/pulso27.com\/wp-content\/uploads\/2025\/08\/Moquegua.png","keywords":["Contaminaci\u00f3n","Coralaque","Gobierno","Moquegua","PCM"],"articleSection":["Ambiente","Nacional"],"inLanguage":"es-PE","potentialAction":[{"@type":"CommentAction","name":"Comment","target":["https:\/\/pulso27.com\/actualidad\/ambiente\/gobierno-y-autoridades-de-moquegua-levantan-paro-regional-tras-compromisos-sobre-rio-coralaque-y-proyecto-huatipuka\/#respond"]}]},{"@type":"WebPage","@id":"https:\/\/pulso27.com\/actualidad\/ambiente\/gobierno-y-autoridades-de-moquegua-levantan-paro-regional-tras-compromisos-sobre-rio-coralaque-y-proyecto-huatipuka\/","url":"https:\/\/pulso27.com\/actualidad\/ambiente\/gobierno-y-autoridades-de-moquegua-levantan-paro-regional-tras-compromisos-sobre-rio-coralaque-y-proyecto-huatipuka\/","name":"Gobierno y autoridades de Moquegua levantan paro regional tras compromisos sobre R\u00edo Coralaque y proyecto Huatipuka - Pulso27","isPartOf":{"@id":"https:\/\/pulso27.com\/en\/#website"},"primaryImageOfPage":{"@id":"https:\/\/pulso27.com\/actualidad\/ambiente\/gobierno-y-autoridades-de-moquegua-levantan-paro-regional-tras-compromisos-sobre-rio-coralaque-y-proyecto-huatipuka\/#primaryimage"},"image":{"@id":"https:\/\/pulso27.com\/actualidad\/ambiente\/gobierno-y-autoridades-de-moquegua-levantan-paro-regional-tras-compromisos-sobre-rio-coralaque-y-proyecto-huatipuka\/#primaryimage"},"thumbnailUrl":"https:\/\/pulso27.com\/wp-content\/uploads\/2025\/08\/Moquegua.png","datePublished":"2025-08-15T04:50:04+00:00","dateModified":"2025-08-15T04:50:26+00:00","breadcrumb":{"@id":"https:\/\/pulso27.com\/actualidad\/ambiente\/gobierno-y-autoridades-de-moquegua-levantan-paro-regional-tras-compromisos-sobre-rio-coralaque-y-proyecto-huatipuka\/#breadcrumb"},"inLanguage":"es-PE","potentialAction":[{"@type":"ReadAction","target":["https:\/\/pulso27.com\/actualidad\/ambiente\/gobierno-y-autoridades-de-moquegua-levantan-paro-regional-tras-compromisos-sobre-rio-coralaque-y-proyecto-huatipuka\/"]}]},{"@type":"ImageObject","inLanguage":"es-PE","@id":"https:\/\/pulso27.com\/actualidad\/ambiente\/gobierno-y-autoridades-de-moquegua-levantan-paro-regional-tras-compromisos-sobre-rio-coralaque-y-proyecto-huatipuka\/#primaryimage","url":"https:\/\/pulso27.com\/wp-content\/uploads\/2025\/08\/Moquegua.png","contentUrl":"https:\/\/pulso27.com\/wp-content\/uploads\/2025\/08\/Moquegua.png","width":1280,"height":800},{"@type":"BreadcrumbList","@id":"https:\/\/pulso27.com\/actualidad\/ambiente\/gobierno-y-autoridades-de-moquegua-levantan-paro-regional-tras-compromisos-sobre-rio-coralaque-y-proyecto-huatipuka\/#breadcrumb","itemListElement":[{"@type":"ListItem","position":1,"name":"Portada","item":"https:\/\/pulso27.com\/"},{"@type":"ListItem","position":2,"name":"Gobierno y autoridades de Moquegua levantan paro regional tras compromisos sobre R\u00edo Coralaque y proyecto Huatipuka"}]},{"@type":"WebSite","@id":"https:\/\/pulso27.com\/en\/#website","url":"https:\/\/pulso27.com\/en\/","name":"Pulso27","description":"Web de noticias y publicidad","publisher":{"@id":"https:\/\/pulso27.com\/en\/#organization"},"alternateName":"El pulso del pueblo","potentialAction":[{"@type":"SearchAction","target":{"@type":"EntryPoint","urlTemplate":"https:\/\/pulso27.com\/en\/?s={search_term_string}"},"query-input":{"@type":"PropertyValueSpecification","valueRequired":true,"valueName":"search_term_string"}}],"inLanguage":"es-PE"},{"@type":"Organization","@id":"https:\/\/pulso27.com\/en\/#organization","name":"Pulso27","url":"https:\/\/pulso27.com\/en\/","logo":{"@type":"ImageObject","inLanguage":"es-PE","@id":"https:\/\/pulso27.com\/en\/#\/schema\/logo\/image\/","url":"https:\/\/pulso27.com\/wp-content\/uploads\/2026\/02\/Logotipo-de-la-organizacion-696-x-696-px-ok.png","contentUrl":"https:\/\/pulso27.com\/wp-content\/uploads\/2026\/02\/Logotipo-de-la-organizacion-696-x-696-px-ok.png","width":696,"height":696,"caption":"Pulso27"},"image":{"@id":"https:\/\/pulso27.com\/en\/#\/schema\/logo\/image\/"},"sameAs":["https:\/\/www.facebook.com\/pulso27\/","https:\/\/x.com\/Pulso_27","https:\/\/www.youtube.com\/@Pulso27","https:\/\/www.tiktok.com\/@pulso_27"]},{"@type":"Person","@id":"https:\/\/pulso27.com\/en\/#\/schema\/person\/d20fd7f5bc7f2e53fd150d43fca07a78","name":"Tupaq","image":{"@type":"ImageObject","inLanguage":"es-PE","@id":"https:\/\/secure.gravatar.com\/avatar\/7929e9b034aeea560319a601e4f04c59eb5f45a79eafe192adabb67e9604e7e7?s=96&d=mm&r=g","url":"https:\/\/secure.gravatar.com\/avatar\/7929e9b034aeea560319a601e4f04c59eb5f45a79eafe192adabb67e9604e7e7?s=96&d=mm&r=g","contentUrl":"https:\/\/secure.gravatar.com\/avatar\/7929e9b034aeea560319a601e4f04c59eb5f45a79eafe192adabb67e9604e7e7?s=96&d=mm&r=g","caption":"Tupaq"},"url":"http:\/\/pulso27.com\/es\/author\/tupaq\/"}]}},"amp_enabled":true,"_links":{"self":[{"href":"http:\/\/pulso27.com\/es\/wp-json\/wp\/v2\/posts\/6052","targetHints":{"allow":["GET"]}}],"collection":[{"href":"http:\/\/pulso27.com\/es\/wp-json\/wp\/v2\/posts"}],"about":[{"href":"http:\/\/pulso27.com\/es\/wp-json\/wp\/v2\/types\/post"}],"author":[{"embeddable":true,"href":"http:\/\/pulso27.com\/es\/wp-json\/wp\/v2\/users\/7"}],"replies":[{"embeddable":true,"href":"http:\/\/pulso27.com\/es\/wp-json\/wp\/v2\/comments?post=6052"}],"version-history":[{"count":1,"href":"http:\/\/pulso27.com\/es\/wp-json\/wp\/v2\/posts\/6052\/revisions"}],"predecessor-version":[{"id":6059,"href":"http:\/\/pulso27.com\/es\/wp-json\/wp\/v2\/posts\/6052\/revisions\/6059"}],"wp:featuredmedia":[{"embeddable":true,"href":"http:\/\/pulso27.com\/es\/wp-json\/wp\/v2\/media\/6055"}],"wp:attachment":[{"href":"http:\/\/pulso27.com\/es\/wp-json\/wp\/v2\/media?parent=6052"}],"wp:term":[{"taxonomy":"category","embeddable":true,"href":"http:\/\/pulso27.com\/es\/wp-json\/wp\/v2\/categories?post=6052"},{"taxonomy":"post_tag","embeddable":true,"href":"http:\/\/pulso27.com\/es\/wp-json\/wp\/v2\/tags?post=6052"}],"curies":[{"name":"wp","href":"https:\/\/api.w.org\/{rel}","templated":true}]}}