{"id":7893,"date":"2026-05-02T08:23:54","date_gmt":"2026-05-02T03:23:54","guid":{"rendered":"https:\/\/pulso27.com\/?p=7893"},"modified":"2026-05-02T08:24:02","modified_gmt":"2026-05-02T03:24:02","slug":"roberto-sanchez-lidera-marcha-de-la-cgtp-por-el-dia-del-trabajador-en-lima","status":"publish","type":"post","link":"http:\/\/pulso27.com\/es\/actualidad\/roberto-sanchez-lidera-marcha-de-la-cgtp-por-el-dia-del-trabajador-en-lima\/","title":{"rendered":"Roberto S\u00e1nchez lidera marcha de la CGTP por el D\u00eda del Trabajador en Lima"},"content":{"rendered":"\n<p>Lima, 1 de mayo de 2026. \u2013 Miles de trabajadores se concentraron este viernes en la Plaza Dos de Mayo para conmemorar el D\u00eda Internacional del Trabajador, en una movilizaci\u00f3n convocada por la Confederaci\u00f3n General de Trabajadores del Per\u00fa (CGTP) que combin\u00f3 demandas laborales con un fuerte mensaje pol\u00edtico.<\/p>\n\n\n\n<p>La jornada incluy\u00f3 una romer\u00eda que recorri\u00f3 el centro de Lima y culmin\u00f3 con un mitin en el monumento a Jos\u00e9 Carlos Mari\u00e1tegui. Los participantes exigieron el aumento inmediato de la Remuneraci\u00f3n M\u00ednima Vital, mejoras en las pensiones y el fin de la precarizaci\u00f3n laboral.<\/p>\n\n\n\n<p>Roberto S\u00e1nchez Palomino, candidato presidencial de Juntos por el Per\u00fa y rival de Keiko Fujimori en la segunda vuelta del 7 de junio, particip\u00f3 activamente en la marcha. El l\u00edder castillista fue acompa\u00f1ado por los congresistas Margot Palacios y Jaime Quito, adem\u00e1s de otros dirigentes de su partido.<\/p>\n\n\n\n<p>Durante su intervenci\u00f3n, S\u00e1nchez llam\u00f3 a la unidad popular y reafirm\u00f3 su compromiso con una \u201cAgenda Social 2026-2031\u201d orientada a defender los derechos de los trabajadores y transformar el modelo econ\u00f3mico del pa\u00eds.<\/p>\n\n\n\n<p>La CGTP destac\u00f3 que la movilizaci\u00f3n busca visibilizar la vulneraci\u00f3n sistem\u00e1tica de derechos laborales tanto en el sector p\u00fablico como en el privado, y presionar al futuro gobierno para atender las urgencias de la clase trabajadora.<\/p>\n\n\n\n<p>La presencia de S\u00e1nchez en la marcha se interpreta como el inicio de una campa\u00f1a intensa de cara al balotaje, donde buscar\u00e1 consolidar el apoyo de los sectores sindicales y populares.<\/p>\n","protected":false},"excerpt":{"rendered":"<p>Lima, 1 de mayo de 2026. \u2013 Miles de trabajadores se concentraron este viernes en la Plaza Dos de Mayo para conmemorar el D\u00eda Internacional del Trabajador, en una movilizaci\u00f3n convocada por la Confederaci\u00f3n General de Trabajadores del Per\u00fa (CGTP) que combin\u00f3 demandas laborales con un fuerte mensaje pol\u00edtico. La jornada incluy\u00f3 una romer\u00eda que [&hellip;]<\/p>\n","protected":false},"author":13,"featured_media":7894,"comment_status":"open","ping_status":"open","sticky":false,"template":"","format":"standard","meta":{"footnotes":""},"categories":[183,174,180,1852],"tags":[2757,2384,2641],"class_list":["post-7893","post","type-post","status-publish","format-standard","has-post-thumbnail","hentry","category-actualidad","category-nacional","category-politica","category-tendencia","tag-dia-internacional-del-trabajador","tag-juntos-por-el-peru","tag-roberto-sanchez-palomino"],"yoast_head":"<!-- This site is optimized with the Yoast SEO plugin v27.4 - https:\/\/yoast.com\/product\/yoast-seo-wordpress\/ -->\n<title>Roberto S\u00e1nchez lidera marcha de la CGTP por el D\u00eda del Trabajador en Lima - Pulso27<\/title>\n<meta name=\"robots\" content=\"index, follow, max-snippet:-1, max-image-preview:large, max-video-preview:-1\" \/>\n<link rel=\"canonical\" href=\"https:\/\/pulso27.com\/es\/actualidad\/roberto-sanchez-lidera-marcha-de-la-cgtp-por-el-dia-del-trabajador-en-lima\/\" \/>\n<meta property=\"og:locale\" content=\"es_ES\" \/>\n<meta property=\"og:type\" content=\"article\" \/>\n<meta property=\"og:title\" content=\"Roberto S\u00e1nchez lidera marcha de la CGTP por el D\u00eda del Trabajador en Lima - Pulso27\" \/>\n<meta property=\"og:description\" content=\"Lima, 1 de mayo de 2026. \u2013 Miles de trabajadores se concentraron este viernes en la Plaza Dos de Mayo para conmemorar el D\u00eda Internacional del Trabajador, en una movilizaci\u00f3n convocada por la Confederaci\u00f3n General de Trabajadores del Per\u00fa (CGTP) que combin\u00f3 demandas laborales con un fuerte mensaje pol\u00edtico. La jornada incluy\u00f3 una romer\u00eda que [&hellip;]\" \/>\n<meta property=\"og:url\" content=\"https:\/\/pulso27.com\/es\/actualidad\/roberto-sanchez-lidera-marcha-de-la-cgtp-por-el-dia-del-trabajador-en-lima\/\" \/>\n<meta property=\"og:site_name\" content=\"Pulso27\" \/>\n<meta property=\"article:publisher\" content=\"https:\/\/www.facebook.com\/pulso27\/\" \/>\n<meta property=\"article:published_time\" content=\"2026-05-02T03:23:54+00:00\" \/>\n<meta property=\"article:modified_time\" content=\"2026-05-02T03:24:02+00:00\" \/>\n<meta property=\"og:image\" content=\"https:\/\/pulso27.com\/wp-content\/uploads\/2026\/05\/1-de-Mayo-1024x681.png\" \/>\n\t<meta property=\"og:image:width\" content=\"1024\" \/>\n\t<meta property=\"og:image:height\" content=\"681\" \/>\n\t<meta property=\"og:image:type\" content=\"image\/png\" \/>\n<meta name=\"author\" content=\"Redactor\" \/>\n<meta name=\"twitter:card\" content=\"summary_large_image\" \/>\n<meta name=\"twitter:creator\" content=\"@Pulso_27\" \/>\n<meta name=\"twitter:site\" content=\"@Pulso_27\" \/>\n<meta name=\"twitter:label1\" content=\"Written by\" \/>\n\t<meta name=\"twitter:data1\" content=\"Redactor\" \/>\n\t<meta name=\"twitter:label2\" content=\"Est. reading time\" \/>\n\t<meta name=\"twitter:data2\" content=\"2 minutos\" \/>\n<script type=\"application\/ld+json\" class=\"yoast-schema-graph\">{\"@context\":\"https:\\\/\\\/schema.org\",\"@graph\":[{\"@type\":\"Article\",\"@id\":\"https:\\\/\\\/pulso27.com\\\/actualidad\\\/roberto-sanchez-lidera-marcha-de-la-cgtp-por-el-dia-del-trabajador-en-lima\\\/#article\",\"isPartOf\":{\"@id\":\"https:\\\/\\\/pulso27.com\\\/actualidad\\\/roberto-sanchez-lidera-marcha-de-la-cgtp-por-el-dia-del-trabajador-en-lima\\\/\"},\"author\":{\"name\":\"Redactor\",\"@id\":\"https:\\\/\\\/pulso27.com\\\/en\\\/#\\\/schema\\\/person\\\/bf5ee161e6c87f6c7d57f5e689ef8526\"},\"headline\":\"Roberto S\u00e1nchez lidera marcha de la CGTP por el D\u00eda del Trabajador en Lima\",\"datePublished\":\"2026-05-02T03:23:54+00:00\",\"dateModified\":\"2026-05-02T03:24:02+00:00\",\"mainEntityOfPage\":{\"@id\":\"https:\\\/\\\/pulso27.com\\\/actualidad\\\/roberto-sanchez-lidera-marcha-de-la-cgtp-por-el-dia-del-trabajador-en-lima\\\/\"},\"wordCount\":277,\"commentCount\":0,\"publisher\":{\"@id\":\"https:\\\/\\\/pulso27.com\\\/en\\\/#organization\"},\"image\":{\"@id\":\"https:\\\/\\\/pulso27.com\\\/actualidad\\\/roberto-sanchez-lidera-marcha-de-la-cgtp-por-el-dia-del-trabajador-en-lima\\\/#primaryimage\"},\"thumbnailUrl\":\"https:\\\/\\\/pulso27.com\\\/wp-content\\\/uploads\\\/2026\\\/05\\\/1-de-Mayo.png\",\"keywords\":[\"D\u00eda Internacional del Trabajador\",\"Juntos por el Per\u00fa\",\"Roberto S\u00e1nchez Palomino\"],\"articleSection\":[\"Actualidad\",\"Nacional\",\"Pol\u00edtica\",\"Tendencia\"],\"inLanguage\":\"es-PE\",\"potentialAction\":[{\"@type\":\"CommentAction\",\"name\":\"Comment\",\"target\":[\"https:\\\/\\\/pulso27.com\\\/actualidad\\\/roberto-sanchez-lidera-marcha-de-la-cgtp-por-el-dia-del-trabajador-en-lima\\\/#respond\"]}]},{\"@type\":\"WebPage\",\"@id\":\"https:\\\/\\\/pulso27.com\\\/actualidad\\\/roberto-sanchez-lidera-marcha-de-la-cgtp-por-el-dia-del-trabajador-en-lima\\\/\",\"url\":\"https:\\\/\\\/pulso27.com\\\/actualidad\\\/roberto-sanchez-lidera-marcha-de-la-cgtp-por-el-dia-del-trabajador-en-lima\\\/\",\"name\":\"Roberto S\u00e1nchez lidera marcha de la CGTP por el D\u00eda del Trabajador en Lima - Pulso27\",\"isPartOf\":{\"@id\":\"https:\\\/\\\/pulso27.com\\\/en\\\/#website\"},\"primaryImageOfPage\":{\"@id\":\"https:\\\/\\\/pulso27.com\\\/actualidad\\\/roberto-sanchez-lidera-marcha-de-la-cgtp-por-el-dia-del-trabajador-en-lima\\\/#primaryimage\"},\"image\":{\"@id\":\"https:\\\/\\\/pulso27.com\\\/actualidad\\\/roberto-sanchez-lidera-marcha-de-la-cgtp-por-el-dia-del-trabajador-en-lima\\\/#primaryimage\"},\"thumbnailUrl\":\"https:\\\/\\\/pulso27.com\\\/wp-content\\\/uploads\\\/2026\\\/05\\\/1-de-Mayo.png\",\"datePublished\":\"2026-05-02T03:23:54+00:00\",\"dateModified\":\"2026-05-02T03:24:02+00:00\",\"breadcrumb\":{\"@id\":\"https:\\\/\\\/pulso27.com\\\/actualidad\\\/roberto-sanchez-lidera-marcha-de-la-cgtp-por-el-dia-del-trabajador-en-lima\\\/#breadcrumb\"},\"inLanguage\":\"es-PE\",\"potentialAction\":[{\"@type\":\"ReadAction\",\"target\":[\"https:\\\/\\\/pulso27.com\\\/actualidad\\\/roberto-sanchez-lidera-marcha-de-la-cgtp-por-el-dia-del-trabajador-en-lima\\\/\"]}]},{\"@type\":\"ImageObject\",\"inLanguage\":\"es-PE\",\"@id\":\"https:\\\/\\\/pulso27.com\\\/actualidad\\\/roberto-sanchez-lidera-marcha-de-la-cgtp-por-el-dia-del-trabajador-en-lima\\\/#primaryimage\",\"url\":\"https:\\\/\\\/pulso27.com\\\/wp-content\\\/uploads\\\/2026\\\/05\\\/1-de-Mayo.png\",\"contentUrl\":\"https:\\\/\\\/pulso27.com\\\/wp-content\\\/uploads\\\/2026\\\/05\\\/1-de-Mayo.png\",\"width\":1200,\"height\":798},{\"@type\":\"BreadcrumbList\",\"@id\":\"https:\\\/\\\/pulso27.com\\\/actualidad\\\/roberto-sanchez-lidera-marcha-de-la-cgtp-por-el-dia-del-trabajador-en-lima\\\/#breadcrumb\",\"itemListElement\":[{\"@type\":\"ListItem\",\"position\":1,\"name\":\"Portada\",\"item\":\"https:\\\/\\\/pulso27.com\\\/\"},{\"@type\":\"ListItem\",\"position\":2,\"name\":\"Roberto S\u00e1nchez lidera marcha de la CGTP por el D\u00eda del Trabajador en Lima\"}]},{\"@type\":\"WebSite\",\"@id\":\"https:\\\/\\\/pulso27.com\\\/en\\\/#website\",\"url\":\"https:\\\/\\\/pulso27.com\\\/en\\\/\",\"name\":\"Pulso27\",\"description\":\"Web de noticias y publicidad\",\"publisher\":{\"@id\":\"https:\\\/\\\/pulso27.com\\\/en\\\/#organization\"},\"alternateName\":\"El pulso del pueblo\",\"potentialAction\":[{\"@type\":\"SearchAction\",\"target\":{\"@type\":\"EntryPoint\",\"urlTemplate\":\"https:\\\/\\\/pulso27.com\\\/en\\\/?s={search_term_string}\"},\"query-input\":{\"@type\":\"PropertyValueSpecification\",\"valueRequired\":true,\"valueName\":\"search_term_string\"}}],\"inLanguage\":\"es-PE\"},{\"@type\":\"Organization\",\"@id\":\"https:\\\/\\\/pulso27.com\\\/en\\\/#organization\",\"name\":\"Pulso27\",\"url\":\"https:\\\/\\\/pulso27.com\\\/en\\\/\",\"logo\":{\"@type\":\"ImageObject\",\"inLanguage\":\"es-PE\",\"@id\":\"https:\\\/\\\/pulso27.com\\\/en\\\/#\\\/schema\\\/logo\\\/image\\\/\",\"url\":\"https:\\\/\\\/pulso27.com\\\/wp-content\\\/uploads\\\/2026\\\/02\\\/Logotipo-de-la-organizacion-696-x-696-px-ok.png\",\"contentUrl\":\"https:\\\/\\\/pulso27.com\\\/wp-content\\\/uploads\\\/2026\\\/02\\\/Logotipo-de-la-organizacion-696-x-696-px-ok.png\",\"width\":696,\"height\":696,\"caption\":\"Pulso27\"},\"image\":{\"@id\":\"https:\\\/\\\/pulso27.com\\\/en\\\/#\\\/schema\\\/logo\\\/image\\\/\"},\"sameAs\":[\"https:\\\/\\\/www.facebook.com\\\/pulso27\\\/\",\"https:\\\/\\\/x.com\\\/Pulso_27\",\"https:\\\/\\\/www.youtube.com\\\/@Pulso27\",\"https:\\\/\\\/www.tiktok.com\\\/@pulso_27\"]},{\"@type\":\"Person\",\"@id\":\"https:\\\/\\\/pulso27.com\\\/en\\\/#\\\/schema\\\/person\\\/bf5ee161e6c87f6c7d57f5e689ef8526\",\"name\":\"Redactor\",\"image\":{\"@type\":\"ImageObject\",\"inLanguage\":\"es-PE\",\"@id\":\"https:\\\/\\\/pulso27.com\\\/wp-content\\\/uploads\\\/2025\\\/03\\\/a-150x150.png\",\"url\":\"https:\\\/\\\/pulso27.com\\\/wp-content\\\/uploads\\\/2025\\\/03\\\/a-150x150.png\",\"contentUrl\":\"https:\\\/\\\/pulso27.com\\\/wp-content\\\/uploads\\\/2025\\\/03\\\/a-150x150.png\",\"caption\":\"Redactor\"},\"sameAs\":[\"http:\\\/\\\/www.pulso27.com\"],\"url\":\"http:\\\/\\\/pulso27.com\\\/es\\\/author\\\/redactor\\\/\"}]}<\/script>\n<!-- \/ Yoast SEO plugin. -->","yoast_head_json":{"title":"Roberto S\u00e1nchez lidera marcha de la CGTP por el D\u00eda del Trabajador en Lima - Pulso27","robots":{"index":"index","follow":"follow","max-snippet":"max-snippet:-1","max-image-preview":"max-image-preview:large","max-video-preview":"max-video-preview:-1"},"canonical":"https:\/\/pulso27.com\/es\/actualidad\/roberto-sanchez-lidera-marcha-de-la-cgtp-por-el-dia-del-trabajador-en-lima\/","og_locale":"es_ES","og_type":"article","og_title":"Roberto S\u00e1nchez lidera marcha de la CGTP por el D\u00eda del Trabajador en Lima - Pulso27","og_description":"Lima, 1 de mayo de 2026. \u2013 Miles de trabajadores se concentraron este viernes en la Plaza Dos de Mayo para conmemorar el D\u00eda Internacional del Trabajador, en una movilizaci\u00f3n convocada por la Confederaci\u00f3n General de Trabajadores del Per\u00fa (CGTP) que combin\u00f3 demandas laborales con un fuerte mensaje pol\u00edtico. La jornada incluy\u00f3 una romer\u00eda que [&hellip;]","og_url":"https:\/\/pulso27.com\/es\/actualidad\/roberto-sanchez-lidera-marcha-de-la-cgtp-por-el-dia-del-trabajador-en-lima\/","og_site_name":"Pulso27","article_publisher":"https:\/\/www.facebook.com\/pulso27\/","article_published_time":"2026-05-02T03:23:54+00:00","article_modified_time":"2026-05-02T03:24:02+00:00","og_image":[{"width":1024,"height":681,"url":"https:\/\/pulso27.com\/wp-content\/uploads\/2026\/05\/1-de-Mayo-1024x681.png","type":"image\/png"}],"author":"Redactor","twitter_card":"summary_large_image","twitter_creator":"@Pulso_27","twitter_site":"@Pulso_27","twitter_misc":{"Written by":"Redactor","Est. reading time":"2 minutos"},"schema":{"@context":"https:\/\/schema.org","@graph":[{"@type":"Article","@id":"https:\/\/pulso27.com\/actualidad\/roberto-sanchez-lidera-marcha-de-la-cgtp-por-el-dia-del-trabajador-en-lima\/#article","isPartOf":{"@id":"https:\/\/pulso27.com\/actualidad\/roberto-sanchez-lidera-marcha-de-la-cgtp-por-el-dia-del-trabajador-en-lima\/"},"author":{"name":"Redactor","@id":"https:\/\/pulso27.com\/en\/#\/schema\/person\/bf5ee161e6c87f6c7d57f5e689ef8526"},"headline":"Roberto S\u00e1nchez lidera marcha de la CGTP por el D\u00eda del Trabajador en Lima","datePublished":"2026-05-02T03:23:54+00:00","dateModified":"2026-05-02T03:24:02+00:00","mainEntityOfPage":{"@id":"https:\/\/pulso27.com\/actualidad\/roberto-sanchez-lidera-marcha-de-la-cgtp-por-el-dia-del-trabajador-en-lima\/"},"wordCount":277,"commentCount":0,"publisher":{"@id":"https:\/\/pulso27.com\/en\/#organization"},"image":{"@id":"https:\/\/pulso27.com\/actualidad\/roberto-sanchez-lidera-marcha-de-la-cgtp-por-el-dia-del-trabajador-en-lima\/#primaryimage"},"thumbnailUrl":"https:\/\/pulso27.com\/wp-content\/uploads\/2026\/05\/1-de-Mayo.png","keywords":["D\u00eda Internacional del Trabajador","Juntos por el Per\u00fa","Roberto S\u00e1nchez Palomino"],"articleSection":["Actualidad","Nacional","Pol\u00edtica","Tendencia"],"inLanguage":"es-PE","potentialAction":[{"@type":"CommentAction","name":"Comment","target":["https:\/\/pulso27.com\/actualidad\/roberto-sanchez-lidera-marcha-de-la-cgtp-por-el-dia-del-trabajador-en-lima\/#respond"]}]},{"@type":"WebPage","@id":"https:\/\/pulso27.com\/actualidad\/roberto-sanchez-lidera-marcha-de-la-cgtp-por-el-dia-del-trabajador-en-lima\/","url":"https:\/\/pulso27.com\/actualidad\/roberto-sanchez-lidera-marcha-de-la-cgtp-por-el-dia-del-trabajador-en-lima\/","name":"Roberto S\u00e1nchez lidera marcha de la CGTP por el D\u00eda del Trabajador en Lima - Pulso27","isPartOf":{"@id":"https:\/\/pulso27.com\/en\/#website"},"primaryImageOfPage":{"@id":"https:\/\/pulso27.com\/actualidad\/roberto-sanchez-lidera-marcha-de-la-cgtp-por-el-dia-del-trabajador-en-lima\/#primaryimage"},"image":{"@id":"https:\/\/pulso27.com\/actualidad\/roberto-sanchez-lidera-marcha-de-la-cgtp-por-el-dia-del-trabajador-en-lima\/#primaryimage"},"thumbnailUrl":"https:\/\/pulso27.com\/wp-content\/uploads\/2026\/05\/1-de-Mayo.png","datePublished":"2026-05-02T03:23:54+00:00","dateModified":"2026-05-02T03:24:02+00:00","breadcrumb":{"@id":"https:\/\/pulso27.com\/actualidad\/roberto-sanchez-lidera-marcha-de-la-cgtp-por-el-dia-del-trabajador-en-lima\/#breadcrumb"},"inLanguage":"es-PE","potentialAction":[{"@type":"ReadAction","target":["https:\/\/pulso27.com\/actualidad\/roberto-sanchez-lidera-marcha-de-la-cgtp-por-el-dia-del-trabajador-en-lima\/"]}]},{"@type":"ImageObject","inLanguage":"es-PE","@id":"https:\/\/pulso27.com\/actualidad\/roberto-sanchez-lidera-marcha-de-la-cgtp-por-el-dia-del-trabajador-en-lima\/#primaryimage","url":"https:\/\/pulso27.com\/wp-content\/uploads\/2026\/05\/1-de-Mayo.png","contentUrl":"https:\/\/pulso27.com\/wp-content\/uploads\/2026\/05\/1-de-Mayo.png","width":1200,"height":798},{"@type":"BreadcrumbList","@id":"https:\/\/pulso27.com\/actualidad\/roberto-sanchez-lidera-marcha-de-la-cgtp-por-el-dia-del-trabajador-en-lima\/#breadcrumb","itemListElement":[{"@type":"ListItem","position":1,"name":"Portada","item":"https:\/\/pulso27.com\/"},{"@type":"ListItem","position":2,"name":"Roberto S\u00e1nchez lidera marcha de la CGTP por el D\u00eda del Trabajador en Lima"}]},{"@type":"WebSite","@id":"https:\/\/pulso27.com\/en\/#website","url":"https:\/\/pulso27.com\/en\/","name":"Pulso27","description":"Web de noticias y publicidad","publisher":{"@id":"https:\/\/pulso27.com\/en\/#organization"},"alternateName":"El pulso del pueblo","potentialAction":[{"@type":"SearchAction","target":{"@type":"EntryPoint","urlTemplate":"https:\/\/pulso27.com\/en\/?s={search_term_string}"},"query-input":{"@type":"PropertyValueSpecification","valueRequired":true,"valueName":"search_term_string"}}],"inLanguage":"es-PE"},{"@type":"Organization","@id":"https:\/\/pulso27.com\/en\/#organization","name":"Pulso27","url":"https:\/\/pulso27.com\/en\/","logo":{"@type":"ImageObject","inLanguage":"es-PE","@id":"https:\/\/pulso27.com\/en\/#\/schema\/logo\/image\/","url":"https:\/\/pulso27.com\/wp-content\/uploads\/2026\/02\/Logotipo-de-la-organizacion-696-x-696-px-ok.png","contentUrl":"https:\/\/pulso27.com\/wp-content\/uploads\/2026\/02\/Logotipo-de-la-organizacion-696-x-696-px-ok.png","width":696,"height":696,"caption":"Pulso27"},"image":{"@id":"https:\/\/pulso27.com\/en\/#\/schema\/logo\/image\/"},"sameAs":["https:\/\/www.facebook.com\/pulso27\/","https:\/\/x.com\/Pulso_27","https:\/\/www.youtube.com\/@Pulso27","https:\/\/www.tiktok.com\/@pulso_27"]},{"@type":"Person","@id":"https:\/\/pulso27.com\/en\/#\/schema\/person\/bf5ee161e6c87f6c7d57f5e689ef8526","name":"Redactor","image":{"@type":"ImageObject","inLanguage":"es-PE","@id":"https:\/\/pulso27.com\/wp-content\/uploads\/2025\/03\/a-150x150.png","url":"https:\/\/pulso27.com\/wp-content\/uploads\/2025\/03\/a-150x150.png","contentUrl":"https:\/\/pulso27.com\/wp-content\/uploads\/2025\/03\/a-150x150.png","caption":"Redactor"},"sameAs":["http:\/\/www.pulso27.com"],"url":"http:\/\/pulso27.com\/es\/author\/redactor\/"}]}},"amp_enabled":true,"_links":{"self":[{"href":"http:\/\/pulso27.com\/es\/wp-json\/wp\/v2\/posts\/7893","targetHints":{"allow":["GET"]}}],"collection":[{"href":"http:\/\/pulso27.com\/es\/wp-json\/wp\/v2\/posts"}],"about":[{"href":"http:\/\/pulso27.com\/es\/wp-json\/wp\/v2\/types\/post"}],"author":[{"embeddable":true,"href":"http:\/\/pulso27.com\/es\/wp-json\/wp\/v2\/users\/13"}],"replies":[{"embeddable":true,"href":"http:\/\/pulso27.com\/es\/wp-json\/wp\/v2\/comments?post=7893"}],"version-history":[{"count":1,"href":"http:\/\/pulso27.com\/es\/wp-json\/wp\/v2\/posts\/7893\/revisions"}],"predecessor-version":[{"id":7898,"href":"http:\/\/pulso27.com\/es\/wp-json\/wp\/v2\/posts\/7893\/revisions\/7898"}],"wp:featuredmedia":[{"embeddable":true,"href":"http:\/\/pulso27.com\/es\/wp-json\/wp\/v2\/media\/7894"}],"wp:attachment":[{"href":"http:\/\/pulso27.com\/es\/wp-json\/wp\/v2\/media?parent=7893"}],"wp:term":[{"taxonomy":"category","embeddable":true,"href":"http:\/\/pulso27.com\/es\/wp-json\/wp\/v2\/categories?post=7893"},{"taxonomy":"post_tag","embeddable":true,"href":"http:\/\/pulso27.com\/es\/wp-json\/wp\/v2\/tags?post=7893"}],"curies":[{"name":"wp","href":"https:\/\/api.w.org\/{rel}","templated":true}]}}