{"id":7899,"date":"2026-05-02T09:19:47","date_gmt":"2026-05-02T04:19:47","guid":{"rendered":"https:\/\/pulso27.com\/?p=7899"},"modified":"2026-05-02T09:19:52","modified_gmt":"2026-05-02T04:19:52","slug":"curwen-se-pone-el-sombrero-chotano-en-entrevista-con-el-candidato-presidenciales-izquierdista-roberto-sanchez","status":"publish","type":"post","link":"http:\/\/pulso27.com\/es\/actualidad\/curwen-se-pone-el-sombrero-chotano-en-entrevista-con-el-candidato-presidenciales-izquierdista-roberto-sanchez\/","title":{"rendered":"Curwen se pone el sombrero chotano en entrevista con el candidato presidenciales izquierdista Roberto S\u00e1nchez"},"content":{"rendered":"\n<p>V\u00edctor Caballero, conocido como Curwen, se consolid\u00f3 como uno de los periodistas digitales m\u00e1s influyentes del Per\u00fa al cumplir su palabra durante la entrevista a Roberto S\u00e1nchez en su programa Brutalidad Pol\u00edtica. El youtuber se coloc\u00f3 el caracter\u00edstico sombrero chotano que el candidato presidencial de Juntos por el Per\u00fa llev\u00f3 personalmente al set, un gesto que r\u00e1pidamente se viraliz\u00f3 en TikTok, Facebook y YouTube. La entrevista, que dur\u00f3 casi dos horas, ha generado miles de interacciones y debate en redes sociales a pocos meses de las Elecciones Generales 2026.<\/p>\n\n\n\n<p>Durante la conversaci\u00f3n, Roberto S\u00e1nchez abord\u00f3 temas clave como la situaci\u00f3n de Pedro Castillo, la necesidad de justicia para los sectores m\u00e1s vulnerables, inversi\u00f3n real en regiones y cr\u00edticas al centralismo lime\u00f1o. S\u00e1nchez se present\u00f3 como un candidato \u201cde barro\u201d, cercano al pueblo, y reafirm\u00f3 su compromiso con proyectos sociales. Curwen, con su estilo directo y sarc\u00e1stico habitual, logr\u00f3 momentos de alto impacto que ya circulan como clips virales en plataformas digitales.<\/p>\n\n\n\n<p>El sombrero se convirti\u00f3 en el s\u00edmbolo de la emisi\u00f3n. Curwen hab\u00eda prometido p\u00fablicamente que si S\u00e1nchez asist\u00eda a su programa, \u00e9l se lo pondr\u00eda. El candidato cumpli\u00f3 llevando el accesorio y el comunicador honr\u00f3 su palabra, un intercambio que muchos interpretan como gesto de cercan\u00eda con el electorado del interior del pa\u00eds y otros ven como estrategia de posicionamiento pol\u00edtico.<\/p>\n\n\n\n<p>La nota ha generado reacciones divididas. Sectores de izquierda celebran la autenticidad y el respaldo impl\u00edcito a candidaturas alternativas, mientras que cr\u00edticos acusan a Curwen de sesgo y de convertir su espacio en plataforma electoral. El periodista digital, con m\u00e1s de 700 mil suscriptores en YouTube, mantiene su rol de voz influyente fuera de los medios tradicionales, especialmente entre el p\u00fablico joven.<\/p>\n\n\n\n<p>Con las Elecciones Generales 2026 acerc\u00e1ndose, episodios como la entrevista de Curwen a Roberto S\u00e1nchez demuestran el creciente poder de los creadores de contenido en la agenda pol\u00edtica peruana. El \u201cefecto sombrero\u201d ya es tendencia y promete seguir alimentando el debate en redes sobre liderazgo regional, s\u00edmbolos populares y el rol de los nuevos medios en la campa\u00f1a electoral.<\/p>\n","protected":false},"excerpt":{"rendered":"<p>V\u00edctor Caballero, conocido como Curwen, se consolid\u00f3 como uno de los periodistas digitales m\u00e1s influyentes del Per\u00fa al cumplir su palabra durante la entrevista a Roberto S\u00e1nchez en su programa Brutalidad Pol\u00edtica. El youtuber se coloc\u00f3 el caracter\u00edstico sombrero chotano que el candidato presidencial de Juntos por el Per\u00fa llev\u00f3 personalmente al set, un gesto [&hellip;]<\/p>\n","protected":false},"author":7,"featured_media":7900,"comment_status":"open","ping_status":"open","sticky":false,"template":"","format":"standard","meta":{"footnotes":""},"categories":[183,393,174,1852],"tags":[2758,2760,2423,2759],"class_list":["post-7899","post","type-post","status-publish","format-standard","has-post-thumbnail","hentry","category-actualidad","category-cultura","category-nacional","category-tendencia","tag-curwen","tag-el-sombrero","tag-elecciones-generales-2026","tag-redes-sociales"],"yoast_head":"<!-- This site is optimized with the Yoast SEO plugin v27.4 - https:\/\/yoast.com\/product\/yoast-seo-wordpress\/ -->\n<title>Curwen se pone el sombrero chotano en entrevista con el candidato presidenciales izquierdista Roberto S\u00e1nchez - Pulso27<\/title>\n<meta name=\"robots\" content=\"index, follow, max-snippet:-1, max-image-preview:large, max-video-preview:-1\" \/>\n<link rel=\"canonical\" href=\"https:\/\/pulso27.com\/es\/actualidad\/curwen-se-pone-el-sombrero-chotano-en-entrevista-con-el-candidato-presidenciales-izquierdista-roberto-sanchez\/\" \/>\n<meta property=\"og:locale\" content=\"es_ES\" \/>\n<meta property=\"og:type\" content=\"article\" \/>\n<meta property=\"og:title\" content=\"Curwen se pone el sombrero chotano en entrevista con el candidato presidenciales izquierdista Roberto S\u00e1nchez - Pulso27\" \/>\n<meta property=\"og:description\" content=\"V\u00edctor Caballero, conocido como Curwen, se consolid\u00f3 como uno de los periodistas digitales m\u00e1s influyentes del Per\u00fa al cumplir su palabra durante la entrevista a Roberto S\u00e1nchez en su programa Brutalidad Pol\u00edtica. El youtuber se coloc\u00f3 el caracter\u00edstico sombrero chotano que el candidato presidencial de Juntos por el Per\u00fa llev\u00f3 personalmente al set, un gesto [&hellip;]\" \/>\n<meta property=\"og:url\" content=\"https:\/\/pulso27.com\/es\/actualidad\/curwen-se-pone-el-sombrero-chotano-en-entrevista-con-el-candidato-presidenciales-izquierdista-roberto-sanchez\/\" \/>\n<meta property=\"og:site_name\" content=\"Pulso27\" \/>\n<meta property=\"article:publisher\" content=\"https:\/\/www.facebook.com\/pulso27\/\" \/>\n<meta property=\"article:published_time\" content=\"2026-05-02T04:19:47+00:00\" \/>\n<meta property=\"article:modified_time\" content=\"2026-05-02T04:19:52+00:00\" \/>\n<meta property=\"og:image\" content=\"https:\/\/pulso27.com\/wp-content\/uploads\/2026\/05\/Curwen.png\" \/>\n\t<meta property=\"og:image:width\" content=\"1200\" \/>\n\t<meta property=\"og:image:height\" content=\"800\" \/>\n\t<meta property=\"og:image:type\" content=\"image\/png\" \/>\n<meta name=\"author\" content=\"Tupaq\" \/>\n<meta name=\"twitter:card\" content=\"summary_large_image\" \/>\n<meta name=\"twitter:creator\" content=\"@Pulso_27\" \/>\n<meta name=\"twitter:site\" content=\"@Pulso_27\" \/>\n<meta name=\"twitter:label1\" content=\"Written by\" \/>\n\t<meta name=\"twitter:data1\" content=\"Tupaq\" \/>\n\t<meta name=\"twitter:label2\" content=\"Est. reading time\" \/>\n\t<meta name=\"twitter:data2\" content=\"2 minutos\" \/>\n<script type=\"application\/ld+json\" class=\"yoast-schema-graph\">{\"@context\":\"https:\\\/\\\/schema.org\",\"@graph\":[{\"@type\":\"Article\",\"@id\":\"https:\\\/\\\/pulso27.com\\\/actualidad\\\/curwen-se-pone-el-sombrero-chotano-en-entrevista-con-el-candidato-presidenciales-izquierdista-roberto-sanchez\\\/#article\",\"isPartOf\":{\"@id\":\"https:\\\/\\\/pulso27.com\\\/actualidad\\\/curwen-se-pone-el-sombrero-chotano-en-entrevista-con-el-candidato-presidenciales-izquierdista-roberto-sanchez\\\/\"},\"author\":{\"name\":\"Tupaq\",\"@id\":\"https:\\\/\\\/pulso27.com\\\/en\\\/#\\\/schema\\\/person\\\/d20fd7f5bc7f2e53fd150d43fca07a78\"},\"headline\":\"Curwen se pone el sombrero chotano en entrevista con el candidato presidenciales izquierdista Roberto S\u00e1nchez\",\"datePublished\":\"2026-05-02T04:19:47+00:00\",\"dateModified\":\"2026-05-02T04:19:52+00:00\",\"mainEntityOfPage\":{\"@id\":\"https:\\\/\\\/pulso27.com\\\/actualidad\\\/curwen-se-pone-el-sombrero-chotano-en-entrevista-con-el-candidato-presidenciales-izquierdista-roberto-sanchez\\\/\"},\"wordCount\":390,\"commentCount\":0,\"publisher\":{\"@id\":\"https:\\\/\\\/pulso27.com\\\/en\\\/#organization\"},\"image\":{\"@id\":\"https:\\\/\\\/pulso27.com\\\/actualidad\\\/curwen-se-pone-el-sombrero-chotano-en-entrevista-con-el-candidato-presidenciales-izquierdista-roberto-sanchez\\\/#primaryimage\"},\"thumbnailUrl\":\"https:\\\/\\\/pulso27.com\\\/wp-content\\\/uploads\\\/2026\\\/05\\\/Curwen.png\",\"keywords\":[\"Curwen\",\"El Sombrero\",\"Elecciones Generales 2026\",\"Redes Sociales\"],\"articleSection\":[\"Actualidad\",\"Cultura\",\"Nacional\",\"Tendencia\"],\"inLanguage\":\"es-PE\",\"potentialAction\":[{\"@type\":\"CommentAction\",\"name\":\"Comment\",\"target\":[\"https:\\\/\\\/pulso27.com\\\/actualidad\\\/curwen-se-pone-el-sombrero-chotano-en-entrevista-con-el-candidato-presidenciales-izquierdista-roberto-sanchez\\\/#respond\"]}]},{\"@type\":\"WebPage\",\"@id\":\"https:\\\/\\\/pulso27.com\\\/actualidad\\\/curwen-se-pone-el-sombrero-chotano-en-entrevista-con-el-candidato-presidenciales-izquierdista-roberto-sanchez\\\/\",\"url\":\"https:\\\/\\\/pulso27.com\\\/actualidad\\\/curwen-se-pone-el-sombrero-chotano-en-entrevista-con-el-candidato-presidenciales-izquierdista-roberto-sanchez\\\/\",\"name\":\"Curwen se pone el sombrero chotano en entrevista con el candidato presidenciales izquierdista Roberto S\u00e1nchez - Pulso27\",\"isPartOf\":{\"@id\":\"https:\\\/\\\/pulso27.com\\\/en\\\/#website\"},\"primaryImageOfPage\":{\"@id\":\"https:\\\/\\\/pulso27.com\\\/actualidad\\\/curwen-se-pone-el-sombrero-chotano-en-entrevista-con-el-candidato-presidenciales-izquierdista-roberto-sanchez\\\/#primaryimage\"},\"image\":{\"@id\":\"https:\\\/\\\/pulso27.com\\\/actualidad\\\/curwen-se-pone-el-sombrero-chotano-en-entrevista-con-el-candidato-presidenciales-izquierdista-roberto-sanchez\\\/#primaryimage\"},\"thumbnailUrl\":\"https:\\\/\\\/pulso27.com\\\/wp-content\\\/uploads\\\/2026\\\/05\\\/Curwen.png\",\"datePublished\":\"2026-05-02T04:19:47+00:00\",\"dateModified\":\"2026-05-02T04:19:52+00:00\",\"breadcrumb\":{\"@id\":\"https:\\\/\\\/pulso27.com\\\/actualidad\\\/curwen-se-pone-el-sombrero-chotano-en-entrevista-con-el-candidato-presidenciales-izquierdista-roberto-sanchez\\\/#breadcrumb\"},\"inLanguage\":\"es-PE\",\"potentialAction\":[{\"@type\":\"ReadAction\",\"target\":[\"https:\\\/\\\/pulso27.com\\\/actualidad\\\/curwen-se-pone-el-sombrero-chotano-en-entrevista-con-el-candidato-presidenciales-izquierdista-roberto-sanchez\\\/\"]}]},{\"@type\":\"ImageObject\",\"inLanguage\":\"es-PE\",\"@id\":\"https:\\\/\\\/pulso27.com\\\/actualidad\\\/curwen-se-pone-el-sombrero-chotano-en-entrevista-con-el-candidato-presidenciales-izquierdista-roberto-sanchez\\\/#primaryimage\",\"url\":\"https:\\\/\\\/pulso27.com\\\/wp-content\\\/uploads\\\/2026\\\/05\\\/Curwen.png\",\"contentUrl\":\"https:\\\/\\\/pulso27.com\\\/wp-content\\\/uploads\\\/2026\\\/05\\\/Curwen.png\",\"width\":1200,\"height\":800},{\"@type\":\"BreadcrumbList\",\"@id\":\"https:\\\/\\\/pulso27.com\\\/actualidad\\\/curwen-se-pone-el-sombrero-chotano-en-entrevista-con-el-candidato-presidenciales-izquierdista-roberto-sanchez\\\/#breadcrumb\",\"itemListElement\":[{\"@type\":\"ListItem\",\"position\":1,\"name\":\"Portada\",\"item\":\"https:\\\/\\\/pulso27.com\\\/\"},{\"@type\":\"ListItem\",\"position\":2,\"name\":\"Curwen se pone el sombrero chotano en entrevista con el candidato presidenciales izquierdista Roberto S\u00e1nchez\"}]},{\"@type\":\"WebSite\",\"@id\":\"https:\\\/\\\/pulso27.com\\\/en\\\/#website\",\"url\":\"https:\\\/\\\/pulso27.com\\\/en\\\/\",\"name\":\"Pulso27\",\"description\":\"Web de noticias y publicidad\",\"publisher\":{\"@id\":\"https:\\\/\\\/pulso27.com\\\/en\\\/#organization\"},\"alternateName\":\"El pulso del pueblo\",\"potentialAction\":[{\"@type\":\"SearchAction\",\"target\":{\"@type\":\"EntryPoint\",\"urlTemplate\":\"https:\\\/\\\/pulso27.com\\\/en\\\/?s={search_term_string}\"},\"query-input\":{\"@type\":\"PropertyValueSpecification\",\"valueRequired\":true,\"valueName\":\"search_term_string\"}}],\"inLanguage\":\"es-PE\"},{\"@type\":\"Organization\",\"@id\":\"https:\\\/\\\/pulso27.com\\\/en\\\/#organization\",\"name\":\"Pulso27\",\"url\":\"https:\\\/\\\/pulso27.com\\\/en\\\/\",\"logo\":{\"@type\":\"ImageObject\",\"inLanguage\":\"es-PE\",\"@id\":\"https:\\\/\\\/pulso27.com\\\/en\\\/#\\\/schema\\\/logo\\\/image\\\/\",\"url\":\"https:\\\/\\\/pulso27.com\\\/wp-content\\\/uploads\\\/2026\\\/02\\\/Logotipo-de-la-organizacion-696-x-696-px-ok.png\",\"contentUrl\":\"https:\\\/\\\/pulso27.com\\\/wp-content\\\/uploads\\\/2026\\\/02\\\/Logotipo-de-la-organizacion-696-x-696-px-ok.png\",\"width\":696,\"height\":696,\"caption\":\"Pulso27\"},\"image\":{\"@id\":\"https:\\\/\\\/pulso27.com\\\/en\\\/#\\\/schema\\\/logo\\\/image\\\/\"},\"sameAs\":[\"https:\\\/\\\/www.facebook.com\\\/pulso27\\\/\",\"https:\\\/\\\/x.com\\\/Pulso_27\",\"https:\\\/\\\/www.youtube.com\\\/@Pulso27\",\"https:\\\/\\\/www.tiktok.com\\\/@pulso_27\"]},{\"@type\":\"Person\",\"@id\":\"https:\\\/\\\/pulso27.com\\\/en\\\/#\\\/schema\\\/person\\\/d20fd7f5bc7f2e53fd150d43fca07a78\",\"name\":\"Tupaq\",\"image\":{\"@type\":\"ImageObject\",\"inLanguage\":\"es-PE\",\"@id\":\"https:\\\/\\\/secure.gravatar.com\\\/avatar\\\/7929e9b034aeea560319a601e4f04c59eb5f45a79eafe192adabb67e9604e7e7?s=96&d=mm&r=g\",\"url\":\"https:\\\/\\\/secure.gravatar.com\\\/avatar\\\/7929e9b034aeea560319a601e4f04c59eb5f45a79eafe192adabb67e9604e7e7?s=96&d=mm&r=g\",\"contentUrl\":\"https:\\\/\\\/secure.gravatar.com\\\/avatar\\\/7929e9b034aeea560319a601e4f04c59eb5f45a79eafe192adabb67e9604e7e7?s=96&d=mm&r=g\",\"caption\":\"Tupaq\"},\"url\":\"http:\\\/\\\/pulso27.com\\\/es\\\/author\\\/tupaq\\\/\"}]}<\/script>\n<!-- \/ Yoast SEO plugin. -->","yoast_head_json":{"title":"Curwen se pone el sombrero chotano en entrevista con el candidato presidenciales izquierdista Roberto S\u00e1nchez - Pulso27","robots":{"index":"index","follow":"follow","max-snippet":"max-snippet:-1","max-image-preview":"max-image-preview:large","max-video-preview":"max-video-preview:-1"},"canonical":"https:\/\/pulso27.com\/es\/actualidad\/curwen-se-pone-el-sombrero-chotano-en-entrevista-con-el-candidato-presidenciales-izquierdista-roberto-sanchez\/","og_locale":"es_ES","og_type":"article","og_title":"Curwen se pone el sombrero chotano en entrevista con el candidato presidenciales izquierdista Roberto S\u00e1nchez - Pulso27","og_description":"V\u00edctor Caballero, conocido como Curwen, se consolid\u00f3 como uno de los periodistas digitales m\u00e1s influyentes del Per\u00fa al cumplir su palabra durante la entrevista a Roberto S\u00e1nchez en su programa Brutalidad Pol\u00edtica. El youtuber se coloc\u00f3 el caracter\u00edstico sombrero chotano que el candidato presidencial de Juntos por el Per\u00fa llev\u00f3 personalmente al set, un gesto [&hellip;]","og_url":"https:\/\/pulso27.com\/es\/actualidad\/curwen-se-pone-el-sombrero-chotano-en-entrevista-con-el-candidato-presidenciales-izquierdista-roberto-sanchez\/","og_site_name":"Pulso27","article_publisher":"https:\/\/www.facebook.com\/pulso27\/","article_published_time":"2026-05-02T04:19:47+00:00","article_modified_time":"2026-05-02T04:19:52+00:00","og_image":[{"width":1200,"height":800,"url":"https:\/\/pulso27.com\/wp-content\/uploads\/2026\/05\/Curwen.png","type":"image\/png"}],"author":"Tupaq","twitter_card":"summary_large_image","twitter_creator":"@Pulso_27","twitter_site":"@Pulso_27","twitter_misc":{"Written by":"Tupaq","Est. reading time":"2 minutos"},"schema":{"@context":"https:\/\/schema.org","@graph":[{"@type":"Article","@id":"https:\/\/pulso27.com\/actualidad\/curwen-se-pone-el-sombrero-chotano-en-entrevista-con-el-candidato-presidenciales-izquierdista-roberto-sanchez\/#article","isPartOf":{"@id":"https:\/\/pulso27.com\/actualidad\/curwen-se-pone-el-sombrero-chotano-en-entrevista-con-el-candidato-presidenciales-izquierdista-roberto-sanchez\/"},"author":{"name":"Tupaq","@id":"https:\/\/pulso27.com\/en\/#\/schema\/person\/d20fd7f5bc7f2e53fd150d43fca07a78"},"headline":"Curwen se pone el sombrero chotano en entrevista con el candidato presidenciales izquierdista Roberto S\u00e1nchez","datePublished":"2026-05-02T04:19:47+00:00","dateModified":"2026-05-02T04:19:52+00:00","mainEntityOfPage":{"@id":"https:\/\/pulso27.com\/actualidad\/curwen-se-pone-el-sombrero-chotano-en-entrevista-con-el-candidato-presidenciales-izquierdista-roberto-sanchez\/"},"wordCount":390,"commentCount":0,"publisher":{"@id":"https:\/\/pulso27.com\/en\/#organization"},"image":{"@id":"https:\/\/pulso27.com\/actualidad\/curwen-se-pone-el-sombrero-chotano-en-entrevista-con-el-candidato-presidenciales-izquierdista-roberto-sanchez\/#primaryimage"},"thumbnailUrl":"https:\/\/pulso27.com\/wp-content\/uploads\/2026\/05\/Curwen.png","keywords":["Curwen","El Sombrero","Elecciones Generales 2026","Redes Sociales"],"articleSection":["Actualidad","Cultura","Nacional","Tendencia"],"inLanguage":"es-PE","potentialAction":[{"@type":"CommentAction","name":"Comment","target":["https:\/\/pulso27.com\/actualidad\/curwen-se-pone-el-sombrero-chotano-en-entrevista-con-el-candidato-presidenciales-izquierdista-roberto-sanchez\/#respond"]}]},{"@type":"WebPage","@id":"https:\/\/pulso27.com\/actualidad\/curwen-se-pone-el-sombrero-chotano-en-entrevista-con-el-candidato-presidenciales-izquierdista-roberto-sanchez\/","url":"https:\/\/pulso27.com\/actualidad\/curwen-se-pone-el-sombrero-chotano-en-entrevista-con-el-candidato-presidenciales-izquierdista-roberto-sanchez\/","name":"Curwen se pone el sombrero chotano en entrevista con el candidato presidenciales izquierdista Roberto S\u00e1nchez - Pulso27","isPartOf":{"@id":"https:\/\/pulso27.com\/en\/#website"},"primaryImageOfPage":{"@id":"https:\/\/pulso27.com\/actualidad\/curwen-se-pone-el-sombrero-chotano-en-entrevista-con-el-candidato-presidenciales-izquierdista-roberto-sanchez\/#primaryimage"},"image":{"@id":"https:\/\/pulso27.com\/actualidad\/curwen-se-pone-el-sombrero-chotano-en-entrevista-con-el-candidato-presidenciales-izquierdista-roberto-sanchez\/#primaryimage"},"thumbnailUrl":"https:\/\/pulso27.com\/wp-content\/uploads\/2026\/05\/Curwen.png","datePublished":"2026-05-02T04:19:47+00:00","dateModified":"2026-05-02T04:19:52+00:00","breadcrumb":{"@id":"https:\/\/pulso27.com\/actualidad\/curwen-se-pone-el-sombrero-chotano-en-entrevista-con-el-candidato-presidenciales-izquierdista-roberto-sanchez\/#breadcrumb"},"inLanguage":"es-PE","potentialAction":[{"@type":"ReadAction","target":["https:\/\/pulso27.com\/actualidad\/curwen-se-pone-el-sombrero-chotano-en-entrevista-con-el-candidato-presidenciales-izquierdista-roberto-sanchez\/"]}]},{"@type":"ImageObject","inLanguage":"es-PE","@id":"https:\/\/pulso27.com\/actualidad\/curwen-se-pone-el-sombrero-chotano-en-entrevista-con-el-candidato-presidenciales-izquierdista-roberto-sanchez\/#primaryimage","url":"https:\/\/pulso27.com\/wp-content\/uploads\/2026\/05\/Curwen.png","contentUrl":"https:\/\/pulso27.com\/wp-content\/uploads\/2026\/05\/Curwen.png","width":1200,"height":800},{"@type":"BreadcrumbList","@id":"https:\/\/pulso27.com\/actualidad\/curwen-se-pone-el-sombrero-chotano-en-entrevista-con-el-candidato-presidenciales-izquierdista-roberto-sanchez\/#breadcrumb","itemListElement":[{"@type":"ListItem","position":1,"name":"Portada","item":"https:\/\/pulso27.com\/"},{"@type":"ListItem","position":2,"name":"Curwen se pone el sombrero chotano en entrevista con el candidato presidenciales izquierdista Roberto S\u00e1nchez"}]},{"@type":"WebSite","@id":"https:\/\/pulso27.com\/en\/#website","url":"https:\/\/pulso27.com\/en\/","name":"Pulso27","description":"Web de noticias y publicidad","publisher":{"@id":"https:\/\/pulso27.com\/en\/#organization"},"alternateName":"El pulso del pueblo","potentialAction":[{"@type":"SearchAction","target":{"@type":"EntryPoint","urlTemplate":"https:\/\/pulso27.com\/en\/?s={search_term_string}"},"query-input":{"@type":"PropertyValueSpecification","valueRequired":true,"valueName":"search_term_string"}}],"inLanguage":"es-PE"},{"@type":"Organization","@id":"https:\/\/pulso27.com\/en\/#organization","name":"Pulso27","url":"https:\/\/pulso27.com\/en\/","logo":{"@type":"ImageObject","inLanguage":"es-PE","@id":"https:\/\/pulso27.com\/en\/#\/schema\/logo\/image\/","url":"https:\/\/pulso27.com\/wp-content\/uploads\/2026\/02\/Logotipo-de-la-organizacion-696-x-696-px-ok.png","contentUrl":"https:\/\/pulso27.com\/wp-content\/uploads\/2026\/02\/Logotipo-de-la-organizacion-696-x-696-px-ok.png","width":696,"height":696,"caption":"Pulso27"},"image":{"@id":"https:\/\/pulso27.com\/en\/#\/schema\/logo\/image\/"},"sameAs":["https:\/\/www.facebook.com\/pulso27\/","https:\/\/x.com\/Pulso_27","https:\/\/www.youtube.com\/@Pulso27","https:\/\/www.tiktok.com\/@pulso_27"]},{"@type":"Person","@id":"https:\/\/pulso27.com\/en\/#\/schema\/person\/d20fd7f5bc7f2e53fd150d43fca07a78","name":"Tupaq","image":{"@type":"ImageObject","inLanguage":"es-PE","@id":"https:\/\/secure.gravatar.com\/avatar\/7929e9b034aeea560319a601e4f04c59eb5f45a79eafe192adabb67e9604e7e7?s=96&d=mm&r=g","url":"https:\/\/secure.gravatar.com\/avatar\/7929e9b034aeea560319a601e4f04c59eb5f45a79eafe192adabb67e9604e7e7?s=96&d=mm&r=g","contentUrl":"https:\/\/secure.gravatar.com\/avatar\/7929e9b034aeea560319a601e4f04c59eb5f45a79eafe192adabb67e9604e7e7?s=96&d=mm&r=g","caption":"Tupaq"},"url":"http:\/\/pulso27.com\/es\/author\/tupaq\/"}]}},"amp_enabled":true,"_links":{"self":[{"href":"http:\/\/pulso27.com\/es\/wp-json\/wp\/v2\/posts\/7899","targetHints":{"allow":["GET"]}}],"collection":[{"href":"http:\/\/pulso27.com\/es\/wp-json\/wp\/v2\/posts"}],"about":[{"href":"http:\/\/pulso27.com\/es\/wp-json\/wp\/v2\/types\/post"}],"author":[{"embeddable":true,"href":"http:\/\/pulso27.com\/es\/wp-json\/wp\/v2\/users\/7"}],"replies":[{"embeddable":true,"href":"http:\/\/pulso27.com\/es\/wp-json\/wp\/v2\/comments?post=7899"}],"version-history":[{"count":1,"href":"http:\/\/pulso27.com\/es\/wp-json\/wp\/v2\/posts\/7899\/revisions"}],"predecessor-version":[{"id":7904,"href":"http:\/\/pulso27.com\/es\/wp-json\/wp\/v2\/posts\/7899\/revisions\/7904"}],"wp:featuredmedia":[{"embeddable":true,"href":"http:\/\/pulso27.com\/es\/wp-json\/wp\/v2\/media\/7900"}],"wp:attachment":[{"href":"http:\/\/pulso27.com\/es\/wp-json\/wp\/v2\/media?parent=7899"}],"wp:term":[{"taxonomy":"category","embeddable":true,"href":"http:\/\/pulso27.com\/es\/wp-json\/wp\/v2\/categories?post=7899"},{"taxonomy":"post_tag","embeddable":true,"href":"http:\/\/pulso27.com\/es\/wp-json\/wp\/v2\/tags?post=7899"}],"curies":[{"name":"wp","href":"https:\/\/api.w.org\/{rel}","templated":true}]}}