{"id":1004,"date":"2023-12-22T15:11:45","date_gmt":"2023-12-22T15:11:45","guid":{"rendered":"https:\/\/pulso27.com\/?p=1004"},"modified":"2023-12-22T15:11:46","modified_gmt":"2023-12-22T15:11:46","slug":"puno-siete-mineros-mueren-en-mina-de-la-rinconada","status":"publish","type":"post","link":"https:\/\/pulso27.com\/en\/nacional\/puno-siete-mineros-mueren-en-mina-de-la-rinconada\/","title":{"rendered":"Puno: siete mineros mueren en mina de La Rinconada"},"content":{"rendered":"<p>De acuerdo con la investigaci\u00f3n preliminar, los mineros fallecieron por un aparente accidente laboral en la bocamina 3 del proyecto minero Sapo de Oro.<\/p>\n\n\n\n<p><br>Siete mineros fallecieron al interior de una bocamina, ubicada en el centro poblado La Rinconada, en el distrito de Ananea, en la provincia pune\u00f1a de San Antonio de Putina. As\u00ed lo inform\u00f3 el jefe de la X Macrorregi\u00f3n Policial, Enrique Felipe Monroy.<\/p>\n\n\n\n<p>De acuerdo con la investigaci\u00f3n preliminar, los mineros fallecieron por un aparente accidente laboral en la bocamina 3 del proyecto minero Sapo de Oro, tras ser aplastados por el material que se desprendi\u00f3 en el yacimiento.<\/p>\n\n\n\n<p>El mando policial detall\u00f3 que los cad\u00e1veres fueron extra\u00eddos a bordo de un veh\u00edculo minero, a kil\u00f3metro y medio de profundidad desde el lugar el lugar de los hechos.<\/p>\n\n\n\n<figure class=\"wp-block-image size-full is-resized\"><img loading=\"lazy\" decoding=\"async\" width=\"604\" height=\"334\" src=\"https:\/\/pulso27.com\/wp-content\/uploads\/2023\/12\/image-18.png\" alt=\"\" class=\"wp-image-1005\" style=\"width:738px;height:auto\" srcset=\"https:\/\/pulso27.com\/wp-content\/uploads\/2023\/12\/image-18.png 604w, https:\/\/pulso27.com\/wp-content\/uploads\/2023\/12\/image-18-300x166.png 300w\" sizes=\"auto, (max-width: 604px) 100vw, 604px\" \/><\/figure>\n\n\n\n<p><strong>Diligencias<\/strong><br>Los efectivos de la Polic\u00eda Nacional tambi\u00e9n se acercaron a la zona y constaron que los cuerpos, que ya hab\u00edan sido subidos a la tolva de un veh\u00edculo, presentaban signos de fracturas en los miembros superiores e inferiores, y que las prendas de vestir estaban embarradas de lodo y tierra.<\/p>\n\n\n\n<p>Por su parte, los miembros de la Oficina de Criminal\u00edstica de la Polic\u00eda realizaron el levantamiento de los cad\u00e1veres, que ser\u00e1n conducidos a la morgue de la jurisdicci\u00f3n, mientras que el Ministerio P\u00fablico investiga el caso.<\/p>\n\n\n\n<p>Fuente: RPP<\/p>","protected":false},"excerpt":{"rendered":"<p>Siete mineros fallecieron al interior de una bocamina, ubicada en el centro poblado La Rinconada, en el distrito de Ananea, en la provincia pune\u00f1a de San Antonio de Putina. As\u00ed lo inform\u00f3 el jefe de la X Macrorregi\u00f3n Policial, Enrique Felipe Monroy.<\/p>","protected":false},"author":10,"featured_media":1006,"comment_status":"open","ping_status":"open","sticky":false,"template":"","format":"standard","meta":{"footnotes":""},"categories":[183,174],"tags":[430,431,307],"class_list":["post-1004","post","type-post","status-publish","format-standard","has-post-thumbnail","hentry","category-actualidad","category-nacional","tag-la-rinconada","tag-mineria-ilegal","tag-puno"],"yoast_head":"<!-- This site is optimized with the Yoast SEO plugin v27.4 - https:\/\/yoast.com\/product\/yoast-seo-wordpress\/ -->\n<title>Puno: siete mineros mueren en mina de La Rinconada - Pulso27<\/title>\n<meta name=\"robots\" content=\"index, follow, max-snippet:-1, max-image-preview:large, max-video-preview:-1\" \/>\n<link rel=\"canonical\" href=\"https:\/\/pulso27.com\/en\/nacional\/puno-siete-mineros-mueren-en-mina-de-la-rinconada\/\" \/>\n<meta property=\"og:locale\" content=\"en_US\" \/>\n<meta property=\"og:type\" content=\"article\" \/>\n<meta property=\"og:title\" content=\"Puno: siete mineros mueren en mina de La Rinconada - Pulso27\" \/>\n<meta property=\"og:description\" content=\"Siete mineros fallecieron al interior de una bocamina, ubicada en el centro poblado La Rinconada, en el distrito de Ananea, en la provincia pune\u00f1a de San Antonio de Putina. As\u00ed lo inform\u00f3 el jefe de la X Macrorregi\u00f3n Policial, Enrique Felipe Monroy.\" \/>\n<meta property=\"og:url\" content=\"https:\/\/pulso27.com\/en\/nacional\/puno-siete-mineros-mueren-en-mina-de-la-rinconada\/\" \/>\n<meta property=\"og:site_name\" content=\"Pulso27\" \/>\n<meta property=\"article:publisher\" content=\"https:\/\/www.facebook.com\/pulso27\/\" \/>\n<meta property=\"article:published_time\" content=\"2023-12-22T15:11:45+00:00\" \/>\n<meta property=\"article:modified_time\" content=\"2023-12-22T15:11:46+00:00\" \/>\n<meta property=\"og:image\" content=\"https:\/\/pulso27.com\/wp-content\/uploads\/2023\/12\/mina-rinconada-muertos.png\" \/>\n\t<meta property=\"og:image:width\" content=\"711\" \/>\n\t<meta property=\"og:image:height\" content=\"460\" \/>\n\t<meta property=\"og:image:type\" content=\"image\/png\" \/>\n<meta name=\"author\" content=\"El Muki\" \/>\n<meta name=\"twitter:card\" content=\"summary_large_image\" \/>\n<meta name=\"twitter:creator\" content=\"@Pulso_27\" \/>\n<meta name=\"twitter:site\" content=\"@Pulso_27\" \/>\n<meta name=\"twitter:label1\" content=\"Written by\" \/>\n\t<meta name=\"twitter:data1\" content=\"El Muki\" \/>\n\t<meta name=\"twitter:label2\" content=\"Est. reading time\" \/>\n\t<meta name=\"twitter:data2\" content=\"1 minute\" \/>\n<script type=\"application\/ld+json\" class=\"yoast-schema-graph\">{\"@context\":\"https:\\\/\\\/schema.org\",\"@graph\":[{\"@type\":\"Article\",\"@id\":\"https:\\\/\\\/pulso27.com\\\/nacional\\\/puno-siete-mineros-mueren-en-mina-de-la-rinconada\\\/#article\",\"isPartOf\":{\"@id\":\"https:\\\/\\\/pulso27.com\\\/nacional\\\/puno-siete-mineros-mueren-en-mina-de-la-rinconada\\\/\"},\"author\":{\"name\":\"El Muki\",\"@id\":\"https:\\\/\\\/pulso27.com\\\/en\\\/#\\\/schema\\\/person\\\/a0930a7f318e7d9d83bd7cffed9f34f6\"},\"headline\":\"Puno: siete mineros mueren en mina de La Rinconada\",\"datePublished\":\"2023-12-22T15:11:45+00:00\",\"dateModified\":\"2023-12-22T15:11:46+00:00\",\"mainEntityOfPage\":{\"@id\":\"https:\\\/\\\/pulso27.com\\\/nacional\\\/puno-siete-mineros-mueren-en-mina-de-la-rinconada\\\/\"},\"wordCount\":245,\"commentCount\":0,\"publisher\":{\"@id\":\"https:\\\/\\\/pulso27.com\\\/en\\\/#organization\"},\"image\":{\"@id\":\"https:\\\/\\\/pulso27.com\\\/nacional\\\/puno-siete-mineros-mueren-en-mina-de-la-rinconada\\\/#primaryimage\"},\"thumbnailUrl\":\"https:\\\/\\\/pulso27.com\\\/wp-content\\\/uploads\\\/2023\\\/12\\\/mina-rinconada-muertos.png\",\"keywords\":[\"La Rinconada\",\"Mineria ilegal\",\"Puno\"],\"articleSection\":[\"Actualidad\",\"Nacional\"],\"inLanguage\":\"en-US\",\"potentialAction\":[{\"@type\":\"CommentAction\",\"name\":\"Comment\",\"target\":[\"https:\\\/\\\/pulso27.com\\\/nacional\\\/puno-siete-mineros-mueren-en-mina-de-la-rinconada\\\/#respond\"]}]},{\"@type\":\"WebPage\",\"@id\":\"https:\\\/\\\/pulso27.com\\\/nacional\\\/puno-siete-mineros-mueren-en-mina-de-la-rinconada\\\/\",\"url\":\"https:\\\/\\\/pulso27.com\\\/nacional\\\/puno-siete-mineros-mueren-en-mina-de-la-rinconada\\\/\",\"name\":\"Puno: siete mineros mueren en mina de La Rinconada - Pulso27\",\"isPartOf\":{\"@id\":\"https:\\\/\\\/pulso27.com\\\/en\\\/#website\"},\"primaryImageOfPage\":{\"@id\":\"https:\\\/\\\/pulso27.com\\\/nacional\\\/puno-siete-mineros-mueren-en-mina-de-la-rinconada\\\/#primaryimage\"},\"image\":{\"@id\":\"https:\\\/\\\/pulso27.com\\\/nacional\\\/puno-siete-mineros-mueren-en-mina-de-la-rinconada\\\/#primaryimage\"},\"thumbnailUrl\":\"https:\\\/\\\/pulso27.com\\\/wp-content\\\/uploads\\\/2023\\\/12\\\/mina-rinconada-muertos.png\",\"datePublished\":\"2023-12-22T15:11:45+00:00\",\"dateModified\":\"2023-12-22T15:11:46+00:00\",\"breadcrumb\":{\"@id\":\"https:\\\/\\\/pulso27.com\\\/nacional\\\/puno-siete-mineros-mueren-en-mina-de-la-rinconada\\\/#breadcrumb\"},\"inLanguage\":\"en-US\",\"potentialAction\":[{\"@type\":\"ReadAction\",\"target\":[\"https:\\\/\\\/pulso27.com\\\/nacional\\\/puno-siete-mineros-mueren-en-mina-de-la-rinconada\\\/\"]}]},{\"@type\":\"ImageObject\",\"inLanguage\":\"en-US\",\"@id\":\"https:\\\/\\\/pulso27.com\\\/nacional\\\/puno-siete-mineros-mueren-en-mina-de-la-rinconada\\\/#primaryimage\",\"url\":\"https:\\\/\\\/pulso27.com\\\/wp-content\\\/uploads\\\/2023\\\/12\\\/mina-rinconada-muertos.png\",\"contentUrl\":\"https:\\\/\\\/pulso27.com\\\/wp-content\\\/uploads\\\/2023\\\/12\\\/mina-rinconada-muertos.png\",\"width\":711,\"height\":460},{\"@type\":\"BreadcrumbList\",\"@id\":\"https:\\\/\\\/pulso27.com\\\/nacional\\\/puno-siete-mineros-mueren-en-mina-de-la-rinconada\\\/#breadcrumb\",\"itemListElement\":[{\"@type\":\"ListItem\",\"position\":1,\"name\":\"Portada\",\"item\":\"https:\\\/\\\/pulso27.com\\\/\"},{\"@type\":\"ListItem\",\"position\":2,\"name\":\"Puno: siete mineros mueren en mina de La Rinconada\"}]},{\"@type\":\"WebSite\",\"@id\":\"https:\\\/\\\/pulso27.com\\\/en\\\/#website\",\"url\":\"https:\\\/\\\/pulso27.com\\\/en\\\/\",\"name\":\"Pulso27\",\"description\":\"Web de noticias y publicidad\",\"publisher\":{\"@id\":\"https:\\\/\\\/pulso27.com\\\/en\\\/#organization\"},\"alternateName\":\"El pulso del pueblo\",\"potentialAction\":[{\"@type\":\"SearchAction\",\"target\":{\"@type\":\"EntryPoint\",\"urlTemplate\":\"https:\\\/\\\/pulso27.com\\\/en\\\/?s={search_term_string}\"},\"query-input\":{\"@type\":\"PropertyValueSpecification\",\"valueRequired\":true,\"valueName\":\"search_term_string\"}}],\"inLanguage\":\"en-US\"},{\"@type\":\"Organization\",\"@id\":\"https:\\\/\\\/pulso27.com\\\/en\\\/#organization\",\"name\":\"Pulso27\",\"url\":\"https:\\\/\\\/pulso27.com\\\/en\\\/\",\"logo\":{\"@type\":\"ImageObject\",\"inLanguage\":\"en-US\",\"@id\":\"https:\\\/\\\/pulso27.com\\\/en\\\/#\\\/schema\\\/logo\\\/image\\\/\",\"url\":\"https:\\\/\\\/pulso27.com\\\/wp-content\\\/uploads\\\/2026\\\/02\\\/Logotipo-de-la-organizacion-696-x-696-px-ok.png\",\"contentUrl\":\"https:\\\/\\\/pulso27.com\\\/wp-content\\\/uploads\\\/2026\\\/02\\\/Logotipo-de-la-organizacion-696-x-696-px-ok.png\",\"width\":696,\"height\":696,\"caption\":\"Pulso27\"},\"image\":{\"@id\":\"https:\\\/\\\/pulso27.com\\\/en\\\/#\\\/schema\\\/logo\\\/image\\\/\"},\"sameAs\":[\"https:\\\/\\\/www.facebook.com\\\/pulso27\\\/\",\"https:\\\/\\\/x.com\\\/Pulso_27\",\"https:\\\/\\\/www.youtube.com\\\/@Pulso27\",\"https:\\\/\\\/www.tiktok.com\\\/@pulso_27\"]},{\"@type\":\"Person\",\"@id\":\"https:\\\/\\\/pulso27.com\\\/en\\\/#\\\/schema\\\/person\\\/a0930a7f318e7d9d83bd7cffed9f34f6\",\"name\":\"El Muki\",\"image\":{\"@type\":\"ImageObject\",\"inLanguage\":\"en-US\",\"@id\":\"https:\\\/\\\/secure.gravatar.com\\\/avatar\\\/dc91c2607c5eebda74cbb40d13031f489096c96ead89c4c30c17db262267b2b3?s=96&d=mm&r=g\",\"url\":\"https:\\\/\\\/secure.gravatar.com\\\/avatar\\\/dc91c2607c5eebda74cbb40d13031f489096c96ead89c4c30c17db262267b2b3?s=96&d=mm&r=g\",\"contentUrl\":\"https:\\\/\\\/secure.gravatar.com\\\/avatar\\\/dc91c2607c5eebda74cbb40d13031f489096c96ead89c4c30c17db262267b2b3?s=96&d=mm&r=g\",\"caption\":\"El Muki\"},\"sameAs\":[\"http:\\\/\\\/www.pulso27.com\"],\"url\":\"https:\\\/\\\/pulso27.com\\\/en\\\/author\\\/elcuervo\\\/\"}]}<\/script>\n<!-- \/ Yoast SEO plugin. -->","yoast_head_json":{"title":"Puno: siete mineros mueren en mina de La Rinconada - Pulso27","robots":{"index":"index","follow":"follow","max-snippet":"max-snippet:-1","max-image-preview":"max-image-preview:large","max-video-preview":"max-video-preview:-1"},"canonical":"https:\/\/pulso27.com\/en\/nacional\/puno-siete-mineros-mueren-en-mina-de-la-rinconada\/","og_locale":"en_US","og_type":"article","og_title":"Puno: siete mineros mueren en mina de La Rinconada - Pulso27","og_description":"Siete mineros fallecieron al interior de una bocamina, ubicada en el centro poblado La Rinconada, en el distrito de Ananea, en la provincia pune\u00f1a de San Antonio de Putina. As\u00ed lo inform\u00f3 el jefe de la X Macrorregi\u00f3n Policial, Enrique Felipe Monroy.","og_url":"https:\/\/pulso27.com\/en\/nacional\/puno-siete-mineros-mueren-en-mina-de-la-rinconada\/","og_site_name":"Pulso27","article_publisher":"https:\/\/www.facebook.com\/pulso27\/","article_published_time":"2023-12-22T15:11:45+00:00","article_modified_time":"2023-12-22T15:11:46+00:00","og_image":[{"width":711,"height":460,"url":"https:\/\/pulso27.com\/wp-content\/uploads\/2023\/12\/mina-rinconada-muertos.png","type":"image\/png"}],"author":"El Muki","twitter_card":"summary_large_image","twitter_creator":"@Pulso_27","twitter_site":"@Pulso_27","twitter_misc":{"Written by":"El Muki","Est. reading time":"1 minute"},"schema":{"@context":"https:\/\/schema.org","@graph":[{"@type":"Article","@id":"https:\/\/pulso27.com\/nacional\/puno-siete-mineros-mueren-en-mina-de-la-rinconada\/#article","isPartOf":{"@id":"https:\/\/pulso27.com\/nacional\/puno-siete-mineros-mueren-en-mina-de-la-rinconada\/"},"author":{"name":"El Muki","@id":"https:\/\/pulso27.com\/en\/#\/schema\/person\/a0930a7f318e7d9d83bd7cffed9f34f6"},"headline":"Puno: siete mineros mueren en mina de La Rinconada","datePublished":"2023-12-22T15:11:45+00:00","dateModified":"2023-12-22T15:11:46+00:00","mainEntityOfPage":{"@id":"https:\/\/pulso27.com\/nacional\/puno-siete-mineros-mueren-en-mina-de-la-rinconada\/"},"wordCount":245,"commentCount":0,"publisher":{"@id":"https:\/\/pulso27.com\/en\/#organization"},"image":{"@id":"https:\/\/pulso27.com\/nacional\/puno-siete-mineros-mueren-en-mina-de-la-rinconada\/#primaryimage"},"thumbnailUrl":"https:\/\/pulso27.com\/wp-content\/uploads\/2023\/12\/mina-rinconada-muertos.png","keywords":["La Rinconada","Mineria ilegal","Puno"],"articleSection":["Actualidad","Nacional"],"inLanguage":"en-US","potentialAction":[{"@type":"CommentAction","name":"Comment","target":["https:\/\/pulso27.com\/nacional\/puno-siete-mineros-mueren-en-mina-de-la-rinconada\/#respond"]}]},{"@type":"WebPage","@id":"https:\/\/pulso27.com\/nacional\/puno-siete-mineros-mueren-en-mina-de-la-rinconada\/","url":"https:\/\/pulso27.com\/nacional\/puno-siete-mineros-mueren-en-mina-de-la-rinconada\/","name":"Puno: siete mineros mueren en mina de La Rinconada - Pulso27","isPartOf":{"@id":"https:\/\/pulso27.com\/en\/#website"},"primaryImageOfPage":{"@id":"https:\/\/pulso27.com\/nacional\/puno-siete-mineros-mueren-en-mina-de-la-rinconada\/#primaryimage"},"image":{"@id":"https:\/\/pulso27.com\/nacional\/puno-siete-mineros-mueren-en-mina-de-la-rinconada\/#primaryimage"},"thumbnailUrl":"https:\/\/pulso27.com\/wp-content\/uploads\/2023\/12\/mina-rinconada-muertos.png","datePublished":"2023-12-22T15:11:45+00:00","dateModified":"2023-12-22T15:11:46+00:00","breadcrumb":{"@id":"https:\/\/pulso27.com\/nacional\/puno-siete-mineros-mueren-en-mina-de-la-rinconada\/#breadcrumb"},"inLanguage":"en-US","potentialAction":[{"@type":"ReadAction","target":["https:\/\/pulso27.com\/nacional\/puno-siete-mineros-mueren-en-mina-de-la-rinconada\/"]}]},{"@type":"ImageObject","inLanguage":"en-US","@id":"https:\/\/pulso27.com\/nacional\/puno-siete-mineros-mueren-en-mina-de-la-rinconada\/#primaryimage","url":"https:\/\/pulso27.com\/wp-content\/uploads\/2023\/12\/mina-rinconada-muertos.png","contentUrl":"https:\/\/pulso27.com\/wp-content\/uploads\/2023\/12\/mina-rinconada-muertos.png","width":711,"height":460},{"@type":"BreadcrumbList","@id":"https:\/\/pulso27.com\/nacional\/puno-siete-mineros-mueren-en-mina-de-la-rinconada\/#breadcrumb","itemListElement":[{"@type":"ListItem","position":1,"name":"Portada","item":"https:\/\/pulso27.com\/"},{"@type":"ListItem","position":2,"name":"Puno: siete mineros mueren en mina de La Rinconada"}]},{"@type":"WebSite","@id":"https:\/\/pulso27.com\/en\/#website","url":"https:\/\/pulso27.com\/en\/","name":"Pulso27","description":"Web de noticias y publicidad","publisher":{"@id":"https:\/\/pulso27.com\/en\/#organization"},"alternateName":"El pulso del pueblo","potentialAction":[{"@type":"SearchAction","target":{"@type":"EntryPoint","urlTemplate":"https:\/\/pulso27.com\/en\/?s={search_term_string}"},"query-input":{"@type":"PropertyValueSpecification","valueRequired":true,"valueName":"search_term_string"}}],"inLanguage":"en-US"},{"@type":"Organization","@id":"https:\/\/pulso27.com\/en\/#organization","name":"Pulso27","url":"https:\/\/pulso27.com\/en\/","logo":{"@type":"ImageObject","inLanguage":"en-US","@id":"https:\/\/pulso27.com\/en\/#\/schema\/logo\/image\/","url":"https:\/\/pulso27.com\/wp-content\/uploads\/2026\/02\/Logotipo-de-la-organizacion-696-x-696-px-ok.png","contentUrl":"https:\/\/pulso27.com\/wp-content\/uploads\/2026\/02\/Logotipo-de-la-organizacion-696-x-696-px-ok.png","width":696,"height":696,"caption":"Pulso27"},"image":{"@id":"https:\/\/pulso27.com\/en\/#\/schema\/logo\/image\/"},"sameAs":["https:\/\/www.facebook.com\/pulso27\/","https:\/\/x.com\/Pulso_27","https:\/\/www.youtube.com\/@Pulso27","https:\/\/www.tiktok.com\/@pulso_27"]},{"@type":"Person","@id":"https:\/\/pulso27.com\/en\/#\/schema\/person\/a0930a7f318e7d9d83bd7cffed9f34f6","name":"El Muki","image":{"@type":"ImageObject","inLanguage":"en-US","@id":"https:\/\/secure.gravatar.com\/avatar\/dc91c2607c5eebda74cbb40d13031f489096c96ead89c4c30c17db262267b2b3?s=96&d=mm&r=g","url":"https:\/\/secure.gravatar.com\/avatar\/dc91c2607c5eebda74cbb40d13031f489096c96ead89c4c30c17db262267b2b3?s=96&d=mm&r=g","contentUrl":"https:\/\/secure.gravatar.com\/avatar\/dc91c2607c5eebda74cbb40d13031f489096c96ead89c4c30c17db262267b2b3?s=96&d=mm&r=g","caption":"El Muki"},"sameAs":["http:\/\/www.pulso27.com"],"url":"https:\/\/pulso27.com\/en\/author\/elcuervo\/"}]}},"amp_enabled":true,"_links":{"self":[{"href":"https:\/\/pulso27.com\/en\/wp-json\/wp\/v2\/posts\/1004","targetHints":{"allow":["GET"]}}],"collection":[{"href":"https:\/\/pulso27.com\/en\/wp-json\/wp\/v2\/posts"}],"about":[{"href":"https:\/\/pulso27.com\/en\/wp-json\/wp\/v2\/types\/post"}],"author":[{"embeddable":true,"href":"https:\/\/pulso27.com\/en\/wp-json\/wp\/v2\/users\/10"}],"replies":[{"embeddable":true,"href":"https:\/\/pulso27.com\/en\/wp-json\/wp\/v2\/comments?post=1004"}],"version-history":[{"count":1,"href":"https:\/\/pulso27.com\/en\/wp-json\/wp\/v2\/posts\/1004\/revisions"}],"predecessor-version":[{"id":1007,"href":"https:\/\/pulso27.com\/en\/wp-json\/wp\/v2\/posts\/1004\/revisions\/1007"}],"wp:featuredmedia":[{"embeddable":true,"href":"https:\/\/pulso27.com\/en\/wp-json\/wp\/v2\/media\/1006"}],"wp:attachment":[{"href":"https:\/\/pulso27.com\/en\/wp-json\/wp\/v2\/media?parent=1004"}],"wp:term":[{"taxonomy":"category","embeddable":true,"href":"https:\/\/pulso27.com\/en\/wp-json\/wp\/v2\/categories?post=1004"},{"taxonomy":"post_tag","embeddable":true,"href":"https:\/\/pulso27.com\/en\/wp-json\/wp\/v2\/tags?post=1004"}],"curies":[{"name":"wp","href":"https:\/\/api.w.org\/{rel}","templated":true}]}}