{"id":1015,"date":"2023-12-22T21:40:38","date_gmt":"2023-12-22T21:40:38","guid":{"rendered":"https:\/\/pulso27.com\/?p=1015"},"modified":"2023-12-22T21:40:39","modified_gmt":"2023-12-22T21:40:39","slug":"antonio-de-la-haza-es-elegido-como-nuevo-jefe-de-la-jnj","status":"publish","type":"post","link":"https:\/\/pulso27.com\/en\/nacional\/antonio-de-la-haza-es-elegido-como-nuevo-jefe-de-la-jnj\/","title":{"rendered":"Antonio de la Haza es elegido como nuevo jefe de la JNJ"},"content":{"rendered":"<p>El abogado Antonio Humberto de la Haza Barrantes es el nuevo presidente de la Junta Nacional de Justicia (JNJ) y asumir\u00e1 la entidad en enero del 2024, en reemplazo de Imelda Tumial\u00e1n Pinto. El doctor en Derecho por la Pontificia Universidad Cat\u00f3lica del Per\u00fa (PUCP) se mantendr\u00e1 en el cargo hasta el 5 de enero de 2025.<\/p>\n\n\n<div class=\"wp-block-image\">\n<figure class=\"aligncenter size-full is-resized\"><img loading=\"lazy\" decoding=\"async\" width=\"250\" height=\"252\" src=\"https:\/\/pulso27.com\/wp-content\/uploads\/2023\/12\/image-19.png\" alt=\"\" class=\"wp-image-1016\" style=\"width:472px;height:auto\" srcset=\"https:\/\/pulso27.com\/wp-content\/uploads\/2023\/12\/image-19.png 250w, https:\/\/pulso27.com\/wp-content\/uploads\/2023\/12\/image-19-150x150.png 150w, https:\/\/pulso27.com\/wp-content\/uploads\/2023\/12\/image-19-80x80.png 80w\" sizes=\"auto, (max-width: 250px) 100vw, 250px\" \/><\/figure><\/div>\n\n\n<p><\/p>\n\n\n\n<p><strong>CIDH se pronunci\u00f3 sobre remoci\u00f3n de JNJ impulsada por el Congreso<\/strong><br>La Comisi\u00f3n Interamericana de Derechos Humanos se pronunci\u00f3 sobre la moci\u00f3n presentada por el Congreso para remover a los integrantes de la Junta Nacional de Justicia.<\/p>\n\n\n\n<p>La entidad internacional le record\u00f3 al Estado que \u00abtodos los procedimientos que puedan resultar en la destituci\u00f3n de personas operadoras de justicia deben guiarse por el principio de legalidad y el debido proceso\u00bb.<\/p>\n\n\n\n<p><strong>Congresista Luque: \u00abEstas acciones claramente buscan aniquilar a la JNJ\u00bb<\/strong><br>A trav\u00e9s de la red social X, la parlamentaria Ruth Luque se mostr\u00f3 en contra de la moci\u00f3n aprobada por el Parlamento de una comisi\u00f3n de justicia que investigue a la JNJ por supuesta \u00abfalta grave\u00bb.<\/p>\n\n\n\n<p>Ante ello, ha asegurado que desde el Poder Legislativo se busca \u00abaniquilar a la Junta Nacional de Justicia\u00bb. En ese sentido, la congresista a\u00f1adi\u00f3: \u00abYa sabemos c\u00f3mo investiga esta comisi\u00f3n y qui\u00e9n la preside\u00bb.<\/p>\n\n\n\n<p><strong>\u00bfQu\u00e9 dijo Rosa Mar\u00eda Palacios sobre la posible destituci\u00f3n de los miembros de la JNJ?<\/strong><br>Rosa Mar\u00eda Palacios utiliz\u00f3 su programa &#8216;Sin guion&#8217; para pronunciarse respecto a la moci\u00f3n del Poder Legislativo para cesar a los miembros de la Junta Nacional de Justicia.<\/p>\n\n\n\n<p>\u00abEl Congreso necesita desaparecer a la JNJ para encubrir su propia corrupci\u00f3n y en eso hay 87, porque 82 congresistas tienen procesos fiscales abiertos\u00bb, dijo RMP.<\/p>\n\n\n\n<p>Fuente: La Republica<\/p>","protected":false},"excerpt":{"rendered":"<p>El abogado Antonio de la Haza asumir\u00e1 la JNJ en enero del 2024 en reemplazo de Imelda Tumial\u00e1n.<\/p>","protected":false},"author":10,"featured_media":1017,"comment_status":"open","ping_status":"open","sticky":false,"template":"","format":"standard","meta":{"footnotes":""},"categories":[183,174,180],"tags":[195],"class_list":["post-1015","post","type-post","status-publish","format-standard","has-post-thumbnail","hentry","category-actualidad","category-nacional","category-politica","tag-jnj"],"yoast_head":"<!-- This site is optimized with the Yoast SEO plugin v27.4 - https:\/\/yoast.com\/product\/yoast-seo-wordpress\/ -->\n<title>Antonio de la Haza es elegido como nuevo jefe de la JNJ - Pulso27<\/title>\n<meta name=\"robots\" content=\"index, follow, max-snippet:-1, max-image-preview:large, max-video-preview:-1\" \/>\n<link rel=\"canonical\" href=\"https:\/\/pulso27.com\/en\/nacional\/antonio-de-la-haza-es-elegido-como-nuevo-jefe-de-la-jnj\/\" \/>\n<meta property=\"og:locale\" content=\"en_US\" \/>\n<meta property=\"og:type\" content=\"article\" \/>\n<meta property=\"og:title\" content=\"Antonio de la Haza es elegido como nuevo jefe de la JNJ - Pulso27\" \/>\n<meta property=\"og:description\" content=\"El abogado Antonio de la Haza asumir\u00e1 la JNJ en enero del 2024 en reemplazo de Imelda Tumial\u00e1n.\" \/>\n<meta property=\"og:url\" content=\"https:\/\/pulso27.com\/en\/nacional\/antonio-de-la-haza-es-elegido-como-nuevo-jefe-de-la-jnj\/\" \/>\n<meta property=\"og:site_name\" content=\"Pulso27\" \/>\n<meta property=\"article:publisher\" content=\"https:\/\/www.facebook.com\/pulso27\/\" \/>\n<meta property=\"article:published_time\" content=\"2023-12-22T21:40:38+00:00\" \/>\n<meta property=\"article:modified_time\" content=\"2023-12-22T21:40:39+00:00\" \/>\n<meta property=\"og:image\" content=\"https:\/\/pulso27.com\/wp-content\/uploads\/2023\/12\/Antonio-de-la-haza.png\" \/>\n\t<meta property=\"og:image:width\" content=\"841\" \/>\n\t<meta property=\"og:image:height\" content=\"525\" \/>\n\t<meta property=\"og:image:type\" content=\"image\/png\" \/>\n<meta name=\"author\" content=\"El Muki\" \/>\n<meta name=\"twitter:card\" content=\"summary_large_image\" \/>\n<meta name=\"twitter:creator\" content=\"@Pulso_27\" \/>\n<meta name=\"twitter:site\" content=\"@Pulso_27\" \/>\n<meta name=\"twitter:label1\" content=\"Written by\" \/>\n\t<meta name=\"twitter:data1\" content=\"El Muki\" \/>\n\t<meta name=\"twitter:label2\" content=\"Est. reading time\" \/>\n\t<meta name=\"twitter:data2\" content=\"1 minute\" \/>\n<script type=\"application\/ld+json\" class=\"yoast-schema-graph\">{\"@context\":\"https:\\\/\\\/schema.org\",\"@graph\":[{\"@type\":\"Article\",\"@id\":\"https:\\\/\\\/pulso27.com\\\/nacional\\\/antonio-de-la-haza-es-elegido-como-nuevo-jefe-de-la-jnj\\\/#article\",\"isPartOf\":{\"@id\":\"https:\\\/\\\/pulso27.com\\\/nacional\\\/antonio-de-la-haza-es-elegido-como-nuevo-jefe-de-la-jnj\\\/\"},\"author\":{\"name\":\"El Muki\",\"@id\":\"https:\\\/\\\/pulso27.com\\\/en\\\/#\\\/schema\\\/person\\\/a0930a7f318e7d9d83bd7cffed9f34f6\"},\"headline\":\"Antonio de la Haza es elegido como nuevo jefe de la JNJ\",\"datePublished\":\"2023-12-22T21:40:38+00:00\",\"dateModified\":\"2023-12-22T21:40:39+00:00\",\"mainEntityOfPage\":{\"@id\":\"https:\\\/\\\/pulso27.com\\\/nacional\\\/antonio-de-la-haza-es-elegido-como-nuevo-jefe-de-la-jnj\\\/\"},\"wordCount\":304,\"commentCount\":0,\"publisher\":{\"@id\":\"https:\\\/\\\/pulso27.com\\\/en\\\/#organization\"},\"image\":{\"@id\":\"https:\\\/\\\/pulso27.com\\\/nacional\\\/antonio-de-la-haza-es-elegido-como-nuevo-jefe-de-la-jnj\\\/#primaryimage\"},\"thumbnailUrl\":\"https:\\\/\\\/pulso27.com\\\/wp-content\\\/uploads\\\/2023\\\/12\\\/Antonio-de-la-haza.png\",\"keywords\":[\"JNJ\"],\"articleSection\":[\"Actualidad\",\"Nacional\",\"Pol\u00edtica\"],\"inLanguage\":\"en-US\",\"potentialAction\":[{\"@type\":\"CommentAction\",\"name\":\"Comment\",\"target\":[\"https:\\\/\\\/pulso27.com\\\/nacional\\\/antonio-de-la-haza-es-elegido-como-nuevo-jefe-de-la-jnj\\\/#respond\"]}]},{\"@type\":\"WebPage\",\"@id\":\"https:\\\/\\\/pulso27.com\\\/nacional\\\/antonio-de-la-haza-es-elegido-como-nuevo-jefe-de-la-jnj\\\/\",\"url\":\"https:\\\/\\\/pulso27.com\\\/nacional\\\/antonio-de-la-haza-es-elegido-como-nuevo-jefe-de-la-jnj\\\/\",\"name\":\"Antonio de la Haza es elegido como nuevo jefe de la JNJ - Pulso27\",\"isPartOf\":{\"@id\":\"https:\\\/\\\/pulso27.com\\\/en\\\/#website\"},\"primaryImageOfPage\":{\"@id\":\"https:\\\/\\\/pulso27.com\\\/nacional\\\/antonio-de-la-haza-es-elegido-como-nuevo-jefe-de-la-jnj\\\/#primaryimage\"},\"image\":{\"@id\":\"https:\\\/\\\/pulso27.com\\\/nacional\\\/antonio-de-la-haza-es-elegido-como-nuevo-jefe-de-la-jnj\\\/#primaryimage\"},\"thumbnailUrl\":\"https:\\\/\\\/pulso27.com\\\/wp-content\\\/uploads\\\/2023\\\/12\\\/Antonio-de-la-haza.png\",\"datePublished\":\"2023-12-22T21:40:38+00:00\",\"dateModified\":\"2023-12-22T21:40:39+00:00\",\"breadcrumb\":{\"@id\":\"https:\\\/\\\/pulso27.com\\\/nacional\\\/antonio-de-la-haza-es-elegido-como-nuevo-jefe-de-la-jnj\\\/#breadcrumb\"},\"inLanguage\":\"en-US\",\"potentialAction\":[{\"@type\":\"ReadAction\",\"target\":[\"https:\\\/\\\/pulso27.com\\\/nacional\\\/antonio-de-la-haza-es-elegido-como-nuevo-jefe-de-la-jnj\\\/\"]}]},{\"@type\":\"ImageObject\",\"inLanguage\":\"en-US\",\"@id\":\"https:\\\/\\\/pulso27.com\\\/nacional\\\/antonio-de-la-haza-es-elegido-como-nuevo-jefe-de-la-jnj\\\/#primaryimage\",\"url\":\"https:\\\/\\\/pulso27.com\\\/wp-content\\\/uploads\\\/2023\\\/12\\\/Antonio-de-la-haza.png\",\"contentUrl\":\"https:\\\/\\\/pulso27.com\\\/wp-content\\\/uploads\\\/2023\\\/12\\\/Antonio-de-la-haza.png\",\"width\":841,\"height\":525},{\"@type\":\"BreadcrumbList\",\"@id\":\"https:\\\/\\\/pulso27.com\\\/nacional\\\/antonio-de-la-haza-es-elegido-como-nuevo-jefe-de-la-jnj\\\/#breadcrumb\",\"itemListElement\":[{\"@type\":\"ListItem\",\"position\":1,\"name\":\"Portada\",\"item\":\"https:\\\/\\\/pulso27.com\\\/\"},{\"@type\":\"ListItem\",\"position\":2,\"name\":\"Antonio de la Haza es elegido como nuevo jefe de la JNJ\"}]},{\"@type\":\"WebSite\",\"@id\":\"https:\\\/\\\/pulso27.com\\\/en\\\/#website\",\"url\":\"https:\\\/\\\/pulso27.com\\\/en\\\/\",\"name\":\"Pulso27\",\"description\":\"Web de noticias y publicidad\",\"publisher\":{\"@id\":\"https:\\\/\\\/pulso27.com\\\/en\\\/#organization\"},\"alternateName\":\"El pulso del pueblo\",\"potentialAction\":[{\"@type\":\"SearchAction\",\"target\":{\"@type\":\"EntryPoint\",\"urlTemplate\":\"https:\\\/\\\/pulso27.com\\\/en\\\/?s={search_term_string}\"},\"query-input\":{\"@type\":\"PropertyValueSpecification\",\"valueRequired\":true,\"valueName\":\"search_term_string\"}}],\"inLanguage\":\"en-US\"},{\"@type\":\"Organization\",\"@id\":\"https:\\\/\\\/pulso27.com\\\/en\\\/#organization\",\"name\":\"Pulso27\",\"url\":\"https:\\\/\\\/pulso27.com\\\/en\\\/\",\"logo\":{\"@type\":\"ImageObject\",\"inLanguage\":\"en-US\",\"@id\":\"https:\\\/\\\/pulso27.com\\\/en\\\/#\\\/schema\\\/logo\\\/image\\\/\",\"url\":\"https:\\\/\\\/pulso27.com\\\/wp-content\\\/uploads\\\/2026\\\/02\\\/Logotipo-de-la-organizacion-696-x-696-px-ok.png\",\"contentUrl\":\"https:\\\/\\\/pulso27.com\\\/wp-content\\\/uploads\\\/2026\\\/02\\\/Logotipo-de-la-organizacion-696-x-696-px-ok.png\",\"width\":696,\"height\":696,\"caption\":\"Pulso27\"},\"image\":{\"@id\":\"https:\\\/\\\/pulso27.com\\\/en\\\/#\\\/schema\\\/logo\\\/image\\\/\"},\"sameAs\":[\"https:\\\/\\\/www.facebook.com\\\/pulso27\\\/\",\"https:\\\/\\\/x.com\\\/Pulso_27\",\"https:\\\/\\\/www.youtube.com\\\/@Pulso27\",\"https:\\\/\\\/www.tiktok.com\\\/@pulso_27\"]},{\"@type\":\"Person\",\"@id\":\"https:\\\/\\\/pulso27.com\\\/en\\\/#\\\/schema\\\/person\\\/a0930a7f318e7d9d83bd7cffed9f34f6\",\"name\":\"El Muki\",\"image\":{\"@type\":\"ImageObject\",\"inLanguage\":\"en-US\",\"@id\":\"https:\\\/\\\/secure.gravatar.com\\\/avatar\\\/dc91c2607c5eebda74cbb40d13031f489096c96ead89c4c30c17db262267b2b3?s=96&d=mm&r=g\",\"url\":\"https:\\\/\\\/secure.gravatar.com\\\/avatar\\\/dc91c2607c5eebda74cbb40d13031f489096c96ead89c4c30c17db262267b2b3?s=96&d=mm&r=g\",\"contentUrl\":\"https:\\\/\\\/secure.gravatar.com\\\/avatar\\\/dc91c2607c5eebda74cbb40d13031f489096c96ead89c4c30c17db262267b2b3?s=96&d=mm&r=g\",\"caption\":\"El Muki\"},\"sameAs\":[\"http:\\\/\\\/www.pulso27.com\"],\"url\":\"https:\\\/\\\/pulso27.com\\\/en\\\/author\\\/elcuervo\\\/\"}]}<\/script>\n<!-- \/ Yoast SEO plugin. -->","yoast_head_json":{"title":"Antonio de la Haza es elegido como nuevo jefe de la JNJ - Pulso27","robots":{"index":"index","follow":"follow","max-snippet":"max-snippet:-1","max-image-preview":"max-image-preview:large","max-video-preview":"max-video-preview:-1"},"canonical":"https:\/\/pulso27.com\/en\/nacional\/antonio-de-la-haza-es-elegido-como-nuevo-jefe-de-la-jnj\/","og_locale":"en_US","og_type":"article","og_title":"Antonio de la Haza es elegido como nuevo jefe de la JNJ - Pulso27","og_description":"El abogado Antonio de la Haza asumir\u00e1 la JNJ en enero del 2024 en reemplazo de Imelda Tumial\u00e1n.","og_url":"https:\/\/pulso27.com\/en\/nacional\/antonio-de-la-haza-es-elegido-como-nuevo-jefe-de-la-jnj\/","og_site_name":"Pulso27","article_publisher":"https:\/\/www.facebook.com\/pulso27\/","article_published_time":"2023-12-22T21:40:38+00:00","article_modified_time":"2023-12-22T21:40:39+00:00","og_image":[{"width":841,"height":525,"url":"https:\/\/pulso27.com\/wp-content\/uploads\/2023\/12\/Antonio-de-la-haza.png","type":"image\/png"}],"author":"El Muki","twitter_card":"summary_large_image","twitter_creator":"@Pulso_27","twitter_site":"@Pulso_27","twitter_misc":{"Written by":"El Muki","Est. reading time":"1 minute"},"schema":{"@context":"https:\/\/schema.org","@graph":[{"@type":"Article","@id":"https:\/\/pulso27.com\/nacional\/antonio-de-la-haza-es-elegido-como-nuevo-jefe-de-la-jnj\/#article","isPartOf":{"@id":"https:\/\/pulso27.com\/nacional\/antonio-de-la-haza-es-elegido-como-nuevo-jefe-de-la-jnj\/"},"author":{"name":"El Muki","@id":"https:\/\/pulso27.com\/en\/#\/schema\/person\/a0930a7f318e7d9d83bd7cffed9f34f6"},"headline":"Antonio de la Haza es elegido como nuevo jefe de la JNJ","datePublished":"2023-12-22T21:40:38+00:00","dateModified":"2023-12-22T21:40:39+00:00","mainEntityOfPage":{"@id":"https:\/\/pulso27.com\/nacional\/antonio-de-la-haza-es-elegido-como-nuevo-jefe-de-la-jnj\/"},"wordCount":304,"commentCount":0,"publisher":{"@id":"https:\/\/pulso27.com\/en\/#organization"},"image":{"@id":"https:\/\/pulso27.com\/nacional\/antonio-de-la-haza-es-elegido-como-nuevo-jefe-de-la-jnj\/#primaryimage"},"thumbnailUrl":"https:\/\/pulso27.com\/wp-content\/uploads\/2023\/12\/Antonio-de-la-haza.png","keywords":["JNJ"],"articleSection":["Actualidad","Nacional","Pol\u00edtica"],"inLanguage":"en-US","potentialAction":[{"@type":"CommentAction","name":"Comment","target":["https:\/\/pulso27.com\/nacional\/antonio-de-la-haza-es-elegido-como-nuevo-jefe-de-la-jnj\/#respond"]}]},{"@type":"WebPage","@id":"https:\/\/pulso27.com\/nacional\/antonio-de-la-haza-es-elegido-como-nuevo-jefe-de-la-jnj\/","url":"https:\/\/pulso27.com\/nacional\/antonio-de-la-haza-es-elegido-como-nuevo-jefe-de-la-jnj\/","name":"Antonio de la Haza es elegido como nuevo jefe de la JNJ - Pulso27","isPartOf":{"@id":"https:\/\/pulso27.com\/en\/#website"},"primaryImageOfPage":{"@id":"https:\/\/pulso27.com\/nacional\/antonio-de-la-haza-es-elegido-como-nuevo-jefe-de-la-jnj\/#primaryimage"},"image":{"@id":"https:\/\/pulso27.com\/nacional\/antonio-de-la-haza-es-elegido-como-nuevo-jefe-de-la-jnj\/#primaryimage"},"thumbnailUrl":"https:\/\/pulso27.com\/wp-content\/uploads\/2023\/12\/Antonio-de-la-haza.png","datePublished":"2023-12-22T21:40:38+00:00","dateModified":"2023-12-22T21:40:39+00:00","breadcrumb":{"@id":"https:\/\/pulso27.com\/nacional\/antonio-de-la-haza-es-elegido-como-nuevo-jefe-de-la-jnj\/#breadcrumb"},"inLanguage":"en-US","potentialAction":[{"@type":"ReadAction","target":["https:\/\/pulso27.com\/nacional\/antonio-de-la-haza-es-elegido-como-nuevo-jefe-de-la-jnj\/"]}]},{"@type":"ImageObject","inLanguage":"en-US","@id":"https:\/\/pulso27.com\/nacional\/antonio-de-la-haza-es-elegido-como-nuevo-jefe-de-la-jnj\/#primaryimage","url":"https:\/\/pulso27.com\/wp-content\/uploads\/2023\/12\/Antonio-de-la-haza.png","contentUrl":"https:\/\/pulso27.com\/wp-content\/uploads\/2023\/12\/Antonio-de-la-haza.png","width":841,"height":525},{"@type":"BreadcrumbList","@id":"https:\/\/pulso27.com\/nacional\/antonio-de-la-haza-es-elegido-como-nuevo-jefe-de-la-jnj\/#breadcrumb","itemListElement":[{"@type":"ListItem","position":1,"name":"Portada","item":"https:\/\/pulso27.com\/"},{"@type":"ListItem","position":2,"name":"Antonio de la Haza es elegido como nuevo jefe de la JNJ"}]},{"@type":"WebSite","@id":"https:\/\/pulso27.com\/en\/#website","url":"https:\/\/pulso27.com\/en\/","name":"Pulso27","description":"Web de noticias y publicidad","publisher":{"@id":"https:\/\/pulso27.com\/en\/#organization"},"alternateName":"El pulso del pueblo","potentialAction":[{"@type":"SearchAction","target":{"@type":"EntryPoint","urlTemplate":"https:\/\/pulso27.com\/en\/?s={search_term_string}"},"query-input":{"@type":"PropertyValueSpecification","valueRequired":true,"valueName":"search_term_string"}}],"inLanguage":"en-US"},{"@type":"Organization","@id":"https:\/\/pulso27.com\/en\/#organization","name":"Pulso27","url":"https:\/\/pulso27.com\/en\/","logo":{"@type":"ImageObject","inLanguage":"en-US","@id":"https:\/\/pulso27.com\/en\/#\/schema\/logo\/image\/","url":"https:\/\/pulso27.com\/wp-content\/uploads\/2026\/02\/Logotipo-de-la-organizacion-696-x-696-px-ok.png","contentUrl":"https:\/\/pulso27.com\/wp-content\/uploads\/2026\/02\/Logotipo-de-la-organizacion-696-x-696-px-ok.png","width":696,"height":696,"caption":"Pulso27"},"image":{"@id":"https:\/\/pulso27.com\/en\/#\/schema\/logo\/image\/"},"sameAs":["https:\/\/www.facebook.com\/pulso27\/","https:\/\/x.com\/Pulso_27","https:\/\/www.youtube.com\/@Pulso27","https:\/\/www.tiktok.com\/@pulso_27"]},{"@type":"Person","@id":"https:\/\/pulso27.com\/en\/#\/schema\/person\/a0930a7f318e7d9d83bd7cffed9f34f6","name":"El Muki","image":{"@type":"ImageObject","inLanguage":"en-US","@id":"https:\/\/secure.gravatar.com\/avatar\/dc91c2607c5eebda74cbb40d13031f489096c96ead89c4c30c17db262267b2b3?s=96&d=mm&r=g","url":"https:\/\/secure.gravatar.com\/avatar\/dc91c2607c5eebda74cbb40d13031f489096c96ead89c4c30c17db262267b2b3?s=96&d=mm&r=g","contentUrl":"https:\/\/secure.gravatar.com\/avatar\/dc91c2607c5eebda74cbb40d13031f489096c96ead89c4c30c17db262267b2b3?s=96&d=mm&r=g","caption":"El Muki"},"sameAs":["http:\/\/www.pulso27.com"],"url":"https:\/\/pulso27.com\/en\/author\/elcuervo\/"}]}},"amp_enabled":true,"_links":{"self":[{"href":"https:\/\/pulso27.com\/en\/wp-json\/wp\/v2\/posts\/1015","targetHints":{"allow":["GET"]}}],"collection":[{"href":"https:\/\/pulso27.com\/en\/wp-json\/wp\/v2\/posts"}],"about":[{"href":"https:\/\/pulso27.com\/en\/wp-json\/wp\/v2\/types\/post"}],"author":[{"embeddable":true,"href":"https:\/\/pulso27.com\/en\/wp-json\/wp\/v2\/users\/10"}],"replies":[{"embeddable":true,"href":"https:\/\/pulso27.com\/en\/wp-json\/wp\/v2\/comments?post=1015"}],"version-history":[{"count":1,"href":"https:\/\/pulso27.com\/en\/wp-json\/wp\/v2\/posts\/1015\/revisions"}],"predecessor-version":[{"id":1018,"href":"https:\/\/pulso27.com\/en\/wp-json\/wp\/v2\/posts\/1015\/revisions\/1018"}],"wp:featuredmedia":[{"embeddable":true,"href":"https:\/\/pulso27.com\/en\/wp-json\/wp\/v2\/media\/1017"}],"wp:attachment":[{"href":"https:\/\/pulso27.com\/en\/wp-json\/wp\/v2\/media?parent=1015"}],"wp:term":[{"taxonomy":"category","embeddable":true,"href":"https:\/\/pulso27.com\/en\/wp-json\/wp\/v2\/categories?post=1015"},{"taxonomy":"post_tag","embeddable":true,"href":"https:\/\/pulso27.com\/en\/wp-json\/wp\/v2\/tags?post=1015"}],"curies":[{"name":"wp","href":"https:\/\/api.w.org\/{rel}","templated":true}]}}