{"id":1032,"date":"2023-12-27T22:46:28","date_gmt":"2023-12-27T22:46:28","guid":{"rendered":"https:\/\/pulso27.com\/?p=1032"},"modified":"2023-12-27T22:46:29","modified_gmt":"2023-12-27T22:46:29","slug":"jorge-fossati-fue-anunciado-como-nuevo-dt-de-la-seleccion-peruana","status":"publish","type":"post","link":"https:\/\/pulso27.com\/en\/nacional\/jorge-fossati-fue-anunciado-como-nuevo-dt-de-la-seleccion-peruana\/","title":{"rendered":"Jorge Fossati fue anunciado como nuevo DT de la Selecci\u00f3n Peruana"},"content":{"rendered":"<p>La FPF anunci\u00f3 a Jorge Fossati como nuevo t\u00e9cnico de la Selecci\u00f3n Peruana.<br>Confirmado. La Federaci\u00f3n Peruana de F\u00fatbol (FPF) anunci\u00f3 a Jorge Fossati como nuevo t\u00e9cnico de la Selecci\u00f3n Peruana.<\/p>\n\n\n\n<p>A trav\u00e9s de un comunicado emitido en su p\u00e1gina web, la entidad deportiva le dio la bienvenida al t\u00e9cnico uruguayo. Adem\u00e1s, confirm\u00f3 el d\u00eda que ser\u00e1 presentado como t\u00e9cnico de la Bicolor.<\/p>\n\n\n\n<p>\u00abCon el objetivo de clasificar al Mundial 2026, el experimentado entrenador uruguayo Jorge Fossati asumir\u00e1 la direcci\u00f3n t\u00e9cnica de La Bicolor tras llegar a un acuerdo satisfactorio con la Federaci\u00f3n Peruana de F\u00fatbol\u00bb, indica la primera parte de la misiva.<\/p>\n\n\n\n<p>\u00abLa presentaci\u00f3n del nuevo comando t\u00e9cnico de La Bicolor, liderado por Jorge Fossati, se realizar\u00e1 el mi\u00e9rcoles 10 de enero en la Videna de San Luis\u00bb, complementa la FPF.<\/p>\n\n\n<div class=\"wp-block-image\">\n<figure class=\"aligncenter size-full\"><img loading=\"lazy\" decoding=\"async\" width=\"447\" height=\"775\" src=\"https:\/\/pulso27.com\/wp-content\/uploads\/2023\/12\/image-20.png\" alt=\"\" class=\"wp-image-1033\" srcset=\"https:\/\/pulso27.com\/wp-content\/uploads\/2023\/12\/image-20.png 447w, https:\/\/pulso27.com\/wp-content\/uploads\/2023\/12\/image-20-173x300.png 173w\" sizes=\"auto, (max-width: 447px) 100vw, 447px\" \/><\/figure><\/div>\n\n\n<p><strong>\u00bfPor qu\u00e9 se eligi\u00f3 a Jorge Fossati?<\/strong><br>De acuerdo con Agust\u00edn Lozano, la llegada de Jorge Fossati tiene como objetivo meterse en la pelea en las Eliminatorias Sudamericanas.<\/p>\n\n\n\n<p>\u00abPara el 2024 el proyecto de la Bicolor tiene objetivos claros, uno de ellos es retomar el camino del triunfo para lograr la clasificaci\u00f3n al Mundial. Confiamos en la experiencia y la capacidad del profesor Jorge Fossati para asumir este gran desaf\u00edo\u00bb, se\u00f1al\u00f3 Lozano.<\/p>\n\n\n\n<p>Luego, le pidi\u00f3 a los hinchas seguir creyendo en la Selecci\u00f3n Peruana.<\/p>\n\n\n\n<p>\u00abSigamos creyendo en la Bicolor, estamos seguros de que nuestra fiel hinchada nos acompa\u00f1ar\u00e1 en todos los estadios como lo viene haciendo. Los jugadores, cuerpo t\u00e9cnico y personal administrativo de la FPF tenemos un compromiso con el pa\u00eds y trabajaremos para hacer realidad el sue\u00f1o de los peruanos\u00bb, agreg\u00f3.<\/p>\n\n\n\n<p><strong>\u00bfPor qu\u00e9 Jorge Fossati acept\u00f3 la Selecci\u00f3n Peruana?<\/strong><br>En conversaci\u00f3n con Las Voces del F\u00fatbol, Jorge Fossati asegur\u00f3 que es un honor dirigir un combinado patrio. Adem\u00e1s, indic\u00f3 que entiende la molestia de algunos hinchas de Universitario de Deportes por su salida, pero la selecci\u00f3n es el club m\u00e1s importante de un pa\u00eds<\/p>\n\n\n\n<p>\u00abLo tom\u00e9 como lo que es: un honor dirigir a la selecci\u00f3n de un pa\u00eds (\u2026) Hemos tenido un a\u00f1o maravilloso con la gente de Universitario, con el hincha, con los funcionarios del club. Un lugar donde nos sent\u00edamos muy bien\u00bb, indic\u00f3 en un primer momento.<\/p>\n\n\n\n<p>\u00abEsto, con el tiempo, lo van a entender. Ni siquiera es para otro club. Si fuera para otro club, los entender\u00eda, y mucho. Me voy a lo que yo digo: en cualquier lugar, en cualquier pa\u00eds, el club m\u00e1s importante es la selecci\u00f3n\u00bb, complement\u00f3.<\/p>\n\n\n\n<p>Fuente: RPP<\/p>","protected":false},"excerpt":{"rendered":"<p>La FPF anunci\u00f3 a Jorge Fossati como nuevo t\u00e9cnico de la Selecci\u00f3n Peruana.<\/p>","protected":false},"author":10,"featured_media":1034,"comment_status":"open","ping_status":"open","sticky":false,"template":"","format":"standard","meta":{"footnotes":""},"categories":[183,176,174],"tags":[386,318,446],"class_list":["post-1032","post","type-post","status-publish","format-standard","has-post-thumbnail","hentry","category-actualidad","category-deporte","category-nacional","tag-fossati","tag-fpf","tag-seleccion-peruana-de-futbol"],"yoast_head":"<!-- This site is optimized with the Yoast SEO plugin v27.4 - https:\/\/yoast.com\/product\/yoast-seo-wordpress\/ -->\n<title>Jorge Fossati fue anunciado como nuevo DT de la Selecci\u00f3n Peruana - Pulso27<\/title>\n<meta name=\"robots\" content=\"index, follow, max-snippet:-1, max-image-preview:large, max-video-preview:-1\" \/>\n<link rel=\"canonical\" href=\"https:\/\/pulso27.com\/en\/nacional\/jorge-fossati-fue-anunciado-como-nuevo-dt-de-la-seleccion-peruana\/\" \/>\n<meta property=\"og:locale\" content=\"en_US\" \/>\n<meta property=\"og:type\" content=\"article\" \/>\n<meta property=\"og:title\" content=\"Jorge Fossati fue anunciado como nuevo DT de la Selecci\u00f3n Peruana - Pulso27\" \/>\n<meta property=\"og:description\" content=\"La FPF anunci\u00f3 a Jorge Fossati como nuevo t\u00e9cnico de la Selecci\u00f3n Peruana.\" \/>\n<meta property=\"og:url\" content=\"https:\/\/pulso27.com\/en\/nacional\/jorge-fossati-fue-anunciado-como-nuevo-dt-de-la-seleccion-peruana\/\" \/>\n<meta property=\"og:site_name\" content=\"Pulso27\" \/>\n<meta property=\"article:publisher\" content=\"https:\/\/www.facebook.com\/pulso27\/\" \/>\n<meta property=\"article:published_time\" content=\"2023-12-27T22:46:28+00:00\" \/>\n<meta property=\"article:modified_time\" content=\"2023-12-27T22:46:29+00:00\" \/>\n<meta property=\"og:image\" content=\"https:\/\/pulso27.com\/wp-content\/uploads\/2023\/12\/jorge-fossati-fpf.webp\" \/>\n\t<meta property=\"og:image:width\" content=\"1920\" \/>\n\t<meta property=\"og:image:height\" content=\"1080\" \/>\n\t<meta property=\"og:image:type\" content=\"image\/webp\" \/>\n<meta name=\"author\" content=\"El Muki\" \/>\n<meta name=\"twitter:card\" content=\"summary_large_image\" \/>\n<meta name=\"twitter:creator\" content=\"@Pulso_27\" \/>\n<meta name=\"twitter:site\" content=\"@Pulso_27\" \/>\n<meta name=\"twitter:label1\" content=\"Written by\" \/>\n\t<meta name=\"twitter:data1\" content=\"El Muki\" \/>\n\t<meta name=\"twitter:label2\" content=\"Est. reading time\" \/>\n\t<meta name=\"twitter:data2\" content=\"2 minutes\" \/>\n<script type=\"application\/ld+json\" class=\"yoast-schema-graph\">{\"@context\":\"https:\\\/\\\/schema.org\",\"@graph\":[{\"@type\":\"Article\",\"@id\":\"https:\\\/\\\/pulso27.com\\\/nacional\\\/jorge-fossati-fue-anunciado-como-nuevo-dt-de-la-seleccion-peruana\\\/#article\",\"isPartOf\":{\"@id\":\"https:\\\/\\\/pulso27.com\\\/nacional\\\/jorge-fossati-fue-anunciado-como-nuevo-dt-de-la-seleccion-peruana\\\/\"},\"author\":{\"name\":\"El Muki\",\"@id\":\"https:\\\/\\\/pulso27.com\\\/en\\\/#\\\/schema\\\/person\\\/a0930a7f318e7d9d83bd7cffed9f34f6\"},\"headline\":\"Jorge Fossati fue anunciado como nuevo DT de la Selecci\u00f3n Peruana\",\"datePublished\":\"2023-12-27T22:46:28+00:00\",\"dateModified\":\"2023-12-27T22:46:29+00:00\",\"mainEntityOfPage\":{\"@id\":\"https:\\\/\\\/pulso27.com\\\/nacional\\\/jorge-fossati-fue-anunciado-como-nuevo-dt-de-la-seleccion-peruana\\\/\"},\"wordCount\":461,\"commentCount\":0,\"publisher\":{\"@id\":\"https:\\\/\\\/pulso27.com\\\/en\\\/#organization\"},\"image\":{\"@id\":\"https:\\\/\\\/pulso27.com\\\/nacional\\\/jorge-fossati-fue-anunciado-como-nuevo-dt-de-la-seleccion-peruana\\\/#primaryimage\"},\"thumbnailUrl\":\"https:\\\/\\\/pulso27.com\\\/wp-content\\\/uploads\\\/2023\\\/12\\\/jorge-fossati-fpf.webp\",\"keywords\":[\"Fossati\",\"FPF\",\"Seleccion Peruana de Futbol\"],\"articleSection\":[\"Actualidad\",\"Deporte\",\"Nacional\"],\"inLanguage\":\"en-US\",\"potentialAction\":[{\"@type\":\"CommentAction\",\"name\":\"Comment\",\"target\":[\"https:\\\/\\\/pulso27.com\\\/nacional\\\/jorge-fossati-fue-anunciado-como-nuevo-dt-de-la-seleccion-peruana\\\/#respond\"]}]},{\"@type\":\"WebPage\",\"@id\":\"https:\\\/\\\/pulso27.com\\\/nacional\\\/jorge-fossati-fue-anunciado-como-nuevo-dt-de-la-seleccion-peruana\\\/\",\"url\":\"https:\\\/\\\/pulso27.com\\\/nacional\\\/jorge-fossati-fue-anunciado-como-nuevo-dt-de-la-seleccion-peruana\\\/\",\"name\":\"Jorge Fossati fue anunciado como nuevo DT de la Selecci\u00f3n Peruana - Pulso27\",\"isPartOf\":{\"@id\":\"https:\\\/\\\/pulso27.com\\\/en\\\/#website\"},\"primaryImageOfPage\":{\"@id\":\"https:\\\/\\\/pulso27.com\\\/nacional\\\/jorge-fossati-fue-anunciado-como-nuevo-dt-de-la-seleccion-peruana\\\/#primaryimage\"},\"image\":{\"@id\":\"https:\\\/\\\/pulso27.com\\\/nacional\\\/jorge-fossati-fue-anunciado-como-nuevo-dt-de-la-seleccion-peruana\\\/#primaryimage\"},\"thumbnailUrl\":\"https:\\\/\\\/pulso27.com\\\/wp-content\\\/uploads\\\/2023\\\/12\\\/jorge-fossati-fpf.webp\",\"datePublished\":\"2023-12-27T22:46:28+00:00\",\"dateModified\":\"2023-12-27T22:46:29+00:00\",\"breadcrumb\":{\"@id\":\"https:\\\/\\\/pulso27.com\\\/nacional\\\/jorge-fossati-fue-anunciado-como-nuevo-dt-de-la-seleccion-peruana\\\/#breadcrumb\"},\"inLanguage\":\"en-US\",\"potentialAction\":[{\"@type\":\"ReadAction\",\"target\":[\"https:\\\/\\\/pulso27.com\\\/nacional\\\/jorge-fossati-fue-anunciado-como-nuevo-dt-de-la-seleccion-peruana\\\/\"]}]},{\"@type\":\"ImageObject\",\"inLanguage\":\"en-US\",\"@id\":\"https:\\\/\\\/pulso27.com\\\/nacional\\\/jorge-fossati-fue-anunciado-como-nuevo-dt-de-la-seleccion-peruana\\\/#primaryimage\",\"url\":\"https:\\\/\\\/pulso27.com\\\/wp-content\\\/uploads\\\/2023\\\/12\\\/jorge-fossati-fpf.webp\",\"contentUrl\":\"https:\\\/\\\/pulso27.com\\\/wp-content\\\/uploads\\\/2023\\\/12\\\/jorge-fossati-fpf.webp\",\"width\":1920,\"height\":1080},{\"@type\":\"BreadcrumbList\",\"@id\":\"https:\\\/\\\/pulso27.com\\\/nacional\\\/jorge-fossati-fue-anunciado-como-nuevo-dt-de-la-seleccion-peruana\\\/#breadcrumb\",\"itemListElement\":[{\"@type\":\"ListItem\",\"position\":1,\"name\":\"Portada\",\"item\":\"https:\\\/\\\/pulso27.com\\\/\"},{\"@type\":\"ListItem\",\"position\":2,\"name\":\"Jorge Fossati fue anunciado como nuevo DT de la Selecci\u00f3n Peruana\"}]},{\"@type\":\"WebSite\",\"@id\":\"https:\\\/\\\/pulso27.com\\\/en\\\/#website\",\"url\":\"https:\\\/\\\/pulso27.com\\\/en\\\/\",\"name\":\"Pulso27\",\"description\":\"Web de noticias y publicidad\",\"publisher\":{\"@id\":\"https:\\\/\\\/pulso27.com\\\/en\\\/#organization\"},\"alternateName\":\"El pulso del pueblo\",\"potentialAction\":[{\"@type\":\"SearchAction\",\"target\":{\"@type\":\"EntryPoint\",\"urlTemplate\":\"https:\\\/\\\/pulso27.com\\\/en\\\/?s={search_term_string}\"},\"query-input\":{\"@type\":\"PropertyValueSpecification\",\"valueRequired\":true,\"valueName\":\"search_term_string\"}}],\"inLanguage\":\"en-US\"},{\"@type\":\"Organization\",\"@id\":\"https:\\\/\\\/pulso27.com\\\/en\\\/#organization\",\"name\":\"Pulso27\",\"url\":\"https:\\\/\\\/pulso27.com\\\/en\\\/\",\"logo\":{\"@type\":\"ImageObject\",\"inLanguage\":\"en-US\",\"@id\":\"https:\\\/\\\/pulso27.com\\\/en\\\/#\\\/schema\\\/logo\\\/image\\\/\",\"url\":\"https:\\\/\\\/pulso27.com\\\/wp-content\\\/uploads\\\/2026\\\/02\\\/Logotipo-de-la-organizacion-696-x-696-px-ok.png\",\"contentUrl\":\"https:\\\/\\\/pulso27.com\\\/wp-content\\\/uploads\\\/2026\\\/02\\\/Logotipo-de-la-organizacion-696-x-696-px-ok.png\",\"width\":696,\"height\":696,\"caption\":\"Pulso27\"},\"image\":{\"@id\":\"https:\\\/\\\/pulso27.com\\\/en\\\/#\\\/schema\\\/logo\\\/image\\\/\"},\"sameAs\":[\"https:\\\/\\\/www.facebook.com\\\/pulso27\\\/\",\"https:\\\/\\\/x.com\\\/Pulso_27\",\"https:\\\/\\\/www.youtube.com\\\/@Pulso27\",\"https:\\\/\\\/www.tiktok.com\\\/@pulso_27\"]},{\"@type\":\"Person\",\"@id\":\"https:\\\/\\\/pulso27.com\\\/en\\\/#\\\/schema\\\/person\\\/a0930a7f318e7d9d83bd7cffed9f34f6\",\"name\":\"El Muki\",\"image\":{\"@type\":\"ImageObject\",\"inLanguage\":\"en-US\",\"@id\":\"https:\\\/\\\/secure.gravatar.com\\\/avatar\\\/dc91c2607c5eebda74cbb40d13031f489096c96ead89c4c30c17db262267b2b3?s=96&d=mm&r=g\",\"url\":\"https:\\\/\\\/secure.gravatar.com\\\/avatar\\\/dc91c2607c5eebda74cbb40d13031f489096c96ead89c4c30c17db262267b2b3?s=96&d=mm&r=g\",\"contentUrl\":\"https:\\\/\\\/secure.gravatar.com\\\/avatar\\\/dc91c2607c5eebda74cbb40d13031f489096c96ead89c4c30c17db262267b2b3?s=96&d=mm&r=g\",\"caption\":\"El Muki\"},\"sameAs\":[\"http:\\\/\\\/www.pulso27.com\"],\"url\":\"https:\\\/\\\/pulso27.com\\\/en\\\/author\\\/elcuervo\\\/\"}]}<\/script>\n<!-- \/ Yoast SEO plugin. -->","yoast_head_json":{"title":"Jorge Fossati fue anunciado como nuevo DT de la Selecci\u00f3n Peruana - Pulso27","robots":{"index":"index","follow":"follow","max-snippet":"max-snippet:-1","max-image-preview":"max-image-preview:large","max-video-preview":"max-video-preview:-1"},"canonical":"https:\/\/pulso27.com\/en\/nacional\/jorge-fossati-fue-anunciado-como-nuevo-dt-de-la-seleccion-peruana\/","og_locale":"en_US","og_type":"article","og_title":"Jorge Fossati fue anunciado como nuevo DT de la Selecci\u00f3n Peruana - Pulso27","og_description":"La FPF anunci\u00f3 a Jorge Fossati como nuevo t\u00e9cnico de la Selecci\u00f3n Peruana.","og_url":"https:\/\/pulso27.com\/en\/nacional\/jorge-fossati-fue-anunciado-como-nuevo-dt-de-la-seleccion-peruana\/","og_site_name":"Pulso27","article_publisher":"https:\/\/www.facebook.com\/pulso27\/","article_published_time":"2023-12-27T22:46:28+00:00","article_modified_time":"2023-12-27T22:46:29+00:00","og_image":[{"width":1920,"height":1080,"url":"https:\/\/pulso27.com\/wp-content\/uploads\/2023\/12\/jorge-fossati-fpf.webp","type":"image\/webp"}],"author":"El Muki","twitter_card":"summary_large_image","twitter_creator":"@Pulso_27","twitter_site":"@Pulso_27","twitter_misc":{"Written by":"El Muki","Est. reading time":"2 minutes"},"schema":{"@context":"https:\/\/schema.org","@graph":[{"@type":"Article","@id":"https:\/\/pulso27.com\/nacional\/jorge-fossati-fue-anunciado-como-nuevo-dt-de-la-seleccion-peruana\/#article","isPartOf":{"@id":"https:\/\/pulso27.com\/nacional\/jorge-fossati-fue-anunciado-como-nuevo-dt-de-la-seleccion-peruana\/"},"author":{"name":"El Muki","@id":"https:\/\/pulso27.com\/en\/#\/schema\/person\/a0930a7f318e7d9d83bd7cffed9f34f6"},"headline":"Jorge Fossati fue anunciado como nuevo DT de la Selecci\u00f3n Peruana","datePublished":"2023-12-27T22:46:28+00:00","dateModified":"2023-12-27T22:46:29+00:00","mainEntityOfPage":{"@id":"https:\/\/pulso27.com\/nacional\/jorge-fossati-fue-anunciado-como-nuevo-dt-de-la-seleccion-peruana\/"},"wordCount":461,"commentCount":0,"publisher":{"@id":"https:\/\/pulso27.com\/en\/#organization"},"image":{"@id":"https:\/\/pulso27.com\/nacional\/jorge-fossati-fue-anunciado-como-nuevo-dt-de-la-seleccion-peruana\/#primaryimage"},"thumbnailUrl":"https:\/\/pulso27.com\/wp-content\/uploads\/2023\/12\/jorge-fossati-fpf.webp","keywords":["Fossati","FPF","Seleccion Peruana de Futbol"],"articleSection":["Actualidad","Deporte","Nacional"],"inLanguage":"en-US","potentialAction":[{"@type":"CommentAction","name":"Comment","target":["https:\/\/pulso27.com\/nacional\/jorge-fossati-fue-anunciado-como-nuevo-dt-de-la-seleccion-peruana\/#respond"]}]},{"@type":"WebPage","@id":"https:\/\/pulso27.com\/nacional\/jorge-fossati-fue-anunciado-como-nuevo-dt-de-la-seleccion-peruana\/","url":"https:\/\/pulso27.com\/nacional\/jorge-fossati-fue-anunciado-como-nuevo-dt-de-la-seleccion-peruana\/","name":"Jorge Fossati fue anunciado como nuevo DT de la Selecci\u00f3n Peruana - Pulso27","isPartOf":{"@id":"https:\/\/pulso27.com\/en\/#website"},"primaryImageOfPage":{"@id":"https:\/\/pulso27.com\/nacional\/jorge-fossati-fue-anunciado-como-nuevo-dt-de-la-seleccion-peruana\/#primaryimage"},"image":{"@id":"https:\/\/pulso27.com\/nacional\/jorge-fossati-fue-anunciado-como-nuevo-dt-de-la-seleccion-peruana\/#primaryimage"},"thumbnailUrl":"https:\/\/pulso27.com\/wp-content\/uploads\/2023\/12\/jorge-fossati-fpf.webp","datePublished":"2023-12-27T22:46:28+00:00","dateModified":"2023-12-27T22:46:29+00:00","breadcrumb":{"@id":"https:\/\/pulso27.com\/nacional\/jorge-fossati-fue-anunciado-como-nuevo-dt-de-la-seleccion-peruana\/#breadcrumb"},"inLanguage":"en-US","potentialAction":[{"@type":"ReadAction","target":["https:\/\/pulso27.com\/nacional\/jorge-fossati-fue-anunciado-como-nuevo-dt-de-la-seleccion-peruana\/"]}]},{"@type":"ImageObject","inLanguage":"en-US","@id":"https:\/\/pulso27.com\/nacional\/jorge-fossati-fue-anunciado-como-nuevo-dt-de-la-seleccion-peruana\/#primaryimage","url":"https:\/\/pulso27.com\/wp-content\/uploads\/2023\/12\/jorge-fossati-fpf.webp","contentUrl":"https:\/\/pulso27.com\/wp-content\/uploads\/2023\/12\/jorge-fossati-fpf.webp","width":1920,"height":1080},{"@type":"BreadcrumbList","@id":"https:\/\/pulso27.com\/nacional\/jorge-fossati-fue-anunciado-como-nuevo-dt-de-la-seleccion-peruana\/#breadcrumb","itemListElement":[{"@type":"ListItem","position":1,"name":"Portada","item":"https:\/\/pulso27.com\/"},{"@type":"ListItem","position":2,"name":"Jorge Fossati fue anunciado como nuevo DT de la Selecci\u00f3n Peruana"}]},{"@type":"WebSite","@id":"https:\/\/pulso27.com\/en\/#website","url":"https:\/\/pulso27.com\/en\/","name":"Pulso27","description":"Web de noticias y publicidad","publisher":{"@id":"https:\/\/pulso27.com\/en\/#organization"},"alternateName":"El pulso del pueblo","potentialAction":[{"@type":"SearchAction","target":{"@type":"EntryPoint","urlTemplate":"https:\/\/pulso27.com\/en\/?s={search_term_string}"},"query-input":{"@type":"PropertyValueSpecification","valueRequired":true,"valueName":"search_term_string"}}],"inLanguage":"en-US"},{"@type":"Organization","@id":"https:\/\/pulso27.com\/en\/#organization","name":"Pulso27","url":"https:\/\/pulso27.com\/en\/","logo":{"@type":"ImageObject","inLanguage":"en-US","@id":"https:\/\/pulso27.com\/en\/#\/schema\/logo\/image\/","url":"https:\/\/pulso27.com\/wp-content\/uploads\/2026\/02\/Logotipo-de-la-organizacion-696-x-696-px-ok.png","contentUrl":"https:\/\/pulso27.com\/wp-content\/uploads\/2026\/02\/Logotipo-de-la-organizacion-696-x-696-px-ok.png","width":696,"height":696,"caption":"Pulso27"},"image":{"@id":"https:\/\/pulso27.com\/en\/#\/schema\/logo\/image\/"},"sameAs":["https:\/\/www.facebook.com\/pulso27\/","https:\/\/x.com\/Pulso_27","https:\/\/www.youtube.com\/@Pulso27","https:\/\/www.tiktok.com\/@pulso_27"]},{"@type":"Person","@id":"https:\/\/pulso27.com\/en\/#\/schema\/person\/a0930a7f318e7d9d83bd7cffed9f34f6","name":"El Muki","image":{"@type":"ImageObject","inLanguage":"en-US","@id":"https:\/\/secure.gravatar.com\/avatar\/dc91c2607c5eebda74cbb40d13031f489096c96ead89c4c30c17db262267b2b3?s=96&d=mm&r=g","url":"https:\/\/secure.gravatar.com\/avatar\/dc91c2607c5eebda74cbb40d13031f489096c96ead89c4c30c17db262267b2b3?s=96&d=mm&r=g","contentUrl":"https:\/\/secure.gravatar.com\/avatar\/dc91c2607c5eebda74cbb40d13031f489096c96ead89c4c30c17db262267b2b3?s=96&d=mm&r=g","caption":"El Muki"},"sameAs":["http:\/\/www.pulso27.com"],"url":"https:\/\/pulso27.com\/en\/author\/elcuervo\/"}]}},"amp_enabled":true,"_links":{"self":[{"href":"https:\/\/pulso27.com\/en\/wp-json\/wp\/v2\/posts\/1032","targetHints":{"allow":["GET"]}}],"collection":[{"href":"https:\/\/pulso27.com\/en\/wp-json\/wp\/v2\/posts"}],"about":[{"href":"https:\/\/pulso27.com\/en\/wp-json\/wp\/v2\/types\/post"}],"author":[{"embeddable":true,"href":"https:\/\/pulso27.com\/en\/wp-json\/wp\/v2\/users\/10"}],"replies":[{"embeddable":true,"href":"https:\/\/pulso27.com\/en\/wp-json\/wp\/v2\/comments?post=1032"}],"version-history":[{"count":1,"href":"https:\/\/pulso27.com\/en\/wp-json\/wp\/v2\/posts\/1032\/revisions"}],"predecessor-version":[{"id":1035,"href":"https:\/\/pulso27.com\/en\/wp-json\/wp\/v2\/posts\/1032\/revisions\/1035"}],"wp:featuredmedia":[{"embeddable":true,"href":"https:\/\/pulso27.com\/en\/wp-json\/wp\/v2\/media\/1034"}],"wp:attachment":[{"href":"https:\/\/pulso27.com\/en\/wp-json\/wp\/v2\/media?parent=1032"}],"wp:term":[{"taxonomy":"category","embeddable":true,"href":"https:\/\/pulso27.com\/en\/wp-json\/wp\/v2\/categories?post=1032"},{"taxonomy":"post_tag","embeddable":true,"href":"https:\/\/pulso27.com\/en\/wp-json\/wp\/v2\/tags?post=1032"}],"curies":[{"name":"wp","href":"https:\/\/api.w.org\/{rel}","templated":true}]}}