{"id":1083,"date":"2024-01-04T14:27:37","date_gmt":"2024-01-04T14:27:37","guid":{"rendered":"https:\/\/pulso27.com\/?p=1083"},"modified":"2024-01-04T14:27:37","modified_gmt":"2024-01-04T14:27:37","slug":"la-libertad-reporto-dos-muertos-por-la-covid-19-tres-a-nivel-nacional-en-2024","status":"publish","type":"post","link":"https:\/\/pulso27.com\/en\/nacional\/la-libertad-reporto-dos-muertos-por-la-covid-19-tres-a-nivel-nacional-en-2024\/","title":{"rendered":"La Libertad report\u00f3 dos muertos por la COVID-19, tres a nivel nacional en 2024"},"content":{"rendered":"<p>La regi\u00f3n La Libertad registr\u00f3 un segundo fallecimiento a causa de la COVID-19, se trata de una adulta mayor con comorbilidades, confirm\u00f3 este jueves el gerente regional de salud An\u00edbal Morillo.<\/p>\n\n\n\n<p>En entrevista con el programa La Rotativa del Aire, el funcionario precis\u00f3 que las personas que murieron, una mujer de 85 a\u00f1os de edad y otra de 68 a\u00f1os de edad, no ten\u00edan vacunas y sufr\u00edan de comorbilidades<\/p>\n\n\n\n<p>\u00abLastimosamente en La Libertad tenemos dos fallecidos, son personas mujeres, una viene del distrito La Esperanza y del distrito de Larco. Una ha fallecido el d\u00eda 2 y la otra ayer, el d\u00eda 3. Son personas que no tienen vacunas bivalentes y tienen comorbilidades, es decir enfermedades de fondo, graves. La primera fallecida ten\u00eda hipertensi\u00f3n arterial, fibrosis pulmonar, derrame pulmonar y obviamente su edad. La segunda con hipertensi\u00f3n arterial no controlado y un cuadro de coagulaci\u00f3n intervascular diseminada\u00bb, dijo.<\/p>\n\n\n\n<figure class=\"wp-block-image size-full is-resized\"><img loading=\"lazy\" decoding=\"async\" width=\"616\" height=\"326\" src=\"https:\/\/pulso27.com\/wp-content\/uploads\/2024\/01\/image-1.png\" alt=\"\" class=\"wp-image-1084\" style=\"width:739px;height:auto\" srcset=\"https:\/\/pulso27.com\/wp-content\/uploads\/2024\/01\/image-1.png 616w, https:\/\/pulso27.com\/wp-content\/uploads\/2024\/01\/image-1-300x159.png 300w\" sizes=\"auto, (max-width: 616px) 100vw, 616px\" \/><\/figure>\n\n\n\n<p><strong>\u00abTenemos un rechazo de la gente\u00bb<\/strong><br>An\u00edbal Morillo precis\u00f3 que la vacuna bivalente es la que act\u00faa ahora sobre las subvarientes de la COVID-19 como Eris y la Pirola. Sin embargo, indic\u00f3 que la poblaci\u00f3n de La Libertad rechaza la vacuna. En ese sentido, precis\u00f3 que existe una brecha del 75 % de personas por vacunar.<\/p>\n\n\n\n<p>\u00abLa vacunaci\u00f3n bivalente es muy simple, est\u00e1n vacunando de 6 meses a 59 a\u00f1os en una sola dosis y en ancianos de 60 a\u00f1os a m\u00e1s y a pacientes con comorbilidades a cualquier edad, y a gestantes y pacientes oncol\u00f3gicos, con dos dosis. Tenemos vacunas Pfizer y Moderna bivalente en toda la regi\u00f3n La Libertad, pero tenemos un rechazo de la gente\u00bb, explic\u00f3.<\/p>\n\n\n\n<p><strong>Fallecimiento en \u00c1ncash<\/strong><br>El 2 de enero, la Direcci\u00f3n Regional de Salud (Diresa) \u00c1ncash report\u00f3 un fallecimiento a causa de la COVID-19 en la ciudad de Huaraz, capital de la regi\u00f3n.<\/p>\n\n\n\n<p>De acuerdo con un comunicado emitido por la Diresa \u00c1ncash, se trata de un hombre de 43 a\u00f1os que estaba internado en el Hospital V\u00edctor Ramos Guardia de Huaraz.<\/p>\n\n\n\n<p>Fuente: RPP<\/p>","protected":false},"excerpt":{"rendered":"<p>La regi\u00f3n La Libertad registr\u00f3 un segundo fallecimiento a causa de la COVID-19, se trata de una adulta mayor con comorbilidades, confirm\u00f3 este jueves el gerente regional de salud An\u00edbal Morillo. En entrevista con el programa La Rotativa del Aire, el funcionario precis\u00f3 que las personas que murieron, una mujer de 85 a\u00f1os de edad [&hellip;]<\/p>\n","protected":false},"author":10,"featured_media":1085,"comment_status":"open","ping_status":"open","sticky":false,"template":"","format":"standard","meta":{"footnotes":""},"categories":[183,174],"tags":[],"class_list":["post-1083","post","type-post","status-publish","format-standard","has-post-thumbnail","hentry","category-actualidad","category-nacional"],"yoast_head":"<!-- This site is optimized with the Yoast SEO plugin v27.4 - https:\/\/yoast.com\/product\/yoast-seo-wordpress\/ -->\n<title>La Libertad report\u00f3 dos muertos por la COVID-19, tres a nivel nacional en 2024 - Pulso27<\/title>\n<meta name=\"robots\" content=\"index, follow, max-snippet:-1, max-image-preview:large, max-video-preview:-1\" \/>\n<link rel=\"canonical\" href=\"https:\/\/pulso27.com\/en\/nacional\/la-libertad-reporto-dos-muertos-por-la-covid-19-tres-a-nivel-nacional-en-2024\/\" \/>\n<meta property=\"og:locale\" content=\"en_US\" \/>\n<meta property=\"og:type\" content=\"article\" \/>\n<meta property=\"og:title\" content=\"La Libertad report\u00f3 dos muertos por la COVID-19, tres a nivel nacional en 2024 - Pulso27\" \/>\n<meta property=\"og:description\" content=\"La regi\u00f3n La Libertad registr\u00f3 un segundo fallecimiento a causa de la COVID-19, se trata de una adulta mayor con comorbilidades, confirm\u00f3 este jueves el gerente regional de salud An\u00edbal Morillo. En entrevista con el programa La Rotativa del Aire, el funcionario precis\u00f3 que las personas que murieron, una mujer de 85 a\u00f1os de edad [&hellip;]\" \/>\n<meta property=\"og:url\" content=\"https:\/\/pulso27.com\/en\/nacional\/la-libertad-reporto-dos-muertos-por-la-covid-19-tres-a-nivel-nacional-en-2024\/\" \/>\n<meta property=\"og:site_name\" content=\"Pulso27\" \/>\n<meta property=\"article:publisher\" content=\"https:\/\/www.facebook.com\/pulso27\/\" \/>\n<meta property=\"article:published_time\" content=\"2024-01-04T14:27:37+00:00\" \/>\n<meta property=\"og:image\" content=\"https:\/\/pulso27.com\/wp-content\/uploads\/2024\/01\/covid19-trujillo-2024.jpg\" \/>\n\t<meta property=\"og:image:width\" content=\"645\" \/>\n\t<meta property=\"og:image:height\" content=\"363\" \/>\n\t<meta property=\"og:image:type\" content=\"image\/jpeg\" \/>\n<meta name=\"author\" content=\"El Muki\" \/>\n<meta name=\"twitter:card\" content=\"summary_large_image\" \/>\n<meta name=\"twitter:creator\" content=\"@Pulso_27\" \/>\n<meta name=\"twitter:site\" content=\"@Pulso_27\" \/>\n<meta name=\"twitter:label1\" content=\"Written by\" \/>\n\t<meta name=\"twitter:data1\" content=\"El Muki\" \/>\n\t<meta name=\"twitter:label2\" content=\"Est. reading time\" \/>\n\t<meta name=\"twitter:data2\" content=\"2 minutes\" \/>\n<script type=\"application\/ld+json\" class=\"yoast-schema-graph\">{\"@context\":\"https:\\\/\\\/schema.org\",\"@graph\":[{\"@type\":\"Article\",\"@id\":\"https:\\\/\\\/pulso27.com\\\/nacional\\\/la-libertad-reporto-dos-muertos-por-la-covid-19-tres-a-nivel-nacional-en-2024\\\/#article\",\"isPartOf\":{\"@id\":\"https:\\\/\\\/pulso27.com\\\/nacional\\\/la-libertad-reporto-dos-muertos-por-la-covid-19-tres-a-nivel-nacional-en-2024\\\/\"},\"author\":{\"name\":\"El Muki\",\"@id\":\"https:\\\/\\\/pulso27.com\\\/en\\\/#\\\/schema\\\/person\\\/a0930a7f318e7d9d83bd7cffed9f34f6\"},\"headline\":\"La Libertad report\u00f3 dos muertos por la COVID-19, tres a nivel nacional en 2024\",\"datePublished\":\"2024-01-04T14:27:37+00:00\",\"mainEntityOfPage\":{\"@id\":\"https:\\\/\\\/pulso27.com\\\/nacional\\\/la-libertad-reporto-dos-muertos-por-la-covid-19-tres-a-nivel-nacional-en-2024\\\/\"},\"wordCount\":357,\"commentCount\":0,\"publisher\":{\"@id\":\"https:\\\/\\\/pulso27.com\\\/en\\\/#organization\"},\"image\":{\"@id\":\"https:\\\/\\\/pulso27.com\\\/nacional\\\/la-libertad-reporto-dos-muertos-por-la-covid-19-tres-a-nivel-nacional-en-2024\\\/#primaryimage\"},\"thumbnailUrl\":\"https:\\\/\\\/pulso27.com\\\/wp-content\\\/uploads\\\/2024\\\/01\\\/covid19-trujillo-2024.jpg\",\"articleSection\":[\"Actualidad\",\"Nacional\"],\"inLanguage\":\"en-US\",\"potentialAction\":[{\"@type\":\"CommentAction\",\"name\":\"Comment\",\"target\":[\"https:\\\/\\\/pulso27.com\\\/nacional\\\/la-libertad-reporto-dos-muertos-por-la-covid-19-tres-a-nivel-nacional-en-2024\\\/#respond\"]}]},{\"@type\":\"WebPage\",\"@id\":\"https:\\\/\\\/pulso27.com\\\/nacional\\\/la-libertad-reporto-dos-muertos-por-la-covid-19-tres-a-nivel-nacional-en-2024\\\/\",\"url\":\"https:\\\/\\\/pulso27.com\\\/nacional\\\/la-libertad-reporto-dos-muertos-por-la-covid-19-tres-a-nivel-nacional-en-2024\\\/\",\"name\":\"La Libertad report\u00f3 dos muertos por la COVID-19, tres a nivel nacional en 2024 - Pulso27\",\"isPartOf\":{\"@id\":\"https:\\\/\\\/pulso27.com\\\/en\\\/#website\"},\"primaryImageOfPage\":{\"@id\":\"https:\\\/\\\/pulso27.com\\\/nacional\\\/la-libertad-reporto-dos-muertos-por-la-covid-19-tres-a-nivel-nacional-en-2024\\\/#primaryimage\"},\"image\":{\"@id\":\"https:\\\/\\\/pulso27.com\\\/nacional\\\/la-libertad-reporto-dos-muertos-por-la-covid-19-tres-a-nivel-nacional-en-2024\\\/#primaryimage\"},\"thumbnailUrl\":\"https:\\\/\\\/pulso27.com\\\/wp-content\\\/uploads\\\/2024\\\/01\\\/covid19-trujillo-2024.jpg\",\"datePublished\":\"2024-01-04T14:27:37+00:00\",\"breadcrumb\":{\"@id\":\"https:\\\/\\\/pulso27.com\\\/nacional\\\/la-libertad-reporto-dos-muertos-por-la-covid-19-tres-a-nivel-nacional-en-2024\\\/#breadcrumb\"},\"inLanguage\":\"en-US\",\"potentialAction\":[{\"@type\":\"ReadAction\",\"target\":[\"https:\\\/\\\/pulso27.com\\\/nacional\\\/la-libertad-reporto-dos-muertos-por-la-covid-19-tres-a-nivel-nacional-en-2024\\\/\"]}]},{\"@type\":\"ImageObject\",\"inLanguage\":\"en-US\",\"@id\":\"https:\\\/\\\/pulso27.com\\\/nacional\\\/la-libertad-reporto-dos-muertos-por-la-covid-19-tres-a-nivel-nacional-en-2024\\\/#primaryimage\",\"url\":\"https:\\\/\\\/pulso27.com\\\/wp-content\\\/uploads\\\/2024\\\/01\\\/covid19-trujillo-2024.jpg\",\"contentUrl\":\"https:\\\/\\\/pulso27.com\\\/wp-content\\\/uploads\\\/2024\\\/01\\\/covid19-trujillo-2024.jpg\",\"width\":645,\"height\":363},{\"@type\":\"BreadcrumbList\",\"@id\":\"https:\\\/\\\/pulso27.com\\\/nacional\\\/la-libertad-reporto-dos-muertos-por-la-covid-19-tres-a-nivel-nacional-en-2024\\\/#breadcrumb\",\"itemListElement\":[{\"@type\":\"ListItem\",\"position\":1,\"name\":\"Portada\",\"item\":\"https:\\\/\\\/pulso27.com\\\/\"},{\"@type\":\"ListItem\",\"position\":2,\"name\":\"La Libertad report\u00f3 dos muertos por la COVID-19, tres a nivel nacional en 2024\"}]},{\"@type\":\"WebSite\",\"@id\":\"https:\\\/\\\/pulso27.com\\\/en\\\/#website\",\"url\":\"https:\\\/\\\/pulso27.com\\\/en\\\/\",\"name\":\"Pulso27\",\"description\":\"Web de noticias y publicidad\",\"publisher\":{\"@id\":\"https:\\\/\\\/pulso27.com\\\/en\\\/#organization\"},\"alternateName\":\"El pulso del pueblo\",\"potentialAction\":[{\"@type\":\"SearchAction\",\"target\":{\"@type\":\"EntryPoint\",\"urlTemplate\":\"https:\\\/\\\/pulso27.com\\\/en\\\/?s={search_term_string}\"},\"query-input\":{\"@type\":\"PropertyValueSpecification\",\"valueRequired\":true,\"valueName\":\"search_term_string\"}}],\"inLanguage\":\"en-US\"},{\"@type\":\"Organization\",\"@id\":\"https:\\\/\\\/pulso27.com\\\/en\\\/#organization\",\"name\":\"Pulso27\",\"url\":\"https:\\\/\\\/pulso27.com\\\/en\\\/\",\"logo\":{\"@type\":\"ImageObject\",\"inLanguage\":\"en-US\",\"@id\":\"https:\\\/\\\/pulso27.com\\\/en\\\/#\\\/schema\\\/logo\\\/image\\\/\",\"url\":\"https:\\\/\\\/pulso27.com\\\/wp-content\\\/uploads\\\/2026\\\/02\\\/Logotipo-de-la-organizacion-696-x-696-px-ok.png\",\"contentUrl\":\"https:\\\/\\\/pulso27.com\\\/wp-content\\\/uploads\\\/2026\\\/02\\\/Logotipo-de-la-organizacion-696-x-696-px-ok.png\",\"width\":696,\"height\":696,\"caption\":\"Pulso27\"},\"image\":{\"@id\":\"https:\\\/\\\/pulso27.com\\\/en\\\/#\\\/schema\\\/logo\\\/image\\\/\"},\"sameAs\":[\"https:\\\/\\\/www.facebook.com\\\/pulso27\\\/\",\"https:\\\/\\\/x.com\\\/Pulso_27\",\"https:\\\/\\\/www.youtube.com\\\/@Pulso27\",\"https:\\\/\\\/www.tiktok.com\\\/@pulso_27\"]},{\"@type\":\"Person\",\"@id\":\"https:\\\/\\\/pulso27.com\\\/en\\\/#\\\/schema\\\/person\\\/a0930a7f318e7d9d83bd7cffed9f34f6\",\"name\":\"El Muki\",\"image\":{\"@type\":\"ImageObject\",\"inLanguage\":\"en-US\",\"@id\":\"https:\\\/\\\/secure.gravatar.com\\\/avatar\\\/dc91c2607c5eebda74cbb40d13031f489096c96ead89c4c30c17db262267b2b3?s=96&d=mm&r=g\",\"url\":\"https:\\\/\\\/secure.gravatar.com\\\/avatar\\\/dc91c2607c5eebda74cbb40d13031f489096c96ead89c4c30c17db262267b2b3?s=96&d=mm&r=g\",\"contentUrl\":\"https:\\\/\\\/secure.gravatar.com\\\/avatar\\\/dc91c2607c5eebda74cbb40d13031f489096c96ead89c4c30c17db262267b2b3?s=96&d=mm&r=g\",\"caption\":\"El Muki\"},\"sameAs\":[\"http:\\\/\\\/www.pulso27.com\"],\"url\":\"https:\\\/\\\/pulso27.com\\\/en\\\/author\\\/elcuervo\\\/\"}]}<\/script>\n<!-- \/ Yoast SEO plugin. -->","yoast_head_json":{"title":"La Libertad report\u00f3 dos muertos por la COVID-19, tres a nivel nacional en 2024 - Pulso27","robots":{"index":"index","follow":"follow","max-snippet":"max-snippet:-1","max-image-preview":"max-image-preview:large","max-video-preview":"max-video-preview:-1"},"canonical":"https:\/\/pulso27.com\/en\/nacional\/la-libertad-reporto-dos-muertos-por-la-covid-19-tres-a-nivel-nacional-en-2024\/","og_locale":"en_US","og_type":"article","og_title":"La Libertad report\u00f3 dos muertos por la COVID-19, tres a nivel nacional en 2024 - Pulso27","og_description":"La regi\u00f3n La Libertad registr\u00f3 un segundo fallecimiento a causa de la COVID-19, se trata de una adulta mayor con comorbilidades, confirm\u00f3 este jueves el gerente regional de salud An\u00edbal Morillo. En entrevista con el programa La Rotativa del Aire, el funcionario precis\u00f3 que las personas que murieron, una mujer de 85 a\u00f1os de edad [&hellip;]","og_url":"https:\/\/pulso27.com\/en\/nacional\/la-libertad-reporto-dos-muertos-por-la-covid-19-tres-a-nivel-nacional-en-2024\/","og_site_name":"Pulso27","article_publisher":"https:\/\/www.facebook.com\/pulso27\/","article_published_time":"2024-01-04T14:27:37+00:00","og_image":[{"width":645,"height":363,"url":"https:\/\/pulso27.com\/wp-content\/uploads\/2024\/01\/covid19-trujillo-2024.jpg","type":"image\/jpeg"}],"author":"El Muki","twitter_card":"summary_large_image","twitter_creator":"@Pulso_27","twitter_site":"@Pulso_27","twitter_misc":{"Written by":"El Muki","Est. reading time":"2 minutes"},"schema":{"@context":"https:\/\/schema.org","@graph":[{"@type":"Article","@id":"https:\/\/pulso27.com\/nacional\/la-libertad-reporto-dos-muertos-por-la-covid-19-tres-a-nivel-nacional-en-2024\/#article","isPartOf":{"@id":"https:\/\/pulso27.com\/nacional\/la-libertad-reporto-dos-muertos-por-la-covid-19-tres-a-nivel-nacional-en-2024\/"},"author":{"name":"El Muki","@id":"https:\/\/pulso27.com\/en\/#\/schema\/person\/a0930a7f318e7d9d83bd7cffed9f34f6"},"headline":"La Libertad report\u00f3 dos muertos por la COVID-19, tres a nivel nacional en 2024","datePublished":"2024-01-04T14:27:37+00:00","mainEntityOfPage":{"@id":"https:\/\/pulso27.com\/nacional\/la-libertad-reporto-dos-muertos-por-la-covid-19-tres-a-nivel-nacional-en-2024\/"},"wordCount":357,"commentCount":0,"publisher":{"@id":"https:\/\/pulso27.com\/en\/#organization"},"image":{"@id":"https:\/\/pulso27.com\/nacional\/la-libertad-reporto-dos-muertos-por-la-covid-19-tres-a-nivel-nacional-en-2024\/#primaryimage"},"thumbnailUrl":"https:\/\/pulso27.com\/wp-content\/uploads\/2024\/01\/covid19-trujillo-2024.jpg","articleSection":["Actualidad","Nacional"],"inLanguage":"en-US","potentialAction":[{"@type":"CommentAction","name":"Comment","target":["https:\/\/pulso27.com\/nacional\/la-libertad-reporto-dos-muertos-por-la-covid-19-tres-a-nivel-nacional-en-2024\/#respond"]}]},{"@type":"WebPage","@id":"https:\/\/pulso27.com\/nacional\/la-libertad-reporto-dos-muertos-por-la-covid-19-tres-a-nivel-nacional-en-2024\/","url":"https:\/\/pulso27.com\/nacional\/la-libertad-reporto-dos-muertos-por-la-covid-19-tres-a-nivel-nacional-en-2024\/","name":"La Libertad report\u00f3 dos muertos por la COVID-19, tres a nivel nacional en 2024 - Pulso27","isPartOf":{"@id":"https:\/\/pulso27.com\/en\/#website"},"primaryImageOfPage":{"@id":"https:\/\/pulso27.com\/nacional\/la-libertad-reporto-dos-muertos-por-la-covid-19-tres-a-nivel-nacional-en-2024\/#primaryimage"},"image":{"@id":"https:\/\/pulso27.com\/nacional\/la-libertad-reporto-dos-muertos-por-la-covid-19-tres-a-nivel-nacional-en-2024\/#primaryimage"},"thumbnailUrl":"https:\/\/pulso27.com\/wp-content\/uploads\/2024\/01\/covid19-trujillo-2024.jpg","datePublished":"2024-01-04T14:27:37+00:00","breadcrumb":{"@id":"https:\/\/pulso27.com\/nacional\/la-libertad-reporto-dos-muertos-por-la-covid-19-tres-a-nivel-nacional-en-2024\/#breadcrumb"},"inLanguage":"en-US","potentialAction":[{"@type":"ReadAction","target":["https:\/\/pulso27.com\/nacional\/la-libertad-reporto-dos-muertos-por-la-covid-19-tres-a-nivel-nacional-en-2024\/"]}]},{"@type":"ImageObject","inLanguage":"en-US","@id":"https:\/\/pulso27.com\/nacional\/la-libertad-reporto-dos-muertos-por-la-covid-19-tres-a-nivel-nacional-en-2024\/#primaryimage","url":"https:\/\/pulso27.com\/wp-content\/uploads\/2024\/01\/covid19-trujillo-2024.jpg","contentUrl":"https:\/\/pulso27.com\/wp-content\/uploads\/2024\/01\/covid19-trujillo-2024.jpg","width":645,"height":363},{"@type":"BreadcrumbList","@id":"https:\/\/pulso27.com\/nacional\/la-libertad-reporto-dos-muertos-por-la-covid-19-tres-a-nivel-nacional-en-2024\/#breadcrumb","itemListElement":[{"@type":"ListItem","position":1,"name":"Portada","item":"https:\/\/pulso27.com\/"},{"@type":"ListItem","position":2,"name":"La Libertad report\u00f3 dos muertos por la COVID-19, tres a nivel nacional en 2024"}]},{"@type":"WebSite","@id":"https:\/\/pulso27.com\/en\/#website","url":"https:\/\/pulso27.com\/en\/","name":"Pulso27","description":"Web de noticias y publicidad","publisher":{"@id":"https:\/\/pulso27.com\/en\/#organization"},"alternateName":"El pulso del pueblo","potentialAction":[{"@type":"SearchAction","target":{"@type":"EntryPoint","urlTemplate":"https:\/\/pulso27.com\/en\/?s={search_term_string}"},"query-input":{"@type":"PropertyValueSpecification","valueRequired":true,"valueName":"search_term_string"}}],"inLanguage":"en-US"},{"@type":"Organization","@id":"https:\/\/pulso27.com\/en\/#organization","name":"Pulso27","url":"https:\/\/pulso27.com\/en\/","logo":{"@type":"ImageObject","inLanguage":"en-US","@id":"https:\/\/pulso27.com\/en\/#\/schema\/logo\/image\/","url":"https:\/\/pulso27.com\/wp-content\/uploads\/2026\/02\/Logotipo-de-la-organizacion-696-x-696-px-ok.png","contentUrl":"https:\/\/pulso27.com\/wp-content\/uploads\/2026\/02\/Logotipo-de-la-organizacion-696-x-696-px-ok.png","width":696,"height":696,"caption":"Pulso27"},"image":{"@id":"https:\/\/pulso27.com\/en\/#\/schema\/logo\/image\/"},"sameAs":["https:\/\/www.facebook.com\/pulso27\/","https:\/\/x.com\/Pulso_27","https:\/\/www.youtube.com\/@Pulso27","https:\/\/www.tiktok.com\/@pulso_27"]},{"@type":"Person","@id":"https:\/\/pulso27.com\/en\/#\/schema\/person\/a0930a7f318e7d9d83bd7cffed9f34f6","name":"El Muki","image":{"@type":"ImageObject","inLanguage":"en-US","@id":"https:\/\/secure.gravatar.com\/avatar\/dc91c2607c5eebda74cbb40d13031f489096c96ead89c4c30c17db262267b2b3?s=96&d=mm&r=g","url":"https:\/\/secure.gravatar.com\/avatar\/dc91c2607c5eebda74cbb40d13031f489096c96ead89c4c30c17db262267b2b3?s=96&d=mm&r=g","contentUrl":"https:\/\/secure.gravatar.com\/avatar\/dc91c2607c5eebda74cbb40d13031f489096c96ead89c4c30c17db262267b2b3?s=96&d=mm&r=g","caption":"El Muki"},"sameAs":["http:\/\/www.pulso27.com"],"url":"https:\/\/pulso27.com\/en\/author\/elcuervo\/"}]}},"amp_enabled":true,"_links":{"self":[{"href":"https:\/\/pulso27.com\/en\/wp-json\/wp\/v2\/posts\/1083","targetHints":{"allow":["GET"]}}],"collection":[{"href":"https:\/\/pulso27.com\/en\/wp-json\/wp\/v2\/posts"}],"about":[{"href":"https:\/\/pulso27.com\/en\/wp-json\/wp\/v2\/types\/post"}],"author":[{"embeddable":true,"href":"https:\/\/pulso27.com\/en\/wp-json\/wp\/v2\/users\/10"}],"replies":[{"embeddable":true,"href":"https:\/\/pulso27.com\/en\/wp-json\/wp\/v2\/comments?post=1083"}],"version-history":[{"count":1,"href":"https:\/\/pulso27.com\/en\/wp-json\/wp\/v2\/posts\/1083\/revisions"}],"predecessor-version":[{"id":1086,"href":"https:\/\/pulso27.com\/en\/wp-json\/wp\/v2\/posts\/1083\/revisions\/1086"}],"wp:featuredmedia":[{"embeddable":true,"href":"https:\/\/pulso27.com\/en\/wp-json\/wp\/v2\/media\/1085"}],"wp:attachment":[{"href":"https:\/\/pulso27.com\/en\/wp-json\/wp\/v2\/media?parent=1083"}],"wp:term":[{"taxonomy":"category","embeddable":true,"href":"https:\/\/pulso27.com\/en\/wp-json\/wp\/v2\/categories?post=1083"},{"taxonomy":"post_tag","embeddable":true,"href":"https:\/\/pulso27.com\/en\/wp-json\/wp\/v2\/tags?post=1083"}],"curies":[{"name":"wp","href":"https:\/\/api.w.org\/{rel}","templated":true}]}}