{"id":1091,"date":"2024-01-05T20:25:13","date_gmt":"2024-01-05T20:25:13","guid":{"rendered":"https:\/\/pulso27.com\/?p=1091"},"modified":"2024-01-05T20:30:44","modified_gmt":"2024-01-05T20:30:44","slug":"ministro-de-economia-sobre-su-supuesta-renuncia-tuve-una-conversacion-positiva-con-la-presidenta","status":"publish","type":"post","link":"https:\/\/pulso27.com\/en\/nacional\/ministro-de-economia-sobre-su-supuesta-renuncia-tuve-una-conversacion-positiva-con-la-presidenta\/","title":{"rendered":"Ministro de Econom\u00eda: \u00abTuve una conversaci\u00f3n positiva con la presidenta\u00bb"},"content":{"rendered":"<p>Alex Contreras dijo que la \u00abconfianza\u00bb para el cargo \u00abva de ambos lados\u00bb. Adem\u00e1s, indic\u00f3 que se tiene \u00abla renuncia desde el primer d\u00eda\u00bb, y que la presidenta y el jefe del Gabinete \u00abtienen la potestad de tomar la decisi\u00f3n\u00bb.<br>Alex Contreras dijo que la \u00abconfianza\u00bb para el cargo \u00abva de ambos lados\u00bb. Adem\u00e1s, indic\u00f3 que se tiene \u00abla renuncia desde el primer d\u00eda\u00bb, y que la presidenta y el jefe del Gabinete \u00abtienen la potestad de tomar la decisi\u00f3n\u00bb.<br>Gobierno<br>Alex Contreras indic\u00f3 que seguir\u00e1 en el cargo porque se necesita \u00abrecuperar la econom\u00eda\u00bb<br>El titular del Ministerio de Econom\u00eda y Finanzas (MEF), Alex Contreras, se pronunci\u00f3 sobre su supuesta renuncia al cargo, que habr\u00eda presentado ayer, jueves; alegando una presunta falta de transparencia.<\/p>\n\n\n\n<figure class=\"wp-block-image size-full is-resized\"><img loading=\"lazy\" decoding=\"async\" width=\"696\" height=\"464\" src=\"https:\/\/pulso27.com\/wp-content\/uploads\/2024\/01\/image-2.png\" alt=\"\" class=\"wp-image-1092\" style=\"width:741px;height:auto\" srcset=\"https:\/\/pulso27.com\/wp-content\/uploads\/2024\/01\/image-2.png 696w, https:\/\/pulso27.com\/wp-content\/uploads\/2024\/01\/image-2-300x200.png 300w\" sizes=\"auto, (max-width: 696px) 100vw, 696px\" \/><\/figure>\n\n\n\n<p>Al respecto, el ministro indic\u00f3 que tuvo una \u00abconversaci\u00f3n importante\u00bb con la presidenta de la Rep\u00fablica, Dina Boluarte, y que continuar\u00e1 trabajando para \u00abrecuperar la econom\u00eda\u00bb.<\/p>\n\n\n\n<blockquote class=\"wp-block-quote is-layout-flow wp-block-quote-is-layout-flow\">\n<p>\u201cPor la naturaleza del cargo, uno tiene la renuncia desde el primer d\u00eda que est\u00e1 ejerciendo la funci\u00f3n como ministro, porque es un cargo de confianza. Nosotros hemos tenido una conversaci\u00f3n importante\u00bb, sostuvo.<\/p>\n<\/blockquote>\n\n\n\n<p>Adem\u00e1s, se\u00f1al\u00f3 que una renuncia o un eventual pedido de renuncia son comunes, y que la confianza \u00abva de ambos lados\u00bb.<\/p>\n\n\n\n<p>\u00abEn estos cargos de ministro de Econom\u00eda, como lo he dicho, est\u00e1n sujetos a evaluaci\u00f3n permanente, diaria. En ese sentido, el tema de la renuncia o pedido de renuncia es algo bastante com\u00fan. Al ser cargos de confianza (\u2026), uno est\u00e1 sujeto a una permanente evaluaci\u00f3n\u201d, asever\u00f3.<\/p>\n\n\n\n<p>\u201cY la confianza va de ambos lados. Yo he tenido una conversaci\u00f3n muy positiva con la presidenta de la rep\u00fablica sobre este tema, y por eso es que me he pronunciado el d\u00eda de ayer. Lo que buscamos, m\u00e1s all\u00e1 de estos hechos circunstanciales, es seguir avanzando en lo que es importante (que) es la reactivaci\u00f3n, la seguridad, seguir estabilizando la inflaci\u00f3n que es algo clave\u00bb, agreg\u00f3.<\/p>\n\n\n\n<p>Sobre presuntas fricciones por Petroper\u00fa<br>Por otro lado, respecto a las presuntas fricciones que tendr\u00eda con Petroper\u00fa aludidas en lo que habr\u00eda sido su carta de renuncia, el ministro se\u00f1al\u00f3 que la empresa estatal est\u00e1 en un proceso de reestructuraci\u00f3n.<\/p>\n\n\n\n<p>\u00abSobre este punto, ya lo hab\u00edamos anunciado el a\u00f1o pasado con el premier. Petroper\u00fa est\u00e1 en un proceso de reestructuraci\u00f3n, desde hace casi un a\u00f1o est\u00e1 siguiendo un plan elaborado con la idea de hacer sostenible la empresa. Algo importante para lograr ese objetivo era que justamente la Refiner\u00eda de Talara pueda alcanzar el 100%. El gran riesgo que ten\u00eda la empresa era si iba a ser capaz de generar flujos positivos\u201d, asegur\u00f3.<\/p>\n\n\n\n<p>\u201cEste a\u00f1o, necesitamos recuperar la econom\u00eda. Hay n\u00fameros mucho mejores en noviembre, pero todav\u00eda tenemos que pensar en algo que a veces dejamos de lado (\u2026) que tiene que ver con c\u00f3mo hacemos para que la econom\u00eda vuelva a crecer a tasas altas\u00bb, a\u00f1adi\u00f3.<\/p>\n\n\n\n<p>Finalmente, el titular del MEF pidi\u00f3 \u00abpasar la p\u00e1gina\u00bb respecto a su presunta carta de renuncia al cargo.<\/p>\n\n\n\n<p>Fuente : RPP<\/p>","protected":false},"excerpt":{"rendered":"<p>Alex Contreras dijo que la \u00abconfianza\u00bb para el cargo \u00abva de ambos lados\u00bb. Adem\u00e1s, indic\u00f3 que se tiene \u00abla renuncia desde el primer d\u00eda\u00bb, y que la presidenta y el jefe del Gabinete \u00abtienen la potestad de tomar la decisi\u00f3n\u00bb.Alex Contreras dijo que la \u00abconfianza\u00bb para el cargo \u00abva de ambos lados\u00bb. Adem\u00e1s, indic\u00f3 que [&hellip;]<\/p>\n","protected":false},"author":10,"featured_media":1093,"comment_status":"open","ping_status":"open","sticky":false,"template":"","format":"standard","meta":{"footnotes":""},"categories":[183,177,174],"tags":[460],"class_list":["post-1091","post","type-post","status-publish","format-standard","has-post-thumbnail","hentry","category-actualidad","category-economia","category-nacional","tag-mef"],"yoast_head":"<!-- This site is optimized with the Yoast SEO plugin v27.4 - https:\/\/yoast.com\/product\/yoast-seo-wordpress\/ -->\n<title>Ministro de Econom\u00eda: &quot;Tuve una conversaci\u00f3n positiva con la presidenta&quot; - Pulso27<\/title>\n<meta name=\"robots\" content=\"index, follow, max-snippet:-1, max-image-preview:large, max-video-preview:-1\" \/>\n<link rel=\"canonical\" href=\"https:\/\/pulso27.com\/en\/nacional\/ministro-de-economia-sobre-su-supuesta-renuncia-tuve-una-conversacion-positiva-con-la-presidenta\/\" \/>\n<meta property=\"og:locale\" content=\"en_US\" \/>\n<meta property=\"og:type\" content=\"article\" \/>\n<meta property=\"og:title\" content=\"Ministro de Econom\u00eda: &quot;Tuve una conversaci\u00f3n positiva con la presidenta&quot; - Pulso27\" \/>\n<meta property=\"og:description\" content=\"Alex Contreras dijo que la \u00abconfianza\u00bb para el cargo \u00abva de ambos lados\u00bb. Adem\u00e1s, indic\u00f3 que se tiene \u00abla renuncia desde el primer d\u00eda\u00bb, y que la presidenta y el jefe del Gabinete \u00abtienen la potestad de tomar la decisi\u00f3n\u00bb.Alex Contreras dijo que la \u00abconfianza\u00bb para el cargo \u00abva de ambos lados\u00bb. Adem\u00e1s, indic\u00f3 que [&hellip;]\" \/>\n<meta property=\"og:url\" content=\"https:\/\/pulso27.com\/en\/nacional\/ministro-de-economia-sobre-su-supuesta-renuncia-tuve-una-conversacion-positiva-con-la-presidenta\/\" \/>\n<meta property=\"og:site_name\" content=\"Pulso27\" \/>\n<meta property=\"article:publisher\" content=\"https:\/\/www.facebook.com\/pulso27\/\" \/>\n<meta property=\"article:published_time\" content=\"2024-01-05T20:25:13+00:00\" \/>\n<meta property=\"article:modified_time\" content=\"2024-01-05T20:30:44+00:00\" \/>\n<meta property=\"og:image\" content=\"https:\/\/pulso27.com\/wp-content\/uploads\/2024\/01\/alex-contreras.jpg\" \/>\n\t<meta property=\"og:image:width\" content=\"474\" \/>\n\t<meta property=\"og:image:height\" content=\"266\" \/>\n\t<meta property=\"og:image:type\" content=\"image\/jpeg\" \/>\n<meta name=\"author\" content=\"El Muki\" \/>\n<meta name=\"twitter:card\" content=\"summary_large_image\" \/>\n<meta name=\"twitter:creator\" content=\"@Pulso_27\" \/>\n<meta name=\"twitter:site\" content=\"@Pulso_27\" \/>\n<meta name=\"twitter:label1\" content=\"Written by\" \/>\n\t<meta name=\"twitter:data1\" content=\"El Muki\" \/>\n\t<meta name=\"twitter:label2\" content=\"Est. reading time\" \/>\n\t<meta name=\"twitter:data2\" content=\"3 minutes\" \/>\n<script type=\"application\/ld+json\" class=\"yoast-schema-graph\">{\"@context\":\"https:\\\/\\\/schema.org\",\"@graph\":[{\"@type\":\"Article\",\"@id\":\"https:\\\/\\\/pulso27.com\\\/nacional\\\/ministro-de-economia-sobre-su-supuesta-renuncia-tuve-una-conversacion-positiva-con-la-presidenta\\\/#article\",\"isPartOf\":{\"@id\":\"https:\\\/\\\/pulso27.com\\\/nacional\\\/ministro-de-economia-sobre-su-supuesta-renuncia-tuve-una-conversacion-positiva-con-la-presidenta\\\/\"},\"author\":{\"name\":\"El Muki\",\"@id\":\"https:\\\/\\\/pulso27.com\\\/en\\\/#\\\/schema\\\/person\\\/a0930a7f318e7d9d83bd7cffed9f34f6\"},\"headline\":\"Ministro de Econom\u00eda: \u00abTuve una conversaci\u00f3n positiva con la presidenta\u00bb\",\"datePublished\":\"2024-01-05T20:25:13+00:00\",\"dateModified\":\"2024-01-05T20:30:44+00:00\",\"mainEntityOfPage\":{\"@id\":\"https:\\\/\\\/pulso27.com\\\/nacional\\\/ministro-de-economia-sobre-su-supuesta-renuncia-tuve-una-conversacion-positiva-con-la-presidenta\\\/\"},\"wordCount\":550,\"commentCount\":0,\"publisher\":{\"@id\":\"https:\\\/\\\/pulso27.com\\\/en\\\/#organization\"},\"image\":{\"@id\":\"https:\\\/\\\/pulso27.com\\\/nacional\\\/ministro-de-economia-sobre-su-supuesta-renuncia-tuve-una-conversacion-positiva-con-la-presidenta\\\/#primaryimage\"},\"thumbnailUrl\":\"https:\\\/\\\/pulso27.com\\\/wp-content\\\/uploads\\\/2024\\\/01\\\/alex-contreras.jpg\",\"keywords\":[\"MEF\"],\"articleSection\":[\"Actualidad\",\"Econom\u00eda\",\"Nacional\"],\"inLanguage\":\"en-US\",\"potentialAction\":[{\"@type\":\"CommentAction\",\"name\":\"Comment\",\"target\":[\"https:\\\/\\\/pulso27.com\\\/nacional\\\/ministro-de-economia-sobre-su-supuesta-renuncia-tuve-una-conversacion-positiva-con-la-presidenta\\\/#respond\"]}]},{\"@type\":\"WebPage\",\"@id\":\"https:\\\/\\\/pulso27.com\\\/nacional\\\/ministro-de-economia-sobre-su-supuesta-renuncia-tuve-una-conversacion-positiva-con-la-presidenta\\\/\",\"url\":\"https:\\\/\\\/pulso27.com\\\/nacional\\\/ministro-de-economia-sobre-su-supuesta-renuncia-tuve-una-conversacion-positiva-con-la-presidenta\\\/\",\"name\":\"Ministro de Econom\u00eda: \\\"Tuve una conversaci\u00f3n positiva con la presidenta\\\" - Pulso27\",\"isPartOf\":{\"@id\":\"https:\\\/\\\/pulso27.com\\\/en\\\/#website\"},\"primaryImageOfPage\":{\"@id\":\"https:\\\/\\\/pulso27.com\\\/nacional\\\/ministro-de-economia-sobre-su-supuesta-renuncia-tuve-una-conversacion-positiva-con-la-presidenta\\\/#primaryimage\"},\"image\":{\"@id\":\"https:\\\/\\\/pulso27.com\\\/nacional\\\/ministro-de-economia-sobre-su-supuesta-renuncia-tuve-una-conversacion-positiva-con-la-presidenta\\\/#primaryimage\"},\"thumbnailUrl\":\"https:\\\/\\\/pulso27.com\\\/wp-content\\\/uploads\\\/2024\\\/01\\\/alex-contreras.jpg\",\"datePublished\":\"2024-01-05T20:25:13+00:00\",\"dateModified\":\"2024-01-05T20:30:44+00:00\",\"breadcrumb\":{\"@id\":\"https:\\\/\\\/pulso27.com\\\/nacional\\\/ministro-de-economia-sobre-su-supuesta-renuncia-tuve-una-conversacion-positiva-con-la-presidenta\\\/#breadcrumb\"},\"inLanguage\":\"en-US\",\"potentialAction\":[{\"@type\":\"ReadAction\",\"target\":[\"https:\\\/\\\/pulso27.com\\\/nacional\\\/ministro-de-economia-sobre-su-supuesta-renuncia-tuve-una-conversacion-positiva-con-la-presidenta\\\/\"]}]},{\"@type\":\"ImageObject\",\"inLanguage\":\"en-US\",\"@id\":\"https:\\\/\\\/pulso27.com\\\/nacional\\\/ministro-de-economia-sobre-su-supuesta-renuncia-tuve-una-conversacion-positiva-con-la-presidenta\\\/#primaryimage\",\"url\":\"https:\\\/\\\/pulso27.com\\\/wp-content\\\/uploads\\\/2024\\\/01\\\/alex-contreras.jpg\",\"contentUrl\":\"https:\\\/\\\/pulso27.com\\\/wp-content\\\/uploads\\\/2024\\\/01\\\/alex-contreras.jpg\",\"width\":474,\"height\":266},{\"@type\":\"BreadcrumbList\",\"@id\":\"https:\\\/\\\/pulso27.com\\\/nacional\\\/ministro-de-economia-sobre-su-supuesta-renuncia-tuve-una-conversacion-positiva-con-la-presidenta\\\/#breadcrumb\",\"itemListElement\":[{\"@type\":\"ListItem\",\"position\":1,\"name\":\"Portada\",\"item\":\"https:\\\/\\\/pulso27.com\\\/\"},{\"@type\":\"ListItem\",\"position\":2,\"name\":\"Ministro de Econom\u00eda: &#8220;Tuve una conversaci\u00f3n positiva con la presidenta&#8221;\"}]},{\"@type\":\"WebSite\",\"@id\":\"https:\\\/\\\/pulso27.com\\\/en\\\/#website\",\"url\":\"https:\\\/\\\/pulso27.com\\\/en\\\/\",\"name\":\"Pulso27\",\"description\":\"Web de noticias y publicidad\",\"publisher\":{\"@id\":\"https:\\\/\\\/pulso27.com\\\/en\\\/#organization\"},\"alternateName\":\"El pulso del pueblo\",\"potentialAction\":[{\"@type\":\"SearchAction\",\"target\":{\"@type\":\"EntryPoint\",\"urlTemplate\":\"https:\\\/\\\/pulso27.com\\\/en\\\/?s={search_term_string}\"},\"query-input\":{\"@type\":\"PropertyValueSpecification\",\"valueRequired\":true,\"valueName\":\"search_term_string\"}}],\"inLanguage\":\"en-US\"},{\"@type\":\"Organization\",\"@id\":\"https:\\\/\\\/pulso27.com\\\/en\\\/#organization\",\"name\":\"Pulso27\",\"url\":\"https:\\\/\\\/pulso27.com\\\/en\\\/\",\"logo\":{\"@type\":\"ImageObject\",\"inLanguage\":\"en-US\",\"@id\":\"https:\\\/\\\/pulso27.com\\\/en\\\/#\\\/schema\\\/logo\\\/image\\\/\",\"url\":\"https:\\\/\\\/pulso27.com\\\/wp-content\\\/uploads\\\/2026\\\/02\\\/Logotipo-de-la-organizacion-696-x-696-px-ok.png\",\"contentUrl\":\"https:\\\/\\\/pulso27.com\\\/wp-content\\\/uploads\\\/2026\\\/02\\\/Logotipo-de-la-organizacion-696-x-696-px-ok.png\",\"width\":696,\"height\":696,\"caption\":\"Pulso27\"},\"image\":{\"@id\":\"https:\\\/\\\/pulso27.com\\\/en\\\/#\\\/schema\\\/logo\\\/image\\\/\"},\"sameAs\":[\"https:\\\/\\\/www.facebook.com\\\/pulso27\\\/\",\"https:\\\/\\\/x.com\\\/Pulso_27\",\"https:\\\/\\\/www.youtube.com\\\/@Pulso27\",\"https:\\\/\\\/www.tiktok.com\\\/@pulso_27\"]},{\"@type\":\"Person\",\"@id\":\"https:\\\/\\\/pulso27.com\\\/en\\\/#\\\/schema\\\/person\\\/a0930a7f318e7d9d83bd7cffed9f34f6\",\"name\":\"El Muki\",\"image\":{\"@type\":\"ImageObject\",\"inLanguage\":\"en-US\",\"@id\":\"https:\\\/\\\/secure.gravatar.com\\\/avatar\\\/dc91c2607c5eebda74cbb40d13031f489096c96ead89c4c30c17db262267b2b3?s=96&d=mm&r=g\",\"url\":\"https:\\\/\\\/secure.gravatar.com\\\/avatar\\\/dc91c2607c5eebda74cbb40d13031f489096c96ead89c4c30c17db262267b2b3?s=96&d=mm&r=g\",\"contentUrl\":\"https:\\\/\\\/secure.gravatar.com\\\/avatar\\\/dc91c2607c5eebda74cbb40d13031f489096c96ead89c4c30c17db262267b2b3?s=96&d=mm&r=g\",\"caption\":\"El Muki\"},\"sameAs\":[\"http:\\\/\\\/www.pulso27.com\"],\"url\":\"https:\\\/\\\/pulso27.com\\\/en\\\/author\\\/elcuervo\\\/\"}]}<\/script>\n<!-- \/ Yoast SEO plugin. -->","yoast_head_json":{"title":"Ministro de Econom\u00eda: \"Tuve una conversaci\u00f3n positiva con la presidenta\" - Pulso27","robots":{"index":"index","follow":"follow","max-snippet":"max-snippet:-1","max-image-preview":"max-image-preview:large","max-video-preview":"max-video-preview:-1"},"canonical":"https:\/\/pulso27.com\/en\/nacional\/ministro-de-economia-sobre-su-supuesta-renuncia-tuve-una-conversacion-positiva-con-la-presidenta\/","og_locale":"en_US","og_type":"article","og_title":"Ministro de Econom\u00eda: \"Tuve una conversaci\u00f3n positiva con la presidenta\" - Pulso27","og_description":"Alex Contreras dijo que la \u00abconfianza\u00bb para el cargo \u00abva de ambos lados\u00bb. Adem\u00e1s, indic\u00f3 que se tiene \u00abla renuncia desde el primer d\u00eda\u00bb, y que la presidenta y el jefe del Gabinete \u00abtienen la potestad de tomar la decisi\u00f3n\u00bb.Alex Contreras dijo que la \u00abconfianza\u00bb para el cargo \u00abva de ambos lados\u00bb. Adem\u00e1s, indic\u00f3 que [&hellip;]","og_url":"https:\/\/pulso27.com\/en\/nacional\/ministro-de-economia-sobre-su-supuesta-renuncia-tuve-una-conversacion-positiva-con-la-presidenta\/","og_site_name":"Pulso27","article_publisher":"https:\/\/www.facebook.com\/pulso27\/","article_published_time":"2024-01-05T20:25:13+00:00","article_modified_time":"2024-01-05T20:30:44+00:00","og_image":[{"width":474,"height":266,"url":"https:\/\/pulso27.com\/wp-content\/uploads\/2024\/01\/alex-contreras.jpg","type":"image\/jpeg"}],"author":"El Muki","twitter_card":"summary_large_image","twitter_creator":"@Pulso_27","twitter_site":"@Pulso_27","twitter_misc":{"Written by":"El Muki","Est. reading time":"3 minutes"},"schema":{"@context":"https:\/\/schema.org","@graph":[{"@type":"Article","@id":"https:\/\/pulso27.com\/nacional\/ministro-de-economia-sobre-su-supuesta-renuncia-tuve-una-conversacion-positiva-con-la-presidenta\/#article","isPartOf":{"@id":"https:\/\/pulso27.com\/nacional\/ministro-de-economia-sobre-su-supuesta-renuncia-tuve-una-conversacion-positiva-con-la-presidenta\/"},"author":{"name":"El Muki","@id":"https:\/\/pulso27.com\/en\/#\/schema\/person\/a0930a7f318e7d9d83bd7cffed9f34f6"},"headline":"Ministro de Econom\u00eda: \u00abTuve una conversaci\u00f3n positiva con la presidenta\u00bb","datePublished":"2024-01-05T20:25:13+00:00","dateModified":"2024-01-05T20:30:44+00:00","mainEntityOfPage":{"@id":"https:\/\/pulso27.com\/nacional\/ministro-de-economia-sobre-su-supuesta-renuncia-tuve-una-conversacion-positiva-con-la-presidenta\/"},"wordCount":550,"commentCount":0,"publisher":{"@id":"https:\/\/pulso27.com\/en\/#organization"},"image":{"@id":"https:\/\/pulso27.com\/nacional\/ministro-de-economia-sobre-su-supuesta-renuncia-tuve-una-conversacion-positiva-con-la-presidenta\/#primaryimage"},"thumbnailUrl":"https:\/\/pulso27.com\/wp-content\/uploads\/2024\/01\/alex-contreras.jpg","keywords":["MEF"],"articleSection":["Actualidad","Econom\u00eda","Nacional"],"inLanguage":"en-US","potentialAction":[{"@type":"CommentAction","name":"Comment","target":["https:\/\/pulso27.com\/nacional\/ministro-de-economia-sobre-su-supuesta-renuncia-tuve-una-conversacion-positiva-con-la-presidenta\/#respond"]}]},{"@type":"WebPage","@id":"https:\/\/pulso27.com\/nacional\/ministro-de-economia-sobre-su-supuesta-renuncia-tuve-una-conversacion-positiva-con-la-presidenta\/","url":"https:\/\/pulso27.com\/nacional\/ministro-de-economia-sobre-su-supuesta-renuncia-tuve-una-conversacion-positiva-con-la-presidenta\/","name":"Ministro de Econom\u00eda: \"Tuve una conversaci\u00f3n positiva con la presidenta\" - Pulso27","isPartOf":{"@id":"https:\/\/pulso27.com\/en\/#website"},"primaryImageOfPage":{"@id":"https:\/\/pulso27.com\/nacional\/ministro-de-economia-sobre-su-supuesta-renuncia-tuve-una-conversacion-positiva-con-la-presidenta\/#primaryimage"},"image":{"@id":"https:\/\/pulso27.com\/nacional\/ministro-de-economia-sobre-su-supuesta-renuncia-tuve-una-conversacion-positiva-con-la-presidenta\/#primaryimage"},"thumbnailUrl":"https:\/\/pulso27.com\/wp-content\/uploads\/2024\/01\/alex-contreras.jpg","datePublished":"2024-01-05T20:25:13+00:00","dateModified":"2024-01-05T20:30:44+00:00","breadcrumb":{"@id":"https:\/\/pulso27.com\/nacional\/ministro-de-economia-sobre-su-supuesta-renuncia-tuve-una-conversacion-positiva-con-la-presidenta\/#breadcrumb"},"inLanguage":"en-US","potentialAction":[{"@type":"ReadAction","target":["https:\/\/pulso27.com\/nacional\/ministro-de-economia-sobre-su-supuesta-renuncia-tuve-una-conversacion-positiva-con-la-presidenta\/"]}]},{"@type":"ImageObject","inLanguage":"en-US","@id":"https:\/\/pulso27.com\/nacional\/ministro-de-economia-sobre-su-supuesta-renuncia-tuve-una-conversacion-positiva-con-la-presidenta\/#primaryimage","url":"https:\/\/pulso27.com\/wp-content\/uploads\/2024\/01\/alex-contreras.jpg","contentUrl":"https:\/\/pulso27.com\/wp-content\/uploads\/2024\/01\/alex-contreras.jpg","width":474,"height":266},{"@type":"BreadcrumbList","@id":"https:\/\/pulso27.com\/nacional\/ministro-de-economia-sobre-su-supuesta-renuncia-tuve-una-conversacion-positiva-con-la-presidenta\/#breadcrumb","itemListElement":[{"@type":"ListItem","position":1,"name":"Portada","item":"https:\/\/pulso27.com\/"},{"@type":"ListItem","position":2,"name":"Ministro de Econom\u00eda: &#8220;Tuve una conversaci\u00f3n positiva con la presidenta&#8221;"}]},{"@type":"WebSite","@id":"https:\/\/pulso27.com\/en\/#website","url":"https:\/\/pulso27.com\/en\/","name":"Pulso27","description":"Web de noticias y publicidad","publisher":{"@id":"https:\/\/pulso27.com\/en\/#organization"},"alternateName":"El pulso del pueblo","potentialAction":[{"@type":"SearchAction","target":{"@type":"EntryPoint","urlTemplate":"https:\/\/pulso27.com\/en\/?s={search_term_string}"},"query-input":{"@type":"PropertyValueSpecification","valueRequired":true,"valueName":"search_term_string"}}],"inLanguage":"en-US"},{"@type":"Organization","@id":"https:\/\/pulso27.com\/en\/#organization","name":"Pulso27","url":"https:\/\/pulso27.com\/en\/","logo":{"@type":"ImageObject","inLanguage":"en-US","@id":"https:\/\/pulso27.com\/en\/#\/schema\/logo\/image\/","url":"https:\/\/pulso27.com\/wp-content\/uploads\/2026\/02\/Logotipo-de-la-organizacion-696-x-696-px-ok.png","contentUrl":"https:\/\/pulso27.com\/wp-content\/uploads\/2026\/02\/Logotipo-de-la-organizacion-696-x-696-px-ok.png","width":696,"height":696,"caption":"Pulso27"},"image":{"@id":"https:\/\/pulso27.com\/en\/#\/schema\/logo\/image\/"},"sameAs":["https:\/\/www.facebook.com\/pulso27\/","https:\/\/x.com\/Pulso_27","https:\/\/www.youtube.com\/@Pulso27","https:\/\/www.tiktok.com\/@pulso_27"]},{"@type":"Person","@id":"https:\/\/pulso27.com\/en\/#\/schema\/person\/a0930a7f318e7d9d83bd7cffed9f34f6","name":"El Muki","image":{"@type":"ImageObject","inLanguage":"en-US","@id":"https:\/\/secure.gravatar.com\/avatar\/dc91c2607c5eebda74cbb40d13031f489096c96ead89c4c30c17db262267b2b3?s=96&d=mm&r=g","url":"https:\/\/secure.gravatar.com\/avatar\/dc91c2607c5eebda74cbb40d13031f489096c96ead89c4c30c17db262267b2b3?s=96&d=mm&r=g","contentUrl":"https:\/\/secure.gravatar.com\/avatar\/dc91c2607c5eebda74cbb40d13031f489096c96ead89c4c30c17db262267b2b3?s=96&d=mm&r=g","caption":"El Muki"},"sameAs":["http:\/\/www.pulso27.com"],"url":"https:\/\/pulso27.com\/en\/author\/elcuervo\/"}]}},"amp_enabled":true,"_links":{"self":[{"href":"https:\/\/pulso27.com\/en\/wp-json\/wp\/v2\/posts\/1091","targetHints":{"allow":["GET"]}}],"collection":[{"href":"https:\/\/pulso27.com\/en\/wp-json\/wp\/v2\/posts"}],"about":[{"href":"https:\/\/pulso27.com\/en\/wp-json\/wp\/v2\/types\/post"}],"author":[{"embeddable":true,"href":"https:\/\/pulso27.com\/en\/wp-json\/wp\/v2\/users\/10"}],"replies":[{"embeddable":true,"href":"https:\/\/pulso27.com\/en\/wp-json\/wp\/v2\/comments?post=1091"}],"version-history":[{"count":2,"href":"https:\/\/pulso27.com\/en\/wp-json\/wp\/v2\/posts\/1091\/revisions"}],"predecessor-version":[{"id":1095,"href":"https:\/\/pulso27.com\/en\/wp-json\/wp\/v2\/posts\/1091\/revisions\/1095"}],"wp:featuredmedia":[{"embeddable":true,"href":"https:\/\/pulso27.com\/en\/wp-json\/wp\/v2\/media\/1093"}],"wp:attachment":[{"href":"https:\/\/pulso27.com\/en\/wp-json\/wp\/v2\/media?parent=1091"}],"wp:term":[{"taxonomy":"category","embeddable":true,"href":"https:\/\/pulso27.com\/en\/wp-json\/wp\/v2\/categories?post=1091"},{"taxonomy":"post_tag","embeddable":true,"href":"https:\/\/pulso27.com\/en\/wp-json\/wp\/v2\/tags?post=1091"}],"curies":[{"name":"wp","href":"https:\/\/api.w.org\/{rel}","templated":true}]}}