{"id":1156,"date":"2024-01-08T19:45:30","date_gmt":"2024-01-08T14:45:30","guid":{"rendered":"https:\/\/pulso27.com\/?p=1156"},"modified":"2024-01-08T19:49:58","modified_gmt":"2024-01-08T14:49:58","slug":"la-inteligencia-surcoreana-confirma-el-uso-de-lanzagranadas-norcoreanos-por-parte-de-hamas","status":"publish","type":"post","link":"https:\/\/pulso27.com\/en\/internacional\/la-inteligencia-surcoreana-confirma-el-uso-de-lanzagranadas-norcoreanos-por-parte-de-hamas\/","title":{"rendered":"La Inteligencia surcoreana confirma el uso de lanzagranadas norcoreanos por parte de Ham\u00e1s"},"content":{"rendered":"<p>Un portavoz del Servicio Nacional de Inteligencia (NIS) surcoreano dio por v\u00e1lida la informaci\u00f3n que indicaba que el detonador de un cohete usado recientemente por Ham\u00e1s muestra caracteres en coreano.<br>El Servicio Nacional de Inteligencia (NIS) surcoreano confirm\u00f3 hoy que el grupo islamista Ham\u00e1s ha estado utilizando lanzagranadas antitanque de fabricaci\u00f3n norcoreana, pese a que Pyongyang ha negado que haya comerciado con el brazo armado de la organizaci\u00f3n.<\/p>\n\n\n\n<figure class=\"wp-block-image size-full\"><img loading=\"lazy\" decoding=\"async\" width=\"836\" height=\"475\" src=\"https:\/\/pulso27.com\/wp-content\/uploads\/2024\/01\/image-4.png\" alt=\"\" class=\"wp-image-1157\" srcset=\"https:\/\/pulso27.com\/wp-content\/uploads\/2024\/01\/image-4.png 836w, https:\/\/pulso27.com\/wp-content\/uploads\/2024\/01\/image-4-300x170.png 300w, https:\/\/pulso27.com\/wp-content\/uploads\/2024\/01\/image-4-768x436.png 768w\" sizes=\"auto, (max-width: 836px) 100vw, 836px\" \/><\/figure>\n\n\n\n<p>Un portavoz del NIS consultado por la agencia Yonhap dio por v\u00e1lido una informaci\u00f3n del viernes de Voice of America (VOA) que indicaba que el detonador o espoleta de un cohete \u2014aparentemente un F-7\u2014 usado recientemente por Ham\u00e1s muestra caracteres en coreano y aport\u00f3 evidencias fotogr\u00e1ficas de que ese tipo de pieza se encuentra efectivamente ensamblada justo debajo de la cabeza de los F-7 que fabrica el r\u00e9gimen.<\/p>\n\n\n\n<p>El F-7 es un cohete de fragmentaci\u00f3n de alto poder explosivo que Corea del Norte ha dise\u00f1ado para ser disparado con un lanzador basado en el RPG-7 antitanque sovi\u00e9tico.<\/p>\n\n\n\n<p>Fuente: RPP<\/p>\n\n\n\n<p><\/p>","protected":false},"excerpt":{"rendered":"<p>El Servicio Nacional de Inteligencia (NIS) surcoreano dio por v\u00e1lida la informaci\u00f3n que indicaba que el detonador de un cohete usado recientemente por Ham\u00e1s muestra caracteres en coreano.<\/p>","protected":false},"author":10,"featured_media":1159,"comment_status":"open","ping_status":"open","sticky":false,"template":"","format":"standard","meta":{"footnotes":""},"categories":[183,173],"tags":[556,558,557],"class_list":["post-1156","post","type-post","status-publish","format-standard","has-post-thumbnail","hentry","category-actualidad","category-internacional","tag-hamas","tag-israel","tag-medio-oriente"],"yoast_head":"<!-- This site is optimized with the Yoast SEO plugin v27.4 - https:\/\/yoast.com\/product\/yoast-seo-wordpress\/ -->\n<title>La Inteligencia surcoreana confirma el uso de lanzagranadas norcoreanos por parte de Ham\u00e1s - Pulso27<\/title>\n<meta name=\"robots\" content=\"index, follow, max-snippet:-1, max-image-preview:large, max-video-preview:-1\" \/>\n<link rel=\"canonical\" href=\"https:\/\/pulso27.com\/en\/internacional\/la-inteligencia-surcoreana-confirma-el-uso-de-lanzagranadas-norcoreanos-por-parte-de-hamas\/\" \/>\n<meta property=\"og:locale\" content=\"en_US\" \/>\n<meta property=\"og:type\" content=\"article\" \/>\n<meta property=\"og:title\" content=\"La Inteligencia surcoreana confirma el uso de lanzagranadas norcoreanos por parte de Ham\u00e1s - Pulso27\" \/>\n<meta property=\"og:description\" content=\"El Servicio Nacional de Inteligencia (NIS) surcoreano dio por v\u00e1lida la informaci\u00f3n que indicaba que el detonador de un cohete usado recientemente por Ham\u00e1s muestra caracteres en coreano.\" \/>\n<meta property=\"og:url\" content=\"https:\/\/pulso27.com\/en\/internacional\/la-inteligencia-surcoreana-confirma-el-uso-de-lanzagranadas-norcoreanos-por-parte-de-hamas\/\" \/>\n<meta property=\"og:site_name\" content=\"Pulso27\" \/>\n<meta property=\"article:publisher\" content=\"https:\/\/www.facebook.com\/pulso27\/\" \/>\n<meta property=\"article:published_time\" content=\"2024-01-08T14:45:30+00:00\" \/>\n<meta property=\"article:modified_time\" content=\"2024-01-08T14:49:58+00:00\" \/>\n<meta property=\"og:image\" content=\"https:\/\/pulso27.com\/wp-content\/uploads\/2024\/01\/hamas-2024.jpg\" \/>\n\t<meta property=\"og:image:width\" content=\"1100\" \/>\n\t<meta property=\"og:image:height\" content=\"620\" \/>\n\t<meta property=\"og:image:type\" content=\"image\/jpeg\" \/>\n<meta name=\"author\" content=\"El Muki\" \/>\n<meta name=\"twitter:card\" content=\"summary_large_image\" \/>\n<meta name=\"twitter:creator\" content=\"@Pulso_27\" \/>\n<meta name=\"twitter:site\" content=\"@Pulso_27\" \/>\n<meta name=\"twitter:label1\" content=\"Written by\" \/>\n\t<meta name=\"twitter:data1\" content=\"El Muki\" \/>\n\t<meta name=\"twitter:label2\" content=\"Est. reading time\" \/>\n\t<meta name=\"twitter:data2\" content=\"1 minute\" \/>\n<script type=\"application\/ld+json\" class=\"yoast-schema-graph\">{\"@context\":\"https:\\\/\\\/schema.org\",\"@graph\":[{\"@type\":\"Article\",\"@id\":\"https:\\\/\\\/pulso27.com\\\/internacional\\\/la-inteligencia-surcoreana-confirma-el-uso-de-lanzagranadas-norcoreanos-por-parte-de-hamas\\\/#article\",\"isPartOf\":{\"@id\":\"https:\\\/\\\/pulso27.com\\\/internacional\\\/la-inteligencia-surcoreana-confirma-el-uso-de-lanzagranadas-norcoreanos-por-parte-de-hamas\\\/\"},\"author\":{\"name\":\"El Muki\",\"@id\":\"https:\\\/\\\/pulso27.com\\\/en\\\/#\\\/schema\\\/person\\\/a0930a7f318e7d9d83bd7cffed9f34f6\"},\"headline\":\"La Inteligencia surcoreana confirma el uso de lanzagranadas norcoreanos por parte de Ham\u00e1s\",\"datePublished\":\"2024-01-08T14:45:30+00:00\",\"dateModified\":\"2024-01-08T14:49:58+00:00\",\"mainEntityOfPage\":{\"@id\":\"https:\\\/\\\/pulso27.com\\\/internacional\\\/la-inteligencia-surcoreana-confirma-el-uso-de-lanzagranadas-norcoreanos-por-parte-de-hamas\\\/\"},\"wordCount\":195,\"commentCount\":0,\"publisher\":{\"@id\":\"https:\\\/\\\/pulso27.com\\\/en\\\/#organization\"},\"image\":{\"@id\":\"https:\\\/\\\/pulso27.com\\\/internacional\\\/la-inteligencia-surcoreana-confirma-el-uso-de-lanzagranadas-norcoreanos-por-parte-de-hamas\\\/#primaryimage\"},\"thumbnailUrl\":\"https:\\\/\\\/pulso27.com\\\/wp-content\\\/uploads\\\/2024\\\/01\\\/hamas-2024.jpg\",\"keywords\":[\"Hamas\",\"Israel\",\"Medio Oriente\"],\"articleSection\":[\"Actualidad\",\"Internacional\"],\"inLanguage\":\"en-US\",\"potentialAction\":[{\"@type\":\"CommentAction\",\"name\":\"Comment\",\"target\":[\"https:\\\/\\\/pulso27.com\\\/internacional\\\/la-inteligencia-surcoreana-confirma-el-uso-de-lanzagranadas-norcoreanos-por-parte-de-hamas\\\/#respond\"]}]},{\"@type\":\"WebPage\",\"@id\":\"https:\\\/\\\/pulso27.com\\\/internacional\\\/la-inteligencia-surcoreana-confirma-el-uso-de-lanzagranadas-norcoreanos-por-parte-de-hamas\\\/\",\"url\":\"https:\\\/\\\/pulso27.com\\\/internacional\\\/la-inteligencia-surcoreana-confirma-el-uso-de-lanzagranadas-norcoreanos-por-parte-de-hamas\\\/\",\"name\":\"La Inteligencia surcoreana confirma el uso de lanzagranadas norcoreanos por parte de Ham\u00e1s - Pulso27\",\"isPartOf\":{\"@id\":\"https:\\\/\\\/pulso27.com\\\/en\\\/#website\"},\"primaryImageOfPage\":{\"@id\":\"https:\\\/\\\/pulso27.com\\\/internacional\\\/la-inteligencia-surcoreana-confirma-el-uso-de-lanzagranadas-norcoreanos-por-parte-de-hamas\\\/#primaryimage\"},\"image\":{\"@id\":\"https:\\\/\\\/pulso27.com\\\/internacional\\\/la-inteligencia-surcoreana-confirma-el-uso-de-lanzagranadas-norcoreanos-por-parte-de-hamas\\\/#primaryimage\"},\"thumbnailUrl\":\"https:\\\/\\\/pulso27.com\\\/wp-content\\\/uploads\\\/2024\\\/01\\\/hamas-2024.jpg\",\"datePublished\":\"2024-01-08T14:45:30+00:00\",\"dateModified\":\"2024-01-08T14:49:58+00:00\",\"breadcrumb\":{\"@id\":\"https:\\\/\\\/pulso27.com\\\/internacional\\\/la-inteligencia-surcoreana-confirma-el-uso-de-lanzagranadas-norcoreanos-por-parte-de-hamas\\\/#breadcrumb\"},\"inLanguage\":\"en-US\",\"potentialAction\":[{\"@type\":\"ReadAction\",\"target\":[\"https:\\\/\\\/pulso27.com\\\/internacional\\\/la-inteligencia-surcoreana-confirma-el-uso-de-lanzagranadas-norcoreanos-por-parte-de-hamas\\\/\"]}]},{\"@type\":\"ImageObject\",\"inLanguage\":\"en-US\",\"@id\":\"https:\\\/\\\/pulso27.com\\\/internacional\\\/la-inteligencia-surcoreana-confirma-el-uso-de-lanzagranadas-norcoreanos-por-parte-de-hamas\\\/#primaryimage\",\"url\":\"https:\\\/\\\/pulso27.com\\\/wp-content\\\/uploads\\\/2024\\\/01\\\/hamas-2024.jpg\",\"contentUrl\":\"https:\\\/\\\/pulso27.com\\\/wp-content\\\/uploads\\\/2024\\\/01\\\/hamas-2024.jpg\",\"width\":1100,\"height\":620},{\"@type\":\"BreadcrumbList\",\"@id\":\"https:\\\/\\\/pulso27.com\\\/internacional\\\/la-inteligencia-surcoreana-confirma-el-uso-de-lanzagranadas-norcoreanos-por-parte-de-hamas\\\/#breadcrumb\",\"itemListElement\":[{\"@type\":\"ListItem\",\"position\":1,\"name\":\"Portada\",\"item\":\"https:\\\/\\\/pulso27.com\\\/\"},{\"@type\":\"ListItem\",\"position\":2,\"name\":\"La Inteligencia surcoreana confirma el uso de lanzagranadas norcoreanos por parte de Ham\u00e1s\"}]},{\"@type\":\"WebSite\",\"@id\":\"https:\\\/\\\/pulso27.com\\\/en\\\/#website\",\"url\":\"https:\\\/\\\/pulso27.com\\\/en\\\/\",\"name\":\"Pulso27\",\"description\":\"Web de noticias y publicidad\",\"publisher\":{\"@id\":\"https:\\\/\\\/pulso27.com\\\/en\\\/#organization\"},\"alternateName\":\"El pulso del pueblo\",\"potentialAction\":[{\"@type\":\"SearchAction\",\"target\":{\"@type\":\"EntryPoint\",\"urlTemplate\":\"https:\\\/\\\/pulso27.com\\\/en\\\/?s={search_term_string}\"},\"query-input\":{\"@type\":\"PropertyValueSpecification\",\"valueRequired\":true,\"valueName\":\"search_term_string\"}}],\"inLanguage\":\"en-US\"},{\"@type\":\"Organization\",\"@id\":\"https:\\\/\\\/pulso27.com\\\/en\\\/#organization\",\"name\":\"Pulso27\",\"url\":\"https:\\\/\\\/pulso27.com\\\/en\\\/\",\"logo\":{\"@type\":\"ImageObject\",\"inLanguage\":\"en-US\",\"@id\":\"https:\\\/\\\/pulso27.com\\\/en\\\/#\\\/schema\\\/logo\\\/image\\\/\",\"url\":\"https:\\\/\\\/pulso27.com\\\/wp-content\\\/uploads\\\/2026\\\/02\\\/Logotipo-de-la-organizacion-696-x-696-px-ok.png\",\"contentUrl\":\"https:\\\/\\\/pulso27.com\\\/wp-content\\\/uploads\\\/2026\\\/02\\\/Logotipo-de-la-organizacion-696-x-696-px-ok.png\",\"width\":696,\"height\":696,\"caption\":\"Pulso27\"},\"image\":{\"@id\":\"https:\\\/\\\/pulso27.com\\\/en\\\/#\\\/schema\\\/logo\\\/image\\\/\"},\"sameAs\":[\"https:\\\/\\\/www.facebook.com\\\/pulso27\\\/\",\"https:\\\/\\\/x.com\\\/Pulso_27\",\"https:\\\/\\\/www.youtube.com\\\/@Pulso27\",\"https:\\\/\\\/www.tiktok.com\\\/@pulso_27\"]},{\"@type\":\"Person\",\"@id\":\"https:\\\/\\\/pulso27.com\\\/en\\\/#\\\/schema\\\/person\\\/a0930a7f318e7d9d83bd7cffed9f34f6\",\"name\":\"El Muki\",\"image\":{\"@type\":\"ImageObject\",\"inLanguage\":\"en-US\",\"@id\":\"https:\\\/\\\/secure.gravatar.com\\\/avatar\\\/dc91c2607c5eebda74cbb40d13031f489096c96ead89c4c30c17db262267b2b3?s=96&d=mm&r=g\",\"url\":\"https:\\\/\\\/secure.gravatar.com\\\/avatar\\\/dc91c2607c5eebda74cbb40d13031f489096c96ead89c4c30c17db262267b2b3?s=96&d=mm&r=g\",\"contentUrl\":\"https:\\\/\\\/secure.gravatar.com\\\/avatar\\\/dc91c2607c5eebda74cbb40d13031f489096c96ead89c4c30c17db262267b2b3?s=96&d=mm&r=g\",\"caption\":\"El Muki\"},\"sameAs\":[\"http:\\\/\\\/www.pulso27.com\"],\"url\":\"https:\\\/\\\/pulso27.com\\\/en\\\/author\\\/elcuervo\\\/\"}]}<\/script>\n<!-- \/ Yoast SEO plugin. -->","yoast_head_json":{"title":"La Inteligencia surcoreana confirma el uso de lanzagranadas norcoreanos por parte de Ham\u00e1s - Pulso27","robots":{"index":"index","follow":"follow","max-snippet":"max-snippet:-1","max-image-preview":"max-image-preview:large","max-video-preview":"max-video-preview:-1"},"canonical":"https:\/\/pulso27.com\/en\/internacional\/la-inteligencia-surcoreana-confirma-el-uso-de-lanzagranadas-norcoreanos-por-parte-de-hamas\/","og_locale":"en_US","og_type":"article","og_title":"La Inteligencia surcoreana confirma el uso de lanzagranadas norcoreanos por parte de Ham\u00e1s - Pulso27","og_description":"El Servicio Nacional de Inteligencia (NIS) surcoreano dio por v\u00e1lida la informaci\u00f3n que indicaba que el detonador de un cohete usado recientemente por Ham\u00e1s muestra caracteres en coreano.","og_url":"https:\/\/pulso27.com\/en\/internacional\/la-inteligencia-surcoreana-confirma-el-uso-de-lanzagranadas-norcoreanos-por-parte-de-hamas\/","og_site_name":"Pulso27","article_publisher":"https:\/\/www.facebook.com\/pulso27\/","article_published_time":"2024-01-08T14:45:30+00:00","article_modified_time":"2024-01-08T14:49:58+00:00","og_image":[{"width":1100,"height":620,"url":"https:\/\/pulso27.com\/wp-content\/uploads\/2024\/01\/hamas-2024.jpg","type":"image\/jpeg"}],"author":"El Muki","twitter_card":"summary_large_image","twitter_creator":"@Pulso_27","twitter_site":"@Pulso_27","twitter_misc":{"Written by":"El Muki","Est. reading time":"1 minute"},"schema":{"@context":"https:\/\/schema.org","@graph":[{"@type":"Article","@id":"https:\/\/pulso27.com\/internacional\/la-inteligencia-surcoreana-confirma-el-uso-de-lanzagranadas-norcoreanos-por-parte-de-hamas\/#article","isPartOf":{"@id":"https:\/\/pulso27.com\/internacional\/la-inteligencia-surcoreana-confirma-el-uso-de-lanzagranadas-norcoreanos-por-parte-de-hamas\/"},"author":{"name":"El Muki","@id":"https:\/\/pulso27.com\/en\/#\/schema\/person\/a0930a7f318e7d9d83bd7cffed9f34f6"},"headline":"La Inteligencia surcoreana confirma el uso de lanzagranadas norcoreanos por parte de Ham\u00e1s","datePublished":"2024-01-08T14:45:30+00:00","dateModified":"2024-01-08T14:49:58+00:00","mainEntityOfPage":{"@id":"https:\/\/pulso27.com\/internacional\/la-inteligencia-surcoreana-confirma-el-uso-de-lanzagranadas-norcoreanos-por-parte-de-hamas\/"},"wordCount":195,"commentCount":0,"publisher":{"@id":"https:\/\/pulso27.com\/en\/#organization"},"image":{"@id":"https:\/\/pulso27.com\/internacional\/la-inteligencia-surcoreana-confirma-el-uso-de-lanzagranadas-norcoreanos-por-parte-de-hamas\/#primaryimage"},"thumbnailUrl":"https:\/\/pulso27.com\/wp-content\/uploads\/2024\/01\/hamas-2024.jpg","keywords":["Hamas","Israel","Medio Oriente"],"articleSection":["Actualidad","Internacional"],"inLanguage":"en-US","potentialAction":[{"@type":"CommentAction","name":"Comment","target":["https:\/\/pulso27.com\/internacional\/la-inteligencia-surcoreana-confirma-el-uso-de-lanzagranadas-norcoreanos-por-parte-de-hamas\/#respond"]}]},{"@type":"WebPage","@id":"https:\/\/pulso27.com\/internacional\/la-inteligencia-surcoreana-confirma-el-uso-de-lanzagranadas-norcoreanos-por-parte-de-hamas\/","url":"https:\/\/pulso27.com\/internacional\/la-inteligencia-surcoreana-confirma-el-uso-de-lanzagranadas-norcoreanos-por-parte-de-hamas\/","name":"La Inteligencia surcoreana confirma el uso de lanzagranadas norcoreanos por parte de Ham\u00e1s - Pulso27","isPartOf":{"@id":"https:\/\/pulso27.com\/en\/#website"},"primaryImageOfPage":{"@id":"https:\/\/pulso27.com\/internacional\/la-inteligencia-surcoreana-confirma-el-uso-de-lanzagranadas-norcoreanos-por-parte-de-hamas\/#primaryimage"},"image":{"@id":"https:\/\/pulso27.com\/internacional\/la-inteligencia-surcoreana-confirma-el-uso-de-lanzagranadas-norcoreanos-por-parte-de-hamas\/#primaryimage"},"thumbnailUrl":"https:\/\/pulso27.com\/wp-content\/uploads\/2024\/01\/hamas-2024.jpg","datePublished":"2024-01-08T14:45:30+00:00","dateModified":"2024-01-08T14:49:58+00:00","breadcrumb":{"@id":"https:\/\/pulso27.com\/internacional\/la-inteligencia-surcoreana-confirma-el-uso-de-lanzagranadas-norcoreanos-por-parte-de-hamas\/#breadcrumb"},"inLanguage":"en-US","potentialAction":[{"@type":"ReadAction","target":["https:\/\/pulso27.com\/internacional\/la-inteligencia-surcoreana-confirma-el-uso-de-lanzagranadas-norcoreanos-por-parte-de-hamas\/"]}]},{"@type":"ImageObject","inLanguage":"en-US","@id":"https:\/\/pulso27.com\/internacional\/la-inteligencia-surcoreana-confirma-el-uso-de-lanzagranadas-norcoreanos-por-parte-de-hamas\/#primaryimage","url":"https:\/\/pulso27.com\/wp-content\/uploads\/2024\/01\/hamas-2024.jpg","contentUrl":"https:\/\/pulso27.com\/wp-content\/uploads\/2024\/01\/hamas-2024.jpg","width":1100,"height":620},{"@type":"BreadcrumbList","@id":"https:\/\/pulso27.com\/internacional\/la-inteligencia-surcoreana-confirma-el-uso-de-lanzagranadas-norcoreanos-por-parte-de-hamas\/#breadcrumb","itemListElement":[{"@type":"ListItem","position":1,"name":"Portada","item":"https:\/\/pulso27.com\/"},{"@type":"ListItem","position":2,"name":"La Inteligencia surcoreana confirma el uso de lanzagranadas norcoreanos por parte de Ham\u00e1s"}]},{"@type":"WebSite","@id":"https:\/\/pulso27.com\/en\/#website","url":"https:\/\/pulso27.com\/en\/","name":"Pulso27","description":"Web de noticias y publicidad","publisher":{"@id":"https:\/\/pulso27.com\/en\/#organization"},"alternateName":"El pulso del pueblo","potentialAction":[{"@type":"SearchAction","target":{"@type":"EntryPoint","urlTemplate":"https:\/\/pulso27.com\/en\/?s={search_term_string}"},"query-input":{"@type":"PropertyValueSpecification","valueRequired":true,"valueName":"search_term_string"}}],"inLanguage":"en-US"},{"@type":"Organization","@id":"https:\/\/pulso27.com\/en\/#organization","name":"Pulso27","url":"https:\/\/pulso27.com\/en\/","logo":{"@type":"ImageObject","inLanguage":"en-US","@id":"https:\/\/pulso27.com\/en\/#\/schema\/logo\/image\/","url":"https:\/\/pulso27.com\/wp-content\/uploads\/2026\/02\/Logotipo-de-la-organizacion-696-x-696-px-ok.png","contentUrl":"https:\/\/pulso27.com\/wp-content\/uploads\/2026\/02\/Logotipo-de-la-organizacion-696-x-696-px-ok.png","width":696,"height":696,"caption":"Pulso27"},"image":{"@id":"https:\/\/pulso27.com\/en\/#\/schema\/logo\/image\/"},"sameAs":["https:\/\/www.facebook.com\/pulso27\/","https:\/\/x.com\/Pulso_27","https:\/\/www.youtube.com\/@Pulso27","https:\/\/www.tiktok.com\/@pulso_27"]},{"@type":"Person","@id":"https:\/\/pulso27.com\/en\/#\/schema\/person\/a0930a7f318e7d9d83bd7cffed9f34f6","name":"El Muki","image":{"@type":"ImageObject","inLanguage":"en-US","@id":"https:\/\/secure.gravatar.com\/avatar\/dc91c2607c5eebda74cbb40d13031f489096c96ead89c4c30c17db262267b2b3?s=96&d=mm&r=g","url":"https:\/\/secure.gravatar.com\/avatar\/dc91c2607c5eebda74cbb40d13031f489096c96ead89c4c30c17db262267b2b3?s=96&d=mm&r=g","contentUrl":"https:\/\/secure.gravatar.com\/avatar\/dc91c2607c5eebda74cbb40d13031f489096c96ead89c4c30c17db262267b2b3?s=96&d=mm&r=g","caption":"El Muki"},"sameAs":["http:\/\/www.pulso27.com"],"url":"https:\/\/pulso27.com\/en\/author\/elcuervo\/"}]}},"amp_enabled":true,"_links":{"self":[{"href":"https:\/\/pulso27.com\/en\/wp-json\/wp\/v2\/posts\/1156","targetHints":{"allow":["GET"]}}],"collection":[{"href":"https:\/\/pulso27.com\/en\/wp-json\/wp\/v2\/posts"}],"about":[{"href":"https:\/\/pulso27.com\/en\/wp-json\/wp\/v2\/types\/post"}],"author":[{"embeddable":true,"href":"https:\/\/pulso27.com\/en\/wp-json\/wp\/v2\/users\/10"}],"replies":[{"embeddable":true,"href":"https:\/\/pulso27.com\/en\/wp-json\/wp\/v2\/comments?post=1156"}],"version-history":[{"count":3,"href":"https:\/\/pulso27.com\/en\/wp-json\/wp\/v2\/posts\/1156\/revisions"}],"predecessor-version":[{"id":1162,"href":"https:\/\/pulso27.com\/en\/wp-json\/wp\/v2\/posts\/1156\/revisions\/1162"}],"wp:featuredmedia":[{"embeddable":true,"href":"https:\/\/pulso27.com\/en\/wp-json\/wp\/v2\/media\/1159"}],"wp:attachment":[{"href":"https:\/\/pulso27.com\/en\/wp-json\/wp\/v2\/media?parent=1156"}],"wp:term":[{"taxonomy":"category","embeddable":true,"href":"https:\/\/pulso27.com\/en\/wp-json\/wp\/v2\/categories?post=1156"},{"taxonomy":"post_tag","embeddable":true,"href":"https:\/\/pulso27.com\/en\/wp-json\/wp\/v2\/tags?post=1156"}],"curies":[{"name":"wp","href":"https:\/\/api.w.org\/{rel}","templated":true}]}}