{"id":1188,"date":"2024-01-13T00:53:14","date_gmt":"2024-01-12T19:53:14","guid":{"rendered":"https:\/\/pulso27.com\/?p=1188"},"modified":"2024-01-13T00:59:26","modified_gmt":"2024-01-12T19:59:26","slug":"cusco-huanuco-y-lambayeque-reportaron-sus-primeras-muertes-por-covid-19-en-el-ano","status":"publish","type":"post","link":"https:\/\/pulso27.com\/en\/nacional\/cusco-huanuco-y-lambayeque-reportaron-sus-primeras-muertes-por-covid-19-en-el-ano\/","title":{"rendered":"Cusco, Hu\u00e1nuco y Lambayeque reportaron sus primeras muertes por COVID-19 en el a\u00f1o"},"content":{"rendered":"<p>Se trata de dos mujeres de m\u00e1s de 80 a\u00f1os, con comorbilidades (Cusco); un hombre de 82 a\u00f1os sin vacuna bivalente (Hu\u00e1nuco) y una mujer de 76, con comorbilidades (Lambayeque); seg\u00fan informaron las autoridades sanitarias de estas regiones.<br>Cusco , Hu\u00e1nuco, Lambayeque reportaron sus primeras muertes a causa de la COVID-19 en lo que va del a\u00f1o, seg\u00fan confirmaron las autoridades sanitarias de estas regionales.<\/p>\n\n\n\n<p>\u00abCantidad de casos est\u00e1 aumentando\u00bb<br>El director de Epidemiolog\u00eda de la Gerencia Regional de Salud del Cusco, Alex Jaramillo, inform\u00f3 que dos personas mayores de 80 a\u00f1os, con comorbilidades, son las primeras v\u00edctimas mortales de la COVID-19 en la regi\u00f3n.<\/p>\n\n\n\n<figure class=\"wp-block-image size-full is-resized\"><img loading=\"lazy\" decoding=\"async\" width=\"489\" height=\"263\" src=\"https:\/\/pulso27.com\/wp-content\/uploads\/2024\/01\/image-10.png\" alt=\"\" class=\"wp-image-1189\" style=\"width:740px;height:auto\" srcset=\"https:\/\/pulso27.com\/wp-content\/uploads\/2024\/01\/image-10.png 489w, https:\/\/pulso27.com\/wp-content\/uploads\/2024\/01\/image-10-300x161.png 300w\" sizes=\"auto, (max-width: 489px) 100vw, 489px\" \/><\/figure>\n\n\n\n<p>Ambas v\u00edctimas, seg\u00fan el especialista, no recib\u00edan sus dosis de la vacuna hace m\u00e1s de un a\u00f1o. A ello se suma que actualmente en la regi\u00f3n se registra un incremento de casos de la enfermedad, a causa de las reuniones y otras actividades que se realizaron a fines del 2023.<\/p>\n\n\n\n<blockquote class=\"wp-block-quote is-layout-flow wp-block-quote-is-layout-flow\">\n<p>\u00abLa cantidad de casos est\u00e1 aumentando, no en un nivel alarmante, pero est\u00e1 aumentando. Y la probabilidad de que se contagien personas con riesgo es tambi\u00e9n alto. Son ellos los que se van a hospitalizar y los que tienen mayor probabilidad de morir. Y debemos anunciar tambi\u00e9n que tenemos algunos fallecidos en este a\u00f1o 2024 y se trata precisamente de dos adultas mayores de 80 a\u00f1os que ten\u00edan comorbilidades y que hab\u00edan recibido las vacunas, pero hace m\u00e1s de un a\u00f1o\u00bb, dijo.<\/p>\n<\/blockquote>\n\n\n\n<p>Alex Jaramillo indic\u00f3 que la cifra de hospitalizaciones por la COVID-19 tambi\u00e9n increment\u00f3. Uno de los casos a los que hacen seguimiento es a un paciente internado en EsSalud, quien a\u00fan se encuentra estable. Descart\u00f3 que haya alg\u00fan paciente internado en la Unidad de Cuidados Intensivos (UCI) por la enfermedad.<\/p>\n\n\n\n<p>Adem\u00e1s, el funcionario recomend\u00f3 el uso de mascarillas en lugares cerrados no ventilados como hospitales o el transporte p\u00fablico, y a\u00f1adi\u00f3 que hay disponibilidad de vacunas en establecimientos de salud de la regi\u00f3n Cusco.<\/p>\n\n\n\n<p> Fuente: RPP<\/p>","protected":false},"excerpt":{"rendered":"<p>Se trata de dos mujeres de m\u00e1s de 80 a\u00f1os, con comorbilidades (Cusco); un hombre de 82 a\u00f1os sin vacuna bivalente (Hu\u00e1nuco) y una mujer de 76, con comorbilidades (Lambayeque); seg\u00fan informaron las autoridades sanitarias de estas regiones.<\/p>","protected":false},"author":10,"featured_media":1192,"comment_status":"open","ping_status":"open","sticky":false,"template":"","format":"standard","meta":{"footnotes":""},"categories":[183,174],"tags":[566],"class_list":["post-1188","post","type-post","status-publish","format-standard","has-post-thumbnail","hentry","category-actualidad","category-nacional","tag-covid"],"yoast_head":"<!-- This site is optimized with the Yoast SEO plugin v27.4 - https:\/\/yoast.com\/product\/yoast-seo-wordpress\/ -->\n<title>Cusco, Hu\u00e1nuco y Lambayeque reportaron sus primeras muertes por COVID-19 en el a\u00f1o - Pulso27<\/title>\n<meta name=\"robots\" content=\"index, follow, max-snippet:-1, max-image-preview:large, max-video-preview:-1\" \/>\n<link rel=\"canonical\" href=\"https:\/\/pulso27.com\/en\/nacional\/cusco-huanuco-y-lambayeque-reportaron-sus-primeras-muertes-por-covid-19-en-el-ano\/\" \/>\n<meta property=\"og:locale\" content=\"en_US\" \/>\n<meta property=\"og:type\" content=\"article\" \/>\n<meta property=\"og:title\" content=\"Cusco, Hu\u00e1nuco y Lambayeque reportaron sus primeras muertes por COVID-19 en el a\u00f1o - Pulso27\" \/>\n<meta property=\"og:description\" content=\"Se trata de dos mujeres de m\u00e1s de 80 a\u00f1os, con comorbilidades (Cusco); un hombre de 82 a\u00f1os sin vacuna bivalente (Hu\u00e1nuco) y una mujer de 76, con comorbilidades (Lambayeque); seg\u00fan informaron las autoridades sanitarias de estas regiones.\" \/>\n<meta property=\"og:url\" content=\"https:\/\/pulso27.com\/en\/nacional\/cusco-huanuco-y-lambayeque-reportaron-sus-primeras-muertes-por-covid-19-en-el-ano\/\" \/>\n<meta property=\"og:site_name\" content=\"Pulso27\" \/>\n<meta property=\"article:publisher\" content=\"https:\/\/www.facebook.com\/pulso27\/\" \/>\n<meta property=\"article:published_time\" content=\"2024-01-12T19:53:14+00:00\" \/>\n<meta property=\"article:modified_time\" content=\"2024-01-12T19:59:26+00:00\" \/>\n<meta property=\"og:image\" content=\"https:\/\/pulso27.com\/wp-content\/uploads\/2024\/01\/covid-19-2014.png\" \/>\n\t<meta property=\"og:image:width\" content=\"331\" \/>\n\t<meta property=\"og:image:height\" content=\"217\" \/>\n\t<meta property=\"og:image:type\" content=\"image\/png\" \/>\n<meta name=\"author\" content=\"El Muki\" \/>\n<meta name=\"twitter:card\" content=\"summary_large_image\" \/>\n<meta name=\"twitter:creator\" content=\"@Pulso_27\" \/>\n<meta name=\"twitter:site\" content=\"@Pulso_27\" \/>\n<meta name=\"twitter:label1\" content=\"Written by\" \/>\n\t<meta name=\"twitter:data1\" content=\"El Muki\" \/>\n\t<meta name=\"twitter:label2\" content=\"Est. reading time\" \/>\n\t<meta name=\"twitter:data2\" content=\"2 minutes\" \/>\n<script type=\"application\/ld+json\" class=\"yoast-schema-graph\">{\"@context\":\"https:\\\/\\\/schema.org\",\"@graph\":[{\"@type\":\"Article\",\"@id\":\"https:\\\/\\\/pulso27.com\\\/nacional\\\/cusco-huanuco-y-lambayeque-reportaron-sus-primeras-muertes-por-covid-19-en-el-ano\\\/#article\",\"isPartOf\":{\"@id\":\"https:\\\/\\\/pulso27.com\\\/nacional\\\/cusco-huanuco-y-lambayeque-reportaron-sus-primeras-muertes-por-covid-19-en-el-ano\\\/\"},\"author\":{\"name\":\"El Muki\",\"@id\":\"https:\\\/\\\/pulso27.com\\\/en\\\/#\\\/schema\\\/person\\\/a0930a7f318e7d9d83bd7cffed9f34f6\"},\"headline\":\"Cusco, Hu\u00e1nuco y Lambayeque reportaron sus primeras muertes por COVID-19 en el a\u00f1o\",\"datePublished\":\"2024-01-12T19:53:14+00:00\",\"dateModified\":\"2024-01-12T19:59:26+00:00\",\"mainEntityOfPage\":{\"@id\":\"https:\\\/\\\/pulso27.com\\\/nacional\\\/cusco-huanuco-y-lambayeque-reportaron-sus-primeras-muertes-por-covid-19-en-el-ano\\\/\"},\"wordCount\":363,\"commentCount\":0,\"publisher\":{\"@id\":\"https:\\\/\\\/pulso27.com\\\/en\\\/#organization\"},\"image\":{\"@id\":\"https:\\\/\\\/pulso27.com\\\/nacional\\\/cusco-huanuco-y-lambayeque-reportaron-sus-primeras-muertes-por-covid-19-en-el-ano\\\/#primaryimage\"},\"thumbnailUrl\":\"https:\\\/\\\/pulso27.com\\\/wp-content\\\/uploads\\\/2024\\\/01\\\/covid-19-2014.png\",\"keywords\":[\"covid\"],\"articleSection\":[\"Actualidad\",\"Nacional\"],\"inLanguage\":\"en-US\",\"potentialAction\":[{\"@type\":\"CommentAction\",\"name\":\"Comment\",\"target\":[\"https:\\\/\\\/pulso27.com\\\/nacional\\\/cusco-huanuco-y-lambayeque-reportaron-sus-primeras-muertes-por-covid-19-en-el-ano\\\/#respond\"]}]},{\"@type\":\"WebPage\",\"@id\":\"https:\\\/\\\/pulso27.com\\\/nacional\\\/cusco-huanuco-y-lambayeque-reportaron-sus-primeras-muertes-por-covid-19-en-el-ano\\\/\",\"url\":\"https:\\\/\\\/pulso27.com\\\/nacional\\\/cusco-huanuco-y-lambayeque-reportaron-sus-primeras-muertes-por-covid-19-en-el-ano\\\/\",\"name\":\"Cusco, Hu\u00e1nuco y Lambayeque reportaron sus primeras muertes por COVID-19 en el a\u00f1o - Pulso27\",\"isPartOf\":{\"@id\":\"https:\\\/\\\/pulso27.com\\\/en\\\/#website\"},\"primaryImageOfPage\":{\"@id\":\"https:\\\/\\\/pulso27.com\\\/nacional\\\/cusco-huanuco-y-lambayeque-reportaron-sus-primeras-muertes-por-covid-19-en-el-ano\\\/#primaryimage\"},\"image\":{\"@id\":\"https:\\\/\\\/pulso27.com\\\/nacional\\\/cusco-huanuco-y-lambayeque-reportaron-sus-primeras-muertes-por-covid-19-en-el-ano\\\/#primaryimage\"},\"thumbnailUrl\":\"https:\\\/\\\/pulso27.com\\\/wp-content\\\/uploads\\\/2024\\\/01\\\/covid-19-2014.png\",\"datePublished\":\"2024-01-12T19:53:14+00:00\",\"dateModified\":\"2024-01-12T19:59:26+00:00\",\"breadcrumb\":{\"@id\":\"https:\\\/\\\/pulso27.com\\\/nacional\\\/cusco-huanuco-y-lambayeque-reportaron-sus-primeras-muertes-por-covid-19-en-el-ano\\\/#breadcrumb\"},\"inLanguage\":\"en-US\",\"potentialAction\":[{\"@type\":\"ReadAction\",\"target\":[\"https:\\\/\\\/pulso27.com\\\/nacional\\\/cusco-huanuco-y-lambayeque-reportaron-sus-primeras-muertes-por-covid-19-en-el-ano\\\/\"]}]},{\"@type\":\"ImageObject\",\"inLanguage\":\"en-US\",\"@id\":\"https:\\\/\\\/pulso27.com\\\/nacional\\\/cusco-huanuco-y-lambayeque-reportaron-sus-primeras-muertes-por-covid-19-en-el-ano\\\/#primaryimage\",\"url\":\"https:\\\/\\\/pulso27.com\\\/wp-content\\\/uploads\\\/2024\\\/01\\\/covid-19-2014.png\",\"contentUrl\":\"https:\\\/\\\/pulso27.com\\\/wp-content\\\/uploads\\\/2024\\\/01\\\/covid-19-2014.png\",\"width\":331,\"height\":217},{\"@type\":\"BreadcrumbList\",\"@id\":\"https:\\\/\\\/pulso27.com\\\/nacional\\\/cusco-huanuco-y-lambayeque-reportaron-sus-primeras-muertes-por-covid-19-en-el-ano\\\/#breadcrumb\",\"itemListElement\":[{\"@type\":\"ListItem\",\"position\":1,\"name\":\"Portada\",\"item\":\"https:\\\/\\\/pulso27.com\\\/\"},{\"@type\":\"ListItem\",\"position\":2,\"name\":\"Cusco, Hu\u00e1nuco y Lambayeque reportaron sus primeras muertes por COVID-19 en el a\u00f1o\"}]},{\"@type\":\"WebSite\",\"@id\":\"https:\\\/\\\/pulso27.com\\\/en\\\/#website\",\"url\":\"https:\\\/\\\/pulso27.com\\\/en\\\/\",\"name\":\"Pulso27\",\"description\":\"Web de noticias y publicidad\",\"publisher\":{\"@id\":\"https:\\\/\\\/pulso27.com\\\/en\\\/#organization\"},\"alternateName\":\"El pulso del pueblo\",\"potentialAction\":[{\"@type\":\"SearchAction\",\"target\":{\"@type\":\"EntryPoint\",\"urlTemplate\":\"https:\\\/\\\/pulso27.com\\\/en\\\/?s={search_term_string}\"},\"query-input\":{\"@type\":\"PropertyValueSpecification\",\"valueRequired\":true,\"valueName\":\"search_term_string\"}}],\"inLanguage\":\"en-US\"},{\"@type\":\"Organization\",\"@id\":\"https:\\\/\\\/pulso27.com\\\/en\\\/#organization\",\"name\":\"Pulso27\",\"url\":\"https:\\\/\\\/pulso27.com\\\/en\\\/\",\"logo\":{\"@type\":\"ImageObject\",\"inLanguage\":\"en-US\",\"@id\":\"https:\\\/\\\/pulso27.com\\\/en\\\/#\\\/schema\\\/logo\\\/image\\\/\",\"url\":\"https:\\\/\\\/pulso27.com\\\/wp-content\\\/uploads\\\/2026\\\/02\\\/Logotipo-de-la-organizacion-696-x-696-px-ok.png\",\"contentUrl\":\"https:\\\/\\\/pulso27.com\\\/wp-content\\\/uploads\\\/2026\\\/02\\\/Logotipo-de-la-organizacion-696-x-696-px-ok.png\",\"width\":696,\"height\":696,\"caption\":\"Pulso27\"},\"image\":{\"@id\":\"https:\\\/\\\/pulso27.com\\\/en\\\/#\\\/schema\\\/logo\\\/image\\\/\"},\"sameAs\":[\"https:\\\/\\\/www.facebook.com\\\/pulso27\\\/\",\"https:\\\/\\\/x.com\\\/Pulso_27\",\"https:\\\/\\\/www.youtube.com\\\/@Pulso27\",\"https:\\\/\\\/www.tiktok.com\\\/@pulso_27\"]},{\"@type\":\"Person\",\"@id\":\"https:\\\/\\\/pulso27.com\\\/en\\\/#\\\/schema\\\/person\\\/a0930a7f318e7d9d83bd7cffed9f34f6\",\"name\":\"El Muki\",\"image\":{\"@type\":\"ImageObject\",\"inLanguage\":\"en-US\",\"@id\":\"https:\\\/\\\/secure.gravatar.com\\\/avatar\\\/dc91c2607c5eebda74cbb40d13031f489096c96ead89c4c30c17db262267b2b3?s=96&d=mm&r=g\",\"url\":\"https:\\\/\\\/secure.gravatar.com\\\/avatar\\\/dc91c2607c5eebda74cbb40d13031f489096c96ead89c4c30c17db262267b2b3?s=96&d=mm&r=g\",\"contentUrl\":\"https:\\\/\\\/secure.gravatar.com\\\/avatar\\\/dc91c2607c5eebda74cbb40d13031f489096c96ead89c4c30c17db262267b2b3?s=96&d=mm&r=g\",\"caption\":\"El Muki\"},\"sameAs\":[\"http:\\\/\\\/www.pulso27.com\"],\"url\":\"https:\\\/\\\/pulso27.com\\\/en\\\/author\\\/elcuervo\\\/\"}]}<\/script>\n<!-- \/ Yoast SEO plugin. -->","yoast_head_json":{"title":"Cusco, Hu\u00e1nuco y Lambayeque reportaron sus primeras muertes por COVID-19 en el a\u00f1o - Pulso27","robots":{"index":"index","follow":"follow","max-snippet":"max-snippet:-1","max-image-preview":"max-image-preview:large","max-video-preview":"max-video-preview:-1"},"canonical":"https:\/\/pulso27.com\/en\/nacional\/cusco-huanuco-y-lambayeque-reportaron-sus-primeras-muertes-por-covid-19-en-el-ano\/","og_locale":"en_US","og_type":"article","og_title":"Cusco, Hu\u00e1nuco y Lambayeque reportaron sus primeras muertes por COVID-19 en el a\u00f1o - Pulso27","og_description":"Se trata de dos mujeres de m\u00e1s de 80 a\u00f1os, con comorbilidades (Cusco); un hombre de 82 a\u00f1os sin vacuna bivalente (Hu\u00e1nuco) y una mujer de 76, con comorbilidades (Lambayeque); seg\u00fan informaron las autoridades sanitarias de estas regiones.","og_url":"https:\/\/pulso27.com\/en\/nacional\/cusco-huanuco-y-lambayeque-reportaron-sus-primeras-muertes-por-covid-19-en-el-ano\/","og_site_name":"Pulso27","article_publisher":"https:\/\/www.facebook.com\/pulso27\/","article_published_time":"2024-01-12T19:53:14+00:00","article_modified_time":"2024-01-12T19:59:26+00:00","og_image":[{"width":331,"height":217,"url":"https:\/\/pulso27.com\/wp-content\/uploads\/2024\/01\/covid-19-2014.png","type":"image\/png"}],"author":"El Muki","twitter_card":"summary_large_image","twitter_creator":"@Pulso_27","twitter_site":"@Pulso_27","twitter_misc":{"Written by":"El Muki","Est. reading time":"2 minutes"},"schema":{"@context":"https:\/\/schema.org","@graph":[{"@type":"Article","@id":"https:\/\/pulso27.com\/nacional\/cusco-huanuco-y-lambayeque-reportaron-sus-primeras-muertes-por-covid-19-en-el-ano\/#article","isPartOf":{"@id":"https:\/\/pulso27.com\/nacional\/cusco-huanuco-y-lambayeque-reportaron-sus-primeras-muertes-por-covid-19-en-el-ano\/"},"author":{"name":"El Muki","@id":"https:\/\/pulso27.com\/en\/#\/schema\/person\/a0930a7f318e7d9d83bd7cffed9f34f6"},"headline":"Cusco, Hu\u00e1nuco y Lambayeque reportaron sus primeras muertes por COVID-19 en el a\u00f1o","datePublished":"2024-01-12T19:53:14+00:00","dateModified":"2024-01-12T19:59:26+00:00","mainEntityOfPage":{"@id":"https:\/\/pulso27.com\/nacional\/cusco-huanuco-y-lambayeque-reportaron-sus-primeras-muertes-por-covid-19-en-el-ano\/"},"wordCount":363,"commentCount":0,"publisher":{"@id":"https:\/\/pulso27.com\/en\/#organization"},"image":{"@id":"https:\/\/pulso27.com\/nacional\/cusco-huanuco-y-lambayeque-reportaron-sus-primeras-muertes-por-covid-19-en-el-ano\/#primaryimage"},"thumbnailUrl":"https:\/\/pulso27.com\/wp-content\/uploads\/2024\/01\/covid-19-2014.png","keywords":["covid"],"articleSection":["Actualidad","Nacional"],"inLanguage":"en-US","potentialAction":[{"@type":"CommentAction","name":"Comment","target":["https:\/\/pulso27.com\/nacional\/cusco-huanuco-y-lambayeque-reportaron-sus-primeras-muertes-por-covid-19-en-el-ano\/#respond"]}]},{"@type":"WebPage","@id":"https:\/\/pulso27.com\/nacional\/cusco-huanuco-y-lambayeque-reportaron-sus-primeras-muertes-por-covid-19-en-el-ano\/","url":"https:\/\/pulso27.com\/nacional\/cusco-huanuco-y-lambayeque-reportaron-sus-primeras-muertes-por-covid-19-en-el-ano\/","name":"Cusco, Hu\u00e1nuco y Lambayeque reportaron sus primeras muertes por COVID-19 en el a\u00f1o - Pulso27","isPartOf":{"@id":"https:\/\/pulso27.com\/en\/#website"},"primaryImageOfPage":{"@id":"https:\/\/pulso27.com\/nacional\/cusco-huanuco-y-lambayeque-reportaron-sus-primeras-muertes-por-covid-19-en-el-ano\/#primaryimage"},"image":{"@id":"https:\/\/pulso27.com\/nacional\/cusco-huanuco-y-lambayeque-reportaron-sus-primeras-muertes-por-covid-19-en-el-ano\/#primaryimage"},"thumbnailUrl":"https:\/\/pulso27.com\/wp-content\/uploads\/2024\/01\/covid-19-2014.png","datePublished":"2024-01-12T19:53:14+00:00","dateModified":"2024-01-12T19:59:26+00:00","breadcrumb":{"@id":"https:\/\/pulso27.com\/nacional\/cusco-huanuco-y-lambayeque-reportaron-sus-primeras-muertes-por-covid-19-en-el-ano\/#breadcrumb"},"inLanguage":"en-US","potentialAction":[{"@type":"ReadAction","target":["https:\/\/pulso27.com\/nacional\/cusco-huanuco-y-lambayeque-reportaron-sus-primeras-muertes-por-covid-19-en-el-ano\/"]}]},{"@type":"ImageObject","inLanguage":"en-US","@id":"https:\/\/pulso27.com\/nacional\/cusco-huanuco-y-lambayeque-reportaron-sus-primeras-muertes-por-covid-19-en-el-ano\/#primaryimage","url":"https:\/\/pulso27.com\/wp-content\/uploads\/2024\/01\/covid-19-2014.png","contentUrl":"https:\/\/pulso27.com\/wp-content\/uploads\/2024\/01\/covid-19-2014.png","width":331,"height":217},{"@type":"BreadcrumbList","@id":"https:\/\/pulso27.com\/nacional\/cusco-huanuco-y-lambayeque-reportaron-sus-primeras-muertes-por-covid-19-en-el-ano\/#breadcrumb","itemListElement":[{"@type":"ListItem","position":1,"name":"Portada","item":"https:\/\/pulso27.com\/"},{"@type":"ListItem","position":2,"name":"Cusco, Hu\u00e1nuco y Lambayeque reportaron sus primeras muertes por COVID-19 en el a\u00f1o"}]},{"@type":"WebSite","@id":"https:\/\/pulso27.com\/en\/#website","url":"https:\/\/pulso27.com\/en\/","name":"Pulso27","description":"Web de noticias y publicidad","publisher":{"@id":"https:\/\/pulso27.com\/en\/#organization"},"alternateName":"El pulso del pueblo","potentialAction":[{"@type":"SearchAction","target":{"@type":"EntryPoint","urlTemplate":"https:\/\/pulso27.com\/en\/?s={search_term_string}"},"query-input":{"@type":"PropertyValueSpecification","valueRequired":true,"valueName":"search_term_string"}}],"inLanguage":"en-US"},{"@type":"Organization","@id":"https:\/\/pulso27.com\/en\/#organization","name":"Pulso27","url":"https:\/\/pulso27.com\/en\/","logo":{"@type":"ImageObject","inLanguage":"en-US","@id":"https:\/\/pulso27.com\/en\/#\/schema\/logo\/image\/","url":"https:\/\/pulso27.com\/wp-content\/uploads\/2026\/02\/Logotipo-de-la-organizacion-696-x-696-px-ok.png","contentUrl":"https:\/\/pulso27.com\/wp-content\/uploads\/2026\/02\/Logotipo-de-la-organizacion-696-x-696-px-ok.png","width":696,"height":696,"caption":"Pulso27"},"image":{"@id":"https:\/\/pulso27.com\/en\/#\/schema\/logo\/image\/"},"sameAs":["https:\/\/www.facebook.com\/pulso27\/","https:\/\/x.com\/Pulso_27","https:\/\/www.youtube.com\/@Pulso27","https:\/\/www.tiktok.com\/@pulso_27"]},{"@type":"Person","@id":"https:\/\/pulso27.com\/en\/#\/schema\/person\/a0930a7f318e7d9d83bd7cffed9f34f6","name":"El Muki","image":{"@type":"ImageObject","inLanguage":"en-US","@id":"https:\/\/secure.gravatar.com\/avatar\/dc91c2607c5eebda74cbb40d13031f489096c96ead89c4c30c17db262267b2b3?s=96&d=mm&r=g","url":"https:\/\/secure.gravatar.com\/avatar\/dc91c2607c5eebda74cbb40d13031f489096c96ead89c4c30c17db262267b2b3?s=96&d=mm&r=g","contentUrl":"https:\/\/secure.gravatar.com\/avatar\/dc91c2607c5eebda74cbb40d13031f489096c96ead89c4c30c17db262267b2b3?s=96&d=mm&r=g","caption":"El Muki"},"sameAs":["http:\/\/www.pulso27.com"],"url":"https:\/\/pulso27.com\/en\/author\/elcuervo\/"}]}},"amp_enabled":true,"_links":{"self":[{"href":"https:\/\/pulso27.com\/en\/wp-json\/wp\/v2\/posts\/1188","targetHints":{"allow":["GET"]}}],"collection":[{"href":"https:\/\/pulso27.com\/en\/wp-json\/wp\/v2\/posts"}],"about":[{"href":"https:\/\/pulso27.com\/en\/wp-json\/wp\/v2\/types\/post"}],"author":[{"embeddable":true,"href":"https:\/\/pulso27.com\/en\/wp-json\/wp\/v2\/users\/10"}],"replies":[{"embeddable":true,"href":"https:\/\/pulso27.com\/en\/wp-json\/wp\/v2\/comments?post=1188"}],"version-history":[{"count":2,"href":"https:\/\/pulso27.com\/en\/wp-json\/wp\/v2\/posts\/1188\/revisions"}],"predecessor-version":[{"id":1191,"href":"https:\/\/pulso27.com\/en\/wp-json\/wp\/v2\/posts\/1188\/revisions\/1191"}],"wp:featuredmedia":[{"embeddable":true,"href":"https:\/\/pulso27.com\/en\/wp-json\/wp\/v2\/media\/1192"}],"wp:attachment":[{"href":"https:\/\/pulso27.com\/en\/wp-json\/wp\/v2\/media?parent=1188"}],"wp:term":[{"taxonomy":"category","embeddable":true,"href":"https:\/\/pulso27.com\/en\/wp-json\/wp\/v2\/categories?post=1188"},{"taxonomy":"post_tag","embeddable":true,"href":"https:\/\/pulso27.com\/en\/wp-json\/wp\/v2\/tags?post=1188"}],"curies":[{"name":"wp","href":"https:\/\/api.w.org\/{rel}","templated":true}]}}