{"id":1194,"date":"2024-01-15T19:32:12","date_gmt":"2024-01-15T14:32:12","guid":{"rendered":"https:\/\/pulso27.com\/?p=1194"},"modified":"2024-01-15T21:37:08","modified_gmt":"2024-01-15T16:37:08","slug":"enfen-actualiza-proyecciones-sobre-el-nino-magnitud-seria-mas-debil-que-moderada-en-enero-de-2024","status":"publish","type":"post","link":"https:\/\/pulso27.com\/en\/nacional\/enfen-actualiza-proyecciones-sobre-el-nino-magnitud-seria-mas-debil-que-moderada-en-enero-de-2024\/","title":{"rendered":"ENFEN actualiza proyecciones sobre El Ni\u00f1o: magnitud ser\u00eda m\u00e1s d\u00e9bil que moderada en enero de 2024"},"content":{"rendered":"<p>En el segmento Observatorio del Clima de RPP, el experto en fen\u00f3menos naturales Patricio Valderrama analiz\u00f3 el nuevo reporte de la Comisi\u00f3n Multisectorial encargada del Estudio Nacional del Fen\u00f3meno El Ni\u00f1o (Enfen)<\/p>\n\n\n\n<p>El ge\u00f3logo Patricio Valderrama, expresidente del Servicio Nacional de Meteorolog\u00eda e Hidrolog\u00eda del Per\u00fa (Senamhi), indic\u00f3 que las nuevas proyecciones de la Comisi\u00f3n Multisectorial del Estudio Nacional del Fen\u00f3meno El Ni\u00f1o (Enfen) sobre el Fen\u00f3meno El Ni\u00f1o costero se\u00f1alan que la magnitud ser\u00e1 m\u00e1s d\u00e9bil que moderada en enero de 2024.<\/p>\n\n\n\n<figure class=\"wp-block-image size-large\"><img loading=\"lazy\" decoding=\"async\" width=\"1024\" height=\"411\" src=\"https:\/\/pulso27.com\/wp-content\/uploads\/2024\/01\/image-11-1024x411.png\" alt=\"\" class=\"wp-image-1195\" srcset=\"https:\/\/pulso27.com\/wp-content\/uploads\/2024\/01\/image-11-1024x411.png 1024w, https:\/\/pulso27.com\/wp-content\/uploads\/2024\/01\/image-11-300x120.png 300w, https:\/\/pulso27.com\/wp-content\/uploads\/2024\/01\/image-11-768x308.png 768w, https:\/\/pulso27.com\/wp-content\/uploads\/2024\/01\/image-11-1536x616.png 1536w, https:\/\/pulso27.com\/wp-content\/uploads\/2024\/01\/image-11.png 1855w\" sizes=\"auto, (max-width: 1024px) 100vw, 1024px\" \/><\/figure>\n\n\n\n<p>En el segmento Observatorio del Clima de RPP, el experto en fen\u00f3menos naturales Patricio Valderrama se\u00f1al\u00f3 que el escenario actual del Fen\u00f3meno El Ni\u00f1o costero es que ser\u00e1 m\u00e1s d\u00e9bil. Sin embargo, se seguir\u00e1n registrando lluvias de ligera a moderada intensidad en la costa peruana.<\/p>\n\n\n\n<blockquote class=\"wp-block-quote is-layout-flow wp-block-quote-is-layout-flow\">\n<p>\u201cLa posibilidad de tener un Ni\u00f1o Costero de magnitud moderada es de 45% ahora. La anterior medici\u00f3n era de 37%. De la misma manera, Enfen indic\u00f3 que la probabilidad de tener el Ni\u00f1o Costero d\u00e9bil en las costas peruanas es de 49%. La medici\u00f3n anterior era 33%. Entonces ahora nos centramos b\u00e1sicamente en un escenario de un Ni\u00f1o m\u00e1s d\u00e9bil que moderado, lo cual son buenas noticias respecto a la posibilidad de tener lluvias fuertes\u201d, apunt\u00f3 el especialista.<\/p>\n<\/blockquote>\n\n\n\n<p>Patricio Valderrama sostuvo que hay muchos factores que influyen para que la intensidad del Fen\u00f3meno El Ni\u00f1o vaya bajando, como la temperatura del mar, la potencia de los vientos, la salinidad del agua, la presencia de biomasa, cuantos peces de agua fr\u00eda hay en nuestra costa, entre otros.<\/p>\n\n\n\n<p>\u201cDe hecho la posibilidad de tener un Ni\u00f1o Costero fuerte ahora baj\u00f3 de un 12% a solo 3%. Entonces b\u00e1sicamente estamos en un escenario de un Ni\u00f1o Costero d\u00e9bil moderado para el mes de enero del 2024\u201d, agreg\u00f3.<\/p>\n\n\n\n<p>El experto indic\u00f3 que esta tendencia seguir\u00e1 a la baja. \u201cLa tendencia de que la probabilidad de El Ni\u00f1o suba hacia d\u00e9bil y a partir del mes de febrero\/ marzo vamos a llegar a un escenario neutral nuevamente. Entonces ya estamos presenciando el final del Ni\u00f1o en estos meses de verano\u201d, puntualiz\u00f3.<\/p>\n\n\n\n<p>Fuente: RPP.<\/p>","protected":false},"excerpt":{"rendered":"<p>En el segmento Observatorio del Clima de RPP, el experto en fen\u00f3menos naturales Patricio Valderrama analiz\u00f3 el nuevo reporte de la Comisi\u00f3n Multisectorial encargada del Estudio Nacional del Fen\u00f3meno El Ni\u00f1o (Enfen)<\/p>","protected":false},"author":10,"featured_media":1196,"comment_status":"open","ping_status":"open","sticky":false,"template":"","format":"standard","meta":{"footnotes":""},"categories":[183,174],"tags":[567,568],"class_list":["post-1194","post","type-post","status-publish","format-standard","has-post-thumbnail","hentry","category-actualidad","category-nacional","tag-fen","tag-fenomeno-del-nino"],"yoast_head":"<!-- This site is optimized with the Yoast SEO plugin v27.4 - https:\/\/yoast.com\/product\/yoast-seo-wordpress\/ -->\n<title>ENFEN actualiza proyecciones sobre El Ni\u00f1o: magnitud ser\u00eda m\u00e1s d\u00e9bil que moderada en enero de 2024 - Pulso27<\/title>\n<meta name=\"robots\" content=\"index, follow, max-snippet:-1, max-image-preview:large, max-video-preview:-1\" \/>\n<link rel=\"canonical\" href=\"https:\/\/pulso27.com\/en\/nacional\/enfen-actualiza-proyecciones-sobre-el-nino-magnitud-seria-mas-debil-que-moderada-en-enero-de-2024\/\" \/>\n<meta property=\"og:locale\" content=\"en_US\" \/>\n<meta property=\"og:type\" content=\"article\" \/>\n<meta property=\"og:title\" content=\"ENFEN actualiza proyecciones sobre El Ni\u00f1o: magnitud ser\u00eda m\u00e1s d\u00e9bil que moderada en enero de 2024 - Pulso27\" \/>\n<meta property=\"og:description\" content=\"En el segmento Observatorio del Clima de RPP, el experto en fen\u00f3menos naturales Patricio Valderrama analiz\u00f3 el nuevo reporte de la Comisi\u00f3n Multisectorial encargada del Estudio Nacional del Fen\u00f3meno El Ni\u00f1o (Enfen)\" \/>\n<meta property=\"og:url\" content=\"https:\/\/pulso27.com\/en\/nacional\/enfen-actualiza-proyecciones-sobre-el-nino-magnitud-seria-mas-debil-que-moderada-en-enero-de-2024\/\" \/>\n<meta property=\"og:site_name\" content=\"Pulso27\" \/>\n<meta property=\"article:publisher\" content=\"https:\/\/www.facebook.com\/pulso27\/\" \/>\n<meta property=\"article:published_time\" content=\"2024-01-15T14:32:12+00:00\" \/>\n<meta property=\"article:modified_time\" content=\"2024-01-15T16:37:08+00:00\" \/>\n<meta property=\"og:image\" content=\"https:\/\/pulso27.com\/wp-content\/uploads\/2024\/01\/fen-enero-2024.png\" \/>\n\t<meta property=\"og:image:width\" content=\"445\" \/>\n\t<meta property=\"og:image:height\" content=\"254\" \/>\n\t<meta property=\"og:image:type\" content=\"image\/png\" \/>\n<meta name=\"author\" content=\"El Muki\" \/>\n<meta name=\"twitter:card\" content=\"summary_large_image\" \/>\n<meta name=\"twitter:creator\" content=\"@Pulso_27\" \/>\n<meta name=\"twitter:site\" content=\"@Pulso_27\" \/>\n<meta name=\"twitter:label1\" content=\"Written by\" \/>\n\t<meta name=\"twitter:data1\" content=\"El Muki\" \/>\n\t<meta name=\"twitter:label2\" content=\"Est. reading time\" \/>\n\t<meta name=\"twitter:data2\" content=\"2 minutes\" \/>\n<script type=\"application\/ld+json\" class=\"yoast-schema-graph\">{\"@context\":\"https:\\\/\\\/schema.org\",\"@graph\":[{\"@type\":\"Article\",\"@id\":\"https:\\\/\\\/pulso27.com\\\/nacional\\\/enfen-actualiza-proyecciones-sobre-el-nino-magnitud-seria-mas-debil-que-moderada-en-enero-de-2024\\\/#article\",\"isPartOf\":{\"@id\":\"https:\\\/\\\/pulso27.com\\\/nacional\\\/enfen-actualiza-proyecciones-sobre-el-nino-magnitud-seria-mas-debil-que-moderada-en-enero-de-2024\\\/\"},\"author\":{\"name\":\"El Muki\",\"@id\":\"https:\\\/\\\/pulso27.com\\\/en\\\/#\\\/schema\\\/person\\\/a0930a7f318e7d9d83bd7cffed9f34f6\"},\"headline\":\"ENFEN actualiza proyecciones sobre El Ni\u00f1o: magnitud ser\u00eda m\u00e1s d\u00e9bil que moderada en enero de 2024\",\"datePublished\":\"2024-01-15T14:32:12+00:00\",\"dateModified\":\"2024-01-15T16:37:08+00:00\",\"mainEntityOfPage\":{\"@id\":\"https:\\\/\\\/pulso27.com\\\/nacional\\\/enfen-actualiza-proyecciones-sobre-el-nino-magnitud-seria-mas-debil-que-moderada-en-enero-de-2024\\\/\"},\"wordCount\":398,\"commentCount\":0,\"publisher\":{\"@id\":\"https:\\\/\\\/pulso27.com\\\/en\\\/#organization\"},\"image\":{\"@id\":\"https:\\\/\\\/pulso27.com\\\/nacional\\\/enfen-actualiza-proyecciones-sobre-el-nino-magnitud-seria-mas-debil-que-moderada-en-enero-de-2024\\\/#primaryimage\"},\"thumbnailUrl\":\"https:\\\/\\\/pulso27.com\\\/wp-content\\\/uploads\\\/2024\\\/01\\\/fen-enero-2024.png\",\"keywords\":[\"FEN\",\"Fenomeno del ni\u00f1o\"],\"articleSection\":[\"Actualidad\",\"Nacional\"],\"inLanguage\":\"en-US\",\"potentialAction\":[{\"@type\":\"CommentAction\",\"name\":\"Comment\",\"target\":[\"https:\\\/\\\/pulso27.com\\\/nacional\\\/enfen-actualiza-proyecciones-sobre-el-nino-magnitud-seria-mas-debil-que-moderada-en-enero-de-2024\\\/#respond\"]}]},{\"@type\":\"WebPage\",\"@id\":\"https:\\\/\\\/pulso27.com\\\/nacional\\\/enfen-actualiza-proyecciones-sobre-el-nino-magnitud-seria-mas-debil-que-moderada-en-enero-de-2024\\\/\",\"url\":\"https:\\\/\\\/pulso27.com\\\/nacional\\\/enfen-actualiza-proyecciones-sobre-el-nino-magnitud-seria-mas-debil-que-moderada-en-enero-de-2024\\\/\",\"name\":\"ENFEN actualiza proyecciones sobre El Ni\u00f1o: magnitud ser\u00eda m\u00e1s d\u00e9bil que moderada en enero de 2024 - Pulso27\",\"isPartOf\":{\"@id\":\"https:\\\/\\\/pulso27.com\\\/en\\\/#website\"},\"primaryImageOfPage\":{\"@id\":\"https:\\\/\\\/pulso27.com\\\/nacional\\\/enfen-actualiza-proyecciones-sobre-el-nino-magnitud-seria-mas-debil-que-moderada-en-enero-de-2024\\\/#primaryimage\"},\"image\":{\"@id\":\"https:\\\/\\\/pulso27.com\\\/nacional\\\/enfen-actualiza-proyecciones-sobre-el-nino-magnitud-seria-mas-debil-que-moderada-en-enero-de-2024\\\/#primaryimage\"},\"thumbnailUrl\":\"https:\\\/\\\/pulso27.com\\\/wp-content\\\/uploads\\\/2024\\\/01\\\/fen-enero-2024.png\",\"datePublished\":\"2024-01-15T14:32:12+00:00\",\"dateModified\":\"2024-01-15T16:37:08+00:00\",\"breadcrumb\":{\"@id\":\"https:\\\/\\\/pulso27.com\\\/nacional\\\/enfen-actualiza-proyecciones-sobre-el-nino-magnitud-seria-mas-debil-que-moderada-en-enero-de-2024\\\/#breadcrumb\"},\"inLanguage\":\"en-US\",\"potentialAction\":[{\"@type\":\"ReadAction\",\"target\":[\"https:\\\/\\\/pulso27.com\\\/nacional\\\/enfen-actualiza-proyecciones-sobre-el-nino-magnitud-seria-mas-debil-que-moderada-en-enero-de-2024\\\/\"]}]},{\"@type\":\"ImageObject\",\"inLanguage\":\"en-US\",\"@id\":\"https:\\\/\\\/pulso27.com\\\/nacional\\\/enfen-actualiza-proyecciones-sobre-el-nino-magnitud-seria-mas-debil-que-moderada-en-enero-de-2024\\\/#primaryimage\",\"url\":\"https:\\\/\\\/pulso27.com\\\/wp-content\\\/uploads\\\/2024\\\/01\\\/fen-enero-2024.png\",\"contentUrl\":\"https:\\\/\\\/pulso27.com\\\/wp-content\\\/uploads\\\/2024\\\/01\\\/fen-enero-2024.png\",\"width\":445,\"height\":254},{\"@type\":\"BreadcrumbList\",\"@id\":\"https:\\\/\\\/pulso27.com\\\/nacional\\\/enfen-actualiza-proyecciones-sobre-el-nino-magnitud-seria-mas-debil-que-moderada-en-enero-de-2024\\\/#breadcrumb\",\"itemListElement\":[{\"@type\":\"ListItem\",\"position\":1,\"name\":\"Portada\",\"item\":\"https:\\\/\\\/pulso27.com\\\/\"},{\"@type\":\"ListItem\",\"position\":2,\"name\":\"ENFEN actualiza proyecciones sobre El Ni\u00f1o: magnitud ser\u00eda m\u00e1s d\u00e9bil que moderada en enero de 2024\"}]},{\"@type\":\"WebSite\",\"@id\":\"https:\\\/\\\/pulso27.com\\\/en\\\/#website\",\"url\":\"https:\\\/\\\/pulso27.com\\\/en\\\/\",\"name\":\"Pulso27\",\"description\":\"Web de noticias y publicidad\",\"publisher\":{\"@id\":\"https:\\\/\\\/pulso27.com\\\/en\\\/#organization\"},\"alternateName\":\"El pulso del pueblo\",\"potentialAction\":[{\"@type\":\"SearchAction\",\"target\":{\"@type\":\"EntryPoint\",\"urlTemplate\":\"https:\\\/\\\/pulso27.com\\\/en\\\/?s={search_term_string}\"},\"query-input\":{\"@type\":\"PropertyValueSpecification\",\"valueRequired\":true,\"valueName\":\"search_term_string\"}}],\"inLanguage\":\"en-US\"},{\"@type\":\"Organization\",\"@id\":\"https:\\\/\\\/pulso27.com\\\/en\\\/#organization\",\"name\":\"Pulso27\",\"url\":\"https:\\\/\\\/pulso27.com\\\/en\\\/\",\"logo\":{\"@type\":\"ImageObject\",\"inLanguage\":\"en-US\",\"@id\":\"https:\\\/\\\/pulso27.com\\\/en\\\/#\\\/schema\\\/logo\\\/image\\\/\",\"url\":\"https:\\\/\\\/pulso27.com\\\/wp-content\\\/uploads\\\/2026\\\/02\\\/Logotipo-de-la-organizacion-696-x-696-px-ok.png\",\"contentUrl\":\"https:\\\/\\\/pulso27.com\\\/wp-content\\\/uploads\\\/2026\\\/02\\\/Logotipo-de-la-organizacion-696-x-696-px-ok.png\",\"width\":696,\"height\":696,\"caption\":\"Pulso27\"},\"image\":{\"@id\":\"https:\\\/\\\/pulso27.com\\\/en\\\/#\\\/schema\\\/logo\\\/image\\\/\"},\"sameAs\":[\"https:\\\/\\\/www.facebook.com\\\/pulso27\\\/\",\"https:\\\/\\\/x.com\\\/Pulso_27\",\"https:\\\/\\\/www.youtube.com\\\/@Pulso27\",\"https:\\\/\\\/www.tiktok.com\\\/@pulso_27\"]},{\"@type\":\"Person\",\"@id\":\"https:\\\/\\\/pulso27.com\\\/en\\\/#\\\/schema\\\/person\\\/a0930a7f318e7d9d83bd7cffed9f34f6\",\"name\":\"El Muki\",\"image\":{\"@type\":\"ImageObject\",\"inLanguage\":\"en-US\",\"@id\":\"https:\\\/\\\/secure.gravatar.com\\\/avatar\\\/dc91c2607c5eebda74cbb40d13031f489096c96ead89c4c30c17db262267b2b3?s=96&d=mm&r=g\",\"url\":\"https:\\\/\\\/secure.gravatar.com\\\/avatar\\\/dc91c2607c5eebda74cbb40d13031f489096c96ead89c4c30c17db262267b2b3?s=96&d=mm&r=g\",\"contentUrl\":\"https:\\\/\\\/secure.gravatar.com\\\/avatar\\\/dc91c2607c5eebda74cbb40d13031f489096c96ead89c4c30c17db262267b2b3?s=96&d=mm&r=g\",\"caption\":\"El Muki\"},\"sameAs\":[\"http:\\\/\\\/www.pulso27.com\"],\"url\":\"https:\\\/\\\/pulso27.com\\\/en\\\/author\\\/elcuervo\\\/\"}]}<\/script>\n<!-- \/ Yoast SEO plugin. -->","yoast_head_json":{"title":"ENFEN actualiza proyecciones sobre El Ni\u00f1o: magnitud ser\u00eda m\u00e1s d\u00e9bil que moderada en enero de 2024 - Pulso27","robots":{"index":"index","follow":"follow","max-snippet":"max-snippet:-1","max-image-preview":"max-image-preview:large","max-video-preview":"max-video-preview:-1"},"canonical":"https:\/\/pulso27.com\/en\/nacional\/enfen-actualiza-proyecciones-sobre-el-nino-magnitud-seria-mas-debil-que-moderada-en-enero-de-2024\/","og_locale":"en_US","og_type":"article","og_title":"ENFEN actualiza proyecciones sobre El Ni\u00f1o: magnitud ser\u00eda m\u00e1s d\u00e9bil que moderada en enero de 2024 - Pulso27","og_description":"En el segmento Observatorio del Clima de RPP, el experto en fen\u00f3menos naturales Patricio Valderrama analiz\u00f3 el nuevo reporte de la Comisi\u00f3n Multisectorial encargada del Estudio Nacional del Fen\u00f3meno El Ni\u00f1o (Enfen)","og_url":"https:\/\/pulso27.com\/en\/nacional\/enfen-actualiza-proyecciones-sobre-el-nino-magnitud-seria-mas-debil-que-moderada-en-enero-de-2024\/","og_site_name":"Pulso27","article_publisher":"https:\/\/www.facebook.com\/pulso27\/","article_published_time":"2024-01-15T14:32:12+00:00","article_modified_time":"2024-01-15T16:37:08+00:00","og_image":[{"width":445,"height":254,"url":"https:\/\/pulso27.com\/wp-content\/uploads\/2024\/01\/fen-enero-2024.png","type":"image\/png"}],"author":"El Muki","twitter_card":"summary_large_image","twitter_creator":"@Pulso_27","twitter_site":"@Pulso_27","twitter_misc":{"Written by":"El Muki","Est. reading time":"2 minutes"},"schema":{"@context":"https:\/\/schema.org","@graph":[{"@type":"Article","@id":"https:\/\/pulso27.com\/nacional\/enfen-actualiza-proyecciones-sobre-el-nino-magnitud-seria-mas-debil-que-moderada-en-enero-de-2024\/#article","isPartOf":{"@id":"https:\/\/pulso27.com\/nacional\/enfen-actualiza-proyecciones-sobre-el-nino-magnitud-seria-mas-debil-que-moderada-en-enero-de-2024\/"},"author":{"name":"El Muki","@id":"https:\/\/pulso27.com\/en\/#\/schema\/person\/a0930a7f318e7d9d83bd7cffed9f34f6"},"headline":"ENFEN actualiza proyecciones sobre El Ni\u00f1o: magnitud ser\u00eda m\u00e1s d\u00e9bil que moderada en enero de 2024","datePublished":"2024-01-15T14:32:12+00:00","dateModified":"2024-01-15T16:37:08+00:00","mainEntityOfPage":{"@id":"https:\/\/pulso27.com\/nacional\/enfen-actualiza-proyecciones-sobre-el-nino-magnitud-seria-mas-debil-que-moderada-en-enero-de-2024\/"},"wordCount":398,"commentCount":0,"publisher":{"@id":"https:\/\/pulso27.com\/en\/#organization"},"image":{"@id":"https:\/\/pulso27.com\/nacional\/enfen-actualiza-proyecciones-sobre-el-nino-magnitud-seria-mas-debil-que-moderada-en-enero-de-2024\/#primaryimage"},"thumbnailUrl":"https:\/\/pulso27.com\/wp-content\/uploads\/2024\/01\/fen-enero-2024.png","keywords":["FEN","Fenomeno del ni\u00f1o"],"articleSection":["Actualidad","Nacional"],"inLanguage":"en-US","potentialAction":[{"@type":"CommentAction","name":"Comment","target":["https:\/\/pulso27.com\/nacional\/enfen-actualiza-proyecciones-sobre-el-nino-magnitud-seria-mas-debil-que-moderada-en-enero-de-2024\/#respond"]}]},{"@type":"WebPage","@id":"https:\/\/pulso27.com\/nacional\/enfen-actualiza-proyecciones-sobre-el-nino-magnitud-seria-mas-debil-que-moderada-en-enero-de-2024\/","url":"https:\/\/pulso27.com\/nacional\/enfen-actualiza-proyecciones-sobre-el-nino-magnitud-seria-mas-debil-que-moderada-en-enero-de-2024\/","name":"ENFEN actualiza proyecciones sobre El Ni\u00f1o: magnitud ser\u00eda m\u00e1s d\u00e9bil que moderada en enero de 2024 - Pulso27","isPartOf":{"@id":"https:\/\/pulso27.com\/en\/#website"},"primaryImageOfPage":{"@id":"https:\/\/pulso27.com\/nacional\/enfen-actualiza-proyecciones-sobre-el-nino-magnitud-seria-mas-debil-que-moderada-en-enero-de-2024\/#primaryimage"},"image":{"@id":"https:\/\/pulso27.com\/nacional\/enfen-actualiza-proyecciones-sobre-el-nino-magnitud-seria-mas-debil-que-moderada-en-enero-de-2024\/#primaryimage"},"thumbnailUrl":"https:\/\/pulso27.com\/wp-content\/uploads\/2024\/01\/fen-enero-2024.png","datePublished":"2024-01-15T14:32:12+00:00","dateModified":"2024-01-15T16:37:08+00:00","breadcrumb":{"@id":"https:\/\/pulso27.com\/nacional\/enfen-actualiza-proyecciones-sobre-el-nino-magnitud-seria-mas-debil-que-moderada-en-enero-de-2024\/#breadcrumb"},"inLanguage":"en-US","potentialAction":[{"@type":"ReadAction","target":["https:\/\/pulso27.com\/nacional\/enfen-actualiza-proyecciones-sobre-el-nino-magnitud-seria-mas-debil-que-moderada-en-enero-de-2024\/"]}]},{"@type":"ImageObject","inLanguage":"en-US","@id":"https:\/\/pulso27.com\/nacional\/enfen-actualiza-proyecciones-sobre-el-nino-magnitud-seria-mas-debil-que-moderada-en-enero-de-2024\/#primaryimage","url":"https:\/\/pulso27.com\/wp-content\/uploads\/2024\/01\/fen-enero-2024.png","contentUrl":"https:\/\/pulso27.com\/wp-content\/uploads\/2024\/01\/fen-enero-2024.png","width":445,"height":254},{"@type":"BreadcrumbList","@id":"https:\/\/pulso27.com\/nacional\/enfen-actualiza-proyecciones-sobre-el-nino-magnitud-seria-mas-debil-que-moderada-en-enero-de-2024\/#breadcrumb","itemListElement":[{"@type":"ListItem","position":1,"name":"Portada","item":"https:\/\/pulso27.com\/"},{"@type":"ListItem","position":2,"name":"ENFEN actualiza proyecciones sobre El Ni\u00f1o: magnitud ser\u00eda m\u00e1s d\u00e9bil que moderada en enero de 2024"}]},{"@type":"WebSite","@id":"https:\/\/pulso27.com\/en\/#website","url":"https:\/\/pulso27.com\/en\/","name":"Pulso27","description":"Web de noticias y publicidad","publisher":{"@id":"https:\/\/pulso27.com\/en\/#organization"},"alternateName":"El pulso del pueblo","potentialAction":[{"@type":"SearchAction","target":{"@type":"EntryPoint","urlTemplate":"https:\/\/pulso27.com\/en\/?s={search_term_string}"},"query-input":{"@type":"PropertyValueSpecification","valueRequired":true,"valueName":"search_term_string"}}],"inLanguage":"en-US"},{"@type":"Organization","@id":"https:\/\/pulso27.com\/en\/#organization","name":"Pulso27","url":"https:\/\/pulso27.com\/en\/","logo":{"@type":"ImageObject","inLanguage":"en-US","@id":"https:\/\/pulso27.com\/en\/#\/schema\/logo\/image\/","url":"https:\/\/pulso27.com\/wp-content\/uploads\/2026\/02\/Logotipo-de-la-organizacion-696-x-696-px-ok.png","contentUrl":"https:\/\/pulso27.com\/wp-content\/uploads\/2026\/02\/Logotipo-de-la-organizacion-696-x-696-px-ok.png","width":696,"height":696,"caption":"Pulso27"},"image":{"@id":"https:\/\/pulso27.com\/en\/#\/schema\/logo\/image\/"},"sameAs":["https:\/\/www.facebook.com\/pulso27\/","https:\/\/x.com\/Pulso_27","https:\/\/www.youtube.com\/@Pulso27","https:\/\/www.tiktok.com\/@pulso_27"]},{"@type":"Person","@id":"https:\/\/pulso27.com\/en\/#\/schema\/person\/a0930a7f318e7d9d83bd7cffed9f34f6","name":"El Muki","image":{"@type":"ImageObject","inLanguage":"en-US","@id":"https:\/\/secure.gravatar.com\/avatar\/dc91c2607c5eebda74cbb40d13031f489096c96ead89c4c30c17db262267b2b3?s=96&d=mm&r=g","url":"https:\/\/secure.gravatar.com\/avatar\/dc91c2607c5eebda74cbb40d13031f489096c96ead89c4c30c17db262267b2b3?s=96&d=mm&r=g","contentUrl":"https:\/\/secure.gravatar.com\/avatar\/dc91c2607c5eebda74cbb40d13031f489096c96ead89c4c30c17db262267b2b3?s=96&d=mm&r=g","caption":"El Muki"},"sameAs":["http:\/\/www.pulso27.com"],"url":"https:\/\/pulso27.com\/en\/author\/elcuervo\/"}]}},"amp_enabled":true,"_links":{"self":[{"href":"https:\/\/pulso27.com\/en\/wp-json\/wp\/v2\/posts\/1194","targetHints":{"allow":["GET"]}}],"collection":[{"href":"https:\/\/pulso27.com\/en\/wp-json\/wp\/v2\/posts"}],"about":[{"href":"https:\/\/pulso27.com\/en\/wp-json\/wp\/v2\/types\/post"}],"author":[{"embeddable":true,"href":"https:\/\/pulso27.com\/en\/wp-json\/wp\/v2\/users\/10"}],"replies":[{"embeddable":true,"href":"https:\/\/pulso27.com\/en\/wp-json\/wp\/v2\/comments?post=1194"}],"version-history":[{"count":2,"href":"https:\/\/pulso27.com\/en\/wp-json\/wp\/v2\/posts\/1194\/revisions"}],"predecessor-version":[{"id":1198,"href":"https:\/\/pulso27.com\/en\/wp-json\/wp\/v2\/posts\/1194\/revisions\/1198"}],"wp:featuredmedia":[{"embeddable":true,"href":"https:\/\/pulso27.com\/en\/wp-json\/wp\/v2\/media\/1196"}],"wp:attachment":[{"href":"https:\/\/pulso27.com\/en\/wp-json\/wp\/v2\/media?parent=1194"}],"wp:term":[{"taxonomy":"category","embeddable":true,"href":"https:\/\/pulso27.com\/en\/wp-json\/wp\/v2\/categories?post=1194"},{"taxonomy":"post_tag","embeddable":true,"href":"https:\/\/pulso27.com\/en\/wp-json\/wp\/v2\/tags?post=1194"}],"curies":[{"name":"wp","href":"https:\/\/api.w.org\/{rel}","templated":true}]}}