{"id":1212,"date":"2024-01-24T09:02:16","date_gmt":"2024-01-24T04:02:16","guid":{"rendered":"https:\/\/pulso27.com\/es\/?p=1212"},"modified":"2024-01-24T09:03:17","modified_gmt":"2024-01-24T04:03:17","slug":"destituyen-altos-mandos-policiales-por-agresion-a-presidenta-del-peru","status":"publish","type":"post","link":"https:\/\/pulso27.com\/en\/actualidad\/politica\/destituyen-altos-mandos-policiales-por-agresion-a-presidenta-del-peru\/","title":{"rendered":"Destituyen altos mandos policiales por agresi\u00f3n a presidenta del Per\u00fa"},"content":{"rendered":"<p>La agresi\u00f3n que sufri\u00f3 la presidenta Dina Boluarte el s\u00e1bado, durante su visita a la regi\u00f3n de Ayacucho, ha tenido consecuencias inmediatas en el seno de las fuerzas del orden. Al d\u00eda siguiente, se reemplaz\u00f3 al jefe de la Direcci\u00f3n Nacional de Inteligencia (DINI), Roger Arista por Luis Garc\u00eda Barrionuevo, y este lunes se ha destituido al comandante general de la Polic\u00eda Nacional, el general Jorge Angulo por el teniente general V\u00edctor Zanabria. Adem\u00e1s, se ha cambiado en su totalidad a la escolta de la mandataria.<\/p>\n\n\n\n<p>El Ejecutivo es consciente de que el incidente es un rev\u00e9s incalculable en su intento por proyectar una imagen de popularidad que les ha sido esquiva desde que asumieron el poder en diciembre de 2022, tras el fallido golpe de Estado de Pedro Castillo. M\u00e1s all\u00e1 de la facilidad con la que se vulner\u00f3 la seguridad de la m\u00e1xima autoridad del pa\u00eds, por el jal\u00f3n de pelo que sufri\u00f3, el haberla encarado tienen un peso simb\u00f3lico por quienes lo consumaron. Se trata de la viuda de un manifestante asesinado y la madre de un adolescente ultimado que se encontraba en los alrededores de las protestas en contra de Boluarte hace un a\u00f1o. Dos v\u00edctimas de la represi\u00f3n policial y militar.<\/p>\n\n\n\n<p>En un inicio solo se hab\u00eda podido identificar a Ruth B\u00e1rcena Loayza, quien perdi\u00f3 a su esposo, Leonardo David Hancco Chacca, un transportista de 32 a\u00f1os al que una bala le perfor\u00f3 el t\u00f3rax. B\u00e1rcena encar\u00f3 a Boluarte, que tuvo la idea de repartir caramelos en su primera visita a una regi\u00f3n donde murieron diez personas en el marco de las movilizaciones. Sin embargo, hubo una segunda mujer que aprovech\u00f3 el tumulto para jalarle el cabello por detr\u00e1s. Se trata de Ilaria Aime Guti\u00e9rrez, de 38 a\u00f1os, que tambi\u00e9n perdi\u00f3 a su hijo de 15 a\u00f1os, Christopher Ramos Aime, herido mortalmente por la espalda.<\/p>\n\n\n\n<p>Ramos se ganaba la vida en el Cementerio General de Ayacucho, limpiando nichos y colocando arreglos florales. Hab\u00eda dejado el colegio para ayudar a su madre y a su hermana mayor, que se preparaba para postular a la universidad. Su vida se interrumpi\u00f3 a mediados de diciembre de 2022 cuando cruzaba una calle. La bala impact\u00f3 su om\u00f3plato derecho, provoc\u00e1ndole la muerte. \u201cNo hay justicia para los ayacuchanos. Encima le llaman pandillero a mi hijo. Dicen que somos terroristas. Los ayacuchanos somos personas humildes. \u00c9l no hizo nada. Ni siquiera estaba en enfrentamiento. Simplemente pido justicia\u201d, clam\u00f3 Ilaria hace un tiempo.<\/p>\n\n\n\n<figure class=\"wp-block-image size-large\"><img loading=\"lazy\" decoding=\"async\" width=\"1024\" height=\"683\" src=\"https:\/\/pulso27.com\/wp-content\/uploads\/2024\/01\/dina-1024x683.jpg\" alt=\"\" class=\"wp-image-1214\" srcset=\"https:\/\/pulso27.com\/wp-content\/uploads\/2024\/01\/dina-1024x683.jpg 1024w, https:\/\/pulso27.com\/wp-content\/uploads\/2024\/01\/dina-300x200.jpg 300w, https:\/\/pulso27.com\/wp-content\/uploads\/2024\/01\/dina-768x512.jpg 768w, https:\/\/pulso27.com\/wp-content\/uploads\/2024\/01\/dina-1536x1024.jpg 1536w, https:\/\/pulso27.com\/wp-content\/uploads\/2024\/01\/dina.jpg 1800w\" sizes=\"auto, (max-width: 1024px) 100vw, 1024px\" \/><\/figure>\n\n\n\n<p>La agresi\u00f3n a la mandataria Dina Boluarte ha despertado un debate moral en la opini\u00f3n p\u00fablica. Est\u00e1n quienes intentan deslegitimar el dolor de Ruth B\u00e1rcena por un TikTok; otros se limitan a salir en defensa de la presidenta, arguyendo que la violencia no se combate con violencia; y en la otra orilla se ubican aquellos que sostienen que Boluarte vive en una realidad alterna, que no puede ser posible que reparta sonrisas y caramelos en medio de los deudos y que as\u00ed como se rechaza la violencia, tambi\u00e9n debe rechazarse la impunidad.<\/p>\n\n\n\n<p>Seg\u00fan el jefe del Consejo de Ministros, Alberto Ot\u00e1rola, la agresi\u00f3n del \u00faltimo fin de semana es un hecho aislado y asegur\u00f3 que la mandataria continuar\u00e1 visitando la sierra sur del pa\u00eds, donde est\u00e1n sus opositores m\u00e1s f\u00e9rreos. \u201cLa audiencia no ha sido adversa. La recibieron de la mejor manera, como siempre la reciben adonde va. Hemos visto la protesta de 10 o 15 personas que lanzaron frases agresivas. Ella va a seguir viajando por todo el pa\u00eds. Va a ir al sur y va a regresar a Ayacucho. Que no quede ninguna duda, porque es la presidenta Constitucional de la Rep\u00fablica y porque est\u00e1 haciendo la entrega de obras que beneficiar\u00e1n a los m\u00e1s desfavorecidos del pa\u00eds\u201d, dijo.<\/p>\n\n\n\n<p>En cuanto al nuevo comandante de la Polic\u00eda, V\u00edctor Zanabria, ya se han conocido los primeros cuestionamientos. Fue incluido en la investigaci\u00f3n fiscal por la irrupci\u00f3n de las fuerzas del orden con tanquetas, bombas lacrim\u00f3genas y un helic\u00f3ptero a la Universidad Nacional Mayor de San Marcos en enero de 2023. El general \u00d3scar Arriola, titular de la Direcci\u00f3n Nacional de Investigaci\u00f3n Criminal (Dirincri), fue designado como jefe del Estado Mayor de la instituci\u00f3n policial. Varias cabezas han rodado y las aguas est\u00e1n caldeadas tras el jaloneo. Cualquier acuerdo nacional asoma lejano.<\/p>\n\n\n\n<p>Fuente: El Pa\u00eds<\/p>","protected":false},"excerpt":{"rendered":"<p>La agresi\u00f3n que sufri\u00f3 la presidenta Dina Boluarte el s\u00e1bado, durante su visita a la regi\u00f3n de Ayacucho, ha tenido consecuencias inmediatas en el seno de las fuerzas del orden. Al d\u00eda siguiente, se reemplaz\u00f3 al jefe de la Direcci\u00f3n Nacional de Inteligencia (DINI), Roger Arista por Luis Garc\u00eda Barrionuevo, y este lunes se ha [&hellip;]<\/p>\n","protected":false},"author":7,"featured_media":1213,"comment_status":"open","ping_status":"open","sticky":false,"template":"","format":"standard","meta":{"footnotes":""},"categories":[183,180],"tags":[572,309,305],"class_list":["post-1212","post","type-post","status-publish","format-standard","has-post-thumbnail","hentry","category-actualidad","category-politica","tag-dina-boluarte","tag-pnp","tag-politica-2"],"yoast_head":"<!-- This site is optimized with the Yoast SEO plugin v27.4 - https:\/\/yoast.com\/product\/yoast-seo-wordpress\/ -->\n<title>Destituyen altos mandos policiales por agresi\u00f3n a presidenta del Per\u00fa - Pulso27<\/title>\n<meta name=\"robots\" content=\"index, follow, max-snippet:-1, max-image-preview:large, max-video-preview:-1\" \/>\n<link rel=\"canonical\" href=\"https:\/\/pulso27.com\/en\/politica\/destituyen-altos-mandos-policiales-por-agresion-a-presidenta-del-peru\/\" \/>\n<meta property=\"og:locale\" content=\"en_US\" \/>\n<meta property=\"og:type\" content=\"article\" \/>\n<meta property=\"og:title\" content=\"Destituyen altos mandos policiales por agresi\u00f3n a presidenta del Per\u00fa - Pulso27\" \/>\n<meta property=\"og:description\" content=\"La agresi\u00f3n que sufri\u00f3 la presidenta Dina Boluarte el s\u00e1bado, durante su visita a la regi\u00f3n de Ayacucho, ha tenido consecuencias inmediatas en el seno de las fuerzas del orden. Al d\u00eda siguiente, se reemplaz\u00f3 al jefe de la Direcci\u00f3n Nacional de Inteligencia (DINI), Roger Arista por Luis Garc\u00eda Barrionuevo, y este lunes se ha [&hellip;]\" \/>\n<meta property=\"og:url\" content=\"https:\/\/pulso27.com\/en\/politica\/destituyen-altos-mandos-policiales-por-agresion-a-presidenta-del-peru\/\" \/>\n<meta property=\"og:site_name\" content=\"Pulso27\" \/>\n<meta property=\"article:publisher\" content=\"https:\/\/www.facebook.com\/pulso27\/\" \/>\n<meta property=\"article:published_time\" content=\"2024-01-24T04:02:16+00:00\" \/>\n<meta property=\"article:modified_time\" content=\"2024-01-24T04:03:17+00:00\" \/>\n<meta property=\"og:image\" content=\"https:\/\/pulso27.com\/wp-content\/uploads\/2024\/01\/Din.jpg\" \/>\n\t<meta property=\"og:image:width\" content=\"1800\" \/>\n\t<meta property=\"og:image:height\" content=\"1200\" \/>\n\t<meta property=\"og:image:type\" content=\"image\/jpeg\" \/>\n<meta name=\"author\" content=\"Tupaq\" \/>\n<meta name=\"twitter:card\" content=\"summary_large_image\" \/>\n<meta name=\"twitter:creator\" content=\"@Pulso_27\" \/>\n<meta name=\"twitter:site\" content=\"@Pulso_27\" \/>\n<meta name=\"twitter:label1\" content=\"Written by\" \/>\n\t<meta name=\"twitter:data1\" content=\"Tupaq\" \/>\n\t<meta name=\"twitter:label2\" content=\"Est. reading time\" \/>\n\t<meta name=\"twitter:data2\" content=\"4 minutes\" \/>\n<script type=\"application\/ld+json\" class=\"yoast-schema-graph\">{\"@context\":\"https:\\\/\\\/schema.org\",\"@graph\":[{\"@type\":\"Article\",\"@id\":\"https:\\\/\\\/pulso27.com\\\/politica\\\/destituyen-altos-mandos-policiales-por-agresion-a-presidenta-del-peru\\\/#article\",\"isPartOf\":{\"@id\":\"https:\\\/\\\/pulso27.com\\\/politica\\\/destituyen-altos-mandos-policiales-por-agresion-a-presidenta-del-peru\\\/\"},\"author\":{\"name\":\"Tupaq\",\"@id\":\"https:\\\/\\\/pulso27.com\\\/en\\\/#\\\/schema\\\/person\\\/d20fd7f5bc7f2e53fd150d43fca07a78\"},\"headline\":\"Destituyen altos mandos policiales por agresi\u00f3n a presidenta del Per\u00fa\",\"datePublished\":\"2024-01-24T04:02:16+00:00\",\"dateModified\":\"2024-01-24T04:03:17+00:00\",\"mainEntityOfPage\":{\"@id\":\"https:\\\/\\\/pulso27.com\\\/politica\\\/destituyen-altos-mandos-policiales-por-agresion-a-presidenta-del-peru\\\/\"},\"wordCount\":780,\"commentCount\":0,\"publisher\":{\"@id\":\"https:\\\/\\\/pulso27.com\\\/en\\\/#organization\"},\"image\":{\"@id\":\"https:\\\/\\\/pulso27.com\\\/politica\\\/destituyen-altos-mandos-policiales-por-agresion-a-presidenta-del-peru\\\/#primaryimage\"},\"thumbnailUrl\":\"https:\\\/\\\/pulso27.com\\\/wp-content\\\/uploads\\\/2024\\\/01\\\/Din.jpg\",\"keywords\":[\"Dina Boluarte\",\"PNP\",\"Pol\u00edtica\"],\"articleSection\":[\"Actualidad\",\"Pol\u00edtica\"],\"inLanguage\":\"en-US\",\"potentialAction\":[{\"@type\":\"CommentAction\",\"name\":\"Comment\",\"target\":[\"https:\\\/\\\/pulso27.com\\\/politica\\\/destituyen-altos-mandos-policiales-por-agresion-a-presidenta-del-peru\\\/#respond\"]}]},{\"@type\":\"WebPage\",\"@id\":\"https:\\\/\\\/pulso27.com\\\/politica\\\/destituyen-altos-mandos-policiales-por-agresion-a-presidenta-del-peru\\\/\",\"url\":\"https:\\\/\\\/pulso27.com\\\/politica\\\/destituyen-altos-mandos-policiales-por-agresion-a-presidenta-del-peru\\\/\",\"name\":\"Destituyen altos mandos policiales por agresi\u00f3n a presidenta del Per\u00fa - Pulso27\",\"isPartOf\":{\"@id\":\"https:\\\/\\\/pulso27.com\\\/en\\\/#website\"},\"primaryImageOfPage\":{\"@id\":\"https:\\\/\\\/pulso27.com\\\/politica\\\/destituyen-altos-mandos-policiales-por-agresion-a-presidenta-del-peru\\\/#primaryimage\"},\"image\":{\"@id\":\"https:\\\/\\\/pulso27.com\\\/politica\\\/destituyen-altos-mandos-policiales-por-agresion-a-presidenta-del-peru\\\/#primaryimage\"},\"thumbnailUrl\":\"https:\\\/\\\/pulso27.com\\\/wp-content\\\/uploads\\\/2024\\\/01\\\/Din.jpg\",\"datePublished\":\"2024-01-24T04:02:16+00:00\",\"dateModified\":\"2024-01-24T04:03:17+00:00\",\"breadcrumb\":{\"@id\":\"https:\\\/\\\/pulso27.com\\\/politica\\\/destituyen-altos-mandos-policiales-por-agresion-a-presidenta-del-peru\\\/#breadcrumb\"},\"inLanguage\":\"en-US\",\"potentialAction\":[{\"@type\":\"ReadAction\",\"target\":[\"https:\\\/\\\/pulso27.com\\\/politica\\\/destituyen-altos-mandos-policiales-por-agresion-a-presidenta-del-peru\\\/\"]}]},{\"@type\":\"ImageObject\",\"inLanguage\":\"en-US\",\"@id\":\"https:\\\/\\\/pulso27.com\\\/politica\\\/destituyen-altos-mandos-policiales-por-agresion-a-presidenta-del-peru\\\/#primaryimage\",\"url\":\"https:\\\/\\\/pulso27.com\\\/wp-content\\\/uploads\\\/2024\\\/01\\\/Din.jpg\",\"contentUrl\":\"https:\\\/\\\/pulso27.com\\\/wp-content\\\/uploads\\\/2024\\\/01\\\/Din.jpg\",\"width\":1800,\"height\":1200},{\"@type\":\"BreadcrumbList\",\"@id\":\"https:\\\/\\\/pulso27.com\\\/politica\\\/destituyen-altos-mandos-policiales-por-agresion-a-presidenta-del-peru\\\/#breadcrumb\",\"itemListElement\":[{\"@type\":\"ListItem\",\"position\":1,\"name\":\"Portada\",\"item\":\"https:\\\/\\\/pulso27.com\\\/\"},{\"@type\":\"ListItem\",\"position\":2,\"name\":\"Destituyen altos mandos policiales por agresi\u00f3n a presidenta del Per\u00fa\"}]},{\"@type\":\"WebSite\",\"@id\":\"https:\\\/\\\/pulso27.com\\\/en\\\/#website\",\"url\":\"https:\\\/\\\/pulso27.com\\\/en\\\/\",\"name\":\"Pulso27\",\"description\":\"Web de noticias y publicidad\",\"publisher\":{\"@id\":\"https:\\\/\\\/pulso27.com\\\/en\\\/#organization\"},\"alternateName\":\"El pulso del pueblo\",\"potentialAction\":[{\"@type\":\"SearchAction\",\"target\":{\"@type\":\"EntryPoint\",\"urlTemplate\":\"https:\\\/\\\/pulso27.com\\\/en\\\/?s={search_term_string}\"},\"query-input\":{\"@type\":\"PropertyValueSpecification\",\"valueRequired\":true,\"valueName\":\"search_term_string\"}}],\"inLanguage\":\"en-US\"},{\"@type\":\"Organization\",\"@id\":\"https:\\\/\\\/pulso27.com\\\/en\\\/#organization\",\"name\":\"Pulso27\",\"url\":\"https:\\\/\\\/pulso27.com\\\/en\\\/\",\"logo\":{\"@type\":\"ImageObject\",\"inLanguage\":\"en-US\",\"@id\":\"https:\\\/\\\/pulso27.com\\\/en\\\/#\\\/schema\\\/logo\\\/image\\\/\",\"url\":\"https:\\\/\\\/pulso27.com\\\/wp-content\\\/uploads\\\/2026\\\/02\\\/Logotipo-de-la-organizacion-696-x-696-px-ok.png\",\"contentUrl\":\"https:\\\/\\\/pulso27.com\\\/wp-content\\\/uploads\\\/2026\\\/02\\\/Logotipo-de-la-organizacion-696-x-696-px-ok.png\",\"width\":696,\"height\":696,\"caption\":\"Pulso27\"},\"image\":{\"@id\":\"https:\\\/\\\/pulso27.com\\\/en\\\/#\\\/schema\\\/logo\\\/image\\\/\"},\"sameAs\":[\"https:\\\/\\\/www.facebook.com\\\/pulso27\\\/\",\"https:\\\/\\\/x.com\\\/Pulso_27\",\"https:\\\/\\\/www.youtube.com\\\/@Pulso27\",\"https:\\\/\\\/www.tiktok.com\\\/@pulso_27\"]},{\"@type\":\"Person\",\"@id\":\"https:\\\/\\\/pulso27.com\\\/en\\\/#\\\/schema\\\/person\\\/d20fd7f5bc7f2e53fd150d43fca07a78\",\"name\":\"Tupaq\",\"image\":{\"@type\":\"ImageObject\",\"inLanguage\":\"en-US\",\"@id\":\"https:\\\/\\\/secure.gravatar.com\\\/avatar\\\/7929e9b034aeea560319a601e4f04c59eb5f45a79eafe192adabb67e9604e7e7?s=96&d=mm&r=g\",\"url\":\"https:\\\/\\\/secure.gravatar.com\\\/avatar\\\/7929e9b034aeea560319a601e4f04c59eb5f45a79eafe192adabb67e9604e7e7?s=96&d=mm&r=g\",\"contentUrl\":\"https:\\\/\\\/secure.gravatar.com\\\/avatar\\\/7929e9b034aeea560319a601e4f04c59eb5f45a79eafe192adabb67e9604e7e7?s=96&d=mm&r=g\",\"caption\":\"Tupaq\"},\"url\":\"https:\\\/\\\/pulso27.com\\\/en\\\/author\\\/tupaq\\\/\"}]}<\/script>\n<!-- \/ Yoast SEO plugin. -->","yoast_head_json":{"title":"Destituyen altos mandos policiales por agresi\u00f3n a presidenta del Per\u00fa - Pulso27","robots":{"index":"index","follow":"follow","max-snippet":"max-snippet:-1","max-image-preview":"max-image-preview:large","max-video-preview":"max-video-preview:-1"},"canonical":"https:\/\/pulso27.com\/en\/politica\/destituyen-altos-mandos-policiales-por-agresion-a-presidenta-del-peru\/","og_locale":"en_US","og_type":"article","og_title":"Destituyen altos mandos policiales por agresi\u00f3n a presidenta del Per\u00fa - Pulso27","og_description":"La agresi\u00f3n que sufri\u00f3 la presidenta Dina Boluarte el s\u00e1bado, durante su visita a la regi\u00f3n de Ayacucho, ha tenido consecuencias inmediatas en el seno de las fuerzas del orden. Al d\u00eda siguiente, se reemplaz\u00f3 al jefe de la Direcci\u00f3n Nacional de Inteligencia (DINI), Roger Arista por Luis Garc\u00eda Barrionuevo, y este lunes se ha [&hellip;]","og_url":"https:\/\/pulso27.com\/en\/politica\/destituyen-altos-mandos-policiales-por-agresion-a-presidenta-del-peru\/","og_site_name":"Pulso27","article_publisher":"https:\/\/www.facebook.com\/pulso27\/","article_published_time":"2024-01-24T04:02:16+00:00","article_modified_time":"2024-01-24T04:03:17+00:00","og_image":[{"width":1800,"height":1200,"url":"https:\/\/pulso27.com\/wp-content\/uploads\/2024\/01\/Din.jpg","type":"image\/jpeg"}],"author":"Tupaq","twitter_card":"summary_large_image","twitter_creator":"@Pulso_27","twitter_site":"@Pulso_27","twitter_misc":{"Written by":"Tupaq","Est. reading time":"4 minutes"},"schema":{"@context":"https:\/\/schema.org","@graph":[{"@type":"Article","@id":"https:\/\/pulso27.com\/politica\/destituyen-altos-mandos-policiales-por-agresion-a-presidenta-del-peru\/#article","isPartOf":{"@id":"https:\/\/pulso27.com\/politica\/destituyen-altos-mandos-policiales-por-agresion-a-presidenta-del-peru\/"},"author":{"name":"Tupaq","@id":"https:\/\/pulso27.com\/en\/#\/schema\/person\/d20fd7f5bc7f2e53fd150d43fca07a78"},"headline":"Destituyen altos mandos policiales por agresi\u00f3n a presidenta del Per\u00fa","datePublished":"2024-01-24T04:02:16+00:00","dateModified":"2024-01-24T04:03:17+00:00","mainEntityOfPage":{"@id":"https:\/\/pulso27.com\/politica\/destituyen-altos-mandos-policiales-por-agresion-a-presidenta-del-peru\/"},"wordCount":780,"commentCount":0,"publisher":{"@id":"https:\/\/pulso27.com\/en\/#organization"},"image":{"@id":"https:\/\/pulso27.com\/politica\/destituyen-altos-mandos-policiales-por-agresion-a-presidenta-del-peru\/#primaryimage"},"thumbnailUrl":"https:\/\/pulso27.com\/wp-content\/uploads\/2024\/01\/Din.jpg","keywords":["Dina Boluarte","PNP","Pol\u00edtica"],"articleSection":["Actualidad","Pol\u00edtica"],"inLanguage":"en-US","potentialAction":[{"@type":"CommentAction","name":"Comment","target":["https:\/\/pulso27.com\/politica\/destituyen-altos-mandos-policiales-por-agresion-a-presidenta-del-peru\/#respond"]}]},{"@type":"WebPage","@id":"https:\/\/pulso27.com\/politica\/destituyen-altos-mandos-policiales-por-agresion-a-presidenta-del-peru\/","url":"https:\/\/pulso27.com\/politica\/destituyen-altos-mandos-policiales-por-agresion-a-presidenta-del-peru\/","name":"Destituyen altos mandos policiales por agresi\u00f3n a presidenta del Per\u00fa - Pulso27","isPartOf":{"@id":"https:\/\/pulso27.com\/en\/#website"},"primaryImageOfPage":{"@id":"https:\/\/pulso27.com\/politica\/destituyen-altos-mandos-policiales-por-agresion-a-presidenta-del-peru\/#primaryimage"},"image":{"@id":"https:\/\/pulso27.com\/politica\/destituyen-altos-mandos-policiales-por-agresion-a-presidenta-del-peru\/#primaryimage"},"thumbnailUrl":"https:\/\/pulso27.com\/wp-content\/uploads\/2024\/01\/Din.jpg","datePublished":"2024-01-24T04:02:16+00:00","dateModified":"2024-01-24T04:03:17+00:00","breadcrumb":{"@id":"https:\/\/pulso27.com\/politica\/destituyen-altos-mandos-policiales-por-agresion-a-presidenta-del-peru\/#breadcrumb"},"inLanguage":"en-US","potentialAction":[{"@type":"ReadAction","target":["https:\/\/pulso27.com\/politica\/destituyen-altos-mandos-policiales-por-agresion-a-presidenta-del-peru\/"]}]},{"@type":"ImageObject","inLanguage":"en-US","@id":"https:\/\/pulso27.com\/politica\/destituyen-altos-mandos-policiales-por-agresion-a-presidenta-del-peru\/#primaryimage","url":"https:\/\/pulso27.com\/wp-content\/uploads\/2024\/01\/Din.jpg","contentUrl":"https:\/\/pulso27.com\/wp-content\/uploads\/2024\/01\/Din.jpg","width":1800,"height":1200},{"@type":"BreadcrumbList","@id":"https:\/\/pulso27.com\/politica\/destituyen-altos-mandos-policiales-por-agresion-a-presidenta-del-peru\/#breadcrumb","itemListElement":[{"@type":"ListItem","position":1,"name":"Portada","item":"https:\/\/pulso27.com\/"},{"@type":"ListItem","position":2,"name":"Destituyen altos mandos policiales por agresi\u00f3n a presidenta del Per\u00fa"}]},{"@type":"WebSite","@id":"https:\/\/pulso27.com\/en\/#website","url":"https:\/\/pulso27.com\/en\/","name":"Pulso27","description":"Web de noticias y publicidad","publisher":{"@id":"https:\/\/pulso27.com\/en\/#organization"},"alternateName":"El pulso del pueblo","potentialAction":[{"@type":"SearchAction","target":{"@type":"EntryPoint","urlTemplate":"https:\/\/pulso27.com\/en\/?s={search_term_string}"},"query-input":{"@type":"PropertyValueSpecification","valueRequired":true,"valueName":"search_term_string"}}],"inLanguage":"en-US"},{"@type":"Organization","@id":"https:\/\/pulso27.com\/en\/#organization","name":"Pulso27","url":"https:\/\/pulso27.com\/en\/","logo":{"@type":"ImageObject","inLanguage":"en-US","@id":"https:\/\/pulso27.com\/en\/#\/schema\/logo\/image\/","url":"https:\/\/pulso27.com\/wp-content\/uploads\/2026\/02\/Logotipo-de-la-organizacion-696-x-696-px-ok.png","contentUrl":"https:\/\/pulso27.com\/wp-content\/uploads\/2026\/02\/Logotipo-de-la-organizacion-696-x-696-px-ok.png","width":696,"height":696,"caption":"Pulso27"},"image":{"@id":"https:\/\/pulso27.com\/en\/#\/schema\/logo\/image\/"},"sameAs":["https:\/\/www.facebook.com\/pulso27\/","https:\/\/x.com\/Pulso_27","https:\/\/www.youtube.com\/@Pulso27","https:\/\/www.tiktok.com\/@pulso_27"]},{"@type":"Person","@id":"https:\/\/pulso27.com\/en\/#\/schema\/person\/d20fd7f5bc7f2e53fd150d43fca07a78","name":"Tupaq","image":{"@type":"ImageObject","inLanguage":"en-US","@id":"https:\/\/secure.gravatar.com\/avatar\/7929e9b034aeea560319a601e4f04c59eb5f45a79eafe192adabb67e9604e7e7?s=96&d=mm&r=g","url":"https:\/\/secure.gravatar.com\/avatar\/7929e9b034aeea560319a601e4f04c59eb5f45a79eafe192adabb67e9604e7e7?s=96&d=mm&r=g","contentUrl":"https:\/\/secure.gravatar.com\/avatar\/7929e9b034aeea560319a601e4f04c59eb5f45a79eafe192adabb67e9604e7e7?s=96&d=mm&r=g","caption":"Tupaq"},"url":"https:\/\/pulso27.com\/en\/author\/tupaq\/"}]}},"amp_enabled":true,"_links":{"self":[{"href":"https:\/\/pulso27.com\/en\/wp-json\/wp\/v2\/posts\/1212","targetHints":{"allow":["GET"]}}],"collection":[{"href":"https:\/\/pulso27.com\/en\/wp-json\/wp\/v2\/posts"}],"about":[{"href":"https:\/\/pulso27.com\/en\/wp-json\/wp\/v2\/types\/post"}],"author":[{"embeddable":true,"href":"https:\/\/pulso27.com\/en\/wp-json\/wp\/v2\/users\/7"}],"replies":[{"embeddable":true,"href":"https:\/\/pulso27.com\/en\/wp-json\/wp\/v2\/comments?post=1212"}],"version-history":[{"count":2,"href":"https:\/\/pulso27.com\/en\/wp-json\/wp\/v2\/posts\/1212\/revisions"}],"predecessor-version":[{"id":1217,"href":"https:\/\/pulso27.com\/en\/wp-json\/wp\/v2\/posts\/1212\/revisions\/1217"}],"wp:featuredmedia":[{"embeddable":true,"href":"https:\/\/pulso27.com\/en\/wp-json\/wp\/v2\/media\/1213"}],"wp:attachment":[{"href":"https:\/\/pulso27.com\/en\/wp-json\/wp\/v2\/media?parent=1212"}],"wp:term":[{"taxonomy":"category","embeddable":true,"href":"https:\/\/pulso27.com\/en\/wp-json\/wp\/v2\/categories?post=1212"},{"taxonomy":"post_tag","embeddable":true,"href":"https:\/\/pulso27.com\/en\/wp-json\/wp\/v2\/tags?post=1212"}],"curies":[{"name":"wp","href":"https:\/\/api.w.org\/{rel}","templated":true}]}}