{"id":1232,"date":"2024-01-30T22:06:13","date_gmt":"2024-01-30T17:06:13","guid":{"rendered":"https:\/\/pulso27.com\/es\/?p=1232"},"modified":"2024-01-30T22:06:14","modified_gmt":"2024-01-30T17:06:14","slug":"gobierno-declaro-en-emergencia-el-corredor-minero-del-sur-a-pedido-de-la-policia-nacional-del-peru","status":"publish","type":"post","link":"https:\/\/pulso27.com\/en\/actualidad\/policial\/gobierno-declaro-en-emergencia-el-corredor-minero-del-sur-a-pedido-de-la-policia-nacional-del-peru\/","title":{"rendered":"Gobierno declar\u00f3 en emergencia el corredor minero del sur a pedido de la Polic\u00eda Nacional del Per\u00fa"},"content":{"rendered":"<p>El gobierno de Dina Boluarte declar\u00f3 en emergencia el Corredor Vial Apur\u00edmac-Cusco-Arequipa, incluyendo los 500 metros adyacentes a cada lado de la v\u00eda. La Polic\u00eda Nacional ser\u00e1 la encargada de mantener el control del orden interno, con el apoyo de las Fuerzas Armadas.<\/p>\n\n\n\n<p>Esta medida reiterativa, oficializada a trav\u00e9s del Decreto Supremo 008-2024-PCM, publicada el 30 de enero de 2024 en el bolet\u00edn de normas legales del diario El Peruano, tendr\u00e1 una vigencia de 30 d\u00edas calendario, a partir del 5 de febrero.<\/p>\n\n\n\n<p>Estando en emergencia se aplica lo dispuesto en el numeral 1) del art\u00edculo 137 de la Constituci\u00f3n Pol\u00edtica del Per\u00fa, en lo que concierne a la restricci\u00f3n o suspensi\u00f3n del ejercicio de los derechos constitucionales relativos a la libertad de tr\u00e1nsito por el territorio nacional, libertad de reuni\u00f3n y libertad y seguridad personales, comprendidos en los numerales 11), 12) y 24) literal f) del art\u00edculo 2 de la Constituci\u00f3n Pol\u00edtica del Per\u00fa.<\/p>\n\n\n\n<p>La intervenci\u00f3n de la Polic\u00eda Nacional del Per\u00fa y de las Fuerzas Armadas se efect\u00faa conforme a lo dispuesto en el Decreto Legislativo 1186, Decreto Legislativo que regula el uso de la fuerza por parte de la Polic\u00eda Nacional del Per\u00fa, y en el Decreto Legislativo 1095, Decreto Legislativo que establece reglas de empleo y uso de la fuerza por parte de las Fuerzas Armadas en el territorio nacional, y su Reglamento aprobado por Decreto Supremo 003-2020-DE, respectivamente; as\u00ed como, en el \u201cProtocolo de actuaci\u00f3n conjunta del Estado para la articulaci\u00f3n de servicios en contextos de detenci\u00f3n, retenci\u00f3n e intervenci\u00f3n policial a mujeres y personas en condici\u00f3n de vulnerabilidad\u201d, aprobado por Decreto Supremo 002-2023-MIMP.<\/p>\n\n\n\n<p>Igualmente, la norma se\u00f1ala que, dentro de los cinco d\u00edas h\u00e1biles posteriores al t\u00e9rmino del estado de emergencia, la Polic\u00eda Nacional del Per\u00fa debe presentar al ministro del Ministerio del Interior, un informe detallado de las acciones realizadas durante el r\u00e9gimen de excepci\u00f3n y los resultados obtenidos.<\/p>\n\n\n\n<figure class=\"wp-block-image size-large\"><img loading=\"lazy\" decoding=\"async\" width=\"1024\" height=\"686\" src=\"https:\/\/pulso27.com\/wp-content\/uploads\/2024\/01\/000940265W-1024x686.jpg\" alt=\"\" class=\"wp-image-1233\" srcset=\"https:\/\/pulso27.com\/wp-content\/uploads\/2024\/01\/000940265W-1024x686.jpg 1024w, https:\/\/pulso27.com\/wp-content\/uploads\/2024\/01\/000940265W-300x201.jpg 300w, https:\/\/pulso27.com\/wp-content\/uploads\/2024\/01\/000940265W-768x515.jpg 768w, https:\/\/pulso27.com\/wp-content\/uploads\/2024\/01\/000940265W-1536x1029.jpg 1536w, https:\/\/pulso27.com\/wp-content\/uploads\/2024\/01\/000940265W.jpg 1800w\" sizes=\"auto, (max-width: 1024px) 100vw, 1024px\" \/><\/figure>\n\n\n\n<p>La norma lleva la firma de la presidenta de la Rep\u00fablica, Dina Boluarte; y es refrendado por el presidente del Consejo de Ministros, Alberto Ot\u00e1rola; y por los ministros del Interior, V\u00edctor Torres; de Defensa, Jorge Ch\u00e1vez; y de Justicia y Derechos Humanos, Eduardo Arana.<\/p>\n\n\n\n<p><strong>\u00bfPor qu\u00e9 el r\u00e9gimen tom\u00f3 esta decisi\u00f3n?<\/strong><\/p>\n\n\n\n<p>El decreto supremo explica que la Comandancia General de la Polic\u00eda Nacional del Per\u00fa recomienda que se declare el estado de emergencia por 30 d\u00edas calendario, en el Corredor Vial Sur Apur\u00edmac-Cusco-Arequipa.<\/p>\n\n\n\n<p>Est\u00e1 basado en dos oficios de car\u00e1cter reservado de la Unidad de Planeamiento y Educaci\u00f3n de la Direcci\u00f3n Nacional de Orden y Seguridad y de la Oficina de Planeamiento Operativo de la Regi\u00f3n Policial Cusco. Se da, seg\u00fan explica, con el objeto de cautelar el orden interno, as\u00ed como preservar los derechos constitucionales de la poblaci\u00f3n, frente a la proyecci\u00f3n de escalamiento de las acciones de fuerza y actos violentos en el territorio por donde atraviesa el referido corredor vial.<\/p>\n\n\n\n<p>Fuente: P\u00e1ginas web y redes de noticias<\/p>","protected":false},"excerpt":{"rendered":"<p>El gobierno de Dina Boluarte declar\u00f3 en emergencia el Corredor Vial Apur\u00edmac-Cusco-Arequipa, incluyendo los 500 metros adyacentes a cada lado de la v\u00eda. La Polic\u00eda Nacional ser\u00e1 la encargada de mantener el control del orden interno, con el apoyo de las Fuerzas Armadas. Esta medida reiterativa, oficializada a trav\u00e9s del Decreto Supremo 008-2024-PCM, publicada el [&hellip;]<\/p>\n","protected":false},"author":8,"featured_media":1234,"comment_status":"open","ping_status":"open","sticky":false,"template":"","format":"standard","meta":{"footnotes":""},"categories":[183,178],"tags":[573,579,578],"class_list":["post-1232","post","type-post","status-publish","format-standard","has-post-thumbnail","hentry","category-actualidad","category-policial","tag-cusco","tag-emergencia","tag-mineria"],"yoast_head":"<!-- This site is optimized with the Yoast SEO plugin v27.4 - https:\/\/yoast.com\/product\/yoast-seo-wordpress\/ -->\n<title>Gobierno declar\u00f3 en emergencia el corredor minero del sur a pedido de la Polic\u00eda Nacional del Per\u00fa - Pulso27<\/title>\n<meta name=\"robots\" content=\"index, follow, max-snippet:-1, max-image-preview:large, max-video-preview:-1\" \/>\n<link rel=\"canonical\" href=\"https:\/\/pulso27.com\/en\/policial\/gobierno-declaro-en-emergencia-el-corredor-minero-del-sur-a-pedido-de-la-policia-nacional-del-peru\/\" \/>\n<meta property=\"og:locale\" content=\"en_US\" \/>\n<meta property=\"og:type\" content=\"article\" \/>\n<meta property=\"og:title\" content=\"Gobierno declar\u00f3 en emergencia el corredor minero del sur a pedido de la Polic\u00eda Nacional del Per\u00fa - Pulso27\" \/>\n<meta property=\"og:description\" content=\"El gobierno de Dina Boluarte declar\u00f3 en emergencia el Corredor Vial Apur\u00edmac-Cusco-Arequipa, incluyendo los 500 metros adyacentes a cada lado de la v\u00eda. La Polic\u00eda Nacional ser\u00e1 la encargada de mantener el control del orden interno, con el apoyo de las Fuerzas Armadas. Esta medida reiterativa, oficializada a trav\u00e9s del Decreto Supremo 008-2024-PCM, publicada el [&hellip;]\" \/>\n<meta property=\"og:url\" content=\"https:\/\/pulso27.com\/en\/policial\/gobierno-declaro-en-emergencia-el-corredor-minero-del-sur-a-pedido-de-la-policia-nacional-del-peru\/\" \/>\n<meta property=\"og:site_name\" content=\"Pulso27\" \/>\n<meta property=\"article:publisher\" content=\"https:\/\/www.facebook.com\/pulso27\/\" \/>\n<meta property=\"article:published_time\" content=\"2024-01-30T17:06:13+00:00\" \/>\n<meta property=\"article:modified_time\" content=\"2024-01-30T17:06:14+00:00\" \/>\n<meta property=\"og:image\" content=\"https:\/\/pulso27.com\/wp-content\/uploads\/2024\/01\/ui\u00b4nlkj.jpg\" \/>\n\t<meta property=\"og:image:width\" content=\"1800\" \/>\n\t<meta property=\"og:image:height\" content=\"1161\" \/>\n\t<meta property=\"og:image:type\" content=\"image\/jpeg\" \/>\n<meta name=\"author\" content=\"Maga\" \/>\n<meta name=\"twitter:card\" content=\"summary_large_image\" \/>\n<meta name=\"twitter:creator\" content=\"@Pulso_27\" \/>\n<meta name=\"twitter:site\" content=\"@Pulso_27\" \/>\n<meta name=\"twitter:label1\" content=\"Written by\" \/>\n\t<meta name=\"twitter:data1\" content=\"Maga\" \/>\n\t<meta name=\"twitter:label2\" content=\"Est. reading time\" \/>\n\t<meta name=\"twitter:data2\" content=\"3 minutes\" \/>\n<script type=\"application\/ld+json\" class=\"yoast-schema-graph\">{\"@context\":\"https:\\\/\\\/schema.org\",\"@graph\":[{\"@type\":\"Article\",\"@id\":\"https:\\\/\\\/pulso27.com\\\/policial\\\/gobierno-declaro-en-emergencia-el-corredor-minero-del-sur-a-pedido-de-la-policia-nacional-del-peru\\\/#article\",\"isPartOf\":{\"@id\":\"https:\\\/\\\/pulso27.com\\\/policial\\\/gobierno-declaro-en-emergencia-el-corredor-minero-del-sur-a-pedido-de-la-policia-nacional-del-peru\\\/\"},\"author\":{\"name\":\"Maga\",\"@id\":\"https:\\\/\\\/pulso27.com\\\/en\\\/#\\\/schema\\\/person\\\/92f5059eb04cb644a32d22c9bc998684\"},\"headline\":\"Gobierno declar\u00f3 en emergencia el corredor minero del sur a pedido de la Polic\u00eda Nacional del Per\u00fa\",\"datePublished\":\"2024-01-30T17:06:13+00:00\",\"dateModified\":\"2024-01-30T17:06:14+00:00\",\"mainEntityOfPage\":{\"@id\":\"https:\\\/\\\/pulso27.com\\\/policial\\\/gobierno-declaro-en-emergencia-el-corredor-minero-del-sur-a-pedido-de-la-policia-nacional-del-peru\\\/\"},\"wordCount\":544,\"commentCount\":0,\"publisher\":{\"@id\":\"https:\\\/\\\/pulso27.com\\\/en\\\/#organization\"},\"image\":{\"@id\":\"https:\\\/\\\/pulso27.com\\\/policial\\\/gobierno-declaro-en-emergencia-el-corredor-minero-del-sur-a-pedido-de-la-policia-nacional-del-peru\\\/#primaryimage\"},\"thumbnailUrl\":\"https:\\\/\\\/pulso27.com\\\/wp-content\\\/uploads\\\/2024\\\/01\\\/ui\u00b4nlkj.jpg\",\"keywords\":[\"Cusco\",\"Emergencia\",\"Miner\u00eda\"],\"articleSection\":[\"Actualidad\",\"Policial\"],\"inLanguage\":\"en-US\",\"potentialAction\":[{\"@type\":\"CommentAction\",\"name\":\"Comment\",\"target\":[\"https:\\\/\\\/pulso27.com\\\/policial\\\/gobierno-declaro-en-emergencia-el-corredor-minero-del-sur-a-pedido-de-la-policia-nacional-del-peru\\\/#respond\"]}]},{\"@type\":\"WebPage\",\"@id\":\"https:\\\/\\\/pulso27.com\\\/policial\\\/gobierno-declaro-en-emergencia-el-corredor-minero-del-sur-a-pedido-de-la-policia-nacional-del-peru\\\/\",\"url\":\"https:\\\/\\\/pulso27.com\\\/policial\\\/gobierno-declaro-en-emergencia-el-corredor-minero-del-sur-a-pedido-de-la-policia-nacional-del-peru\\\/\",\"name\":\"Gobierno declar\u00f3 en emergencia el corredor minero del sur a pedido de la Polic\u00eda Nacional del Per\u00fa - Pulso27\",\"isPartOf\":{\"@id\":\"https:\\\/\\\/pulso27.com\\\/en\\\/#website\"},\"primaryImageOfPage\":{\"@id\":\"https:\\\/\\\/pulso27.com\\\/policial\\\/gobierno-declaro-en-emergencia-el-corredor-minero-del-sur-a-pedido-de-la-policia-nacional-del-peru\\\/#primaryimage\"},\"image\":{\"@id\":\"https:\\\/\\\/pulso27.com\\\/policial\\\/gobierno-declaro-en-emergencia-el-corredor-minero-del-sur-a-pedido-de-la-policia-nacional-del-peru\\\/#primaryimage\"},\"thumbnailUrl\":\"https:\\\/\\\/pulso27.com\\\/wp-content\\\/uploads\\\/2024\\\/01\\\/ui\u00b4nlkj.jpg\",\"datePublished\":\"2024-01-30T17:06:13+00:00\",\"dateModified\":\"2024-01-30T17:06:14+00:00\",\"breadcrumb\":{\"@id\":\"https:\\\/\\\/pulso27.com\\\/policial\\\/gobierno-declaro-en-emergencia-el-corredor-minero-del-sur-a-pedido-de-la-policia-nacional-del-peru\\\/#breadcrumb\"},\"inLanguage\":\"en-US\",\"potentialAction\":[{\"@type\":\"ReadAction\",\"target\":[\"https:\\\/\\\/pulso27.com\\\/policial\\\/gobierno-declaro-en-emergencia-el-corredor-minero-del-sur-a-pedido-de-la-policia-nacional-del-peru\\\/\"]}]},{\"@type\":\"ImageObject\",\"inLanguage\":\"en-US\",\"@id\":\"https:\\\/\\\/pulso27.com\\\/policial\\\/gobierno-declaro-en-emergencia-el-corredor-minero-del-sur-a-pedido-de-la-policia-nacional-del-peru\\\/#primaryimage\",\"url\":\"https:\\\/\\\/pulso27.com\\\/wp-content\\\/uploads\\\/2024\\\/01\\\/ui\u00b4nlkj.jpg\",\"contentUrl\":\"https:\\\/\\\/pulso27.com\\\/wp-content\\\/uploads\\\/2024\\\/01\\\/ui\u00b4nlkj.jpg\",\"width\":1800,\"height\":1161},{\"@type\":\"BreadcrumbList\",\"@id\":\"https:\\\/\\\/pulso27.com\\\/policial\\\/gobierno-declaro-en-emergencia-el-corredor-minero-del-sur-a-pedido-de-la-policia-nacional-del-peru\\\/#breadcrumb\",\"itemListElement\":[{\"@type\":\"ListItem\",\"position\":1,\"name\":\"Portada\",\"item\":\"https:\\\/\\\/pulso27.com\\\/\"},{\"@type\":\"ListItem\",\"position\":2,\"name\":\"Gobierno declar\u00f3 en emergencia el corredor minero del sur a pedido de la Polic\u00eda Nacional del Per\u00fa\"}]},{\"@type\":\"WebSite\",\"@id\":\"https:\\\/\\\/pulso27.com\\\/en\\\/#website\",\"url\":\"https:\\\/\\\/pulso27.com\\\/en\\\/\",\"name\":\"Pulso27\",\"description\":\"Web de noticias y publicidad\",\"publisher\":{\"@id\":\"https:\\\/\\\/pulso27.com\\\/en\\\/#organization\"},\"alternateName\":\"El pulso del pueblo\",\"potentialAction\":[{\"@type\":\"SearchAction\",\"target\":{\"@type\":\"EntryPoint\",\"urlTemplate\":\"https:\\\/\\\/pulso27.com\\\/en\\\/?s={search_term_string}\"},\"query-input\":{\"@type\":\"PropertyValueSpecification\",\"valueRequired\":true,\"valueName\":\"search_term_string\"}}],\"inLanguage\":\"en-US\"},{\"@type\":\"Organization\",\"@id\":\"https:\\\/\\\/pulso27.com\\\/en\\\/#organization\",\"name\":\"Pulso27\",\"url\":\"https:\\\/\\\/pulso27.com\\\/en\\\/\",\"logo\":{\"@type\":\"ImageObject\",\"inLanguage\":\"en-US\",\"@id\":\"https:\\\/\\\/pulso27.com\\\/en\\\/#\\\/schema\\\/logo\\\/image\\\/\",\"url\":\"https:\\\/\\\/pulso27.com\\\/wp-content\\\/uploads\\\/2026\\\/02\\\/Logotipo-de-la-organizacion-696-x-696-px-ok.png\",\"contentUrl\":\"https:\\\/\\\/pulso27.com\\\/wp-content\\\/uploads\\\/2026\\\/02\\\/Logotipo-de-la-organizacion-696-x-696-px-ok.png\",\"width\":696,\"height\":696,\"caption\":\"Pulso27\"},\"image\":{\"@id\":\"https:\\\/\\\/pulso27.com\\\/en\\\/#\\\/schema\\\/logo\\\/image\\\/\"},\"sameAs\":[\"https:\\\/\\\/www.facebook.com\\\/pulso27\\\/\",\"https:\\\/\\\/x.com\\\/Pulso_27\",\"https:\\\/\\\/www.youtube.com\\\/@Pulso27\",\"https:\\\/\\\/www.tiktok.com\\\/@pulso_27\"]},{\"@type\":\"Person\",\"@id\":\"https:\\\/\\\/pulso27.com\\\/en\\\/#\\\/schema\\\/person\\\/92f5059eb04cb644a32d22c9bc998684\",\"name\":\"Maga\",\"image\":{\"@type\":\"ImageObject\",\"inLanguage\":\"en-US\",\"@id\":\"https:\\\/\\\/secure.gravatar.com\\\/avatar\\\/c4d5224d4227e7c057cd5793ba910425cc902f3aef97cda3eccc7acba8be2edc?s=96&d=mm&r=g\",\"url\":\"https:\\\/\\\/secure.gravatar.com\\\/avatar\\\/c4d5224d4227e7c057cd5793ba910425cc902f3aef97cda3eccc7acba8be2edc?s=96&d=mm&r=g\",\"contentUrl\":\"https:\\\/\\\/secure.gravatar.com\\\/avatar\\\/c4d5224d4227e7c057cd5793ba910425cc902f3aef97cda3eccc7acba8be2edc?s=96&d=mm&r=g\",\"caption\":\"Maga\"},\"sameAs\":[\"http:\\\/\\\/www.pulso27.com\"],\"url\":\"https:\\\/\\\/pulso27.com\\\/en\\\/author\\\/maga\\\/\"}]}<\/script>\n<!-- \/ Yoast SEO plugin. -->","yoast_head_json":{"title":"Gobierno declar\u00f3 en emergencia el corredor minero del sur a pedido de la Polic\u00eda Nacional del Per\u00fa - Pulso27","robots":{"index":"index","follow":"follow","max-snippet":"max-snippet:-1","max-image-preview":"max-image-preview:large","max-video-preview":"max-video-preview:-1"},"canonical":"https:\/\/pulso27.com\/en\/policial\/gobierno-declaro-en-emergencia-el-corredor-minero-del-sur-a-pedido-de-la-policia-nacional-del-peru\/","og_locale":"en_US","og_type":"article","og_title":"Gobierno declar\u00f3 en emergencia el corredor minero del sur a pedido de la Polic\u00eda Nacional del Per\u00fa - Pulso27","og_description":"El gobierno de Dina Boluarte declar\u00f3 en emergencia el Corredor Vial Apur\u00edmac-Cusco-Arequipa, incluyendo los 500 metros adyacentes a cada lado de la v\u00eda. La Polic\u00eda Nacional ser\u00e1 la encargada de mantener el control del orden interno, con el apoyo de las Fuerzas Armadas. Esta medida reiterativa, oficializada a trav\u00e9s del Decreto Supremo 008-2024-PCM, publicada el [&hellip;]","og_url":"https:\/\/pulso27.com\/en\/policial\/gobierno-declaro-en-emergencia-el-corredor-minero-del-sur-a-pedido-de-la-policia-nacional-del-peru\/","og_site_name":"Pulso27","article_publisher":"https:\/\/www.facebook.com\/pulso27\/","article_published_time":"2024-01-30T17:06:13+00:00","article_modified_time":"2024-01-30T17:06:14+00:00","og_image":[{"width":1800,"height":1161,"url":"https:\/\/pulso27.com\/wp-content\/uploads\/2024\/01\/ui\u00b4nlkj.jpg","type":"image\/jpeg"}],"author":"Maga","twitter_card":"summary_large_image","twitter_creator":"@Pulso_27","twitter_site":"@Pulso_27","twitter_misc":{"Written by":"Maga","Est. reading time":"3 minutes"},"schema":{"@context":"https:\/\/schema.org","@graph":[{"@type":"Article","@id":"https:\/\/pulso27.com\/policial\/gobierno-declaro-en-emergencia-el-corredor-minero-del-sur-a-pedido-de-la-policia-nacional-del-peru\/#article","isPartOf":{"@id":"https:\/\/pulso27.com\/policial\/gobierno-declaro-en-emergencia-el-corredor-minero-del-sur-a-pedido-de-la-policia-nacional-del-peru\/"},"author":{"name":"Maga","@id":"https:\/\/pulso27.com\/en\/#\/schema\/person\/92f5059eb04cb644a32d22c9bc998684"},"headline":"Gobierno declar\u00f3 en emergencia el corredor minero del sur a pedido de la Polic\u00eda Nacional del Per\u00fa","datePublished":"2024-01-30T17:06:13+00:00","dateModified":"2024-01-30T17:06:14+00:00","mainEntityOfPage":{"@id":"https:\/\/pulso27.com\/policial\/gobierno-declaro-en-emergencia-el-corredor-minero-del-sur-a-pedido-de-la-policia-nacional-del-peru\/"},"wordCount":544,"commentCount":0,"publisher":{"@id":"https:\/\/pulso27.com\/en\/#organization"},"image":{"@id":"https:\/\/pulso27.com\/policial\/gobierno-declaro-en-emergencia-el-corredor-minero-del-sur-a-pedido-de-la-policia-nacional-del-peru\/#primaryimage"},"thumbnailUrl":"https:\/\/pulso27.com\/wp-content\/uploads\/2024\/01\/ui\u00b4nlkj.jpg","keywords":["Cusco","Emergencia","Miner\u00eda"],"articleSection":["Actualidad","Policial"],"inLanguage":"en-US","potentialAction":[{"@type":"CommentAction","name":"Comment","target":["https:\/\/pulso27.com\/policial\/gobierno-declaro-en-emergencia-el-corredor-minero-del-sur-a-pedido-de-la-policia-nacional-del-peru\/#respond"]}]},{"@type":"WebPage","@id":"https:\/\/pulso27.com\/policial\/gobierno-declaro-en-emergencia-el-corredor-minero-del-sur-a-pedido-de-la-policia-nacional-del-peru\/","url":"https:\/\/pulso27.com\/policial\/gobierno-declaro-en-emergencia-el-corredor-minero-del-sur-a-pedido-de-la-policia-nacional-del-peru\/","name":"Gobierno declar\u00f3 en emergencia el corredor minero del sur a pedido de la Polic\u00eda Nacional del Per\u00fa - Pulso27","isPartOf":{"@id":"https:\/\/pulso27.com\/en\/#website"},"primaryImageOfPage":{"@id":"https:\/\/pulso27.com\/policial\/gobierno-declaro-en-emergencia-el-corredor-minero-del-sur-a-pedido-de-la-policia-nacional-del-peru\/#primaryimage"},"image":{"@id":"https:\/\/pulso27.com\/policial\/gobierno-declaro-en-emergencia-el-corredor-minero-del-sur-a-pedido-de-la-policia-nacional-del-peru\/#primaryimage"},"thumbnailUrl":"https:\/\/pulso27.com\/wp-content\/uploads\/2024\/01\/ui\u00b4nlkj.jpg","datePublished":"2024-01-30T17:06:13+00:00","dateModified":"2024-01-30T17:06:14+00:00","breadcrumb":{"@id":"https:\/\/pulso27.com\/policial\/gobierno-declaro-en-emergencia-el-corredor-minero-del-sur-a-pedido-de-la-policia-nacional-del-peru\/#breadcrumb"},"inLanguage":"en-US","potentialAction":[{"@type":"ReadAction","target":["https:\/\/pulso27.com\/policial\/gobierno-declaro-en-emergencia-el-corredor-minero-del-sur-a-pedido-de-la-policia-nacional-del-peru\/"]}]},{"@type":"ImageObject","inLanguage":"en-US","@id":"https:\/\/pulso27.com\/policial\/gobierno-declaro-en-emergencia-el-corredor-minero-del-sur-a-pedido-de-la-policia-nacional-del-peru\/#primaryimage","url":"https:\/\/pulso27.com\/wp-content\/uploads\/2024\/01\/ui\u00b4nlkj.jpg","contentUrl":"https:\/\/pulso27.com\/wp-content\/uploads\/2024\/01\/ui\u00b4nlkj.jpg","width":1800,"height":1161},{"@type":"BreadcrumbList","@id":"https:\/\/pulso27.com\/policial\/gobierno-declaro-en-emergencia-el-corredor-minero-del-sur-a-pedido-de-la-policia-nacional-del-peru\/#breadcrumb","itemListElement":[{"@type":"ListItem","position":1,"name":"Portada","item":"https:\/\/pulso27.com\/"},{"@type":"ListItem","position":2,"name":"Gobierno declar\u00f3 en emergencia el corredor minero del sur a pedido de la Polic\u00eda Nacional del Per\u00fa"}]},{"@type":"WebSite","@id":"https:\/\/pulso27.com\/en\/#website","url":"https:\/\/pulso27.com\/en\/","name":"Pulso27","description":"Web de noticias y publicidad","publisher":{"@id":"https:\/\/pulso27.com\/en\/#organization"},"alternateName":"El pulso del pueblo","potentialAction":[{"@type":"SearchAction","target":{"@type":"EntryPoint","urlTemplate":"https:\/\/pulso27.com\/en\/?s={search_term_string}"},"query-input":{"@type":"PropertyValueSpecification","valueRequired":true,"valueName":"search_term_string"}}],"inLanguage":"en-US"},{"@type":"Organization","@id":"https:\/\/pulso27.com\/en\/#organization","name":"Pulso27","url":"https:\/\/pulso27.com\/en\/","logo":{"@type":"ImageObject","inLanguage":"en-US","@id":"https:\/\/pulso27.com\/en\/#\/schema\/logo\/image\/","url":"https:\/\/pulso27.com\/wp-content\/uploads\/2026\/02\/Logotipo-de-la-organizacion-696-x-696-px-ok.png","contentUrl":"https:\/\/pulso27.com\/wp-content\/uploads\/2026\/02\/Logotipo-de-la-organizacion-696-x-696-px-ok.png","width":696,"height":696,"caption":"Pulso27"},"image":{"@id":"https:\/\/pulso27.com\/en\/#\/schema\/logo\/image\/"},"sameAs":["https:\/\/www.facebook.com\/pulso27\/","https:\/\/x.com\/Pulso_27","https:\/\/www.youtube.com\/@Pulso27","https:\/\/www.tiktok.com\/@pulso_27"]},{"@type":"Person","@id":"https:\/\/pulso27.com\/en\/#\/schema\/person\/92f5059eb04cb644a32d22c9bc998684","name":"Maga","image":{"@type":"ImageObject","inLanguage":"en-US","@id":"https:\/\/secure.gravatar.com\/avatar\/c4d5224d4227e7c057cd5793ba910425cc902f3aef97cda3eccc7acba8be2edc?s=96&d=mm&r=g","url":"https:\/\/secure.gravatar.com\/avatar\/c4d5224d4227e7c057cd5793ba910425cc902f3aef97cda3eccc7acba8be2edc?s=96&d=mm&r=g","contentUrl":"https:\/\/secure.gravatar.com\/avatar\/c4d5224d4227e7c057cd5793ba910425cc902f3aef97cda3eccc7acba8be2edc?s=96&d=mm&r=g","caption":"Maga"},"sameAs":["http:\/\/www.pulso27.com"],"url":"https:\/\/pulso27.com\/en\/author\/maga\/"}]}},"amp_enabled":true,"_links":{"self":[{"href":"https:\/\/pulso27.com\/en\/wp-json\/wp\/v2\/posts\/1232","targetHints":{"allow":["GET"]}}],"collection":[{"href":"https:\/\/pulso27.com\/en\/wp-json\/wp\/v2\/posts"}],"about":[{"href":"https:\/\/pulso27.com\/en\/wp-json\/wp\/v2\/types\/post"}],"author":[{"embeddable":true,"href":"https:\/\/pulso27.com\/en\/wp-json\/wp\/v2\/users\/8"}],"replies":[{"embeddable":true,"href":"https:\/\/pulso27.com\/en\/wp-json\/wp\/v2\/comments?post=1232"}],"version-history":[{"count":1,"href":"https:\/\/pulso27.com\/en\/wp-json\/wp\/v2\/posts\/1232\/revisions"}],"predecessor-version":[{"id":1235,"href":"https:\/\/pulso27.com\/en\/wp-json\/wp\/v2\/posts\/1232\/revisions\/1235"}],"wp:featuredmedia":[{"embeddable":true,"href":"https:\/\/pulso27.com\/en\/wp-json\/wp\/v2\/media\/1234"}],"wp:attachment":[{"href":"https:\/\/pulso27.com\/en\/wp-json\/wp\/v2\/media?parent=1232"}],"wp:term":[{"taxonomy":"category","embeddable":true,"href":"https:\/\/pulso27.com\/en\/wp-json\/wp\/v2\/categories?post=1232"},{"taxonomy":"post_tag","embeddable":true,"href":"https:\/\/pulso27.com\/en\/wp-json\/wp\/v2\/tags?post=1232"}],"curies":[{"name":"wp","href":"https:\/\/api.w.org\/{rel}","templated":true}]}}