{"id":1254,"date":"2024-02-10T02:38:28","date_gmt":"2024-02-09T21:38:28","guid":{"rendered":"https:\/\/pulso27.com\/es\/?p=1254"},"modified":"2024-02-12T05:08:45","modified_gmt":"2024-02-12T00:08:45","slug":"programan-protestas-contra-regimen-de-boluarte-y-otarolasdddddddd","status":"publish","type":"post","link":"https:\/\/pulso27.com\/en\/nacional\/programan-protestas-contra-regimen-de-boluarte-y-otarolasdddddddd\/","title":{"rendered":"Programan protestas contra r\u00e9gimen de Boluarte y Ot\u00e1rola"},"content":{"rendered":"<p>El Comit\u00e9 Nacional Unificado de Lucha (CNUL) anunci\u00f3 una marcha contra la presidenta Dina Boluarte y el Congreso de la Rep\u00fablica en las 26 regiones del Per\u00fa para exigir el cumplimiento de una plataforma de lucha. As\u00ed lo inform\u00f3 el secretario general de la Confederaci\u00f3n General de los Trabajadores del Per\u00fa (CGTP), Jer\u00f3nimo L\u00f3pez, quien se\u00f1al\u00f3 que en la asamblea del s\u00e1bado 16 de setiembre se decidir\u00e1 si convocan un paro nacional.<\/p>\n\n\n\n<p>Jer\u00f3nimo L\u00f3pez manifest\u00f3 que la CGTP, la Central \u00danica Nacional de Rondas Campesinas del Per\u00fa (Cunarc), federaciones de pueblos j\u00f3venes, Construcci\u00f3n Civil, la Asamblea Nacional de los Pueblos, Macro Norte, Macro Sur, Macro Centro, que forman parte de la CNUL, respaldan la marcha nacional contra Dina Boluarte y los congresistas. \u201cEl pueblo no se siente representado\u201d, enfatiz\u00f3 el dirigente.<\/p>\n\n\n\n<p>Luego de varias asambleas, los miembros del Comit\u00e9 Nacional Unificado de Lucha acordaron que el jueves 12 de octubre se realice la marcha nacional c\u00edvica popular contra la mandataria y el Congreso. \u201cSe tiene el respaldo de las organizaciones sindicales para que la jornada de lucha sea exitosa en las 26 regiones, entre ellas Puno, Cusco, Cajamarca, pues el Per\u00fa no solo es Lima\u201d, remarc\u00f3 Jer\u00f3nimo L\u00f3pez.<\/p>\n\n\n\n<p>Los sindicatos y federaciones piden nuevas elecciones, lo cual implica \u2014afirm\u00f3 la CGTP\u2014 la renuncia de la gobernante y el cierre del Congreso. \u201cLa alta dignataria carece de legitimidad ante la alta desaprobaci\u00f3n. Boluarte lo sabe, sin embargo, se aferra al poder\u201d, manifest\u00f3 Jer\u00f3nimo L\u00f3pez.<\/p>\n\n\n\n<p>Lament\u00f3 que la gobernante responsabilice de las muertes en las protestas al expresidente Pedro Castillo y que se utilice a la Polic\u00eda para reprimir las protestas en su contra, tal como \u2014dijo\u2014 sucedi\u00f3 en Jun\u00edn. \u00abSe lava las manos, no asume responsabilidades y solo tiene un mensaje confrontacional\u00bb, subray\u00f3 el dirigente.<\/p>\n\n\n\n<figure class=\"wp-block-image size-large\"><img loading=\"lazy\" decoding=\"async\" width=\"1024\" height=\"576\" src=\"https:\/\/pulso27.com\/wp-content\/uploads\/2024\/02\/pnp-1-1024x576.jpg\" alt=\"\" class=\"wp-image-1257\" srcset=\"https:\/\/pulso27.com\/wp-content\/uploads\/2024\/02\/pnp-1-1024x576.jpg 1024w, https:\/\/pulso27.com\/wp-content\/uploads\/2024\/02\/pnp-1-300x169.jpg 300w, https:\/\/pulso27.com\/wp-content\/uploads\/2024\/02\/pnp-1-768x432.jpg 768w, https:\/\/pulso27.com\/wp-content\/uploads\/2024\/02\/pnp-1.jpg 1200w\" sizes=\"auto, (max-width: 1024px) 100vw, 1024px\" \/><\/figure>\n\n\n\n<p>En la marcha nacional tambi\u00e9n se rechazar\u00e1 la pol\u00edtica econ\u00f3mica, ya que la tasa de pobreza subi\u00f3 a 27,5%, se discutir\u00e1 el aumento del sueldo m\u00ednimo para cubrir los costos de la canasta familiar y mejores estrategias para combatir la delincuencia com\u00fan y organizada.<\/p>\n\n\n\n<p>En otro momento de la entrevista, el secretario general de la CGTP enfatiz\u00f3 que el 16 de setiembre se realizar\u00e1 una asamblea para que los gremios ratifiquen la marcha nacional y decidir sobre el desarrollo de un paro indefinido.<\/p>\n\n\n\n<p>\u00bfCu\u00e1ndo fue la \u00faltima protesta nacional contra Dina Boluarte?<\/p>\n\n\n\n<p>Fue la \u2018Tercera toma de Lima\u2019, la cual se realiz\u00f3 el 27, 28 y 29 de julio. A los petitorios de dicha protesta, ahora, se suman otros relacionados con la pobreza e inseguridad ciudadana.<\/p>\n\n\n\n<p>Fuente: Webs y redes sociales<\/p>","protected":false},"excerpt":{"rendered":"<p>El Comit\u00e9 Nacional Unificado de Lucha (CNUL) anunci\u00f3 una marcha contra la presidenta Dina Boluarte y el Congreso de la Rep\u00fablica en las 26 regiones del Per\u00fa para exigir el cumplimiento de una plataforma de lucha. As\u00ed lo inform\u00f3 el secretario general de la Confederaci\u00f3n General de los Trabajadores del Per\u00fa (CGTP), Jer\u00f3nimo L\u00f3pez, quien [&hellip;]<\/p>\n","protected":false},"author":7,"featured_media":1255,"comment_status":"open","ping_status":"open","sticky":false,"template":"","format":"standard","meta":{"footnotes":""},"categories":[183,174],"tags":[],"class_list":["post-1254","post","type-post","status-publish","format-standard","has-post-thumbnail","hentry","category-actualidad","category-nacional"],"yoast_head":"<!-- This site is optimized with the Yoast SEO plugin v27.4 - https:\/\/yoast.com\/product\/yoast-seo-wordpress\/ -->\n<title>Programan protestas contra r\u00e9gimen de Boluarte y Ot\u00e1rola - Pulso27<\/title>\n<meta name=\"robots\" content=\"index, follow, max-snippet:-1, max-image-preview:large, max-video-preview:-1\" \/>\n<link rel=\"canonical\" href=\"https:\/\/pulso27.com\/en\/nacional\/programan-protestas-contra-regimen-de-boluarte-y-otarolasdddddddd\/\" \/>\n<meta property=\"og:locale\" content=\"en_US\" \/>\n<meta property=\"og:type\" content=\"article\" \/>\n<meta property=\"og:title\" content=\"Programan protestas contra r\u00e9gimen de Boluarte y Ot\u00e1rola - Pulso27\" \/>\n<meta property=\"og:description\" content=\"El Comit\u00e9 Nacional Unificado de Lucha (CNUL) anunci\u00f3 una marcha contra la presidenta Dina Boluarte y el Congreso de la Rep\u00fablica en las 26 regiones del Per\u00fa para exigir el cumplimiento de una plataforma de lucha. As\u00ed lo inform\u00f3 el secretario general de la Confederaci\u00f3n General de los Trabajadores del Per\u00fa (CGTP), Jer\u00f3nimo L\u00f3pez, quien [&hellip;]\" \/>\n<meta property=\"og:url\" content=\"https:\/\/pulso27.com\/en\/nacional\/programan-protestas-contra-regimen-de-boluarte-y-otarolasdddddddd\/\" \/>\n<meta property=\"og:site_name\" content=\"Pulso27\" \/>\n<meta property=\"article:publisher\" content=\"https:\/\/www.facebook.com\/pulso27\/\" \/>\n<meta property=\"article:published_time\" content=\"2024-02-09T21:38:28+00:00\" \/>\n<meta property=\"article:modified_time\" content=\"2024-02-12T00:08:45+00:00\" \/>\n<meta property=\"og:image\" content=\"https:\/\/pulso27.com\/wp-content\/uploads\/2024\/02\/Boluar.png\" \/>\n\t<meta property=\"og:image:width\" content=\"640\" \/>\n\t<meta property=\"og:image:height\" content=\"371\" \/>\n\t<meta property=\"og:image:type\" content=\"image\/png\" \/>\n<meta name=\"author\" content=\"Tupaq\" \/>\n<meta name=\"twitter:card\" content=\"summary_large_image\" \/>\n<meta name=\"twitter:creator\" content=\"@Pulso_27\" \/>\n<meta name=\"twitter:site\" content=\"@Pulso_27\" \/>\n<meta name=\"twitter:label1\" content=\"Written by\" \/>\n\t<meta name=\"twitter:data1\" content=\"Tupaq\" \/>\n\t<meta name=\"twitter:label2\" content=\"Est. reading time\" \/>\n\t<meta name=\"twitter:data2\" content=\"2 minutes\" \/>\n<script type=\"application\/ld+json\" class=\"yoast-schema-graph\">{\"@context\":\"https:\\\/\\\/schema.org\",\"@graph\":[{\"@type\":\"Article\",\"@id\":\"https:\\\/\\\/pulso27.com\\\/nacional\\\/programan-protestas-contra-regimen-de-boluarte-y-otarolasdddddddd\\\/#article\",\"isPartOf\":{\"@id\":\"https:\\\/\\\/pulso27.com\\\/nacional\\\/programan-protestas-contra-regimen-de-boluarte-y-otarolasdddddddd\\\/\"},\"author\":{\"name\":\"Tupaq\",\"@id\":\"https:\\\/\\\/pulso27.com\\\/en\\\/#\\\/schema\\\/person\\\/d20fd7f5bc7f2e53fd150d43fca07a78\"},\"headline\":\"Programan protestas contra r\u00e9gimen de Boluarte y Ot\u00e1rola\",\"datePublished\":\"2024-02-09T21:38:28+00:00\",\"dateModified\":\"2024-02-12T00:08:45+00:00\",\"mainEntityOfPage\":{\"@id\":\"https:\\\/\\\/pulso27.com\\\/nacional\\\/programan-protestas-contra-regimen-de-boluarte-y-otarolasdddddddd\\\/\"},\"wordCount\":450,\"commentCount\":0,\"publisher\":{\"@id\":\"https:\\\/\\\/pulso27.com\\\/en\\\/#organization\"},\"image\":{\"@id\":\"https:\\\/\\\/pulso27.com\\\/nacional\\\/programan-protestas-contra-regimen-de-boluarte-y-otarolasdddddddd\\\/#primaryimage\"},\"thumbnailUrl\":\"https:\\\/\\\/pulso27.com\\\/wp-content\\\/uploads\\\/2024\\\/02\\\/Boluar.png\",\"articleSection\":[\"Actualidad\",\"Nacional\"],\"inLanguage\":\"en-US\",\"potentialAction\":[{\"@type\":\"CommentAction\",\"name\":\"Comment\",\"target\":[\"https:\\\/\\\/pulso27.com\\\/nacional\\\/programan-protestas-contra-regimen-de-boluarte-y-otarolasdddddddd\\\/#respond\"]}]},{\"@type\":\"WebPage\",\"@id\":\"https:\\\/\\\/pulso27.com\\\/nacional\\\/programan-protestas-contra-regimen-de-boluarte-y-otarolasdddddddd\\\/\",\"url\":\"https:\\\/\\\/pulso27.com\\\/nacional\\\/programan-protestas-contra-regimen-de-boluarte-y-otarolasdddddddd\\\/\",\"name\":\"Programan protestas contra r\u00e9gimen de Boluarte y Ot\u00e1rola - Pulso27\",\"isPartOf\":{\"@id\":\"https:\\\/\\\/pulso27.com\\\/en\\\/#website\"},\"primaryImageOfPage\":{\"@id\":\"https:\\\/\\\/pulso27.com\\\/nacional\\\/programan-protestas-contra-regimen-de-boluarte-y-otarolasdddddddd\\\/#primaryimage\"},\"image\":{\"@id\":\"https:\\\/\\\/pulso27.com\\\/nacional\\\/programan-protestas-contra-regimen-de-boluarte-y-otarolasdddddddd\\\/#primaryimage\"},\"thumbnailUrl\":\"https:\\\/\\\/pulso27.com\\\/wp-content\\\/uploads\\\/2024\\\/02\\\/Boluar.png\",\"datePublished\":\"2024-02-09T21:38:28+00:00\",\"dateModified\":\"2024-02-12T00:08:45+00:00\",\"breadcrumb\":{\"@id\":\"https:\\\/\\\/pulso27.com\\\/nacional\\\/programan-protestas-contra-regimen-de-boluarte-y-otarolasdddddddd\\\/#breadcrumb\"},\"inLanguage\":\"en-US\",\"potentialAction\":[{\"@type\":\"ReadAction\",\"target\":[\"https:\\\/\\\/pulso27.com\\\/nacional\\\/programan-protestas-contra-regimen-de-boluarte-y-otarolasdddddddd\\\/\"]}]},{\"@type\":\"ImageObject\",\"inLanguage\":\"en-US\",\"@id\":\"https:\\\/\\\/pulso27.com\\\/nacional\\\/programan-protestas-contra-regimen-de-boluarte-y-otarolasdddddddd\\\/#primaryimage\",\"url\":\"https:\\\/\\\/pulso27.com\\\/wp-content\\\/uploads\\\/2024\\\/02\\\/Boluar.png\",\"contentUrl\":\"https:\\\/\\\/pulso27.com\\\/wp-content\\\/uploads\\\/2024\\\/02\\\/Boluar.png\",\"width\":640,\"height\":371},{\"@type\":\"BreadcrumbList\",\"@id\":\"https:\\\/\\\/pulso27.com\\\/nacional\\\/programan-protestas-contra-regimen-de-boluarte-y-otarolasdddddddd\\\/#breadcrumb\",\"itemListElement\":[{\"@type\":\"ListItem\",\"position\":1,\"name\":\"Portada\",\"item\":\"https:\\\/\\\/pulso27.com\\\/\"},{\"@type\":\"ListItem\",\"position\":2,\"name\":\"Programan protestas contra r\u00e9gimen de Boluarte y Ot\u00e1rola\"}]},{\"@type\":\"WebSite\",\"@id\":\"https:\\\/\\\/pulso27.com\\\/en\\\/#website\",\"url\":\"https:\\\/\\\/pulso27.com\\\/en\\\/\",\"name\":\"Pulso27\",\"description\":\"Web de noticias y publicidad\",\"publisher\":{\"@id\":\"https:\\\/\\\/pulso27.com\\\/en\\\/#organization\"},\"alternateName\":\"El pulso del pueblo\",\"potentialAction\":[{\"@type\":\"SearchAction\",\"target\":{\"@type\":\"EntryPoint\",\"urlTemplate\":\"https:\\\/\\\/pulso27.com\\\/en\\\/?s={search_term_string}\"},\"query-input\":{\"@type\":\"PropertyValueSpecification\",\"valueRequired\":true,\"valueName\":\"search_term_string\"}}],\"inLanguage\":\"en-US\"},{\"@type\":\"Organization\",\"@id\":\"https:\\\/\\\/pulso27.com\\\/en\\\/#organization\",\"name\":\"Pulso27\",\"url\":\"https:\\\/\\\/pulso27.com\\\/en\\\/\",\"logo\":{\"@type\":\"ImageObject\",\"inLanguage\":\"en-US\",\"@id\":\"https:\\\/\\\/pulso27.com\\\/en\\\/#\\\/schema\\\/logo\\\/image\\\/\",\"url\":\"https:\\\/\\\/pulso27.com\\\/wp-content\\\/uploads\\\/2026\\\/02\\\/Logotipo-de-la-organizacion-696-x-696-px-ok.png\",\"contentUrl\":\"https:\\\/\\\/pulso27.com\\\/wp-content\\\/uploads\\\/2026\\\/02\\\/Logotipo-de-la-organizacion-696-x-696-px-ok.png\",\"width\":696,\"height\":696,\"caption\":\"Pulso27\"},\"image\":{\"@id\":\"https:\\\/\\\/pulso27.com\\\/en\\\/#\\\/schema\\\/logo\\\/image\\\/\"},\"sameAs\":[\"https:\\\/\\\/www.facebook.com\\\/pulso27\\\/\",\"https:\\\/\\\/x.com\\\/Pulso_27\",\"https:\\\/\\\/www.youtube.com\\\/@Pulso27\",\"https:\\\/\\\/www.tiktok.com\\\/@pulso_27\"]},{\"@type\":\"Person\",\"@id\":\"https:\\\/\\\/pulso27.com\\\/en\\\/#\\\/schema\\\/person\\\/d20fd7f5bc7f2e53fd150d43fca07a78\",\"name\":\"Tupaq\",\"image\":{\"@type\":\"ImageObject\",\"inLanguage\":\"en-US\",\"@id\":\"https:\\\/\\\/secure.gravatar.com\\\/avatar\\\/7929e9b034aeea560319a601e4f04c59eb5f45a79eafe192adabb67e9604e7e7?s=96&d=mm&r=g\",\"url\":\"https:\\\/\\\/secure.gravatar.com\\\/avatar\\\/7929e9b034aeea560319a601e4f04c59eb5f45a79eafe192adabb67e9604e7e7?s=96&d=mm&r=g\",\"contentUrl\":\"https:\\\/\\\/secure.gravatar.com\\\/avatar\\\/7929e9b034aeea560319a601e4f04c59eb5f45a79eafe192adabb67e9604e7e7?s=96&d=mm&r=g\",\"caption\":\"Tupaq\"},\"url\":\"https:\\\/\\\/pulso27.com\\\/en\\\/author\\\/tupaq\\\/\"}]}<\/script>\n<!-- \/ Yoast SEO plugin. -->","yoast_head_json":{"title":"Programan protestas contra r\u00e9gimen de Boluarte y Ot\u00e1rola - Pulso27","robots":{"index":"index","follow":"follow","max-snippet":"max-snippet:-1","max-image-preview":"max-image-preview:large","max-video-preview":"max-video-preview:-1"},"canonical":"https:\/\/pulso27.com\/en\/nacional\/programan-protestas-contra-regimen-de-boluarte-y-otarolasdddddddd\/","og_locale":"en_US","og_type":"article","og_title":"Programan protestas contra r\u00e9gimen de Boluarte y Ot\u00e1rola - Pulso27","og_description":"El Comit\u00e9 Nacional Unificado de Lucha (CNUL) anunci\u00f3 una marcha contra la presidenta Dina Boluarte y el Congreso de la Rep\u00fablica en las 26 regiones del Per\u00fa para exigir el cumplimiento de una plataforma de lucha. As\u00ed lo inform\u00f3 el secretario general de la Confederaci\u00f3n General de los Trabajadores del Per\u00fa (CGTP), Jer\u00f3nimo L\u00f3pez, quien [&hellip;]","og_url":"https:\/\/pulso27.com\/en\/nacional\/programan-protestas-contra-regimen-de-boluarte-y-otarolasdddddddd\/","og_site_name":"Pulso27","article_publisher":"https:\/\/www.facebook.com\/pulso27\/","article_published_time":"2024-02-09T21:38:28+00:00","article_modified_time":"2024-02-12T00:08:45+00:00","og_image":[{"width":640,"height":371,"url":"https:\/\/pulso27.com\/wp-content\/uploads\/2024\/02\/Boluar.png","type":"image\/png"}],"author":"Tupaq","twitter_card":"summary_large_image","twitter_creator":"@Pulso_27","twitter_site":"@Pulso_27","twitter_misc":{"Written by":"Tupaq","Est. reading time":"2 minutes"},"schema":{"@context":"https:\/\/schema.org","@graph":[{"@type":"Article","@id":"https:\/\/pulso27.com\/nacional\/programan-protestas-contra-regimen-de-boluarte-y-otarolasdddddddd\/#article","isPartOf":{"@id":"https:\/\/pulso27.com\/nacional\/programan-protestas-contra-regimen-de-boluarte-y-otarolasdddddddd\/"},"author":{"name":"Tupaq","@id":"https:\/\/pulso27.com\/en\/#\/schema\/person\/d20fd7f5bc7f2e53fd150d43fca07a78"},"headline":"Programan protestas contra r\u00e9gimen de Boluarte y Ot\u00e1rola","datePublished":"2024-02-09T21:38:28+00:00","dateModified":"2024-02-12T00:08:45+00:00","mainEntityOfPage":{"@id":"https:\/\/pulso27.com\/nacional\/programan-protestas-contra-regimen-de-boluarte-y-otarolasdddddddd\/"},"wordCount":450,"commentCount":0,"publisher":{"@id":"https:\/\/pulso27.com\/en\/#organization"},"image":{"@id":"https:\/\/pulso27.com\/nacional\/programan-protestas-contra-regimen-de-boluarte-y-otarolasdddddddd\/#primaryimage"},"thumbnailUrl":"https:\/\/pulso27.com\/wp-content\/uploads\/2024\/02\/Boluar.png","articleSection":["Actualidad","Nacional"],"inLanguage":"en-US","potentialAction":[{"@type":"CommentAction","name":"Comment","target":["https:\/\/pulso27.com\/nacional\/programan-protestas-contra-regimen-de-boluarte-y-otarolasdddddddd\/#respond"]}]},{"@type":"WebPage","@id":"https:\/\/pulso27.com\/nacional\/programan-protestas-contra-regimen-de-boluarte-y-otarolasdddddddd\/","url":"https:\/\/pulso27.com\/nacional\/programan-protestas-contra-regimen-de-boluarte-y-otarolasdddddddd\/","name":"Programan protestas contra r\u00e9gimen de Boluarte y Ot\u00e1rola - Pulso27","isPartOf":{"@id":"https:\/\/pulso27.com\/en\/#website"},"primaryImageOfPage":{"@id":"https:\/\/pulso27.com\/nacional\/programan-protestas-contra-regimen-de-boluarte-y-otarolasdddddddd\/#primaryimage"},"image":{"@id":"https:\/\/pulso27.com\/nacional\/programan-protestas-contra-regimen-de-boluarte-y-otarolasdddddddd\/#primaryimage"},"thumbnailUrl":"https:\/\/pulso27.com\/wp-content\/uploads\/2024\/02\/Boluar.png","datePublished":"2024-02-09T21:38:28+00:00","dateModified":"2024-02-12T00:08:45+00:00","breadcrumb":{"@id":"https:\/\/pulso27.com\/nacional\/programan-protestas-contra-regimen-de-boluarte-y-otarolasdddddddd\/#breadcrumb"},"inLanguage":"en-US","potentialAction":[{"@type":"ReadAction","target":["https:\/\/pulso27.com\/nacional\/programan-protestas-contra-regimen-de-boluarte-y-otarolasdddddddd\/"]}]},{"@type":"ImageObject","inLanguage":"en-US","@id":"https:\/\/pulso27.com\/nacional\/programan-protestas-contra-regimen-de-boluarte-y-otarolasdddddddd\/#primaryimage","url":"https:\/\/pulso27.com\/wp-content\/uploads\/2024\/02\/Boluar.png","contentUrl":"https:\/\/pulso27.com\/wp-content\/uploads\/2024\/02\/Boluar.png","width":640,"height":371},{"@type":"BreadcrumbList","@id":"https:\/\/pulso27.com\/nacional\/programan-protestas-contra-regimen-de-boluarte-y-otarolasdddddddd\/#breadcrumb","itemListElement":[{"@type":"ListItem","position":1,"name":"Portada","item":"https:\/\/pulso27.com\/"},{"@type":"ListItem","position":2,"name":"Programan protestas contra r\u00e9gimen de Boluarte y Ot\u00e1rola"}]},{"@type":"WebSite","@id":"https:\/\/pulso27.com\/en\/#website","url":"https:\/\/pulso27.com\/en\/","name":"Pulso27","description":"Web de noticias y publicidad","publisher":{"@id":"https:\/\/pulso27.com\/en\/#organization"},"alternateName":"El pulso del pueblo","potentialAction":[{"@type":"SearchAction","target":{"@type":"EntryPoint","urlTemplate":"https:\/\/pulso27.com\/en\/?s={search_term_string}"},"query-input":{"@type":"PropertyValueSpecification","valueRequired":true,"valueName":"search_term_string"}}],"inLanguage":"en-US"},{"@type":"Organization","@id":"https:\/\/pulso27.com\/en\/#organization","name":"Pulso27","url":"https:\/\/pulso27.com\/en\/","logo":{"@type":"ImageObject","inLanguage":"en-US","@id":"https:\/\/pulso27.com\/en\/#\/schema\/logo\/image\/","url":"https:\/\/pulso27.com\/wp-content\/uploads\/2026\/02\/Logotipo-de-la-organizacion-696-x-696-px-ok.png","contentUrl":"https:\/\/pulso27.com\/wp-content\/uploads\/2026\/02\/Logotipo-de-la-organizacion-696-x-696-px-ok.png","width":696,"height":696,"caption":"Pulso27"},"image":{"@id":"https:\/\/pulso27.com\/en\/#\/schema\/logo\/image\/"},"sameAs":["https:\/\/www.facebook.com\/pulso27\/","https:\/\/x.com\/Pulso_27","https:\/\/www.youtube.com\/@Pulso27","https:\/\/www.tiktok.com\/@pulso_27"]},{"@type":"Person","@id":"https:\/\/pulso27.com\/en\/#\/schema\/person\/d20fd7f5bc7f2e53fd150d43fca07a78","name":"Tupaq","image":{"@type":"ImageObject","inLanguage":"en-US","@id":"https:\/\/secure.gravatar.com\/avatar\/7929e9b034aeea560319a601e4f04c59eb5f45a79eafe192adabb67e9604e7e7?s=96&d=mm&r=g","url":"https:\/\/secure.gravatar.com\/avatar\/7929e9b034aeea560319a601e4f04c59eb5f45a79eafe192adabb67e9604e7e7?s=96&d=mm&r=g","contentUrl":"https:\/\/secure.gravatar.com\/avatar\/7929e9b034aeea560319a601e4f04c59eb5f45a79eafe192adabb67e9604e7e7?s=96&d=mm&r=g","caption":"Tupaq"},"url":"https:\/\/pulso27.com\/en\/author\/tupaq\/"}]}},"amp_enabled":true,"_links":{"self":[{"href":"https:\/\/pulso27.com\/en\/wp-json\/wp\/v2\/posts\/1254","targetHints":{"allow":["GET"]}}],"collection":[{"href":"https:\/\/pulso27.com\/en\/wp-json\/wp\/v2\/posts"}],"about":[{"href":"https:\/\/pulso27.com\/en\/wp-json\/wp\/v2\/types\/post"}],"author":[{"embeddable":true,"href":"https:\/\/pulso27.com\/en\/wp-json\/wp\/v2\/users\/7"}],"replies":[{"embeddable":true,"href":"https:\/\/pulso27.com\/en\/wp-json\/wp\/v2\/comments?post=1254"}],"version-history":[{"count":3,"href":"https:\/\/pulso27.com\/en\/wp-json\/wp\/v2\/posts\/1254\/revisions"}],"predecessor-version":[{"id":1261,"href":"https:\/\/pulso27.com\/en\/wp-json\/wp\/v2\/posts\/1254\/revisions\/1261"}],"wp:featuredmedia":[{"embeddable":true,"href":"https:\/\/pulso27.com\/en\/wp-json\/wp\/v2\/media\/1255"}],"wp:attachment":[{"href":"https:\/\/pulso27.com\/en\/wp-json\/wp\/v2\/media?parent=1254"}],"wp:term":[{"taxonomy":"category","embeddable":true,"href":"https:\/\/pulso27.com\/en\/wp-json\/wp\/v2\/categories?post=1254"},{"taxonomy":"post_tag","embeddable":true,"href":"https:\/\/pulso27.com\/en\/wp-json\/wp\/v2\/tags?post=1254"}],"curies":[{"name":"wp","href":"https:\/\/api.w.org\/{rel}","templated":true}]}}