{"id":1269,"date":"2024-02-12T18:32:34","date_gmt":"2024-02-12T13:32:34","guid":{"rendered":"https:\/\/pulso27.com\/es\/?p=1269"},"modified":"2024-02-12T18:32:35","modified_gmt":"2024-02-12T13:32:35","slug":"villanueva-senala-acuerdo-para-no-formalizar-investigacion-a-boluarte-por-lavado-de-activos","status":"publish","type":"post","link":"https:\/\/pulso27.com\/en\/nacional\/villanueva-senala-acuerdo-para-no-formalizar-investigacion-a-boluarte-por-lavado-de-activos\/","title":{"rendered":"Villanueva se\u00f1ala  acuerdo para no formalizar investigaci\u00f3n a Boluarte por lavado de activos"},"content":{"rendered":"<p>El exasesor de Patricia Benavides indic\u00f3 ante Fiscal\u00eda que el abogado de Dina Boluarte le pidi\u00f3 no formalizar la investigaci\u00f3n por el financiamiento de Per\u00fa Libre contra su patrocinada, pues ella iba a ser la pr\u00f3xima presidenta. El dominical Punto Final sostiene que Villanueva revel\u00f3 que Rafael Vela le comunic\u00f3 este pedido al fiscal Richard Rojas, quien lo ejecut\u00f3.<br>Una nueva declaraci\u00f3n de Jaime Villanueva, quien fue asesor de la exfiscal de la Naci\u00f3n, Patricia Benavides, involucra al suspendido fiscal supremo, Rafael Vela, en un pedido para que no se formalice la investigaci\u00f3n a la presidenta Dina Boluarte por el financiamiento de Per\u00fa Libre.<\/p>\n\n\n\n<p>Este nuevo extracto del testimonio de Villanueva fue presentado por el dominical Punto Final y sostiene que la defensa de Dina Boluarte plante\u00f3 a Jaime Villanueva un pedido para que la entonces vicepresidenta no sea involucrada en dicha investigaci\u00f3n, que estaba por formalizarse, seg\u00fan le hab\u00eda comentado Rafael Vela.<\/p>\n\n\n\n<p>\u201c\u00d3scar Nieves era abogado de Dina Boluarte y ella si estaba incluida en la investigaci\u00f3n que me refer\u00ed antes, y Rafael Vela ya me hab\u00eda comentado que esto estaba para formalizarse, y que iba a hacer incluso un pedido de prisi\u00f3n preventiva\u201d, se\u00f1ala el extracto de la declaraci\u00f3n de Jaime Villanueva presentado por Punto Final.<\/p>\n\n\n\n<p>\u201cEntonces ah\u00ed lo que me pide en esa reuni\u00f3n \u00d3scar Nieves es que no la incluya a Dina Boluarte en ese pedido en esa formalizaci\u00f3n y yo hablo con Rafael Vela y le digo lo que \u00d3scar Nieves me hab\u00eda dicho que lo m\u00e1s probable es que Dina Boluarte sea la pr\u00f3xima presidenta, y que para eso suceda no ten\u00eda que tener investigaciones\u201d, se agrega.<\/p>\n\n\n\n<p>Asimismo, en el dominical Punto Final indicaron que, en otro extracto de la declaraci\u00f3n, Villanueva se\u00f1ala que Rafael Vela le comunic\u00f3 este pedido a Richard Rojas, el fiscal encargado del caso de por el financiamiento de Per\u00fa Libre, y que entonces Dina Boluarte no fue incluida en la formalizaci\u00f3n de investigaci\u00f3n.<\/p>\n\n\n\n<p>Situaci\u00f3n de Boluarte en este caso<br>Actualmente la hoy mandataria contin\u00faa como investigada preliminarmente por este caso. En marzo de 2023, el fiscal Richard Rojas dispuso que Dina Boluarte, junto al expresidente Pedro Castillo y el exasesor de Palacio de Gobierno, Henry Shimabukuro, en la investigaci\u00f3n por lavado de activos en la campa\u00f1a electoral de Per\u00fa Libre en 2021.<\/p>\n\n\n\n<p>Esto luego de que Shimabukuro entregara a Fiscal\u00eda una serie de audios, fotograf\u00edas y conversaciones de WhatsApp que demostrar\u00edan las coordinaciones que realizaba con Dina Boluarte durante la segunda vuelta de las elecciones generales de 2021.<\/p>\n\n\n\n<p>Seg\u00fan el tambi\u00e9n empresario, las conversaciones con la entonces candidata a la Vicepresidencia incluyen agradecimiento por las compras, aportes y el apoyo dado en la campa\u00f1a. \u00abS\u00ed, hay cruces de WhatsApp donde ella me agradece por las compras de pasajes o vi\u00e1ticos. Esas son pruebas suficientes\u00bb, sostuvo.<\/p>\n\n\n\n<p>Al respecto, Rafael Vela, coordinador de la Fiscal\u00eda de Lavado de Activos, explic\u00f3 que Boluarte tambi\u00e9n est\u00e1 vinculada a una anterior investigaci\u00f3n que se le inici\u00f3 en junio de 2021 y que se vincula al lavado de activos relacionado al financiamiento de la campa\u00f1a de primera vuelta de Per\u00fa Libre, as\u00ed como la organizaci\u00f3n criminal \u2018Los din\u00e1micos del centro\u2019 y \u2018Los tiranos del centro\u2019.<\/p>\n\n\n\n<p>Precis\u00f3 en esa l\u00ednea, que la investigaci\u00f3n contra Boluarte corresponde a hechos producidos durante segunda vuelta de dicho proceso electoral, es decir, que son anteriores al ejercicio de la condici\u00f3n de vicepresidenta o presidenta de la Rep\u00fablica que pudo ostentar desde entonces.<\/p>\n\n\n\n<p>Fuente: RPP<\/p>","protected":false},"excerpt":{"rendered":"<p>El exasesor de Patricia Benavides indic\u00f3 ante Fiscal\u00eda que el abogado de Dina Boluarte le pidi\u00f3 no formalizar la investigaci\u00f3n por el financiamiento de Per\u00fa Libre contra su patrocinada, pues ella iba a ser la pr\u00f3xima presidenta. El dominical Punto Final sostiene que Villanueva revel\u00f3 que Rafael Vela le comunic\u00f3 este pedido al fiscal Richard [&hellip;]<\/p>\n","protected":false},"author":10,"featured_media":1270,"comment_status":"open","ping_status":"open","sticky":false,"template":"","format":"standard","meta":{"footnotes":""},"categories":[183,174,180],"tags":[305],"class_list":["post-1269","post","type-post","status-publish","format-standard","has-post-thumbnail","hentry","category-actualidad","category-nacional","category-politica","tag-politica-2"],"yoast_head":"<!-- This site is optimized with the Yoast SEO plugin v27.4 - https:\/\/yoast.com\/product\/yoast-seo-wordpress\/ -->\n<title>Villanueva se\u00f1ala acuerdo para no formalizar investigaci\u00f3n a Boluarte por lavado de activos - Pulso27<\/title>\n<meta name=\"robots\" content=\"index, follow, max-snippet:-1, max-image-preview:large, max-video-preview:-1\" \/>\n<link rel=\"canonical\" href=\"https:\/\/pulso27.com\/en\/nacional\/villanueva-senala-acuerdo-para-no-formalizar-investigacion-a-boluarte-por-lavado-de-activos\/\" \/>\n<meta property=\"og:locale\" content=\"en_US\" \/>\n<meta property=\"og:type\" content=\"article\" \/>\n<meta property=\"og:title\" content=\"Villanueva se\u00f1ala acuerdo para no formalizar investigaci\u00f3n a Boluarte por lavado de activos - Pulso27\" \/>\n<meta property=\"og:description\" content=\"El exasesor de Patricia Benavides indic\u00f3 ante Fiscal\u00eda que el abogado de Dina Boluarte le pidi\u00f3 no formalizar la investigaci\u00f3n por el financiamiento de Per\u00fa Libre contra su patrocinada, pues ella iba a ser la pr\u00f3xima presidenta. El dominical Punto Final sostiene que Villanueva revel\u00f3 que Rafael Vela le comunic\u00f3 este pedido al fiscal Richard [&hellip;]\" \/>\n<meta property=\"og:url\" content=\"https:\/\/pulso27.com\/en\/nacional\/villanueva-senala-acuerdo-para-no-formalizar-investigacion-a-boluarte-por-lavado-de-activos\/\" \/>\n<meta property=\"og:site_name\" content=\"Pulso27\" \/>\n<meta property=\"article:publisher\" content=\"https:\/\/www.facebook.com\/pulso27\/\" \/>\n<meta property=\"article:published_time\" content=\"2024-02-12T13:32:34+00:00\" \/>\n<meta property=\"article:modified_time\" content=\"2024-02-12T13:32:35+00:00\" \/>\n<meta property=\"og:image\" content=\"https:\/\/pulso27.com\/wp-content\/uploads\/2024\/02\/boluarte02_2024.png\" \/>\n\t<meta property=\"og:image:width\" content=\"1191\" \/>\n\t<meta property=\"og:image:height\" content=\"675\" \/>\n\t<meta property=\"og:image:type\" content=\"image\/png\" \/>\n<meta name=\"author\" content=\"El Muki\" \/>\n<meta name=\"twitter:card\" content=\"summary_large_image\" \/>\n<meta name=\"twitter:creator\" content=\"@Pulso_27\" \/>\n<meta name=\"twitter:site\" content=\"@Pulso_27\" \/>\n<meta name=\"twitter:label1\" content=\"Written by\" \/>\n\t<meta name=\"twitter:data1\" content=\"El Muki\" \/>\n\t<meta name=\"twitter:label2\" content=\"Est. reading time\" \/>\n\t<meta name=\"twitter:data2\" content=\"3 minutes\" \/>\n<script type=\"application\/ld+json\" class=\"yoast-schema-graph\">{\"@context\":\"https:\\\/\\\/schema.org\",\"@graph\":[{\"@type\":\"Article\",\"@id\":\"https:\\\/\\\/pulso27.com\\\/nacional\\\/villanueva-senala-acuerdo-para-no-formalizar-investigacion-a-boluarte-por-lavado-de-activos\\\/#article\",\"isPartOf\":{\"@id\":\"https:\\\/\\\/pulso27.com\\\/nacional\\\/villanueva-senala-acuerdo-para-no-formalizar-investigacion-a-boluarte-por-lavado-de-activos\\\/\"},\"author\":{\"name\":\"El Muki\",\"@id\":\"https:\\\/\\\/pulso27.com\\\/en\\\/#\\\/schema\\\/person\\\/a0930a7f318e7d9d83bd7cffed9f34f6\"},\"headline\":\"Villanueva se\u00f1ala acuerdo para no formalizar investigaci\u00f3n a Boluarte por lavado de activos\",\"datePublished\":\"2024-02-12T13:32:34+00:00\",\"dateModified\":\"2024-02-12T13:32:35+00:00\",\"mainEntityOfPage\":{\"@id\":\"https:\\\/\\\/pulso27.com\\\/nacional\\\/villanueva-senala-acuerdo-para-no-formalizar-investigacion-a-boluarte-por-lavado-de-activos\\\/\"},\"wordCount\":629,\"commentCount\":0,\"publisher\":{\"@id\":\"https:\\\/\\\/pulso27.com\\\/en\\\/#organization\"},\"image\":{\"@id\":\"https:\\\/\\\/pulso27.com\\\/nacional\\\/villanueva-senala-acuerdo-para-no-formalizar-investigacion-a-boluarte-por-lavado-de-activos\\\/#primaryimage\"},\"thumbnailUrl\":\"https:\\\/\\\/pulso27.com\\\/wp-content\\\/uploads\\\/2024\\\/02\\\/boluarte02_2024.png\",\"keywords\":[\"Pol\u00edtica\"],\"articleSection\":[\"Actualidad\",\"Nacional\",\"Pol\u00edtica\"],\"inLanguage\":\"en-US\",\"potentialAction\":[{\"@type\":\"CommentAction\",\"name\":\"Comment\",\"target\":[\"https:\\\/\\\/pulso27.com\\\/nacional\\\/villanueva-senala-acuerdo-para-no-formalizar-investigacion-a-boluarte-por-lavado-de-activos\\\/#respond\"]}]},{\"@type\":\"WebPage\",\"@id\":\"https:\\\/\\\/pulso27.com\\\/nacional\\\/villanueva-senala-acuerdo-para-no-formalizar-investigacion-a-boluarte-por-lavado-de-activos\\\/\",\"url\":\"https:\\\/\\\/pulso27.com\\\/nacional\\\/villanueva-senala-acuerdo-para-no-formalizar-investigacion-a-boluarte-por-lavado-de-activos\\\/\",\"name\":\"Villanueva se\u00f1ala acuerdo para no formalizar investigaci\u00f3n a Boluarte por lavado de activos - Pulso27\",\"isPartOf\":{\"@id\":\"https:\\\/\\\/pulso27.com\\\/en\\\/#website\"},\"primaryImageOfPage\":{\"@id\":\"https:\\\/\\\/pulso27.com\\\/nacional\\\/villanueva-senala-acuerdo-para-no-formalizar-investigacion-a-boluarte-por-lavado-de-activos\\\/#primaryimage\"},\"image\":{\"@id\":\"https:\\\/\\\/pulso27.com\\\/nacional\\\/villanueva-senala-acuerdo-para-no-formalizar-investigacion-a-boluarte-por-lavado-de-activos\\\/#primaryimage\"},\"thumbnailUrl\":\"https:\\\/\\\/pulso27.com\\\/wp-content\\\/uploads\\\/2024\\\/02\\\/boluarte02_2024.png\",\"datePublished\":\"2024-02-12T13:32:34+00:00\",\"dateModified\":\"2024-02-12T13:32:35+00:00\",\"breadcrumb\":{\"@id\":\"https:\\\/\\\/pulso27.com\\\/nacional\\\/villanueva-senala-acuerdo-para-no-formalizar-investigacion-a-boluarte-por-lavado-de-activos\\\/#breadcrumb\"},\"inLanguage\":\"en-US\",\"potentialAction\":[{\"@type\":\"ReadAction\",\"target\":[\"https:\\\/\\\/pulso27.com\\\/nacional\\\/villanueva-senala-acuerdo-para-no-formalizar-investigacion-a-boluarte-por-lavado-de-activos\\\/\"]}]},{\"@type\":\"ImageObject\",\"inLanguage\":\"en-US\",\"@id\":\"https:\\\/\\\/pulso27.com\\\/nacional\\\/villanueva-senala-acuerdo-para-no-formalizar-investigacion-a-boluarte-por-lavado-de-activos\\\/#primaryimage\",\"url\":\"https:\\\/\\\/pulso27.com\\\/wp-content\\\/uploads\\\/2024\\\/02\\\/boluarte02_2024.png\",\"contentUrl\":\"https:\\\/\\\/pulso27.com\\\/wp-content\\\/uploads\\\/2024\\\/02\\\/boluarte02_2024.png\",\"width\":1191,\"height\":675},{\"@type\":\"BreadcrumbList\",\"@id\":\"https:\\\/\\\/pulso27.com\\\/nacional\\\/villanueva-senala-acuerdo-para-no-formalizar-investigacion-a-boluarte-por-lavado-de-activos\\\/#breadcrumb\",\"itemListElement\":[{\"@type\":\"ListItem\",\"position\":1,\"name\":\"Portada\",\"item\":\"https:\\\/\\\/pulso27.com\\\/\"},{\"@type\":\"ListItem\",\"position\":2,\"name\":\"Villanueva se\u00f1ala acuerdo para no formalizar investigaci\u00f3n a Boluarte por lavado de activos\"}]},{\"@type\":\"WebSite\",\"@id\":\"https:\\\/\\\/pulso27.com\\\/en\\\/#website\",\"url\":\"https:\\\/\\\/pulso27.com\\\/en\\\/\",\"name\":\"Pulso27\",\"description\":\"Web de noticias y publicidad\",\"publisher\":{\"@id\":\"https:\\\/\\\/pulso27.com\\\/en\\\/#organization\"},\"alternateName\":\"El pulso del pueblo\",\"potentialAction\":[{\"@type\":\"SearchAction\",\"target\":{\"@type\":\"EntryPoint\",\"urlTemplate\":\"https:\\\/\\\/pulso27.com\\\/en\\\/?s={search_term_string}\"},\"query-input\":{\"@type\":\"PropertyValueSpecification\",\"valueRequired\":true,\"valueName\":\"search_term_string\"}}],\"inLanguage\":\"en-US\"},{\"@type\":\"Organization\",\"@id\":\"https:\\\/\\\/pulso27.com\\\/en\\\/#organization\",\"name\":\"Pulso27\",\"url\":\"https:\\\/\\\/pulso27.com\\\/en\\\/\",\"logo\":{\"@type\":\"ImageObject\",\"inLanguage\":\"en-US\",\"@id\":\"https:\\\/\\\/pulso27.com\\\/en\\\/#\\\/schema\\\/logo\\\/image\\\/\",\"url\":\"https:\\\/\\\/pulso27.com\\\/wp-content\\\/uploads\\\/2026\\\/02\\\/Logotipo-de-la-organizacion-696-x-696-px-ok.png\",\"contentUrl\":\"https:\\\/\\\/pulso27.com\\\/wp-content\\\/uploads\\\/2026\\\/02\\\/Logotipo-de-la-organizacion-696-x-696-px-ok.png\",\"width\":696,\"height\":696,\"caption\":\"Pulso27\"},\"image\":{\"@id\":\"https:\\\/\\\/pulso27.com\\\/en\\\/#\\\/schema\\\/logo\\\/image\\\/\"},\"sameAs\":[\"https:\\\/\\\/www.facebook.com\\\/pulso27\\\/\",\"https:\\\/\\\/x.com\\\/Pulso_27\",\"https:\\\/\\\/www.youtube.com\\\/@Pulso27\",\"https:\\\/\\\/www.tiktok.com\\\/@pulso_27\"]},{\"@type\":\"Person\",\"@id\":\"https:\\\/\\\/pulso27.com\\\/en\\\/#\\\/schema\\\/person\\\/a0930a7f318e7d9d83bd7cffed9f34f6\",\"name\":\"El Muki\",\"image\":{\"@type\":\"ImageObject\",\"inLanguage\":\"en-US\",\"@id\":\"https:\\\/\\\/secure.gravatar.com\\\/avatar\\\/dc91c2607c5eebda74cbb40d13031f489096c96ead89c4c30c17db262267b2b3?s=96&d=mm&r=g\",\"url\":\"https:\\\/\\\/secure.gravatar.com\\\/avatar\\\/dc91c2607c5eebda74cbb40d13031f489096c96ead89c4c30c17db262267b2b3?s=96&d=mm&r=g\",\"contentUrl\":\"https:\\\/\\\/secure.gravatar.com\\\/avatar\\\/dc91c2607c5eebda74cbb40d13031f489096c96ead89c4c30c17db262267b2b3?s=96&d=mm&r=g\",\"caption\":\"El Muki\"},\"sameAs\":[\"http:\\\/\\\/www.pulso27.com\"],\"url\":\"https:\\\/\\\/pulso27.com\\\/en\\\/author\\\/elcuervo\\\/\"}]}<\/script>\n<!-- \/ Yoast SEO plugin. -->","yoast_head_json":{"title":"Villanueva se\u00f1ala acuerdo para no formalizar investigaci\u00f3n a Boluarte por lavado de activos - Pulso27","robots":{"index":"index","follow":"follow","max-snippet":"max-snippet:-1","max-image-preview":"max-image-preview:large","max-video-preview":"max-video-preview:-1"},"canonical":"https:\/\/pulso27.com\/en\/nacional\/villanueva-senala-acuerdo-para-no-formalizar-investigacion-a-boluarte-por-lavado-de-activos\/","og_locale":"en_US","og_type":"article","og_title":"Villanueva se\u00f1ala acuerdo para no formalizar investigaci\u00f3n a Boluarte por lavado de activos - Pulso27","og_description":"El exasesor de Patricia Benavides indic\u00f3 ante Fiscal\u00eda que el abogado de Dina Boluarte le pidi\u00f3 no formalizar la investigaci\u00f3n por el financiamiento de Per\u00fa Libre contra su patrocinada, pues ella iba a ser la pr\u00f3xima presidenta. El dominical Punto Final sostiene que Villanueva revel\u00f3 que Rafael Vela le comunic\u00f3 este pedido al fiscal Richard [&hellip;]","og_url":"https:\/\/pulso27.com\/en\/nacional\/villanueva-senala-acuerdo-para-no-formalizar-investigacion-a-boluarte-por-lavado-de-activos\/","og_site_name":"Pulso27","article_publisher":"https:\/\/www.facebook.com\/pulso27\/","article_published_time":"2024-02-12T13:32:34+00:00","article_modified_time":"2024-02-12T13:32:35+00:00","og_image":[{"width":1191,"height":675,"url":"https:\/\/pulso27.com\/wp-content\/uploads\/2024\/02\/boluarte02_2024.png","type":"image\/png"}],"author":"El Muki","twitter_card":"summary_large_image","twitter_creator":"@Pulso_27","twitter_site":"@Pulso_27","twitter_misc":{"Written by":"El Muki","Est. reading time":"3 minutes"},"schema":{"@context":"https:\/\/schema.org","@graph":[{"@type":"Article","@id":"https:\/\/pulso27.com\/nacional\/villanueva-senala-acuerdo-para-no-formalizar-investigacion-a-boluarte-por-lavado-de-activos\/#article","isPartOf":{"@id":"https:\/\/pulso27.com\/nacional\/villanueva-senala-acuerdo-para-no-formalizar-investigacion-a-boluarte-por-lavado-de-activos\/"},"author":{"name":"El Muki","@id":"https:\/\/pulso27.com\/en\/#\/schema\/person\/a0930a7f318e7d9d83bd7cffed9f34f6"},"headline":"Villanueva se\u00f1ala acuerdo para no formalizar investigaci\u00f3n a Boluarte por lavado de activos","datePublished":"2024-02-12T13:32:34+00:00","dateModified":"2024-02-12T13:32:35+00:00","mainEntityOfPage":{"@id":"https:\/\/pulso27.com\/nacional\/villanueva-senala-acuerdo-para-no-formalizar-investigacion-a-boluarte-por-lavado-de-activos\/"},"wordCount":629,"commentCount":0,"publisher":{"@id":"https:\/\/pulso27.com\/en\/#organization"},"image":{"@id":"https:\/\/pulso27.com\/nacional\/villanueva-senala-acuerdo-para-no-formalizar-investigacion-a-boluarte-por-lavado-de-activos\/#primaryimage"},"thumbnailUrl":"https:\/\/pulso27.com\/wp-content\/uploads\/2024\/02\/boluarte02_2024.png","keywords":["Pol\u00edtica"],"articleSection":["Actualidad","Nacional","Pol\u00edtica"],"inLanguage":"en-US","potentialAction":[{"@type":"CommentAction","name":"Comment","target":["https:\/\/pulso27.com\/nacional\/villanueva-senala-acuerdo-para-no-formalizar-investigacion-a-boluarte-por-lavado-de-activos\/#respond"]}]},{"@type":"WebPage","@id":"https:\/\/pulso27.com\/nacional\/villanueva-senala-acuerdo-para-no-formalizar-investigacion-a-boluarte-por-lavado-de-activos\/","url":"https:\/\/pulso27.com\/nacional\/villanueva-senala-acuerdo-para-no-formalizar-investigacion-a-boluarte-por-lavado-de-activos\/","name":"Villanueva se\u00f1ala acuerdo para no formalizar investigaci\u00f3n a Boluarte por lavado de activos - Pulso27","isPartOf":{"@id":"https:\/\/pulso27.com\/en\/#website"},"primaryImageOfPage":{"@id":"https:\/\/pulso27.com\/nacional\/villanueva-senala-acuerdo-para-no-formalizar-investigacion-a-boluarte-por-lavado-de-activos\/#primaryimage"},"image":{"@id":"https:\/\/pulso27.com\/nacional\/villanueva-senala-acuerdo-para-no-formalizar-investigacion-a-boluarte-por-lavado-de-activos\/#primaryimage"},"thumbnailUrl":"https:\/\/pulso27.com\/wp-content\/uploads\/2024\/02\/boluarte02_2024.png","datePublished":"2024-02-12T13:32:34+00:00","dateModified":"2024-02-12T13:32:35+00:00","breadcrumb":{"@id":"https:\/\/pulso27.com\/nacional\/villanueva-senala-acuerdo-para-no-formalizar-investigacion-a-boluarte-por-lavado-de-activos\/#breadcrumb"},"inLanguage":"en-US","potentialAction":[{"@type":"ReadAction","target":["https:\/\/pulso27.com\/nacional\/villanueva-senala-acuerdo-para-no-formalizar-investigacion-a-boluarte-por-lavado-de-activos\/"]}]},{"@type":"ImageObject","inLanguage":"en-US","@id":"https:\/\/pulso27.com\/nacional\/villanueva-senala-acuerdo-para-no-formalizar-investigacion-a-boluarte-por-lavado-de-activos\/#primaryimage","url":"https:\/\/pulso27.com\/wp-content\/uploads\/2024\/02\/boluarte02_2024.png","contentUrl":"https:\/\/pulso27.com\/wp-content\/uploads\/2024\/02\/boluarte02_2024.png","width":1191,"height":675},{"@type":"BreadcrumbList","@id":"https:\/\/pulso27.com\/nacional\/villanueva-senala-acuerdo-para-no-formalizar-investigacion-a-boluarte-por-lavado-de-activos\/#breadcrumb","itemListElement":[{"@type":"ListItem","position":1,"name":"Portada","item":"https:\/\/pulso27.com\/"},{"@type":"ListItem","position":2,"name":"Villanueva se\u00f1ala acuerdo para no formalizar investigaci\u00f3n a Boluarte por lavado de activos"}]},{"@type":"WebSite","@id":"https:\/\/pulso27.com\/en\/#website","url":"https:\/\/pulso27.com\/en\/","name":"Pulso27","description":"Web de noticias y publicidad","publisher":{"@id":"https:\/\/pulso27.com\/en\/#organization"},"alternateName":"El pulso del pueblo","potentialAction":[{"@type":"SearchAction","target":{"@type":"EntryPoint","urlTemplate":"https:\/\/pulso27.com\/en\/?s={search_term_string}"},"query-input":{"@type":"PropertyValueSpecification","valueRequired":true,"valueName":"search_term_string"}}],"inLanguage":"en-US"},{"@type":"Organization","@id":"https:\/\/pulso27.com\/en\/#organization","name":"Pulso27","url":"https:\/\/pulso27.com\/en\/","logo":{"@type":"ImageObject","inLanguage":"en-US","@id":"https:\/\/pulso27.com\/en\/#\/schema\/logo\/image\/","url":"https:\/\/pulso27.com\/wp-content\/uploads\/2026\/02\/Logotipo-de-la-organizacion-696-x-696-px-ok.png","contentUrl":"https:\/\/pulso27.com\/wp-content\/uploads\/2026\/02\/Logotipo-de-la-organizacion-696-x-696-px-ok.png","width":696,"height":696,"caption":"Pulso27"},"image":{"@id":"https:\/\/pulso27.com\/en\/#\/schema\/logo\/image\/"},"sameAs":["https:\/\/www.facebook.com\/pulso27\/","https:\/\/x.com\/Pulso_27","https:\/\/www.youtube.com\/@Pulso27","https:\/\/www.tiktok.com\/@pulso_27"]},{"@type":"Person","@id":"https:\/\/pulso27.com\/en\/#\/schema\/person\/a0930a7f318e7d9d83bd7cffed9f34f6","name":"El Muki","image":{"@type":"ImageObject","inLanguage":"en-US","@id":"https:\/\/secure.gravatar.com\/avatar\/dc91c2607c5eebda74cbb40d13031f489096c96ead89c4c30c17db262267b2b3?s=96&d=mm&r=g","url":"https:\/\/secure.gravatar.com\/avatar\/dc91c2607c5eebda74cbb40d13031f489096c96ead89c4c30c17db262267b2b3?s=96&d=mm&r=g","contentUrl":"https:\/\/secure.gravatar.com\/avatar\/dc91c2607c5eebda74cbb40d13031f489096c96ead89c4c30c17db262267b2b3?s=96&d=mm&r=g","caption":"El Muki"},"sameAs":["http:\/\/www.pulso27.com"],"url":"https:\/\/pulso27.com\/en\/author\/elcuervo\/"}]}},"amp_enabled":true,"_links":{"self":[{"href":"https:\/\/pulso27.com\/en\/wp-json\/wp\/v2\/posts\/1269","targetHints":{"allow":["GET"]}}],"collection":[{"href":"https:\/\/pulso27.com\/en\/wp-json\/wp\/v2\/posts"}],"about":[{"href":"https:\/\/pulso27.com\/en\/wp-json\/wp\/v2\/types\/post"}],"author":[{"embeddable":true,"href":"https:\/\/pulso27.com\/en\/wp-json\/wp\/v2\/users\/10"}],"replies":[{"embeddable":true,"href":"https:\/\/pulso27.com\/en\/wp-json\/wp\/v2\/comments?post=1269"}],"version-history":[{"count":1,"href":"https:\/\/pulso27.com\/en\/wp-json\/wp\/v2\/posts\/1269\/revisions"}],"predecessor-version":[{"id":1271,"href":"https:\/\/pulso27.com\/en\/wp-json\/wp\/v2\/posts\/1269\/revisions\/1271"}],"wp:featuredmedia":[{"embeddable":true,"href":"https:\/\/pulso27.com\/en\/wp-json\/wp\/v2\/media\/1270"}],"wp:attachment":[{"href":"https:\/\/pulso27.com\/en\/wp-json\/wp\/v2\/media?parent=1269"}],"wp:term":[{"taxonomy":"category","embeddable":true,"href":"https:\/\/pulso27.com\/en\/wp-json\/wp\/v2\/categories?post=1269"},{"taxonomy":"post_tag","embeddable":true,"href":"https:\/\/pulso27.com\/en\/wp-json\/wp\/v2\/tags?post=1269"}],"curies":[{"name":"wp","href":"https:\/\/api.w.org\/{rel}","templated":true}]}}