{"id":1309,"date":"2024-02-15T22:05:13","date_gmt":"2024-02-15T17:05:13","guid":{"rendered":"https:\/\/pulso27.com\/?p=1309"},"modified":"2024-02-15T22:05:48","modified_gmt":"2024-02-15T17:05:48","slug":"luis-galarreta-adelanta-que-fuerza-popular-presentara-denuncia-penal-contra-fiscales-vela-y-perez-gomez","status":"publish","type":"post","link":"https:\/\/pulso27.com\/en\/actualidad\/politica\/luis-galarreta-adelanta-que-fuerza-popular-presentara-denuncia-penal-contra-fiscales-vela-y-perez-gomez\/","title":{"rendered":"Luis Galarreta adelanta que Fuerza Popular presentar\u00e1 denuncia penal contra fiscales Vela y P\u00e9rez G\u00f3mez"},"content":{"rendered":"<p>El secretario del partido fujimorista se\u00f1al\u00f3 que los fiscales, junto al periodista Gustavo Gorriti, \u00abhan politizado la justicia\u00bb y \u00abcomplotaron\u00bb para que Keiko Fujimori vaya a prisi\u00f3n preventiva por el caso &#8216;C\u00f3cteles&#8217;. En esa l\u00ednea, sostuvo que los fiscales deb\u00edan ser separados del Ministerio P\u00fablico mientras se investiga lo dicho por Jaime Villanueva.<br>Luis Galarreta, secretario general de Fuerza Popular, indic\u00f3 este mi\u00e9rcoles que su agrupaci\u00f3n pol\u00edtica presentar\u00e1 una denuncia penal contra quienes resulten responsables por haber complotado para que Keiko Fujimori vaya a prisi\u00f3n preventiva por el caso \u2018C\u00f3cteles\u2019, ello a ra\u00edz de las declaraciones de Jaime Villanueva, exasesor de Patricia Benavides.<\/p>\n\n\n\n<p>En declaraciones a Las cosas como son de RPP Noticias, el parlamentario andino indic\u00f3 que esta denuncia ser\u00eda presentada contra el fiscal Jos\u00e9 Domingo P\u00e9rez G\u00f3mez, el suspendido fiscal Rafael Vela, adem\u00e1s del periodista Gustavo Gorriti, quienes fueron se\u00f1alados por Villanueva de coordinar acciones el marco del caso contra Keiko Fujimori y su partido.<\/p>\n\n\n\n<p>\u201c(Vamos a presentar una denuncia penal) contra todos los que resulten responsables. Gorriti, Vela, P\u00e9rez. Nosotros tenemos que tomar cartas en el asunto\u201d, se\u00f1al\u00f3 el tambi\u00e9n exlegislador del fujimorismo.<\/p>\n\n\n\n<p>Pide que fiscales sean separados del Ministerio P\u00fablico<br>Asimismo, insisti\u00f3 en que el fiscal Jos\u00e9 Domingo P\u00e9rez G\u00f3mez, que est\u00e1 al frente del proceso contra Keiko Fujimori, que inicia su juicio oral el pr\u00f3ximo 1 de julio, debe ser suspendido junto a Rafael Vela por la Junta Nacional de Justicia, mientras se desarrollan las investigaciones de lo dicho por Villanueva.<\/p>\n\n\n\n<figure class=\"wp-block-image size-full is-resized\"><img loading=\"lazy\" decoding=\"async\" width=\"640\" height=\"384\" src=\"https:\/\/pulso27.com\/wp-content\/uploads\/2024\/02\/image-6.png\" alt=\"\" class=\"wp-image-1310\" style=\"width:742px;height:auto\" srcset=\"https:\/\/pulso27.com\/wp-content\/uploads\/2024\/02\/image-6.png 640w, https:\/\/pulso27.com\/wp-content\/uploads\/2024\/02\/image-6-300x180.png 300w, https:\/\/pulso27.com\/wp-content\/uploads\/2024\/02\/image-6-18x12.png 18w, https:\/\/pulso27.com\/wp-content\/uploads\/2024\/02\/image-6-590x354.png 590w, https:\/\/pulso27.com\/wp-content\/uploads\/2024\/02\/image-6-400x240.png 400w\" sizes=\"auto, (max-width: 640px) 100vw, 640px\" \/><\/figure>\n\n\n\n<p>Seg\u00fan explic\u00f3, para Fuerza Popular estos fiscales junto al director de IDL Reporteros integrar\u00edan una organizaci\u00f3n que politiz\u00f3 la justicia y complot\u00f3 para que Keiko Fujimori vaya a prisi\u00f3n preventiva por el caso \u2018C\u00f3cteles\u2019. Ello con el fin de mellar en su imagen pol\u00edtica.<\/p>\n\n\n\n<p>\u201cPara nosotros ac\u00e1 hay una organizaci\u00f3n que ha complotado para meter presa a Keiko Fujimori, para golpear una imagen pol\u00edtica, separarla, distraer, al partido tambi\u00e9n querer sacarlo de carrera por un objetivo pol\u00edtico. Ese es para nosotros un tema clar\u00edsimo, m\u00e1s all\u00e1 de los vicios procesales\u201d, indic\u00f3.<\/p>\n\n\n\n<p>\u201cLo que pasa es que la justicia se ha politizado con estos dos fiscales, por lo menos en los \u00faltimos a\u00f1os, antes tambi\u00e9n seguro y por eso digo, no se trata de mover los p\u00e9ndulos para cada lado, se trata de hacer algo de verdad, una reforma real\u201d, a\u00f1adi\u00f3.<\/p>\n\n\n\n<p>Fujimori pide investigaci\u00f3n<br>La lideresa de Fuerza Popular, Keiko Fujimori, se refiri\u00f3 el jueves pasado a una denuncia respecto de la posible participaci\u00f3n del periodista Gustavo Gorriti en la investigaci\u00f3n que le realiza el Equipo Especial del caso Lava Jato, liderado por los fiscales Jos\u00e9 Domingo P\u00e9rez G\u00f3mez y Rafael Vela.<\/p>\n\n\n\n<p>Mediante su cuenta de X (antes Twitter), la tambi\u00e9n excandidata presidencial se\u00f1al\u00f3 que esta participaci\u00f3n \u201cconfirmar\u00eda\u201d la politizaci\u00f3n del proceso en su contra, que pronto a entrar en juicio oral.<\/p>\n\n\n\n<p>\u201cLa denuncia sobre la posible participaci\u00f3n del se\u00f1or Gustavo Gorriti en el trabajo fiscal de Jos\u00e9 Domingo P\u00e9rez y Rafael Vela confirmar\u00eda lo que siempre hemos sostenido sobre un proceso totalmente pol\u00edtico\u201d, sostuvo.<\/p>\n\n\n\n<p>En esa l\u00ednea, Fujimori pidi\u00f3 que se investigue a fondo de la denuncia hasta que se llegue al fondo del asunto para llegar a conocer los detalles de lo que calific\u00f3 como una \u201cgran injusticia\u201d por la que fue a prisi\u00f3n tres veces.<\/p>\n\n\n\n<p>Fuente: RPP<\/p>","protected":false},"excerpt":{"rendered":"<p>El secretario del partido fujimorista se\u00f1al\u00f3 que los fiscales, junto al periodista Gustavo Gorriti, \u00abhan politizado la justicia\u00bb y \u00abcomplotaron\u00bb para que Keiko Fujimori vaya a prisi\u00f3n preventiva por el caso &#8216;C\u00f3cteles&#8217;. En esa l\u00ednea, sostuvo que los fiscales deb\u00edan ser separados del Ministerio P\u00fablico mientras se investiga lo dicho por Jaime Villanueva.Luis Galarreta, secretario [&hellip;]<\/p>\n","protected":false},"author":10,"featured_media":1311,"comment_status":"open","ping_status":"open","sticky":false,"template":"","format":"standard","meta":{"footnotes":""},"categories":[183,180],"tags":[],"class_list":["post-1309","post","type-post","status-publish","format-standard","has-post-thumbnail","hentry","category-actualidad","category-politica"],"yoast_head":"<!-- This site is optimized with the Yoast SEO plugin v27.4 - https:\/\/yoast.com\/product\/yoast-seo-wordpress\/ -->\n<title>Luis Galarreta adelanta que Fuerza Popular presentar\u00e1 denuncia penal contra fiscales Vela y P\u00e9rez G\u00f3mez - Pulso27<\/title>\n<meta name=\"robots\" content=\"index, follow, max-snippet:-1, max-image-preview:large, max-video-preview:-1\" \/>\n<link rel=\"canonical\" href=\"https:\/\/pulso27.com\/en\/politica\/luis-galarreta-adelanta-que-fuerza-popular-presentara-denuncia-penal-contra-fiscales-vela-y-perez-gomez\/\" \/>\n<meta property=\"og:locale\" content=\"en_US\" \/>\n<meta property=\"og:type\" content=\"article\" \/>\n<meta property=\"og:title\" content=\"Luis Galarreta adelanta que Fuerza Popular presentar\u00e1 denuncia penal contra fiscales Vela y P\u00e9rez G\u00f3mez - Pulso27\" \/>\n<meta property=\"og:description\" content=\"El secretario del partido fujimorista se\u00f1al\u00f3 que los fiscales, junto al periodista Gustavo Gorriti, \u00abhan politizado la justicia\u00bb y \u00abcomplotaron\u00bb para que Keiko Fujimori vaya a prisi\u00f3n preventiva por el caso &#8216;C\u00f3cteles&#8217;. En esa l\u00ednea, sostuvo que los fiscales deb\u00edan ser separados del Ministerio P\u00fablico mientras se investiga lo dicho por Jaime Villanueva.Luis Galarreta, secretario [&hellip;]\" \/>\n<meta property=\"og:url\" content=\"https:\/\/pulso27.com\/en\/politica\/luis-galarreta-adelanta-que-fuerza-popular-presentara-denuncia-penal-contra-fiscales-vela-y-perez-gomez\/\" \/>\n<meta property=\"og:site_name\" content=\"Pulso27\" \/>\n<meta property=\"article:publisher\" content=\"https:\/\/www.facebook.com\/pulso27\/\" \/>\n<meta property=\"article:published_time\" content=\"2024-02-15T17:05:13+00:00\" \/>\n<meta property=\"article:modified_time\" content=\"2024-02-15T17:05:48+00:00\" \/>\n<meta property=\"og:image\" content=\"https:\/\/pulso27.com\/wp-content\/uploads\/2024\/02\/galarreta.png\" \/>\n\t<meta property=\"og:image:width\" content=\"379\" \/>\n\t<meta property=\"og:image:height\" content=\"372\" \/>\n\t<meta property=\"og:image:type\" content=\"image\/png\" \/>\n<meta name=\"author\" content=\"El Muki\" \/>\n<meta name=\"twitter:card\" content=\"summary_large_image\" \/>\n<meta name=\"twitter:creator\" content=\"@Pulso_27\" \/>\n<meta name=\"twitter:site\" content=\"@Pulso_27\" \/>\n<meta name=\"twitter:label1\" content=\"Written by\" \/>\n\t<meta name=\"twitter:data1\" content=\"El Muki\" \/>\n\t<meta name=\"twitter:label2\" content=\"Est. reading time\" \/>\n\t<meta name=\"twitter:data2\" content=\"3 minutes\" \/>\n<script type=\"application\/ld+json\" class=\"yoast-schema-graph\">{\"@context\":\"https:\\\/\\\/schema.org\",\"@graph\":[{\"@type\":\"Article\",\"@id\":\"https:\\\/\\\/pulso27.com\\\/politica\\\/luis-galarreta-adelanta-que-fuerza-popular-presentara-denuncia-penal-contra-fiscales-vela-y-perez-gomez\\\/#article\",\"isPartOf\":{\"@id\":\"https:\\\/\\\/pulso27.com\\\/politica\\\/luis-galarreta-adelanta-que-fuerza-popular-presentara-denuncia-penal-contra-fiscales-vela-y-perez-gomez\\\/\"},\"author\":{\"name\":\"El Muki\",\"@id\":\"https:\\\/\\\/pulso27.com\\\/en\\\/#\\\/schema\\\/person\\\/a0930a7f318e7d9d83bd7cffed9f34f6\"},\"headline\":\"Luis Galarreta adelanta que Fuerza Popular presentar\u00e1 denuncia penal contra fiscales Vela y P\u00e9rez G\u00f3mez\",\"datePublished\":\"2024-02-15T17:05:13+00:00\",\"dateModified\":\"2024-02-15T17:05:48+00:00\",\"mainEntityOfPage\":{\"@id\":\"https:\\\/\\\/pulso27.com\\\/politica\\\/luis-galarreta-adelanta-que-fuerza-popular-presentara-denuncia-penal-contra-fiscales-vela-y-perez-gomez\\\/\"},\"wordCount\":616,\"commentCount\":0,\"publisher\":{\"@id\":\"https:\\\/\\\/pulso27.com\\\/en\\\/#organization\"},\"image\":{\"@id\":\"https:\\\/\\\/pulso27.com\\\/politica\\\/luis-galarreta-adelanta-que-fuerza-popular-presentara-denuncia-penal-contra-fiscales-vela-y-perez-gomez\\\/#primaryimage\"},\"thumbnailUrl\":\"https:\\\/\\\/pulso27.com\\\/wp-content\\\/uploads\\\/2024\\\/02\\\/galarreta.png\",\"articleSection\":[\"Actualidad\",\"Pol\u00edtica\"],\"inLanguage\":\"en-US\",\"potentialAction\":[{\"@type\":\"CommentAction\",\"name\":\"Comment\",\"target\":[\"https:\\\/\\\/pulso27.com\\\/politica\\\/luis-galarreta-adelanta-que-fuerza-popular-presentara-denuncia-penal-contra-fiscales-vela-y-perez-gomez\\\/#respond\"]}]},{\"@type\":\"WebPage\",\"@id\":\"https:\\\/\\\/pulso27.com\\\/politica\\\/luis-galarreta-adelanta-que-fuerza-popular-presentara-denuncia-penal-contra-fiscales-vela-y-perez-gomez\\\/\",\"url\":\"https:\\\/\\\/pulso27.com\\\/politica\\\/luis-galarreta-adelanta-que-fuerza-popular-presentara-denuncia-penal-contra-fiscales-vela-y-perez-gomez\\\/\",\"name\":\"Luis Galarreta adelanta que Fuerza Popular presentar\u00e1 denuncia penal contra fiscales Vela y P\u00e9rez G\u00f3mez - Pulso27\",\"isPartOf\":{\"@id\":\"https:\\\/\\\/pulso27.com\\\/en\\\/#website\"},\"primaryImageOfPage\":{\"@id\":\"https:\\\/\\\/pulso27.com\\\/politica\\\/luis-galarreta-adelanta-que-fuerza-popular-presentara-denuncia-penal-contra-fiscales-vela-y-perez-gomez\\\/#primaryimage\"},\"image\":{\"@id\":\"https:\\\/\\\/pulso27.com\\\/politica\\\/luis-galarreta-adelanta-que-fuerza-popular-presentara-denuncia-penal-contra-fiscales-vela-y-perez-gomez\\\/#primaryimage\"},\"thumbnailUrl\":\"https:\\\/\\\/pulso27.com\\\/wp-content\\\/uploads\\\/2024\\\/02\\\/galarreta.png\",\"datePublished\":\"2024-02-15T17:05:13+00:00\",\"dateModified\":\"2024-02-15T17:05:48+00:00\",\"breadcrumb\":{\"@id\":\"https:\\\/\\\/pulso27.com\\\/politica\\\/luis-galarreta-adelanta-que-fuerza-popular-presentara-denuncia-penal-contra-fiscales-vela-y-perez-gomez\\\/#breadcrumb\"},\"inLanguage\":\"en-US\",\"potentialAction\":[{\"@type\":\"ReadAction\",\"target\":[\"https:\\\/\\\/pulso27.com\\\/politica\\\/luis-galarreta-adelanta-que-fuerza-popular-presentara-denuncia-penal-contra-fiscales-vela-y-perez-gomez\\\/\"]}]},{\"@type\":\"ImageObject\",\"inLanguage\":\"en-US\",\"@id\":\"https:\\\/\\\/pulso27.com\\\/politica\\\/luis-galarreta-adelanta-que-fuerza-popular-presentara-denuncia-penal-contra-fiscales-vela-y-perez-gomez\\\/#primaryimage\",\"url\":\"https:\\\/\\\/pulso27.com\\\/wp-content\\\/uploads\\\/2024\\\/02\\\/galarreta.png\",\"contentUrl\":\"https:\\\/\\\/pulso27.com\\\/wp-content\\\/uploads\\\/2024\\\/02\\\/galarreta.png\",\"width\":379,\"height\":372},{\"@type\":\"BreadcrumbList\",\"@id\":\"https:\\\/\\\/pulso27.com\\\/politica\\\/luis-galarreta-adelanta-que-fuerza-popular-presentara-denuncia-penal-contra-fiscales-vela-y-perez-gomez\\\/#breadcrumb\",\"itemListElement\":[{\"@type\":\"ListItem\",\"position\":1,\"name\":\"Portada\",\"item\":\"https:\\\/\\\/pulso27.com\\\/\"},{\"@type\":\"ListItem\",\"position\":2,\"name\":\"Luis Galarreta adelanta que Fuerza Popular presentar\u00e1 denuncia penal contra fiscales Vela y P\u00e9rez G\u00f3mez\"}]},{\"@type\":\"WebSite\",\"@id\":\"https:\\\/\\\/pulso27.com\\\/en\\\/#website\",\"url\":\"https:\\\/\\\/pulso27.com\\\/en\\\/\",\"name\":\"Pulso27\",\"description\":\"Web de noticias y publicidad\",\"publisher\":{\"@id\":\"https:\\\/\\\/pulso27.com\\\/en\\\/#organization\"},\"alternateName\":\"El pulso del pueblo\",\"potentialAction\":[{\"@type\":\"SearchAction\",\"target\":{\"@type\":\"EntryPoint\",\"urlTemplate\":\"https:\\\/\\\/pulso27.com\\\/en\\\/?s={search_term_string}\"},\"query-input\":{\"@type\":\"PropertyValueSpecification\",\"valueRequired\":true,\"valueName\":\"search_term_string\"}}],\"inLanguage\":\"en-US\"},{\"@type\":\"Organization\",\"@id\":\"https:\\\/\\\/pulso27.com\\\/en\\\/#organization\",\"name\":\"Pulso27\",\"url\":\"https:\\\/\\\/pulso27.com\\\/en\\\/\",\"logo\":{\"@type\":\"ImageObject\",\"inLanguage\":\"en-US\",\"@id\":\"https:\\\/\\\/pulso27.com\\\/en\\\/#\\\/schema\\\/logo\\\/image\\\/\",\"url\":\"https:\\\/\\\/pulso27.com\\\/wp-content\\\/uploads\\\/2026\\\/02\\\/Logotipo-de-la-organizacion-696-x-696-px-ok.png\",\"contentUrl\":\"https:\\\/\\\/pulso27.com\\\/wp-content\\\/uploads\\\/2026\\\/02\\\/Logotipo-de-la-organizacion-696-x-696-px-ok.png\",\"width\":696,\"height\":696,\"caption\":\"Pulso27\"},\"image\":{\"@id\":\"https:\\\/\\\/pulso27.com\\\/en\\\/#\\\/schema\\\/logo\\\/image\\\/\"},\"sameAs\":[\"https:\\\/\\\/www.facebook.com\\\/pulso27\\\/\",\"https:\\\/\\\/x.com\\\/Pulso_27\",\"https:\\\/\\\/www.youtube.com\\\/@Pulso27\",\"https:\\\/\\\/www.tiktok.com\\\/@pulso_27\"]},{\"@type\":\"Person\",\"@id\":\"https:\\\/\\\/pulso27.com\\\/en\\\/#\\\/schema\\\/person\\\/a0930a7f318e7d9d83bd7cffed9f34f6\",\"name\":\"El Muki\",\"image\":{\"@type\":\"ImageObject\",\"inLanguage\":\"en-US\",\"@id\":\"https:\\\/\\\/secure.gravatar.com\\\/avatar\\\/dc91c2607c5eebda74cbb40d13031f489096c96ead89c4c30c17db262267b2b3?s=96&d=mm&r=g\",\"url\":\"https:\\\/\\\/secure.gravatar.com\\\/avatar\\\/dc91c2607c5eebda74cbb40d13031f489096c96ead89c4c30c17db262267b2b3?s=96&d=mm&r=g\",\"contentUrl\":\"https:\\\/\\\/secure.gravatar.com\\\/avatar\\\/dc91c2607c5eebda74cbb40d13031f489096c96ead89c4c30c17db262267b2b3?s=96&d=mm&r=g\",\"caption\":\"El Muki\"},\"sameAs\":[\"http:\\\/\\\/www.pulso27.com\"],\"url\":\"https:\\\/\\\/pulso27.com\\\/en\\\/author\\\/elcuervo\\\/\"}]}<\/script>\n<!-- \/ Yoast SEO plugin. -->","yoast_head_json":{"title":"Luis Galarreta adelanta que Fuerza Popular presentar\u00e1 denuncia penal contra fiscales Vela y P\u00e9rez G\u00f3mez - Pulso27","robots":{"index":"index","follow":"follow","max-snippet":"max-snippet:-1","max-image-preview":"max-image-preview:large","max-video-preview":"max-video-preview:-1"},"canonical":"https:\/\/pulso27.com\/en\/politica\/luis-galarreta-adelanta-que-fuerza-popular-presentara-denuncia-penal-contra-fiscales-vela-y-perez-gomez\/","og_locale":"en_US","og_type":"article","og_title":"Luis Galarreta adelanta que Fuerza Popular presentar\u00e1 denuncia penal contra fiscales Vela y P\u00e9rez G\u00f3mez - Pulso27","og_description":"El secretario del partido fujimorista se\u00f1al\u00f3 que los fiscales, junto al periodista Gustavo Gorriti, \u00abhan politizado la justicia\u00bb y \u00abcomplotaron\u00bb para que Keiko Fujimori vaya a prisi\u00f3n preventiva por el caso &#8216;C\u00f3cteles&#8217;. En esa l\u00ednea, sostuvo que los fiscales deb\u00edan ser separados del Ministerio P\u00fablico mientras se investiga lo dicho por Jaime Villanueva.Luis Galarreta, secretario [&hellip;]","og_url":"https:\/\/pulso27.com\/en\/politica\/luis-galarreta-adelanta-que-fuerza-popular-presentara-denuncia-penal-contra-fiscales-vela-y-perez-gomez\/","og_site_name":"Pulso27","article_publisher":"https:\/\/www.facebook.com\/pulso27\/","article_published_time":"2024-02-15T17:05:13+00:00","article_modified_time":"2024-02-15T17:05:48+00:00","og_image":[{"width":379,"height":372,"url":"https:\/\/pulso27.com\/wp-content\/uploads\/2024\/02\/galarreta.png","type":"image\/png"}],"author":"El Muki","twitter_card":"summary_large_image","twitter_creator":"@Pulso_27","twitter_site":"@Pulso_27","twitter_misc":{"Written by":"El Muki","Est. reading time":"3 minutes"},"schema":{"@context":"https:\/\/schema.org","@graph":[{"@type":"Article","@id":"https:\/\/pulso27.com\/politica\/luis-galarreta-adelanta-que-fuerza-popular-presentara-denuncia-penal-contra-fiscales-vela-y-perez-gomez\/#article","isPartOf":{"@id":"https:\/\/pulso27.com\/politica\/luis-galarreta-adelanta-que-fuerza-popular-presentara-denuncia-penal-contra-fiscales-vela-y-perez-gomez\/"},"author":{"name":"El Muki","@id":"https:\/\/pulso27.com\/en\/#\/schema\/person\/a0930a7f318e7d9d83bd7cffed9f34f6"},"headline":"Luis Galarreta adelanta que Fuerza Popular presentar\u00e1 denuncia penal contra fiscales Vela y P\u00e9rez G\u00f3mez","datePublished":"2024-02-15T17:05:13+00:00","dateModified":"2024-02-15T17:05:48+00:00","mainEntityOfPage":{"@id":"https:\/\/pulso27.com\/politica\/luis-galarreta-adelanta-que-fuerza-popular-presentara-denuncia-penal-contra-fiscales-vela-y-perez-gomez\/"},"wordCount":616,"commentCount":0,"publisher":{"@id":"https:\/\/pulso27.com\/en\/#organization"},"image":{"@id":"https:\/\/pulso27.com\/politica\/luis-galarreta-adelanta-que-fuerza-popular-presentara-denuncia-penal-contra-fiscales-vela-y-perez-gomez\/#primaryimage"},"thumbnailUrl":"https:\/\/pulso27.com\/wp-content\/uploads\/2024\/02\/galarreta.png","articleSection":["Actualidad","Pol\u00edtica"],"inLanguage":"en-US","potentialAction":[{"@type":"CommentAction","name":"Comment","target":["https:\/\/pulso27.com\/politica\/luis-galarreta-adelanta-que-fuerza-popular-presentara-denuncia-penal-contra-fiscales-vela-y-perez-gomez\/#respond"]}]},{"@type":"WebPage","@id":"https:\/\/pulso27.com\/politica\/luis-galarreta-adelanta-que-fuerza-popular-presentara-denuncia-penal-contra-fiscales-vela-y-perez-gomez\/","url":"https:\/\/pulso27.com\/politica\/luis-galarreta-adelanta-que-fuerza-popular-presentara-denuncia-penal-contra-fiscales-vela-y-perez-gomez\/","name":"Luis Galarreta adelanta que Fuerza Popular presentar\u00e1 denuncia penal contra fiscales Vela y P\u00e9rez G\u00f3mez - Pulso27","isPartOf":{"@id":"https:\/\/pulso27.com\/en\/#website"},"primaryImageOfPage":{"@id":"https:\/\/pulso27.com\/politica\/luis-galarreta-adelanta-que-fuerza-popular-presentara-denuncia-penal-contra-fiscales-vela-y-perez-gomez\/#primaryimage"},"image":{"@id":"https:\/\/pulso27.com\/politica\/luis-galarreta-adelanta-que-fuerza-popular-presentara-denuncia-penal-contra-fiscales-vela-y-perez-gomez\/#primaryimage"},"thumbnailUrl":"https:\/\/pulso27.com\/wp-content\/uploads\/2024\/02\/galarreta.png","datePublished":"2024-02-15T17:05:13+00:00","dateModified":"2024-02-15T17:05:48+00:00","breadcrumb":{"@id":"https:\/\/pulso27.com\/politica\/luis-galarreta-adelanta-que-fuerza-popular-presentara-denuncia-penal-contra-fiscales-vela-y-perez-gomez\/#breadcrumb"},"inLanguage":"en-US","potentialAction":[{"@type":"ReadAction","target":["https:\/\/pulso27.com\/politica\/luis-galarreta-adelanta-que-fuerza-popular-presentara-denuncia-penal-contra-fiscales-vela-y-perez-gomez\/"]}]},{"@type":"ImageObject","inLanguage":"en-US","@id":"https:\/\/pulso27.com\/politica\/luis-galarreta-adelanta-que-fuerza-popular-presentara-denuncia-penal-contra-fiscales-vela-y-perez-gomez\/#primaryimage","url":"https:\/\/pulso27.com\/wp-content\/uploads\/2024\/02\/galarreta.png","contentUrl":"https:\/\/pulso27.com\/wp-content\/uploads\/2024\/02\/galarreta.png","width":379,"height":372},{"@type":"BreadcrumbList","@id":"https:\/\/pulso27.com\/politica\/luis-galarreta-adelanta-que-fuerza-popular-presentara-denuncia-penal-contra-fiscales-vela-y-perez-gomez\/#breadcrumb","itemListElement":[{"@type":"ListItem","position":1,"name":"Portada","item":"https:\/\/pulso27.com\/"},{"@type":"ListItem","position":2,"name":"Luis Galarreta adelanta que Fuerza Popular presentar\u00e1 denuncia penal contra fiscales Vela y P\u00e9rez G\u00f3mez"}]},{"@type":"WebSite","@id":"https:\/\/pulso27.com\/en\/#website","url":"https:\/\/pulso27.com\/en\/","name":"Pulso27","description":"Web de noticias y publicidad","publisher":{"@id":"https:\/\/pulso27.com\/en\/#organization"},"alternateName":"El pulso del pueblo","potentialAction":[{"@type":"SearchAction","target":{"@type":"EntryPoint","urlTemplate":"https:\/\/pulso27.com\/en\/?s={search_term_string}"},"query-input":{"@type":"PropertyValueSpecification","valueRequired":true,"valueName":"search_term_string"}}],"inLanguage":"en-US"},{"@type":"Organization","@id":"https:\/\/pulso27.com\/en\/#organization","name":"Pulso27","url":"https:\/\/pulso27.com\/en\/","logo":{"@type":"ImageObject","inLanguage":"en-US","@id":"https:\/\/pulso27.com\/en\/#\/schema\/logo\/image\/","url":"https:\/\/pulso27.com\/wp-content\/uploads\/2026\/02\/Logotipo-de-la-organizacion-696-x-696-px-ok.png","contentUrl":"https:\/\/pulso27.com\/wp-content\/uploads\/2026\/02\/Logotipo-de-la-organizacion-696-x-696-px-ok.png","width":696,"height":696,"caption":"Pulso27"},"image":{"@id":"https:\/\/pulso27.com\/en\/#\/schema\/logo\/image\/"},"sameAs":["https:\/\/www.facebook.com\/pulso27\/","https:\/\/x.com\/Pulso_27","https:\/\/www.youtube.com\/@Pulso27","https:\/\/www.tiktok.com\/@pulso_27"]},{"@type":"Person","@id":"https:\/\/pulso27.com\/en\/#\/schema\/person\/a0930a7f318e7d9d83bd7cffed9f34f6","name":"El Muki","image":{"@type":"ImageObject","inLanguage":"en-US","@id":"https:\/\/secure.gravatar.com\/avatar\/dc91c2607c5eebda74cbb40d13031f489096c96ead89c4c30c17db262267b2b3?s=96&d=mm&r=g","url":"https:\/\/secure.gravatar.com\/avatar\/dc91c2607c5eebda74cbb40d13031f489096c96ead89c4c30c17db262267b2b3?s=96&d=mm&r=g","contentUrl":"https:\/\/secure.gravatar.com\/avatar\/dc91c2607c5eebda74cbb40d13031f489096c96ead89c4c30c17db262267b2b3?s=96&d=mm&r=g","caption":"El Muki"},"sameAs":["http:\/\/www.pulso27.com"],"url":"https:\/\/pulso27.com\/en\/author\/elcuervo\/"}]}},"amp_enabled":true,"_links":{"self":[{"href":"https:\/\/pulso27.com\/en\/wp-json\/wp\/v2\/posts\/1309","targetHints":{"allow":["GET"]}}],"collection":[{"href":"https:\/\/pulso27.com\/en\/wp-json\/wp\/v2\/posts"}],"about":[{"href":"https:\/\/pulso27.com\/en\/wp-json\/wp\/v2\/types\/post"}],"author":[{"embeddable":true,"href":"https:\/\/pulso27.com\/en\/wp-json\/wp\/v2\/users\/10"}],"replies":[{"embeddable":true,"href":"https:\/\/pulso27.com\/en\/wp-json\/wp\/v2\/comments?post=1309"}],"version-history":[{"count":2,"href":"https:\/\/pulso27.com\/en\/wp-json\/wp\/v2\/posts\/1309\/revisions"}],"predecessor-version":[{"id":1313,"href":"https:\/\/pulso27.com\/en\/wp-json\/wp\/v2\/posts\/1309\/revisions\/1313"}],"wp:featuredmedia":[{"embeddable":true,"href":"https:\/\/pulso27.com\/en\/wp-json\/wp\/v2\/media\/1311"}],"wp:attachment":[{"href":"https:\/\/pulso27.com\/en\/wp-json\/wp\/v2\/media?parent=1309"}],"wp:term":[{"taxonomy":"category","embeddable":true,"href":"https:\/\/pulso27.com\/en\/wp-json\/wp\/v2\/categories?post=1309"},{"taxonomy":"post_tag","embeddable":true,"href":"https:\/\/pulso27.com\/en\/wp-json\/wp\/v2\/tags?post=1309"}],"curies":[{"name":"wp","href":"https:\/\/api.w.org\/{rel}","templated":true}]}}