{"id":1323,"date":"2024-02-16T22:38:21","date_gmt":"2024-02-16T17:38:21","guid":{"rendered":"https:\/\/pulso27.com\/?p=1323"},"modified":"2024-02-17T01:15:50","modified_gmt":"2024-02-16T20:15:50","slug":"aldo-vasquez-sobre-propuesta-del-congreso-de-destituir-e-inhabilitar-a-miembros-de-la-jnj-buscan-nuestra-muerte-civil","status":"publish","type":"post","link":"https:\/\/pulso27.com\/en\/nacional\/aldo-vasquez-sobre-propuesta-del-congreso-de-destituir-e-inhabilitar-a-miembros-de-la-jnj-buscan-nuestra-muerte-civil\/","title":{"rendered":"Aldo V\u00e1squez sobre propuesta del Congreso de destituir e inhabilitar a miembros de la JNJ: \u00abBuscan nuestra muerte civil\u00bb"},"content":{"rendered":"<p>La Subcomisi\u00f3n de Acusaciones Constitucionales votar\u00e1 hoy el informe final del congresista Esdras Medina que propone la destituci\u00f3n e inhabilitaci\u00f3n por 10 a\u00f1os de los magistrados de la JNJ.<\/p>\n\n\n\n<p>Aldo V\u00e1squez, vicepresidente de la Junta Nacional de Justicia (JNJ), en di\u00e1logo con RPP, se pronunci\u00f3 en torno al debate del informe final del congresista Esdras Medina (Unidad y Di\u00e1logo Parlamentario) -agendado para hoy en la Subcomisi\u00f3n de Acusaciones Constitucionales- que recomienda destituir e inhabilitar por 10 a\u00f1os a los miembros del pleno de dicha entidad de justicia.<\/p>\n\n\n\n<p>Como se sabe, dicho informe recoge la investigaci\u00f3n y evaluaci\u00f3n de medios probatorios referidos a las denuncias presentadas por el congresista Jorge Montoya (Renovaci\u00f3n Popular) contra los 7 magistrados titulares de la JNJ, referidos al l\u00edmite de edad para ejercer el cargo de miembro del pleno de la entidad que, seg\u00fan la denuncia, habr\u00eda trasgredido Luz Tello de \u00d1ecco.<\/p>\n\n\n\n<figure class=\"wp-block-image size-full is-resized\"><img loading=\"lazy\" decoding=\"async\" width=\"580\" height=\"330\" src=\"https:\/\/pulso27.com\/wp-content\/uploads\/2024\/02\/image-7.png\" alt=\"\" class=\"wp-image-1324\" style=\"width:745px;height:auto\" srcset=\"https:\/\/pulso27.com\/wp-content\/uploads\/2024\/02\/image-7.png 580w, https:\/\/pulso27.com\/wp-content\/uploads\/2024\/02\/image-7-300x171.png 300w, https:\/\/pulso27.com\/wp-content\/uploads\/2024\/02\/image-7-18x10.png 18w\" sizes=\"auto, (max-width: 580px) 100vw, 580px\" \/><\/figure>\n\n\n\n<p>Ante ello, Aldo V\u00e1squez reafirm\u00f3 que la JNJ no actu\u00f3 de manera irregular, e indic\u00f3 que con la inhabilitaci\u00f3n que se propone en su contra se estar\u00eda buscando \u00absu muerte civil\u00bb.<\/p>\n\n\n\n<blockquote class=\"wp-block-quote is-layout-flow wp-block-quote-is-layout-flow\">\n<p>\u00abLa Constituci\u00f3n dice que para ser miembro de la JNJ se requiere, entre otras condiciones, tener entre 45 y 75 a\u00f1os de edad, pero el art\u00edculo 155 de la Constituci\u00f3n establece con claridad que el mandato de los miembros de la JNJ es de 5 a\u00f1os. Para limitar un derecho, como es el de los miembros de permanecer 5 a\u00f1os, se requiere un mandato expreso de la norma, y no existe un mandato expreso que diga que un miembro de la JNJ vaca o cesa a los 75 a\u00f1os de edad\u00bb, explic\u00f3.<\/p>\n<\/blockquote>\n\n\n\n<p>\u00abEs m\u00e1s, la Ley Org\u00e1nica de la JNJ establece hasta 37 causales para el cese o la vacancia de los miembros, y ninguna est\u00e1 vinculada a la edad. Es decir, la tesis que busca nuestra inhabilitaci\u00f3n por 10 a\u00f1os, es decir nuestra muerte civil, la tesis que subyace es que nosotros deber\u00edamos haber removido, vacado a la magistrada In\u00e9s Tello cuando cumpli\u00f3 75 a\u00f1os, aun sin tener un mandato legal para poder hacerlo\u00bb, a\u00f1adi\u00f3.<\/p>\n\n\n\n<p>En esa l\u00ednea, V\u00e1squez consider\u00f3 que, de haber destituido a la referida magistrada, ahora estar\u00edan procesados por infringir el art\u00edculo 155 de la Constituci\u00f3n y denunciados por abuso de autoridad.<\/p>\n\n\n\n<p>\u00abSi hubi\u00e9ramos incurrido en tal postura, lo que habr\u00eda sucedido es que estar\u00edamos procesados penalmente por un delito, el de abuso de autoridad -en el que incurre aquel funcionario que excediendo las atribuciones que tiene, porque los miembros de la JNJ no tenemos atribuciones para remover a un miembro de la junta cuando cumple 75 a\u00f1os &#8211; ya estar\u00edamos destituidos seguramente por el Congreso por incumplir el art\u00edculo 155 de la Constituci\u00f3n y estar\u00edamos procesados por abuso de autoridad\u00bb, precis\u00f3.<\/p>\n\n\n\n<p>\u00abSeguiremos defendi\u00e9ndonos\u00bb<br>Consultado sobre una eventual aprobaci\u00f3n de la propuesta de destituci\u00f3n e inhabilitaci\u00f3n contra el pleno de la JNJ, V\u00e1squez indic\u00f3 que los magistrados seguir\u00e1n defendi\u00e9ndose en diferentes frentes.<\/p>\n\n\n\n<p>\u00abNosotros hemos sido muy firmes en la defensa de la institucionalidad de la JNJ, este no es un tema personal, restan poco m\u00e1s de 10 meses para el cumplimiento de nuestro mandato constitucional, que es el 6 de enero del 2025\u00bb, se\u00f1al\u00f3.<\/p>\n\n\n\n<p>\u00abEvidentemente, nos hemos defendido en todos los escenarios como el medi\u00e1tico y tambi\u00e9n el parlamentario, el internacional, el judicial, el acad\u00e9mico, y por supuesto que seguiremos haci\u00e9ndolo si es que se concretara. Yo conf\u00edo en que no ocurrir\u00e1, siempre he sido optimista y siempre he cre\u00eddo que dentro del Congreso hay fuerzas pol\u00edticas y representantes que tienen muy claro que no se puede avasallar a un \u00f3rgano constitucional aut\u00f3nomo\u00bb, puntualiz\u00f3.<\/p>\n\n\n\n<p><\/p>\n\n\n\n<p>Fuente RPP.<\/p>","protected":false},"excerpt":{"rendered":"<p>La Subcomisi\u00f3n de Acusaciones Constitucionales votar\u00e1 hoy el informe final del congresista Esdras Medina que propone la destituci\u00f3n e inhabilitaci\u00f3n por 10 a\u00f1os de los magistrados de la JNJ. Aldo V\u00e1squez, vicepresidente de la Junta Nacional de Justicia (JNJ), en di\u00e1logo con RPP, se pronunci\u00f3 en torno al debate del informe final del congresista Esdras [&hellip;]<\/p>\n","protected":false},"author":10,"featured_media":1325,"comment_status":"open","ping_status":"open","sticky":false,"template":"","format":"standard","meta":{"footnotes":""},"categories":[183,174,180],"tags":[],"class_list":["post-1323","post","type-post","status-publish","format-standard","has-post-thumbnail","hentry","category-actualidad","category-nacional","category-politica"],"yoast_head":"<!-- This site is optimized with the Yoast SEO plugin v27.4 - https:\/\/yoast.com\/product\/yoast-seo-wordpress\/ -->\n<title>Aldo V\u00e1squez sobre propuesta del Congreso de destituir e inhabilitar a miembros de la JNJ: &quot;Buscan nuestra muerte civil&quot; - Pulso27<\/title>\n<meta name=\"robots\" content=\"index, follow, max-snippet:-1, max-image-preview:large, max-video-preview:-1\" \/>\n<link rel=\"canonical\" href=\"https:\/\/pulso27.com\/en\/nacional\/aldo-vasquez-sobre-propuesta-del-congreso-de-destituir-e-inhabilitar-a-miembros-de-la-jnj-buscan-nuestra-muerte-civil\/\" \/>\n<meta property=\"og:locale\" content=\"en_US\" \/>\n<meta property=\"og:type\" content=\"article\" \/>\n<meta property=\"og:title\" content=\"Aldo V\u00e1squez sobre propuesta del Congreso de destituir e inhabilitar a miembros de la JNJ: &quot;Buscan nuestra muerte civil&quot; - Pulso27\" \/>\n<meta property=\"og:description\" content=\"La Subcomisi\u00f3n de Acusaciones Constitucionales votar\u00e1 hoy el informe final del congresista Esdras Medina que propone la destituci\u00f3n e inhabilitaci\u00f3n por 10 a\u00f1os de los magistrados de la JNJ. Aldo V\u00e1squez, vicepresidente de la Junta Nacional de Justicia (JNJ), en di\u00e1logo con RPP, se pronunci\u00f3 en torno al debate del informe final del congresista Esdras [&hellip;]\" \/>\n<meta property=\"og:url\" content=\"https:\/\/pulso27.com\/en\/nacional\/aldo-vasquez-sobre-propuesta-del-congreso-de-destituir-e-inhabilitar-a-miembros-de-la-jnj-buscan-nuestra-muerte-civil\/\" \/>\n<meta property=\"og:site_name\" content=\"Pulso27\" \/>\n<meta property=\"article:publisher\" content=\"https:\/\/www.facebook.com\/pulso27\/\" \/>\n<meta property=\"article:published_time\" content=\"2024-02-16T17:38:21+00:00\" \/>\n<meta property=\"article:modified_time\" content=\"2024-02-16T20:15:50+00:00\" \/>\n<meta property=\"og:image\" content=\"https:\/\/pulso27.com\/wp-content\/uploads\/2024\/02\/aldo-vasquez.jpg\" \/>\n\t<meta property=\"og:image:width\" content=\"1800\" \/>\n\t<meta property=\"og:image:height\" content=\"1200\" \/>\n\t<meta property=\"og:image:type\" content=\"image\/jpeg\" \/>\n<meta name=\"author\" content=\"El Muki\" \/>\n<meta name=\"twitter:card\" content=\"summary_large_image\" \/>\n<meta name=\"twitter:creator\" content=\"@Pulso_27\" \/>\n<meta name=\"twitter:site\" content=\"@Pulso_27\" \/>\n<meta name=\"twitter:label1\" content=\"Written by\" \/>\n\t<meta name=\"twitter:data1\" content=\"El Muki\" \/>\n\t<meta name=\"twitter:label2\" content=\"Est. reading time\" \/>\n\t<meta name=\"twitter:data2\" content=\"3 minutes\" \/>\n<script type=\"application\/ld+json\" class=\"yoast-schema-graph\">{\"@context\":\"https:\\\/\\\/schema.org\",\"@graph\":[{\"@type\":\"Article\",\"@id\":\"https:\\\/\\\/pulso27.com\\\/nacional\\\/aldo-vasquez-sobre-propuesta-del-congreso-de-destituir-e-inhabilitar-a-miembros-de-la-jnj-buscan-nuestra-muerte-civil\\\/#article\",\"isPartOf\":{\"@id\":\"https:\\\/\\\/pulso27.com\\\/nacional\\\/aldo-vasquez-sobre-propuesta-del-congreso-de-destituir-e-inhabilitar-a-miembros-de-la-jnj-buscan-nuestra-muerte-civil\\\/\"},\"author\":{\"name\":\"El Muki\",\"@id\":\"https:\\\/\\\/pulso27.com\\\/en\\\/#\\\/schema\\\/person\\\/a0930a7f318e7d9d83bd7cffed9f34f6\"},\"headline\":\"Aldo V\u00e1squez sobre propuesta del Congreso de destituir e inhabilitar a miembros de la JNJ: \u00abBuscan nuestra muerte civil\u00bb\",\"datePublished\":\"2024-02-16T17:38:21+00:00\",\"dateModified\":\"2024-02-16T20:15:50+00:00\",\"mainEntityOfPage\":{\"@id\":\"https:\\\/\\\/pulso27.com\\\/nacional\\\/aldo-vasquez-sobre-propuesta-del-congreso-de-destituir-e-inhabilitar-a-miembros-de-la-jnj-buscan-nuestra-muerte-civil\\\/\"},\"wordCount\":662,\"commentCount\":0,\"publisher\":{\"@id\":\"https:\\\/\\\/pulso27.com\\\/en\\\/#organization\"},\"image\":{\"@id\":\"https:\\\/\\\/pulso27.com\\\/nacional\\\/aldo-vasquez-sobre-propuesta-del-congreso-de-destituir-e-inhabilitar-a-miembros-de-la-jnj-buscan-nuestra-muerte-civil\\\/#primaryimage\"},\"thumbnailUrl\":\"https:\\\/\\\/pulso27.com\\\/wp-content\\\/uploads\\\/2024\\\/02\\\/aldo-vasquez.jpg\",\"articleSection\":[\"Actualidad\",\"Nacional\",\"Pol\u00edtica\"],\"inLanguage\":\"en-US\",\"potentialAction\":[{\"@type\":\"CommentAction\",\"name\":\"Comment\",\"target\":[\"https:\\\/\\\/pulso27.com\\\/nacional\\\/aldo-vasquez-sobre-propuesta-del-congreso-de-destituir-e-inhabilitar-a-miembros-de-la-jnj-buscan-nuestra-muerte-civil\\\/#respond\"]}]},{\"@type\":\"WebPage\",\"@id\":\"https:\\\/\\\/pulso27.com\\\/nacional\\\/aldo-vasquez-sobre-propuesta-del-congreso-de-destituir-e-inhabilitar-a-miembros-de-la-jnj-buscan-nuestra-muerte-civil\\\/\",\"url\":\"https:\\\/\\\/pulso27.com\\\/nacional\\\/aldo-vasquez-sobre-propuesta-del-congreso-de-destituir-e-inhabilitar-a-miembros-de-la-jnj-buscan-nuestra-muerte-civil\\\/\",\"name\":\"Aldo V\u00e1squez sobre propuesta del Congreso de destituir e inhabilitar a miembros de la JNJ: \\\"Buscan nuestra muerte civil\\\" - Pulso27\",\"isPartOf\":{\"@id\":\"https:\\\/\\\/pulso27.com\\\/en\\\/#website\"},\"primaryImageOfPage\":{\"@id\":\"https:\\\/\\\/pulso27.com\\\/nacional\\\/aldo-vasquez-sobre-propuesta-del-congreso-de-destituir-e-inhabilitar-a-miembros-de-la-jnj-buscan-nuestra-muerte-civil\\\/#primaryimage\"},\"image\":{\"@id\":\"https:\\\/\\\/pulso27.com\\\/nacional\\\/aldo-vasquez-sobre-propuesta-del-congreso-de-destituir-e-inhabilitar-a-miembros-de-la-jnj-buscan-nuestra-muerte-civil\\\/#primaryimage\"},\"thumbnailUrl\":\"https:\\\/\\\/pulso27.com\\\/wp-content\\\/uploads\\\/2024\\\/02\\\/aldo-vasquez.jpg\",\"datePublished\":\"2024-02-16T17:38:21+00:00\",\"dateModified\":\"2024-02-16T20:15:50+00:00\",\"breadcrumb\":{\"@id\":\"https:\\\/\\\/pulso27.com\\\/nacional\\\/aldo-vasquez-sobre-propuesta-del-congreso-de-destituir-e-inhabilitar-a-miembros-de-la-jnj-buscan-nuestra-muerte-civil\\\/#breadcrumb\"},\"inLanguage\":\"en-US\",\"potentialAction\":[{\"@type\":\"ReadAction\",\"target\":[\"https:\\\/\\\/pulso27.com\\\/nacional\\\/aldo-vasquez-sobre-propuesta-del-congreso-de-destituir-e-inhabilitar-a-miembros-de-la-jnj-buscan-nuestra-muerte-civil\\\/\"]}]},{\"@type\":\"ImageObject\",\"inLanguage\":\"en-US\",\"@id\":\"https:\\\/\\\/pulso27.com\\\/nacional\\\/aldo-vasquez-sobre-propuesta-del-congreso-de-destituir-e-inhabilitar-a-miembros-de-la-jnj-buscan-nuestra-muerte-civil\\\/#primaryimage\",\"url\":\"https:\\\/\\\/pulso27.com\\\/wp-content\\\/uploads\\\/2024\\\/02\\\/aldo-vasquez.jpg\",\"contentUrl\":\"https:\\\/\\\/pulso27.com\\\/wp-content\\\/uploads\\\/2024\\\/02\\\/aldo-vasquez.jpg\",\"width\":1800,\"height\":1200},{\"@type\":\"BreadcrumbList\",\"@id\":\"https:\\\/\\\/pulso27.com\\\/nacional\\\/aldo-vasquez-sobre-propuesta-del-congreso-de-destituir-e-inhabilitar-a-miembros-de-la-jnj-buscan-nuestra-muerte-civil\\\/#breadcrumb\",\"itemListElement\":[{\"@type\":\"ListItem\",\"position\":1,\"name\":\"Portada\",\"item\":\"https:\\\/\\\/pulso27.com\\\/\"},{\"@type\":\"ListItem\",\"position\":2,\"name\":\"Aldo V\u00e1squez sobre propuesta del Congreso de destituir e inhabilitar a miembros de la JNJ: &#8220;Buscan nuestra muerte civil&#8221;\"}]},{\"@type\":\"WebSite\",\"@id\":\"https:\\\/\\\/pulso27.com\\\/en\\\/#website\",\"url\":\"https:\\\/\\\/pulso27.com\\\/en\\\/\",\"name\":\"Pulso27\",\"description\":\"Web de noticias y publicidad\",\"publisher\":{\"@id\":\"https:\\\/\\\/pulso27.com\\\/en\\\/#organization\"},\"alternateName\":\"El pulso del pueblo\",\"potentialAction\":[{\"@type\":\"SearchAction\",\"target\":{\"@type\":\"EntryPoint\",\"urlTemplate\":\"https:\\\/\\\/pulso27.com\\\/en\\\/?s={search_term_string}\"},\"query-input\":{\"@type\":\"PropertyValueSpecification\",\"valueRequired\":true,\"valueName\":\"search_term_string\"}}],\"inLanguage\":\"en-US\"},{\"@type\":\"Organization\",\"@id\":\"https:\\\/\\\/pulso27.com\\\/en\\\/#organization\",\"name\":\"Pulso27\",\"url\":\"https:\\\/\\\/pulso27.com\\\/en\\\/\",\"logo\":{\"@type\":\"ImageObject\",\"inLanguage\":\"en-US\",\"@id\":\"https:\\\/\\\/pulso27.com\\\/en\\\/#\\\/schema\\\/logo\\\/image\\\/\",\"url\":\"https:\\\/\\\/pulso27.com\\\/wp-content\\\/uploads\\\/2026\\\/02\\\/Logotipo-de-la-organizacion-696-x-696-px-ok.png\",\"contentUrl\":\"https:\\\/\\\/pulso27.com\\\/wp-content\\\/uploads\\\/2026\\\/02\\\/Logotipo-de-la-organizacion-696-x-696-px-ok.png\",\"width\":696,\"height\":696,\"caption\":\"Pulso27\"},\"image\":{\"@id\":\"https:\\\/\\\/pulso27.com\\\/en\\\/#\\\/schema\\\/logo\\\/image\\\/\"},\"sameAs\":[\"https:\\\/\\\/www.facebook.com\\\/pulso27\\\/\",\"https:\\\/\\\/x.com\\\/Pulso_27\",\"https:\\\/\\\/www.youtube.com\\\/@Pulso27\",\"https:\\\/\\\/www.tiktok.com\\\/@pulso_27\"]},{\"@type\":\"Person\",\"@id\":\"https:\\\/\\\/pulso27.com\\\/en\\\/#\\\/schema\\\/person\\\/a0930a7f318e7d9d83bd7cffed9f34f6\",\"name\":\"El Muki\",\"image\":{\"@type\":\"ImageObject\",\"inLanguage\":\"en-US\",\"@id\":\"https:\\\/\\\/secure.gravatar.com\\\/avatar\\\/dc91c2607c5eebda74cbb40d13031f489096c96ead89c4c30c17db262267b2b3?s=96&d=mm&r=g\",\"url\":\"https:\\\/\\\/secure.gravatar.com\\\/avatar\\\/dc91c2607c5eebda74cbb40d13031f489096c96ead89c4c30c17db262267b2b3?s=96&d=mm&r=g\",\"contentUrl\":\"https:\\\/\\\/secure.gravatar.com\\\/avatar\\\/dc91c2607c5eebda74cbb40d13031f489096c96ead89c4c30c17db262267b2b3?s=96&d=mm&r=g\",\"caption\":\"El Muki\"},\"sameAs\":[\"http:\\\/\\\/www.pulso27.com\"],\"url\":\"https:\\\/\\\/pulso27.com\\\/en\\\/author\\\/elcuervo\\\/\"}]}<\/script>\n<!-- \/ Yoast SEO plugin. -->","yoast_head_json":{"title":"Aldo V\u00e1squez sobre propuesta del Congreso de destituir e inhabilitar a miembros de la JNJ: \"Buscan nuestra muerte civil\" - Pulso27","robots":{"index":"index","follow":"follow","max-snippet":"max-snippet:-1","max-image-preview":"max-image-preview:large","max-video-preview":"max-video-preview:-1"},"canonical":"https:\/\/pulso27.com\/en\/nacional\/aldo-vasquez-sobre-propuesta-del-congreso-de-destituir-e-inhabilitar-a-miembros-de-la-jnj-buscan-nuestra-muerte-civil\/","og_locale":"en_US","og_type":"article","og_title":"Aldo V\u00e1squez sobre propuesta del Congreso de destituir e inhabilitar a miembros de la JNJ: \"Buscan nuestra muerte civil\" - Pulso27","og_description":"La Subcomisi\u00f3n de Acusaciones Constitucionales votar\u00e1 hoy el informe final del congresista Esdras Medina que propone la destituci\u00f3n e inhabilitaci\u00f3n por 10 a\u00f1os de los magistrados de la JNJ. Aldo V\u00e1squez, vicepresidente de la Junta Nacional de Justicia (JNJ), en di\u00e1logo con RPP, se pronunci\u00f3 en torno al debate del informe final del congresista Esdras [&hellip;]","og_url":"https:\/\/pulso27.com\/en\/nacional\/aldo-vasquez-sobre-propuesta-del-congreso-de-destituir-e-inhabilitar-a-miembros-de-la-jnj-buscan-nuestra-muerte-civil\/","og_site_name":"Pulso27","article_publisher":"https:\/\/www.facebook.com\/pulso27\/","article_published_time":"2024-02-16T17:38:21+00:00","article_modified_time":"2024-02-16T20:15:50+00:00","og_image":[{"width":1800,"height":1200,"url":"https:\/\/pulso27.com\/wp-content\/uploads\/2024\/02\/aldo-vasquez.jpg","type":"image\/jpeg"}],"author":"El Muki","twitter_card":"summary_large_image","twitter_creator":"@Pulso_27","twitter_site":"@Pulso_27","twitter_misc":{"Written by":"El Muki","Est. reading time":"3 minutes"},"schema":{"@context":"https:\/\/schema.org","@graph":[{"@type":"Article","@id":"https:\/\/pulso27.com\/nacional\/aldo-vasquez-sobre-propuesta-del-congreso-de-destituir-e-inhabilitar-a-miembros-de-la-jnj-buscan-nuestra-muerte-civil\/#article","isPartOf":{"@id":"https:\/\/pulso27.com\/nacional\/aldo-vasquez-sobre-propuesta-del-congreso-de-destituir-e-inhabilitar-a-miembros-de-la-jnj-buscan-nuestra-muerte-civil\/"},"author":{"name":"El Muki","@id":"https:\/\/pulso27.com\/en\/#\/schema\/person\/a0930a7f318e7d9d83bd7cffed9f34f6"},"headline":"Aldo V\u00e1squez sobre propuesta del Congreso de destituir e inhabilitar a miembros de la JNJ: \u00abBuscan nuestra muerte civil\u00bb","datePublished":"2024-02-16T17:38:21+00:00","dateModified":"2024-02-16T20:15:50+00:00","mainEntityOfPage":{"@id":"https:\/\/pulso27.com\/nacional\/aldo-vasquez-sobre-propuesta-del-congreso-de-destituir-e-inhabilitar-a-miembros-de-la-jnj-buscan-nuestra-muerte-civil\/"},"wordCount":662,"commentCount":0,"publisher":{"@id":"https:\/\/pulso27.com\/en\/#organization"},"image":{"@id":"https:\/\/pulso27.com\/nacional\/aldo-vasquez-sobre-propuesta-del-congreso-de-destituir-e-inhabilitar-a-miembros-de-la-jnj-buscan-nuestra-muerte-civil\/#primaryimage"},"thumbnailUrl":"https:\/\/pulso27.com\/wp-content\/uploads\/2024\/02\/aldo-vasquez.jpg","articleSection":["Actualidad","Nacional","Pol\u00edtica"],"inLanguage":"en-US","potentialAction":[{"@type":"CommentAction","name":"Comment","target":["https:\/\/pulso27.com\/nacional\/aldo-vasquez-sobre-propuesta-del-congreso-de-destituir-e-inhabilitar-a-miembros-de-la-jnj-buscan-nuestra-muerte-civil\/#respond"]}]},{"@type":"WebPage","@id":"https:\/\/pulso27.com\/nacional\/aldo-vasquez-sobre-propuesta-del-congreso-de-destituir-e-inhabilitar-a-miembros-de-la-jnj-buscan-nuestra-muerte-civil\/","url":"https:\/\/pulso27.com\/nacional\/aldo-vasquez-sobre-propuesta-del-congreso-de-destituir-e-inhabilitar-a-miembros-de-la-jnj-buscan-nuestra-muerte-civil\/","name":"Aldo V\u00e1squez sobre propuesta del Congreso de destituir e inhabilitar a miembros de la JNJ: \"Buscan nuestra muerte civil\" - Pulso27","isPartOf":{"@id":"https:\/\/pulso27.com\/en\/#website"},"primaryImageOfPage":{"@id":"https:\/\/pulso27.com\/nacional\/aldo-vasquez-sobre-propuesta-del-congreso-de-destituir-e-inhabilitar-a-miembros-de-la-jnj-buscan-nuestra-muerte-civil\/#primaryimage"},"image":{"@id":"https:\/\/pulso27.com\/nacional\/aldo-vasquez-sobre-propuesta-del-congreso-de-destituir-e-inhabilitar-a-miembros-de-la-jnj-buscan-nuestra-muerte-civil\/#primaryimage"},"thumbnailUrl":"https:\/\/pulso27.com\/wp-content\/uploads\/2024\/02\/aldo-vasquez.jpg","datePublished":"2024-02-16T17:38:21+00:00","dateModified":"2024-02-16T20:15:50+00:00","breadcrumb":{"@id":"https:\/\/pulso27.com\/nacional\/aldo-vasquez-sobre-propuesta-del-congreso-de-destituir-e-inhabilitar-a-miembros-de-la-jnj-buscan-nuestra-muerte-civil\/#breadcrumb"},"inLanguage":"en-US","potentialAction":[{"@type":"ReadAction","target":["https:\/\/pulso27.com\/nacional\/aldo-vasquez-sobre-propuesta-del-congreso-de-destituir-e-inhabilitar-a-miembros-de-la-jnj-buscan-nuestra-muerte-civil\/"]}]},{"@type":"ImageObject","inLanguage":"en-US","@id":"https:\/\/pulso27.com\/nacional\/aldo-vasquez-sobre-propuesta-del-congreso-de-destituir-e-inhabilitar-a-miembros-de-la-jnj-buscan-nuestra-muerte-civil\/#primaryimage","url":"https:\/\/pulso27.com\/wp-content\/uploads\/2024\/02\/aldo-vasquez.jpg","contentUrl":"https:\/\/pulso27.com\/wp-content\/uploads\/2024\/02\/aldo-vasquez.jpg","width":1800,"height":1200},{"@type":"BreadcrumbList","@id":"https:\/\/pulso27.com\/nacional\/aldo-vasquez-sobre-propuesta-del-congreso-de-destituir-e-inhabilitar-a-miembros-de-la-jnj-buscan-nuestra-muerte-civil\/#breadcrumb","itemListElement":[{"@type":"ListItem","position":1,"name":"Portada","item":"https:\/\/pulso27.com\/"},{"@type":"ListItem","position":2,"name":"Aldo V\u00e1squez sobre propuesta del Congreso de destituir e inhabilitar a miembros de la JNJ: &#8220;Buscan nuestra muerte civil&#8221;"}]},{"@type":"WebSite","@id":"https:\/\/pulso27.com\/en\/#website","url":"https:\/\/pulso27.com\/en\/","name":"Pulso27","description":"Web de noticias y publicidad","publisher":{"@id":"https:\/\/pulso27.com\/en\/#organization"},"alternateName":"El pulso del pueblo","potentialAction":[{"@type":"SearchAction","target":{"@type":"EntryPoint","urlTemplate":"https:\/\/pulso27.com\/en\/?s={search_term_string}"},"query-input":{"@type":"PropertyValueSpecification","valueRequired":true,"valueName":"search_term_string"}}],"inLanguage":"en-US"},{"@type":"Organization","@id":"https:\/\/pulso27.com\/en\/#organization","name":"Pulso27","url":"https:\/\/pulso27.com\/en\/","logo":{"@type":"ImageObject","inLanguage":"en-US","@id":"https:\/\/pulso27.com\/en\/#\/schema\/logo\/image\/","url":"https:\/\/pulso27.com\/wp-content\/uploads\/2026\/02\/Logotipo-de-la-organizacion-696-x-696-px-ok.png","contentUrl":"https:\/\/pulso27.com\/wp-content\/uploads\/2026\/02\/Logotipo-de-la-organizacion-696-x-696-px-ok.png","width":696,"height":696,"caption":"Pulso27"},"image":{"@id":"https:\/\/pulso27.com\/en\/#\/schema\/logo\/image\/"},"sameAs":["https:\/\/www.facebook.com\/pulso27\/","https:\/\/x.com\/Pulso_27","https:\/\/www.youtube.com\/@Pulso27","https:\/\/www.tiktok.com\/@pulso_27"]},{"@type":"Person","@id":"https:\/\/pulso27.com\/en\/#\/schema\/person\/a0930a7f318e7d9d83bd7cffed9f34f6","name":"El Muki","image":{"@type":"ImageObject","inLanguage":"en-US","@id":"https:\/\/secure.gravatar.com\/avatar\/dc91c2607c5eebda74cbb40d13031f489096c96ead89c4c30c17db262267b2b3?s=96&d=mm&r=g","url":"https:\/\/secure.gravatar.com\/avatar\/dc91c2607c5eebda74cbb40d13031f489096c96ead89c4c30c17db262267b2b3?s=96&d=mm&r=g","contentUrl":"https:\/\/secure.gravatar.com\/avatar\/dc91c2607c5eebda74cbb40d13031f489096c96ead89c4c30c17db262267b2b3?s=96&d=mm&r=g","caption":"El Muki"},"sameAs":["http:\/\/www.pulso27.com"],"url":"https:\/\/pulso27.com\/en\/author\/elcuervo\/"}]}},"amp_enabled":true,"_links":{"self":[{"href":"https:\/\/pulso27.com\/en\/wp-json\/wp\/v2\/posts\/1323","targetHints":{"allow":["GET"]}}],"collection":[{"href":"https:\/\/pulso27.com\/en\/wp-json\/wp\/v2\/posts"}],"about":[{"href":"https:\/\/pulso27.com\/en\/wp-json\/wp\/v2\/types\/post"}],"author":[{"embeddable":true,"href":"https:\/\/pulso27.com\/en\/wp-json\/wp\/v2\/users\/10"}],"replies":[{"embeddable":true,"href":"https:\/\/pulso27.com\/en\/wp-json\/wp\/v2\/comments?post=1323"}],"version-history":[{"count":1,"href":"https:\/\/pulso27.com\/en\/wp-json\/wp\/v2\/posts\/1323\/revisions"}],"predecessor-version":[{"id":1326,"href":"https:\/\/pulso27.com\/en\/wp-json\/wp\/v2\/posts\/1323\/revisions\/1326"}],"wp:featuredmedia":[{"embeddable":true,"href":"https:\/\/pulso27.com\/en\/wp-json\/wp\/v2\/media\/1325"}],"wp:attachment":[{"href":"https:\/\/pulso27.com\/en\/wp-json\/wp\/v2\/media?parent=1323"}],"wp:term":[{"taxonomy":"category","embeddable":true,"href":"https:\/\/pulso27.com\/en\/wp-json\/wp\/v2\/categories?post=1323"},{"taxonomy":"post_tag","embeddable":true,"href":"https:\/\/pulso27.com\/en\/wp-json\/wp\/v2\/tags?post=1323"}],"curies":[{"name":"wp","href":"https:\/\/api.w.org\/{rel}","templated":true}]}}