{"id":1379,"date":"2024-03-04T08:31:12","date_gmt":"2024-03-04T03:31:12","guid":{"rendered":"https:\/\/pulso27.com\/?p=1379"},"modified":"2024-03-04T08:31:13","modified_gmt":"2024-03-04T03:31:13","slug":"regimen-de-dina-boluarte-en-crisis-por-escandalo-del-premier-alberto-otarola","status":"publish","type":"post","link":"https:\/\/pulso27.com\/en\/nacional\/regimen-de-dina-boluarte-en-crisis-por-escandalo-del-premier-alberto-otarola\/","title":{"rendered":"R\u00e9gimen de Dina Boluarte en crisis por esc\u00e1ndalo del premier Alberto Ot\u00e1rola"},"content":{"rendered":"<p>En relaci\u00f3n con el reportaje emitido, Presidencia emiti\u00f3 un comunicado. \u201cDesde el inicio de nuestro Gobierno hemos declarado reiteradas veces que la lucha frontal contra la corrupci\u00f3n es uno de nuestros pilares\u201d, inicia el pronunciamiento.<\/p>\n\n\n\n<p>\u201cReafirmamos que, no se tolerar\u00e1n actos irregulares o que transgredan los principios \u00e9ticos de todo funcionario p\u00fablico, venga de donde venga. El Gobierno rechaza de manera categ\u00f3rica todo tipo de acci\u00f3n que vaya en contra de los intereses de la Naci\u00f3n y, en este caso espec\u00edfico, cualquier posible contrataci\u00f3n irregular a cambio de favores\u201d, se a\u00f1ade.<\/p>\n\n\n\n<p>Presidencia finaliza: \u201cEstando el premier, Alberto Ot\u00e1rola, fuera del Per\u00fa en misi\u00f3n oficial, este despacho esperar\u00e1 su retorno al pa\u00eds, a fin de solicitarle las explicaciones pertinentes y adoptar las decisiones que correspondan\u201d.<\/p>\n\n\n\n<p>El presidente del Consejo de Ministros, Alberto Ot\u00e1rola, fue expuesto, al mismo estilo de un ampay, ofreciendo un trabajo a quien ser\u00eda su compa\u00f1era sentimental. Ello pese a que en reiteradas ocasiones el premier neg\u00f3 siquiera conocer a sus amigas \u2018cari\u00f1osas\u2019 que obtuvieron jugosas contrataciones en el Estado.<\/p>\n\n\n\n<p>Al mismo estilo de Christian Dom\u00ednguez y su \u2018good time\u2019, la mano derecha de la presidenta parece encontrarse en un callej\u00f3n al que sus \u00edmpetus lo llevaron. En un nuevo audio se escuch\u00f3 a un encandilado jefe de la PCM enamorando, rogando por cari\u00f1o.<\/p>\n\n\n\n<figure class=\"wp-block-image size-large\"><img loading=\"lazy\" decoding=\"async\" width=\"1024\" height=\"683\" src=\"https:\/\/pulso27.com\/wp-content\/uploads\/2024\/03\/ptrmi-1024x683.jpg\" alt=\"\" class=\"wp-image-1382\" srcset=\"https:\/\/pulso27.com\/wp-content\/uploads\/2024\/03\/ptrmi-1024x683.jpg 1024w, https:\/\/pulso27.com\/wp-content\/uploads\/2024\/03\/ptrmi-300x200.jpg 300w, https:\/\/pulso27.com\/wp-content\/uploads\/2024\/03\/ptrmi-768x512.jpg 768w, https:\/\/pulso27.com\/wp-content\/uploads\/2024\/03\/ptrmi-1536x1024.jpg 1536w, https:\/\/pulso27.com\/wp-content\/uploads\/2024\/03\/ptrmi-18x12.jpg 18w, https:\/\/pulso27.com\/wp-content\/uploads\/2024\/03\/ptrmi.jpg 1800w\" sizes=\"auto, (max-width: 1024px) 100vw, 1024px\" \/><figcaption class=\"wp-element-caption\">Premier Alberto Ot\u00e1rola en aprietos por audio difundido por medio televisivo<\/figcaption><\/figure>\n\n\n\n<p>Panorama puso en jaque al premier Alberto Ot\u00e1rola, tras revelar unos audios, donde protagoniza una conversaci\u00f3n con su amiga Yazir\u00e9 Pinedo V\u00e1squez. En la charla se oye que el funcionario le dice \u201camor\u201d, \u201cmi vida\u201d y que \u201cla quiere\u201d.<\/p>\n\n\n\n<p>\u201cYa, ma\u00f1ana me invitas a almorzar (\u2026) ya, mi vida, \u00bfme quieres? Lo \u00fanico que quiero saber es si me quieres o no\u201d, se oye decir a Ot\u00e1rola.<\/p>\n\n\n\n<p>Por su parte, Pinedo, con tono cabizbajo, responde con lo siguiente: \u201cEso no cambia, ya te he dicho(\u2026) S\u00ed te quiero\u201d. \u201cYa mi amor, para mi eso es suficiente. Te creo y te quiero, te adoro\u201d, prosigue el funcionario.<\/p>\n\n\n\n<p>\u201cDime pues, amor, para hablar. Estas cosas molestan y joden pero tu sabes que yo te quiero, y me da mucha pena que sientas que no. Ma\u00f1ana te veo, \u00bfte parece?\u201d, reitera Ot\u00e1rola.<\/p>\n\n\n\n<p>M\u00e1s tarde, Alberto Ot\u00e1rola se refiri\u00f3 al tema en su cuenta de X. El premier se\u00f1ala que audio debe ser corroborado y que no ha habido contrataci\u00f3n irregular.<\/p>\n\n\n\n<p>\u201cHe tomado conocimiento que desde hace meses tratan de difundir un audio cuyo contenido debe ser corroborado. Reitero que en mi gesti\u00f3n no ha habido ni habr\u00e1 ninguna contrataci\u00f3n irregular\u201d, sostuvo.<\/p>\n\n\n\n<p>\u201cComo siempre ha ocurrido en mi vida profesional, a m\u00ed que me busquen lo que quieran. No soy un corrupto y siempre defender\u00e9 lo correcto\u201d, manifest\u00f3.<\/p>\n\n\n\n<p>Fuente: Webs y redes de noticias<\/p>","protected":false},"excerpt":{"rendered":"<p>En relaci\u00f3n con el reportaje emitido, Presidencia emiti\u00f3 un comunicado. \u201cDesde el inicio de nuestro Gobierno hemos declarado reiteradas veces que la lucha frontal contra la corrupci\u00f3n es uno de nuestros pilares\u201d, inicia el pronunciamiento. \u201cReafirmamos que, no se tolerar\u00e1n actos irregulares o que transgredan los principios \u00e9ticos de todo funcionario p\u00fablico, venga de donde [&hellip;]<\/p>\n","protected":false},"author":7,"featured_media":1380,"comment_status":"open","ping_status":"open","sticky":false,"template":"","format":"standard","meta":{"footnotes":""},"categories":[183,174,180],"tags":[572,614,612],"class_list":["post-1379","post","type-post","status-publish","format-standard","has-post-thumbnail","hentry","category-actualidad","category-nacional","category-politica","tag-dina-boluarte","tag-escandalo","tag-pcm"],"yoast_head":"<!-- This site is optimized with the Yoast SEO plugin v27.4 - https:\/\/yoast.com\/product\/yoast-seo-wordpress\/ -->\n<title>R\u00e9gimen de Dina Boluarte en crisis por esc\u00e1ndalo del premier Alberto Ot\u00e1rola - Pulso27<\/title>\n<meta name=\"robots\" content=\"index, follow, max-snippet:-1, max-image-preview:large, max-video-preview:-1\" \/>\n<link rel=\"canonical\" href=\"https:\/\/pulso27.com\/en\/nacional\/regimen-de-dina-boluarte-en-crisis-por-escandalo-del-premier-alberto-otarola\/\" \/>\n<meta property=\"og:locale\" content=\"en_US\" \/>\n<meta property=\"og:type\" content=\"article\" \/>\n<meta property=\"og:title\" content=\"R\u00e9gimen de Dina Boluarte en crisis por esc\u00e1ndalo del premier Alberto Ot\u00e1rola - Pulso27\" \/>\n<meta property=\"og:description\" content=\"En relaci\u00f3n con el reportaje emitido, Presidencia emiti\u00f3 un comunicado. \u201cDesde el inicio de nuestro Gobierno hemos declarado reiteradas veces que la lucha frontal contra la corrupci\u00f3n es uno de nuestros pilares\u201d, inicia el pronunciamiento. \u201cReafirmamos que, no se tolerar\u00e1n actos irregulares o que transgredan los principios \u00e9ticos de todo funcionario p\u00fablico, venga de donde [&hellip;]\" \/>\n<meta property=\"og:url\" content=\"https:\/\/pulso27.com\/en\/nacional\/regimen-de-dina-boluarte-en-crisis-por-escandalo-del-premier-alberto-otarola\/\" \/>\n<meta property=\"og:site_name\" content=\"Pulso27\" \/>\n<meta property=\"article:publisher\" content=\"https:\/\/www.facebook.com\/pulso27\/\" \/>\n<meta property=\"article:published_time\" content=\"2024-03-04T03:31:12+00:00\" \/>\n<meta property=\"article:modified_time\" content=\"2024-03-04T03:31:13+00:00\" \/>\n<meta property=\"og:image\" content=\"https:\/\/pulso27.com\/wp-content\/uploads\/2024\/03\/AODB.jpg\" \/>\n\t<meta property=\"og:image:width\" content=\"1959\" \/>\n\t<meta property=\"og:image:height\" content=\"1278\" \/>\n\t<meta property=\"og:image:type\" content=\"image\/jpeg\" \/>\n<meta name=\"author\" content=\"Tupaq\" \/>\n<meta name=\"twitter:card\" content=\"summary_large_image\" \/>\n<meta name=\"twitter:creator\" content=\"@Pulso_27\" \/>\n<meta name=\"twitter:site\" content=\"@Pulso_27\" \/>\n<meta name=\"twitter:label1\" content=\"Written by\" \/>\n\t<meta name=\"twitter:data1\" content=\"Tupaq\" \/>\n\t<meta name=\"twitter:label2\" content=\"Est. reading time\" \/>\n\t<meta name=\"twitter:data2\" content=\"2 minutes\" \/>\n<script type=\"application\/ld+json\" class=\"yoast-schema-graph\">{\"@context\":\"https:\\\/\\\/schema.org\",\"@graph\":[{\"@type\":\"Article\",\"@id\":\"https:\\\/\\\/pulso27.com\\\/nacional\\\/regimen-de-dina-boluarte-en-crisis-por-escandalo-del-premier-alberto-otarola\\\/#article\",\"isPartOf\":{\"@id\":\"https:\\\/\\\/pulso27.com\\\/nacional\\\/regimen-de-dina-boluarte-en-crisis-por-escandalo-del-premier-alberto-otarola\\\/\"},\"author\":{\"name\":\"Tupaq\",\"@id\":\"https:\\\/\\\/pulso27.com\\\/en\\\/#\\\/schema\\\/person\\\/d20fd7f5bc7f2e53fd150d43fca07a78\"},\"headline\":\"R\u00e9gimen de Dina Boluarte en crisis por esc\u00e1ndalo del premier Alberto Ot\u00e1rola\",\"datePublished\":\"2024-03-04T03:31:12+00:00\",\"dateModified\":\"2024-03-04T03:31:13+00:00\",\"mainEntityOfPage\":{\"@id\":\"https:\\\/\\\/pulso27.com\\\/nacional\\\/regimen-de-dina-boluarte-en-crisis-por-escandalo-del-premier-alberto-otarola\\\/\"},\"wordCount\":505,\"commentCount\":0,\"publisher\":{\"@id\":\"https:\\\/\\\/pulso27.com\\\/en\\\/#organization\"},\"image\":{\"@id\":\"https:\\\/\\\/pulso27.com\\\/nacional\\\/regimen-de-dina-boluarte-en-crisis-por-escandalo-del-premier-alberto-otarola\\\/#primaryimage\"},\"thumbnailUrl\":\"https:\\\/\\\/pulso27.com\\\/wp-content\\\/uploads\\\/2024\\\/03\\\/AODB.jpg\",\"keywords\":[\"Dina Boluarte\",\"Esc\u00e1ndalo\",\"PCM\"],\"articleSection\":[\"Actualidad\",\"Nacional\",\"Pol\u00edtica\"],\"inLanguage\":\"en-US\",\"potentialAction\":[{\"@type\":\"CommentAction\",\"name\":\"Comment\",\"target\":[\"https:\\\/\\\/pulso27.com\\\/nacional\\\/regimen-de-dina-boluarte-en-crisis-por-escandalo-del-premier-alberto-otarola\\\/#respond\"]}]},{\"@type\":\"WebPage\",\"@id\":\"https:\\\/\\\/pulso27.com\\\/nacional\\\/regimen-de-dina-boluarte-en-crisis-por-escandalo-del-premier-alberto-otarola\\\/\",\"url\":\"https:\\\/\\\/pulso27.com\\\/nacional\\\/regimen-de-dina-boluarte-en-crisis-por-escandalo-del-premier-alberto-otarola\\\/\",\"name\":\"R\u00e9gimen de Dina Boluarte en crisis por esc\u00e1ndalo del premier Alberto Ot\u00e1rola - Pulso27\",\"isPartOf\":{\"@id\":\"https:\\\/\\\/pulso27.com\\\/en\\\/#website\"},\"primaryImageOfPage\":{\"@id\":\"https:\\\/\\\/pulso27.com\\\/nacional\\\/regimen-de-dina-boluarte-en-crisis-por-escandalo-del-premier-alberto-otarola\\\/#primaryimage\"},\"image\":{\"@id\":\"https:\\\/\\\/pulso27.com\\\/nacional\\\/regimen-de-dina-boluarte-en-crisis-por-escandalo-del-premier-alberto-otarola\\\/#primaryimage\"},\"thumbnailUrl\":\"https:\\\/\\\/pulso27.com\\\/wp-content\\\/uploads\\\/2024\\\/03\\\/AODB.jpg\",\"datePublished\":\"2024-03-04T03:31:12+00:00\",\"dateModified\":\"2024-03-04T03:31:13+00:00\",\"breadcrumb\":{\"@id\":\"https:\\\/\\\/pulso27.com\\\/nacional\\\/regimen-de-dina-boluarte-en-crisis-por-escandalo-del-premier-alberto-otarola\\\/#breadcrumb\"},\"inLanguage\":\"en-US\",\"potentialAction\":[{\"@type\":\"ReadAction\",\"target\":[\"https:\\\/\\\/pulso27.com\\\/nacional\\\/regimen-de-dina-boluarte-en-crisis-por-escandalo-del-premier-alberto-otarola\\\/\"]}]},{\"@type\":\"ImageObject\",\"inLanguage\":\"en-US\",\"@id\":\"https:\\\/\\\/pulso27.com\\\/nacional\\\/regimen-de-dina-boluarte-en-crisis-por-escandalo-del-premier-alberto-otarola\\\/#primaryimage\",\"url\":\"https:\\\/\\\/pulso27.com\\\/wp-content\\\/uploads\\\/2024\\\/03\\\/AODB.jpg\",\"contentUrl\":\"https:\\\/\\\/pulso27.com\\\/wp-content\\\/uploads\\\/2024\\\/03\\\/AODB.jpg\",\"width\":1959,\"height\":1278,\"caption\":\"Surrounded by security, Peruvian President Dina Boluarte, left, and Prime Minister Alberto Otarola stand outside the government palace as Otarola departs in Lima, Peru, Tuesday, Jan. 10, 2023. (AP Photo\\\/Martin Mejia)\"},{\"@type\":\"BreadcrumbList\",\"@id\":\"https:\\\/\\\/pulso27.com\\\/nacional\\\/regimen-de-dina-boluarte-en-crisis-por-escandalo-del-premier-alberto-otarola\\\/#breadcrumb\",\"itemListElement\":[{\"@type\":\"ListItem\",\"position\":1,\"name\":\"Portada\",\"item\":\"https:\\\/\\\/pulso27.com\\\/\"},{\"@type\":\"ListItem\",\"position\":2,\"name\":\"R\u00e9gimen de Dina Boluarte en crisis por esc\u00e1ndalo del premier Alberto Ot\u00e1rola\"}]},{\"@type\":\"WebSite\",\"@id\":\"https:\\\/\\\/pulso27.com\\\/en\\\/#website\",\"url\":\"https:\\\/\\\/pulso27.com\\\/en\\\/\",\"name\":\"Pulso27\",\"description\":\"Web de noticias y publicidad\",\"publisher\":{\"@id\":\"https:\\\/\\\/pulso27.com\\\/en\\\/#organization\"},\"alternateName\":\"El pulso del pueblo\",\"potentialAction\":[{\"@type\":\"SearchAction\",\"target\":{\"@type\":\"EntryPoint\",\"urlTemplate\":\"https:\\\/\\\/pulso27.com\\\/en\\\/?s={search_term_string}\"},\"query-input\":{\"@type\":\"PropertyValueSpecification\",\"valueRequired\":true,\"valueName\":\"search_term_string\"}}],\"inLanguage\":\"en-US\"},{\"@type\":\"Organization\",\"@id\":\"https:\\\/\\\/pulso27.com\\\/en\\\/#organization\",\"name\":\"Pulso27\",\"url\":\"https:\\\/\\\/pulso27.com\\\/en\\\/\",\"logo\":{\"@type\":\"ImageObject\",\"inLanguage\":\"en-US\",\"@id\":\"https:\\\/\\\/pulso27.com\\\/en\\\/#\\\/schema\\\/logo\\\/image\\\/\",\"url\":\"https:\\\/\\\/pulso27.com\\\/wp-content\\\/uploads\\\/2026\\\/02\\\/Logotipo-de-la-organizacion-696-x-696-px-ok.png\",\"contentUrl\":\"https:\\\/\\\/pulso27.com\\\/wp-content\\\/uploads\\\/2026\\\/02\\\/Logotipo-de-la-organizacion-696-x-696-px-ok.png\",\"width\":696,\"height\":696,\"caption\":\"Pulso27\"},\"image\":{\"@id\":\"https:\\\/\\\/pulso27.com\\\/en\\\/#\\\/schema\\\/logo\\\/image\\\/\"},\"sameAs\":[\"https:\\\/\\\/www.facebook.com\\\/pulso27\\\/\",\"https:\\\/\\\/x.com\\\/Pulso_27\",\"https:\\\/\\\/www.youtube.com\\\/@Pulso27\",\"https:\\\/\\\/www.tiktok.com\\\/@pulso_27\"]},{\"@type\":\"Person\",\"@id\":\"https:\\\/\\\/pulso27.com\\\/en\\\/#\\\/schema\\\/person\\\/d20fd7f5bc7f2e53fd150d43fca07a78\",\"name\":\"Tupaq\",\"image\":{\"@type\":\"ImageObject\",\"inLanguage\":\"en-US\",\"@id\":\"https:\\\/\\\/secure.gravatar.com\\\/avatar\\\/7929e9b034aeea560319a601e4f04c59eb5f45a79eafe192adabb67e9604e7e7?s=96&d=mm&r=g\",\"url\":\"https:\\\/\\\/secure.gravatar.com\\\/avatar\\\/7929e9b034aeea560319a601e4f04c59eb5f45a79eafe192adabb67e9604e7e7?s=96&d=mm&r=g\",\"contentUrl\":\"https:\\\/\\\/secure.gravatar.com\\\/avatar\\\/7929e9b034aeea560319a601e4f04c59eb5f45a79eafe192adabb67e9604e7e7?s=96&d=mm&r=g\",\"caption\":\"Tupaq\"},\"url\":\"https:\\\/\\\/pulso27.com\\\/en\\\/author\\\/tupaq\\\/\"}]}<\/script>\n<!-- \/ Yoast SEO plugin. -->","yoast_head_json":{"title":"R\u00e9gimen de Dina Boluarte en crisis por esc\u00e1ndalo del premier Alberto Ot\u00e1rola - Pulso27","robots":{"index":"index","follow":"follow","max-snippet":"max-snippet:-1","max-image-preview":"max-image-preview:large","max-video-preview":"max-video-preview:-1"},"canonical":"https:\/\/pulso27.com\/en\/nacional\/regimen-de-dina-boluarte-en-crisis-por-escandalo-del-premier-alberto-otarola\/","og_locale":"en_US","og_type":"article","og_title":"R\u00e9gimen de Dina Boluarte en crisis por esc\u00e1ndalo del premier Alberto Ot\u00e1rola - Pulso27","og_description":"En relaci\u00f3n con el reportaje emitido, Presidencia emiti\u00f3 un comunicado. \u201cDesde el inicio de nuestro Gobierno hemos declarado reiteradas veces que la lucha frontal contra la corrupci\u00f3n es uno de nuestros pilares\u201d, inicia el pronunciamiento. \u201cReafirmamos que, no se tolerar\u00e1n actos irregulares o que transgredan los principios \u00e9ticos de todo funcionario p\u00fablico, venga de donde [&hellip;]","og_url":"https:\/\/pulso27.com\/en\/nacional\/regimen-de-dina-boluarte-en-crisis-por-escandalo-del-premier-alberto-otarola\/","og_site_name":"Pulso27","article_publisher":"https:\/\/www.facebook.com\/pulso27\/","article_published_time":"2024-03-04T03:31:12+00:00","article_modified_time":"2024-03-04T03:31:13+00:00","og_image":[{"width":1959,"height":1278,"url":"https:\/\/pulso27.com\/wp-content\/uploads\/2024\/03\/AODB.jpg","type":"image\/jpeg"}],"author":"Tupaq","twitter_card":"summary_large_image","twitter_creator":"@Pulso_27","twitter_site":"@Pulso_27","twitter_misc":{"Written by":"Tupaq","Est. reading time":"2 minutes"},"schema":{"@context":"https:\/\/schema.org","@graph":[{"@type":"Article","@id":"https:\/\/pulso27.com\/nacional\/regimen-de-dina-boluarte-en-crisis-por-escandalo-del-premier-alberto-otarola\/#article","isPartOf":{"@id":"https:\/\/pulso27.com\/nacional\/regimen-de-dina-boluarte-en-crisis-por-escandalo-del-premier-alberto-otarola\/"},"author":{"name":"Tupaq","@id":"https:\/\/pulso27.com\/en\/#\/schema\/person\/d20fd7f5bc7f2e53fd150d43fca07a78"},"headline":"R\u00e9gimen de Dina Boluarte en crisis por esc\u00e1ndalo del premier Alberto Ot\u00e1rola","datePublished":"2024-03-04T03:31:12+00:00","dateModified":"2024-03-04T03:31:13+00:00","mainEntityOfPage":{"@id":"https:\/\/pulso27.com\/nacional\/regimen-de-dina-boluarte-en-crisis-por-escandalo-del-premier-alberto-otarola\/"},"wordCount":505,"commentCount":0,"publisher":{"@id":"https:\/\/pulso27.com\/en\/#organization"},"image":{"@id":"https:\/\/pulso27.com\/nacional\/regimen-de-dina-boluarte-en-crisis-por-escandalo-del-premier-alberto-otarola\/#primaryimage"},"thumbnailUrl":"https:\/\/pulso27.com\/wp-content\/uploads\/2024\/03\/AODB.jpg","keywords":["Dina Boluarte","Esc\u00e1ndalo","PCM"],"articleSection":["Actualidad","Nacional","Pol\u00edtica"],"inLanguage":"en-US","potentialAction":[{"@type":"CommentAction","name":"Comment","target":["https:\/\/pulso27.com\/nacional\/regimen-de-dina-boluarte-en-crisis-por-escandalo-del-premier-alberto-otarola\/#respond"]}]},{"@type":"WebPage","@id":"https:\/\/pulso27.com\/nacional\/regimen-de-dina-boluarte-en-crisis-por-escandalo-del-premier-alberto-otarola\/","url":"https:\/\/pulso27.com\/nacional\/regimen-de-dina-boluarte-en-crisis-por-escandalo-del-premier-alberto-otarola\/","name":"R\u00e9gimen de Dina Boluarte en crisis por esc\u00e1ndalo del premier Alberto Ot\u00e1rola - Pulso27","isPartOf":{"@id":"https:\/\/pulso27.com\/en\/#website"},"primaryImageOfPage":{"@id":"https:\/\/pulso27.com\/nacional\/regimen-de-dina-boluarte-en-crisis-por-escandalo-del-premier-alberto-otarola\/#primaryimage"},"image":{"@id":"https:\/\/pulso27.com\/nacional\/regimen-de-dina-boluarte-en-crisis-por-escandalo-del-premier-alberto-otarola\/#primaryimage"},"thumbnailUrl":"https:\/\/pulso27.com\/wp-content\/uploads\/2024\/03\/AODB.jpg","datePublished":"2024-03-04T03:31:12+00:00","dateModified":"2024-03-04T03:31:13+00:00","breadcrumb":{"@id":"https:\/\/pulso27.com\/nacional\/regimen-de-dina-boluarte-en-crisis-por-escandalo-del-premier-alberto-otarola\/#breadcrumb"},"inLanguage":"en-US","potentialAction":[{"@type":"ReadAction","target":["https:\/\/pulso27.com\/nacional\/regimen-de-dina-boluarte-en-crisis-por-escandalo-del-premier-alberto-otarola\/"]}]},{"@type":"ImageObject","inLanguage":"en-US","@id":"https:\/\/pulso27.com\/nacional\/regimen-de-dina-boluarte-en-crisis-por-escandalo-del-premier-alberto-otarola\/#primaryimage","url":"https:\/\/pulso27.com\/wp-content\/uploads\/2024\/03\/AODB.jpg","contentUrl":"https:\/\/pulso27.com\/wp-content\/uploads\/2024\/03\/AODB.jpg","width":1959,"height":1278,"caption":"Surrounded by security, Peruvian President Dina Boluarte, left, and Prime Minister Alberto Otarola stand outside the government palace as Otarola departs in Lima, Peru, Tuesday, Jan. 10, 2023. (AP Photo\/Martin Mejia)"},{"@type":"BreadcrumbList","@id":"https:\/\/pulso27.com\/nacional\/regimen-de-dina-boluarte-en-crisis-por-escandalo-del-premier-alberto-otarola\/#breadcrumb","itemListElement":[{"@type":"ListItem","position":1,"name":"Portada","item":"https:\/\/pulso27.com\/"},{"@type":"ListItem","position":2,"name":"R\u00e9gimen de Dina Boluarte en crisis por esc\u00e1ndalo del premier Alberto Ot\u00e1rola"}]},{"@type":"WebSite","@id":"https:\/\/pulso27.com\/en\/#website","url":"https:\/\/pulso27.com\/en\/","name":"Pulso27","description":"Web de noticias y publicidad","publisher":{"@id":"https:\/\/pulso27.com\/en\/#organization"},"alternateName":"El pulso del pueblo","potentialAction":[{"@type":"SearchAction","target":{"@type":"EntryPoint","urlTemplate":"https:\/\/pulso27.com\/en\/?s={search_term_string}"},"query-input":{"@type":"PropertyValueSpecification","valueRequired":true,"valueName":"search_term_string"}}],"inLanguage":"en-US"},{"@type":"Organization","@id":"https:\/\/pulso27.com\/en\/#organization","name":"Pulso27","url":"https:\/\/pulso27.com\/en\/","logo":{"@type":"ImageObject","inLanguage":"en-US","@id":"https:\/\/pulso27.com\/en\/#\/schema\/logo\/image\/","url":"https:\/\/pulso27.com\/wp-content\/uploads\/2026\/02\/Logotipo-de-la-organizacion-696-x-696-px-ok.png","contentUrl":"https:\/\/pulso27.com\/wp-content\/uploads\/2026\/02\/Logotipo-de-la-organizacion-696-x-696-px-ok.png","width":696,"height":696,"caption":"Pulso27"},"image":{"@id":"https:\/\/pulso27.com\/en\/#\/schema\/logo\/image\/"},"sameAs":["https:\/\/www.facebook.com\/pulso27\/","https:\/\/x.com\/Pulso_27","https:\/\/www.youtube.com\/@Pulso27","https:\/\/www.tiktok.com\/@pulso_27"]},{"@type":"Person","@id":"https:\/\/pulso27.com\/en\/#\/schema\/person\/d20fd7f5bc7f2e53fd150d43fca07a78","name":"Tupaq","image":{"@type":"ImageObject","inLanguage":"en-US","@id":"https:\/\/secure.gravatar.com\/avatar\/7929e9b034aeea560319a601e4f04c59eb5f45a79eafe192adabb67e9604e7e7?s=96&d=mm&r=g","url":"https:\/\/secure.gravatar.com\/avatar\/7929e9b034aeea560319a601e4f04c59eb5f45a79eafe192adabb67e9604e7e7?s=96&d=mm&r=g","contentUrl":"https:\/\/secure.gravatar.com\/avatar\/7929e9b034aeea560319a601e4f04c59eb5f45a79eafe192adabb67e9604e7e7?s=96&d=mm&r=g","caption":"Tupaq"},"url":"https:\/\/pulso27.com\/en\/author\/tupaq\/"}]}},"amp_enabled":true,"_links":{"self":[{"href":"https:\/\/pulso27.com\/en\/wp-json\/wp\/v2\/posts\/1379","targetHints":{"allow":["GET"]}}],"collection":[{"href":"https:\/\/pulso27.com\/en\/wp-json\/wp\/v2\/posts"}],"about":[{"href":"https:\/\/pulso27.com\/en\/wp-json\/wp\/v2\/types\/post"}],"author":[{"embeddable":true,"href":"https:\/\/pulso27.com\/en\/wp-json\/wp\/v2\/users\/7"}],"replies":[{"embeddable":true,"href":"https:\/\/pulso27.com\/en\/wp-json\/wp\/v2\/comments?post=1379"}],"version-history":[{"count":1,"href":"https:\/\/pulso27.com\/en\/wp-json\/wp\/v2\/posts\/1379\/revisions"}],"predecessor-version":[{"id":1383,"href":"https:\/\/pulso27.com\/en\/wp-json\/wp\/v2\/posts\/1379\/revisions\/1383"}],"wp:featuredmedia":[{"embeddable":true,"href":"https:\/\/pulso27.com\/en\/wp-json\/wp\/v2\/media\/1380"}],"wp:attachment":[{"href":"https:\/\/pulso27.com\/en\/wp-json\/wp\/v2\/media?parent=1379"}],"wp:term":[{"taxonomy":"category","embeddable":true,"href":"https:\/\/pulso27.com\/en\/wp-json\/wp\/v2\/categories?post=1379"},{"taxonomy":"post_tag","embeddable":true,"href":"https:\/\/pulso27.com\/en\/wp-json\/wp\/v2\/tags?post=1379"}],"curies":[{"name":"wp","href":"https:\/\/api.w.org\/{rel}","templated":true}]}}