{"id":1397,"date":"2024-03-06T19:04:27","date_gmt":"2024-03-06T14:04:27","guid":{"rendered":"https:\/\/pulso27.com\/?p=1397"},"modified":"2024-03-06T19:04:28","modified_gmt":"2024-03-06T14:04:28","slug":"boluarte-tomara-juramento-a-nuevo-presidente-del-consejo-de-ministros-esta-manana","status":"publish","type":"post","link":"https:\/\/pulso27.com\/en\/nacional\/boluarte-tomara-juramento-a-nuevo-presidente-del-consejo-de-ministros-esta-manana\/","title":{"rendered":"Boluarte tomar\u00e1 juramento a nuevo presidente del Consejo de Ministros esta ma\u00f1ana"},"content":{"rendered":"<p><br>La jefa de Estado tomar\u00e1 juramento este mi\u00e9rcoles al reemplazo de Alberto Ot\u00e1rola en una ceremonia en Palacio de Gobierno.<br>La presidenta de la Rep\u00fablica, Dina Boluarte, realizar\u00e1 ma\u00f1ana la juramentaci\u00f3n del nuevo titular del Gabinete Ministerial, tras la renuncia de Alberto Ot\u00e1rola.<\/p>\n\n\n\n<p>Fuentes de RPP Noticias pudieron conocer que el acto se realizar\u00e1 este mi\u00e9rcoles desde las 8 de la ma\u00f1ana en Palacio de Gobierno.<\/p>\n\n\n\n<figure class=\"wp-block-image size-full is-resized\"><img loading=\"lazy\" decoding=\"async\" width=\"728\" height=\"433\" src=\"https:\/\/pulso27.com\/wp-content\/uploads\/2024\/03\/image-4.png\" alt=\"\" class=\"wp-image-1399\" style=\"width:741px;height:auto\" srcset=\"https:\/\/pulso27.com\/wp-content\/uploads\/2024\/03\/image-4.png 728w, https:\/\/pulso27.com\/wp-content\/uploads\/2024\/03\/image-4-300x178.png 300w, https:\/\/pulso27.com\/wp-content\/uploads\/2024\/03\/image-4-18x12.png 18w\" sizes=\"auto, (max-width: 728px) 100vw, 728px\" \/><\/figure>\n\n\n\n<p>De momento no se ha confirmado qui\u00e9n ser\u00eda el reemplazo de Alberto Ot\u00e1rola en la Presidencia del Consejo de Ministros, aunque s\u00ed se obtuvo la informaci\u00f3n de que la jefa de Estado comunicar\u00eda hoy a los ministros si son o no ratificados en el siguiente Gabinete.<\/p>\n\n\n\n<p>Renuncia de Alberto Ot\u00e1rola<br>Alberto Ot\u00e1rola anunci\u00f3 la noche de este martes que present\u00f3 su renuncia al cargo de Presidente del Consejo de Ministros, luego de la difusi\u00f3n de un audio que lo vincula con Yazir\u00e9 Pinedo, quien obtuvo contratos con el estado tras reunirse con \u00e9l.<\/p>\n\n\n\n<p>Seg\u00fan precis\u00f3 en conferencia de prensa, esta decisi\u00f3n fue adoptada con el objetivo de \u201cdarle tranquilidad a la presidenta Dina Boluarte, para que pueda recomponer su Gabinete Ministerial como lo estime conveniente.<\/p>\n\n\n\n<p>El renunciante titular del Gabinete Ministerial dijo haber sido objeto de un complot y una conspiraci\u00f3n planificada durante meses por \u201cdiversos personajes que act\u00faan desde las sombras con intereses personales subalternos\u201d.<\/p>\n\n\n\n<p>Adem\u00e1s, reconoci\u00f3 la veracidad del audio presentado en el dominical Panorama, que lo vincula a Yazir\u00e9 Pinedo; sin embargo, dijo como ella, que la conversaci\u00f3n data de 2021. En esa l\u00ednea, rechaz\u00f3 que haya incurrido en la contrataci\u00f3n irregular de Pinedo.<\/p>\n\n\n\n<p>Ot\u00e1rola tambi\u00e9n se refiri\u00f3 a las declaraciones del canciller Javier Gonz\u00e1lez-Olaechea, quien anunci\u00f3 el relanzamiento de las pol\u00edticas del Gobierno de cara a \u00abla sustentaci\u00f3n del pr\u00f3ximo Gabinete\u00bb. Tild\u00f3 de desubicado a Gonz\u00e1lez Olaechea y dijo que se adelant\u00f3 al hacer ese anuncio, pues por respeto le correspond\u00eda a \u00e9l realizarlo.<\/p>\n\n\n\n<p>\u00abHoy un canciller desubicado ha dicho que va a haber otro plan de Gobierno y de manera majadera ha adelantado un anuncio que por respeto lo deb\u00ed haber hecho yo, pero lo que s\u00ed puedo precisar en este momento es que la l\u00ednea de acci\u00f3n est\u00e1 abierta\u00bb.<\/p>\n\n\n\n<p>Fuente: RPP<\/p>","protected":false},"excerpt":{"rendered":"<p>La jefa de Estado tomar\u00e1 juramento este mi\u00e9rcoles al reemplazo de Alberto Ot\u00e1rola en una ceremonia en Palacio de Gobierno.La presidenta de la Rep\u00fablica, Dina Boluarte, realizar\u00e1 ma\u00f1ana la juramentaci\u00f3n del nuevo titular del Gabinete Ministerial, tras la renuncia de Alberto Ot\u00e1rola. Fuentes de RPP Noticias pudieron conocer que el acto se realizar\u00e1 este mi\u00e9rcoles [&hellip;]<\/p>\n","protected":false},"author":10,"featured_media":1400,"comment_status":"open","ping_status":"open","sticky":false,"template":"","format":"standard","meta":{"footnotes":""},"categories":[183,174],"tags":[315,618],"class_list":["post-1397","post","type-post","status-publish","format-standard","has-post-thumbnail","hentry","category-actualidad","category-nacional","tag-boluarte","tag-juramentacion"],"yoast_head":"<!-- This site is optimized with the Yoast SEO plugin v27.4 - https:\/\/yoast.com\/product\/yoast-seo-wordpress\/ -->\n<title>Boluarte tomar\u00e1 juramento a nuevo presidente del Consejo de Ministros esta ma\u00f1ana - Pulso27<\/title>\n<meta name=\"robots\" content=\"index, follow, max-snippet:-1, max-image-preview:large, max-video-preview:-1\" \/>\n<link rel=\"canonical\" href=\"https:\/\/pulso27.com\/en\/nacional\/boluarte-tomara-juramento-a-nuevo-presidente-del-consejo-de-ministros-esta-manana\/\" \/>\n<meta property=\"og:locale\" content=\"en_US\" \/>\n<meta property=\"og:type\" content=\"article\" \/>\n<meta property=\"og:title\" content=\"Boluarte tomar\u00e1 juramento a nuevo presidente del Consejo de Ministros esta ma\u00f1ana - Pulso27\" \/>\n<meta property=\"og:description\" content=\"La jefa de Estado tomar\u00e1 juramento este mi\u00e9rcoles al reemplazo de Alberto Ot\u00e1rola en una ceremonia en Palacio de Gobierno.La presidenta de la Rep\u00fablica, Dina Boluarte, realizar\u00e1 ma\u00f1ana la juramentaci\u00f3n del nuevo titular del Gabinete Ministerial, tras la renuncia de Alberto Ot\u00e1rola. Fuentes de RPP Noticias pudieron conocer que el acto se realizar\u00e1 este mi\u00e9rcoles [&hellip;]\" \/>\n<meta property=\"og:url\" content=\"https:\/\/pulso27.com\/en\/nacional\/boluarte-tomara-juramento-a-nuevo-presidente-del-consejo-de-ministros-esta-manana\/\" \/>\n<meta property=\"og:site_name\" content=\"Pulso27\" \/>\n<meta property=\"article:publisher\" content=\"https:\/\/www.facebook.com\/pulso27\/\" \/>\n<meta property=\"article:published_time\" content=\"2024-03-06T14:04:27+00:00\" \/>\n<meta property=\"article:modified_time\" content=\"2024-03-06T14:04:28+00:00\" \/>\n<meta property=\"og:image\" content=\"https:\/\/pulso27.com\/wp-content\/uploads\/2024\/03\/palacio.png\" \/>\n\t<meta property=\"og:image:width\" content=\"761\" \/>\n\t<meta property=\"og:image:height\" content=\"440\" \/>\n\t<meta property=\"og:image:type\" content=\"image\/png\" \/>\n<meta name=\"author\" content=\"El Muki\" \/>\n<meta name=\"twitter:card\" content=\"summary_large_image\" \/>\n<meta name=\"twitter:creator\" content=\"@Pulso_27\" \/>\n<meta name=\"twitter:site\" content=\"@Pulso_27\" \/>\n<meta name=\"twitter:label1\" content=\"Written by\" \/>\n\t<meta name=\"twitter:data1\" content=\"El Muki\" \/>\n\t<meta name=\"twitter:label2\" content=\"Est. reading time\" \/>\n\t<meta name=\"twitter:data2\" content=\"2 minutes\" \/>\n<script type=\"application\/ld+json\" class=\"yoast-schema-graph\">{\"@context\":\"https:\\\/\\\/schema.org\",\"@graph\":[{\"@type\":\"Article\",\"@id\":\"https:\\\/\\\/pulso27.com\\\/nacional\\\/boluarte-tomara-juramento-a-nuevo-presidente-del-consejo-de-ministros-esta-manana\\\/#article\",\"isPartOf\":{\"@id\":\"https:\\\/\\\/pulso27.com\\\/nacional\\\/boluarte-tomara-juramento-a-nuevo-presidente-del-consejo-de-ministros-esta-manana\\\/\"},\"author\":{\"name\":\"El Muki\",\"@id\":\"https:\\\/\\\/pulso27.com\\\/en\\\/#\\\/schema\\\/person\\\/a0930a7f318e7d9d83bd7cffed9f34f6\"},\"headline\":\"Boluarte tomar\u00e1 juramento a nuevo presidente del Consejo de Ministros esta ma\u00f1ana\",\"datePublished\":\"2024-03-06T14:04:27+00:00\",\"dateModified\":\"2024-03-06T14:04:28+00:00\",\"mainEntityOfPage\":{\"@id\":\"https:\\\/\\\/pulso27.com\\\/nacional\\\/boluarte-tomara-juramento-a-nuevo-presidente-del-consejo-de-ministros-esta-manana\\\/\"},\"wordCount\":407,\"commentCount\":0,\"publisher\":{\"@id\":\"https:\\\/\\\/pulso27.com\\\/en\\\/#organization\"},\"image\":{\"@id\":\"https:\\\/\\\/pulso27.com\\\/nacional\\\/boluarte-tomara-juramento-a-nuevo-presidente-del-consejo-de-ministros-esta-manana\\\/#primaryimage\"},\"thumbnailUrl\":\"https:\\\/\\\/pulso27.com\\\/wp-content\\\/uploads\\\/2024\\\/03\\\/palacio.png\",\"keywords\":[\"Boluarte\",\"Juramentacion\"],\"articleSection\":[\"Actualidad\",\"Nacional\"],\"inLanguage\":\"en-US\",\"potentialAction\":[{\"@type\":\"CommentAction\",\"name\":\"Comment\",\"target\":[\"https:\\\/\\\/pulso27.com\\\/nacional\\\/boluarte-tomara-juramento-a-nuevo-presidente-del-consejo-de-ministros-esta-manana\\\/#respond\"]}]},{\"@type\":\"WebPage\",\"@id\":\"https:\\\/\\\/pulso27.com\\\/nacional\\\/boluarte-tomara-juramento-a-nuevo-presidente-del-consejo-de-ministros-esta-manana\\\/\",\"url\":\"https:\\\/\\\/pulso27.com\\\/nacional\\\/boluarte-tomara-juramento-a-nuevo-presidente-del-consejo-de-ministros-esta-manana\\\/\",\"name\":\"Boluarte tomar\u00e1 juramento a nuevo presidente del Consejo de Ministros esta ma\u00f1ana - Pulso27\",\"isPartOf\":{\"@id\":\"https:\\\/\\\/pulso27.com\\\/en\\\/#website\"},\"primaryImageOfPage\":{\"@id\":\"https:\\\/\\\/pulso27.com\\\/nacional\\\/boluarte-tomara-juramento-a-nuevo-presidente-del-consejo-de-ministros-esta-manana\\\/#primaryimage\"},\"image\":{\"@id\":\"https:\\\/\\\/pulso27.com\\\/nacional\\\/boluarte-tomara-juramento-a-nuevo-presidente-del-consejo-de-ministros-esta-manana\\\/#primaryimage\"},\"thumbnailUrl\":\"https:\\\/\\\/pulso27.com\\\/wp-content\\\/uploads\\\/2024\\\/03\\\/palacio.png\",\"datePublished\":\"2024-03-06T14:04:27+00:00\",\"dateModified\":\"2024-03-06T14:04:28+00:00\",\"breadcrumb\":{\"@id\":\"https:\\\/\\\/pulso27.com\\\/nacional\\\/boluarte-tomara-juramento-a-nuevo-presidente-del-consejo-de-ministros-esta-manana\\\/#breadcrumb\"},\"inLanguage\":\"en-US\",\"potentialAction\":[{\"@type\":\"ReadAction\",\"target\":[\"https:\\\/\\\/pulso27.com\\\/nacional\\\/boluarte-tomara-juramento-a-nuevo-presidente-del-consejo-de-ministros-esta-manana\\\/\"]}]},{\"@type\":\"ImageObject\",\"inLanguage\":\"en-US\",\"@id\":\"https:\\\/\\\/pulso27.com\\\/nacional\\\/boluarte-tomara-juramento-a-nuevo-presidente-del-consejo-de-ministros-esta-manana\\\/#primaryimage\",\"url\":\"https:\\\/\\\/pulso27.com\\\/wp-content\\\/uploads\\\/2024\\\/03\\\/palacio.png\",\"contentUrl\":\"https:\\\/\\\/pulso27.com\\\/wp-content\\\/uploads\\\/2024\\\/03\\\/palacio.png\",\"width\":761,\"height\":440},{\"@type\":\"BreadcrumbList\",\"@id\":\"https:\\\/\\\/pulso27.com\\\/nacional\\\/boluarte-tomara-juramento-a-nuevo-presidente-del-consejo-de-ministros-esta-manana\\\/#breadcrumb\",\"itemListElement\":[{\"@type\":\"ListItem\",\"position\":1,\"name\":\"Portada\",\"item\":\"https:\\\/\\\/pulso27.com\\\/\"},{\"@type\":\"ListItem\",\"position\":2,\"name\":\"Boluarte tomar\u00e1 juramento a nuevo presidente del Consejo de Ministros esta ma\u00f1ana\"}]},{\"@type\":\"WebSite\",\"@id\":\"https:\\\/\\\/pulso27.com\\\/en\\\/#website\",\"url\":\"https:\\\/\\\/pulso27.com\\\/en\\\/\",\"name\":\"Pulso27\",\"description\":\"Web de noticias y publicidad\",\"publisher\":{\"@id\":\"https:\\\/\\\/pulso27.com\\\/en\\\/#organization\"},\"alternateName\":\"El pulso del pueblo\",\"potentialAction\":[{\"@type\":\"SearchAction\",\"target\":{\"@type\":\"EntryPoint\",\"urlTemplate\":\"https:\\\/\\\/pulso27.com\\\/en\\\/?s={search_term_string}\"},\"query-input\":{\"@type\":\"PropertyValueSpecification\",\"valueRequired\":true,\"valueName\":\"search_term_string\"}}],\"inLanguage\":\"en-US\"},{\"@type\":\"Organization\",\"@id\":\"https:\\\/\\\/pulso27.com\\\/en\\\/#organization\",\"name\":\"Pulso27\",\"url\":\"https:\\\/\\\/pulso27.com\\\/en\\\/\",\"logo\":{\"@type\":\"ImageObject\",\"inLanguage\":\"en-US\",\"@id\":\"https:\\\/\\\/pulso27.com\\\/en\\\/#\\\/schema\\\/logo\\\/image\\\/\",\"url\":\"https:\\\/\\\/pulso27.com\\\/wp-content\\\/uploads\\\/2026\\\/02\\\/Logotipo-de-la-organizacion-696-x-696-px-ok.png\",\"contentUrl\":\"https:\\\/\\\/pulso27.com\\\/wp-content\\\/uploads\\\/2026\\\/02\\\/Logotipo-de-la-organizacion-696-x-696-px-ok.png\",\"width\":696,\"height\":696,\"caption\":\"Pulso27\"},\"image\":{\"@id\":\"https:\\\/\\\/pulso27.com\\\/en\\\/#\\\/schema\\\/logo\\\/image\\\/\"},\"sameAs\":[\"https:\\\/\\\/www.facebook.com\\\/pulso27\\\/\",\"https:\\\/\\\/x.com\\\/Pulso_27\",\"https:\\\/\\\/www.youtube.com\\\/@Pulso27\",\"https:\\\/\\\/www.tiktok.com\\\/@pulso_27\"]},{\"@type\":\"Person\",\"@id\":\"https:\\\/\\\/pulso27.com\\\/en\\\/#\\\/schema\\\/person\\\/a0930a7f318e7d9d83bd7cffed9f34f6\",\"name\":\"El Muki\",\"image\":{\"@type\":\"ImageObject\",\"inLanguage\":\"en-US\",\"@id\":\"https:\\\/\\\/secure.gravatar.com\\\/avatar\\\/dc91c2607c5eebda74cbb40d13031f489096c96ead89c4c30c17db262267b2b3?s=96&d=mm&r=g\",\"url\":\"https:\\\/\\\/secure.gravatar.com\\\/avatar\\\/dc91c2607c5eebda74cbb40d13031f489096c96ead89c4c30c17db262267b2b3?s=96&d=mm&r=g\",\"contentUrl\":\"https:\\\/\\\/secure.gravatar.com\\\/avatar\\\/dc91c2607c5eebda74cbb40d13031f489096c96ead89c4c30c17db262267b2b3?s=96&d=mm&r=g\",\"caption\":\"El Muki\"},\"sameAs\":[\"http:\\\/\\\/www.pulso27.com\"],\"url\":\"https:\\\/\\\/pulso27.com\\\/en\\\/author\\\/elcuervo\\\/\"}]}<\/script>\n<!-- \/ Yoast SEO plugin. -->","yoast_head_json":{"title":"Boluarte tomar\u00e1 juramento a nuevo presidente del Consejo de Ministros esta ma\u00f1ana - Pulso27","robots":{"index":"index","follow":"follow","max-snippet":"max-snippet:-1","max-image-preview":"max-image-preview:large","max-video-preview":"max-video-preview:-1"},"canonical":"https:\/\/pulso27.com\/en\/nacional\/boluarte-tomara-juramento-a-nuevo-presidente-del-consejo-de-ministros-esta-manana\/","og_locale":"en_US","og_type":"article","og_title":"Boluarte tomar\u00e1 juramento a nuevo presidente del Consejo de Ministros esta ma\u00f1ana - Pulso27","og_description":"La jefa de Estado tomar\u00e1 juramento este mi\u00e9rcoles al reemplazo de Alberto Ot\u00e1rola en una ceremonia en Palacio de Gobierno.La presidenta de la Rep\u00fablica, Dina Boluarte, realizar\u00e1 ma\u00f1ana la juramentaci\u00f3n del nuevo titular del Gabinete Ministerial, tras la renuncia de Alberto Ot\u00e1rola. Fuentes de RPP Noticias pudieron conocer que el acto se realizar\u00e1 este mi\u00e9rcoles [&hellip;]","og_url":"https:\/\/pulso27.com\/en\/nacional\/boluarte-tomara-juramento-a-nuevo-presidente-del-consejo-de-ministros-esta-manana\/","og_site_name":"Pulso27","article_publisher":"https:\/\/www.facebook.com\/pulso27\/","article_published_time":"2024-03-06T14:04:27+00:00","article_modified_time":"2024-03-06T14:04:28+00:00","og_image":[{"width":761,"height":440,"url":"https:\/\/pulso27.com\/wp-content\/uploads\/2024\/03\/palacio.png","type":"image\/png"}],"author":"El Muki","twitter_card":"summary_large_image","twitter_creator":"@Pulso_27","twitter_site":"@Pulso_27","twitter_misc":{"Written by":"El Muki","Est. reading time":"2 minutes"},"schema":{"@context":"https:\/\/schema.org","@graph":[{"@type":"Article","@id":"https:\/\/pulso27.com\/nacional\/boluarte-tomara-juramento-a-nuevo-presidente-del-consejo-de-ministros-esta-manana\/#article","isPartOf":{"@id":"https:\/\/pulso27.com\/nacional\/boluarte-tomara-juramento-a-nuevo-presidente-del-consejo-de-ministros-esta-manana\/"},"author":{"name":"El Muki","@id":"https:\/\/pulso27.com\/en\/#\/schema\/person\/a0930a7f318e7d9d83bd7cffed9f34f6"},"headline":"Boluarte tomar\u00e1 juramento a nuevo presidente del Consejo de Ministros esta ma\u00f1ana","datePublished":"2024-03-06T14:04:27+00:00","dateModified":"2024-03-06T14:04:28+00:00","mainEntityOfPage":{"@id":"https:\/\/pulso27.com\/nacional\/boluarte-tomara-juramento-a-nuevo-presidente-del-consejo-de-ministros-esta-manana\/"},"wordCount":407,"commentCount":0,"publisher":{"@id":"https:\/\/pulso27.com\/en\/#organization"},"image":{"@id":"https:\/\/pulso27.com\/nacional\/boluarte-tomara-juramento-a-nuevo-presidente-del-consejo-de-ministros-esta-manana\/#primaryimage"},"thumbnailUrl":"https:\/\/pulso27.com\/wp-content\/uploads\/2024\/03\/palacio.png","keywords":["Boluarte","Juramentacion"],"articleSection":["Actualidad","Nacional"],"inLanguage":"en-US","potentialAction":[{"@type":"CommentAction","name":"Comment","target":["https:\/\/pulso27.com\/nacional\/boluarte-tomara-juramento-a-nuevo-presidente-del-consejo-de-ministros-esta-manana\/#respond"]}]},{"@type":"WebPage","@id":"https:\/\/pulso27.com\/nacional\/boluarte-tomara-juramento-a-nuevo-presidente-del-consejo-de-ministros-esta-manana\/","url":"https:\/\/pulso27.com\/nacional\/boluarte-tomara-juramento-a-nuevo-presidente-del-consejo-de-ministros-esta-manana\/","name":"Boluarte tomar\u00e1 juramento a nuevo presidente del Consejo de Ministros esta ma\u00f1ana - Pulso27","isPartOf":{"@id":"https:\/\/pulso27.com\/en\/#website"},"primaryImageOfPage":{"@id":"https:\/\/pulso27.com\/nacional\/boluarte-tomara-juramento-a-nuevo-presidente-del-consejo-de-ministros-esta-manana\/#primaryimage"},"image":{"@id":"https:\/\/pulso27.com\/nacional\/boluarte-tomara-juramento-a-nuevo-presidente-del-consejo-de-ministros-esta-manana\/#primaryimage"},"thumbnailUrl":"https:\/\/pulso27.com\/wp-content\/uploads\/2024\/03\/palacio.png","datePublished":"2024-03-06T14:04:27+00:00","dateModified":"2024-03-06T14:04:28+00:00","breadcrumb":{"@id":"https:\/\/pulso27.com\/nacional\/boluarte-tomara-juramento-a-nuevo-presidente-del-consejo-de-ministros-esta-manana\/#breadcrumb"},"inLanguage":"en-US","potentialAction":[{"@type":"ReadAction","target":["https:\/\/pulso27.com\/nacional\/boluarte-tomara-juramento-a-nuevo-presidente-del-consejo-de-ministros-esta-manana\/"]}]},{"@type":"ImageObject","inLanguage":"en-US","@id":"https:\/\/pulso27.com\/nacional\/boluarte-tomara-juramento-a-nuevo-presidente-del-consejo-de-ministros-esta-manana\/#primaryimage","url":"https:\/\/pulso27.com\/wp-content\/uploads\/2024\/03\/palacio.png","contentUrl":"https:\/\/pulso27.com\/wp-content\/uploads\/2024\/03\/palacio.png","width":761,"height":440},{"@type":"BreadcrumbList","@id":"https:\/\/pulso27.com\/nacional\/boluarte-tomara-juramento-a-nuevo-presidente-del-consejo-de-ministros-esta-manana\/#breadcrumb","itemListElement":[{"@type":"ListItem","position":1,"name":"Portada","item":"https:\/\/pulso27.com\/"},{"@type":"ListItem","position":2,"name":"Boluarte tomar\u00e1 juramento a nuevo presidente del Consejo de Ministros esta ma\u00f1ana"}]},{"@type":"WebSite","@id":"https:\/\/pulso27.com\/en\/#website","url":"https:\/\/pulso27.com\/en\/","name":"Pulso27","description":"Web de noticias y publicidad","publisher":{"@id":"https:\/\/pulso27.com\/en\/#organization"},"alternateName":"El pulso del pueblo","potentialAction":[{"@type":"SearchAction","target":{"@type":"EntryPoint","urlTemplate":"https:\/\/pulso27.com\/en\/?s={search_term_string}"},"query-input":{"@type":"PropertyValueSpecification","valueRequired":true,"valueName":"search_term_string"}}],"inLanguage":"en-US"},{"@type":"Organization","@id":"https:\/\/pulso27.com\/en\/#organization","name":"Pulso27","url":"https:\/\/pulso27.com\/en\/","logo":{"@type":"ImageObject","inLanguage":"en-US","@id":"https:\/\/pulso27.com\/en\/#\/schema\/logo\/image\/","url":"https:\/\/pulso27.com\/wp-content\/uploads\/2026\/02\/Logotipo-de-la-organizacion-696-x-696-px-ok.png","contentUrl":"https:\/\/pulso27.com\/wp-content\/uploads\/2026\/02\/Logotipo-de-la-organizacion-696-x-696-px-ok.png","width":696,"height":696,"caption":"Pulso27"},"image":{"@id":"https:\/\/pulso27.com\/en\/#\/schema\/logo\/image\/"},"sameAs":["https:\/\/www.facebook.com\/pulso27\/","https:\/\/x.com\/Pulso_27","https:\/\/www.youtube.com\/@Pulso27","https:\/\/www.tiktok.com\/@pulso_27"]},{"@type":"Person","@id":"https:\/\/pulso27.com\/en\/#\/schema\/person\/a0930a7f318e7d9d83bd7cffed9f34f6","name":"El Muki","image":{"@type":"ImageObject","inLanguage":"en-US","@id":"https:\/\/secure.gravatar.com\/avatar\/dc91c2607c5eebda74cbb40d13031f489096c96ead89c4c30c17db262267b2b3?s=96&d=mm&r=g","url":"https:\/\/secure.gravatar.com\/avatar\/dc91c2607c5eebda74cbb40d13031f489096c96ead89c4c30c17db262267b2b3?s=96&d=mm&r=g","contentUrl":"https:\/\/secure.gravatar.com\/avatar\/dc91c2607c5eebda74cbb40d13031f489096c96ead89c4c30c17db262267b2b3?s=96&d=mm&r=g","caption":"El Muki"},"sameAs":["http:\/\/www.pulso27.com"],"url":"https:\/\/pulso27.com\/en\/author\/elcuervo\/"}]}},"amp_enabled":true,"_links":{"self":[{"href":"https:\/\/pulso27.com\/en\/wp-json\/wp\/v2\/posts\/1397","targetHints":{"allow":["GET"]}}],"collection":[{"href":"https:\/\/pulso27.com\/en\/wp-json\/wp\/v2\/posts"}],"about":[{"href":"https:\/\/pulso27.com\/en\/wp-json\/wp\/v2\/types\/post"}],"author":[{"embeddable":true,"href":"https:\/\/pulso27.com\/en\/wp-json\/wp\/v2\/users\/10"}],"replies":[{"embeddable":true,"href":"https:\/\/pulso27.com\/en\/wp-json\/wp\/v2\/comments?post=1397"}],"version-history":[{"count":1,"href":"https:\/\/pulso27.com\/en\/wp-json\/wp\/v2\/posts\/1397\/revisions"}],"predecessor-version":[{"id":1401,"href":"https:\/\/pulso27.com\/en\/wp-json\/wp\/v2\/posts\/1397\/revisions\/1401"}],"wp:featuredmedia":[{"embeddable":true,"href":"https:\/\/pulso27.com\/en\/wp-json\/wp\/v2\/media\/1400"}],"wp:attachment":[{"href":"https:\/\/pulso27.com\/en\/wp-json\/wp\/v2\/media?parent=1397"}],"wp:term":[{"taxonomy":"category","embeddable":true,"href":"https:\/\/pulso27.com\/en\/wp-json\/wp\/v2\/categories?post=1397"},{"taxonomy":"post_tag","embeddable":true,"href":"https:\/\/pulso27.com\/en\/wp-json\/wp\/v2\/tags?post=1397"}],"curies":[{"name":"wp","href":"https:\/\/api.w.org\/{rel}","templated":true}]}}