{"id":1407,"date":"2024-03-11T07:03:51","date_gmt":"2024-03-11T02:03:51","guid":{"rendered":"https:\/\/pulso27.com\/?p=1407"},"modified":"2024-03-11T07:03:52","modified_gmt":"2024-03-11T02:03:52","slug":"oficializan-inhabilitacion-de-ines-tello-y-aldo-vasquez-de-la-jnj","status":"publish","type":"post","link":"https:\/\/pulso27.com\/en\/nacional\/oficializan-inhabilitacion-de-ines-tello-y-aldo-vasquez-de-la-jnj\/","title":{"rendered":"Oficializan inhabilitaci\u00f3n de In\u00e9s Tello y Aldo V\u00e1squez\u00a0de la JNJ"},"content":{"rendered":"<p>El 8 de marzo del presente a\u00f1o se public\u00f3 en una edici\u00f3n extraordinaria del diario El Peruano las resoluciones legislativas de inhabilitaci\u00f3n a In\u00e9s Tello y Aldo V\u00e1squez, miembros de la Junta Nacional de Justicia que hace dos d\u00edas fueron inhabilitado por el Congreso de la Rep\u00fablica del Per\u00fa. Con ello, se oficializa su cese de la funci\u00f3n p\u00fablica por 10 a\u00f1os.<\/p>\n\n\n\n<p>La Resoluci\u00f3n se fundamenta en una denuncia constitucional presentada por el congresista Jorge Carlos Montoya Manrique, quien acus\u00f3 a Tello de \u00d1ecco y otros miembros de la Junta Nacional de Justicia de presuntas infracciones constitucionales y delitos graves, incluyendo usurpaci\u00f3n de funci\u00f3n p\u00fablica, abuso de autoridad, y negociaci\u00f3n incompatible.<\/p>\n\n\n\n<p>El proceso, que inici\u00f3 con la Denuncia Constitucional 373 el 10 de mayo de 2023, culmin\u00f3 el 8 de marzo de 2024 con la decisi\u00f3n del Congreso de imponer la hist\u00f3rica sanci\u00f3n de inhabilitaci\u00f3n. El Informe Final de la Subcomisi\u00f3n de Acusaciones Constitucionales respald\u00f3 la acusaci\u00f3n, concluyendo que Tello de \u00d1ecco y otros miembros de la Junta Nacional de Justicia interpretaron de manera err\u00f3nea la disposici\u00f3n constitucional sobre el l\u00edmite de edad para ocupar el cargo.<\/p>\n\n\n\n<p>La Comisi\u00f3n Permanente del Congreso, en su sesi\u00f3n del 26 de febrero de 2024, aprob\u00f3 las conclusiones del Informe Final y la conformaci\u00f3n de una subcomisi\u00f3n acusadora. Durante todo el proceso, se garantiz\u00f3 el debido proceso y se brindaron todas las garant\u00edas necesarias a Tello de \u00d1ecco para ejercer su derecho de defensa.<\/p>\n\n\n\n<p>Jos\u00e9 Luna G\u00e1lvez, congresista de Podemos Per\u00fa, vot\u00f3 para remover a la JNJ, a pesar de que el reglamento del Congreso se lo impide por ser parte de los 30 parlamentarios que integran la Comisi\u00f3n Permanente. Sin embargo, no solo resalta este hecho, sino que \u00fanicamente lo hizo en el caso de dos de los siete magistrados: In\u00e9s Tello y Aldo V\u00e1squez.<\/p>\n\n\n<div class=\"wp-block-image\">\n<figure class=\"aligncenter size-full\"><img loading=\"lazy\" decoding=\"async\" width=\"640\" height=\"369\" src=\"https:\/\/pulso27.com\/wp-content\/uploads\/2024\/03\/Jnjsj.jpg\" alt=\"\" class=\"wp-image-1408\" srcset=\"https:\/\/pulso27.com\/wp-content\/uploads\/2024\/03\/Jnjsj.jpg 640w, https:\/\/pulso27.com\/wp-content\/uploads\/2024\/03\/Jnjsj-300x173.jpg 300w, https:\/\/pulso27.com\/wp-content\/uploads\/2024\/03\/Jnjsj-18x10.jpg 18w\" sizes=\"auto, (max-width: 640px) 100vw, 640px\" \/><\/figure><\/div>\n\n\n<p>Al ser cuestionado por este la prensa, Luna G\u00e1lvez explic\u00f3 que la ausencia del mismo en todos los casos se debi\u00f3 a que estuvo ocupado en otras cosas. \u00abPosiblemente he estado haciendo otra cosa. No me acuerdo. Tengo tantas cosas que hacer que no me acuerdo. (\u2026) Cada uno vota como cree que debe votar \u00ab, declar\u00f3 a Canal N.<\/p>\n\n\n\n<p>Asimismo, defendi\u00f3 su voto y asegur\u00f3 que la magistrada In\u00e9s Tello, quien fue inhabilitada y solicit\u00f3 que se anule dicho sufragio, no conoce la \u00abhermen\u00e9utica parlamentaria\u00bb.<\/p>\n\n\n\n<p>Al respecto, Omar Cairo, abogado de Tello, declar\u00f3 a este medio: \u00abEl oficial mayor del Congreso (no el Pleno, ni su presidente), por oficio 1227-2023-2024-ADP-D\/CR, respondi\u00f3 la solicitud de In\u00e9s Tello. Dijo que no la puede atender y admiti\u00f3 que, para aprobar la acusaci\u00f3n en su contra, no usaron ni la Constituci\u00f3n ni el Reglamento, sino un acuerdo de Junta de Portavoces, que, sin ninguna base legal, esa Junta declar\u00f3 \u201cprecedente vinculante\u201d, y que lo usan desde el 7 de junio de 2018. Ha quedado confirmado: la inhabilitaci\u00f3n de In\u00e9s Tello es inexistente, porque se incluy\u00f3 el voto del congresista Luna, reemplazando a la Constituci\u00f3n y al Reglamento del Congreso por un simple acuerdo de Junta de Portavoces\u00bb.<\/p>\n\n\n\n<p>Fuente: Webs y redes de noticias<\/p>","protected":false},"excerpt":{"rendered":"<p>El 8 de marzo del presente a\u00f1o se public\u00f3 en una edici\u00f3n extraordinaria del diario El Peruano las resoluciones legislativas de inhabilitaci\u00f3n a In\u00e9s Tello y Aldo V\u00e1squez, miembros de la Junta Nacional de Justicia que hace dos d\u00edas fueron inhabilitado por el Congreso de la Rep\u00fablica del Per\u00fa. Con ello, se oficializa su cese [&hellip;]<\/p>\n","protected":false},"author":7,"featured_media":1409,"comment_status":"open","ping_status":"open","sticky":false,"template":"","format":"standard","meta":{"footnotes":""},"categories":[183,174],"tags":[619,195],"class_list":["post-1407","post","type-post","status-publish","format-standard","has-post-thumbnail","hentry","category-actualidad","category-nacional","tag-inhabilitacion","tag-jnj"],"yoast_head":"<!-- This site is optimized with the Yoast SEO plugin v27.4 - https:\/\/yoast.com\/product\/yoast-seo-wordpress\/ -->\n<title>Oficializan inhabilitaci\u00f3n de In\u00e9s Tello y Aldo V\u00e1squez\u00a0de la JNJ - Pulso27<\/title>\n<meta name=\"robots\" content=\"index, follow, max-snippet:-1, max-image-preview:large, max-video-preview:-1\" \/>\n<link rel=\"canonical\" href=\"https:\/\/pulso27.com\/en\/nacional\/oficializan-inhabilitacion-de-ines-tello-y-aldo-vasquez-de-la-jnj\/\" \/>\n<meta property=\"og:locale\" content=\"en_US\" \/>\n<meta property=\"og:type\" content=\"article\" \/>\n<meta property=\"og:title\" content=\"Oficializan inhabilitaci\u00f3n de In\u00e9s Tello y Aldo V\u00e1squez\u00a0de la JNJ - Pulso27\" \/>\n<meta property=\"og:description\" content=\"El 8 de marzo del presente a\u00f1o se public\u00f3 en una edici\u00f3n extraordinaria del diario El Peruano las resoluciones legislativas de inhabilitaci\u00f3n a In\u00e9s Tello y Aldo V\u00e1squez, miembros de la Junta Nacional de Justicia que hace dos d\u00edas fueron inhabilitado por el Congreso de la Rep\u00fablica del Per\u00fa. Con ello, se oficializa su cese [&hellip;]\" \/>\n<meta property=\"og:url\" content=\"https:\/\/pulso27.com\/en\/nacional\/oficializan-inhabilitacion-de-ines-tello-y-aldo-vasquez-de-la-jnj\/\" \/>\n<meta property=\"og:site_name\" content=\"Pulso27\" \/>\n<meta property=\"article:publisher\" content=\"https:\/\/www.facebook.com\/pulso27\/\" \/>\n<meta property=\"article:published_time\" content=\"2024-03-11T02:03:51+00:00\" \/>\n<meta property=\"article:modified_time\" content=\"2024-03-11T02:03:52+00:00\" \/>\n<meta property=\"og:image\" content=\"https:\/\/pulso27.com\/wp-content\/uploads\/2024\/03\/JNJ.webp\" \/>\n\t<meta property=\"og:image:width\" content=\"640\" \/>\n\t<meta property=\"og:image:height\" content=\"371\" \/>\n\t<meta property=\"og:image:type\" content=\"image\/webp\" \/>\n<meta name=\"author\" content=\"Tupaq\" \/>\n<meta name=\"twitter:card\" content=\"summary_large_image\" \/>\n<meta name=\"twitter:creator\" content=\"@Pulso_27\" \/>\n<meta name=\"twitter:site\" content=\"@Pulso_27\" \/>\n<meta name=\"twitter:label1\" content=\"Written by\" \/>\n\t<meta name=\"twitter:data1\" content=\"Tupaq\" \/>\n\t<meta name=\"twitter:label2\" content=\"Est. reading time\" \/>\n\t<meta name=\"twitter:data2\" content=\"3 minutes\" \/>\n<script type=\"application\/ld+json\" class=\"yoast-schema-graph\">{\"@context\":\"https:\\\/\\\/schema.org\",\"@graph\":[{\"@type\":\"Article\",\"@id\":\"https:\\\/\\\/pulso27.com\\\/nacional\\\/oficializan-inhabilitacion-de-ines-tello-y-aldo-vasquez-de-la-jnj\\\/#article\",\"isPartOf\":{\"@id\":\"https:\\\/\\\/pulso27.com\\\/nacional\\\/oficializan-inhabilitacion-de-ines-tello-y-aldo-vasquez-de-la-jnj\\\/\"},\"author\":{\"name\":\"Tupaq\",\"@id\":\"https:\\\/\\\/pulso27.com\\\/en\\\/#\\\/schema\\\/person\\\/d20fd7f5bc7f2e53fd150d43fca07a78\"},\"headline\":\"Oficializan inhabilitaci\u00f3n de In\u00e9s Tello y Aldo V\u00e1squez\u00a0de la JNJ\",\"datePublished\":\"2024-03-11T02:03:51+00:00\",\"dateModified\":\"2024-03-11T02:03:52+00:00\",\"mainEntityOfPage\":{\"@id\":\"https:\\\/\\\/pulso27.com\\\/nacional\\\/oficializan-inhabilitacion-de-ines-tello-y-aldo-vasquez-de-la-jnj\\\/\"},\"wordCount\":557,\"commentCount\":0,\"publisher\":{\"@id\":\"https:\\\/\\\/pulso27.com\\\/en\\\/#organization\"},\"image\":{\"@id\":\"https:\\\/\\\/pulso27.com\\\/nacional\\\/oficializan-inhabilitacion-de-ines-tello-y-aldo-vasquez-de-la-jnj\\\/#primaryimage\"},\"thumbnailUrl\":\"https:\\\/\\\/pulso27.com\\\/wp-content\\\/uploads\\\/2024\\\/03\\\/JNJ.webp\",\"keywords\":[\"Inhabilitaci\u00f3n\",\"JNJ\"],\"articleSection\":[\"Actualidad\",\"Nacional\"],\"inLanguage\":\"en-US\",\"potentialAction\":[{\"@type\":\"CommentAction\",\"name\":\"Comment\",\"target\":[\"https:\\\/\\\/pulso27.com\\\/nacional\\\/oficializan-inhabilitacion-de-ines-tello-y-aldo-vasquez-de-la-jnj\\\/#respond\"]}]},{\"@type\":\"WebPage\",\"@id\":\"https:\\\/\\\/pulso27.com\\\/nacional\\\/oficializan-inhabilitacion-de-ines-tello-y-aldo-vasquez-de-la-jnj\\\/\",\"url\":\"https:\\\/\\\/pulso27.com\\\/nacional\\\/oficializan-inhabilitacion-de-ines-tello-y-aldo-vasquez-de-la-jnj\\\/\",\"name\":\"Oficializan inhabilitaci\u00f3n de In\u00e9s Tello y Aldo V\u00e1squez\u00a0de la JNJ - Pulso27\",\"isPartOf\":{\"@id\":\"https:\\\/\\\/pulso27.com\\\/en\\\/#website\"},\"primaryImageOfPage\":{\"@id\":\"https:\\\/\\\/pulso27.com\\\/nacional\\\/oficializan-inhabilitacion-de-ines-tello-y-aldo-vasquez-de-la-jnj\\\/#primaryimage\"},\"image\":{\"@id\":\"https:\\\/\\\/pulso27.com\\\/nacional\\\/oficializan-inhabilitacion-de-ines-tello-y-aldo-vasquez-de-la-jnj\\\/#primaryimage\"},\"thumbnailUrl\":\"https:\\\/\\\/pulso27.com\\\/wp-content\\\/uploads\\\/2024\\\/03\\\/JNJ.webp\",\"datePublished\":\"2024-03-11T02:03:51+00:00\",\"dateModified\":\"2024-03-11T02:03:52+00:00\",\"breadcrumb\":{\"@id\":\"https:\\\/\\\/pulso27.com\\\/nacional\\\/oficializan-inhabilitacion-de-ines-tello-y-aldo-vasquez-de-la-jnj\\\/#breadcrumb\"},\"inLanguage\":\"en-US\",\"potentialAction\":[{\"@type\":\"ReadAction\",\"target\":[\"https:\\\/\\\/pulso27.com\\\/nacional\\\/oficializan-inhabilitacion-de-ines-tello-y-aldo-vasquez-de-la-jnj\\\/\"]}]},{\"@type\":\"ImageObject\",\"inLanguage\":\"en-US\",\"@id\":\"https:\\\/\\\/pulso27.com\\\/nacional\\\/oficializan-inhabilitacion-de-ines-tello-y-aldo-vasquez-de-la-jnj\\\/#primaryimage\",\"url\":\"https:\\\/\\\/pulso27.com\\\/wp-content\\\/uploads\\\/2024\\\/03\\\/JNJ.webp\",\"contentUrl\":\"https:\\\/\\\/pulso27.com\\\/wp-content\\\/uploads\\\/2024\\\/03\\\/JNJ.webp\",\"width\":640,\"height\":371},{\"@type\":\"BreadcrumbList\",\"@id\":\"https:\\\/\\\/pulso27.com\\\/nacional\\\/oficializan-inhabilitacion-de-ines-tello-y-aldo-vasquez-de-la-jnj\\\/#breadcrumb\",\"itemListElement\":[{\"@type\":\"ListItem\",\"position\":1,\"name\":\"Portada\",\"item\":\"https:\\\/\\\/pulso27.com\\\/\"},{\"@type\":\"ListItem\",\"position\":2,\"name\":\"Oficializan inhabilitaci\u00f3n de In\u00e9s Tello y Aldo V\u00e1squez\u00a0de la JNJ\"}]},{\"@type\":\"WebSite\",\"@id\":\"https:\\\/\\\/pulso27.com\\\/en\\\/#website\",\"url\":\"https:\\\/\\\/pulso27.com\\\/en\\\/\",\"name\":\"Pulso27\",\"description\":\"Web de noticias y publicidad\",\"publisher\":{\"@id\":\"https:\\\/\\\/pulso27.com\\\/en\\\/#organization\"},\"alternateName\":\"El pulso del pueblo\",\"potentialAction\":[{\"@type\":\"SearchAction\",\"target\":{\"@type\":\"EntryPoint\",\"urlTemplate\":\"https:\\\/\\\/pulso27.com\\\/en\\\/?s={search_term_string}\"},\"query-input\":{\"@type\":\"PropertyValueSpecification\",\"valueRequired\":true,\"valueName\":\"search_term_string\"}}],\"inLanguage\":\"en-US\"},{\"@type\":\"Organization\",\"@id\":\"https:\\\/\\\/pulso27.com\\\/en\\\/#organization\",\"name\":\"Pulso27\",\"url\":\"https:\\\/\\\/pulso27.com\\\/en\\\/\",\"logo\":{\"@type\":\"ImageObject\",\"inLanguage\":\"en-US\",\"@id\":\"https:\\\/\\\/pulso27.com\\\/en\\\/#\\\/schema\\\/logo\\\/image\\\/\",\"url\":\"https:\\\/\\\/pulso27.com\\\/wp-content\\\/uploads\\\/2026\\\/02\\\/Logotipo-de-la-organizacion-696-x-696-px-ok.png\",\"contentUrl\":\"https:\\\/\\\/pulso27.com\\\/wp-content\\\/uploads\\\/2026\\\/02\\\/Logotipo-de-la-organizacion-696-x-696-px-ok.png\",\"width\":696,\"height\":696,\"caption\":\"Pulso27\"},\"image\":{\"@id\":\"https:\\\/\\\/pulso27.com\\\/en\\\/#\\\/schema\\\/logo\\\/image\\\/\"},\"sameAs\":[\"https:\\\/\\\/www.facebook.com\\\/pulso27\\\/\",\"https:\\\/\\\/x.com\\\/Pulso_27\",\"https:\\\/\\\/www.youtube.com\\\/@Pulso27\",\"https:\\\/\\\/www.tiktok.com\\\/@pulso_27\"]},{\"@type\":\"Person\",\"@id\":\"https:\\\/\\\/pulso27.com\\\/en\\\/#\\\/schema\\\/person\\\/d20fd7f5bc7f2e53fd150d43fca07a78\",\"name\":\"Tupaq\",\"image\":{\"@type\":\"ImageObject\",\"inLanguage\":\"en-US\",\"@id\":\"https:\\\/\\\/secure.gravatar.com\\\/avatar\\\/7929e9b034aeea560319a601e4f04c59eb5f45a79eafe192adabb67e9604e7e7?s=96&d=mm&r=g\",\"url\":\"https:\\\/\\\/secure.gravatar.com\\\/avatar\\\/7929e9b034aeea560319a601e4f04c59eb5f45a79eafe192adabb67e9604e7e7?s=96&d=mm&r=g\",\"contentUrl\":\"https:\\\/\\\/secure.gravatar.com\\\/avatar\\\/7929e9b034aeea560319a601e4f04c59eb5f45a79eafe192adabb67e9604e7e7?s=96&d=mm&r=g\",\"caption\":\"Tupaq\"},\"url\":\"https:\\\/\\\/pulso27.com\\\/en\\\/author\\\/tupaq\\\/\"}]}<\/script>\n<!-- \/ Yoast SEO plugin. -->","yoast_head_json":{"title":"Oficializan inhabilitaci\u00f3n de In\u00e9s Tello y Aldo V\u00e1squez\u00a0de la JNJ - Pulso27","robots":{"index":"index","follow":"follow","max-snippet":"max-snippet:-1","max-image-preview":"max-image-preview:large","max-video-preview":"max-video-preview:-1"},"canonical":"https:\/\/pulso27.com\/en\/nacional\/oficializan-inhabilitacion-de-ines-tello-y-aldo-vasquez-de-la-jnj\/","og_locale":"en_US","og_type":"article","og_title":"Oficializan inhabilitaci\u00f3n de In\u00e9s Tello y Aldo V\u00e1squez\u00a0de la JNJ - Pulso27","og_description":"El 8 de marzo del presente a\u00f1o se public\u00f3 en una edici\u00f3n extraordinaria del diario El Peruano las resoluciones legislativas de inhabilitaci\u00f3n a In\u00e9s Tello y Aldo V\u00e1squez, miembros de la Junta Nacional de Justicia que hace dos d\u00edas fueron inhabilitado por el Congreso de la Rep\u00fablica del Per\u00fa. Con ello, se oficializa su cese [&hellip;]","og_url":"https:\/\/pulso27.com\/en\/nacional\/oficializan-inhabilitacion-de-ines-tello-y-aldo-vasquez-de-la-jnj\/","og_site_name":"Pulso27","article_publisher":"https:\/\/www.facebook.com\/pulso27\/","article_published_time":"2024-03-11T02:03:51+00:00","article_modified_time":"2024-03-11T02:03:52+00:00","og_image":[{"width":640,"height":371,"url":"https:\/\/pulso27.com\/wp-content\/uploads\/2024\/03\/JNJ.webp","type":"image\/webp"}],"author":"Tupaq","twitter_card":"summary_large_image","twitter_creator":"@Pulso_27","twitter_site":"@Pulso_27","twitter_misc":{"Written by":"Tupaq","Est. reading time":"3 minutes"},"schema":{"@context":"https:\/\/schema.org","@graph":[{"@type":"Article","@id":"https:\/\/pulso27.com\/nacional\/oficializan-inhabilitacion-de-ines-tello-y-aldo-vasquez-de-la-jnj\/#article","isPartOf":{"@id":"https:\/\/pulso27.com\/nacional\/oficializan-inhabilitacion-de-ines-tello-y-aldo-vasquez-de-la-jnj\/"},"author":{"name":"Tupaq","@id":"https:\/\/pulso27.com\/en\/#\/schema\/person\/d20fd7f5bc7f2e53fd150d43fca07a78"},"headline":"Oficializan inhabilitaci\u00f3n de In\u00e9s Tello y Aldo V\u00e1squez\u00a0de la JNJ","datePublished":"2024-03-11T02:03:51+00:00","dateModified":"2024-03-11T02:03:52+00:00","mainEntityOfPage":{"@id":"https:\/\/pulso27.com\/nacional\/oficializan-inhabilitacion-de-ines-tello-y-aldo-vasquez-de-la-jnj\/"},"wordCount":557,"commentCount":0,"publisher":{"@id":"https:\/\/pulso27.com\/en\/#organization"},"image":{"@id":"https:\/\/pulso27.com\/nacional\/oficializan-inhabilitacion-de-ines-tello-y-aldo-vasquez-de-la-jnj\/#primaryimage"},"thumbnailUrl":"https:\/\/pulso27.com\/wp-content\/uploads\/2024\/03\/JNJ.webp","keywords":["Inhabilitaci\u00f3n","JNJ"],"articleSection":["Actualidad","Nacional"],"inLanguage":"en-US","potentialAction":[{"@type":"CommentAction","name":"Comment","target":["https:\/\/pulso27.com\/nacional\/oficializan-inhabilitacion-de-ines-tello-y-aldo-vasquez-de-la-jnj\/#respond"]}]},{"@type":"WebPage","@id":"https:\/\/pulso27.com\/nacional\/oficializan-inhabilitacion-de-ines-tello-y-aldo-vasquez-de-la-jnj\/","url":"https:\/\/pulso27.com\/nacional\/oficializan-inhabilitacion-de-ines-tello-y-aldo-vasquez-de-la-jnj\/","name":"Oficializan inhabilitaci\u00f3n de In\u00e9s Tello y Aldo V\u00e1squez\u00a0de la JNJ - Pulso27","isPartOf":{"@id":"https:\/\/pulso27.com\/en\/#website"},"primaryImageOfPage":{"@id":"https:\/\/pulso27.com\/nacional\/oficializan-inhabilitacion-de-ines-tello-y-aldo-vasquez-de-la-jnj\/#primaryimage"},"image":{"@id":"https:\/\/pulso27.com\/nacional\/oficializan-inhabilitacion-de-ines-tello-y-aldo-vasquez-de-la-jnj\/#primaryimage"},"thumbnailUrl":"https:\/\/pulso27.com\/wp-content\/uploads\/2024\/03\/JNJ.webp","datePublished":"2024-03-11T02:03:51+00:00","dateModified":"2024-03-11T02:03:52+00:00","breadcrumb":{"@id":"https:\/\/pulso27.com\/nacional\/oficializan-inhabilitacion-de-ines-tello-y-aldo-vasquez-de-la-jnj\/#breadcrumb"},"inLanguage":"en-US","potentialAction":[{"@type":"ReadAction","target":["https:\/\/pulso27.com\/nacional\/oficializan-inhabilitacion-de-ines-tello-y-aldo-vasquez-de-la-jnj\/"]}]},{"@type":"ImageObject","inLanguage":"en-US","@id":"https:\/\/pulso27.com\/nacional\/oficializan-inhabilitacion-de-ines-tello-y-aldo-vasquez-de-la-jnj\/#primaryimage","url":"https:\/\/pulso27.com\/wp-content\/uploads\/2024\/03\/JNJ.webp","contentUrl":"https:\/\/pulso27.com\/wp-content\/uploads\/2024\/03\/JNJ.webp","width":640,"height":371},{"@type":"BreadcrumbList","@id":"https:\/\/pulso27.com\/nacional\/oficializan-inhabilitacion-de-ines-tello-y-aldo-vasquez-de-la-jnj\/#breadcrumb","itemListElement":[{"@type":"ListItem","position":1,"name":"Portada","item":"https:\/\/pulso27.com\/"},{"@type":"ListItem","position":2,"name":"Oficializan inhabilitaci\u00f3n de In\u00e9s Tello y Aldo V\u00e1squez\u00a0de la JNJ"}]},{"@type":"WebSite","@id":"https:\/\/pulso27.com\/en\/#website","url":"https:\/\/pulso27.com\/en\/","name":"Pulso27","description":"Web de noticias y publicidad","publisher":{"@id":"https:\/\/pulso27.com\/en\/#organization"},"alternateName":"El pulso del pueblo","potentialAction":[{"@type":"SearchAction","target":{"@type":"EntryPoint","urlTemplate":"https:\/\/pulso27.com\/en\/?s={search_term_string}"},"query-input":{"@type":"PropertyValueSpecification","valueRequired":true,"valueName":"search_term_string"}}],"inLanguage":"en-US"},{"@type":"Organization","@id":"https:\/\/pulso27.com\/en\/#organization","name":"Pulso27","url":"https:\/\/pulso27.com\/en\/","logo":{"@type":"ImageObject","inLanguage":"en-US","@id":"https:\/\/pulso27.com\/en\/#\/schema\/logo\/image\/","url":"https:\/\/pulso27.com\/wp-content\/uploads\/2026\/02\/Logotipo-de-la-organizacion-696-x-696-px-ok.png","contentUrl":"https:\/\/pulso27.com\/wp-content\/uploads\/2026\/02\/Logotipo-de-la-organizacion-696-x-696-px-ok.png","width":696,"height":696,"caption":"Pulso27"},"image":{"@id":"https:\/\/pulso27.com\/en\/#\/schema\/logo\/image\/"},"sameAs":["https:\/\/www.facebook.com\/pulso27\/","https:\/\/x.com\/Pulso_27","https:\/\/www.youtube.com\/@Pulso27","https:\/\/www.tiktok.com\/@pulso_27"]},{"@type":"Person","@id":"https:\/\/pulso27.com\/en\/#\/schema\/person\/d20fd7f5bc7f2e53fd150d43fca07a78","name":"Tupaq","image":{"@type":"ImageObject","inLanguage":"en-US","@id":"https:\/\/secure.gravatar.com\/avatar\/7929e9b034aeea560319a601e4f04c59eb5f45a79eafe192adabb67e9604e7e7?s=96&d=mm&r=g","url":"https:\/\/secure.gravatar.com\/avatar\/7929e9b034aeea560319a601e4f04c59eb5f45a79eafe192adabb67e9604e7e7?s=96&d=mm&r=g","contentUrl":"https:\/\/secure.gravatar.com\/avatar\/7929e9b034aeea560319a601e4f04c59eb5f45a79eafe192adabb67e9604e7e7?s=96&d=mm&r=g","caption":"Tupaq"},"url":"https:\/\/pulso27.com\/en\/author\/tupaq\/"}]}},"amp_enabled":true,"_links":{"self":[{"href":"https:\/\/pulso27.com\/en\/wp-json\/wp\/v2\/posts\/1407","targetHints":{"allow":["GET"]}}],"collection":[{"href":"https:\/\/pulso27.com\/en\/wp-json\/wp\/v2\/posts"}],"about":[{"href":"https:\/\/pulso27.com\/en\/wp-json\/wp\/v2\/types\/post"}],"author":[{"embeddable":true,"href":"https:\/\/pulso27.com\/en\/wp-json\/wp\/v2\/users\/7"}],"replies":[{"embeddable":true,"href":"https:\/\/pulso27.com\/en\/wp-json\/wp\/v2\/comments?post=1407"}],"version-history":[{"count":1,"href":"https:\/\/pulso27.com\/en\/wp-json\/wp\/v2\/posts\/1407\/revisions"}],"predecessor-version":[{"id":1410,"href":"https:\/\/pulso27.com\/en\/wp-json\/wp\/v2\/posts\/1407\/revisions\/1410"}],"wp:featuredmedia":[{"embeddable":true,"href":"https:\/\/pulso27.com\/en\/wp-json\/wp\/v2\/media\/1409"}],"wp:attachment":[{"href":"https:\/\/pulso27.com\/en\/wp-json\/wp\/v2\/media?parent=1407"}],"wp:term":[{"taxonomy":"category","embeddable":true,"href":"https:\/\/pulso27.com\/en\/wp-json\/wp\/v2\/categories?post=1407"},{"taxonomy":"post_tag","embeddable":true,"href":"https:\/\/pulso27.com\/en\/wp-json\/wp\/v2\/tags?post=1407"}],"curies":[{"name":"wp","href":"https:\/\/api.w.org\/{rel}","templated":true}]}}