{"id":1423,"date":"2024-03-31T19:27:23","date_gmt":"2024-03-31T14:27:23","guid":{"rendered":"https:\/\/pulso27.com\/?p=1423"},"modified":"2024-03-31T19:27:23","modified_gmt":"2024-03-31T14:27:23","slug":"congresista-margot-palacios-presento-mocion-de-vacancia-contra-dina-boluarte","status":"publish","type":"post","link":"https:\/\/pulso27.com\/en\/actualidad\/politica\/congresista-margot-palacios-presento-mocion-de-vacancia-contra-dina-boluarte\/","title":{"rendered":"Congresista Margot Palacios present\u00f3 moci\u00f3n de vacancia contra Dina Boluarte"},"content":{"rendered":"<p>La congresista Margot Palacios, vocera de la bancada de Per\u00fa Libre, confirm\u00f3 la presentaci\u00f3n de la moci\u00f3n de vacancia contra de Dina Boluarte. Esta medida es por su presunta incapacidad para justificar la adquisici\u00f3n de lujosos accesorios.<\/p>\n\n\n\n<p>\u201cAcabamos de presentar la moci\u00f3n de vacancia contra Dina Boluarte, por incapacidad moral permanente por el tema de los Rolex y joyero, en ejercicio de la funci\u00f3n parlamentaria de control pol\u00edtico\u201d, se lee en las redes sociales de la parlamentaria.<\/p>\n\n\n\n<p>En el marco del allanamiento de la vivienda de la presidenta Dina Boluarte, la vocera de la bancada de Per\u00fa Libre, Margot Palacios, present\u00f3 la anunciada moci\u00f3n de vacancia en contra de la mandataria a ra\u00edz de su presunta incapacidad para justificar la adquisici\u00f3n de sus lujosos accesorios, con apoyo de otras bancadas parlamentarias.<\/p>\n\n\n\n<p>Por medio de la cuenta oficial de X, la parlamentaria de Per\u00fa Libre record\u00f3 la toma de mando de Dina Boluarte junto a Alberto Ot\u00e1rola, quien renunci\u00f3 a su cargo de premier hace poco, y las acusaciones que pesan en su contra.<\/p>\n\n\n\n<figure class=\"wp-block-image size-large\"><img loading=\"lazy\" decoding=\"async\" width=\"819\" height=\"1024\" src=\"https:\/\/pulso27.com\/wp-content\/uploads\/2024\/03\/Vacan-819x1024.jpg\" alt=\"\" class=\"wp-image-1424\" srcset=\"https:\/\/pulso27.com\/wp-content\/uploads\/2024\/03\/Vacan-819x1024.jpg 819w, https:\/\/pulso27.com\/wp-content\/uploads\/2024\/03\/Vacan-240x300.jpg 240w, https:\/\/pulso27.com\/wp-content\/uploads\/2024\/03\/Vacan-768x960.jpg 768w, https:\/\/pulso27.com\/wp-content\/uploads\/2024\/03\/Vacan-1229x1536.jpg 1229w, https:\/\/pulso27.com\/wp-content\/uploads\/2024\/03\/Vacan-10x12.jpg 10w, https:\/\/pulso27.com\/wp-content\/uploads\/2024\/03\/Vacan.jpg 1638w\" sizes=\"auto, (max-width: 819px) 100vw, 819px\" \/><\/figure>\n\n\n\n<p>\u00abBoluarte y su ministro Ot\u00e1rola, desataron una brutal represi\u00f3n que dej\u00f3 un saldo tr\u00e1gico de 49 ejecuciones extrajudiciales, 80 fallecidos y m\u00e1s de mil heridos, muchos de ellos con invalidez permanente, violando flagrantemente el derecho a la vida, integridad f\u00edsica y el principio de uso progresivo de la fuerza establecidos en la Constituci\u00f3n\u00bb, se lee en el comunicado difundido por Margot Palacios.<\/p>\n\n\n\n<p>La moci\u00f3n es apoyada por la mayor\u00eda de los congresistas son de dicho partido y otros de izquierda, como Cambio Democr\u00e1tico \u2013 Juntos por el Per\u00fa, Roberto S\u00e1nchez Palomino, y el Bloque Magisterial -de Per\u00fa Libre-, Pasi\u00f3n D\u00e1vila. Tambi\u00e9n firm\u00f3 Ra\u00fal Doroteo, del partido de derecha Acci\u00f3n Popula<\/p>\n\n\n\n<p>Fuente: Webs y redes de noticias<\/p>","protected":false},"excerpt":{"rendered":"<p>La congresista Margot Palacios, vocera de la bancada de Per\u00fa Libre, confirm\u00f3 la presentaci\u00f3n de la moci\u00f3n de vacancia contra de Dina Boluarte. Esta medida es por su presunta incapacidad para justificar la adquisici\u00f3n de lujosos accesorios. \u201cAcabamos de presentar la moci\u00f3n de vacancia contra Dina Boluarte, por incapacidad moral permanente por el tema de [&hellip;]<\/p>\n","protected":false},"author":7,"featured_media":1425,"comment_status":"open","ping_status":"open","sticky":false,"template":"","format":"standard","meta":{"footnotes":""},"categories":[180],"tags":[572,626,305,628,627],"class_list":["post-1423","post","type-post","status-publish","format-standard","has-post-thumbnail","hentry","category-politica","tag-dina-boluarte","tag-peru-libre","tag-politica-2","tag-rolex","tag-vacancia"],"yoast_head":"<!-- This site is optimized with the Yoast SEO plugin v27.4 - https:\/\/yoast.com\/product\/yoast-seo-wordpress\/ -->\n<title>Congresista Margot Palacios present\u00f3 moci\u00f3n de vacancia contra Dina Boluarte - Pulso27<\/title>\n<meta name=\"robots\" content=\"index, follow, max-snippet:-1, max-image-preview:large, max-video-preview:-1\" \/>\n<link rel=\"canonical\" href=\"https:\/\/pulso27.com\/en\/politica\/congresista-margot-palacios-presento-mocion-de-vacancia-contra-dina-boluarte\/\" \/>\n<meta property=\"og:locale\" content=\"en_US\" \/>\n<meta property=\"og:type\" content=\"article\" \/>\n<meta property=\"og:title\" content=\"Congresista Margot Palacios present\u00f3 moci\u00f3n de vacancia contra Dina Boluarte - Pulso27\" \/>\n<meta property=\"og:description\" content=\"La congresista Margot Palacios, vocera de la bancada de Per\u00fa Libre, confirm\u00f3 la presentaci\u00f3n de la moci\u00f3n de vacancia contra de Dina Boluarte. Esta medida es por su presunta incapacidad para justificar la adquisici\u00f3n de lujosos accesorios. \u201cAcabamos de presentar la moci\u00f3n de vacancia contra Dina Boluarte, por incapacidad moral permanente por el tema de [&hellip;]\" \/>\n<meta property=\"og:url\" content=\"https:\/\/pulso27.com\/en\/politica\/congresista-margot-palacios-presento-mocion-de-vacancia-contra-dina-boluarte\/\" \/>\n<meta property=\"og:site_name\" content=\"Pulso27\" \/>\n<meta property=\"article:publisher\" content=\"https:\/\/www.facebook.com\/pulso27\/\" \/>\n<meta property=\"article:published_time\" content=\"2024-03-31T14:27:23+00:00\" \/>\n<meta property=\"og:image\" content=\"https:\/\/pulso27.com\/wp-content\/uploads\/2024\/03\/Marg.jpg\" \/>\n\t<meta property=\"og:image:width\" content=\"1280\" \/>\n\t<meta property=\"og:image:height\" content=\"937\" \/>\n\t<meta property=\"og:image:type\" content=\"image\/jpeg\" \/>\n<meta name=\"author\" content=\"Tupaq\" \/>\n<meta name=\"twitter:card\" content=\"summary_large_image\" \/>\n<meta name=\"twitter:creator\" content=\"@Pulso_27\" \/>\n<meta name=\"twitter:site\" content=\"@Pulso_27\" \/>\n<meta name=\"twitter:label1\" content=\"Written by\" \/>\n\t<meta name=\"twitter:data1\" content=\"Tupaq\" \/>\n\t<meta name=\"twitter:label2\" content=\"Est. reading time\" \/>\n\t<meta name=\"twitter:data2\" content=\"2 minutes\" \/>\n<script type=\"application\/ld+json\" class=\"yoast-schema-graph\">{\"@context\":\"https:\\\/\\\/schema.org\",\"@graph\":[{\"@type\":\"Article\",\"@id\":\"https:\\\/\\\/pulso27.com\\\/politica\\\/congresista-margot-palacios-presento-mocion-de-vacancia-contra-dina-boluarte\\\/#article\",\"isPartOf\":{\"@id\":\"https:\\\/\\\/pulso27.com\\\/politica\\\/congresista-margot-palacios-presento-mocion-de-vacancia-contra-dina-boluarte\\\/\"},\"author\":{\"name\":\"Tupaq\",\"@id\":\"https:\\\/\\\/pulso27.com\\\/en\\\/#\\\/schema\\\/person\\\/d20fd7f5bc7f2e53fd150d43fca07a78\"},\"headline\":\"Congresista Margot Palacios present\u00f3 moci\u00f3n de vacancia contra Dina Boluarte\",\"datePublished\":\"2024-03-31T14:27:23+00:00\",\"mainEntityOfPage\":{\"@id\":\"https:\\\/\\\/pulso27.com\\\/politica\\\/congresista-margot-palacios-presento-mocion-de-vacancia-contra-dina-boluarte\\\/\"},\"wordCount\":322,\"commentCount\":0,\"publisher\":{\"@id\":\"https:\\\/\\\/pulso27.com\\\/en\\\/#organization\"},\"image\":{\"@id\":\"https:\\\/\\\/pulso27.com\\\/politica\\\/congresista-margot-palacios-presento-mocion-de-vacancia-contra-dina-boluarte\\\/#primaryimage\"},\"thumbnailUrl\":\"https:\\\/\\\/pulso27.com\\\/wp-content\\\/uploads\\\/2024\\\/03\\\/Marg.jpg\",\"keywords\":[\"Dina Boluarte\",\"Per\u00fa Libre\",\"Pol\u00edtica\",\"Rolex\",\"Vacancia\"],\"articleSection\":[\"Pol\u00edtica\"],\"inLanguage\":\"en-US\",\"potentialAction\":[{\"@type\":\"CommentAction\",\"name\":\"Comment\",\"target\":[\"https:\\\/\\\/pulso27.com\\\/politica\\\/congresista-margot-palacios-presento-mocion-de-vacancia-contra-dina-boluarte\\\/#respond\"]}]},{\"@type\":\"WebPage\",\"@id\":\"https:\\\/\\\/pulso27.com\\\/politica\\\/congresista-margot-palacios-presento-mocion-de-vacancia-contra-dina-boluarte\\\/\",\"url\":\"https:\\\/\\\/pulso27.com\\\/politica\\\/congresista-margot-palacios-presento-mocion-de-vacancia-contra-dina-boluarte\\\/\",\"name\":\"Congresista Margot Palacios present\u00f3 moci\u00f3n de vacancia contra Dina Boluarte - Pulso27\",\"isPartOf\":{\"@id\":\"https:\\\/\\\/pulso27.com\\\/en\\\/#website\"},\"primaryImageOfPage\":{\"@id\":\"https:\\\/\\\/pulso27.com\\\/politica\\\/congresista-margot-palacios-presento-mocion-de-vacancia-contra-dina-boluarte\\\/#primaryimage\"},\"image\":{\"@id\":\"https:\\\/\\\/pulso27.com\\\/politica\\\/congresista-margot-palacios-presento-mocion-de-vacancia-contra-dina-boluarte\\\/#primaryimage\"},\"thumbnailUrl\":\"https:\\\/\\\/pulso27.com\\\/wp-content\\\/uploads\\\/2024\\\/03\\\/Marg.jpg\",\"datePublished\":\"2024-03-31T14:27:23+00:00\",\"breadcrumb\":{\"@id\":\"https:\\\/\\\/pulso27.com\\\/politica\\\/congresista-margot-palacios-presento-mocion-de-vacancia-contra-dina-boluarte\\\/#breadcrumb\"},\"inLanguage\":\"en-US\",\"potentialAction\":[{\"@type\":\"ReadAction\",\"target\":[\"https:\\\/\\\/pulso27.com\\\/politica\\\/congresista-margot-palacios-presento-mocion-de-vacancia-contra-dina-boluarte\\\/\"]}]},{\"@type\":\"ImageObject\",\"inLanguage\":\"en-US\",\"@id\":\"https:\\\/\\\/pulso27.com\\\/politica\\\/congresista-margot-palacios-presento-mocion-de-vacancia-contra-dina-boluarte\\\/#primaryimage\",\"url\":\"https:\\\/\\\/pulso27.com\\\/wp-content\\\/uploads\\\/2024\\\/03\\\/Marg.jpg\",\"contentUrl\":\"https:\\\/\\\/pulso27.com\\\/wp-content\\\/uploads\\\/2024\\\/03\\\/Marg.jpg\",\"width\":1280,\"height\":937},{\"@type\":\"BreadcrumbList\",\"@id\":\"https:\\\/\\\/pulso27.com\\\/politica\\\/congresista-margot-palacios-presento-mocion-de-vacancia-contra-dina-boluarte\\\/#breadcrumb\",\"itemListElement\":[{\"@type\":\"ListItem\",\"position\":1,\"name\":\"Portada\",\"item\":\"https:\\\/\\\/pulso27.com\\\/\"},{\"@type\":\"ListItem\",\"position\":2,\"name\":\"Congresista Margot Palacios present\u00f3 moci\u00f3n de vacancia contra Dina Boluarte\"}]},{\"@type\":\"WebSite\",\"@id\":\"https:\\\/\\\/pulso27.com\\\/en\\\/#website\",\"url\":\"https:\\\/\\\/pulso27.com\\\/en\\\/\",\"name\":\"Pulso27\",\"description\":\"Web de noticias y publicidad\",\"publisher\":{\"@id\":\"https:\\\/\\\/pulso27.com\\\/en\\\/#organization\"},\"alternateName\":\"El pulso del pueblo\",\"potentialAction\":[{\"@type\":\"SearchAction\",\"target\":{\"@type\":\"EntryPoint\",\"urlTemplate\":\"https:\\\/\\\/pulso27.com\\\/en\\\/?s={search_term_string}\"},\"query-input\":{\"@type\":\"PropertyValueSpecification\",\"valueRequired\":true,\"valueName\":\"search_term_string\"}}],\"inLanguage\":\"en-US\"},{\"@type\":\"Organization\",\"@id\":\"https:\\\/\\\/pulso27.com\\\/en\\\/#organization\",\"name\":\"Pulso27\",\"url\":\"https:\\\/\\\/pulso27.com\\\/en\\\/\",\"logo\":{\"@type\":\"ImageObject\",\"inLanguage\":\"en-US\",\"@id\":\"https:\\\/\\\/pulso27.com\\\/en\\\/#\\\/schema\\\/logo\\\/image\\\/\",\"url\":\"https:\\\/\\\/pulso27.com\\\/wp-content\\\/uploads\\\/2026\\\/02\\\/Logotipo-de-la-organizacion-696-x-696-px-ok.png\",\"contentUrl\":\"https:\\\/\\\/pulso27.com\\\/wp-content\\\/uploads\\\/2026\\\/02\\\/Logotipo-de-la-organizacion-696-x-696-px-ok.png\",\"width\":696,\"height\":696,\"caption\":\"Pulso27\"},\"image\":{\"@id\":\"https:\\\/\\\/pulso27.com\\\/en\\\/#\\\/schema\\\/logo\\\/image\\\/\"},\"sameAs\":[\"https:\\\/\\\/www.facebook.com\\\/pulso27\\\/\",\"https:\\\/\\\/x.com\\\/Pulso_27\",\"https:\\\/\\\/www.youtube.com\\\/@Pulso27\",\"https:\\\/\\\/www.tiktok.com\\\/@pulso_27\"]},{\"@type\":\"Person\",\"@id\":\"https:\\\/\\\/pulso27.com\\\/en\\\/#\\\/schema\\\/person\\\/d20fd7f5bc7f2e53fd150d43fca07a78\",\"name\":\"Tupaq\",\"image\":{\"@type\":\"ImageObject\",\"inLanguage\":\"en-US\",\"@id\":\"https:\\\/\\\/secure.gravatar.com\\\/avatar\\\/7929e9b034aeea560319a601e4f04c59eb5f45a79eafe192adabb67e9604e7e7?s=96&d=mm&r=g\",\"url\":\"https:\\\/\\\/secure.gravatar.com\\\/avatar\\\/7929e9b034aeea560319a601e4f04c59eb5f45a79eafe192adabb67e9604e7e7?s=96&d=mm&r=g\",\"contentUrl\":\"https:\\\/\\\/secure.gravatar.com\\\/avatar\\\/7929e9b034aeea560319a601e4f04c59eb5f45a79eafe192adabb67e9604e7e7?s=96&d=mm&r=g\",\"caption\":\"Tupaq\"},\"url\":\"https:\\\/\\\/pulso27.com\\\/en\\\/author\\\/tupaq\\\/\"}]}<\/script>\n<!-- \/ Yoast SEO plugin. -->","yoast_head_json":{"title":"Congresista Margot Palacios present\u00f3 moci\u00f3n de vacancia contra Dina Boluarte - Pulso27","robots":{"index":"index","follow":"follow","max-snippet":"max-snippet:-1","max-image-preview":"max-image-preview:large","max-video-preview":"max-video-preview:-1"},"canonical":"https:\/\/pulso27.com\/en\/politica\/congresista-margot-palacios-presento-mocion-de-vacancia-contra-dina-boluarte\/","og_locale":"en_US","og_type":"article","og_title":"Congresista Margot Palacios present\u00f3 moci\u00f3n de vacancia contra Dina Boluarte - Pulso27","og_description":"La congresista Margot Palacios, vocera de la bancada de Per\u00fa Libre, confirm\u00f3 la presentaci\u00f3n de la moci\u00f3n de vacancia contra de Dina Boluarte. Esta medida es por su presunta incapacidad para justificar la adquisici\u00f3n de lujosos accesorios. \u201cAcabamos de presentar la moci\u00f3n de vacancia contra Dina Boluarte, por incapacidad moral permanente por el tema de [&hellip;]","og_url":"https:\/\/pulso27.com\/en\/politica\/congresista-margot-palacios-presento-mocion-de-vacancia-contra-dina-boluarte\/","og_site_name":"Pulso27","article_publisher":"https:\/\/www.facebook.com\/pulso27\/","article_published_time":"2024-03-31T14:27:23+00:00","og_image":[{"width":1280,"height":937,"url":"https:\/\/pulso27.com\/wp-content\/uploads\/2024\/03\/Marg.jpg","type":"image\/jpeg"}],"author":"Tupaq","twitter_card":"summary_large_image","twitter_creator":"@Pulso_27","twitter_site":"@Pulso_27","twitter_misc":{"Written by":"Tupaq","Est. reading time":"2 minutes"},"schema":{"@context":"https:\/\/schema.org","@graph":[{"@type":"Article","@id":"https:\/\/pulso27.com\/politica\/congresista-margot-palacios-presento-mocion-de-vacancia-contra-dina-boluarte\/#article","isPartOf":{"@id":"https:\/\/pulso27.com\/politica\/congresista-margot-palacios-presento-mocion-de-vacancia-contra-dina-boluarte\/"},"author":{"name":"Tupaq","@id":"https:\/\/pulso27.com\/en\/#\/schema\/person\/d20fd7f5bc7f2e53fd150d43fca07a78"},"headline":"Congresista Margot Palacios present\u00f3 moci\u00f3n de vacancia contra Dina Boluarte","datePublished":"2024-03-31T14:27:23+00:00","mainEntityOfPage":{"@id":"https:\/\/pulso27.com\/politica\/congresista-margot-palacios-presento-mocion-de-vacancia-contra-dina-boluarte\/"},"wordCount":322,"commentCount":0,"publisher":{"@id":"https:\/\/pulso27.com\/en\/#organization"},"image":{"@id":"https:\/\/pulso27.com\/politica\/congresista-margot-palacios-presento-mocion-de-vacancia-contra-dina-boluarte\/#primaryimage"},"thumbnailUrl":"https:\/\/pulso27.com\/wp-content\/uploads\/2024\/03\/Marg.jpg","keywords":["Dina Boluarte","Per\u00fa Libre","Pol\u00edtica","Rolex","Vacancia"],"articleSection":["Pol\u00edtica"],"inLanguage":"en-US","potentialAction":[{"@type":"CommentAction","name":"Comment","target":["https:\/\/pulso27.com\/politica\/congresista-margot-palacios-presento-mocion-de-vacancia-contra-dina-boluarte\/#respond"]}]},{"@type":"WebPage","@id":"https:\/\/pulso27.com\/politica\/congresista-margot-palacios-presento-mocion-de-vacancia-contra-dina-boluarte\/","url":"https:\/\/pulso27.com\/politica\/congresista-margot-palacios-presento-mocion-de-vacancia-contra-dina-boluarte\/","name":"Congresista Margot Palacios present\u00f3 moci\u00f3n de vacancia contra Dina Boluarte - Pulso27","isPartOf":{"@id":"https:\/\/pulso27.com\/en\/#website"},"primaryImageOfPage":{"@id":"https:\/\/pulso27.com\/politica\/congresista-margot-palacios-presento-mocion-de-vacancia-contra-dina-boluarte\/#primaryimage"},"image":{"@id":"https:\/\/pulso27.com\/politica\/congresista-margot-palacios-presento-mocion-de-vacancia-contra-dina-boluarte\/#primaryimage"},"thumbnailUrl":"https:\/\/pulso27.com\/wp-content\/uploads\/2024\/03\/Marg.jpg","datePublished":"2024-03-31T14:27:23+00:00","breadcrumb":{"@id":"https:\/\/pulso27.com\/politica\/congresista-margot-palacios-presento-mocion-de-vacancia-contra-dina-boluarte\/#breadcrumb"},"inLanguage":"en-US","potentialAction":[{"@type":"ReadAction","target":["https:\/\/pulso27.com\/politica\/congresista-margot-palacios-presento-mocion-de-vacancia-contra-dina-boluarte\/"]}]},{"@type":"ImageObject","inLanguage":"en-US","@id":"https:\/\/pulso27.com\/politica\/congresista-margot-palacios-presento-mocion-de-vacancia-contra-dina-boluarte\/#primaryimage","url":"https:\/\/pulso27.com\/wp-content\/uploads\/2024\/03\/Marg.jpg","contentUrl":"https:\/\/pulso27.com\/wp-content\/uploads\/2024\/03\/Marg.jpg","width":1280,"height":937},{"@type":"BreadcrumbList","@id":"https:\/\/pulso27.com\/politica\/congresista-margot-palacios-presento-mocion-de-vacancia-contra-dina-boluarte\/#breadcrumb","itemListElement":[{"@type":"ListItem","position":1,"name":"Portada","item":"https:\/\/pulso27.com\/"},{"@type":"ListItem","position":2,"name":"Congresista Margot Palacios present\u00f3 moci\u00f3n de vacancia contra Dina Boluarte"}]},{"@type":"WebSite","@id":"https:\/\/pulso27.com\/en\/#website","url":"https:\/\/pulso27.com\/en\/","name":"Pulso27","description":"Web de noticias y publicidad","publisher":{"@id":"https:\/\/pulso27.com\/en\/#organization"},"alternateName":"El pulso del pueblo","potentialAction":[{"@type":"SearchAction","target":{"@type":"EntryPoint","urlTemplate":"https:\/\/pulso27.com\/en\/?s={search_term_string}"},"query-input":{"@type":"PropertyValueSpecification","valueRequired":true,"valueName":"search_term_string"}}],"inLanguage":"en-US"},{"@type":"Organization","@id":"https:\/\/pulso27.com\/en\/#organization","name":"Pulso27","url":"https:\/\/pulso27.com\/en\/","logo":{"@type":"ImageObject","inLanguage":"en-US","@id":"https:\/\/pulso27.com\/en\/#\/schema\/logo\/image\/","url":"https:\/\/pulso27.com\/wp-content\/uploads\/2026\/02\/Logotipo-de-la-organizacion-696-x-696-px-ok.png","contentUrl":"https:\/\/pulso27.com\/wp-content\/uploads\/2026\/02\/Logotipo-de-la-organizacion-696-x-696-px-ok.png","width":696,"height":696,"caption":"Pulso27"},"image":{"@id":"https:\/\/pulso27.com\/en\/#\/schema\/logo\/image\/"},"sameAs":["https:\/\/www.facebook.com\/pulso27\/","https:\/\/x.com\/Pulso_27","https:\/\/www.youtube.com\/@Pulso27","https:\/\/www.tiktok.com\/@pulso_27"]},{"@type":"Person","@id":"https:\/\/pulso27.com\/en\/#\/schema\/person\/d20fd7f5bc7f2e53fd150d43fca07a78","name":"Tupaq","image":{"@type":"ImageObject","inLanguage":"en-US","@id":"https:\/\/secure.gravatar.com\/avatar\/7929e9b034aeea560319a601e4f04c59eb5f45a79eafe192adabb67e9604e7e7?s=96&d=mm&r=g","url":"https:\/\/secure.gravatar.com\/avatar\/7929e9b034aeea560319a601e4f04c59eb5f45a79eafe192adabb67e9604e7e7?s=96&d=mm&r=g","contentUrl":"https:\/\/secure.gravatar.com\/avatar\/7929e9b034aeea560319a601e4f04c59eb5f45a79eafe192adabb67e9604e7e7?s=96&d=mm&r=g","caption":"Tupaq"},"url":"https:\/\/pulso27.com\/en\/author\/tupaq\/"}]}},"amp_enabled":true,"_links":{"self":[{"href":"https:\/\/pulso27.com\/en\/wp-json\/wp\/v2\/posts\/1423","targetHints":{"allow":["GET"]}}],"collection":[{"href":"https:\/\/pulso27.com\/en\/wp-json\/wp\/v2\/posts"}],"about":[{"href":"https:\/\/pulso27.com\/en\/wp-json\/wp\/v2\/types\/post"}],"author":[{"embeddable":true,"href":"https:\/\/pulso27.com\/en\/wp-json\/wp\/v2\/users\/7"}],"replies":[{"embeddable":true,"href":"https:\/\/pulso27.com\/en\/wp-json\/wp\/v2\/comments?post=1423"}],"version-history":[{"count":1,"href":"https:\/\/pulso27.com\/en\/wp-json\/wp\/v2\/posts\/1423\/revisions"}],"predecessor-version":[{"id":1426,"href":"https:\/\/pulso27.com\/en\/wp-json\/wp\/v2\/posts\/1423\/revisions\/1426"}],"wp:featuredmedia":[{"embeddable":true,"href":"https:\/\/pulso27.com\/en\/wp-json\/wp\/v2\/media\/1425"}],"wp:attachment":[{"href":"https:\/\/pulso27.com\/en\/wp-json\/wp\/v2\/media?parent=1423"}],"wp:term":[{"taxonomy":"category","embeddable":true,"href":"https:\/\/pulso27.com\/en\/wp-json\/wp\/v2\/categories?post=1423"},{"taxonomy":"post_tag","embeddable":true,"href":"https:\/\/pulso27.com\/en\/wp-json\/wp\/v2\/tags?post=1423"}],"curies":[{"name":"wp","href":"https:\/\/api.w.org\/{rel}","templated":true}]}}