{"id":1432,"date":"2024-04-06T20:04:17","date_gmt":"2024-04-06T15:04:17","guid":{"rendered":"https:\/\/pulso27.com\/?p=1432"},"modified":"2024-04-06T20:04:17","modified_gmt":"2024-04-06T15:04:17","slug":"peru-protesta-contra-regimen-de-dina-boluarte-y-golpe-de-estado-fujimorista","status":"publish","type":"post","link":"https:\/\/pulso27.com\/en\/actualidad\/peru-protesta-contra-regimen-de-dina-boluarte-y-golpe-de-estado-fujimorista\/","title":{"rendered":"Per\u00fa protesta contra r\u00e9gimen de Dina Boluarte y golpe de Estado fujimorista"},"content":{"rendered":"<p>El centro hist\u00f3rico de Lima, Per\u00fa, fue testigo de una masiva movilizaci\u00f3n durante la tarde del viernes 5 de abril, donde ciudadanos y diversas organizaciones sociales expresaron su descontento con el gobierno liderado por Dina Boluarte, tambi\u00e9n conmemoraron el golpe de Estado neoliberal perpetrado por Alberto Fujimori el 5 de abril del 1992.<\/p>\n\n\n\n<p>La protesta, que congreg\u00f3 a un gran n\u00famero de personas, tuvo como punto de llegada las inmediaciones del Congreso de la Rep\u00fablica, donde los manifestantes expresaron abiertamente su rechazo hacia el Gobierno de Boluarte y Alberto Fujimori que tiene la mayor\u00eda de parlamentarios en el Congreso de la Rep\u00fablica.<\/p>\n\n\n\n<p>Los manifestantes provistos con pancartas, banderolas, meg\u00e1fonos y carteles recorrieron aproximadamente cuatro cuadras de la avenida Abancay, haciendo visible su demanda de cambio y malestar ante la crisis pol\u00edtica actual. Otro grupo lleg\u00f3 al lugar portando una gran bandera nacional, pero con los colores trastocados: el rojo por el negro.<\/p>\n\n\n\n<p>\u201cEs un descaro, mientras el pueblo se muere de hambre, hay desempleo y mucha gente se queda sin estudiar\u201d, critic\u00f3 una mujer integrante del colectivo Unidad de Lucha.<\/p>\n\n\n\n<p>Otra manifestante, que sosten\u00eda otro gigantesco Rolex, exigi\u00f3 que se vayan todos porque el Per\u00fa se est\u00e1 yendo al fondo. \u201cTodos los que est\u00e1n en el Congreso son unos delincuentes, Dina es una asesina y no hay justicia para los muertos. Ahora tiene relojes, hay pruebas. \u00bfPor qu\u00e9 no la vaca el Congreso? Porque ellos est\u00e1n con ella hasta el 2026\u201d, se\u00f1al\u00f3.<\/p>\n\n\n\n<figure class=\"wp-block-image size-large\"><img loading=\"lazy\" decoding=\"async\" width=\"1024\" height=\"769\" src=\"https:\/\/pulso27.com\/wp-content\/uploads\/2024\/04\/Ayac-1024x769.jpg\" alt=\"\" class=\"wp-image-1438\" srcset=\"https:\/\/pulso27.com\/wp-content\/uploads\/2024\/04\/Ayac-1024x769.jpg 1024w, https:\/\/pulso27.com\/wp-content\/uploads\/2024\/04\/Ayac-300x225.jpg 300w, https:\/\/pulso27.com\/wp-content\/uploads\/2024\/04\/Ayac-768x577.jpg 768w, https:\/\/pulso27.com\/wp-content\/uploads\/2024\/04\/Ayac-16x12.jpg 16w, https:\/\/pulso27.com\/wp-content\/uploads\/2024\/04\/Ayac.jpg 1080w\" sizes=\"auto, (max-width: 1024px) 100vw, 1024px\" \/><\/figure>\n\n\n\n<p>En el departamento de Ayacucho la poblaci\u00f3n protest\u00f3 contra el gobierno de Dina Boluarte. Los manifestantes expresaron su descontento por el controvertido caso de los \u201cRolex\u201d, las muertes ocurridas durante las manifestaciones y la conexi\u00f3n que existe entre el Fujimorismo y el gobernador regional Wilfredo Oscorima, aliado del r\u00e9gimen de Dina Boluarte. Esta movilizaci\u00f3n se da en el contexto de la conmemoraci\u00f3n de los 32 a\u00f1os del golpe de Estado dado por Alberto Fujimori.<\/p>\n\n\n\n<p>Bajo consignas como \u201cNeoliberalismo nunca m\u00e1s\u201d y \u201cAbajo Dina asesina\u201d, miembros del Frente de Defensa del Pueblo de Ayacucho (Fredepa) y ciudadanos ayacuchanos demandaron la renuncia inmediata de la presidenta Boluarte, alegando incapacidad moral. Adem\u00e1s, convocaron a la formaci\u00f3n de una Asamblea Constituyente que incluya la participaci\u00f3n activa del pueblo.<\/p>\n\n\n\n<p>Por otro lado, en Puno, quechuas y aimaras expresaron en las calles de la ciudad altipl\u00e1nica su repudio al Gobierno de Boluarte y al Congreso \u201cque protege a un Gobierno corrupto\u201d, como dijo la dirigente Martha Mamani. Por su parte el dirigente Lucio Callo sostuvo que las protestas van a seguir porque nada ha cambiado. \u201cEste Gobierno corrupto se ha impuesto con muertes y ahora quiere seguir gobernando con Rolex. Los que nos gobiernan son delincuentes pol\u00edticos\u201d, afirm\u00f3.<\/p>\n\n\n\n<p>La ciudad de Arequipa tambi\u00e9n fue escenario de manifestaciones contra Dina Boluarte. La marcha de protesta parti\u00f3 de la plaza Espa\u00f1a y, tras seguir por las principales calles, culmin\u00f3 en la plaza de Armas.<\/p>\n\n\n\n<figure class=\"wp-block-image size-full is-resized\"><img loading=\"lazy\" decoding=\"async\" width=\"675\" height=\"391\" src=\"https:\/\/pulso27.com\/wp-content\/uploads\/2024\/04\/5A-1.jpg\" alt=\"\" class=\"wp-image-1437\" style=\"width:740px;height:auto\" srcset=\"https:\/\/pulso27.com\/wp-content\/uploads\/2024\/04\/5A-1.jpg 675w, https:\/\/pulso27.com\/wp-content\/uploads\/2024\/04\/5A-1-300x174.jpg 300w, https:\/\/pulso27.com\/wp-content\/uploads\/2024\/04\/5A-1-18x10.jpg 18w\" sizes=\"auto, (max-width: 675px) 100vw, 675px\" \/><\/figure>\n\n\n\n<p>En Cusco, frente a la sede judicial, pidieron justicia para los m\u00e1s de 60 muertos en las protestas contra Dina Boluarte. Estuvieron presentes las mujeres v\u00edctimas de esterilizaci\u00f3n forzada durante el gobierno de Alberto Fujimori.<\/p>\n\n\n\n<p>Mientras que en Chiclayo hubo un plant\u00f3n en la plazuela El\u00edas Aguirre. Y en Trujillo, la marcha de protesta recorri\u00f3 la avenida Espa\u00f1a y culmin\u00f3 en la plazuela El Recreo.<\/p>\n\n\n\n<p>En Cajamarca, de donde es el ex presidente Pedro Castillo, la poblaci\u00f3n se volc\u00f3 de manera masiva, arengando \u00abDina asesina, renuncia\u201d. Las protestas en este departamento son inusuales porque desde la destituci\u00f3n de Castillo la poblaci\u00f3n de este departamento protestaba muy poco, esta vez salieron a las calles las principales organizaciones sociales y pol\u00edticas, rechazando a Dina Boluarte y la anunciada reactivaci\u00f3n del proyecto minero Conga.<\/p>\n\n\n\n<p>Fuente: Webs y redes de noticias<\/p>","protected":false},"excerpt":{"rendered":"<p>El centro hist\u00f3rico de Lima, Per\u00fa, fue testigo de una masiva movilizaci\u00f3n durante la tarde del viernes 5 de abril, donde ciudadanos y diversas organizaciones sociales expresaron su descontento con el gobierno liderado por Dina Boluarte, tambi\u00e9n conmemoraron el golpe de Estado neoliberal perpetrado por Alberto Fujimori el 5 de abril del 1992. La protesta, [&hellip;]<\/p>\n","protected":false},"author":7,"featured_media":1434,"comment_status":"open","ping_status":"open","sticky":false,"template":"","format":"standard","meta":{"footnotes":""},"categories":[183],"tags":[572,184,629,628,627],"class_list":["post-1432","post","type-post","status-publish","format-standard","has-post-thumbnail","hentry","category-actualidad","tag-dina-boluarte","tag-politica","tag-renuncia","tag-rolex","tag-vacancia"],"yoast_head":"<!-- This site is optimized with the Yoast SEO plugin v27.4 - https:\/\/yoast.com\/product\/yoast-seo-wordpress\/ -->\n<title>Per\u00fa protesta contra r\u00e9gimen de Dina Boluarte y golpe de Estado fujimorista - Pulso27<\/title>\n<meta name=\"robots\" content=\"index, follow, max-snippet:-1, max-image-preview:large, max-video-preview:-1\" \/>\n<link rel=\"canonical\" href=\"https:\/\/pulso27.com\/en\/actualidad\/peru-protesta-contra-regimen-de-dina-boluarte-y-golpe-de-estado-fujimorista\/\" \/>\n<meta property=\"og:locale\" content=\"en_US\" \/>\n<meta property=\"og:type\" content=\"article\" \/>\n<meta property=\"og:title\" content=\"Per\u00fa protesta contra r\u00e9gimen de Dina Boluarte y golpe de Estado fujimorista - Pulso27\" \/>\n<meta property=\"og:description\" content=\"El centro hist\u00f3rico de Lima, Per\u00fa, fue testigo de una masiva movilizaci\u00f3n durante la tarde del viernes 5 de abril, donde ciudadanos y diversas organizaciones sociales expresaron su descontento con el gobierno liderado por Dina Boluarte, tambi\u00e9n conmemoraron el golpe de Estado neoliberal perpetrado por Alberto Fujimori el 5 de abril del 1992. La protesta, [&hellip;]\" \/>\n<meta property=\"og:url\" content=\"https:\/\/pulso27.com\/en\/actualidad\/peru-protesta-contra-regimen-de-dina-boluarte-y-golpe-de-estado-fujimorista\/\" \/>\n<meta property=\"og:site_name\" content=\"Pulso27\" \/>\n<meta property=\"article:publisher\" content=\"https:\/\/www.facebook.com\/pulso27\/\" \/>\n<meta property=\"article:published_time\" content=\"2024-04-06T15:04:17+00:00\" \/>\n<meta property=\"og:image\" content=\"https:\/\/pulso27.com\/wp-content\/uploads\/2024\/04\/Protest.jpg\" \/>\n\t<meta property=\"og:image:width\" content=\"1200\" \/>\n\t<meta property=\"og:image:height\" content=\"675\" \/>\n\t<meta property=\"og:image:type\" content=\"image\/jpeg\" \/>\n<meta name=\"author\" content=\"Tupaq\" \/>\n<meta name=\"twitter:card\" content=\"summary_large_image\" \/>\n<meta name=\"twitter:creator\" content=\"@Pulso_27\" \/>\n<meta name=\"twitter:site\" content=\"@Pulso_27\" \/>\n<meta name=\"twitter:label1\" content=\"Written by\" \/>\n\t<meta name=\"twitter:data1\" content=\"Tupaq\" \/>\n\t<meta name=\"twitter:label2\" content=\"Est. reading time\" \/>\n\t<meta name=\"twitter:data2\" content=\"3 minutes\" \/>\n<script type=\"application\/ld+json\" class=\"yoast-schema-graph\">{\"@context\":\"https:\\\/\\\/schema.org\",\"@graph\":[{\"@type\":\"Article\",\"@id\":\"https:\\\/\\\/pulso27.com\\\/actualidad\\\/peru-protesta-contra-regimen-de-dina-boluarte-y-golpe-de-estado-fujimorista\\\/#article\",\"isPartOf\":{\"@id\":\"https:\\\/\\\/pulso27.com\\\/actualidad\\\/peru-protesta-contra-regimen-de-dina-boluarte-y-golpe-de-estado-fujimorista\\\/\"},\"author\":{\"name\":\"Tupaq\",\"@id\":\"https:\\\/\\\/pulso27.com\\\/en\\\/#\\\/schema\\\/person\\\/d20fd7f5bc7f2e53fd150d43fca07a78\"},\"headline\":\"Per\u00fa protesta contra r\u00e9gimen de Dina Boluarte y golpe de Estado fujimorista\",\"datePublished\":\"2024-04-06T15:04:17+00:00\",\"mainEntityOfPage\":{\"@id\":\"https:\\\/\\\/pulso27.com\\\/actualidad\\\/peru-protesta-contra-regimen-de-dina-boluarte-y-golpe-de-estado-fujimorista\\\/\"},\"wordCount\":660,\"commentCount\":0,\"publisher\":{\"@id\":\"https:\\\/\\\/pulso27.com\\\/en\\\/#organization\"},\"image\":{\"@id\":\"https:\\\/\\\/pulso27.com\\\/actualidad\\\/peru-protesta-contra-regimen-de-dina-boluarte-y-golpe-de-estado-fujimorista\\\/#primaryimage\"},\"thumbnailUrl\":\"https:\\\/\\\/pulso27.com\\\/wp-content\\\/uploads\\\/2024\\\/04\\\/Protest.jpg\",\"keywords\":[\"Dina Boluarte\",\"Politica\",\"Renuncia\",\"Rolex\",\"Vacancia\"],\"articleSection\":[\"Actualidad\"],\"inLanguage\":\"en-US\",\"potentialAction\":[{\"@type\":\"CommentAction\",\"name\":\"Comment\",\"target\":[\"https:\\\/\\\/pulso27.com\\\/actualidad\\\/peru-protesta-contra-regimen-de-dina-boluarte-y-golpe-de-estado-fujimorista\\\/#respond\"]}]},{\"@type\":\"WebPage\",\"@id\":\"https:\\\/\\\/pulso27.com\\\/actualidad\\\/peru-protesta-contra-regimen-de-dina-boluarte-y-golpe-de-estado-fujimorista\\\/\",\"url\":\"https:\\\/\\\/pulso27.com\\\/actualidad\\\/peru-protesta-contra-regimen-de-dina-boluarte-y-golpe-de-estado-fujimorista\\\/\",\"name\":\"Per\u00fa protesta contra r\u00e9gimen de Dina Boluarte y golpe de Estado fujimorista - Pulso27\",\"isPartOf\":{\"@id\":\"https:\\\/\\\/pulso27.com\\\/en\\\/#website\"},\"primaryImageOfPage\":{\"@id\":\"https:\\\/\\\/pulso27.com\\\/actualidad\\\/peru-protesta-contra-regimen-de-dina-boluarte-y-golpe-de-estado-fujimorista\\\/#primaryimage\"},\"image\":{\"@id\":\"https:\\\/\\\/pulso27.com\\\/actualidad\\\/peru-protesta-contra-regimen-de-dina-boluarte-y-golpe-de-estado-fujimorista\\\/#primaryimage\"},\"thumbnailUrl\":\"https:\\\/\\\/pulso27.com\\\/wp-content\\\/uploads\\\/2024\\\/04\\\/Protest.jpg\",\"datePublished\":\"2024-04-06T15:04:17+00:00\",\"breadcrumb\":{\"@id\":\"https:\\\/\\\/pulso27.com\\\/actualidad\\\/peru-protesta-contra-regimen-de-dina-boluarte-y-golpe-de-estado-fujimorista\\\/#breadcrumb\"},\"inLanguage\":\"en-US\",\"potentialAction\":[{\"@type\":\"ReadAction\",\"target\":[\"https:\\\/\\\/pulso27.com\\\/actualidad\\\/peru-protesta-contra-regimen-de-dina-boluarte-y-golpe-de-estado-fujimorista\\\/\"]}]},{\"@type\":\"ImageObject\",\"inLanguage\":\"en-US\",\"@id\":\"https:\\\/\\\/pulso27.com\\\/actualidad\\\/peru-protesta-contra-regimen-de-dina-boluarte-y-golpe-de-estado-fujimorista\\\/#primaryimage\",\"url\":\"https:\\\/\\\/pulso27.com\\\/wp-content\\\/uploads\\\/2024\\\/04\\\/Protest.jpg\",\"contentUrl\":\"https:\\\/\\\/pulso27.com\\\/wp-content\\\/uploads\\\/2024\\\/04\\\/Protest.jpg\",\"width\":1200,\"height\":675},{\"@type\":\"BreadcrumbList\",\"@id\":\"https:\\\/\\\/pulso27.com\\\/actualidad\\\/peru-protesta-contra-regimen-de-dina-boluarte-y-golpe-de-estado-fujimorista\\\/#breadcrumb\",\"itemListElement\":[{\"@type\":\"ListItem\",\"position\":1,\"name\":\"Portada\",\"item\":\"https:\\\/\\\/pulso27.com\\\/\"},{\"@type\":\"ListItem\",\"position\":2,\"name\":\"Per\u00fa protesta contra r\u00e9gimen de Dina Boluarte y golpe de Estado fujimorista\"}]},{\"@type\":\"WebSite\",\"@id\":\"https:\\\/\\\/pulso27.com\\\/en\\\/#website\",\"url\":\"https:\\\/\\\/pulso27.com\\\/en\\\/\",\"name\":\"Pulso27\",\"description\":\"Web de noticias y publicidad\",\"publisher\":{\"@id\":\"https:\\\/\\\/pulso27.com\\\/en\\\/#organization\"},\"alternateName\":\"El pulso del pueblo\",\"potentialAction\":[{\"@type\":\"SearchAction\",\"target\":{\"@type\":\"EntryPoint\",\"urlTemplate\":\"https:\\\/\\\/pulso27.com\\\/en\\\/?s={search_term_string}\"},\"query-input\":{\"@type\":\"PropertyValueSpecification\",\"valueRequired\":true,\"valueName\":\"search_term_string\"}}],\"inLanguage\":\"en-US\"},{\"@type\":\"Organization\",\"@id\":\"https:\\\/\\\/pulso27.com\\\/en\\\/#organization\",\"name\":\"Pulso27\",\"url\":\"https:\\\/\\\/pulso27.com\\\/en\\\/\",\"logo\":{\"@type\":\"ImageObject\",\"inLanguage\":\"en-US\",\"@id\":\"https:\\\/\\\/pulso27.com\\\/en\\\/#\\\/schema\\\/logo\\\/image\\\/\",\"url\":\"https:\\\/\\\/pulso27.com\\\/wp-content\\\/uploads\\\/2026\\\/02\\\/Logotipo-de-la-organizacion-696-x-696-px-ok.png\",\"contentUrl\":\"https:\\\/\\\/pulso27.com\\\/wp-content\\\/uploads\\\/2026\\\/02\\\/Logotipo-de-la-organizacion-696-x-696-px-ok.png\",\"width\":696,\"height\":696,\"caption\":\"Pulso27\"},\"image\":{\"@id\":\"https:\\\/\\\/pulso27.com\\\/en\\\/#\\\/schema\\\/logo\\\/image\\\/\"},\"sameAs\":[\"https:\\\/\\\/www.facebook.com\\\/pulso27\\\/\",\"https:\\\/\\\/x.com\\\/Pulso_27\",\"https:\\\/\\\/www.youtube.com\\\/@Pulso27\",\"https:\\\/\\\/www.tiktok.com\\\/@pulso_27\"]},{\"@type\":\"Person\",\"@id\":\"https:\\\/\\\/pulso27.com\\\/en\\\/#\\\/schema\\\/person\\\/d20fd7f5bc7f2e53fd150d43fca07a78\",\"name\":\"Tupaq\",\"image\":{\"@type\":\"ImageObject\",\"inLanguage\":\"en-US\",\"@id\":\"https:\\\/\\\/secure.gravatar.com\\\/avatar\\\/7929e9b034aeea560319a601e4f04c59eb5f45a79eafe192adabb67e9604e7e7?s=96&d=mm&r=g\",\"url\":\"https:\\\/\\\/secure.gravatar.com\\\/avatar\\\/7929e9b034aeea560319a601e4f04c59eb5f45a79eafe192adabb67e9604e7e7?s=96&d=mm&r=g\",\"contentUrl\":\"https:\\\/\\\/secure.gravatar.com\\\/avatar\\\/7929e9b034aeea560319a601e4f04c59eb5f45a79eafe192adabb67e9604e7e7?s=96&d=mm&r=g\",\"caption\":\"Tupaq\"},\"url\":\"https:\\\/\\\/pulso27.com\\\/en\\\/author\\\/tupaq\\\/\"}]}<\/script>\n<!-- \/ Yoast SEO plugin. -->","yoast_head_json":{"title":"Per\u00fa protesta contra r\u00e9gimen de Dina Boluarte y golpe de Estado fujimorista - Pulso27","robots":{"index":"index","follow":"follow","max-snippet":"max-snippet:-1","max-image-preview":"max-image-preview:large","max-video-preview":"max-video-preview:-1"},"canonical":"https:\/\/pulso27.com\/en\/actualidad\/peru-protesta-contra-regimen-de-dina-boluarte-y-golpe-de-estado-fujimorista\/","og_locale":"en_US","og_type":"article","og_title":"Per\u00fa protesta contra r\u00e9gimen de Dina Boluarte y golpe de Estado fujimorista - Pulso27","og_description":"El centro hist\u00f3rico de Lima, Per\u00fa, fue testigo de una masiva movilizaci\u00f3n durante la tarde del viernes 5 de abril, donde ciudadanos y diversas organizaciones sociales expresaron su descontento con el gobierno liderado por Dina Boluarte, tambi\u00e9n conmemoraron el golpe de Estado neoliberal perpetrado por Alberto Fujimori el 5 de abril del 1992. La protesta, [&hellip;]","og_url":"https:\/\/pulso27.com\/en\/actualidad\/peru-protesta-contra-regimen-de-dina-boluarte-y-golpe-de-estado-fujimorista\/","og_site_name":"Pulso27","article_publisher":"https:\/\/www.facebook.com\/pulso27\/","article_published_time":"2024-04-06T15:04:17+00:00","og_image":[{"width":1200,"height":675,"url":"https:\/\/pulso27.com\/wp-content\/uploads\/2024\/04\/Protest.jpg","type":"image\/jpeg"}],"author":"Tupaq","twitter_card":"summary_large_image","twitter_creator":"@Pulso_27","twitter_site":"@Pulso_27","twitter_misc":{"Written by":"Tupaq","Est. reading time":"3 minutes"},"schema":{"@context":"https:\/\/schema.org","@graph":[{"@type":"Article","@id":"https:\/\/pulso27.com\/actualidad\/peru-protesta-contra-regimen-de-dina-boluarte-y-golpe-de-estado-fujimorista\/#article","isPartOf":{"@id":"https:\/\/pulso27.com\/actualidad\/peru-protesta-contra-regimen-de-dina-boluarte-y-golpe-de-estado-fujimorista\/"},"author":{"name":"Tupaq","@id":"https:\/\/pulso27.com\/en\/#\/schema\/person\/d20fd7f5bc7f2e53fd150d43fca07a78"},"headline":"Per\u00fa protesta contra r\u00e9gimen de Dina Boluarte y golpe de Estado fujimorista","datePublished":"2024-04-06T15:04:17+00:00","mainEntityOfPage":{"@id":"https:\/\/pulso27.com\/actualidad\/peru-protesta-contra-regimen-de-dina-boluarte-y-golpe-de-estado-fujimorista\/"},"wordCount":660,"commentCount":0,"publisher":{"@id":"https:\/\/pulso27.com\/en\/#organization"},"image":{"@id":"https:\/\/pulso27.com\/actualidad\/peru-protesta-contra-regimen-de-dina-boluarte-y-golpe-de-estado-fujimorista\/#primaryimage"},"thumbnailUrl":"https:\/\/pulso27.com\/wp-content\/uploads\/2024\/04\/Protest.jpg","keywords":["Dina Boluarte","Politica","Renuncia","Rolex","Vacancia"],"articleSection":["Actualidad"],"inLanguage":"en-US","potentialAction":[{"@type":"CommentAction","name":"Comment","target":["https:\/\/pulso27.com\/actualidad\/peru-protesta-contra-regimen-de-dina-boluarte-y-golpe-de-estado-fujimorista\/#respond"]}]},{"@type":"WebPage","@id":"https:\/\/pulso27.com\/actualidad\/peru-protesta-contra-regimen-de-dina-boluarte-y-golpe-de-estado-fujimorista\/","url":"https:\/\/pulso27.com\/actualidad\/peru-protesta-contra-regimen-de-dina-boluarte-y-golpe-de-estado-fujimorista\/","name":"Per\u00fa protesta contra r\u00e9gimen de Dina Boluarte y golpe de Estado fujimorista - Pulso27","isPartOf":{"@id":"https:\/\/pulso27.com\/en\/#website"},"primaryImageOfPage":{"@id":"https:\/\/pulso27.com\/actualidad\/peru-protesta-contra-regimen-de-dina-boluarte-y-golpe-de-estado-fujimorista\/#primaryimage"},"image":{"@id":"https:\/\/pulso27.com\/actualidad\/peru-protesta-contra-regimen-de-dina-boluarte-y-golpe-de-estado-fujimorista\/#primaryimage"},"thumbnailUrl":"https:\/\/pulso27.com\/wp-content\/uploads\/2024\/04\/Protest.jpg","datePublished":"2024-04-06T15:04:17+00:00","breadcrumb":{"@id":"https:\/\/pulso27.com\/actualidad\/peru-protesta-contra-regimen-de-dina-boluarte-y-golpe-de-estado-fujimorista\/#breadcrumb"},"inLanguage":"en-US","potentialAction":[{"@type":"ReadAction","target":["https:\/\/pulso27.com\/actualidad\/peru-protesta-contra-regimen-de-dina-boluarte-y-golpe-de-estado-fujimorista\/"]}]},{"@type":"ImageObject","inLanguage":"en-US","@id":"https:\/\/pulso27.com\/actualidad\/peru-protesta-contra-regimen-de-dina-boluarte-y-golpe-de-estado-fujimorista\/#primaryimage","url":"https:\/\/pulso27.com\/wp-content\/uploads\/2024\/04\/Protest.jpg","contentUrl":"https:\/\/pulso27.com\/wp-content\/uploads\/2024\/04\/Protest.jpg","width":1200,"height":675},{"@type":"BreadcrumbList","@id":"https:\/\/pulso27.com\/actualidad\/peru-protesta-contra-regimen-de-dina-boluarte-y-golpe-de-estado-fujimorista\/#breadcrumb","itemListElement":[{"@type":"ListItem","position":1,"name":"Portada","item":"https:\/\/pulso27.com\/"},{"@type":"ListItem","position":2,"name":"Per\u00fa protesta contra r\u00e9gimen de Dina Boluarte y golpe de Estado fujimorista"}]},{"@type":"WebSite","@id":"https:\/\/pulso27.com\/en\/#website","url":"https:\/\/pulso27.com\/en\/","name":"Pulso27","description":"Web de noticias y publicidad","publisher":{"@id":"https:\/\/pulso27.com\/en\/#organization"},"alternateName":"El pulso del pueblo","potentialAction":[{"@type":"SearchAction","target":{"@type":"EntryPoint","urlTemplate":"https:\/\/pulso27.com\/en\/?s={search_term_string}"},"query-input":{"@type":"PropertyValueSpecification","valueRequired":true,"valueName":"search_term_string"}}],"inLanguage":"en-US"},{"@type":"Organization","@id":"https:\/\/pulso27.com\/en\/#organization","name":"Pulso27","url":"https:\/\/pulso27.com\/en\/","logo":{"@type":"ImageObject","inLanguage":"en-US","@id":"https:\/\/pulso27.com\/en\/#\/schema\/logo\/image\/","url":"https:\/\/pulso27.com\/wp-content\/uploads\/2026\/02\/Logotipo-de-la-organizacion-696-x-696-px-ok.png","contentUrl":"https:\/\/pulso27.com\/wp-content\/uploads\/2026\/02\/Logotipo-de-la-organizacion-696-x-696-px-ok.png","width":696,"height":696,"caption":"Pulso27"},"image":{"@id":"https:\/\/pulso27.com\/en\/#\/schema\/logo\/image\/"},"sameAs":["https:\/\/www.facebook.com\/pulso27\/","https:\/\/x.com\/Pulso_27","https:\/\/www.youtube.com\/@Pulso27","https:\/\/www.tiktok.com\/@pulso_27"]},{"@type":"Person","@id":"https:\/\/pulso27.com\/en\/#\/schema\/person\/d20fd7f5bc7f2e53fd150d43fca07a78","name":"Tupaq","image":{"@type":"ImageObject","inLanguage":"en-US","@id":"https:\/\/secure.gravatar.com\/avatar\/7929e9b034aeea560319a601e4f04c59eb5f45a79eafe192adabb67e9604e7e7?s=96&d=mm&r=g","url":"https:\/\/secure.gravatar.com\/avatar\/7929e9b034aeea560319a601e4f04c59eb5f45a79eafe192adabb67e9604e7e7?s=96&d=mm&r=g","contentUrl":"https:\/\/secure.gravatar.com\/avatar\/7929e9b034aeea560319a601e4f04c59eb5f45a79eafe192adabb67e9604e7e7?s=96&d=mm&r=g","caption":"Tupaq"},"url":"https:\/\/pulso27.com\/en\/author\/tupaq\/"}]}},"amp_enabled":true,"_links":{"self":[{"href":"https:\/\/pulso27.com\/en\/wp-json\/wp\/v2\/posts\/1432","targetHints":{"allow":["GET"]}}],"collection":[{"href":"https:\/\/pulso27.com\/en\/wp-json\/wp\/v2\/posts"}],"about":[{"href":"https:\/\/pulso27.com\/en\/wp-json\/wp\/v2\/types\/post"}],"author":[{"embeddable":true,"href":"https:\/\/pulso27.com\/en\/wp-json\/wp\/v2\/users\/7"}],"replies":[{"embeddable":true,"href":"https:\/\/pulso27.com\/en\/wp-json\/wp\/v2\/comments?post=1432"}],"version-history":[{"count":1,"href":"https:\/\/pulso27.com\/en\/wp-json\/wp\/v2\/posts\/1432\/revisions"}],"predecessor-version":[{"id":1439,"href":"https:\/\/pulso27.com\/en\/wp-json\/wp\/v2\/posts\/1432\/revisions\/1439"}],"wp:featuredmedia":[{"embeddable":true,"href":"https:\/\/pulso27.com\/en\/wp-json\/wp\/v2\/media\/1434"}],"wp:attachment":[{"href":"https:\/\/pulso27.com\/en\/wp-json\/wp\/v2\/media?parent=1432"}],"wp:term":[{"taxonomy":"category","embeddable":true,"href":"https:\/\/pulso27.com\/en\/wp-json\/wp\/v2\/categories?post=1432"},{"taxonomy":"post_tag","embeddable":true,"href":"https:\/\/pulso27.com\/en\/wp-json\/wp\/v2\/tags?post=1432"}],"curies":[{"name":"wp","href":"https:\/\/api.w.org\/{rel}","templated":true}]}}