{"id":1445,"date":"2024-04-07T03:55:22","date_gmt":"2024-04-06T22:55:22","guid":{"rendered":"https:\/\/pulso27.com\/?p=1445"},"modified":"2024-11-02T08:55:39","modified_gmt":"2024-11-02T03:55:39","slug":"impacto-negativo-del-modelo-economico-neoliberal-en-el-peru","status":"publish","type":"post","link":"https:\/\/pulso27.com\/en\/opinion\/editorial\/impacto-negativo-del-modelo-economico-neoliberal-en-el-peru\/","title":{"rendered":"Impacto negativo del modelo econ\u00f3mico neoliberal en el Per\u00fa"},"content":{"rendered":"<p>M\u00e1s que antes, actualmente los peruanos critican al modelo econ\u00f3mico neoliberal implementado en el Per\u00fa, a partir de la asunci\u00f3n del dictador Alberto Fujimori, a trav\u00e9s de un golpe de Estado ejecutado el 5 de abril de 1992, contando con el respaldo de la Fuerzas Armadas y un sector de la poblaci\u00f3n del pa\u00eds. A m\u00e1s de 32 a\u00f1os de la profundizaci\u00f3n de la dictadura del mercado y el capital en Per\u00fa, podemos analizar varios indicadores socioecon\u00f3micos que muestran los impactos negativos que ha tenido este modelo en la sociedad peruana.<\/p>\n\n\n\n<p>Respecto a los ingresos desiguales de los peruanos. Seg\u00fan el Instituto Nacional de Estad\u00edstica e Inform\u00e1tica (INEI) del Per\u00fa, el coeficiente de Gini, que mide la desigualdad de ingresos en una escala de 0 a 1 (donde 0 representa la igualdad perfecta y 1 la desigualdad total), ha aumentado en los \u00faltimos a\u00f1os. En 2004, el coeficiente de Gini era de 0.49, y para 2020 hab\u00eda aumentado a 0.47, lo que indica un empeoramiento en la distribuci\u00f3n de la riqueza.<\/p>\n\n\n\n<p>Datos del Banco Mundial muestran que el 10% m\u00e1s rico de la poblaci\u00f3n en Per\u00fa concentra aproximadamente el 34.5% del ingreso total, mientras que el 10% m\u00e1s pobre solo recibe alrededor del 1.6% del ingreso total, lo que refleja una gran disparidad en la distribuci\u00f3n del ingreso.<\/p>\n\n\n\n<p>Mientras tanto, la pobreza y la exclusi\u00f3n social. A pesar del crecimiento macro econ\u00f3mico registrado en Per\u00fa en las \u00faltimas d\u00e9cadas, la pobreza sigue siendo un problema persistente. Seg\u00fan el INEI, en el a\u00f1o 2020, el 27.5% de la poblaci\u00f3n peruana viv\u00eda en situaci\u00f3n de pobreza monetaria y el 9.6% en situaci\u00f3n de pobreza extrema.<\/p>\n\n\n\n<p>Como sabemos, la pobreza afecta de manera desproporcionada a ciertos grupos de la poblaci\u00f3n, como las comunidades rurales, los pueblos ind\u00edgenas y las poblaciones afrodescendientes. Con el agravante que, seg\u00fan el INEI, la pobreza en \u00e1reas rurales es casi el doble que en \u00e1reas urbanas.<\/p>\n\n\n\n<p>Asimismo, el empleo informal sigue siendo un problema significativo en Per\u00fa. Seg\u00fan datos del INEI, en el trimestre octubre-diciembre de 2021, la tasa de empleo informal alcanz\u00f3 el 72.1% de la poblaci\u00f3n ocupada, lo que significa que la mayor\u00eda de los trabajadores peruanos carecen de acceso a beneficios laborales b\u00e1sicos, como seguridad social y protecci\u00f3n laboral. Se mantiene altos niveles de trabajo informal y precariedad laboral.<\/p>\n\n\n\n<p>La precarizaci\u00f3n laboral tambi\u00e9n es evidente en la alta tasa de empleo en el sector informal y la falta de protecci\u00f3n laboral para muchos trabajadores tanto del sector p\u00fablico como privado. Esto se refleja en la alta proporci\u00f3n de empleos sin contrato formal y la falta de acceso a beneficios sociales, especialmente, con salarios congelados por muchos a\u00f1os, mientras la recesi\u00f3n y la inflaci\u00f3n afectan los bolsillos de los empleados y los emprendedores informales que han salido a ganarse la vida en las calles de todo el pa\u00eds.<\/p>\n\n\n\n<p>Por otro lado, expansi\u00f3n de actividades extractivas transnacionales sin licencias sociales, en la miner\u00eda y en la explotaci\u00f3n petrolera, ha generado conflictos sociales y ambientales en diversas regiones del pa\u00eds. Seg\u00fan la Defensor\u00eda del Pueblo del Per\u00fa, entre 2006 y 2019 se registraron m\u00e1s de 200 conflictos sociales relacionados con la actividad minera, muchos de los cuales estaban relacionados con la contaminaci\u00f3n ambiental y la afectaci\u00f3n de comunidades locales.<\/p>\n\n\n\n<p>Finalmente, un tema no menos importante, la deforestaci\u00f3n y la degradaci\u00f3n ambiental tambi\u00e9n son preocupaciones importantes en Per\u00fa. Seg\u00fan la organizaci\u00f3n Global Forest Watch, Per\u00fa perdi\u00f3 aproximadamente 2.3 millones de hect\u00e1reas de bosque entre 2002 y 2019, principalmente debido a la expansi\u00f3n de la agroexportaci\u00f3n y la miner\u00eda.<\/p>\n\n\n\n<p>En resumen, el modelo econ\u00f3mico neoliberal del Per\u00fa ha sido criticado por su impacto en la desigualdad, la pobreza, la precarizaci\u00f3n laboral y el deterioro ambiental. Los datos estad\u00edsticos respaldan estas cr\u00edticas, mostrando c\u00f3mo la implementaci\u00f3n de pol\u00edticas neoliberales ha exacerbado los problemas socioecon\u00f3micos y ambientales en el pa\u00eds.<\/p>\n\n\n\n<p>Por lo tanto, los peruanos est\u00e1n encaminados en la b\u00fasqueda de un nuevo modelo econ\u00f3mico planeado y ejecutado por ellos, a fin de favoreces amplios sectores no beneficiados por el libre mercado en m\u00e1s de tres d\u00e9cadas de abuso monop\u00f3lico y oligop\u00f3lico transnacional, apabullando las iniciativas econ\u00f3micas y financiaras nacionales.<\/p>","protected":false},"excerpt":{"rendered":"<p>M\u00e1s que antes, actualmente los peruanos critican al modelo econ\u00f3mico neoliberal implementado en el Per\u00fa, a partir de la asunci\u00f3n del dictador Alberto Fujimori, a trav\u00e9s de un golpe de Estado ejecutado el 5 de abril de 1992, contando con el respaldo de la Fuerzas Armadas y un sector de la poblaci\u00f3n del pa\u00eds. A [&hellip;]<\/p>\n","protected":false},"author":12,"featured_media":1446,"comment_status":"open","ping_status":"open","sticky":false,"template":"","format":"standard","meta":{"footnotes":""},"categories":[639],"tags":[428,630,631],"class_list":["post-1445","post","type-post","status-publish","format-standard","has-post-thumbnail","hentry","category-editorial","tag-fujimori","tag-neoliberal","tag-pobreza"],"yoast_head":"<!-- This site is optimized with the Yoast SEO plugin v27.4 - https:\/\/yoast.com\/product\/yoast-seo-wordpress\/ -->\n<title>Impacto negativo del modelo econ\u00f3mico neoliberal en el Per\u00fa - Pulso27<\/title>\n<meta name=\"robots\" content=\"index, follow, max-snippet:-1, max-image-preview:large, max-video-preview:-1\" \/>\n<link rel=\"canonical\" href=\"https:\/\/pulso27.com\/en\/editorial\/impacto-negativo-del-modelo-economico-neoliberal-en-el-peru\/\" \/>\n<meta property=\"og:locale\" content=\"en_US\" \/>\n<meta property=\"og:type\" content=\"article\" \/>\n<meta property=\"og:title\" content=\"Impacto negativo del modelo econ\u00f3mico neoliberal en el Per\u00fa - Pulso27\" \/>\n<meta property=\"og:description\" content=\"M\u00e1s que antes, actualmente los peruanos critican al modelo econ\u00f3mico neoliberal implementado en el Per\u00fa, a partir de la asunci\u00f3n del dictador Alberto Fujimori, a trav\u00e9s de un golpe de Estado ejecutado el 5 de abril de 1992, contando con el respaldo de la Fuerzas Armadas y un sector de la poblaci\u00f3n del pa\u00eds. A [&hellip;]\" \/>\n<meta property=\"og:url\" content=\"https:\/\/pulso27.com\/en\/editorial\/impacto-negativo-del-modelo-economico-neoliberal-en-el-peru\/\" \/>\n<meta property=\"og:site_name\" content=\"Pulso27\" \/>\n<meta property=\"article:publisher\" content=\"https:\/\/www.facebook.com\/pulso27\/\" \/>\n<meta property=\"article:published_time\" content=\"2024-04-06T22:55:22+00:00\" \/>\n<meta property=\"article:modified_time\" content=\"2024-11-02T03:55:39+00:00\" \/>\n<meta property=\"og:image\" content=\"https:\/\/pulso27.com\/wp-content\/uploads\/2024\/04\/Edit3.jpg\" \/>\n\t<meta property=\"og:image:width\" content=\"1250\" \/>\n\t<meta property=\"og:image:height\" content=\"735\" \/>\n\t<meta property=\"og:image:type\" content=\"image\/jpeg\" \/>\n<meta name=\"author\" content=\"Director\" \/>\n<meta name=\"twitter:card\" content=\"summary_large_image\" \/>\n<meta name=\"twitter:creator\" content=\"@Pulso_27\" \/>\n<meta name=\"twitter:site\" content=\"@Pulso_27\" \/>\n<meta name=\"twitter:label1\" content=\"Written by\" \/>\n\t<meta name=\"twitter:data1\" content=\"Director\" \/>\n\t<meta name=\"twitter:label2\" content=\"Est. reading time\" \/>\n\t<meta name=\"twitter:data2\" content=\"4 minutes\" \/>\n<script type=\"application\/ld+json\" class=\"yoast-schema-graph\">{\"@context\":\"https:\\\/\\\/schema.org\",\"@graph\":[{\"@type\":\"Article\",\"@id\":\"https:\\\/\\\/pulso27.com\\\/editorial\\\/impacto-negativo-del-modelo-economico-neoliberal-en-el-peru\\\/#article\",\"isPartOf\":{\"@id\":\"https:\\\/\\\/pulso27.com\\\/editorial\\\/impacto-negativo-del-modelo-economico-neoliberal-en-el-peru\\\/\"},\"author\":{\"name\":\"Director\",\"@id\":\"https:\\\/\\\/pulso27.com\\\/en\\\/#\\\/schema\\\/person\\\/7940db817f21ad5f34726c57c8de58e1\"},\"headline\":\"Impacto negativo del modelo econ\u00f3mico neoliberal en el Per\u00fa\",\"datePublished\":\"2024-04-06T22:55:22+00:00\",\"dateModified\":\"2024-11-02T03:55:39+00:00\",\"mainEntityOfPage\":{\"@id\":\"https:\\\/\\\/pulso27.com\\\/editorial\\\/impacto-negativo-del-modelo-economico-neoliberal-en-el-peru\\\/\"},\"wordCount\":753,\"commentCount\":0,\"publisher\":{\"@id\":\"https:\\\/\\\/pulso27.com\\\/en\\\/#organization\"},\"image\":{\"@id\":\"https:\\\/\\\/pulso27.com\\\/editorial\\\/impacto-negativo-del-modelo-economico-neoliberal-en-el-peru\\\/#primaryimage\"},\"thumbnailUrl\":\"https:\\\/\\\/pulso27.com\\\/wp-content\\\/uploads\\\/2024\\\/04\\\/Edit3.jpg\",\"keywords\":[\"Fujimori\",\"Neoliberal\",\"Pobreza\"],\"articleSection\":[\"Editorial\"],\"inLanguage\":\"en-US\",\"potentialAction\":[{\"@type\":\"CommentAction\",\"name\":\"Comment\",\"target\":[\"https:\\\/\\\/pulso27.com\\\/editorial\\\/impacto-negativo-del-modelo-economico-neoliberal-en-el-peru\\\/#respond\"]}]},{\"@type\":\"WebPage\",\"@id\":\"https:\\\/\\\/pulso27.com\\\/editorial\\\/impacto-negativo-del-modelo-economico-neoliberal-en-el-peru\\\/\",\"url\":\"https:\\\/\\\/pulso27.com\\\/editorial\\\/impacto-negativo-del-modelo-economico-neoliberal-en-el-peru\\\/\",\"name\":\"Impacto negativo del modelo econ\u00f3mico neoliberal en el Per\u00fa - Pulso27\",\"isPartOf\":{\"@id\":\"https:\\\/\\\/pulso27.com\\\/en\\\/#website\"},\"primaryImageOfPage\":{\"@id\":\"https:\\\/\\\/pulso27.com\\\/editorial\\\/impacto-negativo-del-modelo-economico-neoliberal-en-el-peru\\\/#primaryimage\"},\"image\":{\"@id\":\"https:\\\/\\\/pulso27.com\\\/editorial\\\/impacto-negativo-del-modelo-economico-neoliberal-en-el-peru\\\/#primaryimage\"},\"thumbnailUrl\":\"https:\\\/\\\/pulso27.com\\\/wp-content\\\/uploads\\\/2024\\\/04\\\/Edit3.jpg\",\"datePublished\":\"2024-04-06T22:55:22+00:00\",\"dateModified\":\"2024-11-02T03:55:39+00:00\",\"breadcrumb\":{\"@id\":\"https:\\\/\\\/pulso27.com\\\/editorial\\\/impacto-negativo-del-modelo-economico-neoliberal-en-el-peru\\\/#breadcrumb\"},\"inLanguage\":\"en-US\",\"potentialAction\":[{\"@type\":\"ReadAction\",\"target\":[\"https:\\\/\\\/pulso27.com\\\/editorial\\\/impacto-negativo-del-modelo-economico-neoliberal-en-el-peru\\\/\"]}]},{\"@type\":\"ImageObject\",\"inLanguage\":\"en-US\",\"@id\":\"https:\\\/\\\/pulso27.com\\\/editorial\\\/impacto-negativo-del-modelo-economico-neoliberal-en-el-peru\\\/#primaryimage\",\"url\":\"https:\\\/\\\/pulso27.com\\\/wp-content\\\/uploads\\\/2024\\\/04\\\/Edit3.jpg\",\"contentUrl\":\"https:\\\/\\\/pulso27.com\\\/wp-content\\\/uploads\\\/2024\\\/04\\\/Edit3.jpg\",\"width\":1250,\"height\":735},{\"@type\":\"BreadcrumbList\",\"@id\":\"https:\\\/\\\/pulso27.com\\\/editorial\\\/impacto-negativo-del-modelo-economico-neoliberal-en-el-peru\\\/#breadcrumb\",\"itemListElement\":[{\"@type\":\"ListItem\",\"position\":1,\"name\":\"Portada\",\"item\":\"https:\\\/\\\/pulso27.com\\\/\"},{\"@type\":\"ListItem\",\"position\":2,\"name\":\"Impacto negativo del modelo econ\u00f3mico neoliberal en el Per\u00fa\"}]},{\"@type\":\"WebSite\",\"@id\":\"https:\\\/\\\/pulso27.com\\\/en\\\/#website\",\"url\":\"https:\\\/\\\/pulso27.com\\\/en\\\/\",\"name\":\"Pulso27\",\"description\":\"Web de noticias y publicidad\",\"publisher\":{\"@id\":\"https:\\\/\\\/pulso27.com\\\/en\\\/#organization\"},\"alternateName\":\"El pulso del pueblo\",\"potentialAction\":[{\"@type\":\"SearchAction\",\"target\":{\"@type\":\"EntryPoint\",\"urlTemplate\":\"https:\\\/\\\/pulso27.com\\\/en\\\/?s={search_term_string}\"},\"query-input\":{\"@type\":\"PropertyValueSpecification\",\"valueRequired\":true,\"valueName\":\"search_term_string\"}}],\"inLanguage\":\"en-US\"},{\"@type\":\"Organization\",\"@id\":\"https:\\\/\\\/pulso27.com\\\/en\\\/#organization\",\"name\":\"Pulso27\",\"url\":\"https:\\\/\\\/pulso27.com\\\/en\\\/\",\"logo\":{\"@type\":\"ImageObject\",\"inLanguage\":\"en-US\",\"@id\":\"https:\\\/\\\/pulso27.com\\\/en\\\/#\\\/schema\\\/logo\\\/image\\\/\",\"url\":\"https:\\\/\\\/pulso27.com\\\/wp-content\\\/uploads\\\/2026\\\/02\\\/Logotipo-de-la-organizacion-696-x-696-px-ok.png\",\"contentUrl\":\"https:\\\/\\\/pulso27.com\\\/wp-content\\\/uploads\\\/2026\\\/02\\\/Logotipo-de-la-organizacion-696-x-696-px-ok.png\",\"width\":696,\"height\":696,\"caption\":\"Pulso27\"},\"image\":{\"@id\":\"https:\\\/\\\/pulso27.com\\\/en\\\/#\\\/schema\\\/logo\\\/image\\\/\"},\"sameAs\":[\"https:\\\/\\\/www.facebook.com\\\/pulso27\\\/\",\"https:\\\/\\\/x.com\\\/Pulso_27\",\"https:\\\/\\\/www.youtube.com\\\/@Pulso27\",\"https:\\\/\\\/www.tiktok.com\\\/@pulso_27\"]},{\"@type\":\"Person\",\"@id\":\"https:\\\/\\\/pulso27.com\\\/en\\\/#\\\/schema\\\/person\\\/7940db817f21ad5f34726c57c8de58e1\",\"name\":\"Director\",\"image\":{\"@type\":\"ImageObject\",\"inLanguage\":\"en-US\",\"@id\":\"https:\\\/\\\/pulso27.com\\\/wp-content\\\/uploads\\\/2025\\\/03\\\/b-150x150.png\",\"url\":\"https:\\\/\\\/pulso27.com\\\/wp-content\\\/uploads\\\/2025\\\/03\\\/b-150x150.png\",\"contentUrl\":\"https:\\\/\\\/pulso27.com\\\/wp-content\\\/uploads\\\/2025\\\/03\\\/b-150x150.png\",\"caption\":\"Director\"},\"sameAs\":[\"http:\\\/\\\/www.pulso27.com\"],\"url\":\"https:\\\/\\\/pulso27.com\\\/en\\\/author\\\/director\\\/\"}]}<\/script>\n<!-- \/ Yoast SEO plugin. -->","yoast_head_json":{"title":"Impacto negativo del modelo econ\u00f3mico neoliberal en el Per\u00fa - Pulso27","robots":{"index":"index","follow":"follow","max-snippet":"max-snippet:-1","max-image-preview":"max-image-preview:large","max-video-preview":"max-video-preview:-1"},"canonical":"https:\/\/pulso27.com\/en\/editorial\/impacto-negativo-del-modelo-economico-neoliberal-en-el-peru\/","og_locale":"en_US","og_type":"article","og_title":"Impacto negativo del modelo econ\u00f3mico neoliberal en el Per\u00fa - Pulso27","og_description":"M\u00e1s que antes, actualmente los peruanos critican al modelo econ\u00f3mico neoliberal implementado en el Per\u00fa, a partir de la asunci\u00f3n del dictador Alberto Fujimori, a trav\u00e9s de un golpe de Estado ejecutado el 5 de abril de 1992, contando con el respaldo de la Fuerzas Armadas y un sector de la poblaci\u00f3n del pa\u00eds. A [&hellip;]","og_url":"https:\/\/pulso27.com\/en\/editorial\/impacto-negativo-del-modelo-economico-neoliberal-en-el-peru\/","og_site_name":"Pulso27","article_publisher":"https:\/\/www.facebook.com\/pulso27\/","article_published_time":"2024-04-06T22:55:22+00:00","article_modified_time":"2024-11-02T03:55:39+00:00","og_image":[{"width":1250,"height":735,"url":"https:\/\/pulso27.com\/wp-content\/uploads\/2024\/04\/Edit3.jpg","type":"image\/jpeg"}],"author":"Director","twitter_card":"summary_large_image","twitter_creator":"@Pulso_27","twitter_site":"@Pulso_27","twitter_misc":{"Written by":"Director","Est. reading time":"4 minutes"},"schema":{"@context":"https:\/\/schema.org","@graph":[{"@type":"Article","@id":"https:\/\/pulso27.com\/editorial\/impacto-negativo-del-modelo-economico-neoliberal-en-el-peru\/#article","isPartOf":{"@id":"https:\/\/pulso27.com\/editorial\/impacto-negativo-del-modelo-economico-neoliberal-en-el-peru\/"},"author":{"name":"Director","@id":"https:\/\/pulso27.com\/en\/#\/schema\/person\/7940db817f21ad5f34726c57c8de58e1"},"headline":"Impacto negativo del modelo econ\u00f3mico neoliberal en el Per\u00fa","datePublished":"2024-04-06T22:55:22+00:00","dateModified":"2024-11-02T03:55:39+00:00","mainEntityOfPage":{"@id":"https:\/\/pulso27.com\/editorial\/impacto-negativo-del-modelo-economico-neoliberal-en-el-peru\/"},"wordCount":753,"commentCount":0,"publisher":{"@id":"https:\/\/pulso27.com\/en\/#organization"},"image":{"@id":"https:\/\/pulso27.com\/editorial\/impacto-negativo-del-modelo-economico-neoliberal-en-el-peru\/#primaryimage"},"thumbnailUrl":"https:\/\/pulso27.com\/wp-content\/uploads\/2024\/04\/Edit3.jpg","keywords":["Fujimori","Neoliberal","Pobreza"],"articleSection":["Editorial"],"inLanguage":"en-US","potentialAction":[{"@type":"CommentAction","name":"Comment","target":["https:\/\/pulso27.com\/editorial\/impacto-negativo-del-modelo-economico-neoliberal-en-el-peru\/#respond"]}]},{"@type":"WebPage","@id":"https:\/\/pulso27.com\/editorial\/impacto-negativo-del-modelo-economico-neoliberal-en-el-peru\/","url":"https:\/\/pulso27.com\/editorial\/impacto-negativo-del-modelo-economico-neoliberal-en-el-peru\/","name":"Impacto negativo del modelo econ\u00f3mico neoliberal en el Per\u00fa - Pulso27","isPartOf":{"@id":"https:\/\/pulso27.com\/en\/#website"},"primaryImageOfPage":{"@id":"https:\/\/pulso27.com\/editorial\/impacto-negativo-del-modelo-economico-neoliberal-en-el-peru\/#primaryimage"},"image":{"@id":"https:\/\/pulso27.com\/editorial\/impacto-negativo-del-modelo-economico-neoliberal-en-el-peru\/#primaryimage"},"thumbnailUrl":"https:\/\/pulso27.com\/wp-content\/uploads\/2024\/04\/Edit3.jpg","datePublished":"2024-04-06T22:55:22+00:00","dateModified":"2024-11-02T03:55:39+00:00","breadcrumb":{"@id":"https:\/\/pulso27.com\/editorial\/impacto-negativo-del-modelo-economico-neoliberal-en-el-peru\/#breadcrumb"},"inLanguage":"en-US","potentialAction":[{"@type":"ReadAction","target":["https:\/\/pulso27.com\/editorial\/impacto-negativo-del-modelo-economico-neoliberal-en-el-peru\/"]}]},{"@type":"ImageObject","inLanguage":"en-US","@id":"https:\/\/pulso27.com\/editorial\/impacto-negativo-del-modelo-economico-neoliberal-en-el-peru\/#primaryimage","url":"https:\/\/pulso27.com\/wp-content\/uploads\/2024\/04\/Edit3.jpg","contentUrl":"https:\/\/pulso27.com\/wp-content\/uploads\/2024\/04\/Edit3.jpg","width":1250,"height":735},{"@type":"BreadcrumbList","@id":"https:\/\/pulso27.com\/editorial\/impacto-negativo-del-modelo-economico-neoliberal-en-el-peru\/#breadcrumb","itemListElement":[{"@type":"ListItem","position":1,"name":"Portada","item":"https:\/\/pulso27.com\/"},{"@type":"ListItem","position":2,"name":"Impacto negativo del modelo econ\u00f3mico neoliberal en el Per\u00fa"}]},{"@type":"WebSite","@id":"https:\/\/pulso27.com\/en\/#website","url":"https:\/\/pulso27.com\/en\/","name":"Pulso27","description":"Web de noticias y publicidad","publisher":{"@id":"https:\/\/pulso27.com\/en\/#organization"},"alternateName":"El pulso del pueblo","potentialAction":[{"@type":"SearchAction","target":{"@type":"EntryPoint","urlTemplate":"https:\/\/pulso27.com\/en\/?s={search_term_string}"},"query-input":{"@type":"PropertyValueSpecification","valueRequired":true,"valueName":"search_term_string"}}],"inLanguage":"en-US"},{"@type":"Organization","@id":"https:\/\/pulso27.com\/en\/#organization","name":"Pulso27","url":"https:\/\/pulso27.com\/en\/","logo":{"@type":"ImageObject","inLanguage":"en-US","@id":"https:\/\/pulso27.com\/en\/#\/schema\/logo\/image\/","url":"https:\/\/pulso27.com\/wp-content\/uploads\/2026\/02\/Logotipo-de-la-organizacion-696-x-696-px-ok.png","contentUrl":"https:\/\/pulso27.com\/wp-content\/uploads\/2026\/02\/Logotipo-de-la-organizacion-696-x-696-px-ok.png","width":696,"height":696,"caption":"Pulso27"},"image":{"@id":"https:\/\/pulso27.com\/en\/#\/schema\/logo\/image\/"},"sameAs":["https:\/\/www.facebook.com\/pulso27\/","https:\/\/x.com\/Pulso_27","https:\/\/www.youtube.com\/@Pulso27","https:\/\/www.tiktok.com\/@pulso_27"]},{"@type":"Person","@id":"https:\/\/pulso27.com\/en\/#\/schema\/person\/7940db817f21ad5f34726c57c8de58e1","name":"Director","image":{"@type":"ImageObject","inLanguage":"en-US","@id":"https:\/\/pulso27.com\/wp-content\/uploads\/2025\/03\/b-150x150.png","url":"https:\/\/pulso27.com\/wp-content\/uploads\/2025\/03\/b-150x150.png","contentUrl":"https:\/\/pulso27.com\/wp-content\/uploads\/2025\/03\/b-150x150.png","caption":"Director"},"sameAs":["http:\/\/www.pulso27.com"],"url":"https:\/\/pulso27.com\/en\/author\/director\/"}]}},"amp_enabled":true,"_links":{"self":[{"href":"https:\/\/pulso27.com\/en\/wp-json\/wp\/v2\/posts\/1445","targetHints":{"allow":["GET"]}}],"collection":[{"href":"https:\/\/pulso27.com\/en\/wp-json\/wp\/v2\/posts"}],"about":[{"href":"https:\/\/pulso27.com\/en\/wp-json\/wp\/v2\/types\/post"}],"author":[{"embeddable":true,"href":"https:\/\/pulso27.com\/en\/wp-json\/wp\/v2\/users\/12"}],"replies":[{"embeddable":true,"href":"https:\/\/pulso27.com\/en\/wp-json\/wp\/v2\/comments?post=1445"}],"version-history":[{"count":1,"href":"https:\/\/pulso27.com\/en\/wp-json\/wp\/v2\/posts\/1445\/revisions"}],"predecessor-version":[{"id":1447,"href":"https:\/\/pulso27.com\/en\/wp-json\/wp\/v2\/posts\/1445\/revisions\/1447"}],"wp:featuredmedia":[{"embeddable":true,"href":"https:\/\/pulso27.com\/en\/wp-json\/wp\/v2\/media\/1446"}],"wp:attachment":[{"href":"https:\/\/pulso27.com\/en\/wp-json\/wp\/v2\/media?parent=1445"}],"wp:term":[{"taxonomy":"category","embeddable":true,"href":"https:\/\/pulso27.com\/en\/wp-json\/wp\/v2\/categories?post=1445"},{"taxonomy":"post_tag","embeddable":true,"href":"https:\/\/pulso27.com\/en\/wp-json\/wp\/v2\/tags?post=1445"}],"curies":[{"name":"wp","href":"https:\/\/api.w.org\/{rel}","templated":true}]}}