{"id":1449,"date":"2024-04-07T05:31:49","date_gmt":"2024-04-07T00:31:49","guid":{"rendered":"https:\/\/pulso27.com\/?p=1449"},"modified":"2024-04-07T07:32:30","modified_gmt":"2024-04-07T02:32:30","slug":"el-impacto-del-uso-del-celular-en-adolescentes-del-peru","status":"publish","type":"post","link":"https:\/\/pulso27.com\/en\/tecnologia\/el-impacto-del-uso-del-celular-en-adolescentes-del-peru\/","title":{"rendered":"El impacto del uso del celular en adolescentes del Per\u00fa"},"content":{"rendered":"<p><\/p>\n\n\n\n<p>En la era digital, el tel\u00e9fono m\u00f3vil, celular, se ha convertido en una herramienta omnipresente en la vida cotidiana, especialmente entre los adolescentes. Sin embargo \u00bfC\u00f3mo afecta este constante uso del celular a la salud y el bienestar de los j\u00f3venes peruanos?<\/p>\n\n\n\n<p>Seg\u00fan estudios recientes, el aumento en el uso del celular entre adolescentes peruanos ha generado preocupaciones sobre su impacto en diversas \u00e1reas de sus vidas. Desde el \u00e1mbito acad\u00e9mico hasta el bienestar emocional, los expertos advierten sobre los posibles efectos negativos de un uso excesivo de los dispositivos m\u00f3viles.<\/p>\n\n\n\n<p>En primer lugar, el uso prolongado del celular puede tener repercusiones en el rendimiento acad\u00e9mico de los adolescentes. El acceso constante a las redes sociales, juegos y contenido en l\u00ednea puede distraer a los estudiantes de sus tareas escolares, afectando su concentraci\u00f3n y capacidad de estudio.<\/p>\n\n\n\n<p>Adem\u00e1s, el uso excesivo del celular tambi\u00e9n puede tener consecuencias para la salud mental de los adolescentes. La constante exposici\u00f3n a las redes sociales y la presi\u00f3n por mantenerse conectados pueden contribuir al estr\u00e9s, la ansiedad y la baja autoestima entre los j\u00f3venes.<\/p>\n\n\n\n<figure class=\"wp-block-image size-full\"><img loading=\"lazy\" decoding=\"async\" width=\"948\" height=\"465\" src=\"https:\/\/pulso27.com\/wp-content\/uploads\/2024\/04\/Celular.jpeg\" alt=\"\" class=\"wp-image-1451\" srcset=\"https:\/\/pulso27.com\/wp-content\/uploads\/2024\/04\/Celular.jpeg 948w, https:\/\/pulso27.com\/wp-content\/uploads\/2024\/04\/Celular-300x147.jpeg 300w, https:\/\/pulso27.com\/wp-content\/uploads\/2024\/04\/Celular-768x377.jpeg 768w, https:\/\/pulso27.com\/wp-content\/uploads\/2024\/04\/Celular-18x9.jpeg 18w\" sizes=\"auto, (max-width: 948px) 100vw, 948px\" \/><\/figure>\n\n\n\n<p>Por otro lado, el uso del celular tambi\u00e9n plantea preocupaciones sobre la seguridad y el comportamiento de los adolescentes. La exposici\u00f3n a contenido inapropiado en l\u00ednea, el acoso cibern\u00e9tico y el riesgo de adicci\u00f3n son temas de preocupaci\u00f3n para padres y educadores.<\/p>\n\n\n\n<p>Frente a estos desaf\u00edos, se requiere una mayor conciencia sobre el uso responsable del celular entre los adolescentes peruanos. Los padres, educadores y la sociedad en general deben trabajar juntos para promover h\u00e1bitos saludables de uso del celular y brindar apoyo a los j\u00f3venes para enfrentar los desaf\u00edos asociados con la era digital.<\/p>\n\n\n\n<p>En conclusi\u00f3n, si bien el celular puede ser una herramienta \u00fatil y poderosa, su uso excesivo entre los adolescentes del Per\u00fa plantea preocupaciones sobre su impacto en el rendimiento acad\u00e9mico, la salud mental y la seguridad.<\/p>\n\n\n\n<p>Es fundamental abordar estos desaf\u00edos y promover un uso responsable del celular para garantizar el bienestar y el desarrollo saludable de la juventud peruana.<\/p>","protected":false},"excerpt":{"rendered":"<p>En la era digital, el tel\u00e9fono m\u00f3vil, celular, se ha convertido en una herramienta omnipresente en la vida cotidiana, especialmente entre los adolescentes. Sin embargo \u00bfC\u00f3mo afecta este constante uso del celular a la salud y el bienestar de los j\u00f3venes peruanos? Seg\u00fan estudios recientes, el aumento en el uso del celular entre adolescentes peruanos [&hellip;]<\/p>\n","protected":false},"author":8,"featured_media":1450,"comment_status":"open","ping_status":"open","sticky":false,"template":"","format":"standard","meta":{"footnotes":""},"categories":[181],"tags":[633,632],"class_list":["post-1449","post","type-post","status-publish","format-standard","has-post-thumbnail","hentry","category-tecnologia","tag-celular","tag-tecnologia-2"],"yoast_head":"<!-- This site is optimized with the Yoast SEO plugin v27.4 - https:\/\/yoast.com\/product\/yoast-seo-wordpress\/ -->\n<title>El impacto del uso del celular en adolescentes del Per\u00fa - Pulso27<\/title>\n<meta name=\"robots\" content=\"index, follow, max-snippet:-1, max-image-preview:large, max-video-preview:-1\" \/>\n<link rel=\"canonical\" href=\"https:\/\/pulso27.com\/en\/tecnologia\/el-impacto-del-uso-del-celular-en-adolescentes-del-peru\/\" \/>\n<meta property=\"og:locale\" content=\"en_US\" \/>\n<meta property=\"og:type\" content=\"article\" \/>\n<meta property=\"og:title\" content=\"El impacto del uso del celular en adolescentes del Per\u00fa - Pulso27\" \/>\n<meta property=\"og:description\" content=\"En la era digital, el tel\u00e9fono m\u00f3vil, celular, se ha convertido en una herramienta omnipresente en la vida cotidiana, especialmente entre los adolescentes. Sin embargo \u00bfC\u00f3mo afecta este constante uso del celular a la salud y el bienestar de los j\u00f3venes peruanos? Seg\u00fan estudios recientes, el aumento en el uso del celular entre adolescentes peruanos [&hellip;]\" \/>\n<meta property=\"og:url\" content=\"https:\/\/pulso27.com\/en\/tecnologia\/el-impacto-del-uso-del-celular-en-adolescentes-del-peru\/\" \/>\n<meta property=\"og:site_name\" content=\"Pulso27\" \/>\n<meta property=\"article:publisher\" content=\"https:\/\/www.facebook.com\/pulso27\/\" \/>\n<meta property=\"article:published_time\" content=\"2024-04-07T00:31:49+00:00\" \/>\n<meta property=\"article:modified_time\" content=\"2024-04-07T02:32:30+00:00\" \/>\n<meta property=\"og:image\" content=\"https:\/\/pulso27.com\/wp-content\/uploads\/2024\/04\/celulae.jpg\" \/>\n\t<meta property=\"og:image:width\" content=\"2121\" \/>\n\t<meta property=\"og:image:height\" content=\"1414\" \/>\n\t<meta property=\"og:image:type\" content=\"image\/jpeg\" \/>\n<meta name=\"author\" content=\"Maga\" \/>\n<meta name=\"twitter:card\" content=\"summary_large_image\" \/>\n<meta name=\"twitter:creator\" content=\"@Pulso_27\" \/>\n<meta name=\"twitter:site\" content=\"@Pulso_27\" \/>\n<meta name=\"twitter:label1\" content=\"Written by\" \/>\n\t<meta name=\"twitter:data1\" content=\"Maga\" \/>\n\t<meta name=\"twitter:label2\" content=\"Est. reading time\" \/>\n\t<meta name=\"twitter:data2\" content=\"2 minutes\" \/>\n<script type=\"application\/ld+json\" class=\"yoast-schema-graph\">{\"@context\":\"https:\\\/\\\/schema.org\",\"@graph\":[{\"@type\":\"Article\",\"@id\":\"https:\\\/\\\/pulso27.com\\\/tecnologia\\\/el-impacto-del-uso-del-celular-en-adolescentes-del-peru\\\/#article\",\"isPartOf\":{\"@id\":\"https:\\\/\\\/pulso27.com\\\/tecnologia\\\/el-impacto-del-uso-del-celular-en-adolescentes-del-peru\\\/\"},\"author\":{\"name\":\"Maga\",\"@id\":\"https:\\\/\\\/pulso27.com\\\/en\\\/#\\\/schema\\\/person\\\/92f5059eb04cb644a32d22c9bc998684\"},\"headline\":\"El impacto del uso del celular en adolescentes del Per\u00fa\",\"datePublished\":\"2024-04-07T00:31:49+00:00\",\"dateModified\":\"2024-04-07T02:32:30+00:00\",\"mainEntityOfPage\":{\"@id\":\"https:\\\/\\\/pulso27.com\\\/tecnologia\\\/el-impacto-del-uso-del-celular-en-adolescentes-del-peru\\\/\"},\"wordCount\":374,\"commentCount\":0,\"publisher\":{\"@id\":\"https:\\\/\\\/pulso27.com\\\/en\\\/#organization\"},\"image\":{\"@id\":\"https:\\\/\\\/pulso27.com\\\/tecnologia\\\/el-impacto-del-uso-del-celular-en-adolescentes-del-peru\\\/#primaryimage\"},\"thumbnailUrl\":\"https:\\\/\\\/pulso27.com\\\/wp-content\\\/uploads\\\/2024\\\/04\\\/celulae.jpg\",\"keywords\":[\"Celular\",\"Tecnolog\u00eda\"],\"articleSection\":[\"Tecnolog\u00eda\"],\"inLanguage\":\"en-US\",\"potentialAction\":[{\"@type\":\"CommentAction\",\"name\":\"Comment\",\"target\":[\"https:\\\/\\\/pulso27.com\\\/tecnologia\\\/el-impacto-del-uso-del-celular-en-adolescentes-del-peru\\\/#respond\"]}]},{\"@type\":\"WebPage\",\"@id\":\"https:\\\/\\\/pulso27.com\\\/tecnologia\\\/el-impacto-del-uso-del-celular-en-adolescentes-del-peru\\\/\",\"url\":\"https:\\\/\\\/pulso27.com\\\/tecnologia\\\/el-impacto-del-uso-del-celular-en-adolescentes-del-peru\\\/\",\"name\":\"El impacto del uso del celular en adolescentes del Per\u00fa - Pulso27\",\"isPartOf\":{\"@id\":\"https:\\\/\\\/pulso27.com\\\/en\\\/#website\"},\"primaryImageOfPage\":{\"@id\":\"https:\\\/\\\/pulso27.com\\\/tecnologia\\\/el-impacto-del-uso-del-celular-en-adolescentes-del-peru\\\/#primaryimage\"},\"image\":{\"@id\":\"https:\\\/\\\/pulso27.com\\\/tecnologia\\\/el-impacto-del-uso-del-celular-en-adolescentes-del-peru\\\/#primaryimage\"},\"thumbnailUrl\":\"https:\\\/\\\/pulso27.com\\\/wp-content\\\/uploads\\\/2024\\\/04\\\/celulae.jpg\",\"datePublished\":\"2024-04-07T00:31:49+00:00\",\"dateModified\":\"2024-04-07T02:32:30+00:00\",\"breadcrumb\":{\"@id\":\"https:\\\/\\\/pulso27.com\\\/tecnologia\\\/el-impacto-del-uso-del-celular-en-adolescentes-del-peru\\\/#breadcrumb\"},\"inLanguage\":\"en-US\",\"potentialAction\":[{\"@type\":\"ReadAction\",\"target\":[\"https:\\\/\\\/pulso27.com\\\/tecnologia\\\/el-impacto-del-uso-del-celular-en-adolescentes-del-peru\\\/\"]}]},{\"@type\":\"ImageObject\",\"inLanguage\":\"en-US\",\"@id\":\"https:\\\/\\\/pulso27.com\\\/tecnologia\\\/el-impacto-del-uso-del-celular-en-adolescentes-del-peru\\\/#primaryimage\",\"url\":\"https:\\\/\\\/pulso27.com\\\/wp-content\\\/uploads\\\/2024\\\/04\\\/celulae.jpg\",\"contentUrl\":\"https:\\\/\\\/pulso27.com\\\/wp-content\\\/uploads\\\/2024\\\/04\\\/celulae.jpg\",\"width\":2121,\"height\":1414},{\"@type\":\"BreadcrumbList\",\"@id\":\"https:\\\/\\\/pulso27.com\\\/tecnologia\\\/el-impacto-del-uso-del-celular-en-adolescentes-del-peru\\\/#breadcrumb\",\"itemListElement\":[{\"@type\":\"ListItem\",\"position\":1,\"name\":\"Portada\",\"item\":\"https:\\\/\\\/pulso27.com\\\/\"},{\"@type\":\"ListItem\",\"position\":2,\"name\":\"El impacto del uso del celular en adolescentes del Per\u00fa\"}]},{\"@type\":\"WebSite\",\"@id\":\"https:\\\/\\\/pulso27.com\\\/en\\\/#website\",\"url\":\"https:\\\/\\\/pulso27.com\\\/en\\\/\",\"name\":\"Pulso27\",\"description\":\"Web de noticias y publicidad\",\"publisher\":{\"@id\":\"https:\\\/\\\/pulso27.com\\\/en\\\/#organization\"},\"alternateName\":\"El pulso del pueblo\",\"potentialAction\":[{\"@type\":\"SearchAction\",\"target\":{\"@type\":\"EntryPoint\",\"urlTemplate\":\"https:\\\/\\\/pulso27.com\\\/en\\\/?s={search_term_string}\"},\"query-input\":{\"@type\":\"PropertyValueSpecification\",\"valueRequired\":true,\"valueName\":\"search_term_string\"}}],\"inLanguage\":\"en-US\"},{\"@type\":\"Organization\",\"@id\":\"https:\\\/\\\/pulso27.com\\\/en\\\/#organization\",\"name\":\"Pulso27\",\"url\":\"https:\\\/\\\/pulso27.com\\\/en\\\/\",\"logo\":{\"@type\":\"ImageObject\",\"inLanguage\":\"en-US\",\"@id\":\"https:\\\/\\\/pulso27.com\\\/en\\\/#\\\/schema\\\/logo\\\/image\\\/\",\"url\":\"https:\\\/\\\/pulso27.com\\\/wp-content\\\/uploads\\\/2026\\\/02\\\/Logotipo-de-la-organizacion-696-x-696-px-ok.png\",\"contentUrl\":\"https:\\\/\\\/pulso27.com\\\/wp-content\\\/uploads\\\/2026\\\/02\\\/Logotipo-de-la-organizacion-696-x-696-px-ok.png\",\"width\":696,\"height\":696,\"caption\":\"Pulso27\"},\"image\":{\"@id\":\"https:\\\/\\\/pulso27.com\\\/en\\\/#\\\/schema\\\/logo\\\/image\\\/\"},\"sameAs\":[\"https:\\\/\\\/www.facebook.com\\\/pulso27\\\/\",\"https:\\\/\\\/x.com\\\/Pulso_27\",\"https:\\\/\\\/www.youtube.com\\\/@Pulso27\",\"https:\\\/\\\/www.tiktok.com\\\/@pulso_27\"]},{\"@type\":\"Person\",\"@id\":\"https:\\\/\\\/pulso27.com\\\/en\\\/#\\\/schema\\\/person\\\/92f5059eb04cb644a32d22c9bc998684\",\"name\":\"Maga\",\"image\":{\"@type\":\"ImageObject\",\"inLanguage\":\"en-US\",\"@id\":\"https:\\\/\\\/secure.gravatar.com\\\/avatar\\\/c4d5224d4227e7c057cd5793ba910425cc902f3aef97cda3eccc7acba8be2edc?s=96&d=mm&r=g\",\"url\":\"https:\\\/\\\/secure.gravatar.com\\\/avatar\\\/c4d5224d4227e7c057cd5793ba910425cc902f3aef97cda3eccc7acba8be2edc?s=96&d=mm&r=g\",\"contentUrl\":\"https:\\\/\\\/secure.gravatar.com\\\/avatar\\\/c4d5224d4227e7c057cd5793ba910425cc902f3aef97cda3eccc7acba8be2edc?s=96&d=mm&r=g\",\"caption\":\"Maga\"},\"sameAs\":[\"http:\\\/\\\/www.pulso27.com\"],\"url\":\"https:\\\/\\\/pulso27.com\\\/en\\\/author\\\/maga\\\/\"}]}<\/script>\n<!-- \/ Yoast SEO plugin. -->","yoast_head_json":{"title":"El impacto del uso del celular en adolescentes del Per\u00fa - Pulso27","robots":{"index":"index","follow":"follow","max-snippet":"max-snippet:-1","max-image-preview":"max-image-preview:large","max-video-preview":"max-video-preview:-1"},"canonical":"https:\/\/pulso27.com\/en\/tecnologia\/el-impacto-del-uso-del-celular-en-adolescentes-del-peru\/","og_locale":"en_US","og_type":"article","og_title":"El impacto del uso del celular en adolescentes del Per\u00fa - Pulso27","og_description":"En la era digital, el tel\u00e9fono m\u00f3vil, celular, se ha convertido en una herramienta omnipresente en la vida cotidiana, especialmente entre los adolescentes. Sin embargo \u00bfC\u00f3mo afecta este constante uso del celular a la salud y el bienestar de los j\u00f3venes peruanos? Seg\u00fan estudios recientes, el aumento en el uso del celular entre adolescentes peruanos [&hellip;]","og_url":"https:\/\/pulso27.com\/en\/tecnologia\/el-impacto-del-uso-del-celular-en-adolescentes-del-peru\/","og_site_name":"Pulso27","article_publisher":"https:\/\/www.facebook.com\/pulso27\/","article_published_time":"2024-04-07T00:31:49+00:00","article_modified_time":"2024-04-07T02:32:30+00:00","og_image":[{"width":2121,"height":1414,"url":"https:\/\/pulso27.com\/wp-content\/uploads\/2024\/04\/celulae.jpg","type":"image\/jpeg"}],"author":"Maga","twitter_card":"summary_large_image","twitter_creator":"@Pulso_27","twitter_site":"@Pulso_27","twitter_misc":{"Written by":"Maga","Est. reading time":"2 minutes"},"schema":{"@context":"https:\/\/schema.org","@graph":[{"@type":"Article","@id":"https:\/\/pulso27.com\/tecnologia\/el-impacto-del-uso-del-celular-en-adolescentes-del-peru\/#article","isPartOf":{"@id":"https:\/\/pulso27.com\/tecnologia\/el-impacto-del-uso-del-celular-en-adolescentes-del-peru\/"},"author":{"name":"Maga","@id":"https:\/\/pulso27.com\/en\/#\/schema\/person\/92f5059eb04cb644a32d22c9bc998684"},"headline":"El impacto del uso del celular en adolescentes del Per\u00fa","datePublished":"2024-04-07T00:31:49+00:00","dateModified":"2024-04-07T02:32:30+00:00","mainEntityOfPage":{"@id":"https:\/\/pulso27.com\/tecnologia\/el-impacto-del-uso-del-celular-en-adolescentes-del-peru\/"},"wordCount":374,"commentCount":0,"publisher":{"@id":"https:\/\/pulso27.com\/en\/#organization"},"image":{"@id":"https:\/\/pulso27.com\/tecnologia\/el-impacto-del-uso-del-celular-en-adolescentes-del-peru\/#primaryimage"},"thumbnailUrl":"https:\/\/pulso27.com\/wp-content\/uploads\/2024\/04\/celulae.jpg","keywords":["Celular","Tecnolog\u00eda"],"articleSection":["Tecnolog\u00eda"],"inLanguage":"en-US","potentialAction":[{"@type":"CommentAction","name":"Comment","target":["https:\/\/pulso27.com\/tecnologia\/el-impacto-del-uso-del-celular-en-adolescentes-del-peru\/#respond"]}]},{"@type":"WebPage","@id":"https:\/\/pulso27.com\/tecnologia\/el-impacto-del-uso-del-celular-en-adolescentes-del-peru\/","url":"https:\/\/pulso27.com\/tecnologia\/el-impacto-del-uso-del-celular-en-adolescentes-del-peru\/","name":"El impacto del uso del celular en adolescentes del Per\u00fa - Pulso27","isPartOf":{"@id":"https:\/\/pulso27.com\/en\/#website"},"primaryImageOfPage":{"@id":"https:\/\/pulso27.com\/tecnologia\/el-impacto-del-uso-del-celular-en-adolescentes-del-peru\/#primaryimage"},"image":{"@id":"https:\/\/pulso27.com\/tecnologia\/el-impacto-del-uso-del-celular-en-adolescentes-del-peru\/#primaryimage"},"thumbnailUrl":"https:\/\/pulso27.com\/wp-content\/uploads\/2024\/04\/celulae.jpg","datePublished":"2024-04-07T00:31:49+00:00","dateModified":"2024-04-07T02:32:30+00:00","breadcrumb":{"@id":"https:\/\/pulso27.com\/tecnologia\/el-impacto-del-uso-del-celular-en-adolescentes-del-peru\/#breadcrumb"},"inLanguage":"en-US","potentialAction":[{"@type":"ReadAction","target":["https:\/\/pulso27.com\/tecnologia\/el-impacto-del-uso-del-celular-en-adolescentes-del-peru\/"]}]},{"@type":"ImageObject","inLanguage":"en-US","@id":"https:\/\/pulso27.com\/tecnologia\/el-impacto-del-uso-del-celular-en-adolescentes-del-peru\/#primaryimage","url":"https:\/\/pulso27.com\/wp-content\/uploads\/2024\/04\/celulae.jpg","contentUrl":"https:\/\/pulso27.com\/wp-content\/uploads\/2024\/04\/celulae.jpg","width":2121,"height":1414},{"@type":"BreadcrumbList","@id":"https:\/\/pulso27.com\/tecnologia\/el-impacto-del-uso-del-celular-en-adolescentes-del-peru\/#breadcrumb","itemListElement":[{"@type":"ListItem","position":1,"name":"Portada","item":"https:\/\/pulso27.com\/"},{"@type":"ListItem","position":2,"name":"El impacto del uso del celular en adolescentes del Per\u00fa"}]},{"@type":"WebSite","@id":"https:\/\/pulso27.com\/en\/#website","url":"https:\/\/pulso27.com\/en\/","name":"Pulso27","description":"Web de noticias y publicidad","publisher":{"@id":"https:\/\/pulso27.com\/en\/#organization"},"alternateName":"El pulso del pueblo","potentialAction":[{"@type":"SearchAction","target":{"@type":"EntryPoint","urlTemplate":"https:\/\/pulso27.com\/en\/?s={search_term_string}"},"query-input":{"@type":"PropertyValueSpecification","valueRequired":true,"valueName":"search_term_string"}}],"inLanguage":"en-US"},{"@type":"Organization","@id":"https:\/\/pulso27.com\/en\/#organization","name":"Pulso27","url":"https:\/\/pulso27.com\/en\/","logo":{"@type":"ImageObject","inLanguage":"en-US","@id":"https:\/\/pulso27.com\/en\/#\/schema\/logo\/image\/","url":"https:\/\/pulso27.com\/wp-content\/uploads\/2026\/02\/Logotipo-de-la-organizacion-696-x-696-px-ok.png","contentUrl":"https:\/\/pulso27.com\/wp-content\/uploads\/2026\/02\/Logotipo-de-la-organizacion-696-x-696-px-ok.png","width":696,"height":696,"caption":"Pulso27"},"image":{"@id":"https:\/\/pulso27.com\/en\/#\/schema\/logo\/image\/"},"sameAs":["https:\/\/www.facebook.com\/pulso27\/","https:\/\/x.com\/Pulso_27","https:\/\/www.youtube.com\/@Pulso27","https:\/\/www.tiktok.com\/@pulso_27"]},{"@type":"Person","@id":"https:\/\/pulso27.com\/en\/#\/schema\/person\/92f5059eb04cb644a32d22c9bc998684","name":"Maga","image":{"@type":"ImageObject","inLanguage":"en-US","@id":"https:\/\/secure.gravatar.com\/avatar\/c4d5224d4227e7c057cd5793ba910425cc902f3aef97cda3eccc7acba8be2edc?s=96&d=mm&r=g","url":"https:\/\/secure.gravatar.com\/avatar\/c4d5224d4227e7c057cd5793ba910425cc902f3aef97cda3eccc7acba8be2edc?s=96&d=mm&r=g","contentUrl":"https:\/\/secure.gravatar.com\/avatar\/c4d5224d4227e7c057cd5793ba910425cc902f3aef97cda3eccc7acba8be2edc?s=96&d=mm&r=g","caption":"Maga"},"sameAs":["http:\/\/www.pulso27.com"],"url":"https:\/\/pulso27.com\/en\/author\/maga\/"}]}},"amp_enabled":true,"_links":{"self":[{"href":"https:\/\/pulso27.com\/en\/wp-json\/wp\/v2\/posts\/1449","targetHints":{"allow":["GET"]}}],"collection":[{"href":"https:\/\/pulso27.com\/en\/wp-json\/wp\/v2\/posts"}],"about":[{"href":"https:\/\/pulso27.com\/en\/wp-json\/wp\/v2\/types\/post"}],"author":[{"embeddable":true,"href":"https:\/\/pulso27.com\/en\/wp-json\/wp\/v2\/users\/8"}],"replies":[{"embeddable":true,"href":"https:\/\/pulso27.com\/en\/wp-json\/wp\/v2\/comments?post=1449"}],"version-history":[{"count":1,"href":"https:\/\/pulso27.com\/en\/wp-json\/wp\/v2\/posts\/1449\/revisions"}],"predecessor-version":[{"id":1452,"href":"https:\/\/pulso27.com\/en\/wp-json\/wp\/v2\/posts\/1449\/revisions\/1452"}],"wp:featuredmedia":[{"embeddable":true,"href":"https:\/\/pulso27.com\/en\/wp-json\/wp\/v2\/media\/1450"}],"wp:attachment":[{"href":"https:\/\/pulso27.com\/en\/wp-json\/wp\/v2\/media?parent=1449"}],"wp:term":[{"taxonomy":"category","embeddable":true,"href":"https:\/\/pulso27.com\/en\/wp-json\/wp\/v2\/categories?post=1449"},{"taxonomy":"post_tag","embeddable":true,"href":"https:\/\/pulso27.com\/en\/wp-json\/wp\/v2\/tags?post=1449"}],"curies":[{"name":"wp","href":"https:\/\/api.w.org\/{rel}","templated":true}]}}