{"id":1519,"date":"2024-04-18T21:46:26","date_gmt":"2024-04-18T16:46:26","guid":{"rendered":"https:\/\/pulso27.com\/?p=1519"},"modified":"2024-04-18T21:47:41","modified_gmt":"2024-04-18T16:47:41","slug":"familiares-de-victimas-del-regimen-de-dina-boluarte-anuncian-protesta-nacional-para-el-1-de-mayo-de-2024","status":"publish","type":"post","link":"https:\/\/pulso27.com\/en\/actualidad\/sociedad\/familiares-de-victimas-del-regimen-de-dina-boluarte-anuncian-protesta-nacional-para-el-1-de-mayo-de-2024\/","title":{"rendered":"Familiares de V\u00edctimas del R\u00e9gimen de Dina Boluarte Anuncian Protesta Nacional"},"content":{"rendered":"<p>Los familiares y allegados de las v\u00edctimas de las protestas que siguieron a la destituci\u00f3n del ex presidente Pedro Castillo y la asunci\u00f3n de Dina Boluarte en 2022 han convocado una nueva movilizaci\u00f3n para el 1 de mayo en Lima. A trav\u00e9s de un video que circula en redes sociales, la agrupaci\u00f3n social ha expresado sus demandas, que incluyen la renuncia de Dina Boluarte, la clausura del Congreso, la garant\u00eda de derechos laborales y salarios justos, as\u00ed como la exigencia de sanciones para los altos mandos de las Fuerzas Armadas y el Ejecutivo.<\/p>\n\n\n\n<p>\u00abLa Organizaci\u00f3n Nacional de Familiares de los Asesinados y V\u00edctimas de la Masacre 2022-2023 convoca a una movilizaci\u00f3n en la capital para el 1 de mayo. Nuestra plataforma de lucha es el respeto a los derechos humanos, a la vida, al derecho a la protesta, la reuni\u00f3n pac\u00edfica y libertad de expresi\u00f3n\u00bb, declar\u00f3 un representante de la agrupaci\u00f3n.<\/p>\n\n\n\n<p>Adem\u00e1s, el vocero destac\u00f3 que las protestas, programadas para coincidir con el D\u00eda del Trabajador, tienen como objetivo central la reivindicaci\u00f3n de derechos laborales con salarios justos que permitan una vida digna para todos los peruanos.<\/p>\n\n\n\n<p>El pasado 8 de marzo, en conmemoraci\u00f3n del D\u00eda Internacional de la Mujer, los miembros de la asociaci\u00f3n de v\u00edctimas y heridos por acciones de las Fuerzas Armadas en las protestas contra Dina Boluarte en Puno realizaron una conferencia de prensa titulada \u00abNinguna mujer con Dina Boluarte\u00bb. Durante este evento, los participantes exigieron justicia por las muertes ocurridas durante las manifestaciones. \u00abLa se\u00f1ora Dina no es una mujer, es una roca, porque no tiene sentimientos y orden\u00f3 la muerte de muchas v\u00edctimas\u00bb, afirm\u00f3 un dirigente de esta asociaci\u00f3n.<\/p>\n\n\n\n<p>Hace un mes, las organizaciones de familiares de las v\u00edctimas de las protestas contra el gobierno de Dina Boluarte en 2022 y 2023 lograron unirse en una organizaci\u00f3n nacional. El pr\u00f3ximo 1 de mayo protagonizar\u00e1n su primera movilizaci\u00f3n nacional en Lima, demandando justicia y castigo para los responsables de las muertes y heridos.<\/p>\n\n\n\n<figure class=\"wp-block-image size-large\"><img loading=\"lazy\" decoding=\"async\" width=\"1024\" height=\"683\" src=\"https:\/\/pulso27.com\/wp-content\/uploads\/2024\/04\/kdkdk-1024x683.jpg\" alt=\"\" class=\"wp-image-1524\" srcset=\"https:\/\/pulso27.com\/wp-content\/uploads\/2024\/04\/kdkdk-1024x683.jpg 1024w, https:\/\/pulso27.com\/wp-content\/uploads\/2024\/04\/kdkdk-300x200.jpg 300w, https:\/\/pulso27.com\/wp-content\/uploads\/2024\/04\/kdkdk-768x512.jpg 768w, https:\/\/pulso27.com\/wp-content\/uploads\/2024\/04\/kdkdk-18x12.jpg 18w, https:\/\/pulso27.com\/wp-content\/uploads\/2024\/04\/kdkdk.jpg 1200w\" sizes=\"auto, (max-width: 1024px) 100vw, 1024px\" \/><\/figure>\n\n\n\n<p>El secretario de esta organizaci\u00f3n, \u00d3scar Gonz\u00e1les, padre del adolescente Jhonatan Tello Claudio, asesinado en diciembre de 2022 en el puente Pichanaqui, explic\u00f3 que su principal demanda es que las investigaciones del Ministerio P\u00fablico avancen con mayor celeridad.<\/p>\n\n\n\n<p>Gonz\u00e1les se quej\u00f3 de que, por ejemplo, en el caso de Pichanaqui, las indagaciones no hayan logrado identificar a los responsables de los disparos contra su hijo ni de las otras v\u00edctimas, una situaci\u00f3n que se repite en todas las ciudades donde se produjeron las muertes por la represi\u00f3n policial o de las fuerzas armadas: Ayacucho, Puno, Juliaca, Pichanaqui, Arequipa y Cusco.<\/p>\n\n\n\n<p>Fuente: Webs y redes de noticias<\/p>","protected":false},"excerpt":{"rendered":"<p>Los familiares y allegados de las v\u00edctimas de las protestas que siguieron a la destituci\u00f3n del ex presidente Pedro Castillo y la asunci\u00f3n de Dina Boluarte en 2022 han convocado una nueva movilizaci\u00f3n para el 1 de mayo en Lima. A trav\u00e9s de un video que circula en redes sociales, la agrupaci\u00f3n social ha expresado [&hellip;]<\/p>\n","protected":false},"author":7,"featured_media":1523,"comment_status":"open","ping_status":"open","sticky":false,"template":"","format":"standard","meta":{"footnotes":""},"categories":[202],"tags":[655,644,308,656],"class_list":["post-1519","post","type-post","status-publish","format-standard","has-post-thumbnail","hentry","category-sociedad","tag-asesinados","tag-ffaa","tag-protestas","tag-victimas"],"yoast_head":"<!-- This site is optimized with the Yoast SEO plugin v27.4 - https:\/\/yoast.com\/product\/yoast-seo-wordpress\/ -->\n<title>Familiares de V\u00edctimas del R\u00e9gimen de Dina Boluarte Anuncian Protesta Nacional - Pulso27<\/title>\n<meta name=\"robots\" content=\"index, follow, max-snippet:-1, max-image-preview:large, max-video-preview:-1\" \/>\n<link rel=\"canonical\" href=\"https:\/\/pulso27.com\/en\/sociedad\/familiares-de-victimas-del-regimen-de-dina-boluarte-anuncian-protesta-nacional-para-el-1-de-mayo-de-2024\/\" \/>\n<meta property=\"og:locale\" content=\"en_US\" \/>\n<meta property=\"og:type\" content=\"article\" \/>\n<meta property=\"og:title\" content=\"Familiares de V\u00edctimas del R\u00e9gimen de Dina Boluarte Anuncian Protesta Nacional - Pulso27\" \/>\n<meta property=\"og:description\" content=\"Los familiares y allegados de las v\u00edctimas de las protestas que siguieron a la destituci\u00f3n del ex presidente Pedro Castillo y la asunci\u00f3n de Dina Boluarte en 2022 han convocado una nueva movilizaci\u00f3n para el 1 de mayo en Lima. A trav\u00e9s de un video que circula en redes sociales, la agrupaci\u00f3n social ha expresado [&hellip;]\" \/>\n<meta property=\"og:url\" content=\"https:\/\/pulso27.com\/en\/sociedad\/familiares-de-victimas-del-regimen-de-dina-boluarte-anuncian-protesta-nacional-para-el-1-de-mayo-de-2024\/\" \/>\n<meta property=\"og:site_name\" content=\"Pulso27\" \/>\n<meta property=\"article:publisher\" content=\"https:\/\/www.facebook.com\/pulso27\/\" \/>\n<meta property=\"article:published_time\" content=\"2024-04-18T16:46:26+00:00\" \/>\n<meta property=\"article:modified_time\" content=\"2024-04-18T16:47:41+00:00\" \/>\n<meta property=\"og:image\" content=\"https:\/\/pulso27.com\/wp-content\/uploads\/2024\/04\/Fampun-1.jpg\" \/>\n\t<meta property=\"og:image:width\" content=\"1920\" \/>\n\t<meta property=\"og:image:height\" content=\"1080\" \/>\n\t<meta property=\"og:image:type\" content=\"image\/jpeg\" \/>\n<meta name=\"author\" content=\"Tupaq\" \/>\n<meta name=\"twitter:card\" content=\"summary_large_image\" \/>\n<meta name=\"twitter:creator\" content=\"@Pulso_27\" \/>\n<meta name=\"twitter:site\" content=\"@Pulso_27\" \/>\n<meta name=\"twitter:label1\" content=\"Written by\" \/>\n\t<meta name=\"twitter:data1\" content=\"Tupaq\" \/>\n\t<meta name=\"twitter:label2\" content=\"Est. reading time\" \/>\n\t<meta name=\"twitter:data2\" content=\"2 minutes\" \/>\n<script type=\"application\/ld+json\" class=\"yoast-schema-graph\">{\"@context\":\"https:\\\/\\\/schema.org\",\"@graph\":[{\"@type\":\"Article\",\"@id\":\"https:\\\/\\\/pulso27.com\\\/sociedad\\\/familiares-de-victimas-del-regimen-de-dina-boluarte-anuncian-protesta-nacional-para-el-1-de-mayo-de-2024\\\/#article\",\"isPartOf\":{\"@id\":\"https:\\\/\\\/pulso27.com\\\/sociedad\\\/familiares-de-victimas-del-regimen-de-dina-boluarte-anuncian-protesta-nacional-para-el-1-de-mayo-de-2024\\\/\"},\"author\":{\"name\":\"Tupaq\",\"@id\":\"https:\\\/\\\/pulso27.com\\\/en\\\/#\\\/schema\\\/person\\\/d20fd7f5bc7f2e53fd150d43fca07a78\"},\"headline\":\"Familiares de V\u00edctimas del R\u00e9gimen de Dina Boluarte Anuncian Protesta Nacional\",\"datePublished\":\"2024-04-18T16:46:26+00:00\",\"dateModified\":\"2024-04-18T16:47:41+00:00\",\"mainEntityOfPage\":{\"@id\":\"https:\\\/\\\/pulso27.com\\\/sociedad\\\/familiares-de-victimas-del-regimen-de-dina-boluarte-anuncian-protesta-nacional-para-el-1-de-mayo-de-2024\\\/\"},\"wordCount\":475,\"commentCount\":0,\"publisher\":{\"@id\":\"https:\\\/\\\/pulso27.com\\\/en\\\/#organization\"},\"image\":{\"@id\":\"https:\\\/\\\/pulso27.com\\\/sociedad\\\/familiares-de-victimas-del-regimen-de-dina-boluarte-anuncian-protesta-nacional-para-el-1-de-mayo-de-2024\\\/#primaryimage\"},\"thumbnailUrl\":\"https:\\\/\\\/pulso27.com\\\/wp-content\\\/uploads\\\/2024\\\/04\\\/Fampun-1.jpg\",\"keywords\":[\"Asesinados\",\"FFAA\",\"Protestas\",\"V\u00edctimas\"],\"articleSection\":[\"Sociedad\"],\"inLanguage\":\"en-US\",\"potentialAction\":[{\"@type\":\"CommentAction\",\"name\":\"Comment\",\"target\":[\"https:\\\/\\\/pulso27.com\\\/sociedad\\\/familiares-de-victimas-del-regimen-de-dina-boluarte-anuncian-protesta-nacional-para-el-1-de-mayo-de-2024\\\/#respond\"]}]},{\"@type\":\"WebPage\",\"@id\":\"https:\\\/\\\/pulso27.com\\\/sociedad\\\/familiares-de-victimas-del-regimen-de-dina-boluarte-anuncian-protesta-nacional-para-el-1-de-mayo-de-2024\\\/\",\"url\":\"https:\\\/\\\/pulso27.com\\\/sociedad\\\/familiares-de-victimas-del-regimen-de-dina-boluarte-anuncian-protesta-nacional-para-el-1-de-mayo-de-2024\\\/\",\"name\":\"Familiares de V\u00edctimas del R\u00e9gimen de Dina Boluarte Anuncian Protesta Nacional - Pulso27\",\"isPartOf\":{\"@id\":\"https:\\\/\\\/pulso27.com\\\/en\\\/#website\"},\"primaryImageOfPage\":{\"@id\":\"https:\\\/\\\/pulso27.com\\\/sociedad\\\/familiares-de-victimas-del-regimen-de-dina-boluarte-anuncian-protesta-nacional-para-el-1-de-mayo-de-2024\\\/#primaryimage\"},\"image\":{\"@id\":\"https:\\\/\\\/pulso27.com\\\/sociedad\\\/familiares-de-victimas-del-regimen-de-dina-boluarte-anuncian-protesta-nacional-para-el-1-de-mayo-de-2024\\\/#primaryimage\"},\"thumbnailUrl\":\"https:\\\/\\\/pulso27.com\\\/wp-content\\\/uploads\\\/2024\\\/04\\\/Fampun-1.jpg\",\"datePublished\":\"2024-04-18T16:46:26+00:00\",\"dateModified\":\"2024-04-18T16:47:41+00:00\",\"breadcrumb\":{\"@id\":\"https:\\\/\\\/pulso27.com\\\/sociedad\\\/familiares-de-victimas-del-regimen-de-dina-boluarte-anuncian-protesta-nacional-para-el-1-de-mayo-de-2024\\\/#breadcrumb\"},\"inLanguage\":\"en-US\",\"potentialAction\":[{\"@type\":\"ReadAction\",\"target\":[\"https:\\\/\\\/pulso27.com\\\/sociedad\\\/familiares-de-victimas-del-regimen-de-dina-boluarte-anuncian-protesta-nacional-para-el-1-de-mayo-de-2024\\\/\"]}]},{\"@type\":\"ImageObject\",\"inLanguage\":\"en-US\",\"@id\":\"https:\\\/\\\/pulso27.com\\\/sociedad\\\/familiares-de-victimas-del-regimen-de-dina-boluarte-anuncian-protesta-nacional-para-el-1-de-mayo-de-2024\\\/#primaryimage\",\"url\":\"https:\\\/\\\/pulso27.com\\\/wp-content\\\/uploads\\\/2024\\\/04\\\/Fampun-1.jpg\",\"contentUrl\":\"https:\\\/\\\/pulso27.com\\\/wp-content\\\/uploads\\\/2024\\\/04\\\/Fampun-1.jpg\",\"width\":1920,\"height\":1080},{\"@type\":\"BreadcrumbList\",\"@id\":\"https:\\\/\\\/pulso27.com\\\/sociedad\\\/familiares-de-victimas-del-regimen-de-dina-boluarte-anuncian-protesta-nacional-para-el-1-de-mayo-de-2024\\\/#breadcrumb\",\"itemListElement\":[{\"@type\":\"ListItem\",\"position\":1,\"name\":\"Portada\",\"item\":\"https:\\\/\\\/pulso27.com\\\/\"},{\"@type\":\"ListItem\",\"position\":2,\"name\":\"Familiares de V\u00edctimas del R\u00e9gimen de Dina Boluarte Anuncian Protesta Nacional\"}]},{\"@type\":\"WebSite\",\"@id\":\"https:\\\/\\\/pulso27.com\\\/en\\\/#website\",\"url\":\"https:\\\/\\\/pulso27.com\\\/en\\\/\",\"name\":\"Pulso27\",\"description\":\"Web de noticias y publicidad\",\"publisher\":{\"@id\":\"https:\\\/\\\/pulso27.com\\\/en\\\/#organization\"},\"alternateName\":\"El pulso del pueblo\",\"potentialAction\":[{\"@type\":\"SearchAction\",\"target\":{\"@type\":\"EntryPoint\",\"urlTemplate\":\"https:\\\/\\\/pulso27.com\\\/en\\\/?s={search_term_string}\"},\"query-input\":{\"@type\":\"PropertyValueSpecification\",\"valueRequired\":true,\"valueName\":\"search_term_string\"}}],\"inLanguage\":\"en-US\"},{\"@type\":\"Organization\",\"@id\":\"https:\\\/\\\/pulso27.com\\\/en\\\/#organization\",\"name\":\"Pulso27\",\"url\":\"https:\\\/\\\/pulso27.com\\\/en\\\/\",\"logo\":{\"@type\":\"ImageObject\",\"inLanguage\":\"en-US\",\"@id\":\"https:\\\/\\\/pulso27.com\\\/en\\\/#\\\/schema\\\/logo\\\/image\\\/\",\"url\":\"https:\\\/\\\/pulso27.com\\\/wp-content\\\/uploads\\\/2026\\\/02\\\/Logotipo-de-la-organizacion-696-x-696-px-ok.png\",\"contentUrl\":\"https:\\\/\\\/pulso27.com\\\/wp-content\\\/uploads\\\/2026\\\/02\\\/Logotipo-de-la-organizacion-696-x-696-px-ok.png\",\"width\":696,\"height\":696,\"caption\":\"Pulso27\"},\"image\":{\"@id\":\"https:\\\/\\\/pulso27.com\\\/en\\\/#\\\/schema\\\/logo\\\/image\\\/\"},\"sameAs\":[\"https:\\\/\\\/www.facebook.com\\\/pulso27\\\/\",\"https:\\\/\\\/x.com\\\/Pulso_27\",\"https:\\\/\\\/www.youtube.com\\\/@Pulso27\",\"https:\\\/\\\/www.tiktok.com\\\/@pulso_27\"]},{\"@type\":\"Person\",\"@id\":\"https:\\\/\\\/pulso27.com\\\/en\\\/#\\\/schema\\\/person\\\/d20fd7f5bc7f2e53fd150d43fca07a78\",\"name\":\"Tupaq\",\"image\":{\"@type\":\"ImageObject\",\"inLanguage\":\"en-US\",\"@id\":\"https:\\\/\\\/secure.gravatar.com\\\/avatar\\\/7929e9b034aeea560319a601e4f04c59eb5f45a79eafe192adabb67e9604e7e7?s=96&d=mm&r=g\",\"url\":\"https:\\\/\\\/secure.gravatar.com\\\/avatar\\\/7929e9b034aeea560319a601e4f04c59eb5f45a79eafe192adabb67e9604e7e7?s=96&d=mm&r=g\",\"contentUrl\":\"https:\\\/\\\/secure.gravatar.com\\\/avatar\\\/7929e9b034aeea560319a601e4f04c59eb5f45a79eafe192adabb67e9604e7e7?s=96&d=mm&r=g\",\"caption\":\"Tupaq\"},\"url\":\"https:\\\/\\\/pulso27.com\\\/en\\\/author\\\/tupaq\\\/\"}]}<\/script>\n<!-- \/ Yoast SEO plugin. -->","yoast_head_json":{"title":"Familiares de V\u00edctimas del R\u00e9gimen de Dina Boluarte Anuncian Protesta Nacional - Pulso27","robots":{"index":"index","follow":"follow","max-snippet":"max-snippet:-1","max-image-preview":"max-image-preview:large","max-video-preview":"max-video-preview:-1"},"canonical":"https:\/\/pulso27.com\/en\/sociedad\/familiares-de-victimas-del-regimen-de-dina-boluarte-anuncian-protesta-nacional-para-el-1-de-mayo-de-2024\/","og_locale":"en_US","og_type":"article","og_title":"Familiares de V\u00edctimas del R\u00e9gimen de Dina Boluarte Anuncian Protesta Nacional - Pulso27","og_description":"Los familiares y allegados de las v\u00edctimas de las protestas que siguieron a la destituci\u00f3n del ex presidente Pedro Castillo y la asunci\u00f3n de Dina Boluarte en 2022 han convocado una nueva movilizaci\u00f3n para el 1 de mayo en Lima. A trav\u00e9s de un video que circula en redes sociales, la agrupaci\u00f3n social ha expresado [&hellip;]","og_url":"https:\/\/pulso27.com\/en\/sociedad\/familiares-de-victimas-del-regimen-de-dina-boluarte-anuncian-protesta-nacional-para-el-1-de-mayo-de-2024\/","og_site_name":"Pulso27","article_publisher":"https:\/\/www.facebook.com\/pulso27\/","article_published_time":"2024-04-18T16:46:26+00:00","article_modified_time":"2024-04-18T16:47:41+00:00","og_image":[{"width":1920,"height":1080,"url":"https:\/\/pulso27.com\/wp-content\/uploads\/2024\/04\/Fampun-1.jpg","type":"image\/jpeg"}],"author":"Tupaq","twitter_card":"summary_large_image","twitter_creator":"@Pulso_27","twitter_site":"@Pulso_27","twitter_misc":{"Written by":"Tupaq","Est. reading time":"2 minutes"},"schema":{"@context":"https:\/\/schema.org","@graph":[{"@type":"Article","@id":"https:\/\/pulso27.com\/sociedad\/familiares-de-victimas-del-regimen-de-dina-boluarte-anuncian-protesta-nacional-para-el-1-de-mayo-de-2024\/#article","isPartOf":{"@id":"https:\/\/pulso27.com\/sociedad\/familiares-de-victimas-del-regimen-de-dina-boluarte-anuncian-protesta-nacional-para-el-1-de-mayo-de-2024\/"},"author":{"name":"Tupaq","@id":"https:\/\/pulso27.com\/en\/#\/schema\/person\/d20fd7f5bc7f2e53fd150d43fca07a78"},"headline":"Familiares de V\u00edctimas del R\u00e9gimen de Dina Boluarte Anuncian Protesta Nacional","datePublished":"2024-04-18T16:46:26+00:00","dateModified":"2024-04-18T16:47:41+00:00","mainEntityOfPage":{"@id":"https:\/\/pulso27.com\/sociedad\/familiares-de-victimas-del-regimen-de-dina-boluarte-anuncian-protesta-nacional-para-el-1-de-mayo-de-2024\/"},"wordCount":475,"commentCount":0,"publisher":{"@id":"https:\/\/pulso27.com\/en\/#organization"},"image":{"@id":"https:\/\/pulso27.com\/sociedad\/familiares-de-victimas-del-regimen-de-dina-boluarte-anuncian-protesta-nacional-para-el-1-de-mayo-de-2024\/#primaryimage"},"thumbnailUrl":"https:\/\/pulso27.com\/wp-content\/uploads\/2024\/04\/Fampun-1.jpg","keywords":["Asesinados","FFAA","Protestas","V\u00edctimas"],"articleSection":["Sociedad"],"inLanguage":"en-US","potentialAction":[{"@type":"CommentAction","name":"Comment","target":["https:\/\/pulso27.com\/sociedad\/familiares-de-victimas-del-regimen-de-dina-boluarte-anuncian-protesta-nacional-para-el-1-de-mayo-de-2024\/#respond"]}]},{"@type":"WebPage","@id":"https:\/\/pulso27.com\/sociedad\/familiares-de-victimas-del-regimen-de-dina-boluarte-anuncian-protesta-nacional-para-el-1-de-mayo-de-2024\/","url":"https:\/\/pulso27.com\/sociedad\/familiares-de-victimas-del-regimen-de-dina-boluarte-anuncian-protesta-nacional-para-el-1-de-mayo-de-2024\/","name":"Familiares de V\u00edctimas del R\u00e9gimen de Dina Boluarte Anuncian Protesta Nacional - Pulso27","isPartOf":{"@id":"https:\/\/pulso27.com\/en\/#website"},"primaryImageOfPage":{"@id":"https:\/\/pulso27.com\/sociedad\/familiares-de-victimas-del-regimen-de-dina-boluarte-anuncian-protesta-nacional-para-el-1-de-mayo-de-2024\/#primaryimage"},"image":{"@id":"https:\/\/pulso27.com\/sociedad\/familiares-de-victimas-del-regimen-de-dina-boluarte-anuncian-protesta-nacional-para-el-1-de-mayo-de-2024\/#primaryimage"},"thumbnailUrl":"https:\/\/pulso27.com\/wp-content\/uploads\/2024\/04\/Fampun-1.jpg","datePublished":"2024-04-18T16:46:26+00:00","dateModified":"2024-04-18T16:47:41+00:00","breadcrumb":{"@id":"https:\/\/pulso27.com\/sociedad\/familiares-de-victimas-del-regimen-de-dina-boluarte-anuncian-protesta-nacional-para-el-1-de-mayo-de-2024\/#breadcrumb"},"inLanguage":"en-US","potentialAction":[{"@type":"ReadAction","target":["https:\/\/pulso27.com\/sociedad\/familiares-de-victimas-del-regimen-de-dina-boluarte-anuncian-protesta-nacional-para-el-1-de-mayo-de-2024\/"]}]},{"@type":"ImageObject","inLanguage":"en-US","@id":"https:\/\/pulso27.com\/sociedad\/familiares-de-victimas-del-regimen-de-dina-boluarte-anuncian-protesta-nacional-para-el-1-de-mayo-de-2024\/#primaryimage","url":"https:\/\/pulso27.com\/wp-content\/uploads\/2024\/04\/Fampun-1.jpg","contentUrl":"https:\/\/pulso27.com\/wp-content\/uploads\/2024\/04\/Fampun-1.jpg","width":1920,"height":1080},{"@type":"BreadcrumbList","@id":"https:\/\/pulso27.com\/sociedad\/familiares-de-victimas-del-regimen-de-dina-boluarte-anuncian-protesta-nacional-para-el-1-de-mayo-de-2024\/#breadcrumb","itemListElement":[{"@type":"ListItem","position":1,"name":"Portada","item":"https:\/\/pulso27.com\/"},{"@type":"ListItem","position":2,"name":"Familiares de V\u00edctimas del R\u00e9gimen de Dina Boluarte Anuncian Protesta Nacional"}]},{"@type":"WebSite","@id":"https:\/\/pulso27.com\/en\/#website","url":"https:\/\/pulso27.com\/en\/","name":"Pulso27","description":"Web de noticias y publicidad","publisher":{"@id":"https:\/\/pulso27.com\/en\/#organization"},"alternateName":"El pulso del pueblo","potentialAction":[{"@type":"SearchAction","target":{"@type":"EntryPoint","urlTemplate":"https:\/\/pulso27.com\/en\/?s={search_term_string}"},"query-input":{"@type":"PropertyValueSpecification","valueRequired":true,"valueName":"search_term_string"}}],"inLanguage":"en-US"},{"@type":"Organization","@id":"https:\/\/pulso27.com\/en\/#organization","name":"Pulso27","url":"https:\/\/pulso27.com\/en\/","logo":{"@type":"ImageObject","inLanguage":"en-US","@id":"https:\/\/pulso27.com\/en\/#\/schema\/logo\/image\/","url":"https:\/\/pulso27.com\/wp-content\/uploads\/2026\/02\/Logotipo-de-la-organizacion-696-x-696-px-ok.png","contentUrl":"https:\/\/pulso27.com\/wp-content\/uploads\/2026\/02\/Logotipo-de-la-organizacion-696-x-696-px-ok.png","width":696,"height":696,"caption":"Pulso27"},"image":{"@id":"https:\/\/pulso27.com\/en\/#\/schema\/logo\/image\/"},"sameAs":["https:\/\/www.facebook.com\/pulso27\/","https:\/\/x.com\/Pulso_27","https:\/\/www.youtube.com\/@Pulso27","https:\/\/www.tiktok.com\/@pulso_27"]},{"@type":"Person","@id":"https:\/\/pulso27.com\/en\/#\/schema\/person\/d20fd7f5bc7f2e53fd150d43fca07a78","name":"Tupaq","image":{"@type":"ImageObject","inLanguage":"en-US","@id":"https:\/\/secure.gravatar.com\/avatar\/7929e9b034aeea560319a601e4f04c59eb5f45a79eafe192adabb67e9604e7e7?s=96&d=mm&r=g","url":"https:\/\/secure.gravatar.com\/avatar\/7929e9b034aeea560319a601e4f04c59eb5f45a79eafe192adabb67e9604e7e7?s=96&d=mm&r=g","contentUrl":"https:\/\/secure.gravatar.com\/avatar\/7929e9b034aeea560319a601e4f04c59eb5f45a79eafe192adabb67e9604e7e7?s=96&d=mm&r=g","caption":"Tupaq"},"url":"https:\/\/pulso27.com\/en\/author\/tupaq\/"}]}},"amp_enabled":true,"_links":{"self":[{"href":"https:\/\/pulso27.com\/en\/wp-json\/wp\/v2\/posts\/1519","targetHints":{"allow":["GET"]}}],"collection":[{"href":"https:\/\/pulso27.com\/en\/wp-json\/wp\/v2\/posts"}],"about":[{"href":"https:\/\/pulso27.com\/en\/wp-json\/wp\/v2\/types\/post"}],"author":[{"embeddable":true,"href":"https:\/\/pulso27.com\/en\/wp-json\/wp\/v2\/users\/7"}],"replies":[{"embeddable":true,"href":"https:\/\/pulso27.com\/en\/wp-json\/wp\/v2\/comments?post=1519"}],"version-history":[{"count":2,"href":"https:\/\/pulso27.com\/en\/wp-json\/wp\/v2\/posts\/1519\/revisions"}],"predecessor-version":[{"id":1526,"href":"https:\/\/pulso27.com\/en\/wp-json\/wp\/v2\/posts\/1519\/revisions\/1526"}],"wp:featuredmedia":[{"embeddable":true,"href":"https:\/\/pulso27.com\/en\/wp-json\/wp\/v2\/media\/1523"}],"wp:attachment":[{"href":"https:\/\/pulso27.com\/en\/wp-json\/wp\/v2\/media?parent=1519"}],"wp:term":[{"taxonomy":"category","embeddable":true,"href":"https:\/\/pulso27.com\/en\/wp-json\/wp\/v2\/categories?post=1519"},{"taxonomy":"post_tag","embeddable":true,"href":"https:\/\/pulso27.com\/en\/wp-json\/wp\/v2\/tags?post=1519"}],"curies":[{"name":"wp","href":"https:\/\/api.w.org\/{rel}","templated":true}]}}