{"id":1563,"date":"2024-04-28T12:40:32","date_gmt":"2024-04-28T07:40:32","guid":{"rendered":"https:\/\/pulso27.com\/?p=1563"},"modified":"2024-04-28T12:40:32","modified_gmt":"2024-04-28T07:40:32","slug":"aumento-del-precio-de-balon-de-gas-afecta-a-7-millones-de-hogares-y-200-mil-mypes","status":"publish","type":"post","link":"https:\/\/pulso27.com\/en\/actualidad\/aumento-del-precio-de-balon-de-gas-afecta-a-7-millones-de-hogares-y-200-mil-mypes\/","title":{"rendered":"Aumento del Precio de Bal\u00f3n de Gas afecta a 7 millones de hogares y 200 mil MyPEs"},"content":{"rendered":"<p>El reciente incremento de S\/ 7 soles en el precio del bal\u00f3n de gas en planta gener\u00f3 un fuerte malestar entre los ciudadanos peruanos, quienes ven afectados sus bolsillos por esta medida impuesta por el r\u00e9gimen neoliberal de Dina Boluarte y sus aliados.<\/p>\n\n\n\n<p>Seg\u00fan la Sociedad Peruana de Gas Licuado (SPGL), esta subida, la mayor hasta ahora, afectar\u00e1 a m\u00e1s de 7 millones de hogares peruano y 200 mil peque\u00f1as empresas. Janinne Delgado, directora ejecutiva de la SGPL asegur\u00f3 que este nuevo aumento del precio del bal\u00f3n de gas, a pesar de que ha habido un incremento paulatino en todo este a\u00f1o, \u201cs\u00ed se va a sentir\u201d.<\/p>\n\n\n\n<figure class=\"wp-block-image size-large\"><img loading=\"lazy\" decoding=\"async\" width=\"1024\" height=\"571\" src=\"https:\/\/pulso27.com\/wp-content\/uploads\/2024\/04\/Gas-1024x571.jpg\" alt=\"\" class=\"wp-image-1565\" srcset=\"https:\/\/pulso27.com\/wp-content\/uploads\/2024\/04\/Gas-1024x571.jpg 1024w, https:\/\/pulso27.com\/wp-content\/uploads\/2024\/04\/Gas-300x167.jpg 300w, https:\/\/pulso27.com\/wp-content\/uploads\/2024\/04\/Gas-768x429.jpg 768w, https:\/\/pulso27.com\/wp-content\/uploads\/2024\/04\/Gas-18x10.jpg 18w, https:\/\/pulso27.com\/wp-content\/uploads\/2024\/04\/Gas.jpg 1276w\" sizes=\"auto, (max-width: 1024px) 100vw, 1024px\" \/><figcaption class=\"wp-element-caption\"><em>Osinergmin no brinda informaci\u00f3n satisfactoria para la poblaci\u00f3n<\/em><\/figcaption><\/figure>\n\n\n\n<p>Por su parte, el Organismo Supervisor de la Inversi\u00f3n en Energ\u00eda y Miner\u00eda (Osinergmin) se pronunci\u00f3 para aclarar a qu\u00e9 se debe esta cuarta alza, reiterando que el nuevo precio del bal\u00f3n de gas se debe sobre todo a la coyuntura internacional y que afectar\u00e1 a m\u00e1s de siete millones de hogares peruanos y a alrededor de&nbsp; 200 mil peque\u00f1as y medianas empresas.<\/p>\n\n\n\n<p>Desde el grupo parlamentario Per\u00fa Libre, la reacci\u00f3n no se hizo esperar, rechazan de manera contundente este aumento del costo del Gas Licuado de Petr\u00f3leo (GLP), se\u00f1alando que impactar\u00e1 negativamente en miles de hogares, especialmente en aquellos de menores recursos, lo que podr\u00eda agravar a\u00fan m\u00e1s la situaci\u00f3n de pobreza en el pa\u00eds.<\/p>\n\n\n\n<p>El bal\u00f3n de gas, que antes ten\u00eda un precio de 50 soles en planta, ahora subir\u00e1 a 57 soles, todo ello debido a la Resoluci\u00f3n de la Gerencia de Regulaci\u00f3n de Tarifas N.\u00ba 021-2024-OS\/GRT, emitida por el gobierno de Boluarte.<\/p>\n\n\n\n<p>Esta disposici\u00f3n implica un cambio en la metodolog\u00eda de c\u00e1lculo de precios, favoreciendo a las empresas transnacionales y perjudicando a millones de hogares y peque\u00f1as y medianas empresas (pymes) que dependen del GLP.<\/p>\n\n\n\n<figure class=\"wp-block-image size-large\"><img loading=\"lazy\" decoding=\"async\" width=\"724\" height=\"1024\" src=\"https:\/\/pulso27.com\/wp-content\/uploads\/2024\/04\/Pronunc-724x1024.png\" alt=\"\" class=\"wp-image-1566\" srcset=\"https:\/\/pulso27.com\/wp-content\/uploads\/2024\/04\/Pronunc-724x1024.png 724w, https:\/\/pulso27.com\/wp-content\/uploads\/2024\/04\/Pronunc-212x300.png 212w, https:\/\/pulso27.com\/wp-content\/uploads\/2024\/04\/Pronunc-768x1086.png 768w, https:\/\/pulso27.com\/wp-content\/uploads\/2024\/04\/Pronunc-1087x1536.png 1087w, https:\/\/pulso27.com\/wp-content\/uploads\/2024\/04\/Pronunc-8x12.png 8w, https:\/\/pulso27.com\/wp-content\/uploads\/2024\/04\/Pronunc.png 1415w\" sizes=\"auto, (max-width: 724px) 100vw, 724px\" \/><figcaption class=\"wp-element-caption\"><em>Pronunciamiento de la vocera de Per\u00fa Libre, Lic. Margot Palacios Huam\u00e1n<\/em><\/figcaption><\/figure>\n\n\n\n<p>Adem\u00e1s, la medida impactar\u00e1 negativamente en amas de casa, restaurantes y ollas comunes, ya que el fondo de estabilizaci\u00f3n de precios para el GLP tiene vigencia solo hasta el 27 de junio del presente a\u00f1o.<\/p>\n\n\n\n<p>El partido pol\u00edtico socialista Per\u00fa Libre denuncia que esta medida evidencia una vez m\u00e1s la sumisi\u00f3n del gobierno de Boluarte a las transnacionales estadounidenses, prefiriendo calcular los precios del GLP seg\u00fan el mercado internacional, en lugar de la metodolog\u00eda utilizada hasta la fecha basada en los precios de exportaci\u00f3n (mercado interno).<\/p>\n\n\n\n<p>Ante esta situaci\u00f3n, se ha anunciado que solicitar\u00e1n la presencia del Presidente del Consejo de Ministros, el Ministro de Energ\u00eda y Minas, y el Presidente del Organismo Supervisor de la Inversi\u00f3n en Energ\u00eda y Miner\u00eda, ante la Comisi\u00f3n de Fiscalizaci\u00f3n y Contralor\u00eda, con el fin de dejar sin efecto de manera inmediata la Resoluci\u00f3n de la Gerencia de Regulaci\u00f3n de Tarifas N.\u00ba 021-2024-OS\/GRT.<\/p>\n\n\n\n<p>El aumento del precio del bal\u00f3n de gas representa un golpe duro para los hogares peruanos, y su repercusi\u00f3n en la econom\u00eda y la calidad de vida de la poblaci\u00f3n es motivo de preocupaci\u00f3n y rechazo por parte de diversos sectores de la sociedad.<\/p>\n\n\n\n<p><\/p>","protected":false},"excerpt":{"rendered":"<p>El reciente incremento de S\/ 7 soles en el precio del bal\u00f3n de gas en planta gener\u00f3 un fuerte malestar entre los ciudadanos peruanos, quienes ven afectados sus bolsillos por esta medida impuesta por el r\u00e9gimen neoliberal de Dina Boluarte y sus aliados. Seg\u00fan la Sociedad Peruana de Gas Licuado (SPGL), esta subida, la mayor [&hellip;]<\/p>\n","protected":false},"author":7,"featured_media":1564,"comment_status":"open","ping_status":"open","sticky":false,"template":"","format":"standard","meta":{"footnotes":""},"categories":[183,202],"tags":[670,671,669],"class_list":["post-1563","post","type-post","status-publish","format-standard","has-post-thumbnail","hentry","category-actualidad","category-sociedad","tag-balon-de-gas","tag-cocina","tag-gas"],"yoast_head":"<!-- This site is optimized with the Yoast SEO plugin v27.4 - https:\/\/yoast.com\/product\/yoast-seo-wordpress\/ -->\n<title>Aumento del Precio de Bal\u00f3n de Gas afecta a 7 millones de hogares y 200 mil MyPEs - Pulso27<\/title>\n<meta name=\"robots\" content=\"index, follow, max-snippet:-1, max-image-preview:large, max-video-preview:-1\" \/>\n<link rel=\"canonical\" href=\"https:\/\/pulso27.com\/en\/actualidad\/aumento-del-precio-de-balon-de-gas-afecta-a-7-millones-de-hogares-y-200-mil-mypes\/\" \/>\n<meta property=\"og:locale\" content=\"en_US\" \/>\n<meta property=\"og:type\" content=\"article\" \/>\n<meta property=\"og:title\" content=\"Aumento del Precio de Bal\u00f3n de Gas afecta a 7 millones de hogares y 200 mil MyPEs - Pulso27\" \/>\n<meta property=\"og:description\" content=\"El reciente incremento de S\/ 7 soles en el precio del bal\u00f3n de gas en planta gener\u00f3 un fuerte malestar entre los ciudadanos peruanos, quienes ven afectados sus bolsillos por esta medida impuesta por el r\u00e9gimen neoliberal de Dina Boluarte y sus aliados. Seg\u00fan la Sociedad Peruana de Gas Licuado (SPGL), esta subida, la mayor [&hellip;]\" \/>\n<meta property=\"og:url\" content=\"https:\/\/pulso27.com\/en\/actualidad\/aumento-del-precio-de-balon-de-gas-afecta-a-7-millones-de-hogares-y-200-mil-mypes\/\" \/>\n<meta property=\"og:site_name\" content=\"Pulso27\" \/>\n<meta property=\"article:publisher\" content=\"https:\/\/www.facebook.com\/pulso27\/\" \/>\n<meta property=\"article:published_time\" content=\"2024-04-28T07:40:32+00:00\" \/>\n<meta property=\"og:image\" content=\"https:\/\/pulso27.com\/wp-content\/uploads\/2024\/04\/Gassss.jpg\" \/>\n\t<meta property=\"og:image:width\" content=\"1200\" \/>\n\t<meta property=\"og:image:height\" content=\"900\" \/>\n\t<meta property=\"og:image:type\" content=\"image\/jpeg\" \/>\n<meta name=\"author\" content=\"Tupaq\" \/>\n<meta name=\"twitter:card\" content=\"summary_large_image\" \/>\n<meta name=\"twitter:creator\" content=\"@Pulso_27\" \/>\n<meta name=\"twitter:site\" content=\"@Pulso_27\" \/>\n<meta name=\"twitter:label1\" content=\"Written by\" \/>\n\t<meta name=\"twitter:data1\" content=\"Tupaq\" \/>\n\t<meta name=\"twitter:label2\" content=\"Est. reading time\" \/>\n\t<meta name=\"twitter:data2\" content=\"3 minutes\" \/>\n<script type=\"application\/ld+json\" class=\"yoast-schema-graph\">{\"@context\":\"https:\\\/\\\/schema.org\",\"@graph\":[{\"@type\":\"Article\",\"@id\":\"https:\\\/\\\/pulso27.com\\\/actualidad\\\/aumento-del-precio-de-balon-de-gas-afecta-a-7-millones-de-hogares-y-200-mil-mypes\\\/#article\",\"isPartOf\":{\"@id\":\"https:\\\/\\\/pulso27.com\\\/actualidad\\\/aumento-del-precio-de-balon-de-gas-afecta-a-7-millones-de-hogares-y-200-mil-mypes\\\/\"},\"author\":{\"name\":\"Tupaq\",\"@id\":\"https:\\\/\\\/pulso27.com\\\/en\\\/#\\\/schema\\\/person\\\/d20fd7f5bc7f2e53fd150d43fca07a78\"},\"headline\":\"Aumento del Precio de Bal\u00f3n de Gas afecta a 7 millones de hogares y 200 mil MyPEs\",\"datePublished\":\"2024-04-28T07:40:32+00:00\",\"mainEntityOfPage\":{\"@id\":\"https:\\\/\\\/pulso27.com\\\/actualidad\\\/aumento-del-precio-de-balon-de-gas-afecta-a-7-millones-de-hogares-y-200-mil-mypes\\\/\"},\"wordCount\":579,\"commentCount\":0,\"publisher\":{\"@id\":\"https:\\\/\\\/pulso27.com\\\/en\\\/#organization\"},\"image\":{\"@id\":\"https:\\\/\\\/pulso27.com\\\/actualidad\\\/aumento-del-precio-de-balon-de-gas-afecta-a-7-millones-de-hogares-y-200-mil-mypes\\\/#primaryimage\"},\"thumbnailUrl\":\"https:\\\/\\\/pulso27.com\\\/wp-content\\\/uploads\\\/2024\\\/04\\\/Gassss.jpg\",\"keywords\":[\"Bal\u00f3n de gas\",\"Cocina\",\"Gas\"],\"articleSection\":[\"Actualidad\",\"Sociedad\"],\"inLanguage\":\"en-US\",\"potentialAction\":[{\"@type\":\"CommentAction\",\"name\":\"Comment\",\"target\":[\"https:\\\/\\\/pulso27.com\\\/actualidad\\\/aumento-del-precio-de-balon-de-gas-afecta-a-7-millones-de-hogares-y-200-mil-mypes\\\/#respond\"]}]},{\"@type\":\"WebPage\",\"@id\":\"https:\\\/\\\/pulso27.com\\\/actualidad\\\/aumento-del-precio-de-balon-de-gas-afecta-a-7-millones-de-hogares-y-200-mil-mypes\\\/\",\"url\":\"https:\\\/\\\/pulso27.com\\\/actualidad\\\/aumento-del-precio-de-balon-de-gas-afecta-a-7-millones-de-hogares-y-200-mil-mypes\\\/\",\"name\":\"Aumento del Precio de Bal\u00f3n de Gas afecta a 7 millones de hogares y 200 mil MyPEs - Pulso27\",\"isPartOf\":{\"@id\":\"https:\\\/\\\/pulso27.com\\\/en\\\/#website\"},\"primaryImageOfPage\":{\"@id\":\"https:\\\/\\\/pulso27.com\\\/actualidad\\\/aumento-del-precio-de-balon-de-gas-afecta-a-7-millones-de-hogares-y-200-mil-mypes\\\/#primaryimage\"},\"image\":{\"@id\":\"https:\\\/\\\/pulso27.com\\\/actualidad\\\/aumento-del-precio-de-balon-de-gas-afecta-a-7-millones-de-hogares-y-200-mil-mypes\\\/#primaryimage\"},\"thumbnailUrl\":\"https:\\\/\\\/pulso27.com\\\/wp-content\\\/uploads\\\/2024\\\/04\\\/Gassss.jpg\",\"datePublished\":\"2024-04-28T07:40:32+00:00\",\"breadcrumb\":{\"@id\":\"https:\\\/\\\/pulso27.com\\\/actualidad\\\/aumento-del-precio-de-balon-de-gas-afecta-a-7-millones-de-hogares-y-200-mil-mypes\\\/#breadcrumb\"},\"inLanguage\":\"en-US\",\"potentialAction\":[{\"@type\":\"ReadAction\",\"target\":[\"https:\\\/\\\/pulso27.com\\\/actualidad\\\/aumento-del-precio-de-balon-de-gas-afecta-a-7-millones-de-hogares-y-200-mil-mypes\\\/\"]}]},{\"@type\":\"ImageObject\",\"inLanguage\":\"en-US\",\"@id\":\"https:\\\/\\\/pulso27.com\\\/actualidad\\\/aumento-del-precio-de-balon-de-gas-afecta-a-7-millones-de-hogares-y-200-mil-mypes\\\/#primaryimage\",\"url\":\"https:\\\/\\\/pulso27.com\\\/wp-content\\\/uploads\\\/2024\\\/04\\\/Gassss.jpg\",\"contentUrl\":\"https:\\\/\\\/pulso27.com\\\/wp-content\\\/uploads\\\/2024\\\/04\\\/Gassss.jpg\",\"width\":1200,\"height\":900},{\"@type\":\"BreadcrumbList\",\"@id\":\"https:\\\/\\\/pulso27.com\\\/actualidad\\\/aumento-del-precio-de-balon-de-gas-afecta-a-7-millones-de-hogares-y-200-mil-mypes\\\/#breadcrumb\",\"itemListElement\":[{\"@type\":\"ListItem\",\"position\":1,\"name\":\"Portada\",\"item\":\"https:\\\/\\\/pulso27.com\\\/\"},{\"@type\":\"ListItem\",\"position\":2,\"name\":\"Aumento del Precio de Bal\u00f3n de Gas afecta a 7 millones de hogares y 200 mil MyPEs\"}]},{\"@type\":\"WebSite\",\"@id\":\"https:\\\/\\\/pulso27.com\\\/en\\\/#website\",\"url\":\"https:\\\/\\\/pulso27.com\\\/en\\\/\",\"name\":\"Pulso27\",\"description\":\"Web de noticias y publicidad\",\"publisher\":{\"@id\":\"https:\\\/\\\/pulso27.com\\\/en\\\/#organization\"},\"alternateName\":\"El pulso del pueblo\",\"potentialAction\":[{\"@type\":\"SearchAction\",\"target\":{\"@type\":\"EntryPoint\",\"urlTemplate\":\"https:\\\/\\\/pulso27.com\\\/en\\\/?s={search_term_string}\"},\"query-input\":{\"@type\":\"PropertyValueSpecification\",\"valueRequired\":true,\"valueName\":\"search_term_string\"}}],\"inLanguage\":\"en-US\"},{\"@type\":\"Organization\",\"@id\":\"https:\\\/\\\/pulso27.com\\\/en\\\/#organization\",\"name\":\"Pulso27\",\"url\":\"https:\\\/\\\/pulso27.com\\\/en\\\/\",\"logo\":{\"@type\":\"ImageObject\",\"inLanguage\":\"en-US\",\"@id\":\"https:\\\/\\\/pulso27.com\\\/en\\\/#\\\/schema\\\/logo\\\/image\\\/\",\"url\":\"https:\\\/\\\/pulso27.com\\\/wp-content\\\/uploads\\\/2026\\\/02\\\/Logotipo-de-la-organizacion-696-x-696-px-ok.png\",\"contentUrl\":\"https:\\\/\\\/pulso27.com\\\/wp-content\\\/uploads\\\/2026\\\/02\\\/Logotipo-de-la-organizacion-696-x-696-px-ok.png\",\"width\":696,\"height\":696,\"caption\":\"Pulso27\"},\"image\":{\"@id\":\"https:\\\/\\\/pulso27.com\\\/en\\\/#\\\/schema\\\/logo\\\/image\\\/\"},\"sameAs\":[\"https:\\\/\\\/www.facebook.com\\\/pulso27\\\/\",\"https:\\\/\\\/x.com\\\/Pulso_27\",\"https:\\\/\\\/www.youtube.com\\\/@Pulso27\",\"https:\\\/\\\/www.tiktok.com\\\/@pulso_27\"]},{\"@type\":\"Person\",\"@id\":\"https:\\\/\\\/pulso27.com\\\/en\\\/#\\\/schema\\\/person\\\/d20fd7f5bc7f2e53fd150d43fca07a78\",\"name\":\"Tupaq\",\"image\":{\"@type\":\"ImageObject\",\"inLanguage\":\"en-US\",\"@id\":\"https:\\\/\\\/secure.gravatar.com\\\/avatar\\\/7929e9b034aeea560319a601e4f04c59eb5f45a79eafe192adabb67e9604e7e7?s=96&d=mm&r=g\",\"url\":\"https:\\\/\\\/secure.gravatar.com\\\/avatar\\\/7929e9b034aeea560319a601e4f04c59eb5f45a79eafe192adabb67e9604e7e7?s=96&d=mm&r=g\",\"contentUrl\":\"https:\\\/\\\/secure.gravatar.com\\\/avatar\\\/7929e9b034aeea560319a601e4f04c59eb5f45a79eafe192adabb67e9604e7e7?s=96&d=mm&r=g\",\"caption\":\"Tupaq\"},\"url\":\"https:\\\/\\\/pulso27.com\\\/en\\\/author\\\/tupaq\\\/\"}]}<\/script>\n<!-- \/ Yoast SEO plugin. -->","yoast_head_json":{"title":"Aumento del Precio de Bal\u00f3n de Gas afecta a 7 millones de hogares y 200 mil MyPEs - Pulso27","robots":{"index":"index","follow":"follow","max-snippet":"max-snippet:-1","max-image-preview":"max-image-preview:large","max-video-preview":"max-video-preview:-1"},"canonical":"https:\/\/pulso27.com\/en\/actualidad\/aumento-del-precio-de-balon-de-gas-afecta-a-7-millones-de-hogares-y-200-mil-mypes\/","og_locale":"en_US","og_type":"article","og_title":"Aumento del Precio de Bal\u00f3n de Gas afecta a 7 millones de hogares y 200 mil MyPEs - Pulso27","og_description":"El reciente incremento de S\/ 7 soles en el precio del bal\u00f3n de gas en planta gener\u00f3 un fuerte malestar entre los ciudadanos peruanos, quienes ven afectados sus bolsillos por esta medida impuesta por el r\u00e9gimen neoliberal de Dina Boluarte y sus aliados. Seg\u00fan la Sociedad Peruana de Gas Licuado (SPGL), esta subida, la mayor [&hellip;]","og_url":"https:\/\/pulso27.com\/en\/actualidad\/aumento-del-precio-de-balon-de-gas-afecta-a-7-millones-de-hogares-y-200-mil-mypes\/","og_site_name":"Pulso27","article_publisher":"https:\/\/www.facebook.com\/pulso27\/","article_published_time":"2024-04-28T07:40:32+00:00","og_image":[{"width":1200,"height":900,"url":"https:\/\/pulso27.com\/wp-content\/uploads\/2024\/04\/Gassss.jpg","type":"image\/jpeg"}],"author":"Tupaq","twitter_card":"summary_large_image","twitter_creator":"@Pulso_27","twitter_site":"@Pulso_27","twitter_misc":{"Written by":"Tupaq","Est. reading time":"3 minutes"},"schema":{"@context":"https:\/\/schema.org","@graph":[{"@type":"Article","@id":"https:\/\/pulso27.com\/actualidad\/aumento-del-precio-de-balon-de-gas-afecta-a-7-millones-de-hogares-y-200-mil-mypes\/#article","isPartOf":{"@id":"https:\/\/pulso27.com\/actualidad\/aumento-del-precio-de-balon-de-gas-afecta-a-7-millones-de-hogares-y-200-mil-mypes\/"},"author":{"name":"Tupaq","@id":"https:\/\/pulso27.com\/en\/#\/schema\/person\/d20fd7f5bc7f2e53fd150d43fca07a78"},"headline":"Aumento del Precio de Bal\u00f3n de Gas afecta a 7 millones de hogares y 200 mil MyPEs","datePublished":"2024-04-28T07:40:32+00:00","mainEntityOfPage":{"@id":"https:\/\/pulso27.com\/actualidad\/aumento-del-precio-de-balon-de-gas-afecta-a-7-millones-de-hogares-y-200-mil-mypes\/"},"wordCount":579,"commentCount":0,"publisher":{"@id":"https:\/\/pulso27.com\/en\/#organization"},"image":{"@id":"https:\/\/pulso27.com\/actualidad\/aumento-del-precio-de-balon-de-gas-afecta-a-7-millones-de-hogares-y-200-mil-mypes\/#primaryimage"},"thumbnailUrl":"https:\/\/pulso27.com\/wp-content\/uploads\/2024\/04\/Gassss.jpg","keywords":["Bal\u00f3n de gas","Cocina","Gas"],"articleSection":["Actualidad","Sociedad"],"inLanguage":"en-US","potentialAction":[{"@type":"CommentAction","name":"Comment","target":["https:\/\/pulso27.com\/actualidad\/aumento-del-precio-de-balon-de-gas-afecta-a-7-millones-de-hogares-y-200-mil-mypes\/#respond"]}]},{"@type":"WebPage","@id":"https:\/\/pulso27.com\/actualidad\/aumento-del-precio-de-balon-de-gas-afecta-a-7-millones-de-hogares-y-200-mil-mypes\/","url":"https:\/\/pulso27.com\/actualidad\/aumento-del-precio-de-balon-de-gas-afecta-a-7-millones-de-hogares-y-200-mil-mypes\/","name":"Aumento del Precio de Bal\u00f3n de Gas afecta a 7 millones de hogares y 200 mil MyPEs - Pulso27","isPartOf":{"@id":"https:\/\/pulso27.com\/en\/#website"},"primaryImageOfPage":{"@id":"https:\/\/pulso27.com\/actualidad\/aumento-del-precio-de-balon-de-gas-afecta-a-7-millones-de-hogares-y-200-mil-mypes\/#primaryimage"},"image":{"@id":"https:\/\/pulso27.com\/actualidad\/aumento-del-precio-de-balon-de-gas-afecta-a-7-millones-de-hogares-y-200-mil-mypes\/#primaryimage"},"thumbnailUrl":"https:\/\/pulso27.com\/wp-content\/uploads\/2024\/04\/Gassss.jpg","datePublished":"2024-04-28T07:40:32+00:00","breadcrumb":{"@id":"https:\/\/pulso27.com\/actualidad\/aumento-del-precio-de-balon-de-gas-afecta-a-7-millones-de-hogares-y-200-mil-mypes\/#breadcrumb"},"inLanguage":"en-US","potentialAction":[{"@type":"ReadAction","target":["https:\/\/pulso27.com\/actualidad\/aumento-del-precio-de-balon-de-gas-afecta-a-7-millones-de-hogares-y-200-mil-mypes\/"]}]},{"@type":"ImageObject","inLanguage":"en-US","@id":"https:\/\/pulso27.com\/actualidad\/aumento-del-precio-de-balon-de-gas-afecta-a-7-millones-de-hogares-y-200-mil-mypes\/#primaryimage","url":"https:\/\/pulso27.com\/wp-content\/uploads\/2024\/04\/Gassss.jpg","contentUrl":"https:\/\/pulso27.com\/wp-content\/uploads\/2024\/04\/Gassss.jpg","width":1200,"height":900},{"@type":"BreadcrumbList","@id":"https:\/\/pulso27.com\/actualidad\/aumento-del-precio-de-balon-de-gas-afecta-a-7-millones-de-hogares-y-200-mil-mypes\/#breadcrumb","itemListElement":[{"@type":"ListItem","position":1,"name":"Portada","item":"https:\/\/pulso27.com\/"},{"@type":"ListItem","position":2,"name":"Aumento del Precio de Bal\u00f3n de Gas afecta a 7 millones de hogares y 200 mil MyPEs"}]},{"@type":"WebSite","@id":"https:\/\/pulso27.com\/en\/#website","url":"https:\/\/pulso27.com\/en\/","name":"Pulso27","description":"Web de noticias y publicidad","publisher":{"@id":"https:\/\/pulso27.com\/en\/#organization"},"alternateName":"El pulso del pueblo","potentialAction":[{"@type":"SearchAction","target":{"@type":"EntryPoint","urlTemplate":"https:\/\/pulso27.com\/en\/?s={search_term_string}"},"query-input":{"@type":"PropertyValueSpecification","valueRequired":true,"valueName":"search_term_string"}}],"inLanguage":"en-US"},{"@type":"Organization","@id":"https:\/\/pulso27.com\/en\/#organization","name":"Pulso27","url":"https:\/\/pulso27.com\/en\/","logo":{"@type":"ImageObject","inLanguage":"en-US","@id":"https:\/\/pulso27.com\/en\/#\/schema\/logo\/image\/","url":"https:\/\/pulso27.com\/wp-content\/uploads\/2026\/02\/Logotipo-de-la-organizacion-696-x-696-px-ok.png","contentUrl":"https:\/\/pulso27.com\/wp-content\/uploads\/2026\/02\/Logotipo-de-la-organizacion-696-x-696-px-ok.png","width":696,"height":696,"caption":"Pulso27"},"image":{"@id":"https:\/\/pulso27.com\/en\/#\/schema\/logo\/image\/"},"sameAs":["https:\/\/www.facebook.com\/pulso27\/","https:\/\/x.com\/Pulso_27","https:\/\/www.youtube.com\/@Pulso27","https:\/\/www.tiktok.com\/@pulso_27"]},{"@type":"Person","@id":"https:\/\/pulso27.com\/en\/#\/schema\/person\/d20fd7f5bc7f2e53fd150d43fca07a78","name":"Tupaq","image":{"@type":"ImageObject","inLanguage":"en-US","@id":"https:\/\/secure.gravatar.com\/avatar\/7929e9b034aeea560319a601e4f04c59eb5f45a79eafe192adabb67e9604e7e7?s=96&d=mm&r=g","url":"https:\/\/secure.gravatar.com\/avatar\/7929e9b034aeea560319a601e4f04c59eb5f45a79eafe192adabb67e9604e7e7?s=96&d=mm&r=g","contentUrl":"https:\/\/secure.gravatar.com\/avatar\/7929e9b034aeea560319a601e4f04c59eb5f45a79eafe192adabb67e9604e7e7?s=96&d=mm&r=g","caption":"Tupaq"},"url":"https:\/\/pulso27.com\/en\/author\/tupaq\/"}]}},"amp_enabled":true,"_links":{"self":[{"href":"https:\/\/pulso27.com\/en\/wp-json\/wp\/v2\/posts\/1563","targetHints":{"allow":["GET"]}}],"collection":[{"href":"https:\/\/pulso27.com\/en\/wp-json\/wp\/v2\/posts"}],"about":[{"href":"https:\/\/pulso27.com\/en\/wp-json\/wp\/v2\/types\/post"}],"author":[{"embeddable":true,"href":"https:\/\/pulso27.com\/en\/wp-json\/wp\/v2\/users\/7"}],"replies":[{"embeddable":true,"href":"https:\/\/pulso27.com\/en\/wp-json\/wp\/v2\/comments?post=1563"}],"version-history":[{"count":1,"href":"https:\/\/pulso27.com\/en\/wp-json\/wp\/v2\/posts\/1563\/revisions"}],"predecessor-version":[{"id":1567,"href":"https:\/\/pulso27.com\/en\/wp-json\/wp\/v2\/posts\/1563\/revisions\/1567"}],"wp:featuredmedia":[{"embeddable":true,"href":"https:\/\/pulso27.com\/en\/wp-json\/wp\/v2\/media\/1564"}],"wp:attachment":[{"href":"https:\/\/pulso27.com\/en\/wp-json\/wp\/v2\/media?parent=1563"}],"wp:term":[{"taxonomy":"category","embeddable":true,"href":"https:\/\/pulso27.com\/en\/wp-json\/wp\/v2\/categories?post=1563"},{"taxonomy":"post_tag","embeddable":true,"href":"https:\/\/pulso27.com\/en\/wp-json\/wp\/v2\/tags?post=1563"}],"curies":[{"name":"wp","href":"https:\/\/api.w.org\/{rel}","templated":true}]}}