{"id":1578,"date":"2024-04-30T02:09:06","date_gmt":"2024-04-29T21:09:06","guid":{"rendered":"https:\/\/pulso27.com\/?p=1578"},"modified":"2024-04-30T02:09:07","modified_gmt":"2024-04-29T21:09:07","slug":"dina-boluarte-habria-tenido-acceso-previo-a-preguntas-de-patricia-benavides-por-muertes-en-protestas","status":"publish","type":"post","link":"https:\/\/pulso27.com\/en\/actualidad\/policial\/dina-boluarte-habria-tenido-acceso-previo-a-preguntas-de-patricia-benavides-por-muertes-en-protestas\/","title":{"rendered":"Dina Boluarte habr\u00eda tenido acceso previo a preguntas de Patricia Benavides por muertes en protestas"},"content":{"rendered":"<p>Seg\u00fan revelaciones de un testigo protegido, Dina Boluarte, actual presidenta, habr\u00eda recibido informaci\u00f3n privilegiada sobre las preguntas que le realizar\u00eda Patricia Benavides en medio de la investigaci\u00f3n por las muertes en protestas. El testigo indica que esta informaci\u00f3n habr\u00eda llegado a trav\u00e9s de su abogado, Oscar Nieves, y un fiscal adjunto supremo, Marco Huam\u00e1n, relacionado con Benavides.<\/p>\n\n\n\n<p>La historia detr\u00e1s de esta revelaci\u00f3n se remonta a una reuni\u00f3n entre Nieves y Huam\u00e1n en setiembre de 2022, en la cual discut\u00edan la representaci\u00f3n legal de Benavides, quien enfrentaba acusaciones por cambios a fiscales que investigaban a su hermana, Enma Benavides. Este encuentro fue seguido por otro en el que se discuti\u00f3 el caso \u00abDin\u00e1micos del Centro\u00bb, donde Nieves solicit\u00f3 apoyo hasta que Boluarte asumiera la presidencia.<\/p>\n\n\n\n<figure class=\"wp-block-image size-large\"><img loading=\"lazy\" decoding=\"async\" width=\"1024\" height=\"682\" src=\"https:\/\/pulso27.com\/wp-content\/uploads\/2024\/04\/Dina-y-Patriciass-1-1024x682.jpg\" alt=\"\" class=\"wp-image-1582\" srcset=\"https:\/\/pulso27.com\/wp-content\/uploads\/2024\/04\/Dina-y-Patriciass-1-1024x682.jpg 1024w, https:\/\/pulso27.com\/wp-content\/uploads\/2024\/04\/Dina-y-Patriciass-1-300x200.jpg 300w, https:\/\/pulso27.com\/wp-content\/uploads\/2024\/04\/Dina-y-Patriciass-1-768x512.jpg 768w, https:\/\/pulso27.com\/wp-content\/uploads\/2024\/04\/Dina-y-Patriciass-1-1536x1023.jpg 1536w, https:\/\/pulso27.com\/wp-content\/uploads\/2024\/04\/Dina-y-Patriciass-1-18x12.jpg 18w, https:\/\/pulso27.com\/wp-content\/uploads\/2024\/04\/Dina-y-Patriciass-1.jpg 1600w\" sizes=\"auto, (max-width: 1024px) 100vw, 1024px\" \/><figcaption class=\"wp-element-caption\"><em>Familiares de v\u00edctimas del r\u00e9gimen de Dina Boluarte exigen justicia<\/em><\/figcaption><\/figure>\n\n\n\n<p>Sin embargo, la situaci\u00f3n cambi\u00f3 dr\u00e1sticamente cuando las protestas en varias provincias del pa\u00eds se tornaron violentas, Boluarte asumi\u00f3 la presidencia y se produjeron muertes en las manifestaciones. Benavides inici\u00f3 investigaciones por genocidio, homicidio calificado y lesiones graves contra Boluarte. El testigo afirma que Nieves ten\u00eda las preguntas de la Fiscal\u00eda y preparaba a Boluarte para el interrogatorio.<\/p>\n\n\n\n<p>Boluarte fue fotografiada por la prensa de Fiscal\u00eda en marzo de 2023, pero no declar\u00f3. Regres\u00f3 en junio del mismo a\u00f1o para declarar ante Benavides. El testigo sugiere que Boluarte ten\u00eda las preguntas de antemano, lo que explicar\u00eda por qu\u00e9 respondi\u00f3 a las preguntas de Benavides pero objet\u00f3 las de la Procuradur\u00eda. La alianza entre Boluarte y Benavides se habr\u00eda roto cuando el asesor de Benavides fue detenido y ella solicit\u00f3 8 meses para investigar a Boluarte.<\/p>\n\n\n\n<p>Estas revelaciones arrojan luz sobre posibles irregularidades en el proceso de investigaci\u00f3n y sugieren una relaci\u00f3n problem\u00e1tica entre Boluarte, Benavides y algunos fiscales. La necesidad de una investigaci\u00f3n transparente y justa es evidente para garantizar la integridad del proceso judicial y la confianza en las instituciones.<\/p>\n\n\n\n<p>Fuente: Webs y redes de noticias<\/p>","protected":false},"excerpt":{"rendered":"<p>Seg\u00fan revelaciones de un testigo protegido, Dina Boluarte, actual presidenta, habr\u00eda recibido informaci\u00f3n privilegiada sobre las preguntas que le realizar\u00eda Patricia Benavides en medio de la investigaci\u00f3n por las muertes en protestas. El testigo indica que esta informaci\u00f3n habr\u00eda llegado a trav\u00e9s de su abogado, Oscar Nieves, y un fiscal adjunto supremo, Marco Huam\u00e1n, relacionado [&hellip;]<\/p>\n","protected":false},"author":7,"featured_media":1579,"comment_status":"open","ping_status":"open","sticky":false,"template":"","format":"standard","meta":{"footnotes":""},"categories":[183,178],"tags":[315,625,308],"class_list":["post-1578","post","type-post","status-publish","format-standard","has-post-thumbnail","hentry","category-actualidad","category-policial","tag-boluarte","tag-fiscalia","tag-protestas"],"yoast_head":"<!-- This site is optimized with the Yoast SEO plugin v27.4 - https:\/\/yoast.com\/product\/yoast-seo-wordpress\/ -->\n<title>Dina Boluarte habr\u00eda tenido acceso previo a preguntas de Patricia Benavides por muertes en protestas - Pulso27<\/title>\n<meta name=\"robots\" content=\"index, follow, max-snippet:-1, max-image-preview:large, max-video-preview:-1\" \/>\n<link rel=\"canonical\" href=\"https:\/\/pulso27.com\/en\/policial\/dina-boluarte-habria-tenido-acceso-previo-a-preguntas-de-patricia-benavides-por-muertes-en-protestas\/\" \/>\n<meta property=\"og:locale\" content=\"en_US\" \/>\n<meta property=\"og:type\" content=\"article\" \/>\n<meta property=\"og:title\" content=\"Dina Boluarte habr\u00eda tenido acceso previo a preguntas de Patricia Benavides por muertes en protestas - Pulso27\" \/>\n<meta property=\"og:description\" content=\"Seg\u00fan revelaciones de un testigo protegido, Dina Boluarte, actual presidenta, habr\u00eda recibido informaci\u00f3n privilegiada sobre las preguntas que le realizar\u00eda Patricia Benavides en medio de la investigaci\u00f3n por las muertes en protestas. El testigo indica que esta informaci\u00f3n habr\u00eda llegado a trav\u00e9s de su abogado, Oscar Nieves, y un fiscal adjunto supremo, Marco Huam\u00e1n, relacionado [&hellip;]\" \/>\n<meta property=\"og:url\" content=\"https:\/\/pulso27.com\/en\/policial\/dina-boluarte-habria-tenido-acceso-previo-a-preguntas-de-patricia-benavides-por-muertes-en-protestas\/\" \/>\n<meta property=\"og:site_name\" content=\"Pulso27\" \/>\n<meta property=\"article:publisher\" content=\"https:\/\/www.facebook.com\/pulso27\/\" \/>\n<meta property=\"article:published_time\" content=\"2024-04-29T21:09:06+00:00\" \/>\n<meta property=\"article:modified_time\" content=\"2024-04-29T21:09:07+00:00\" \/>\n<meta property=\"og:image\" content=\"https:\/\/pulso27.com\/wp-content\/uploads\/2024\/04\/Dina-y-PAtricia.jpg\" \/>\n\t<meta property=\"og:image:width\" content=\"1800\" \/>\n\t<meta property=\"og:image:height\" content=\"1200\" \/>\n\t<meta property=\"og:image:type\" content=\"image\/jpeg\" \/>\n<meta name=\"author\" content=\"Tupaq\" \/>\n<meta name=\"twitter:card\" content=\"summary_large_image\" \/>\n<meta name=\"twitter:creator\" content=\"@Pulso_27\" \/>\n<meta name=\"twitter:site\" content=\"@Pulso_27\" \/>\n<meta name=\"twitter:label1\" content=\"Written by\" \/>\n\t<meta name=\"twitter:data1\" content=\"Tupaq\" \/>\n\t<meta name=\"twitter:label2\" content=\"Est. reading time\" \/>\n\t<meta name=\"twitter:data2\" content=\"2 minutes\" \/>\n<script type=\"application\/ld+json\" class=\"yoast-schema-graph\">{\"@context\":\"https:\\\/\\\/schema.org\",\"@graph\":[{\"@type\":\"Article\",\"@id\":\"https:\\\/\\\/pulso27.com\\\/policial\\\/dina-boluarte-habria-tenido-acceso-previo-a-preguntas-de-patricia-benavides-por-muertes-en-protestas\\\/#article\",\"isPartOf\":{\"@id\":\"https:\\\/\\\/pulso27.com\\\/policial\\\/dina-boluarte-habria-tenido-acceso-previo-a-preguntas-de-patricia-benavides-por-muertes-en-protestas\\\/\"},\"author\":{\"name\":\"Tupaq\",\"@id\":\"https:\\\/\\\/pulso27.com\\\/en\\\/#\\\/schema\\\/person\\\/d20fd7f5bc7f2e53fd150d43fca07a78\"},\"headline\":\"Dina Boluarte habr\u00eda tenido acceso previo a preguntas de Patricia Benavides por muertes en protestas\",\"datePublished\":\"2024-04-29T21:09:06+00:00\",\"dateModified\":\"2024-04-29T21:09:07+00:00\",\"mainEntityOfPage\":{\"@id\":\"https:\\\/\\\/pulso27.com\\\/policial\\\/dina-boluarte-habria-tenido-acceso-previo-a-preguntas-de-patricia-benavides-por-muertes-en-protestas\\\/\"},\"wordCount\":368,\"commentCount\":0,\"publisher\":{\"@id\":\"https:\\\/\\\/pulso27.com\\\/en\\\/#organization\"},\"image\":{\"@id\":\"https:\\\/\\\/pulso27.com\\\/policial\\\/dina-boluarte-habria-tenido-acceso-previo-a-preguntas-de-patricia-benavides-por-muertes-en-protestas\\\/#primaryimage\"},\"thumbnailUrl\":\"https:\\\/\\\/pulso27.com\\\/wp-content\\\/uploads\\\/2024\\\/04\\\/Dina-y-PAtricia.jpg\",\"keywords\":[\"Boluarte\",\"Fiscal\u00eda\",\"Protestas\"],\"articleSection\":[\"Actualidad\",\"Policial\"],\"inLanguage\":\"en-US\",\"potentialAction\":[{\"@type\":\"CommentAction\",\"name\":\"Comment\",\"target\":[\"https:\\\/\\\/pulso27.com\\\/policial\\\/dina-boluarte-habria-tenido-acceso-previo-a-preguntas-de-patricia-benavides-por-muertes-en-protestas\\\/#respond\"]}]},{\"@type\":\"WebPage\",\"@id\":\"https:\\\/\\\/pulso27.com\\\/policial\\\/dina-boluarte-habria-tenido-acceso-previo-a-preguntas-de-patricia-benavides-por-muertes-en-protestas\\\/\",\"url\":\"https:\\\/\\\/pulso27.com\\\/policial\\\/dina-boluarte-habria-tenido-acceso-previo-a-preguntas-de-patricia-benavides-por-muertes-en-protestas\\\/\",\"name\":\"Dina Boluarte habr\u00eda tenido acceso previo a preguntas de Patricia Benavides por muertes en protestas - Pulso27\",\"isPartOf\":{\"@id\":\"https:\\\/\\\/pulso27.com\\\/en\\\/#website\"},\"primaryImageOfPage\":{\"@id\":\"https:\\\/\\\/pulso27.com\\\/policial\\\/dina-boluarte-habria-tenido-acceso-previo-a-preguntas-de-patricia-benavides-por-muertes-en-protestas\\\/#primaryimage\"},\"image\":{\"@id\":\"https:\\\/\\\/pulso27.com\\\/policial\\\/dina-boluarte-habria-tenido-acceso-previo-a-preguntas-de-patricia-benavides-por-muertes-en-protestas\\\/#primaryimage\"},\"thumbnailUrl\":\"https:\\\/\\\/pulso27.com\\\/wp-content\\\/uploads\\\/2024\\\/04\\\/Dina-y-PAtricia.jpg\",\"datePublished\":\"2024-04-29T21:09:06+00:00\",\"dateModified\":\"2024-04-29T21:09:07+00:00\",\"breadcrumb\":{\"@id\":\"https:\\\/\\\/pulso27.com\\\/policial\\\/dina-boluarte-habria-tenido-acceso-previo-a-preguntas-de-patricia-benavides-por-muertes-en-protestas\\\/#breadcrumb\"},\"inLanguage\":\"en-US\",\"potentialAction\":[{\"@type\":\"ReadAction\",\"target\":[\"https:\\\/\\\/pulso27.com\\\/policial\\\/dina-boluarte-habria-tenido-acceso-previo-a-preguntas-de-patricia-benavides-por-muertes-en-protestas\\\/\"]}]},{\"@type\":\"ImageObject\",\"inLanguage\":\"en-US\",\"@id\":\"https:\\\/\\\/pulso27.com\\\/policial\\\/dina-boluarte-habria-tenido-acceso-previo-a-preguntas-de-patricia-benavides-por-muertes-en-protestas\\\/#primaryimage\",\"url\":\"https:\\\/\\\/pulso27.com\\\/wp-content\\\/uploads\\\/2024\\\/04\\\/Dina-y-PAtricia.jpg\",\"contentUrl\":\"https:\\\/\\\/pulso27.com\\\/wp-content\\\/uploads\\\/2024\\\/04\\\/Dina-y-PAtricia.jpg\",\"width\":1800,\"height\":1200},{\"@type\":\"BreadcrumbList\",\"@id\":\"https:\\\/\\\/pulso27.com\\\/policial\\\/dina-boluarte-habria-tenido-acceso-previo-a-preguntas-de-patricia-benavides-por-muertes-en-protestas\\\/#breadcrumb\",\"itemListElement\":[{\"@type\":\"ListItem\",\"position\":1,\"name\":\"Portada\",\"item\":\"https:\\\/\\\/pulso27.com\\\/\"},{\"@type\":\"ListItem\",\"position\":2,\"name\":\"Dina Boluarte habr\u00eda tenido acceso previo a preguntas de Patricia Benavides por muertes en protestas\"}]},{\"@type\":\"WebSite\",\"@id\":\"https:\\\/\\\/pulso27.com\\\/en\\\/#website\",\"url\":\"https:\\\/\\\/pulso27.com\\\/en\\\/\",\"name\":\"Pulso27\",\"description\":\"Web de noticias y publicidad\",\"publisher\":{\"@id\":\"https:\\\/\\\/pulso27.com\\\/en\\\/#organization\"},\"alternateName\":\"El pulso del pueblo\",\"potentialAction\":[{\"@type\":\"SearchAction\",\"target\":{\"@type\":\"EntryPoint\",\"urlTemplate\":\"https:\\\/\\\/pulso27.com\\\/en\\\/?s={search_term_string}\"},\"query-input\":{\"@type\":\"PropertyValueSpecification\",\"valueRequired\":true,\"valueName\":\"search_term_string\"}}],\"inLanguage\":\"en-US\"},{\"@type\":\"Organization\",\"@id\":\"https:\\\/\\\/pulso27.com\\\/en\\\/#organization\",\"name\":\"Pulso27\",\"url\":\"https:\\\/\\\/pulso27.com\\\/en\\\/\",\"logo\":{\"@type\":\"ImageObject\",\"inLanguage\":\"en-US\",\"@id\":\"https:\\\/\\\/pulso27.com\\\/en\\\/#\\\/schema\\\/logo\\\/image\\\/\",\"url\":\"https:\\\/\\\/pulso27.com\\\/wp-content\\\/uploads\\\/2026\\\/02\\\/Logotipo-de-la-organizacion-696-x-696-px-ok.png\",\"contentUrl\":\"https:\\\/\\\/pulso27.com\\\/wp-content\\\/uploads\\\/2026\\\/02\\\/Logotipo-de-la-organizacion-696-x-696-px-ok.png\",\"width\":696,\"height\":696,\"caption\":\"Pulso27\"},\"image\":{\"@id\":\"https:\\\/\\\/pulso27.com\\\/en\\\/#\\\/schema\\\/logo\\\/image\\\/\"},\"sameAs\":[\"https:\\\/\\\/www.facebook.com\\\/pulso27\\\/\",\"https:\\\/\\\/x.com\\\/Pulso_27\",\"https:\\\/\\\/www.youtube.com\\\/@Pulso27\",\"https:\\\/\\\/www.tiktok.com\\\/@pulso_27\"]},{\"@type\":\"Person\",\"@id\":\"https:\\\/\\\/pulso27.com\\\/en\\\/#\\\/schema\\\/person\\\/d20fd7f5bc7f2e53fd150d43fca07a78\",\"name\":\"Tupaq\",\"image\":{\"@type\":\"ImageObject\",\"inLanguage\":\"en-US\",\"@id\":\"https:\\\/\\\/secure.gravatar.com\\\/avatar\\\/7929e9b034aeea560319a601e4f04c59eb5f45a79eafe192adabb67e9604e7e7?s=96&d=mm&r=g\",\"url\":\"https:\\\/\\\/secure.gravatar.com\\\/avatar\\\/7929e9b034aeea560319a601e4f04c59eb5f45a79eafe192adabb67e9604e7e7?s=96&d=mm&r=g\",\"contentUrl\":\"https:\\\/\\\/secure.gravatar.com\\\/avatar\\\/7929e9b034aeea560319a601e4f04c59eb5f45a79eafe192adabb67e9604e7e7?s=96&d=mm&r=g\",\"caption\":\"Tupaq\"},\"url\":\"https:\\\/\\\/pulso27.com\\\/en\\\/author\\\/tupaq\\\/\"}]}<\/script>\n<!-- \/ Yoast SEO plugin. -->","yoast_head_json":{"title":"Dina Boluarte habr\u00eda tenido acceso previo a preguntas de Patricia Benavides por muertes en protestas - Pulso27","robots":{"index":"index","follow":"follow","max-snippet":"max-snippet:-1","max-image-preview":"max-image-preview:large","max-video-preview":"max-video-preview:-1"},"canonical":"https:\/\/pulso27.com\/en\/policial\/dina-boluarte-habria-tenido-acceso-previo-a-preguntas-de-patricia-benavides-por-muertes-en-protestas\/","og_locale":"en_US","og_type":"article","og_title":"Dina Boluarte habr\u00eda tenido acceso previo a preguntas de Patricia Benavides por muertes en protestas - Pulso27","og_description":"Seg\u00fan revelaciones de un testigo protegido, Dina Boluarte, actual presidenta, habr\u00eda recibido informaci\u00f3n privilegiada sobre las preguntas que le realizar\u00eda Patricia Benavides en medio de la investigaci\u00f3n por las muertes en protestas. El testigo indica que esta informaci\u00f3n habr\u00eda llegado a trav\u00e9s de su abogado, Oscar Nieves, y un fiscal adjunto supremo, Marco Huam\u00e1n, relacionado [&hellip;]","og_url":"https:\/\/pulso27.com\/en\/policial\/dina-boluarte-habria-tenido-acceso-previo-a-preguntas-de-patricia-benavides-por-muertes-en-protestas\/","og_site_name":"Pulso27","article_publisher":"https:\/\/www.facebook.com\/pulso27\/","article_published_time":"2024-04-29T21:09:06+00:00","article_modified_time":"2024-04-29T21:09:07+00:00","og_image":[{"width":1800,"height":1200,"url":"https:\/\/pulso27.com\/wp-content\/uploads\/2024\/04\/Dina-y-PAtricia.jpg","type":"image\/jpeg"}],"author":"Tupaq","twitter_card":"summary_large_image","twitter_creator":"@Pulso_27","twitter_site":"@Pulso_27","twitter_misc":{"Written by":"Tupaq","Est. reading time":"2 minutes"},"schema":{"@context":"https:\/\/schema.org","@graph":[{"@type":"Article","@id":"https:\/\/pulso27.com\/policial\/dina-boluarte-habria-tenido-acceso-previo-a-preguntas-de-patricia-benavides-por-muertes-en-protestas\/#article","isPartOf":{"@id":"https:\/\/pulso27.com\/policial\/dina-boluarte-habria-tenido-acceso-previo-a-preguntas-de-patricia-benavides-por-muertes-en-protestas\/"},"author":{"name":"Tupaq","@id":"https:\/\/pulso27.com\/en\/#\/schema\/person\/d20fd7f5bc7f2e53fd150d43fca07a78"},"headline":"Dina Boluarte habr\u00eda tenido acceso previo a preguntas de Patricia Benavides por muertes en protestas","datePublished":"2024-04-29T21:09:06+00:00","dateModified":"2024-04-29T21:09:07+00:00","mainEntityOfPage":{"@id":"https:\/\/pulso27.com\/policial\/dina-boluarte-habria-tenido-acceso-previo-a-preguntas-de-patricia-benavides-por-muertes-en-protestas\/"},"wordCount":368,"commentCount":0,"publisher":{"@id":"https:\/\/pulso27.com\/en\/#organization"},"image":{"@id":"https:\/\/pulso27.com\/policial\/dina-boluarte-habria-tenido-acceso-previo-a-preguntas-de-patricia-benavides-por-muertes-en-protestas\/#primaryimage"},"thumbnailUrl":"https:\/\/pulso27.com\/wp-content\/uploads\/2024\/04\/Dina-y-PAtricia.jpg","keywords":["Boluarte","Fiscal\u00eda","Protestas"],"articleSection":["Actualidad","Policial"],"inLanguage":"en-US","potentialAction":[{"@type":"CommentAction","name":"Comment","target":["https:\/\/pulso27.com\/policial\/dina-boluarte-habria-tenido-acceso-previo-a-preguntas-de-patricia-benavides-por-muertes-en-protestas\/#respond"]}]},{"@type":"WebPage","@id":"https:\/\/pulso27.com\/policial\/dina-boluarte-habria-tenido-acceso-previo-a-preguntas-de-patricia-benavides-por-muertes-en-protestas\/","url":"https:\/\/pulso27.com\/policial\/dina-boluarte-habria-tenido-acceso-previo-a-preguntas-de-patricia-benavides-por-muertes-en-protestas\/","name":"Dina Boluarte habr\u00eda tenido acceso previo a preguntas de Patricia Benavides por muertes en protestas - Pulso27","isPartOf":{"@id":"https:\/\/pulso27.com\/en\/#website"},"primaryImageOfPage":{"@id":"https:\/\/pulso27.com\/policial\/dina-boluarte-habria-tenido-acceso-previo-a-preguntas-de-patricia-benavides-por-muertes-en-protestas\/#primaryimage"},"image":{"@id":"https:\/\/pulso27.com\/policial\/dina-boluarte-habria-tenido-acceso-previo-a-preguntas-de-patricia-benavides-por-muertes-en-protestas\/#primaryimage"},"thumbnailUrl":"https:\/\/pulso27.com\/wp-content\/uploads\/2024\/04\/Dina-y-PAtricia.jpg","datePublished":"2024-04-29T21:09:06+00:00","dateModified":"2024-04-29T21:09:07+00:00","breadcrumb":{"@id":"https:\/\/pulso27.com\/policial\/dina-boluarte-habria-tenido-acceso-previo-a-preguntas-de-patricia-benavides-por-muertes-en-protestas\/#breadcrumb"},"inLanguage":"en-US","potentialAction":[{"@type":"ReadAction","target":["https:\/\/pulso27.com\/policial\/dina-boluarte-habria-tenido-acceso-previo-a-preguntas-de-patricia-benavides-por-muertes-en-protestas\/"]}]},{"@type":"ImageObject","inLanguage":"en-US","@id":"https:\/\/pulso27.com\/policial\/dina-boluarte-habria-tenido-acceso-previo-a-preguntas-de-patricia-benavides-por-muertes-en-protestas\/#primaryimage","url":"https:\/\/pulso27.com\/wp-content\/uploads\/2024\/04\/Dina-y-PAtricia.jpg","contentUrl":"https:\/\/pulso27.com\/wp-content\/uploads\/2024\/04\/Dina-y-PAtricia.jpg","width":1800,"height":1200},{"@type":"BreadcrumbList","@id":"https:\/\/pulso27.com\/policial\/dina-boluarte-habria-tenido-acceso-previo-a-preguntas-de-patricia-benavides-por-muertes-en-protestas\/#breadcrumb","itemListElement":[{"@type":"ListItem","position":1,"name":"Portada","item":"https:\/\/pulso27.com\/"},{"@type":"ListItem","position":2,"name":"Dina Boluarte habr\u00eda tenido acceso previo a preguntas de Patricia Benavides por muertes en protestas"}]},{"@type":"WebSite","@id":"https:\/\/pulso27.com\/en\/#website","url":"https:\/\/pulso27.com\/en\/","name":"Pulso27","description":"Web de noticias y publicidad","publisher":{"@id":"https:\/\/pulso27.com\/en\/#organization"},"alternateName":"El pulso del pueblo","potentialAction":[{"@type":"SearchAction","target":{"@type":"EntryPoint","urlTemplate":"https:\/\/pulso27.com\/en\/?s={search_term_string}"},"query-input":{"@type":"PropertyValueSpecification","valueRequired":true,"valueName":"search_term_string"}}],"inLanguage":"en-US"},{"@type":"Organization","@id":"https:\/\/pulso27.com\/en\/#organization","name":"Pulso27","url":"https:\/\/pulso27.com\/en\/","logo":{"@type":"ImageObject","inLanguage":"en-US","@id":"https:\/\/pulso27.com\/en\/#\/schema\/logo\/image\/","url":"https:\/\/pulso27.com\/wp-content\/uploads\/2026\/02\/Logotipo-de-la-organizacion-696-x-696-px-ok.png","contentUrl":"https:\/\/pulso27.com\/wp-content\/uploads\/2026\/02\/Logotipo-de-la-organizacion-696-x-696-px-ok.png","width":696,"height":696,"caption":"Pulso27"},"image":{"@id":"https:\/\/pulso27.com\/en\/#\/schema\/logo\/image\/"},"sameAs":["https:\/\/www.facebook.com\/pulso27\/","https:\/\/x.com\/Pulso_27","https:\/\/www.youtube.com\/@Pulso27","https:\/\/www.tiktok.com\/@pulso_27"]},{"@type":"Person","@id":"https:\/\/pulso27.com\/en\/#\/schema\/person\/d20fd7f5bc7f2e53fd150d43fca07a78","name":"Tupaq","image":{"@type":"ImageObject","inLanguage":"en-US","@id":"https:\/\/secure.gravatar.com\/avatar\/7929e9b034aeea560319a601e4f04c59eb5f45a79eafe192adabb67e9604e7e7?s=96&d=mm&r=g","url":"https:\/\/secure.gravatar.com\/avatar\/7929e9b034aeea560319a601e4f04c59eb5f45a79eafe192adabb67e9604e7e7?s=96&d=mm&r=g","contentUrl":"https:\/\/secure.gravatar.com\/avatar\/7929e9b034aeea560319a601e4f04c59eb5f45a79eafe192adabb67e9604e7e7?s=96&d=mm&r=g","caption":"Tupaq"},"url":"https:\/\/pulso27.com\/en\/author\/tupaq\/"}]}},"amp_enabled":true,"_links":{"self":[{"href":"https:\/\/pulso27.com\/en\/wp-json\/wp\/v2\/posts\/1578","targetHints":{"allow":["GET"]}}],"collection":[{"href":"https:\/\/pulso27.com\/en\/wp-json\/wp\/v2\/posts"}],"about":[{"href":"https:\/\/pulso27.com\/en\/wp-json\/wp\/v2\/types\/post"}],"author":[{"embeddable":true,"href":"https:\/\/pulso27.com\/en\/wp-json\/wp\/v2\/users\/7"}],"replies":[{"embeddable":true,"href":"https:\/\/pulso27.com\/en\/wp-json\/wp\/v2\/comments?post=1578"}],"version-history":[{"count":1,"href":"https:\/\/pulso27.com\/en\/wp-json\/wp\/v2\/posts\/1578\/revisions"}],"predecessor-version":[{"id":1583,"href":"https:\/\/pulso27.com\/en\/wp-json\/wp\/v2\/posts\/1578\/revisions\/1583"}],"wp:featuredmedia":[{"embeddable":true,"href":"https:\/\/pulso27.com\/en\/wp-json\/wp\/v2\/media\/1579"}],"wp:attachment":[{"href":"https:\/\/pulso27.com\/en\/wp-json\/wp\/v2\/media?parent=1578"}],"wp:term":[{"taxonomy":"category","embeddable":true,"href":"https:\/\/pulso27.com\/en\/wp-json\/wp\/v2\/categories?post=1578"},{"taxonomy":"post_tag","embeddable":true,"href":"https:\/\/pulso27.com\/en\/wp-json\/wp\/v2\/tags?post=1578"}],"curies":[{"name":"wp","href":"https:\/\/api.w.org\/{rel}","templated":true}]}}