{"id":160,"date":"2023-07-04T11:01:00","date_gmt":"2023-07-04T11:01:00","guid":{"rendered":"http:\/\/www.mvpthemes.com\/zoxnews\/?p=160"},"modified":"2024-10-14T10:13:18","modified_gmt":"2024-10-14T05:13:18","slug":"according-to-dior-couture-this-taboo-fashion-accessory-is-back","status":"publish","type":"post","link":"https:\/\/pulso27.com\/en\/actualidad\/politica\/according-to-dior-couture-this-taboo-fashion-accessory-is-back\/","title":{"rendered":"Congreso ahora retoma reelecci\u00f3n de alcaldes y gobernadores"},"content":{"rendered":"<p>La Comisi\u00f3n de Constituci\u00f3n, que dirige la fujimorista Martha Moyano, program\u00f3 para hoy el debate y posible votaci\u00f3n del predictamen de reforma constitucional para el retorno a la reelecci\u00f3n de los alcaldes y los gobernadores regionales. El tema retorna a la agenda p\u00fablica en simult\u00e1neo con el inter\u00e9s de un sector del Congreso de insistir en regular la reelecci\u00f3n parlamentaria inmediata.<\/p>\n\n\n\n<p>La propuesta que sustentar\u00e1 hoy Moyano contempla la modificaci\u00f3n de dos art\u00edculos de la Constituci\u00f3n. El 191 para regular la reelecci\u00f3n de los gobernadores y el 194 para establecer lo mismo para los alcaldes. En ambos casos, la reelecci\u00f3n ser\u00eda \u00fanicamente por un periodo adicional.<\/p>\n\n\n\n<p>Los m\u00e1s interesados<br>Este eventual retorno a la reelecci\u00f3n de los alcaldes y gobernadores es impulsado b\u00e1sicamente por Fuerza Popular y sus aliados de Avanza Pa\u00eds, seg\u00fan se desprende de las iniciativas normativas presentadas.<\/p>\n\n\n\n<figure class=\"wp-block-image size-full is-resized\"><img loading=\"lazy\" decoding=\"async\" width=\"474\" height=\"316\" src=\"http:\/\/pulso27.com\/wp-content\/uploads\/2023\/11\/image-12.png\" alt=\"\" class=\"wp-image-712\" style=\"width:741px;height:auto\" srcset=\"https:\/\/pulso27.com\/wp-content\/uploads\/2023\/11\/image-12.png 474w, https:\/\/pulso27.com\/wp-content\/uploads\/2023\/11\/image-12-300x200.png 300w\" sizes=\"auto, (max-width: 474px) 100vw, 474px\" \/><\/figure>\n\n\n\n<p>Son tres los proyectos presentados sobre el tema por parlamentarios del fujimorismo, con los n\u00fameros 2027 (Patricia Ju\u00e1rez), 2067 (Arturo Alegr\u00eda) y 2287 (V\u00edctor Flores).<\/p>\n\n\n\n<p>La particularidad se da en el proyecto de Arturo Alegr\u00eda, quien plantea la reelecci\u00f3n sin l\u00edmites de los consejeros regionales y los regidores, aunque la propuesta no ha sido recogida en el predictamen de Moyano.<\/p>\n\n\n\n<p>Los dos proyectos similares presentados sobre el tema por Avanza Pa\u00eds corresponden a las legisladoras Norma Yarrow (2303) y Patricia Chirinos (2225), esta \u00faltima exalcaldesa de La Perla (Callao).<\/p>\n\n\n\n<p>De hecho, Chirinos propone, adem\u00e1s de la reelecci\u00f3n inmediata, la ampliaci\u00f3n de cuatro a cinco a\u00f1os del periodo de mandato de las autoridades ediles. Esto tampoco fue tomado en cuenta en el predictamen.<\/p>\n\n\n\n<figure class=\"wp-block-image is-resized\"><img decoding=\"async\" src=\"blob:http:\/\/pulso27.com\/2d5bf1b9-1b0b-420c-8fde-a7eb7552b132\" alt=\"\" style=\"width:740px;height:auto\"\/><\/figure>\n\n\n\n<p><strong>An\u00e1lisis a medias<\/strong><br>Para este predictamen, la Comisi\u00f3n de Constituci\u00f3n solicit\u00f3 la opini\u00f3n de la Asamblea Nacional de Gobiernos Regionales (ANGR), organizaci\u00f3n que se pronunci\u00f3 a favor, al considerar que el plazo de cuatro a\u00f1os impide ejecutar promesas electorales y culminar proyectos de inversi\u00f3n p\u00fablica.<\/p>\n\n\n\n<p>Aunque a la fecha, a un mes y medio de culminar el a\u00f1o, los actuales gobernadores regionales han ejecutado apenas el 48,3% del presupuesto recibido para obras, quedando pendiente m\u00e1s del 50%, seg\u00fan el Ministerio de Econom\u00eda y Finanzas.<\/p>\n\n\n\n<p>Distinta es la postura del Jurado Nacional de Elecciones (JNE), que envi\u00f3 un oficio al Congreso, en el que pide analizar \u201ccada uno de los problemas planteados en el dictamen emitido por el Congreso que sustent\u00f3 la prohibici\u00f3n de la reelecci\u00f3n inmediata\u201d.<\/p>\n\n\n\n<p>Como se recuerda, la reelecci\u00f3n de alcaldes y gobernadores fue eliminada, con el fin de evitar la corrupci\u00f3n a trav\u00e9s del uso de fondos p\u00fablicos para actos proselitistas durante las campa\u00f1as electorales.<\/p>\n\n\n\n<p>Casi en la misma l\u00ednea, la Oficina Nacional de Procesos Electorales (ONPE) recomend\u00f3 conocer las opiniones t\u00e9cnicas de la Contralor\u00eda General de la Rep\u00fablica, entidad que tiene entre sus funciones la fiscalizaci\u00f3n de los fondos p\u00fablicos.<\/p>\n\n\n\n<p>Por su parte, el Ministerio de Justicia envi\u00f3, en noviembre del 2022, una opini\u00f3n \u00fanicamente sobre el proyecto 2027 de Patricia Ju\u00e1rez y consider\u00f3 que no cumple con desarrollar un fundamento t\u00e9cnico ni hace el an\u00e1lisis sobre el impacto cuantitativo o cualitativo de la norma.<\/p>\n\n\n\n<p>El jueves \u00faltimo, un sector del Congreso intent\u00f3 retomar en el pleno la reforma sobre la reelecci\u00f3n de los parlamentarios. Algunos plantearon que el tema no deb\u00eda pasar de esta nueva semana. El predictamen sobre los gobernadores y alcaldes coincide con dicha agenda.<\/p>\n\n\n\n<p>Eliminaci\u00f3n de las primarias abierta<br>La agenda de la Comisi\u00f3n de Constituci\u00f3n tambi\u00e9n contempla para hoy la participaci\u00f3n de representantes de distintos grupos pol\u00edticos, para conocer sus posturas sobre la eventual eliminaci\u00f3n de las elecciones primarias obligatorias con participaci\u00f3n de toda la ciudadan\u00eda.<\/p>\n\n\n\n<p>Esta propuesta ya est\u00e1 regulada, pero desde el Congreso han adoptado maniobras legales, de forma reiterada, para postergar su aplicaci\u00f3n. Ahora pretenden eliminar la obligatoriedad de forma definitiva.<\/p>\n\n\n\n<p><strong>El predictamen<\/strong><br>Plantean modificaci\u00f3n de dos art\u00edculos de la Constituci\u00f3n con el fin de habilitar la reelecci\u00f3n inmediata de las autoridades subnacionales.<\/p>\n\n\n\n<figure class=\"wp-block-image size-full is-resized\"><img loading=\"lazy\" decoding=\"async\" width=\"640\" height=\"374\" src=\"http:\/\/pulso27.com\/wp-content\/uploads\/2023\/11\/image-9.png\" alt=\"\" class=\"wp-image-703\" style=\"width:742px;height:auto\" srcset=\"https:\/\/pulso27.com\/wp-content\/uploads\/2023\/11\/image-9.png 640w, https:\/\/pulso27.com\/wp-content\/uploads\/2023\/11\/image-9-300x175.png 300w\" sizes=\"auto, (max-width: 640px) 100vw, 640px\" \/><\/figure>\n\n\n\n<figure class=\"wp-block-image size-full\"><img loading=\"lazy\" decoding=\"async\" width=\"640\" height=\"374\" src=\"http:\/\/pulso27.com\/wp-content\/uploads\/2023\/11\/image-10.png\" alt=\"\" class=\"wp-image-704\" srcset=\"https:\/\/pulso27.com\/wp-content\/uploads\/2023\/11\/image-10.png 640w, https:\/\/pulso27.com\/wp-content\/uploads\/2023\/11\/image-10-300x175.png 300w\" sizes=\"auto, (max-width: 640px) 100vw, 640px\" \/><\/figure>","protected":false},"excerpt":{"rendered":"<p>Predictamen. Propuesta es impulsada por Fuerza Popular y Avanza Pa\u00eds. Iniciativa ingresa a la agenda p\u00fablica en paralelo con intenci\u00f3n de un bloque del Congreso para volver a la reelecci\u00f3n parlamentaria. El JNE y la ONPE han pedido un mejor an\u00e1lisis.<\/p>","protected":false},"author":11,"featured_media":705,"comment_status":"open","ping_status":"open","sticky":false,"template":"","format":"standard","meta":{"footnotes":""},"categories":[183,180],"tags":[839],"class_list":["post-160","post","type-post","status-publish","format-standard","has-post-thumbnail","hentry","category-actualidad","category-politica","tag-congresoperu"],"yoast_head":"<!-- This site is optimized with the Yoast SEO plugin v27.4 - https:\/\/yoast.com\/product\/yoast-seo-wordpress\/ -->\n<title>Congreso ahora retoma reelecci\u00f3n de alcaldes y gobernadores - Pulso27<\/title>\n<meta name=\"robots\" content=\"index, follow, max-snippet:-1, max-image-preview:large, max-video-preview:-1\" \/>\n<link rel=\"canonical\" href=\"https:\/\/pulso27.com\/en\/politica\/according-to-dior-couture-this-taboo-fashion-accessory-is-back\/\" \/>\n<meta property=\"og:locale\" content=\"en_US\" \/>\n<meta property=\"og:type\" content=\"article\" \/>\n<meta property=\"og:title\" content=\"Congreso ahora retoma reelecci\u00f3n de alcaldes y gobernadores - Pulso27\" \/>\n<meta property=\"og:description\" content=\"Predictamen. Propuesta es impulsada por Fuerza Popular y Avanza Pa\u00eds. Iniciativa ingresa a la agenda p\u00fablica en paralelo con intenci\u00f3n de un bloque del Congreso para volver a la reelecci\u00f3n parlamentaria. El JNE y la ONPE han pedido un mejor an\u00e1lisis.\" \/>\n<meta property=\"og:url\" content=\"https:\/\/pulso27.com\/en\/politica\/according-to-dior-couture-this-taboo-fashion-accessory-is-back\/\" \/>\n<meta property=\"og:site_name\" content=\"Pulso27\" \/>\n<meta property=\"article:publisher\" content=\"https:\/\/www.facebook.com\/pulso27\/\" \/>\n<meta property=\"article:author\" content=\"https:\/\/www.facebook.com\/pulso27\" \/>\n<meta property=\"article:published_time\" content=\"2023-07-04T11:01:00+00:00\" \/>\n<meta property=\"article:modified_time\" content=\"2024-10-14T05:13:18+00:00\" \/>\n<meta property=\"og:image\" content=\"https:\/\/pulso27.com\/wp-content\/uploads\/2017\/07\/congreso-reeleccion.png\" \/>\n\t<meta property=\"og:image:width\" content=\"607\" \/>\n\t<meta property=\"og:image:height\" content=\"266\" \/>\n\t<meta property=\"og:image:type\" content=\"image\/png\" \/>\n<meta name=\"author\" content=\"Editor\" \/>\n<meta name=\"twitter:card\" content=\"summary_large_image\" \/>\n<meta name=\"twitter:creator\" content=\"@https:\/\/x.com\/Pulso_27\" \/>\n<meta name=\"twitter:site\" content=\"@Pulso_27\" \/>\n<meta name=\"twitter:label1\" content=\"Written by\" \/>\n\t<meta name=\"twitter:data1\" content=\"Editor\" \/>\n\t<meta name=\"twitter:label2\" content=\"Est. reading time\" \/>\n\t<meta name=\"twitter:data2\" content=\"4 minutes\" \/>\n<script type=\"application\/ld+json\" class=\"yoast-schema-graph\">{\"@context\":\"https:\\\/\\\/schema.org\",\"@graph\":[{\"@type\":\"Article\",\"@id\":\"https:\\\/\\\/pulso27.com\\\/politica\\\/according-to-dior-couture-this-taboo-fashion-accessory-is-back\\\/#article\",\"isPartOf\":{\"@id\":\"https:\\\/\\\/pulso27.com\\\/politica\\\/according-to-dior-couture-this-taboo-fashion-accessory-is-back\\\/\"},\"author\":{\"name\":\"Editor\",\"@id\":\"https:\\\/\\\/pulso27.com\\\/en\\\/#\\\/schema\\\/person\\\/e0da4cfacbab724cbf4ab44bcc030735\"},\"headline\":\"Congreso ahora retoma reelecci\u00f3n de alcaldes y gobernadores\",\"datePublished\":\"2023-07-04T11:01:00+00:00\",\"dateModified\":\"2024-10-14T05:13:18+00:00\",\"mainEntityOfPage\":{\"@id\":\"https:\\\/\\\/pulso27.com\\\/politica\\\/according-to-dior-couture-this-taboo-fashion-accessory-is-back\\\/\"},\"wordCount\":709,\"commentCount\":0,\"publisher\":{\"@id\":\"https:\\\/\\\/pulso27.com\\\/en\\\/#organization\"},\"image\":{\"@id\":\"https:\\\/\\\/pulso27.com\\\/politica\\\/according-to-dior-couture-this-taboo-fashion-accessory-is-back\\\/#primaryimage\"},\"thumbnailUrl\":\"https:\\\/\\\/pulso27.com\\\/wp-content\\\/uploads\\\/2017\\\/07\\\/congreso-reeleccion.png\",\"keywords\":[\"CongresoPer\u00fa\"],\"articleSection\":[\"Actualidad\",\"Pol\u00edtica\"],\"inLanguage\":\"en-US\",\"potentialAction\":[{\"@type\":\"CommentAction\",\"name\":\"Comment\",\"target\":[\"https:\\\/\\\/pulso27.com\\\/politica\\\/according-to-dior-couture-this-taboo-fashion-accessory-is-back\\\/#respond\"]}]},{\"@type\":\"WebPage\",\"@id\":\"https:\\\/\\\/pulso27.com\\\/politica\\\/according-to-dior-couture-this-taboo-fashion-accessory-is-back\\\/\",\"url\":\"https:\\\/\\\/pulso27.com\\\/politica\\\/according-to-dior-couture-this-taboo-fashion-accessory-is-back\\\/\",\"name\":\"Congreso ahora retoma reelecci\u00f3n de alcaldes y gobernadores - Pulso27\",\"isPartOf\":{\"@id\":\"https:\\\/\\\/pulso27.com\\\/en\\\/#website\"},\"primaryImageOfPage\":{\"@id\":\"https:\\\/\\\/pulso27.com\\\/politica\\\/according-to-dior-couture-this-taboo-fashion-accessory-is-back\\\/#primaryimage\"},\"image\":{\"@id\":\"https:\\\/\\\/pulso27.com\\\/politica\\\/according-to-dior-couture-this-taboo-fashion-accessory-is-back\\\/#primaryimage\"},\"thumbnailUrl\":\"https:\\\/\\\/pulso27.com\\\/wp-content\\\/uploads\\\/2017\\\/07\\\/congreso-reeleccion.png\",\"datePublished\":\"2023-07-04T11:01:00+00:00\",\"dateModified\":\"2024-10-14T05:13:18+00:00\",\"breadcrumb\":{\"@id\":\"https:\\\/\\\/pulso27.com\\\/politica\\\/according-to-dior-couture-this-taboo-fashion-accessory-is-back\\\/#breadcrumb\"},\"inLanguage\":\"en-US\",\"potentialAction\":[{\"@type\":\"ReadAction\",\"target\":[\"https:\\\/\\\/pulso27.com\\\/politica\\\/according-to-dior-couture-this-taboo-fashion-accessory-is-back\\\/\"]}]},{\"@type\":\"ImageObject\",\"inLanguage\":\"en-US\",\"@id\":\"https:\\\/\\\/pulso27.com\\\/politica\\\/according-to-dior-couture-this-taboo-fashion-accessory-is-back\\\/#primaryimage\",\"url\":\"https:\\\/\\\/pulso27.com\\\/wp-content\\\/uploads\\\/2017\\\/07\\\/congreso-reeleccion.png\",\"contentUrl\":\"https:\\\/\\\/pulso27.com\\\/wp-content\\\/uploads\\\/2017\\\/07\\\/congreso-reeleccion.png\",\"width\":607,\"height\":266},{\"@type\":\"BreadcrumbList\",\"@id\":\"https:\\\/\\\/pulso27.com\\\/politica\\\/according-to-dior-couture-this-taboo-fashion-accessory-is-back\\\/#breadcrumb\",\"itemListElement\":[{\"@type\":\"ListItem\",\"position\":1,\"name\":\"Portada\",\"item\":\"https:\\\/\\\/pulso27.com\\\/\"},{\"@type\":\"ListItem\",\"position\":2,\"name\":\"Congreso ahora retoma reelecci\u00f3n de alcaldes y gobernadores\"}]},{\"@type\":\"WebSite\",\"@id\":\"https:\\\/\\\/pulso27.com\\\/en\\\/#website\",\"url\":\"https:\\\/\\\/pulso27.com\\\/en\\\/\",\"name\":\"Pulso27\",\"description\":\"Web de noticias y publicidad\",\"publisher\":{\"@id\":\"https:\\\/\\\/pulso27.com\\\/en\\\/#organization\"},\"alternateName\":\"El pulso del pueblo\",\"potentialAction\":[{\"@type\":\"SearchAction\",\"target\":{\"@type\":\"EntryPoint\",\"urlTemplate\":\"https:\\\/\\\/pulso27.com\\\/en\\\/?s={search_term_string}\"},\"query-input\":{\"@type\":\"PropertyValueSpecification\",\"valueRequired\":true,\"valueName\":\"search_term_string\"}}],\"inLanguage\":\"en-US\"},{\"@type\":\"Organization\",\"@id\":\"https:\\\/\\\/pulso27.com\\\/en\\\/#organization\",\"name\":\"Pulso27\",\"url\":\"https:\\\/\\\/pulso27.com\\\/en\\\/\",\"logo\":{\"@type\":\"ImageObject\",\"inLanguage\":\"en-US\",\"@id\":\"https:\\\/\\\/pulso27.com\\\/en\\\/#\\\/schema\\\/logo\\\/image\\\/\",\"url\":\"https:\\\/\\\/pulso27.com\\\/wp-content\\\/uploads\\\/2026\\\/02\\\/Logotipo-de-la-organizacion-696-x-696-px-ok.png\",\"contentUrl\":\"https:\\\/\\\/pulso27.com\\\/wp-content\\\/uploads\\\/2026\\\/02\\\/Logotipo-de-la-organizacion-696-x-696-px-ok.png\",\"width\":696,\"height\":696,\"caption\":\"Pulso27\"},\"image\":{\"@id\":\"https:\\\/\\\/pulso27.com\\\/en\\\/#\\\/schema\\\/logo\\\/image\\\/\"},\"sameAs\":[\"https:\\\/\\\/www.facebook.com\\\/pulso27\\\/\",\"https:\\\/\\\/x.com\\\/Pulso_27\",\"https:\\\/\\\/www.youtube.com\\\/@Pulso27\",\"https:\\\/\\\/www.tiktok.com\\\/@pulso_27\"]},{\"@type\":\"Person\",\"@id\":\"https:\\\/\\\/pulso27.com\\\/en\\\/#\\\/schema\\\/person\\\/e0da4cfacbab724cbf4ab44bcc030735\",\"name\":\"Editor\",\"image\":{\"@type\":\"ImageObject\",\"inLanguage\":\"en-US\",\"@id\":\"https:\\\/\\\/pulso27.com\\\/wp-content\\\/uploads\\\/2025\\\/03\\\/c-150x150.png\",\"url\":\"https:\\\/\\\/pulso27.com\\\/wp-content\\\/uploads\\\/2025\\\/03\\\/c-150x150.png\",\"contentUrl\":\"https:\\\/\\\/pulso27.com\\\/wp-content\\\/uploads\\\/2025\\\/03\\\/c-150x150.png\",\"caption\":\"Editor\"},\"sameAs\":[\"http:\\\/\\\/www.pulso27.com\",\"https:\\\/\\\/www.facebook.com\\\/pulso27\",\"https:\\\/\\\/x.com\\\/https:\\\/\\\/x.com\\\/Pulso_27\",\"https:\\\/\\\/www.youtube.com\\\/@Pulso27\"],\"url\":\"https:\\\/\\\/pulso27.com\\\/en\\\/author\\\/editor\\\/\"}]}<\/script>\n<!-- \/ Yoast SEO plugin. -->","yoast_head_json":{"title":"Congreso ahora retoma reelecci\u00f3n de alcaldes y gobernadores - Pulso27","robots":{"index":"index","follow":"follow","max-snippet":"max-snippet:-1","max-image-preview":"max-image-preview:large","max-video-preview":"max-video-preview:-1"},"canonical":"https:\/\/pulso27.com\/en\/politica\/according-to-dior-couture-this-taboo-fashion-accessory-is-back\/","og_locale":"en_US","og_type":"article","og_title":"Congreso ahora retoma reelecci\u00f3n de alcaldes y gobernadores - Pulso27","og_description":"Predictamen. Propuesta es impulsada por Fuerza Popular y Avanza Pa\u00eds. Iniciativa ingresa a la agenda p\u00fablica en paralelo con intenci\u00f3n de un bloque del Congreso para volver a la reelecci\u00f3n parlamentaria. El JNE y la ONPE han pedido un mejor an\u00e1lisis.","og_url":"https:\/\/pulso27.com\/en\/politica\/according-to-dior-couture-this-taboo-fashion-accessory-is-back\/","og_site_name":"Pulso27","article_publisher":"https:\/\/www.facebook.com\/pulso27\/","article_author":"https:\/\/www.facebook.com\/pulso27","article_published_time":"2023-07-04T11:01:00+00:00","article_modified_time":"2024-10-14T05:13:18+00:00","og_image":[{"width":607,"height":266,"url":"https:\/\/pulso27.com\/wp-content\/uploads\/2017\/07\/congreso-reeleccion.png","type":"image\/png"}],"author":"Editor","twitter_card":"summary_large_image","twitter_creator":"@https:\/\/x.com\/Pulso_27","twitter_site":"@Pulso_27","twitter_misc":{"Written by":"Editor","Est. reading time":"4 minutes"},"schema":{"@context":"https:\/\/schema.org","@graph":[{"@type":"Article","@id":"https:\/\/pulso27.com\/politica\/according-to-dior-couture-this-taboo-fashion-accessory-is-back\/#article","isPartOf":{"@id":"https:\/\/pulso27.com\/politica\/according-to-dior-couture-this-taboo-fashion-accessory-is-back\/"},"author":{"name":"Editor","@id":"https:\/\/pulso27.com\/en\/#\/schema\/person\/e0da4cfacbab724cbf4ab44bcc030735"},"headline":"Congreso ahora retoma reelecci\u00f3n de alcaldes y gobernadores","datePublished":"2023-07-04T11:01:00+00:00","dateModified":"2024-10-14T05:13:18+00:00","mainEntityOfPage":{"@id":"https:\/\/pulso27.com\/politica\/according-to-dior-couture-this-taboo-fashion-accessory-is-back\/"},"wordCount":709,"commentCount":0,"publisher":{"@id":"https:\/\/pulso27.com\/en\/#organization"},"image":{"@id":"https:\/\/pulso27.com\/politica\/according-to-dior-couture-this-taboo-fashion-accessory-is-back\/#primaryimage"},"thumbnailUrl":"https:\/\/pulso27.com\/wp-content\/uploads\/2017\/07\/congreso-reeleccion.png","keywords":["CongresoPer\u00fa"],"articleSection":["Actualidad","Pol\u00edtica"],"inLanguage":"en-US","potentialAction":[{"@type":"CommentAction","name":"Comment","target":["https:\/\/pulso27.com\/politica\/according-to-dior-couture-this-taboo-fashion-accessory-is-back\/#respond"]}]},{"@type":"WebPage","@id":"https:\/\/pulso27.com\/politica\/according-to-dior-couture-this-taboo-fashion-accessory-is-back\/","url":"https:\/\/pulso27.com\/politica\/according-to-dior-couture-this-taboo-fashion-accessory-is-back\/","name":"Congreso ahora retoma reelecci\u00f3n de alcaldes y gobernadores - Pulso27","isPartOf":{"@id":"https:\/\/pulso27.com\/en\/#website"},"primaryImageOfPage":{"@id":"https:\/\/pulso27.com\/politica\/according-to-dior-couture-this-taboo-fashion-accessory-is-back\/#primaryimage"},"image":{"@id":"https:\/\/pulso27.com\/politica\/according-to-dior-couture-this-taboo-fashion-accessory-is-back\/#primaryimage"},"thumbnailUrl":"https:\/\/pulso27.com\/wp-content\/uploads\/2017\/07\/congreso-reeleccion.png","datePublished":"2023-07-04T11:01:00+00:00","dateModified":"2024-10-14T05:13:18+00:00","breadcrumb":{"@id":"https:\/\/pulso27.com\/politica\/according-to-dior-couture-this-taboo-fashion-accessory-is-back\/#breadcrumb"},"inLanguage":"en-US","potentialAction":[{"@type":"ReadAction","target":["https:\/\/pulso27.com\/politica\/according-to-dior-couture-this-taboo-fashion-accessory-is-back\/"]}]},{"@type":"ImageObject","inLanguage":"en-US","@id":"https:\/\/pulso27.com\/politica\/according-to-dior-couture-this-taboo-fashion-accessory-is-back\/#primaryimage","url":"https:\/\/pulso27.com\/wp-content\/uploads\/2017\/07\/congreso-reeleccion.png","contentUrl":"https:\/\/pulso27.com\/wp-content\/uploads\/2017\/07\/congreso-reeleccion.png","width":607,"height":266},{"@type":"BreadcrumbList","@id":"https:\/\/pulso27.com\/politica\/according-to-dior-couture-this-taboo-fashion-accessory-is-back\/#breadcrumb","itemListElement":[{"@type":"ListItem","position":1,"name":"Portada","item":"https:\/\/pulso27.com\/"},{"@type":"ListItem","position":2,"name":"Congreso ahora retoma reelecci\u00f3n de alcaldes y gobernadores"}]},{"@type":"WebSite","@id":"https:\/\/pulso27.com\/en\/#website","url":"https:\/\/pulso27.com\/en\/","name":"Pulso27","description":"Web de noticias y publicidad","publisher":{"@id":"https:\/\/pulso27.com\/en\/#organization"},"alternateName":"El pulso del pueblo","potentialAction":[{"@type":"SearchAction","target":{"@type":"EntryPoint","urlTemplate":"https:\/\/pulso27.com\/en\/?s={search_term_string}"},"query-input":{"@type":"PropertyValueSpecification","valueRequired":true,"valueName":"search_term_string"}}],"inLanguage":"en-US"},{"@type":"Organization","@id":"https:\/\/pulso27.com\/en\/#organization","name":"Pulso27","url":"https:\/\/pulso27.com\/en\/","logo":{"@type":"ImageObject","inLanguage":"en-US","@id":"https:\/\/pulso27.com\/en\/#\/schema\/logo\/image\/","url":"https:\/\/pulso27.com\/wp-content\/uploads\/2026\/02\/Logotipo-de-la-organizacion-696-x-696-px-ok.png","contentUrl":"https:\/\/pulso27.com\/wp-content\/uploads\/2026\/02\/Logotipo-de-la-organizacion-696-x-696-px-ok.png","width":696,"height":696,"caption":"Pulso27"},"image":{"@id":"https:\/\/pulso27.com\/en\/#\/schema\/logo\/image\/"},"sameAs":["https:\/\/www.facebook.com\/pulso27\/","https:\/\/x.com\/Pulso_27","https:\/\/www.youtube.com\/@Pulso27","https:\/\/www.tiktok.com\/@pulso_27"]},{"@type":"Person","@id":"https:\/\/pulso27.com\/en\/#\/schema\/person\/e0da4cfacbab724cbf4ab44bcc030735","name":"Editor","image":{"@type":"ImageObject","inLanguage":"en-US","@id":"https:\/\/pulso27.com\/wp-content\/uploads\/2025\/03\/c-150x150.png","url":"https:\/\/pulso27.com\/wp-content\/uploads\/2025\/03\/c-150x150.png","contentUrl":"https:\/\/pulso27.com\/wp-content\/uploads\/2025\/03\/c-150x150.png","caption":"Editor"},"sameAs":["http:\/\/www.pulso27.com","https:\/\/www.facebook.com\/pulso27","https:\/\/x.com\/https:\/\/x.com\/Pulso_27","https:\/\/www.youtube.com\/@Pulso27"],"url":"https:\/\/pulso27.com\/en\/author\/editor\/"}]}},"amp_enabled":true,"_links":{"self":[{"href":"https:\/\/pulso27.com\/en\/wp-json\/wp\/v2\/posts\/160","targetHints":{"allow":["GET"]}}],"collection":[{"href":"https:\/\/pulso27.com\/en\/wp-json\/wp\/v2\/posts"}],"about":[{"href":"https:\/\/pulso27.com\/en\/wp-json\/wp\/v2\/types\/post"}],"author":[{"embeddable":true,"href":"https:\/\/pulso27.com\/en\/wp-json\/wp\/v2\/users\/11"}],"replies":[{"embeddable":true,"href":"https:\/\/pulso27.com\/en\/wp-json\/wp\/v2\/comments?post=160"}],"version-history":[{"count":9,"href":"https:\/\/pulso27.com\/en\/wp-json\/wp\/v2\/posts\/160\/revisions"}],"predecessor-version":[{"id":713,"href":"https:\/\/pulso27.com\/en\/wp-json\/wp\/v2\/posts\/160\/revisions\/713"}],"wp:featuredmedia":[{"embeddable":true,"href":"https:\/\/pulso27.com\/en\/wp-json\/wp\/v2\/media\/705"}],"wp:attachment":[{"href":"https:\/\/pulso27.com\/en\/wp-json\/wp\/v2\/media?parent=160"}],"wp:term":[{"taxonomy":"category","embeddable":true,"href":"https:\/\/pulso27.com\/en\/wp-json\/wp\/v2\/categories?post=160"},{"taxonomy":"post_tag","embeddable":true,"href":"https:\/\/pulso27.com\/en\/wp-json\/wp\/v2\/tags?post=160"}],"curies":[{"name":"wp","href":"https:\/\/api.w.org\/{rel}","templated":true}]}}