{"id":1624,"date":"2024-05-01T22:28:00","date_gmt":"2024-05-01T17:28:00","guid":{"rendered":"https:\/\/pulso27.com\/?p=1624"},"modified":"2024-05-06T10:38:10","modified_gmt":"2024-05-06T05:38:10","slug":"movimiento-popular-mp-saluda-a-los-trabajadores-del-peru-y-el-mundo","status":"publish","type":"post","link":"https:\/\/pulso27.com\/en\/actualidad\/politica\/movimiento-popular-mp-saluda-a-los-trabajadores-del-peru-y-el-mundo\/","title":{"rendered":"Movimiento Popular (MP) saluda a los trabajadores del Per\u00fa y el mundo"},"content":{"rendered":"<p>Compa\u00f1eras y compa\u00f1eros,<br>En este Primero de Mayo, el Movimiento Popular (MP) rinde homenaje a las jornadas heroicas de los trabajadores de todo el mundo. En este d\u00eda, recordamos la entrega y el sacrificio de aquellos que lucharon incansablemente por sus derechos, por la justicia social y por un cambio en el sistema neoliberal que oprime a la clase trabajadora.<\/p>\n\n\n\n<p>En esta fecha hist\u00f3rica nos solidarizamos con los millones de trabajadores que levantan sus voces para reclamar condiciones laborales dignas, salarios justos y la garant\u00eda de sus derechos fundamentales. Reconocemos su valent\u00eda y su coraje al enfrentarse a la explotaci\u00f3n y a la opresi\u00f3n impuesta por un sistema econ\u00f3mico que prioriza las ganancias de unos pocos en detrimento del bienestar de las grandes mayor\u00edas.<\/p>\n\n\n\n<p>Bajo las banderas del Movimiento Popular (MP) nos comprometemos a seguir luchando por un cambio profundo, por un sistema que ponga en el centro la dignidad humana y la igualdad de oportunidades para todos. Nos inspiramos en el ejemplo de Jos\u00e9 Carlos Mari\u00e1tegui, cuyo pensamiento nos gu\u00eda en la ardua tarea de forjar una patria nueva, libre de la explotaci\u00f3n y la opresi\u00f3n. Su ideario nos recuerda que la revoluci\u00f3n no es solo una necesidad hist\u00f3rica, sino un imperativo moral para liberar a la humanidad de las cadenas de la desigualdad.<\/p>\n\n\n\n<p>Saludamos a los m\u00e1rtires de la clase trabajadora, aquellos que han dado sus vidas en la b\u00fasqueda de una sociedad m\u00e1s justa y equitativa. Su sacrificio no ha sido en vano, y nos impulsa a seguir adelante en la lucha por un mundo donde los derechos laborales sean respetados, donde la riqueza se distribuya de manera justa y donde todas las personas tengan acceso a oportunidades de desarrollo y realizaci\u00f3n personal.<\/p>\n\n\n\n<p>Que este Primero de Mayo sea un nuevo amanecer en la lucha por la emancipaci\u00f3n de la clase trabajadora. Un\u00e1monos en las calles, en las f\u00e1bricas, en los campos y en todas las trincheras de la batalla revolucionaria. Juntos, construiremos un futuro donde el socialismo sea una realidad tangible, una sociedad basada en la fraternidad, la solidaridad y la justicia.<\/p>\n\n\n\n<p>Hoy Primero de Mayo, el Movimiento Popular (MP), enarbola con orgullo las banderas del socialismo, s\u00edmbolo de la lucha por la emancipaci\u00f3n de los trabajadores y trabajadoras y nos comprometemos a seguir construyendo un movimiento fuerte y unido, capaz de hacer frente a los desaf\u00edos que se presentan, y de construir un futuro en el que seamos due\u00f1os de nuestro propio destino.<\/p>\n\n\n\n<p>\u00a1Que viva el Primero de Mayo, d\u00eda de lucha y esperanza!<br>\u00a1Honor y gloria a los m\u00e1rtires de la clase trabajadora!<br>\u00a1Por un mundo m\u00e1s justo y humano!<br>\u00a1Viva Jos\u00e9 Carlos Mari\u00e1tegui!<\/p>","protected":false},"excerpt":{"rendered":"<p>Compa\u00f1eras y compa\u00f1eros,En este Primero de Mayo, el Movimiento Popular (MP) rinde homenaje a las jornadas heroicas de los trabajadores de todo el mundo. En este d\u00eda, recordamos la entrega y el sacrificio de aquellos que lucharon incansablemente por sus derechos, por la justicia social y por un cambio en el sistema neoliberal que oprime [&hellip;]<\/p>\n","protected":false},"author":7,"featured_media":1627,"comment_status":"open","ping_status":"open","sticky":false,"template":"","format":"standard","meta":{"footnotes":""},"categories":[180],"tags":[687,688],"class_list":["post-1624","post","type-post","status-publish","format-standard","has-post-thumbnail","hentry","category-politica","tag-comunicado","tag-dia-del-trabajador"],"yoast_head":"<!-- This site is optimized with the Yoast SEO plugin v27.4 - https:\/\/yoast.com\/product\/yoast-seo-wordpress\/ -->\n<title>Movimiento Popular (MP) saluda a los trabajadores del Per\u00fa y el mundo - Pulso27<\/title>\n<meta name=\"robots\" content=\"index, follow, max-snippet:-1, max-image-preview:large, max-video-preview:-1\" \/>\n<link rel=\"canonical\" href=\"https:\/\/pulso27.com\/en\/politica\/movimiento-popular-mp-saluda-a-los-trabajadores-del-peru-y-el-mundo\/\" \/>\n<meta property=\"og:locale\" content=\"en_US\" \/>\n<meta property=\"og:type\" content=\"article\" \/>\n<meta property=\"og:title\" content=\"Movimiento Popular (MP) saluda a los trabajadores del Per\u00fa y el mundo - Pulso27\" \/>\n<meta property=\"og:description\" content=\"Compa\u00f1eras y compa\u00f1eros,En este Primero de Mayo, el Movimiento Popular (MP) rinde homenaje a las jornadas heroicas de los trabajadores de todo el mundo. En este d\u00eda, recordamos la entrega y el sacrificio de aquellos que lucharon incansablemente por sus derechos, por la justicia social y por un cambio en el sistema neoliberal que oprime [&hellip;]\" \/>\n<meta property=\"og:url\" content=\"https:\/\/pulso27.com\/en\/politica\/movimiento-popular-mp-saluda-a-los-trabajadores-del-peru-y-el-mundo\/\" \/>\n<meta property=\"og:site_name\" content=\"Pulso27\" \/>\n<meta property=\"article:publisher\" content=\"https:\/\/www.facebook.com\/pulso27\/\" \/>\n<meta property=\"article:published_time\" content=\"2024-05-01T17:28:00+00:00\" \/>\n<meta property=\"article:modified_time\" content=\"2024-05-06T05:38:10+00:00\" \/>\n<meta property=\"og:image\" content=\"https:\/\/pulso27.com\/wp-content\/uploads\/2024\/05\/MP-web.jpg\" \/>\n\t<meta property=\"og:image:width\" content=\"1252\" \/>\n\t<meta property=\"og:image:height\" content=\"886\" \/>\n\t<meta property=\"og:image:type\" content=\"image\/jpeg\" \/>\n<meta name=\"author\" content=\"Tupaq\" \/>\n<meta name=\"twitter:card\" content=\"summary_large_image\" \/>\n<meta name=\"twitter:creator\" content=\"@Pulso_27\" \/>\n<meta name=\"twitter:site\" content=\"@Pulso_27\" \/>\n<meta name=\"twitter:label1\" content=\"Written by\" \/>\n\t<meta name=\"twitter:data1\" content=\"Tupaq\" \/>\n\t<meta name=\"twitter:label2\" content=\"Est. reading time\" \/>\n\t<meta name=\"twitter:data2\" content=\"2 minutes\" \/>\n<script type=\"application\/ld+json\" class=\"yoast-schema-graph\">{\"@context\":\"https:\\\/\\\/schema.org\",\"@graph\":[{\"@type\":\"Article\",\"@id\":\"https:\\\/\\\/pulso27.com\\\/politica\\\/movimiento-popular-mp-saluda-a-los-trabajadores-del-peru-y-el-mundo\\\/#article\",\"isPartOf\":{\"@id\":\"https:\\\/\\\/pulso27.com\\\/politica\\\/movimiento-popular-mp-saluda-a-los-trabajadores-del-peru-y-el-mundo\\\/\"},\"author\":{\"name\":\"Tupaq\",\"@id\":\"https:\\\/\\\/pulso27.com\\\/en\\\/#\\\/schema\\\/person\\\/d20fd7f5bc7f2e53fd150d43fca07a78\"},\"headline\":\"Movimiento Popular (MP) saluda a los trabajadores del Per\u00fa y el mundo\",\"datePublished\":\"2024-05-01T17:28:00+00:00\",\"dateModified\":\"2024-05-06T05:38:10+00:00\",\"mainEntityOfPage\":{\"@id\":\"https:\\\/\\\/pulso27.com\\\/politica\\\/movimiento-popular-mp-saluda-a-los-trabajadores-del-peru-y-el-mundo\\\/\"},\"wordCount\":483,\"commentCount\":0,\"publisher\":{\"@id\":\"https:\\\/\\\/pulso27.com\\\/en\\\/#organization\"},\"image\":{\"@id\":\"https:\\\/\\\/pulso27.com\\\/politica\\\/movimiento-popular-mp-saluda-a-los-trabajadores-del-peru-y-el-mundo\\\/#primaryimage\"},\"thumbnailUrl\":\"https:\\\/\\\/pulso27.com\\\/wp-content\\\/uploads\\\/2024\\\/05\\\/MP-web.jpg\",\"keywords\":[\"Comunicado\",\"Dia del Trabajador\"],\"articleSection\":[\"Pol\u00edtica\"],\"inLanguage\":\"en-US\",\"potentialAction\":[{\"@type\":\"CommentAction\",\"name\":\"Comment\",\"target\":[\"https:\\\/\\\/pulso27.com\\\/politica\\\/movimiento-popular-mp-saluda-a-los-trabajadores-del-peru-y-el-mundo\\\/#respond\"]}]},{\"@type\":\"WebPage\",\"@id\":\"https:\\\/\\\/pulso27.com\\\/politica\\\/movimiento-popular-mp-saluda-a-los-trabajadores-del-peru-y-el-mundo\\\/\",\"url\":\"https:\\\/\\\/pulso27.com\\\/politica\\\/movimiento-popular-mp-saluda-a-los-trabajadores-del-peru-y-el-mundo\\\/\",\"name\":\"Movimiento Popular (MP) saluda a los trabajadores del Per\u00fa y el mundo - Pulso27\",\"isPartOf\":{\"@id\":\"https:\\\/\\\/pulso27.com\\\/en\\\/#website\"},\"primaryImageOfPage\":{\"@id\":\"https:\\\/\\\/pulso27.com\\\/politica\\\/movimiento-popular-mp-saluda-a-los-trabajadores-del-peru-y-el-mundo\\\/#primaryimage\"},\"image\":{\"@id\":\"https:\\\/\\\/pulso27.com\\\/politica\\\/movimiento-popular-mp-saluda-a-los-trabajadores-del-peru-y-el-mundo\\\/#primaryimage\"},\"thumbnailUrl\":\"https:\\\/\\\/pulso27.com\\\/wp-content\\\/uploads\\\/2024\\\/05\\\/MP-web.jpg\",\"datePublished\":\"2024-05-01T17:28:00+00:00\",\"dateModified\":\"2024-05-06T05:38:10+00:00\",\"breadcrumb\":{\"@id\":\"https:\\\/\\\/pulso27.com\\\/politica\\\/movimiento-popular-mp-saluda-a-los-trabajadores-del-peru-y-el-mundo\\\/#breadcrumb\"},\"inLanguage\":\"en-US\",\"potentialAction\":[{\"@type\":\"ReadAction\",\"target\":[\"https:\\\/\\\/pulso27.com\\\/politica\\\/movimiento-popular-mp-saluda-a-los-trabajadores-del-peru-y-el-mundo\\\/\"]}]},{\"@type\":\"ImageObject\",\"inLanguage\":\"en-US\",\"@id\":\"https:\\\/\\\/pulso27.com\\\/politica\\\/movimiento-popular-mp-saluda-a-los-trabajadores-del-peru-y-el-mundo\\\/#primaryimage\",\"url\":\"https:\\\/\\\/pulso27.com\\\/wp-content\\\/uploads\\\/2024\\\/05\\\/MP-web.jpg\",\"contentUrl\":\"https:\\\/\\\/pulso27.com\\\/wp-content\\\/uploads\\\/2024\\\/05\\\/MP-web.jpg\",\"width\":1252,\"height\":886},{\"@type\":\"BreadcrumbList\",\"@id\":\"https:\\\/\\\/pulso27.com\\\/politica\\\/movimiento-popular-mp-saluda-a-los-trabajadores-del-peru-y-el-mundo\\\/#breadcrumb\",\"itemListElement\":[{\"@type\":\"ListItem\",\"position\":1,\"name\":\"Portada\",\"item\":\"https:\\\/\\\/pulso27.com\\\/\"},{\"@type\":\"ListItem\",\"position\":2,\"name\":\"Movimiento Popular (MP) saluda a los trabajadores del Per\u00fa y el mundo\"}]},{\"@type\":\"WebSite\",\"@id\":\"https:\\\/\\\/pulso27.com\\\/en\\\/#website\",\"url\":\"https:\\\/\\\/pulso27.com\\\/en\\\/\",\"name\":\"Pulso27\",\"description\":\"Web de noticias y publicidad\",\"publisher\":{\"@id\":\"https:\\\/\\\/pulso27.com\\\/en\\\/#organization\"},\"alternateName\":\"El pulso del pueblo\",\"potentialAction\":[{\"@type\":\"SearchAction\",\"target\":{\"@type\":\"EntryPoint\",\"urlTemplate\":\"https:\\\/\\\/pulso27.com\\\/en\\\/?s={search_term_string}\"},\"query-input\":{\"@type\":\"PropertyValueSpecification\",\"valueRequired\":true,\"valueName\":\"search_term_string\"}}],\"inLanguage\":\"en-US\"},{\"@type\":\"Organization\",\"@id\":\"https:\\\/\\\/pulso27.com\\\/en\\\/#organization\",\"name\":\"Pulso27\",\"url\":\"https:\\\/\\\/pulso27.com\\\/en\\\/\",\"logo\":{\"@type\":\"ImageObject\",\"inLanguage\":\"en-US\",\"@id\":\"https:\\\/\\\/pulso27.com\\\/en\\\/#\\\/schema\\\/logo\\\/image\\\/\",\"url\":\"https:\\\/\\\/pulso27.com\\\/wp-content\\\/uploads\\\/2026\\\/02\\\/Logotipo-de-la-organizacion-696-x-696-px-ok.png\",\"contentUrl\":\"https:\\\/\\\/pulso27.com\\\/wp-content\\\/uploads\\\/2026\\\/02\\\/Logotipo-de-la-organizacion-696-x-696-px-ok.png\",\"width\":696,\"height\":696,\"caption\":\"Pulso27\"},\"image\":{\"@id\":\"https:\\\/\\\/pulso27.com\\\/en\\\/#\\\/schema\\\/logo\\\/image\\\/\"},\"sameAs\":[\"https:\\\/\\\/www.facebook.com\\\/pulso27\\\/\",\"https:\\\/\\\/x.com\\\/Pulso_27\",\"https:\\\/\\\/www.youtube.com\\\/@Pulso27\",\"https:\\\/\\\/www.tiktok.com\\\/@pulso_27\"]},{\"@type\":\"Person\",\"@id\":\"https:\\\/\\\/pulso27.com\\\/en\\\/#\\\/schema\\\/person\\\/d20fd7f5bc7f2e53fd150d43fca07a78\",\"name\":\"Tupaq\",\"image\":{\"@type\":\"ImageObject\",\"inLanguage\":\"en-US\",\"@id\":\"https:\\\/\\\/secure.gravatar.com\\\/avatar\\\/7929e9b034aeea560319a601e4f04c59eb5f45a79eafe192adabb67e9604e7e7?s=96&d=mm&r=g\",\"url\":\"https:\\\/\\\/secure.gravatar.com\\\/avatar\\\/7929e9b034aeea560319a601e4f04c59eb5f45a79eafe192adabb67e9604e7e7?s=96&d=mm&r=g\",\"contentUrl\":\"https:\\\/\\\/secure.gravatar.com\\\/avatar\\\/7929e9b034aeea560319a601e4f04c59eb5f45a79eafe192adabb67e9604e7e7?s=96&d=mm&r=g\",\"caption\":\"Tupaq\"},\"url\":\"https:\\\/\\\/pulso27.com\\\/en\\\/author\\\/tupaq\\\/\"}]}<\/script>\n<!-- \/ Yoast SEO plugin. -->","yoast_head_json":{"title":"Movimiento Popular (MP) saluda a los trabajadores del Per\u00fa y el mundo - Pulso27","robots":{"index":"index","follow":"follow","max-snippet":"max-snippet:-1","max-image-preview":"max-image-preview:large","max-video-preview":"max-video-preview:-1"},"canonical":"https:\/\/pulso27.com\/en\/politica\/movimiento-popular-mp-saluda-a-los-trabajadores-del-peru-y-el-mundo\/","og_locale":"en_US","og_type":"article","og_title":"Movimiento Popular (MP) saluda a los trabajadores del Per\u00fa y el mundo - Pulso27","og_description":"Compa\u00f1eras y compa\u00f1eros,En este Primero de Mayo, el Movimiento Popular (MP) rinde homenaje a las jornadas heroicas de los trabajadores de todo el mundo. En este d\u00eda, recordamos la entrega y el sacrificio de aquellos que lucharon incansablemente por sus derechos, por la justicia social y por un cambio en el sistema neoliberal que oprime [&hellip;]","og_url":"https:\/\/pulso27.com\/en\/politica\/movimiento-popular-mp-saluda-a-los-trabajadores-del-peru-y-el-mundo\/","og_site_name":"Pulso27","article_publisher":"https:\/\/www.facebook.com\/pulso27\/","article_published_time":"2024-05-01T17:28:00+00:00","article_modified_time":"2024-05-06T05:38:10+00:00","og_image":[{"width":1252,"height":886,"url":"https:\/\/pulso27.com\/wp-content\/uploads\/2024\/05\/MP-web.jpg","type":"image\/jpeg"}],"author":"Tupaq","twitter_card":"summary_large_image","twitter_creator":"@Pulso_27","twitter_site":"@Pulso_27","twitter_misc":{"Written by":"Tupaq","Est. reading time":"2 minutes"},"schema":{"@context":"https:\/\/schema.org","@graph":[{"@type":"Article","@id":"https:\/\/pulso27.com\/politica\/movimiento-popular-mp-saluda-a-los-trabajadores-del-peru-y-el-mundo\/#article","isPartOf":{"@id":"https:\/\/pulso27.com\/politica\/movimiento-popular-mp-saluda-a-los-trabajadores-del-peru-y-el-mundo\/"},"author":{"name":"Tupaq","@id":"https:\/\/pulso27.com\/en\/#\/schema\/person\/d20fd7f5bc7f2e53fd150d43fca07a78"},"headline":"Movimiento Popular (MP) saluda a los trabajadores del Per\u00fa y el mundo","datePublished":"2024-05-01T17:28:00+00:00","dateModified":"2024-05-06T05:38:10+00:00","mainEntityOfPage":{"@id":"https:\/\/pulso27.com\/politica\/movimiento-popular-mp-saluda-a-los-trabajadores-del-peru-y-el-mundo\/"},"wordCount":483,"commentCount":0,"publisher":{"@id":"https:\/\/pulso27.com\/en\/#organization"},"image":{"@id":"https:\/\/pulso27.com\/politica\/movimiento-popular-mp-saluda-a-los-trabajadores-del-peru-y-el-mundo\/#primaryimage"},"thumbnailUrl":"https:\/\/pulso27.com\/wp-content\/uploads\/2024\/05\/MP-web.jpg","keywords":["Comunicado","Dia del Trabajador"],"articleSection":["Pol\u00edtica"],"inLanguage":"en-US","potentialAction":[{"@type":"CommentAction","name":"Comment","target":["https:\/\/pulso27.com\/politica\/movimiento-popular-mp-saluda-a-los-trabajadores-del-peru-y-el-mundo\/#respond"]}]},{"@type":"WebPage","@id":"https:\/\/pulso27.com\/politica\/movimiento-popular-mp-saluda-a-los-trabajadores-del-peru-y-el-mundo\/","url":"https:\/\/pulso27.com\/politica\/movimiento-popular-mp-saluda-a-los-trabajadores-del-peru-y-el-mundo\/","name":"Movimiento Popular (MP) saluda a los trabajadores del Per\u00fa y el mundo - Pulso27","isPartOf":{"@id":"https:\/\/pulso27.com\/en\/#website"},"primaryImageOfPage":{"@id":"https:\/\/pulso27.com\/politica\/movimiento-popular-mp-saluda-a-los-trabajadores-del-peru-y-el-mundo\/#primaryimage"},"image":{"@id":"https:\/\/pulso27.com\/politica\/movimiento-popular-mp-saluda-a-los-trabajadores-del-peru-y-el-mundo\/#primaryimage"},"thumbnailUrl":"https:\/\/pulso27.com\/wp-content\/uploads\/2024\/05\/MP-web.jpg","datePublished":"2024-05-01T17:28:00+00:00","dateModified":"2024-05-06T05:38:10+00:00","breadcrumb":{"@id":"https:\/\/pulso27.com\/politica\/movimiento-popular-mp-saluda-a-los-trabajadores-del-peru-y-el-mundo\/#breadcrumb"},"inLanguage":"en-US","potentialAction":[{"@type":"ReadAction","target":["https:\/\/pulso27.com\/politica\/movimiento-popular-mp-saluda-a-los-trabajadores-del-peru-y-el-mundo\/"]}]},{"@type":"ImageObject","inLanguage":"en-US","@id":"https:\/\/pulso27.com\/politica\/movimiento-popular-mp-saluda-a-los-trabajadores-del-peru-y-el-mundo\/#primaryimage","url":"https:\/\/pulso27.com\/wp-content\/uploads\/2024\/05\/MP-web.jpg","contentUrl":"https:\/\/pulso27.com\/wp-content\/uploads\/2024\/05\/MP-web.jpg","width":1252,"height":886},{"@type":"BreadcrumbList","@id":"https:\/\/pulso27.com\/politica\/movimiento-popular-mp-saluda-a-los-trabajadores-del-peru-y-el-mundo\/#breadcrumb","itemListElement":[{"@type":"ListItem","position":1,"name":"Portada","item":"https:\/\/pulso27.com\/"},{"@type":"ListItem","position":2,"name":"Movimiento Popular (MP) saluda a los trabajadores del Per\u00fa y el mundo"}]},{"@type":"WebSite","@id":"https:\/\/pulso27.com\/en\/#website","url":"https:\/\/pulso27.com\/en\/","name":"Pulso27","description":"Web de noticias y publicidad","publisher":{"@id":"https:\/\/pulso27.com\/en\/#organization"},"alternateName":"El pulso del pueblo","potentialAction":[{"@type":"SearchAction","target":{"@type":"EntryPoint","urlTemplate":"https:\/\/pulso27.com\/en\/?s={search_term_string}"},"query-input":{"@type":"PropertyValueSpecification","valueRequired":true,"valueName":"search_term_string"}}],"inLanguage":"en-US"},{"@type":"Organization","@id":"https:\/\/pulso27.com\/en\/#organization","name":"Pulso27","url":"https:\/\/pulso27.com\/en\/","logo":{"@type":"ImageObject","inLanguage":"en-US","@id":"https:\/\/pulso27.com\/en\/#\/schema\/logo\/image\/","url":"https:\/\/pulso27.com\/wp-content\/uploads\/2026\/02\/Logotipo-de-la-organizacion-696-x-696-px-ok.png","contentUrl":"https:\/\/pulso27.com\/wp-content\/uploads\/2026\/02\/Logotipo-de-la-organizacion-696-x-696-px-ok.png","width":696,"height":696,"caption":"Pulso27"},"image":{"@id":"https:\/\/pulso27.com\/en\/#\/schema\/logo\/image\/"},"sameAs":["https:\/\/www.facebook.com\/pulso27\/","https:\/\/x.com\/Pulso_27","https:\/\/www.youtube.com\/@Pulso27","https:\/\/www.tiktok.com\/@pulso_27"]},{"@type":"Person","@id":"https:\/\/pulso27.com\/en\/#\/schema\/person\/d20fd7f5bc7f2e53fd150d43fca07a78","name":"Tupaq","image":{"@type":"ImageObject","inLanguage":"en-US","@id":"https:\/\/secure.gravatar.com\/avatar\/7929e9b034aeea560319a601e4f04c59eb5f45a79eafe192adabb67e9604e7e7?s=96&d=mm&r=g","url":"https:\/\/secure.gravatar.com\/avatar\/7929e9b034aeea560319a601e4f04c59eb5f45a79eafe192adabb67e9604e7e7?s=96&d=mm&r=g","contentUrl":"https:\/\/secure.gravatar.com\/avatar\/7929e9b034aeea560319a601e4f04c59eb5f45a79eafe192adabb67e9604e7e7?s=96&d=mm&r=g","caption":"Tupaq"},"url":"https:\/\/pulso27.com\/en\/author\/tupaq\/"}]}},"amp_enabled":true,"_links":{"self":[{"href":"https:\/\/pulso27.com\/en\/wp-json\/wp\/v2\/posts\/1624","targetHints":{"allow":["GET"]}}],"collection":[{"href":"https:\/\/pulso27.com\/en\/wp-json\/wp\/v2\/posts"}],"about":[{"href":"https:\/\/pulso27.com\/en\/wp-json\/wp\/v2\/types\/post"}],"author":[{"embeddable":true,"href":"https:\/\/pulso27.com\/en\/wp-json\/wp\/v2\/users\/7"}],"replies":[{"embeddable":true,"href":"https:\/\/pulso27.com\/en\/wp-json\/wp\/v2\/comments?post=1624"}],"version-history":[{"count":1,"href":"https:\/\/pulso27.com\/en\/wp-json\/wp\/v2\/posts\/1624\/revisions"}],"predecessor-version":[{"id":1628,"href":"https:\/\/pulso27.com\/en\/wp-json\/wp\/v2\/posts\/1624\/revisions\/1628"}],"wp:featuredmedia":[{"embeddable":true,"href":"https:\/\/pulso27.com\/en\/wp-json\/wp\/v2\/media\/1627"}],"wp:attachment":[{"href":"https:\/\/pulso27.com\/en\/wp-json\/wp\/v2\/media?parent=1624"}],"wp:term":[{"taxonomy":"category","embeddable":true,"href":"https:\/\/pulso27.com\/en\/wp-json\/wp\/v2\/categories?post=1624"},{"taxonomy":"post_tag","embeddable":true,"href":"https:\/\/pulso27.com\/en\/wp-json\/wp\/v2\/tags?post=1624"}],"curies":[{"name":"wp","href":"https:\/\/api.w.org\/{rel}","templated":true}]}}