{"id":163,"date":"2017-07-04T11:12:34","date_gmt":"2017-07-04T15:12:34","guid":{"rendered":"http:\/\/www.mvpthemes.com\/zoxnews\/?p=163"},"modified":"2024-11-02T08:51:37","modified_gmt":"2024-11-02T03:51:37","slug":"uber-and-lyft-are-finally-available-in-all-of-new-york-state","status":"publish","type":"post","link":"https:\/\/pulso27.com\/en\/internacional\/uber-and-lyft-are-finally-available-in-all-of-new-york-state\/","title":{"rendered":"AMLO saluda triunfo de Massa en Argentina"},"content":{"rendered":"<p>El Presidente Andr\u00e9s Manuel L\u00f3pez Obrador celebr\u00f3 el triunfo del Peronismo en las elecciones generales de Argentina del pasado fin de semana.<br \/>\nEl Mandatario mexicano sugiri\u00f3 que el Papa Francisco estar\u00e1 satisfecho con que el anarcocapitalista de Javier Milei no haya logrado el triunfo en primera vuelta.<\/p>\n<h2>\u201cEstoy contento tambi\u00e9n porque fueron buenos los resultados en Argentina, estoy muy contento\u201d<\/h2>\n<p>\u201cEstoy contento tambi\u00e9n porque fueron buenos los resultados en Argentina, estoy muy contento\u201d, expres\u00f3. \u201cCreo que hay una persona all\u00e1 en Roma que tambi\u00e9n est\u00e1 contenta\u201d.<br \/>\nMassa quien alcanz\u00f3 el 36.68 por ciento, logr\u00f3 superar a Patricia Bullrich, candidata de Juntos por el Cambio, quien alcanz\u00f3 el 23.84 por ciento, superando al propio Milei que solo alcanz\u00f3 el 29.99 por ciento.<br \/>\nEl 19 de noviembre los candidatos m\u00e1s votados se enfrentar\u00e1n en la segunda vuelta electoral.<\/p>\n<blockquote><\/blockquote>","protected":false},"excerpt":{"rendered":"<p>Nulla pariatur. Excepteur sint occaecat cupidatat non proident, sunt in culpa qui officia deserunt mollit anim id est laborum.<\/p>","protected":false},"author":8,"featured_media":440,"comment_status":"open","ping_status":"open","sticky":false,"template":"","format":"standard","meta":{"footnotes":""},"categories":[173],"tags":[28,115,157],"class_list":["post-163","post","type-post","status-publish","format-standard","has-post-thumbnail","hentry","category-internacional","tag-business","tag-new-york","tag-uber"],"yoast_head":"<!-- This site is optimized with the Yoast SEO plugin v27.4 - https:\/\/yoast.com\/product\/yoast-seo-wordpress\/ -->\n<title>AMLO saluda triunfo de Massa en Argentina - Pulso27<\/title>\n<meta name=\"robots\" content=\"index, follow, max-snippet:-1, max-image-preview:large, max-video-preview:-1\" \/>\n<link rel=\"canonical\" href=\"https:\/\/pulso27.com\/en\/internacional\/uber-and-lyft-are-finally-available-in-all-of-new-york-state\/\" \/>\n<meta property=\"og:locale\" content=\"en_US\" \/>\n<meta property=\"og:type\" content=\"article\" \/>\n<meta property=\"og:title\" content=\"AMLO saluda triunfo de Massa en Argentina - Pulso27\" \/>\n<meta property=\"og:description\" content=\"Nulla pariatur. Excepteur sint occaecat cupidatat non proident, sunt in culpa qui officia deserunt mollit anim id est laborum.\" \/>\n<meta property=\"og:url\" content=\"https:\/\/pulso27.com\/en\/internacional\/uber-and-lyft-are-finally-available-in-all-of-new-york-state\/\" \/>\n<meta property=\"og:site_name\" content=\"Pulso27\" \/>\n<meta property=\"article:publisher\" content=\"https:\/\/www.facebook.com\/pulso27\/\" \/>\n<meta property=\"article:published_time\" content=\"2017-07-04T15:12:34+00:00\" \/>\n<meta property=\"article:modified_time\" content=\"2024-11-02T03:51:37+00:00\" \/>\n<meta property=\"og:image\" content=\"https:\/\/pulso27.com\/wp-content\/uploads\/2017\/07\/amlo-massa.png\" \/>\n\t<meta property=\"og:image:width\" content=\"2206\" \/>\n\t<meta property=\"og:image:height\" content=\"1114\" \/>\n\t<meta property=\"og:image:type\" content=\"image\/png\" \/>\n<meta name=\"author\" content=\"Maga\" \/>\n<meta name=\"twitter:card\" content=\"summary_large_image\" \/>\n<meta name=\"twitter:creator\" content=\"@Pulso_27\" \/>\n<meta name=\"twitter:site\" content=\"@Pulso_27\" \/>\n<meta name=\"twitter:label1\" content=\"Written by\" \/>\n\t<meta name=\"twitter:data1\" content=\"Maga\" \/>\n\t<meta name=\"twitter:label2\" content=\"Est. reading time\" \/>\n\t<meta name=\"twitter:data2\" content=\"1 minute\" \/>\n<script type=\"application\/ld+json\" class=\"yoast-schema-graph\">{\"@context\":\"https:\\\/\\\/schema.org\",\"@graph\":[{\"@type\":\"Article\",\"@id\":\"https:\\\/\\\/pulso27.com\\\/internacional\\\/uber-and-lyft-are-finally-available-in-all-of-new-york-state\\\/#article\",\"isPartOf\":{\"@id\":\"https:\\\/\\\/pulso27.com\\\/internacional\\\/uber-and-lyft-are-finally-available-in-all-of-new-york-state\\\/\"},\"author\":{\"name\":\"Maga\",\"@id\":\"https:\\\/\\\/pulso27.com\\\/en\\\/#\\\/schema\\\/person\\\/92f5059eb04cb644a32d22c9bc998684\"},\"headline\":\"AMLO saluda triunfo de Massa en Argentina\",\"datePublished\":\"2017-07-04T15:12:34+00:00\",\"dateModified\":\"2024-11-02T03:51:37+00:00\",\"mainEntityOfPage\":{\"@id\":\"https:\\\/\\\/pulso27.com\\\/internacional\\\/uber-and-lyft-are-finally-available-in-all-of-new-york-state\\\/\"},\"wordCount\":146,\"commentCount\":0,\"publisher\":{\"@id\":\"https:\\\/\\\/pulso27.com\\\/en\\\/#organization\"},\"image\":{\"@id\":\"https:\\\/\\\/pulso27.com\\\/internacional\\\/uber-and-lyft-are-finally-available-in-all-of-new-york-state\\\/#primaryimage\"},\"thumbnailUrl\":\"https:\\\/\\\/pulso27.com\\\/wp-content\\\/uploads\\\/2017\\\/07\\\/amlo-massa.png\",\"keywords\":[\"Business\",\"New York\",\"Uber\"],\"articleSection\":[\"Internacional\"],\"inLanguage\":\"en-US\",\"potentialAction\":[{\"@type\":\"CommentAction\",\"name\":\"Comment\",\"target\":[\"https:\\\/\\\/pulso27.com\\\/internacional\\\/uber-and-lyft-are-finally-available-in-all-of-new-york-state\\\/#respond\"]}]},{\"@type\":\"WebPage\",\"@id\":\"https:\\\/\\\/pulso27.com\\\/internacional\\\/uber-and-lyft-are-finally-available-in-all-of-new-york-state\\\/\",\"url\":\"https:\\\/\\\/pulso27.com\\\/internacional\\\/uber-and-lyft-are-finally-available-in-all-of-new-york-state\\\/\",\"name\":\"AMLO saluda triunfo de Massa en Argentina - Pulso27\",\"isPartOf\":{\"@id\":\"https:\\\/\\\/pulso27.com\\\/en\\\/#website\"},\"primaryImageOfPage\":{\"@id\":\"https:\\\/\\\/pulso27.com\\\/internacional\\\/uber-and-lyft-are-finally-available-in-all-of-new-york-state\\\/#primaryimage\"},\"image\":{\"@id\":\"https:\\\/\\\/pulso27.com\\\/internacional\\\/uber-and-lyft-are-finally-available-in-all-of-new-york-state\\\/#primaryimage\"},\"thumbnailUrl\":\"https:\\\/\\\/pulso27.com\\\/wp-content\\\/uploads\\\/2017\\\/07\\\/amlo-massa.png\",\"datePublished\":\"2017-07-04T15:12:34+00:00\",\"dateModified\":\"2024-11-02T03:51:37+00:00\",\"breadcrumb\":{\"@id\":\"https:\\\/\\\/pulso27.com\\\/internacional\\\/uber-and-lyft-are-finally-available-in-all-of-new-york-state\\\/#breadcrumb\"},\"inLanguage\":\"en-US\",\"potentialAction\":[{\"@type\":\"ReadAction\",\"target\":[\"https:\\\/\\\/pulso27.com\\\/internacional\\\/uber-and-lyft-are-finally-available-in-all-of-new-york-state\\\/\"]}]},{\"@type\":\"ImageObject\",\"inLanguage\":\"en-US\",\"@id\":\"https:\\\/\\\/pulso27.com\\\/internacional\\\/uber-and-lyft-are-finally-available-in-all-of-new-york-state\\\/#primaryimage\",\"url\":\"https:\\\/\\\/pulso27.com\\\/wp-content\\\/uploads\\\/2017\\\/07\\\/amlo-massa.png\",\"contentUrl\":\"https:\\\/\\\/pulso27.com\\\/wp-content\\\/uploads\\\/2017\\\/07\\\/amlo-massa.png\",\"width\":2206,\"height\":1114},{\"@type\":\"BreadcrumbList\",\"@id\":\"https:\\\/\\\/pulso27.com\\\/internacional\\\/uber-and-lyft-are-finally-available-in-all-of-new-york-state\\\/#breadcrumb\",\"itemListElement\":[{\"@type\":\"ListItem\",\"position\":1,\"name\":\"Portada\",\"item\":\"https:\\\/\\\/pulso27.com\\\/\"},{\"@type\":\"ListItem\",\"position\":2,\"name\":\"AMLO saluda triunfo de Massa en Argentina\"}]},{\"@type\":\"WebSite\",\"@id\":\"https:\\\/\\\/pulso27.com\\\/en\\\/#website\",\"url\":\"https:\\\/\\\/pulso27.com\\\/en\\\/\",\"name\":\"Pulso27\",\"description\":\"Web de noticias y publicidad\",\"publisher\":{\"@id\":\"https:\\\/\\\/pulso27.com\\\/en\\\/#organization\"},\"alternateName\":\"El pulso del pueblo\",\"potentialAction\":[{\"@type\":\"SearchAction\",\"target\":{\"@type\":\"EntryPoint\",\"urlTemplate\":\"https:\\\/\\\/pulso27.com\\\/en\\\/?s={search_term_string}\"},\"query-input\":{\"@type\":\"PropertyValueSpecification\",\"valueRequired\":true,\"valueName\":\"search_term_string\"}}],\"inLanguage\":\"en-US\"},{\"@type\":\"Organization\",\"@id\":\"https:\\\/\\\/pulso27.com\\\/en\\\/#organization\",\"name\":\"Pulso27\",\"url\":\"https:\\\/\\\/pulso27.com\\\/en\\\/\",\"logo\":{\"@type\":\"ImageObject\",\"inLanguage\":\"en-US\",\"@id\":\"https:\\\/\\\/pulso27.com\\\/en\\\/#\\\/schema\\\/logo\\\/image\\\/\",\"url\":\"https:\\\/\\\/pulso27.com\\\/wp-content\\\/uploads\\\/2026\\\/02\\\/Logotipo-de-la-organizacion-696-x-696-px-ok.png\",\"contentUrl\":\"https:\\\/\\\/pulso27.com\\\/wp-content\\\/uploads\\\/2026\\\/02\\\/Logotipo-de-la-organizacion-696-x-696-px-ok.png\",\"width\":696,\"height\":696,\"caption\":\"Pulso27\"},\"image\":{\"@id\":\"https:\\\/\\\/pulso27.com\\\/en\\\/#\\\/schema\\\/logo\\\/image\\\/\"},\"sameAs\":[\"https:\\\/\\\/www.facebook.com\\\/pulso27\\\/\",\"https:\\\/\\\/x.com\\\/Pulso_27\",\"https:\\\/\\\/www.youtube.com\\\/@Pulso27\",\"https:\\\/\\\/www.tiktok.com\\\/@pulso_27\"]},{\"@type\":\"Person\",\"@id\":\"https:\\\/\\\/pulso27.com\\\/en\\\/#\\\/schema\\\/person\\\/92f5059eb04cb644a32d22c9bc998684\",\"name\":\"Maga\",\"image\":{\"@type\":\"ImageObject\",\"inLanguage\":\"en-US\",\"@id\":\"https:\\\/\\\/secure.gravatar.com\\\/avatar\\\/c4d5224d4227e7c057cd5793ba910425cc902f3aef97cda3eccc7acba8be2edc?s=96&d=mm&r=g\",\"url\":\"https:\\\/\\\/secure.gravatar.com\\\/avatar\\\/c4d5224d4227e7c057cd5793ba910425cc902f3aef97cda3eccc7acba8be2edc?s=96&d=mm&r=g\",\"contentUrl\":\"https:\\\/\\\/secure.gravatar.com\\\/avatar\\\/c4d5224d4227e7c057cd5793ba910425cc902f3aef97cda3eccc7acba8be2edc?s=96&d=mm&r=g\",\"caption\":\"Maga\"},\"sameAs\":[\"http:\\\/\\\/www.pulso27.com\"],\"url\":\"https:\\\/\\\/pulso27.com\\\/en\\\/author\\\/maga\\\/\"}]}<\/script>\n<!-- \/ Yoast SEO plugin. -->","yoast_head_json":{"title":"AMLO saluda triunfo de Massa en Argentina - Pulso27","robots":{"index":"index","follow":"follow","max-snippet":"max-snippet:-1","max-image-preview":"max-image-preview:large","max-video-preview":"max-video-preview:-1"},"canonical":"https:\/\/pulso27.com\/en\/internacional\/uber-and-lyft-are-finally-available-in-all-of-new-york-state\/","og_locale":"en_US","og_type":"article","og_title":"AMLO saluda triunfo de Massa en Argentina - Pulso27","og_description":"Nulla pariatur. Excepteur sint occaecat cupidatat non proident, sunt in culpa qui officia deserunt mollit anim id est laborum.","og_url":"https:\/\/pulso27.com\/en\/internacional\/uber-and-lyft-are-finally-available-in-all-of-new-york-state\/","og_site_name":"Pulso27","article_publisher":"https:\/\/www.facebook.com\/pulso27\/","article_published_time":"2017-07-04T15:12:34+00:00","article_modified_time":"2024-11-02T03:51:37+00:00","og_image":[{"width":2206,"height":1114,"url":"https:\/\/pulso27.com\/wp-content\/uploads\/2017\/07\/amlo-massa.png","type":"image\/png"}],"author":"Maga","twitter_card":"summary_large_image","twitter_creator":"@Pulso_27","twitter_site":"@Pulso_27","twitter_misc":{"Written by":"Maga","Est. reading time":"1 minute"},"schema":{"@context":"https:\/\/schema.org","@graph":[{"@type":"Article","@id":"https:\/\/pulso27.com\/internacional\/uber-and-lyft-are-finally-available-in-all-of-new-york-state\/#article","isPartOf":{"@id":"https:\/\/pulso27.com\/internacional\/uber-and-lyft-are-finally-available-in-all-of-new-york-state\/"},"author":{"name":"Maga","@id":"https:\/\/pulso27.com\/en\/#\/schema\/person\/92f5059eb04cb644a32d22c9bc998684"},"headline":"AMLO saluda triunfo de Massa en Argentina","datePublished":"2017-07-04T15:12:34+00:00","dateModified":"2024-11-02T03:51:37+00:00","mainEntityOfPage":{"@id":"https:\/\/pulso27.com\/internacional\/uber-and-lyft-are-finally-available-in-all-of-new-york-state\/"},"wordCount":146,"commentCount":0,"publisher":{"@id":"https:\/\/pulso27.com\/en\/#organization"},"image":{"@id":"https:\/\/pulso27.com\/internacional\/uber-and-lyft-are-finally-available-in-all-of-new-york-state\/#primaryimage"},"thumbnailUrl":"https:\/\/pulso27.com\/wp-content\/uploads\/2017\/07\/amlo-massa.png","keywords":["Business","New York","Uber"],"articleSection":["Internacional"],"inLanguage":"en-US","potentialAction":[{"@type":"CommentAction","name":"Comment","target":["https:\/\/pulso27.com\/internacional\/uber-and-lyft-are-finally-available-in-all-of-new-york-state\/#respond"]}]},{"@type":"WebPage","@id":"https:\/\/pulso27.com\/internacional\/uber-and-lyft-are-finally-available-in-all-of-new-york-state\/","url":"https:\/\/pulso27.com\/internacional\/uber-and-lyft-are-finally-available-in-all-of-new-york-state\/","name":"AMLO saluda triunfo de Massa en Argentina - Pulso27","isPartOf":{"@id":"https:\/\/pulso27.com\/en\/#website"},"primaryImageOfPage":{"@id":"https:\/\/pulso27.com\/internacional\/uber-and-lyft-are-finally-available-in-all-of-new-york-state\/#primaryimage"},"image":{"@id":"https:\/\/pulso27.com\/internacional\/uber-and-lyft-are-finally-available-in-all-of-new-york-state\/#primaryimage"},"thumbnailUrl":"https:\/\/pulso27.com\/wp-content\/uploads\/2017\/07\/amlo-massa.png","datePublished":"2017-07-04T15:12:34+00:00","dateModified":"2024-11-02T03:51:37+00:00","breadcrumb":{"@id":"https:\/\/pulso27.com\/internacional\/uber-and-lyft-are-finally-available-in-all-of-new-york-state\/#breadcrumb"},"inLanguage":"en-US","potentialAction":[{"@type":"ReadAction","target":["https:\/\/pulso27.com\/internacional\/uber-and-lyft-are-finally-available-in-all-of-new-york-state\/"]}]},{"@type":"ImageObject","inLanguage":"en-US","@id":"https:\/\/pulso27.com\/internacional\/uber-and-lyft-are-finally-available-in-all-of-new-york-state\/#primaryimage","url":"https:\/\/pulso27.com\/wp-content\/uploads\/2017\/07\/amlo-massa.png","contentUrl":"https:\/\/pulso27.com\/wp-content\/uploads\/2017\/07\/amlo-massa.png","width":2206,"height":1114},{"@type":"BreadcrumbList","@id":"https:\/\/pulso27.com\/internacional\/uber-and-lyft-are-finally-available-in-all-of-new-york-state\/#breadcrumb","itemListElement":[{"@type":"ListItem","position":1,"name":"Portada","item":"https:\/\/pulso27.com\/"},{"@type":"ListItem","position":2,"name":"AMLO saluda triunfo de Massa en Argentina"}]},{"@type":"WebSite","@id":"https:\/\/pulso27.com\/en\/#website","url":"https:\/\/pulso27.com\/en\/","name":"Pulso27","description":"Web de noticias y publicidad","publisher":{"@id":"https:\/\/pulso27.com\/en\/#organization"},"alternateName":"El pulso del pueblo","potentialAction":[{"@type":"SearchAction","target":{"@type":"EntryPoint","urlTemplate":"https:\/\/pulso27.com\/en\/?s={search_term_string}"},"query-input":{"@type":"PropertyValueSpecification","valueRequired":true,"valueName":"search_term_string"}}],"inLanguage":"en-US"},{"@type":"Organization","@id":"https:\/\/pulso27.com\/en\/#organization","name":"Pulso27","url":"https:\/\/pulso27.com\/en\/","logo":{"@type":"ImageObject","inLanguage":"en-US","@id":"https:\/\/pulso27.com\/en\/#\/schema\/logo\/image\/","url":"https:\/\/pulso27.com\/wp-content\/uploads\/2026\/02\/Logotipo-de-la-organizacion-696-x-696-px-ok.png","contentUrl":"https:\/\/pulso27.com\/wp-content\/uploads\/2026\/02\/Logotipo-de-la-organizacion-696-x-696-px-ok.png","width":696,"height":696,"caption":"Pulso27"},"image":{"@id":"https:\/\/pulso27.com\/en\/#\/schema\/logo\/image\/"},"sameAs":["https:\/\/www.facebook.com\/pulso27\/","https:\/\/x.com\/Pulso_27","https:\/\/www.youtube.com\/@Pulso27","https:\/\/www.tiktok.com\/@pulso_27"]},{"@type":"Person","@id":"https:\/\/pulso27.com\/en\/#\/schema\/person\/92f5059eb04cb644a32d22c9bc998684","name":"Maga","image":{"@type":"ImageObject","inLanguage":"en-US","@id":"https:\/\/secure.gravatar.com\/avatar\/c4d5224d4227e7c057cd5793ba910425cc902f3aef97cda3eccc7acba8be2edc?s=96&d=mm&r=g","url":"https:\/\/secure.gravatar.com\/avatar\/c4d5224d4227e7c057cd5793ba910425cc902f3aef97cda3eccc7acba8be2edc?s=96&d=mm&r=g","contentUrl":"https:\/\/secure.gravatar.com\/avatar\/c4d5224d4227e7c057cd5793ba910425cc902f3aef97cda3eccc7acba8be2edc?s=96&d=mm&r=g","caption":"Maga"},"sameAs":["http:\/\/www.pulso27.com"],"url":"https:\/\/pulso27.com\/en\/author\/maga\/"}]}},"amp_enabled":true,"_links":{"self":[{"href":"https:\/\/pulso27.com\/en\/wp-json\/wp\/v2\/posts\/163","targetHints":{"allow":["GET"]}}],"collection":[{"href":"https:\/\/pulso27.com\/en\/wp-json\/wp\/v2\/posts"}],"about":[{"href":"https:\/\/pulso27.com\/en\/wp-json\/wp\/v2\/types\/post"}],"author":[{"embeddable":true,"href":"https:\/\/pulso27.com\/en\/wp-json\/wp\/v2\/users\/8"}],"replies":[{"embeddable":true,"href":"https:\/\/pulso27.com\/en\/wp-json\/wp\/v2\/comments?post=163"}],"version-history":[{"count":2,"href":"https:\/\/pulso27.com\/en\/wp-json\/wp\/v2\/posts\/163\/revisions"}],"predecessor-version":[{"id":2809,"href":"https:\/\/pulso27.com\/en\/wp-json\/wp\/v2\/posts\/163\/revisions\/2809"}],"wp:featuredmedia":[{"embeddable":true,"href":"https:\/\/pulso27.com\/en\/wp-json\/wp\/v2\/media\/440"}],"wp:attachment":[{"href":"https:\/\/pulso27.com\/en\/wp-json\/wp\/v2\/media?parent=163"}],"wp:term":[{"taxonomy":"category","embeddable":true,"href":"https:\/\/pulso27.com\/en\/wp-json\/wp\/v2\/categories?post=163"},{"taxonomy":"post_tag","embeddable":true,"href":"https:\/\/pulso27.com\/en\/wp-json\/wp\/v2\/tags?post=163"}],"curies":[{"name":"wp","href":"https:\/\/api.w.org\/{rel}","templated":true}]}}