{"id":1688,"date":"2024-05-14T18:33:00","date_gmt":"2024-05-14T13:33:00","guid":{"rendered":"https:\/\/pulso27.com\/?p=1688"},"modified":"2024-05-15T18:54:48","modified_gmt":"2024-05-15T13:54:48","slug":"petroperu-defensa-de-nuestro-patrimonio-energetico","status":"publish","type":"post","link":"https:\/\/pulso27.com\/en\/actualidad\/economia\/petroperu-defensa-de-nuestro-patrimonio-energetico\/","title":{"rendered":"Petroper\u00fa: Defensa de nuestro patrimonio energ\u00e9tico"},"content":{"rendered":"<p>La reciente propuesta del directorio de Petroper\u00fa, encabezado por Oliver Stark, de privatizar la empresa estatal petrolera, -iniciativa atrevida por parte de funcionarios gubernamentales-, representa un verdadero \u00abatropello\u00bb y una grave amenaza para la soberan\u00eda energ\u00e9tica del pa\u00eds y el bienestar de las grandes mayor\u00edas.<\/p>\n\n\n\n<p>No podemos permitir que unos cuantos funcionarios vendan nuestro patrimonio al mejor postor. Petroper\u00fa es de todos los peruanos, y su futuro no se negocia.<\/p>\n\n\n\n<p>Existe de por medio un claro intento de desacreditar y debilitar a Petroper\u00fa con con el fin de facilitar su privatizaci\u00f3n. Diversos grupos econ\u00f3micos privados, como la Sociedad Nacional de Miner\u00eda, Petr\u00f3leo y Energ\u00eda, la Sociedad Nacional de Hidrocarburos y la CONFIEP, estar\u00edan detr\u00e1s de esta campa\u00f1a de desprestigio.<\/p>\n\n\n\n<p>En un contexto de inestabilidad pol\u00edtica, la privatizaci\u00f3n de Petroper\u00fa podr\u00eda abrir la puerta a que grandes grupos econ\u00f3micos se apoderen de uno de los \u00faltimos baluartes de la producci\u00f3n nacional.<\/p>\n\n\n\n<p>La p\u00e9rdida de control estatal sobre la empresa petrolera m\u00e1s importante del pa\u00eds tendr\u00eda graves consecuencias para los peruanos. Implicar\u00eda un alza en el precio de los combustibles, perjudicando severamente el poder adquisitivo de la poblaci\u00f3n. Asimismo, pondr\u00eda en riesgo la seguridad energ\u00e9tica nacional, al depender de intereses privados y for\u00e1neos. Por lo tanto, defender la permanencia de Petroper\u00fa en manos del Estado resulta crucial para proteger los intereses del pueblo peruano a largo plazo.<\/p>\n\n\n\n<p>Esta situaci\u00f3n pone en entredicho los argumentos esgrimidos por el directorio de Petroper\u00fa, quienes alegan que la empresa requiere de una inyecci\u00f3n millonaria de recursos y que ser\u00eda \u00abinmoral\u00bb solicitarlos al Estado. \u00bfAcaso es m\u00e1s \u00abmoral\u00bb entregar este activo estrat\u00e9gico a intereses privados que buscan maximizar sus ganancias a costa del bienestar de los peruanos?<br>La propuesta de privatizaci\u00f3n de Petroper\u00fa no solo representa un riesgo para la seguridad energ\u00e9tica del pa\u00eds, sino tambi\u00e9n para la econom\u00eda de millones de familias. Si la empresa cae en manos de oligopolios extranjeros, \u00bfqui\u00e9n nos garantiza que no se producir\u00e1 un aumento desmedido en los precios de los combustibles y, por ende, de los productos de primera necesidad? Esta espiral inflacionaria ser\u00eda devastadora para los sectores m\u00e1s vulnerables de la poblaci\u00f3n.<\/p>\n\n\n\n<p>Petroper\u00fa no es una simple empresa m\u00e1s, es un s\u00edmbolo de nuestra soberan\u00eda y un baluarte contra los intereses for\u00e1neos que hist\u00f3ricamente han buscado saquear nuestros recursos naturales.<\/p>","protected":false},"excerpt":{"rendered":"<p>La reciente propuesta del directorio de Petroper\u00fa, encabezado por Oliver Stark, de privatizar la empresa estatal petrolera, -iniciativa atrevida por parte de funcionarios gubernamentales-, representa un verdadero \u00abatropello\u00bb y una grave amenaza para la soberan\u00eda energ\u00e9tica del pa\u00eds y el bienestar de las grandes mayor\u00edas. No podemos permitir que unos cuantos funcionarios vendan nuestro patrimonio [&hellip;]<\/p>\n","protected":false},"author":7,"featured_media":1689,"comment_status":"open","ping_status":"open","sticky":false,"template":"","format":"standard","meta":{"footnotes":""},"categories":[183,177],"tags":[712,710,709,711],"class_list":["post-1688","post","type-post","status-publish","format-standard","has-post-thumbnail","hentry","category-actualidad","category-economia","tag-confiep","tag-petroleo","tag-petroperu","tag-privatizacion"],"yoast_head":"<!-- This site is optimized with the Yoast SEO plugin v27.4 - https:\/\/yoast.com\/product\/yoast-seo-wordpress\/ -->\n<title>Petroper\u00fa: Defensa de nuestro patrimonio energ\u00e9tico - Pulso27<\/title>\n<meta name=\"robots\" content=\"index, follow, max-snippet:-1, max-image-preview:large, max-video-preview:-1\" \/>\n<link rel=\"canonical\" href=\"https:\/\/pulso27.com\/en\/economia\/petroperu-defensa-de-nuestro-patrimonio-energetico\/\" \/>\n<meta property=\"og:locale\" content=\"en_US\" \/>\n<meta property=\"og:type\" content=\"article\" \/>\n<meta property=\"og:title\" content=\"Petroper\u00fa: Defensa de nuestro patrimonio energ\u00e9tico - Pulso27\" \/>\n<meta property=\"og:description\" content=\"La reciente propuesta del directorio de Petroper\u00fa, encabezado por Oliver Stark, de privatizar la empresa estatal petrolera, -iniciativa atrevida por parte de funcionarios gubernamentales-, representa un verdadero \u00abatropello\u00bb y una grave amenaza para la soberan\u00eda energ\u00e9tica del pa\u00eds y el bienestar de las grandes mayor\u00edas. No podemos permitir que unos cuantos funcionarios vendan nuestro patrimonio [&hellip;]\" \/>\n<meta property=\"og:url\" content=\"https:\/\/pulso27.com\/en\/economia\/petroperu-defensa-de-nuestro-patrimonio-energetico\/\" \/>\n<meta property=\"og:site_name\" content=\"Pulso27\" \/>\n<meta property=\"article:publisher\" content=\"https:\/\/www.facebook.com\/pulso27\/\" \/>\n<meta property=\"article:published_time\" content=\"2024-05-14T13:33:00+00:00\" \/>\n<meta property=\"article:modified_time\" content=\"2024-05-15T13:54:48+00:00\" \/>\n<meta property=\"og:image\" content=\"https:\/\/pulso27.com\/wp-content\/uploads\/2024\/05\/Petroperu.jpg\" \/>\n\t<meta property=\"og:image:width\" content=\"573\" \/>\n\t<meta property=\"og:image:height\" content=\"382\" \/>\n\t<meta property=\"og:image:type\" content=\"image\/jpeg\" \/>\n<meta name=\"author\" content=\"Tupaq\" \/>\n<meta name=\"twitter:card\" content=\"summary_large_image\" \/>\n<meta name=\"twitter:creator\" content=\"@Pulso_27\" \/>\n<meta name=\"twitter:site\" content=\"@Pulso_27\" \/>\n<meta name=\"twitter:label1\" content=\"Written by\" \/>\n\t<meta name=\"twitter:data1\" content=\"Tupaq\" \/>\n\t<meta name=\"twitter:label2\" content=\"Est. reading time\" \/>\n\t<meta name=\"twitter:data2\" content=\"2 minutes\" \/>\n<script type=\"application\/ld+json\" class=\"yoast-schema-graph\">{\"@context\":\"https:\\\/\\\/schema.org\",\"@graph\":[{\"@type\":\"Article\",\"@id\":\"https:\\\/\\\/pulso27.com\\\/economia\\\/petroperu-defensa-de-nuestro-patrimonio-energetico\\\/#article\",\"isPartOf\":{\"@id\":\"https:\\\/\\\/pulso27.com\\\/economia\\\/petroperu-defensa-de-nuestro-patrimonio-energetico\\\/\"},\"author\":{\"name\":\"Tupaq\",\"@id\":\"https:\\\/\\\/pulso27.com\\\/en\\\/#\\\/schema\\\/person\\\/d20fd7f5bc7f2e53fd150d43fca07a78\"},\"headline\":\"Petroper\u00fa: Defensa de nuestro patrimonio energ\u00e9tico\",\"datePublished\":\"2024-05-14T13:33:00+00:00\",\"dateModified\":\"2024-05-15T13:54:48+00:00\",\"mainEntityOfPage\":{\"@id\":\"https:\\\/\\\/pulso27.com\\\/economia\\\/petroperu-defensa-de-nuestro-patrimonio-energetico\\\/\"},\"wordCount\":433,\"commentCount\":0,\"publisher\":{\"@id\":\"https:\\\/\\\/pulso27.com\\\/en\\\/#organization\"},\"image\":{\"@id\":\"https:\\\/\\\/pulso27.com\\\/economia\\\/petroperu-defensa-de-nuestro-patrimonio-energetico\\\/#primaryimage\"},\"thumbnailUrl\":\"https:\\\/\\\/pulso27.com\\\/wp-content\\\/uploads\\\/2024\\\/05\\\/Petroperu.jpg\",\"keywords\":[\"Confiep\",\"Petroleo\",\"Petroper\u00fa\",\"Privatizaci\u00f3n\"],\"articleSection\":[\"Actualidad\",\"Econom\u00eda\"],\"inLanguage\":\"en-US\",\"potentialAction\":[{\"@type\":\"CommentAction\",\"name\":\"Comment\",\"target\":[\"https:\\\/\\\/pulso27.com\\\/economia\\\/petroperu-defensa-de-nuestro-patrimonio-energetico\\\/#respond\"]}]},{\"@type\":\"WebPage\",\"@id\":\"https:\\\/\\\/pulso27.com\\\/economia\\\/petroperu-defensa-de-nuestro-patrimonio-energetico\\\/\",\"url\":\"https:\\\/\\\/pulso27.com\\\/economia\\\/petroperu-defensa-de-nuestro-patrimonio-energetico\\\/\",\"name\":\"Petroper\u00fa: Defensa de nuestro patrimonio energ\u00e9tico - Pulso27\",\"isPartOf\":{\"@id\":\"https:\\\/\\\/pulso27.com\\\/en\\\/#website\"},\"primaryImageOfPage\":{\"@id\":\"https:\\\/\\\/pulso27.com\\\/economia\\\/petroperu-defensa-de-nuestro-patrimonio-energetico\\\/#primaryimage\"},\"image\":{\"@id\":\"https:\\\/\\\/pulso27.com\\\/economia\\\/petroperu-defensa-de-nuestro-patrimonio-energetico\\\/#primaryimage\"},\"thumbnailUrl\":\"https:\\\/\\\/pulso27.com\\\/wp-content\\\/uploads\\\/2024\\\/05\\\/Petroperu.jpg\",\"datePublished\":\"2024-05-14T13:33:00+00:00\",\"dateModified\":\"2024-05-15T13:54:48+00:00\",\"breadcrumb\":{\"@id\":\"https:\\\/\\\/pulso27.com\\\/economia\\\/petroperu-defensa-de-nuestro-patrimonio-energetico\\\/#breadcrumb\"},\"inLanguage\":\"en-US\",\"potentialAction\":[{\"@type\":\"ReadAction\",\"target\":[\"https:\\\/\\\/pulso27.com\\\/economia\\\/petroperu-defensa-de-nuestro-patrimonio-energetico\\\/\"]}]},{\"@type\":\"ImageObject\",\"inLanguage\":\"en-US\",\"@id\":\"https:\\\/\\\/pulso27.com\\\/economia\\\/petroperu-defensa-de-nuestro-patrimonio-energetico\\\/#primaryimage\",\"url\":\"https:\\\/\\\/pulso27.com\\\/wp-content\\\/uploads\\\/2024\\\/05\\\/Petroperu.jpg\",\"contentUrl\":\"https:\\\/\\\/pulso27.com\\\/wp-content\\\/uploads\\\/2024\\\/05\\\/Petroperu.jpg\",\"width\":573,\"height\":382},{\"@type\":\"BreadcrumbList\",\"@id\":\"https:\\\/\\\/pulso27.com\\\/economia\\\/petroperu-defensa-de-nuestro-patrimonio-energetico\\\/#breadcrumb\",\"itemListElement\":[{\"@type\":\"ListItem\",\"position\":1,\"name\":\"Portada\",\"item\":\"https:\\\/\\\/pulso27.com\\\/\"},{\"@type\":\"ListItem\",\"position\":2,\"name\":\"Petroper\u00fa: Defensa de nuestro patrimonio energ\u00e9tico\"}]},{\"@type\":\"WebSite\",\"@id\":\"https:\\\/\\\/pulso27.com\\\/en\\\/#website\",\"url\":\"https:\\\/\\\/pulso27.com\\\/en\\\/\",\"name\":\"Pulso27\",\"description\":\"Web de noticias y publicidad\",\"publisher\":{\"@id\":\"https:\\\/\\\/pulso27.com\\\/en\\\/#organization\"},\"alternateName\":\"El pulso del pueblo\",\"potentialAction\":[{\"@type\":\"SearchAction\",\"target\":{\"@type\":\"EntryPoint\",\"urlTemplate\":\"https:\\\/\\\/pulso27.com\\\/en\\\/?s={search_term_string}\"},\"query-input\":{\"@type\":\"PropertyValueSpecification\",\"valueRequired\":true,\"valueName\":\"search_term_string\"}}],\"inLanguage\":\"en-US\"},{\"@type\":\"Organization\",\"@id\":\"https:\\\/\\\/pulso27.com\\\/en\\\/#organization\",\"name\":\"Pulso27\",\"url\":\"https:\\\/\\\/pulso27.com\\\/en\\\/\",\"logo\":{\"@type\":\"ImageObject\",\"inLanguage\":\"en-US\",\"@id\":\"https:\\\/\\\/pulso27.com\\\/en\\\/#\\\/schema\\\/logo\\\/image\\\/\",\"url\":\"https:\\\/\\\/pulso27.com\\\/wp-content\\\/uploads\\\/2026\\\/02\\\/Logotipo-de-la-organizacion-696-x-696-px-ok.png\",\"contentUrl\":\"https:\\\/\\\/pulso27.com\\\/wp-content\\\/uploads\\\/2026\\\/02\\\/Logotipo-de-la-organizacion-696-x-696-px-ok.png\",\"width\":696,\"height\":696,\"caption\":\"Pulso27\"},\"image\":{\"@id\":\"https:\\\/\\\/pulso27.com\\\/en\\\/#\\\/schema\\\/logo\\\/image\\\/\"},\"sameAs\":[\"https:\\\/\\\/www.facebook.com\\\/pulso27\\\/\",\"https:\\\/\\\/x.com\\\/Pulso_27\",\"https:\\\/\\\/www.youtube.com\\\/@Pulso27\",\"https:\\\/\\\/www.tiktok.com\\\/@pulso_27\"]},{\"@type\":\"Person\",\"@id\":\"https:\\\/\\\/pulso27.com\\\/en\\\/#\\\/schema\\\/person\\\/d20fd7f5bc7f2e53fd150d43fca07a78\",\"name\":\"Tupaq\",\"image\":{\"@type\":\"ImageObject\",\"inLanguage\":\"en-US\",\"@id\":\"https:\\\/\\\/secure.gravatar.com\\\/avatar\\\/7929e9b034aeea560319a601e4f04c59eb5f45a79eafe192adabb67e9604e7e7?s=96&d=mm&r=g\",\"url\":\"https:\\\/\\\/secure.gravatar.com\\\/avatar\\\/7929e9b034aeea560319a601e4f04c59eb5f45a79eafe192adabb67e9604e7e7?s=96&d=mm&r=g\",\"contentUrl\":\"https:\\\/\\\/secure.gravatar.com\\\/avatar\\\/7929e9b034aeea560319a601e4f04c59eb5f45a79eafe192adabb67e9604e7e7?s=96&d=mm&r=g\",\"caption\":\"Tupaq\"},\"url\":\"https:\\\/\\\/pulso27.com\\\/en\\\/author\\\/tupaq\\\/\"}]}<\/script>\n<!-- \/ Yoast SEO plugin. -->","yoast_head_json":{"title":"Petroper\u00fa: Defensa de nuestro patrimonio energ\u00e9tico - Pulso27","robots":{"index":"index","follow":"follow","max-snippet":"max-snippet:-1","max-image-preview":"max-image-preview:large","max-video-preview":"max-video-preview:-1"},"canonical":"https:\/\/pulso27.com\/en\/economia\/petroperu-defensa-de-nuestro-patrimonio-energetico\/","og_locale":"en_US","og_type":"article","og_title":"Petroper\u00fa: Defensa de nuestro patrimonio energ\u00e9tico - Pulso27","og_description":"La reciente propuesta del directorio de Petroper\u00fa, encabezado por Oliver Stark, de privatizar la empresa estatal petrolera, -iniciativa atrevida por parte de funcionarios gubernamentales-, representa un verdadero \u00abatropello\u00bb y una grave amenaza para la soberan\u00eda energ\u00e9tica del pa\u00eds y el bienestar de las grandes mayor\u00edas. No podemos permitir que unos cuantos funcionarios vendan nuestro patrimonio [&hellip;]","og_url":"https:\/\/pulso27.com\/en\/economia\/petroperu-defensa-de-nuestro-patrimonio-energetico\/","og_site_name":"Pulso27","article_publisher":"https:\/\/www.facebook.com\/pulso27\/","article_published_time":"2024-05-14T13:33:00+00:00","article_modified_time":"2024-05-15T13:54:48+00:00","og_image":[{"width":573,"height":382,"url":"https:\/\/pulso27.com\/wp-content\/uploads\/2024\/05\/Petroperu.jpg","type":"image\/jpeg"}],"author":"Tupaq","twitter_card":"summary_large_image","twitter_creator":"@Pulso_27","twitter_site":"@Pulso_27","twitter_misc":{"Written by":"Tupaq","Est. reading time":"2 minutes"},"schema":{"@context":"https:\/\/schema.org","@graph":[{"@type":"Article","@id":"https:\/\/pulso27.com\/economia\/petroperu-defensa-de-nuestro-patrimonio-energetico\/#article","isPartOf":{"@id":"https:\/\/pulso27.com\/economia\/petroperu-defensa-de-nuestro-patrimonio-energetico\/"},"author":{"name":"Tupaq","@id":"https:\/\/pulso27.com\/en\/#\/schema\/person\/d20fd7f5bc7f2e53fd150d43fca07a78"},"headline":"Petroper\u00fa: Defensa de nuestro patrimonio energ\u00e9tico","datePublished":"2024-05-14T13:33:00+00:00","dateModified":"2024-05-15T13:54:48+00:00","mainEntityOfPage":{"@id":"https:\/\/pulso27.com\/economia\/petroperu-defensa-de-nuestro-patrimonio-energetico\/"},"wordCount":433,"commentCount":0,"publisher":{"@id":"https:\/\/pulso27.com\/en\/#organization"},"image":{"@id":"https:\/\/pulso27.com\/economia\/petroperu-defensa-de-nuestro-patrimonio-energetico\/#primaryimage"},"thumbnailUrl":"https:\/\/pulso27.com\/wp-content\/uploads\/2024\/05\/Petroperu.jpg","keywords":["Confiep","Petroleo","Petroper\u00fa","Privatizaci\u00f3n"],"articleSection":["Actualidad","Econom\u00eda"],"inLanguage":"en-US","potentialAction":[{"@type":"CommentAction","name":"Comment","target":["https:\/\/pulso27.com\/economia\/petroperu-defensa-de-nuestro-patrimonio-energetico\/#respond"]}]},{"@type":"WebPage","@id":"https:\/\/pulso27.com\/economia\/petroperu-defensa-de-nuestro-patrimonio-energetico\/","url":"https:\/\/pulso27.com\/economia\/petroperu-defensa-de-nuestro-patrimonio-energetico\/","name":"Petroper\u00fa: Defensa de nuestro patrimonio energ\u00e9tico - Pulso27","isPartOf":{"@id":"https:\/\/pulso27.com\/en\/#website"},"primaryImageOfPage":{"@id":"https:\/\/pulso27.com\/economia\/petroperu-defensa-de-nuestro-patrimonio-energetico\/#primaryimage"},"image":{"@id":"https:\/\/pulso27.com\/economia\/petroperu-defensa-de-nuestro-patrimonio-energetico\/#primaryimage"},"thumbnailUrl":"https:\/\/pulso27.com\/wp-content\/uploads\/2024\/05\/Petroperu.jpg","datePublished":"2024-05-14T13:33:00+00:00","dateModified":"2024-05-15T13:54:48+00:00","breadcrumb":{"@id":"https:\/\/pulso27.com\/economia\/petroperu-defensa-de-nuestro-patrimonio-energetico\/#breadcrumb"},"inLanguage":"en-US","potentialAction":[{"@type":"ReadAction","target":["https:\/\/pulso27.com\/economia\/petroperu-defensa-de-nuestro-patrimonio-energetico\/"]}]},{"@type":"ImageObject","inLanguage":"en-US","@id":"https:\/\/pulso27.com\/economia\/petroperu-defensa-de-nuestro-patrimonio-energetico\/#primaryimage","url":"https:\/\/pulso27.com\/wp-content\/uploads\/2024\/05\/Petroperu.jpg","contentUrl":"https:\/\/pulso27.com\/wp-content\/uploads\/2024\/05\/Petroperu.jpg","width":573,"height":382},{"@type":"BreadcrumbList","@id":"https:\/\/pulso27.com\/economia\/petroperu-defensa-de-nuestro-patrimonio-energetico\/#breadcrumb","itemListElement":[{"@type":"ListItem","position":1,"name":"Portada","item":"https:\/\/pulso27.com\/"},{"@type":"ListItem","position":2,"name":"Petroper\u00fa: Defensa de nuestro patrimonio energ\u00e9tico"}]},{"@type":"WebSite","@id":"https:\/\/pulso27.com\/en\/#website","url":"https:\/\/pulso27.com\/en\/","name":"Pulso27","description":"Web de noticias y publicidad","publisher":{"@id":"https:\/\/pulso27.com\/en\/#organization"},"alternateName":"El pulso del pueblo","potentialAction":[{"@type":"SearchAction","target":{"@type":"EntryPoint","urlTemplate":"https:\/\/pulso27.com\/en\/?s={search_term_string}"},"query-input":{"@type":"PropertyValueSpecification","valueRequired":true,"valueName":"search_term_string"}}],"inLanguage":"en-US"},{"@type":"Organization","@id":"https:\/\/pulso27.com\/en\/#organization","name":"Pulso27","url":"https:\/\/pulso27.com\/en\/","logo":{"@type":"ImageObject","inLanguage":"en-US","@id":"https:\/\/pulso27.com\/en\/#\/schema\/logo\/image\/","url":"https:\/\/pulso27.com\/wp-content\/uploads\/2026\/02\/Logotipo-de-la-organizacion-696-x-696-px-ok.png","contentUrl":"https:\/\/pulso27.com\/wp-content\/uploads\/2026\/02\/Logotipo-de-la-organizacion-696-x-696-px-ok.png","width":696,"height":696,"caption":"Pulso27"},"image":{"@id":"https:\/\/pulso27.com\/en\/#\/schema\/logo\/image\/"},"sameAs":["https:\/\/www.facebook.com\/pulso27\/","https:\/\/x.com\/Pulso_27","https:\/\/www.youtube.com\/@Pulso27","https:\/\/www.tiktok.com\/@pulso_27"]},{"@type":"Person","@id":"https:\/\/pulso27.com\/en\/#\/schema\/person\/d20fd7f5bc7f2e53fd150d43fca07a78","name":"Tupaq","image":{"@type":"ImageObject","inLanguage":"en-US","@id":"https:\/\/secure.gravatar.com\/avatar\/7929e9b034aeea560319a601e4f04c59eb5f45a79eafe192adabb67e9604e7e7?s=96&d=mm&r=g","url":"https:\/\/secure.gravatar.com\/avatar\/7929e9b034aeea560319a601e4f04c59eb5f45a79eafe192adabb67e9604e7e7?s=96&d=mm&r=g","contentUrl":"https:\/\/secure.gravatar.com\/avatar\/7929e9b034aeea560319a601e4f04c59eb5f45a79eafe192adabb67e9604e7e7?s=96&d=mm&r=g","caption":"Tupaq"},"url":"https:\/\/pulso27.com\/en\/author\/tupaq\/"}]}},"amp_enabled":true,"_links":{"self":[{"href":"https:\/\/pulso27.com\/en\/wp-json\/wp\/v2\/posts\/1688","targetHints":{"allow":["GET"]}}],"collection":[{"href":"https:\/\/pulso27.com\/en\/wp-json\/wp\/v2\/posts"}],"about":[{"href":"https:\/\/pulso27.com\/en\/wp-json\/wp\/v2\/types\/post"}],"author":[{"embeddable":true,"href":"https:\/\/pulso27.com\/en\/wp-json\/wp\/v2\/users\/7"}],"replies":[{"embeddable":true,"href":"https:\/\/pulso27.com\/en\/wp-json\/wp\/v2\/comments?post=1688"}],"version-history":[{"count":1,"href":"https:\/\/pulso27.com\/en\/wp-json\/wp\/v2\/posts\/1688\/revisions"}],"predecessor-version":[{"id":1690,"href":"https:\/\/pulso27.com\/en\/wp-json\/wp\/v2\/posts\/1688\/revisions\/1690"}],"wp:featuredmedia":[{"embeddable":true,"href":"https:\/\/pulso27.com\/en\/wp-json\/wp\/v2\/media\/1689"}],"wp:attachment":[{"href":"https:\/\/pulso27.com\/en\/wp-json\/wp\/v2\/media?parent=1688"}],"wp:term":[{"taxonomy":"category","embeddable":true,"href":"https:\/\/pulso27.com\/en\/wp-json\/wp\/v2\/categories?post=1688"},{"taxonomy":"post_tag","embeddable":true,"href":"https:\/\/pulso27.com\/en\/wp-json\/wp\/v2\/tags?post=1688"}],"curies":[{"name":"wp","href":"https:\/\/api.w.org\/{rel}","templated":true}]}}