{"id":1705,"date":"2024-05-16T21:06:43","date_gmt":"2024-05-16T16:06:43","guid":{"rendered":"https:\/\/pulso27.com\/?p=1705"},"modified":"2024-05-16T21:06:43","modified_gmt":"2024-05-16T16:06:43","slug":"ministro-del-interior-walter-ortiz-renuncia-al-cargo","status":"publish","type":"post","link":"https:\/\/pulso27.com\/en\/actualidad\/policial\/ministro-del-interior-walter-ortiz-renuncia-al-cargo\/","title":{"rendered":"Ministro del Interior Walter Ortiz renuncia al cargo"},"content":{"rendered":"<p>El ministro del Interior, Walter Ortiz, general retirado de la Polic\u00eda Nacional del Per\u00fa (PNP), renunci\u00f3 el d\u00eda de hoy, al cargo que ocup\u00f3 desde el 1 de abril de 2024.<\/p>\n\n\n\n<p>Cabe destacar que el hasta hoy titular del Mininter, asumi\u00f3 el puesto el 1 de abril, tras la salida del ministro V\u00edctor Torres Falc\u00f3n, quien tuvo que dimitir tras ser cuestionado por la participaci\u00f3n de efectivos en el allanamiento de la casa de la presidenta Dina Boluarte, Por otro lado Ortiz, defendi\u00f3 la decisi\u00f3n de quitar el apoyo policial al Equipo Especial de Fiscales Contra la Corrupci\u00f3n en el Poder (Eficcop) y fue duramente cuestionado por su gesti\u00f3n al frente de este ministerio sin ninguna respuesta ante la criminalidad e inseguridad en el pa\u00eds, a pesar del apoyo inicial y su promesa de implementar una estrategia contra la inseguridad ciudadana.<\/p>\n\n\n\n<p>Fue el quinto titular del Mininter durante la administraci\u00f3n de la presidenta, Dina Boluarte y se va sin pena ni gloria.<\/p>","protected":false},"excerpt":{"rendered":"<p>El ministro del Interior, Walter Ortiz, general retirado de la Polic\u00eda Nacional del Per\u00fa (PNP), renunci\u00f3 el d\u00eda de hoy, al cargo que ocup\u00f3 desde el 1 de abril de 2024. Cabe destacar que el hasta hoy titular del Mininter, asumi\u00f3 el puesto el 1 de abril, tras la salida del ministro V\u00edctor Torres Falc\u00f3n, [&hellip;]<\/p>\n","protected":false},"author":10,"featured_media":1706,"comment_status":"open","ping_status":"open","sticky":false,"template":"","format":"standard","meta":{"footnotes":""},"categories":[183,178],"tags":[720,694,629],"class_list":["post-1705","post","type-post","status-publish","format-standard","has-post-thumbnail","hentry","category-actualidad","category-policial","tag-mininter","tag-ministro","tag-renuncia"],"yoast_head":"<!-- This site is optimized with the Yoast SEO plugin v27.4 - https:\/\/yoast.com\/product\/yoast-seo-wordpress\/ -->\n<title>Ministro del Interior Walter Ortiz renuncia al cargo - Pulso27<\/title>\n<meta name=\"robots\" content=\"index, follow, max-snippet:-1, max-image-preview:large, max-video-preview:-1\" \/>\n<link rel=\"canonical\" href=\"https:\/\/pulso27.com\/en\/policial\/ministro-del-interior-walter-ortiz-renuncia-al-cargo\/\" \/>\n<meta property=\"og:locale\" content=\"en_US\" \/>\n<meta property=\"og:type\" content=\"article\" \/>\n<meta property=\"og:title\" content=\"Ministro del Interior Walter Ortiz renuncia al cargo - Pulso27\" \/>\n<meta property=\"og:description\" content=\"El ministro del Interior, Walter Ortiz, general retirado de la Polic\u00eda Nacional del Per\u00fa (PNP), renunci\u00f3 el d\u00eda de hoy, al cargo que ocup\u00f3 desde el 1 de abril de 2024. Cabe destacar que el hasta hoy titular del Mininter, asumi\u00f3 el puesto el 1 de abril, tras la salida del ministro V\u00edctor Torres Falc\u00f3n, [&hellip;]\" \/>\n<meta property=\"og:url\" content=\"https:\/\/pulso27.com\/en\/policial\/ministro-del-interior-walter-ortiz-renuncia-al-cargo\/\" \/>\n<meta property=\"og:site_name\" content=\"Pulso27\" \/>\n<meta property=\"article:publisher\" content=\"https:\/\/www.facebook.com\/pulso27\/\" \/>\n<meta property=\"article:published_time\" content=\"2024-05-16T16:06:43+00:00\" \/>\n<meta property=\"og:image\" content=\"https:\/\/pulso27.com\/wp-content\/uploads\/2024\/05\/Mirenun.jpg.jpeg\" \/>\n\t<meta property=\"og:image:width\" content=\"969\" \/>\n\t<meta property=\"og:image:height\" content=\"525\" \/>\n\t<meta property=\"og:image:type\" content=\"image\/jpeg\" \/>\n<meta name=\"author\" content=\"El Muki\" \/>\n<meta name=\"twitter:card\" content=\"summary_large_image\" \/>\n<meta name=\"twitter:creator\" content=\"@Pulso_27\" \/>\n<meta name=\"twitter:site\" content=\"@Pulso_27\" \/>\n<meta name=\"twitter:label1\" content=\"Written by\" \/>\n\t<meta name=\"twitter:data1\" content=\"El Muki\" \/>\n\t<meta name=\"twitter:label2\" content=\"Est. reading time\" \/>\n\t<meta name=\"twitter:data2\" content=\"1 minute\" \/>\n<script type=\"application\/ld+json\" class=\"yoast-schema-graph\">{\"@context\":\"https:\\\/\\\/schema.org\",\"@graph\":[{\"@type\":\"Article\",\"@id\":\"https:\\\/\\\/pulso27.com\\\/policial\\\/ministro-del-interior-walter-ortiz-renuncia-al-cargo\\\/#article\",\"isPartOf\":{\"@id\":\"https:\\\/\\\/pulso27.com\\\/policial\\\/ministro-del-interior-walter-ortiz-renuncia-al-cargo\\\/\"},\"author\":{\"name\":\"El Muki\",\"@id\":\"https:\\\/\\\/pulso27.com\\\/en\\\/#\\\/schema\\\/person\\\/a0930a7f318e7d9d83bd7cffed9f34f6\"},\"headline\":\"Ministro del Interior Walter Ortiz renuncia al cargo\",\"datePublished\":\"2024-05-16T16:06:43+00:00\",\"mainEntityOfPage\":{\"@id\":\"https:\\\/\\\/pulso27.com\\\/policial\\\/ministro-del-interior-walter-ortiz-renuncia-al-cargo\\\/\"},\"wordCount\":177,\"commentCount\":0,\"publisher\":{\"@id\":\"https:\\\/\\\/pulso27.com\\\/en\\\/#organization\"},\"image\":{\"@id\":\"https:\\\/\\\/pulso27.com\\\/policial\\\/ministro-del-interior-walter-ortiz-renuncia-al-cargo\\\/#primaryimage\"},\"thumbnailUrl\":\"https:\\\/\\\/pulso27.com\\\/wp-content\\\/uploads\\\/2024\\\/05\\\/Mirenun.jpg.jpeg\",\"keywords\":[\"MININTER\",\"Ministro\",\"Renuncia\"],\"articleSection\":[\"Actualidad\",\"Policial\"],\"inLanguage\":\"en-US\",\"potentialAction\":[{\"@type\":\"CommentAction\",\"name\":\"Comment\",\"target\":[\"https:\\\/\\\/pulso27.com\\\/policial\\\/ministro-del-interior-walter-ortiz-renuncia-al-cargo\\\/#respond\"]}]},{\"@type\":\"WebPage\",\"@id\":\"https:\\\/\\\/pulso27.com\\\/policial\\\/ministro-del-interior-walter-ortiz-renuncia-al-cargo\\\/\",\"url\":\"https:\\\/\\\/pulso27.com\\\/policial\\\/ministro-del-interior-walter-ortiz-renuncia-al-cargo\\\/\",\"name\":\"Ministro del Interior Walter Ortiz renuncia al cargo - Pulso27\",\"isPartOf\":{\"@id\":\"https:\\\/\\\/pulso27.com\\\/en\\\/#website\"},\"primaryImageOfPage\":{\"@id\":\"https:\\\/\\\/pulso27.com\\\/policial\\\/ministro-del-interior-walter-ortiz-renuncia-al-cargo\\\/#primaryimage\"},\"image\":{\"@id\":\"https:\\\/\\\/pulso27.com\\\/policial\\\/ministro-del-interior-walter-ortiz-renuncia-al-cargo\\\/#primaryimage\"},\"thumbnailUrl\":\"https:\\\/\\\/pulso27.com\\\/wp-content\\\/uploads\\\/2024\\\/05\\\/Mirenun.jpg.jpeg\",\"datePublished\":\"2024-05-16T16:06:43+00:00\",\"breadcrumb\":{\"@id\":\"https:\\\/\\\/pulso27.com\\\/policial\\\/ministro-del-interior-walter-ortiz-renuncia-al-cargo\\\/#breadcrumb\"},\"inLanguage\":\"en-US\",\"potentialAction\":[{\"@type\":\"ReadAction\",\"target\":[\"https:\\\/\\\/pulso27.com\\\/policial\\\/ministro-del-interior-walter-ortiz-renuncia-al-cargo\\\/\"]}]},{\"@type\":\"ImageObject\",\"inLanguage\":\"en-US\",\"@id\":\"https:\\\/\\\/pulso27.com\\\/policial\\\/ministro-del-interior-walter-ortiz-renuncia-al-cargo\\\/#primaryimage\",\"url\":\"https:\\\/\\\/pulso27.com\\\/wp-content\\\/uploads\\\/2024\\\/05\\\/Mirenun.jpg.jpeg\",\"contentUrl\":\"https:\\\/\\\/pulso27.com\\\/wp-content\\\/uploads\\\/2024\\\/05\\\/Mirenun.jpg.jpeg\",\"width\":969,\"height\":525},{\"@type\":\"BreadcrumbList\",\"@id\":\"https:\\\/\\\/pulso27.com\\\/policial\\\/ministro-del-interior-walter-ortiz-renuncia-al-cargo\\\/#breadcrumb\",\"itemListElement\":[{\"@type\":\"ListItem\",\"position\":1,\"name\":\"Portada\",\"item\":\"https:\\\/\\\/pulso27.com\\\/\"},{\"@type\":\"ListItem\",\"position\":2,\"name\":\"Ministro del Interior Walter Ortiz renuncia al cargo\"}]},{\"@type\":\"WebSite\",\"@id\":\"https:\\\/\\\/pulso27.com\\\/en\\\/#website\",\"url\":\"https:\\\/\\\/pulso27.com\\\/en\\\/\",\"name\":\"Pulso27\",\"description\":\"Web de noticias y publicidad\",\"publisher\":{\"@id\":\"https:\\\/\\\/pulso27.com\\\/en\\\/#organization\"},\"alternateName\":\"El pulso del pueblo\",\"potentialAction\":[{\"@type\":\"SearchAction\",\"target\":{\"@type\":\"EntryPoint\",\"urlTemplate\":\"https:\\\/\\\/pulso27.com\\\/en\\\/?s={search_term_string}\"},\"query-input\":{\"@type\":\"PropertyValueSpecification\",\"valueRequired\":true,\"valueName\":\"search_term_string\"}}],\"inLanguage\":\"en-US\"},{\"@type\":\"Organization\",\"@id\":\"https:\\\/\\\/pulso27.com\\\/en\\\/#organization\",\"name\":\"Pulso27\",\"url\":\"https:\\\/\\\/pulso27.com\\\/en\\\/\",\"logo\":{\"@type\":\"ImageObject\",\"inLanguage\":\"en-US\",\"@id\":\"https:\\\/\\\/pulso27.com\\\/en\\\/#\\\/schema\\\/logo\\\/image\\\/\",\"url\":\"https:\\\/\\\/pulso27.com\\\/wp-content\\\/uploads\\\/2026\\\/02\\\/Logotipo-de-la-organizacion-696-x-696-px-ok.png\",\"contentUrl\":\"https:\\\/\\\/pulso27.com\\\/wp-content\\\/uploads\\\/2026\\\/02\\\/Logotipo-de-la-organizacion-696-x-696-px-ok.png\",\"width\":696,\"height\":696,\"caption\":\"Pulso27\"},\"image\":{\"@id\":\"https:\\\/\\\/pulso27.com\\\/en\\\/#\\\/schema\\\/logo\\\/image\\\/\"},\"sameAs\":[\"https:\\\/\\\/www.facebook.com\\\/pulso27\\\/\",\"https:\\\/\\\/x.com\\\/Pulso_27\",\"https:\\\/\\\/www.youtube.com\\\/@Pulso27\",\"https:\\\/\\\/www.tiktok.com\\\/@pulso_27\"]},{\"@type\":\"Person\",\"@id\":\"https:\\\/\\\/pulso27.com\\\/en\\\/#\\\/schema\\\/person\\\/a0930a7f318e7d9d83bd7cffed9f34f6\",\"name\":\"El Muki\",\"image\":{\"@type\":\"ImageObject\",\"inLanguage\":\"en-US\",\"@id\":\"https:\\\/\\\/secure.gravatar.com\\\/avatar\\\/dc91c2607c5eebda74cbb40d13031f489096c96ead89c4c30c17db262267b2b3?s=96&d=mm&r=g\",\"url\":\"https:\\\/\\\/secure.gravatar.com\\\/avatar\\\/dc91c2607c5eebda74cbb40d13031f489096c96ead89c4c30c17db262267b2b3?s=96&d=mm&r=g\",\"contentUrl\":\"https:\\\/\\\/secure.gravatar.com\\\/avatar\\\/dc91c2607c5eebda74cbb40d13031f489096c96ead89c4c30c17db262267b2b3?s=96&d=mm&r=g\",\"caption\":\"El Muki\"},\"sameAs\":[\"http:\\\/\\\/www.pulso27.com\"],\"url\":\"https:\\\/\\\/pulso27.com\\\/en\\\/author\\\/elcuervo\\\/\"}]}<\/script>\n<!-- \/ Yoast SEO plugin. -->","yoast_head_json":{"title":"Ministro del Interior Walter Ortiz renuncia al cargo - Pulso27","robots":{"index":"index","follow":"follow","max-snippet":"max-snippet:-1","max-image-preview":"max-image-preview:large","max-video-preview":"max-video-preview:-1"},"canonical":"https:\/\/pulso27.com\/en\/policial\/ministro-del-interior-walter-ortiz-renuncia-al-cargo\/","og_locale":"en_US","og_type":"article","og_title":"Ministro del Interior Walter Ortiz renuncia al cargo - Pulso27","og_description":"El ministro del Interior, Walter Ortiz, general retirado de la Polic\u00eda Nacional del Per\u00fa (PNP), renunci\u00f3 el d\u00eda de hoy, al cargo que ocup\u00f3 desde el 1 de abril de 2024. Cabe destacar que el hasta hoy titular del Mininter, asumi\u00f3 el puesto el 1 de abril, tras la salida del ministro V\u00edctor Torres Falc\u00f3n, [&hellip;]","og_url":"https:\/\/pulso27.com\/en\/policial\/ministro-del-interior-walter-ortiz-renuncia-al-cargo\/","og_site_name":"Pulso27","article_publisher":"https:\/\/www.facebook.com\/pulso27\/","article_published_time":"2024-05-16T16:06:43+00:00","og_image":[{"width":969,"height":525,"url":"https:\/\/pulso27.com\/wp-content\/uploads\/2024\/05\/Mirenun.jpg.jpeg","type":"image\/jpeg"}],"author":"El Muki","twitter_card":"summary_large_image","twitter_creator":"@Pulso_27","twitter_site":"@Pulso_27","twitter_misc":{"Written by":"El Muki","Est. reading time":"1 minute"},"schema":{"@context":"https:\/\/schema.org","@graph":[{"@type":"Article","@id":"https:\/\/pulso27.com\/policial\/ministro-del-interior-walter-ortiz-renuncia-al-cargo\/#article","isPartOf":{"@id":"https:\/\/pulso27.com\/policial\/ministro-del-interior-walter-ortiz-renuncia-al-cargo\/"},"author":{"name":"El Muki","@id":"https:\/\/pulso27.com\/en\/#\/schema\/person\/a0930a7f318e7d9d83bd7cffed9f34f6"},"headline":"Ministro del Interior Walter Ortiz renuncia al cargo","datePublished":"2024-05-16T16:06:43+00:00","mainEntityOfPage":{"@id":"https:\/\/pulso27.com\/policial\/ministro-del-interior-walter-ortiz-renuncia-al-cargo\/"},"wordCount":177,"commentCount":0,"publisher":{"@id":"https:\/\/pulso27.com\/en\/#organization"},"image":{"@id":"https:\/\/pulso27.com\/policial\/ministro-del-interior-walter-ortiz-renuncia-al-cargo\/#primaryimage"},"thumbnailUrl":"https:\/\/pulso27.com\/wp-content\/uploads\/2024\/05\/Mirenun.jpg.jpeg","keywords":["MININTER","Ministro","Renuncia"],"articleSection":["Actualidad","Policial"],"inLanguage":"en-US","potentialAction":[{"@type":"CommentAction","name":"Comment","target":["https:\/\/pulso27.com\/policial\/ministro-del-interior-walter-ortiz-renuncia-al-cargo\/#respond"]}]},{"@type":"WebPage","@id":"https:\/\/pulso27.com\/policial\/ministro-del-interior-walter-ortiz-renuncia-al-cargo\/","url":"https:\/\/pulso27.com\/policial\/ministro-del-interior-walter-ortiz-renuncia-al-cargo\/","name":"Ministro del Interior Walter Ortiz renuncia al cargo - Pulso27","isPartOf":{"@id":"https:\/\/pulso27.com\/en\/#website"},"primaryImageOfPage":{"@id":"https:\/\/pulso27.com\/policial\/ministro-del-interior-walter-ortiz-renuncia-al-cargo\/#primaryimage"},"image":{"@id":"https:\/\/pulso27.com\/policial\/ministro-del-interior-walter-ortiz-renuncia-al-cargo\/#primaryimage"},"thumbnailUrl":"https:\/\/pulso27.com\/wp-content\/uploads\/2024\/05\/Mirenun.jpg.jpeg","datePublished":"2024-05-16T16:06:43+00:00","breadcrumb":{"@id":"https:\/\/pulso27.com\/policial\/ministro-del-interior-walter-ortiz-renuncia-al-cargo\/#breadcrumb"},"inLanguage":"en-US","potentialAction":[{"@type":"ReadAction","target":["https:\/\/pulso27.com\/policial\/ministro-del-interior-walter-ortiz-renuncia-al-cargo\/"]}]},{"@type":"ImageObject","inLanguage":"en-US","@id":"https:\/\/pulso27.com\/policial\/ministro-del-interior-walter-ortiz-renuncia-al-cargo\/#primaryimage","url":"https:\/\/pulso27.com\/wp-content\/uploads\/2024\/05\/Mirenun.jpg.jpeg","contentUrl":"https:\/\/pulso27.com\/wp-content\/uploads\/2024\/05\/Mirenun.jpg.jpeg","width":969,"height":525},{"@type":"BreadcrumbList","@id":"https:\/\/pulso27.com\/policial\/ministro-del-interior-walter-ortiz-renuncia-al-cargo\/#breadcrumb","itemListElement":[{"@type":"ListItem","position":1,"name":"Portada","item":"https:\/\/pulso27.com\/"},{"@type":"ListItem","position":2,"name":"Ministro del Interior Walter Ortiz renuncia al cargo"}]},{"@type":"WebSite","@id":"https:\/\/pulso27.com\/en\/#website","url":"https:\/\/pulso27.com\/en\/","name":"Pulso27","description":"Web de noticias y publicidad","publisher":{"@id":"https:\/\/pulso27.com\/en\/#organization"},"alternateName":"El pulso del pueblo","potentialAction":[{"@type":"SearchAction","target":{"@type":"EntryPoint","urlTemplate":"https:\/\/pulso27.com\/en\/?s={search_term_string}"},"query-input":{"@type":"PropertyValueSpecification","valueRequired":true,"valueName":"search_term_string"}}],"inLanguage":"en-US"},{"@type":"Organization","@id":"https:\/\/pulso27.com\/en\/#organization","name":"Pulso27","url":"https:\/\/pulso27.com\/en\/","logo":{"@type":"ImageObject","inLanguage":"en-US","@id":"https:\/\/pulso27.com\/en\/#\/schema\/logo\/image\/","url":"https:\/\/pulso27.com\/wp-content\/uploads\/2026\/02\/Logotipo-de-la-organizacion-696-x-696-px-ok.png","contentUrl":"https:\/\/pulso27.com\/wp-content\/uploads\/2026\/02\/Logotipo-de-la-organizacion-696-x-696-px-ok.png","width":696,"height":696,"caption":"Pulso27"},"image":{"@id":"https:\/\/pulso27.com\/en\/#\/schema\/logo\/image\/"},"sameAs":["https:\/\/www.facebook.com\/pulso27\/","https:\/\/x.com\/Pulso_27","https:\/\/www.youtube.com\/@Pulso27","https:\/\/www.tiktok.com\/@pulso_27"]},{"@type":"Person","@id":"https:\/\/pulso27.com\/en\/#\/schema\/person\/a0930a7f318e7d9d83bd7cffed9f34f6","name":"El Muki","image":{"@type":"ImageObject","inLanguage":"en-US","@id":"https:\/\/secure.gravatar.com\/avatar\/dc91c2607c5eebda74cbb40d13031f489096c96ead89c4c30c17db262267b2b3?s=96&d=mm&r=g","url":"https:\/\/secure.gravatar.com\/avatar\/dc91c2607c5eebda74cbb40d13031f489096c96ead89c4c30c17db262267b2b3?s=96&d=mm&r=g","contentUrl":"https:\/\/secure.gravatar.com\/avatar\/dc91c2607c5eebda74cbb40d13031f489096c96ead89c4c30c17db262267b2b3?s=96&d=mm&r=g","caption":"El Muki"},"sameAs":["http:\/\/www.pulso27.com"],"url":"https:\/\/pulso27.com\/en\/author\/elcuervo\/"}]}},"amp_enabled":true,"_links":{"self":[{"href":"https:\/\/pulso27.com\/en\/wp-json\/wp\/v2\/posts\/1705","targetHints":{"allow":["GET"]}}],"collection":[{"href":"https:\/\/pulso27.com\/en\/wp-json\/wp\/v2\/posts"}],"about":[{"href":"https:\/\/pulso27.com\/en\/wp-json\/wp\/v2\/types\/post"}],"author":[{"embeddable":true,"href":"https:\/\/pulso27.com\/en\/wp-json\/wp\/v2\/users\/10"}],"replies":[{"embeddable":true,"href":"https:\/\/pulso27.com\/en\/wp-json\/wp\/v2\/comments?post=1705"}],"version-history":[{"count":1,"href":"https:\/\/pulso27.com\/en\/wp-json\/wp\/v2\/posts\/1705\/revisions"}],"predecessor-version":[{"id":1707,"href":"https:\/\/pulso27.com\/en\/wp-json\/wp\/v2\/posts\/1705\/revisions\/1707"}],"wp:featuredmedia":[{"embeddable":true,"href":"https:\/\/pulso27.com\/en\/wp-json\/wp\/v2\/media\/1706"}],"wp:attachment":[{"href":"https:\/\/pulso27.com\/en\/wp-json\/wp\/v2\/media?parent=1705"}],"wp:term":[{"taxonomy":"category","embeddable":true,"href":"https:\/\/pulso27.com\/en\/wp-json\/wp\/v2\/categories?post=1705"},{"taxonomy":"post_tag","embeddable":true,"href":"https:\/\/pulso27.com\/en\/wp-json\/wp\/v2\/tags?post=1705"}],"curies":[{"name":"wp","href":"https:\/\/api.w.org\/{rel}","templated":true}]}}