{"id":1721,"date":"2024-05-17T07:01:28","date_gmt":"2024-05-17T02:01:28","guid":{"rendered":"https:\/\/pulso27.com\/?p=1721"},"modified":"2024-05-17T07:01:28","modified_gmt":"2024-05-17T02:01:28","slug":"a-un-ano-de-la-masacre-en-juliaca-y-otras-regiones-fiscalia-formaliza-cargos-contra-20-agentes-del-estado","status":"publish","type":"post","link":"https:\/\/pulso27.com\/en\/nacional\/a-un-ano-de-la-masacre-en-juliaca-y-otras-regiones-fiscalia-formaliza-cargos-contra-20-agentes-del-estado\/","title":{"rendered":"A un a\u00f1o de la masacre en Juliaca y otras regiones: Fiscal\u00eda formaliza cargos contra 20 agentes del Estado"},"content":{"rendered":"<p>La masacre de Juliaca el 9 de enero de 2023 marc\u00f3 un triste hito en la lucha por la democracia y la justicia en el Per\u00fa. Aquel d\u00eda, 18 personas, incluyendo 3 menores de edad, fueron asesinadas y cientos resultaron gravemente heridas por la violenta represi\u00f3n de las fuerzas policiales y militares contra las manifestaciones en contra del r\u00e9gimen de Dina Boluarte.<br>M\u00e1s de un a\u00f1o despu\u00e9s, finalmente se ha dado un paso importante hacia la justicia con la formalizaci\u00f3n de cargos contra 20 agentes estatales presuntamente responsables de estos hechos atroces. Sin embargo, el camino para esclarecer la verdad y lograr reparaci\u00f3n para las v\u00edctimas sigue siendo arduo y lleno de obst\u00e1culos.<\/p>\n\n\n\n<p>El Ministerio P\u00fablico ha formalizado la investigaci\u00f3n fiscal contra 20 agentes del Estado, entre ellos 19 polic\u00edas y un miembro del Ej\u00e9rcito, por el delito de homicidio calificado de 18 civiles y lesiones graves de otros 20 en la masacre de Juliaca, Puno.<\/p>\n\n\n\n<figure class=\"wp-block-image size-large\"><img loading=\"lazy\" decoding=\"async\" width=\"1024\" height=\"713\" src=\"https:\/\/pulso27.com\/wp-content\/uploads\/2024\/05\/Masacres-1024x713.jpg\" alt=\"\" class=\"wp-image-1724\" srcset=\"https:\/\/pulso27.com\/wp-content\/uploads\/2024\/05\/Masacres-1024x713.jpg 1024w, https:\/\/pulso27.com\/wp-content\/uploads\/2024\/05\/Masacres-300x209.jpg 300w, https:\/\/pulso27.com\/wp-content\/uploads\/2024\/05\/Masacres-768x535.jpg 768w, https:\/\/pulso27.com\/wp-content\/uploads\/2024\/05\/Masacres-1536x1069.jpg 1536w, https:\/\/pulso27.com\/wp-content\/uploads\/2024\/05\/Masacres-18x12.jpg 18w, https:\/\/pulso27.com\/wp-content\/uploads\/2024\/05\/Masacres.jpg 1839w\" sizes=\"auto, (max-width: 1024px) 100vw, 1024px\" \/><figcaption class=\"wp-element-caption\"><em>Deudos de la masacre del departamento de Puno que vislumbran justicia<\/em><\/figcaption><\/figure>\n\n\n\n<p>La comunidad de Juliaca y las familias de las v\u00edctimas hab\u00edan estado exigiendo justicia incansablemente desde aquel fat\u00eddico d\u00eda. Lamentablemente, la justicia sigue siendo esquiva para muchas otras familias en el sur del pa\u00eds.<\/p>\n\n\n\n<p>En Ayacucho, por ejemplo, 10 civiles fueron asesinados y 61 resultaron heridos, en su mayor\u00eda por disparos de bala, durante las protestas. Sus seres queridos a\u00fan esperan que se esclarezcan los hechos y se sancione a los responsables.<\/p>\n\n\n\n<p>La formalizaci\u00f3n de esta investigaci\u00f3n en Juliaca es un paso importante, pero queda un largo camino por recorrer para que se haga justicia integral por todas las vidas segadas y los actos de barbarie cometidos por las fuerzas del Estado. Las familias de las v\u00edctimas merecen respuestas y una reparaci\u00f3n civil por las vidas segadas, y el pa\u00eds entero exige que se ponga fin a la impunidad.<\/p>\n\n\n\n<p>Amnist\u00eda Internacional ha documentado que en al menos diez de estos casos existe evidencia que sugiere posibles ejecuciones extrajudiciales, destacando un uso desmedido de la fuerza letal contra la poblaci\u00f3n ind\u00edgena. Los operativos policiales y militares presentaron graves irregularidades, violando los protocolos de intervenci\u00f3n policial y militar, lo que agrava a\u00fan m\u00e1s los hechos.<\/p>\n\n\n\n<figure class=\"wp-block-image size-large\"><img loading=\"lazy\" decoding=\"async\" width=\"1024\" height=\"725\" src=\"https:\/\/pulso27.com\/wp-content\/uploads\/2024\/05\/Masacree-1024x725.jpg\" alt=\"\" class=\"wp-image-1723\" srcset=\"https:\/\/pulso27.com\/wp-content\/uploads\/2024\/05\/Masacree-1024x725.jpg 1024w, https:\/\/pulso27.com\/wp-content\/uploads\/2024\/05\/Masacree-300x213.jpg 300w, https:\/\/pulso27.com\/wp-content\/uploads\/2024\/05\/Masacree-768x544.jpg 768w, https:\/\/pulso27.com\/wp-content\/uploads\/2024\/05\/Masacree-18x12.jpg 18w, https:\/\/pulso27.com\/wp-content\/uploads\/2024\/05\/Masacree.jpg 1080w\" sizes=\"auto, (max-width: 1024px) 100vw, 1024px\" \/><figcaption class=\"wp-element-caption\"><em>Deudos de las v\u00edctimas de la provincia de Andahuaylas &#8211; Apur\u00edmac<\/em><\/figcaption><\/figure>\n\n\n\n<p><strong>Otras Regiones A\u00fan Esperan Justicia<\/strong><br>La formalizaci\u00f3n de esta investigaci\u00f3n en Juliaca es un avance significativo, pero representa apenas el comienzo de un largo y dif\u00edcil proceso para condenar a los autores de la barbarie cometidos por las fuerzas del Estado. Las familias de las v\u00edctimas en Juliaca y en otras regiones del sur del pa\u00eds merecen respuestas, reparaci\u00f3n y garant\u00edas de no repetici\u00f3n. Mientras la impunidad siga predominando, la herida abierta en la sociedad peruana seguir\u00e1 sangrando.<\/p>\n\n\n\n<p>Este es el momento de demostrar que en el Per\u00fa nadie est\u00e1 por encima de la ley y que la vida y los derechos humanos, sin distinci\u00f3n alguna, son sagrados.<\/p>","protected":false},"excerpt":{"rendered":"<p>La masacre de Juliaca el 9 de enero de 2023 marc\u00f3 un triste hito en la lucha por la democracia y la justicia en el Per\u00fa. Aquel d\u00eda, 18 personas, incluyendo 3 menores de edad, fueron asesinadas y cientos resultaron gravemente heridas por la violenta represi\u00f3n de las fuerzas policiales y militares contra las manifestaciones [&hellip;]<\/p>\n","protected":false},"author":10,"featured_media":1722,"comment_status":"open","ping_status":"open","sticky":false,"template":"","format":"standard","meta":{"footnotes":""},"categories":[183,174,202],"tags":[644,702,721,595],"class_list":["post-1721","post","type-post","status-publish","format-standard","has-post-thumbnail","hentry","category-actualidad","category-nacional","category-sociedad","tag-ffaa","tag-justicia","tag-masacres","tag-ministerio-publico-2"],"yoast_head":"<!-- This site is optimized with the Yoast SEO plugin v27.4 - https:\/\/yoast.com\/product\/yoast-seo-wordpress\/ -->\n<title>A un a\u00f1o de la masacre en Juliaca y otras regiones: Fiscal\u00eda formaliza cargos contra 20 agentes del Estado - Pulso27<\/title>\n<meta name=\"robots\" content=\"index, follow, max-snippet:-1, max-image-preview:large, max-video-preview:-1\" \/>\n<link rel=\"canonical\" href=\"https:\/\/pulso27.com\/en\/nacional\/a-un-ano-de-la-masacre-en-juliaca-y-otras-regiones-fiscalia-formaliza-cargos-contra-20-agentes-del-estado\/\" \/>\n<meta property=\"og:locale\" content=\"en_US\" \/>\n<meta property=\"og:type\" content=\"article\" \/>\n<meta property=\"og:title\" content=\"A un a\u00f1o de la masacre en Juliaca y otras regiones: Fiscal\u00eda formaliza cargos contra 20 agentes del Estado - Pulso27\" \/>\n<meta property=\"og:description\" content=\"La masacre de Juliaca el 9 de enero de 2023 marc\u00f3 un triste hito en la lucha por la democracia y la justicia en el Per\u00fa. Aquel d\u00eda, 18 personas, incluyendo 3 menores de edad, fueron asesinadas y cientos resultaron gravemente heridas por la violenta represi\u00f3n de las fuerzas policiales y militares contra las manifestaciones [&hellip;]\" \/>\n<meta property=\"og:url\" content=\"https:\/\/pulso27.com\/en\/nacional\/a-un-ano-de-la-masacre-en-juliaca-y-otras-regiones-fiscalia-formaliza-cargos-contra-20-agentes-del-estado\/\" \/>\n<meta property=\"og:site_name\" content=\"Pulso27\" \/>\n<meta property=\"article:publisher\" content=\"https:\/\/www.facebook.com\/pulso27\/\" \/>\n<meta property=\"article:published_time\" content=\"2024-05-17T02:01:28+00:00\" \/>\n<meta property=\"og:image\" content=\"https:\/\/pulso27.com\/wp-content\/uploads\/2024\/05\/MAsacr.jpg\" \/>\n\t<meta property=\"og:image:width\" content=\"1451\" \/>\n\t<meta property=\"og:image:height\" content=\"969\" \/>\n\t<meta property=\"og:image:type\" content=\"image\/jpeg\" \/>\n<meta name=\"author\" content=\"El Muki\" \/>\n<meta name=\"twitter:card\" content=\"summary_large_image\" \/>\n<meta name=\"twitter:creator\" content=\"@Pulso_27\" \/>\n<meta name=\"twitter:site\" content=\"@Pulso_27\" \/>\n<meta name=\"twitter:label1\" content=\"Written by\" \/>\n\t<meta name=\"twitter:data1\" content=\"El Muki\" \/>\n\t<meta name=\"twitter:label2\" content=\"Est. reading time\" \/>\n\t<meta name=\"twitter:data2\" content=\"3 minutes\" \/>\n<script type=\"application\/ld+json\" class=\"yoast-schema-graph\">{\"@context\":\"https:\\\/\\\/schema.org\",\"@graph\":[{\"@type\":\"Article\",\"@id\":\"https:\\\/\\\/pulso27.com\\\/nacional\\\/a-un-ano-de-la-masacre-en-juliaca-y-otras-regiones-fiscalia-formaliza-cargos-contra-20-agentes-del-estado\\\/#article\",\"isPartOf\":{\"@id\":\"https:\\\/\\\/pulso27.com\\\/nacional\\\/a-un-ano-de-la-masacre-en-juliaca-y-otras-regiones-fiscalia-formaliza-cargos-contra-20-agentes-del-estado\\\/\"},\"author\":{\"name\":\"El Muki\",\"@id\":\"https:\\\/\\\/pulso27.com\\\/en\\\/#\\\/schema\\\/person\\\/a0930a7f318e7d9d83bd7cffed9f34f6\"},\"headline\":\"A un a\u00f1o de la masacre en Juliaca y otras regiones: Fiscal\u00eda formaliza cargos contra 20 agentes del Estado\",\"datePublished\":\"2024-05-17T02:01:28+00:00\",\"mainEntityOfPage\":{\"@id\":\"https:\\\/\\\/pulso27.com\\\/nacional\\\/a-un-ano-de-la-masacre-en-juliaca-y-otras-regiones-fiscalia-formaliza-cargos-contra-20-agentes-del-estado\\\/\"},\"wordCount\":532,\"commentCount\":0,\"publisher\":{\"@id\":\"https:\\\/\\\/pulso27.com\\\/en\\\/#organization\"},\"image\":{\"@id\":\"https:\\\/\\\/pulso27.com\\\/nacional\\\/a-un-ano-de-la-masacre-en-juliaca-y-otras-regiones-fiscalia-formaliza-cargos-contra-20-agentes-del-estado\\\/#primaryimage\"},\"thumbnailUrl\":\"https:\\\/\\\/pulso27.com\\\/wp-content\\\/uploads\\\/2024\\\/05\\\/MAsacr.jpg\",\"keywords\":[\"FFAA\",\"Justicia\",\"Masacres\",\"Ministerio P\u00fablico\"],\"articleSection\":[\"Actualidad\",\"Nacional\",\"Sociedad\"],\"inLanguage\":\"en-US\",\"potentialAction\":[{\"@type\":\"CommentAction\",\"name\":\"Comment\",\"target\":[\"https:\\\/\\\/pulso27.com\\\/nacional\\\/a-un-ano-de-la-masacre-en-juliaca-y-otras-regiones-fiscalia-formaliza-cargos-contra-20-agentes-del-estado\\\/#respond\"]}]},{\"@type\":\"WebPage\",\"@id\":\"https:\\\/\\\/pulso27.com\\\/nacional\\\/a-un-ano-de-la-masacre-en-juliaca-y-otras-regiones-fiscalia-formaliza-cargos-contra-20-agentes-del-estado\\\/\",\"url\":\"https:\\\/\\\/pulso27.com\\\/nacional\\\/a-un-ano-de-la-masacre-en-juliaca-y-otras-regiones-fiscalia-formaliza-cargos-contra-20-agentes-del-estado\\\/\",\"name\":\"A un a\u00f1o de la masacre en Juliaca y otras regiones: Fiscal\u00eda formaliza cargos contra 20 agentes del Estado - Pulso27\",\"isPartOf\":{\"@id\":\"https:\\\/\\\/pulso27.com\\\/en\\\/#website\"},\"primaryImageOfPage\":{\"@id\":\"https:\\\/\\\/pulso27.com\\\/nacional\\\/a-un-ano-de-la-masacre-en-juliaca-y-otras-regiones-fiscalia-formaliza-cargos-contra-20-agentes-del-estado\\\/#primaryimage\"},\"image\":{\"@id\":\"https:\\\/\\\/pulso27.com\\\/nacional\\\/a-un-ano-de-la-masacre-en-juliaca-y-otras-regiones-fiscalia-formaliza-cargos-contra-20-agentes-del-estado\\\/#primaryimage\"},\"thumbnailUrl\":\"https:\\\/\\\/pulso27.com\\\/wp-content\\\/uploads\\\/2024\\\/05\\\/MAsacr.jpg\",\"datePublished\":\"2024-05-17T02:01:28+00:00\",\"breadcrumb\":{\"@id\":\"https:\\\/\\\/pulso27.com\\\/nacional\\\/a-un-ano-de-la-masacre-en-juliaca-y-otras-regiones-fiscalia-formaliza-cargos-contra-20-agentes-del-estado\\\/#breadcrumb\"},\"inLanguage\":\"en-US\",\"potentialAction\":[{\"@type\":\"ReadAction\",\"target\":[\"https:\\\/\\\/pulso27.com\\\/nacional\\\/a-un-ano-de-la-masacre-en-juliaca-y-otras-regiones-fiscalia-formaliza-cargos-contra-20-agentes-del-estado\\\/\"]}]},{\"@type\":\"ImageObject\",\"inLanguage\":\"en-US\",\"@id\":\"https:\\\/\\\/pulso27.com\\\/nacional\\\/a-un-ano-de-la-masacre-en-juliaca-y-otras-regiones-fiscalia-formaliza-cargos-contra-20-agentes-del-estado\\\/#primaryimage\",\"url\":\"https:\\\/\\\/pulso27.com\\\/wp-content\\\/uploads\\\/2024\\\/05\\\/MAsacr.jpg\",\"contentUrl\":\"https:\\\/\\\/pulso27.com\\\/wp-content\\\/uploads\\\/2024\\\/05\\\/MAsacr.jpg\",\"width\":1451,\"height\":969},{\"@type\":\"BreadcrumbList\",\"@id\":\"https:\\\/\\\/pulso27.com\\\/nacional\\\/a-un-ano-de-la-masacre-en-juliaca-y-otras-regiones-fiscalia-formaliza-cargos-contra-20-agentes-del-estado\\\/#breadcrumb\",\"itemListElement\":[{\"@type\":\"ListItem\",\"position\":1,\"name\":\"Portada\",\"item\":\"https:\\\/\\\/pulso27.com\\\/\"},{\"@type\":\"ListItem\",\"position\":2,\"name\":\"A un a\u00f1o de la masacre en Juliaca y otras regiones: Fiscal\u00eda formaliza cargos contra 20 agentes del Estado\"}]},{\"@type\":\"WebSite\",\"@id\":\"https:\\\/\\\/pulso27.com\\\/en\\\/#website\",\"url\":\"https:\\\/\\\/pulso27.com\\\/en\\\/\",\"name\":\"Pulso27\",\"description\":\"Web de noticias y publicidad\",\"publisher\":{\"@id\":\"https:\\\/\\\/pulso27.com\\\/en\\\/#organization\"},\"alternateName\":\"El pulso del pueblo\",\"potentialAction\":[{\"@type\":\"SearchAction\",\"target\":{\"@type\":\"EntryPoint\",\"urlTemplate\":\"https:\\\/\\\/pulso27.com\\\/en\\\/?s={search_term_string}\"},\"query-input\":{\"@type\":\"PropertyValueSpecification\",\"valueRequired\":true,\"valueName\":\"search_term_string\"}}],\"inLanguage\":\"en-US\"},{\"@type\":\"Organization\",\"@id\":\"https:\\\/\\\/pulso27.com\\\/en\\\/#organization\",\"name\":\"Pulso27\",\"url\":\"https:\\\/\\\/pulso27.com\\\/en\\\/\",\"logo\":{\"@type\":\"ImageObject\",\"inLanguage\":\"en-US\",\"@id\":\"https:\\\/\\\/pulso27.com\\\/en\\\/#\\\/schema\\\/logo\\\/image\\\/\",\"url\":\"https:\\\/\\\/pulso27.com\\\/wp-content\\\/uploads\\\/2026\\\/02\\\/Logotipo-de-la-organizacion-696-x-696-px-ok.png\",\"contentUrl\":\"https:\\\/\\\/pulso27.com\\\/wp-content\\\/uploads\\\/2026\\\/02\\\/Logotipo-de-la-organizacion-696-x-696-px-ok.png\",\"width\":696,\"height\":696,\"caption\":\"Pulso27\"},\"image\":{\"@id\":\"https:\\\/\\\/pulso27.com\\\/en\\\/#\\\/schema\\\/logo\\\/image\\\/\"},\"sameAs\":[\"https:\\\/\\\/www.facebook.com\\\/pulso27\\\/\",\"https:\\\/\\\/x.com\\\/Pulso_27\",\"https:\\\/\\\/www.youtube.com\\\/@Pulso27\",\"https:\\\/\\\/www.tiktok.com\\\/@pulso_27\"]},{\"@type\":\"Person\",\"@id\":\"https:\\\/\\\/pulso27.com\\\/en\\\/#\\\/schema\\\/person\\\/a0930a7f318e7d9d83bd7cffed9f34f6\",\"name\":\"El Muki\",\"image\":{\"@type\":\"ImageObject\",\"inLanguage\":\"en-US\",\"@id\":\"https:\\\/\\\/secure.gravatar.com\\\/avatar\\\/dc91c2607c5eebda74cbb40d13031f489096c96ead89c4c30c17db262267b2b3?s=96&d=mm&r=g\",\"url\":\"https:\\\/\\\/secure.gravatar.com\\\/avatar\\\/dc91c2607c5eebda74cbb40d13031f489096c96ead89c4c30c17db262267b2b3?s=96&d=mm&r=g\",\"contentUrl\":\"https:\\\/\\\/secure.gravatar.com\\\/avatar\\\/dc91c2607c5eebda74cbb40d13031f489096c96ead89c4c30c17db262267b2b3?s=96&d=mm&r=g\",\"caption\":\"El Muki\"},\"sameAs\":[\"http:\\\/\\\/www.pulso27.com\"],\"url\":\"https:\\\/\\\/pulso27.com\\\/en\\\/author\\\/elcuervo\\\/\"}]}<\/script>\n<!-- \/ Yoast SEO plugin. -->","yoast_head_json":{"title":"A un a\u00f1o de la masacre en Juliaca y otras regiones: Fiscal\u00eda formaliza cargos contra 20 agentes del Estado - Pulso27","robots":{"index":"index","follow":"follow","max-snippet":"max-snippet:-1","max-image-preview":"max-image-preview:large","max-video-preview":"max-video-preview:-1"},"canonical":"https:\/\/pulso27.com\/en\/nacional\/a-un-ano-de-la-masacre-en-juliaca-y-otras-regiones-fiscalia-formaliza-cargos-contra-20-agentes-del-estado\/","og_locale":"en_US","og_type":"article","og_title":"A un a\u00f1o de la masacre en Juliaca y otras regiones: Fiscal\u00eda formaliza cargos contra 20 agentes del Estado - Pulso27","og_description":"La masacre de Juliaca el 9 de enero de 2023 marc\u00f3 un triste hito en la lucha por la democracia y la justicia en el Per\u00fa. Aquel d\u00eda, 18 personas, incluyendo 3 menores de edad, fueron asesinadas y cientos resultaron gravemente heridas por la violenta represi\u00f3n de las fuerzas policiales y militares contra las manifestaciones [&hellip;]","og_url":"https:\/\/pulso27.com\/en\/nacional\/a-un-ano-de-la-masacre-en-juliaca-y-otras-regiones-fiscalia-formaliza-cargos-contra-20-agentes-del-estado\/","og_site_name":"Pulso27","article_publisher":"https:\/\/www.facebook.com\/pulso27\/","article_published_time":"2024-05-17T02:01:28+00:00","og_image":[{"width":1451,"height":969,"url":"https:\/\/pulso27.com\/wp-content\/uploads\/2024\/05\/MAsacr.jpg","type":"image\/jpeg"}],"author":"El Muki","twitter_card":"summary_large_image","twitter_creator":"@Pulso_27","twitter_site":"@Pulso_27","twitter_misc":{"Written by":"El Muki","Est. reading time":"3 minutes"},"schema":{"@context":"https:\/\/schema.org","@graph":[{"@type":"Article","@id":"https:\/\/pulso27.com\/nacional\/a-un-ano-de-la-masacre-en-juliaca-y-otras-regiones-fiscalia-formaliza-cargos-contra-20-agentes-del-estado\/#article","isPartOf":{"@id":"https:\/\/pulso27.com\/nacional\/a-un-ano-de-la-masacre-en-juliaca-y-otras-regiones-fiscalia-formaliza-cargos-contra-20-agentes-del-estado\/"},"author":{"name":"El Muki","@id":"https:\/\/pulso27.com\/en\/#\/schema\/person\/a0930a7f318e7d9d83bd7cffed9f34f6"},"headline":"A un a\u00f1o de la masacre en Juliaca y otras regiones: Fiscal\u00eda formaliza cargos contra 20 agentes del Estado","datePublished":"2024-05-17T02:01:28+00:00","mainEntityOfPage":{"@id":"https:\/\/pulso27.com\/nacional\/a-un-ano-de-la-masacre-en-juliaca-y-otras-regiones-fiscalia-formaliza-cargos-contra-20-agentes-del-estado\/"},"wordCount":532,"commentCount":0,"publisher":{"@id":"https:\/\/pulso27.com\/en\/#organization"},"image":{"@id":"https:\/\/pulso27.com\/nacional\/a-un-ano-de-la-masacre-en-juliaca-y-otras-regiones-fiscalia-formaliza-cargos-contra-20-agentes-del-estado\/#primaryimage"},"thumbnailUrl":"https:\/\/pulso27.com\/wp-content\/uploads\/2024\/05\/MAsacr.jpg","keywords":["FFAA","Justicia","Masacres","Ministerio P\u00fablico"],"articleSection":["Actualidad","Nacional","Sociedad"],"inLanguage":"en-US","potentialAction":[{"@type":"CommentAction","name":"Comment","target":["https:\/\/pulso27.com\/nacional\/a-un-ano-de-la-masacre-en-juliaca-y-otras-regiones-fiscalia-formaliza-cargos-contra-20-agentes-del-estado\/#respond"]}]},{"@type":"WebPage","@id":"https:\/\/pulso27.com\/nacional\/a-un-ano-de-la-masacre-en-juliaca-y-otras-regiones-fiscalia-formaliza-cargos-contra-20-agentes-del-estado\/","url":"https:\/\/pulso27.com\/nacional\/a-un-ano-de-la-masacre-en-juliaca-y-otras-regiones-fiscalia-formaliza-cargos-contra-20-agentes-del-estado\/","name":"A un a\u00f1o de la masacre en Juliaca y otras regiones: Fiscal\u00eda formaliza cargos contra 20 agentes del Estado - Pulso27","isPartOf":{"@id":"https:\/\/pulso27.com\/en\/#website"},"primaryImageOfPage":{"@id":"https:\/\/pulso27.com\/nacional\/a-un-ano-de-la-masacre-en-juliaca-y-otras-regiones-fiscalia-formaliza-cargos-contra-20-agentes-del-estado\/#primaryimage"},"image":{"@id":"https:\/\/pulso27.com\/nacional\/a-un-ano-de-la-masacre-en-juliaca-y-otras-regiones-fiscalia-formaliza-cargos-contra-20-agentes-del-estado\/#primaryimage"},"thumbnailUrl":"https:\/\/pulso27.com\/wp-content\/uploads\/2024\/05\/MAsacr.jpg","datePublished":"2024-05-17T02:01:28+00:00","breadcrumb":{"@id":"https:\/\/pulso27.com\/nacional\/a-un-ano-de-la-masacre-en-juliaca-y-otras-regiones-fiscalia-formaliza-cargos-contra-20-agentes-del-estado\/#breadcrumb"},"inLanguage":"en-US","potentialAction":[{"@type":"ReadAction","target":["https:\/\/pulso27.com\/nacional\/a-un-ano-de-la-masacre-en-juliaca-y-otras-regiones-fiscalia-formaliza-cargos-contra-20-agentes-del-estado\/"]}]},{"@type":"ImageObject","inLanguage":"en-US","@id":"https:\/\/pulso27.com\/nacional\/a-un-ano-de-la-masacre-en-juliaca-y-otras-regiones-fiscalia-formaliza-cargos-contra-20-agentes-del-estado\/#primaryimage","url":"https:\/\/pulso27.com\/wp-content\/uploads\/2024\/05\/MAsacr.jpg","contentUrl":"https:\/\/pulso27.com\/wp-content\/uploads\/2024\/05\/MAsacr.jpg","width":1451,"height":969},{"@type":"BreadcrumbList","@id":"https:\/\/pulso27.com\/nacional\/a-un-ano-de-la-masacre-en-juliaca-y-otras-regiones-fiscalia-formaliza-cargos-contra-20-agentes-del-estado\/#breadcrumb","itemListElement":[{"@type":"ListItem","position":1,"name":"Portada","item":"https:\/\/pulso27.com\/"},{"@type":"ListItem","position":2,"name":"A un a\u00f1o de la masacre en Juliaca y otras regiones: Fiscal\u00eda formaliza cargos contra 20 agentes del Estado"}]},{"@type":"WebSite","@id":"https:\/\/pulso27.com\/en\/#website","url":"https:\/\/pulso27.com\/en\/","name":"Pulso27","description":"Web de noticias y publicidad","publisher":{"@id":"https:\/\/pulso27.com\/en\/#organization"},"alternateName":"El pulso del pueblo","potentialAction":[{"@type":"SearchAction","target":{"@type":"EntryPoint","urlTemplate":"https:\/\/pulso27.com\/en\/?s={search_term_string}"},"query-input":{"@type":"PropertyValueSpecification","valueRequired":true,"valueName":"search_term_string"}}],"inLanguage":"en-US"},{"@type":"Organization","@id":"https:\/\/pulso27.com\/en\/#organization","name":"Pulso27","url":"https:\/\/pulso27.com\/en\/","logo":{"@type":"ImageObject","inLanguage":"en-US","@id":"https:\/\/pulso27.com\/en\/#\/schema\/logo\/image\/","url":"https:\/\/pulso27.com\/wp-content\/uploads\/2026\/02\/Logotipo-de-la-organizacion-696-x-696-px-ok.png","contentUrl":"https:\/\/pulso27.com\/wp-content\/uploads\/2026\/02\/Logotipo-de-la-organizacion-696-x-696-px-ok.png","width":696,"height":696,"caption":"Pulso27"},"image":{"@id":"https:\/\/pulso27.com\/en\/#\/schema\/logo\/image\/"},"sameAs":["https:\/\/www.facebook.com\/pulso27\/","https:\/\/x.com\/Pulso_27","https:\/\/www.youtube.com\/@Pulso27","https:\/\/www.tiktok.com\/@pulso_27"]},{"@type":"Person","@id":"https:\/\/pulso27.com\/en\/#\/schema\/person\/a0930a7f318e7d9d83bd7cffed9f34f6","name":"El Muki","image":{"@type":"ImageObject","inLanguage":"en-US","@id":"https:\/\/secure.gravatar.com\/avatar\/dc91c2607c5eebda74cbb40d13031f489096c96ead89c4c30c17db262267b2b3?s=96&d=mm&r=g","url":"https:\/\/secure.gravatar.com\/avatar\/dc91c2607c5eebda74cbb40d13031f489096c96ead89c4c30c17db262267b2b3?s=96&d=mm&r=g","contentUrl":"https:\/\/secure.gravatar.com\/avatar\/dc91c2607c5eebda74cbb40d13031f489096c96ead89c4c30c17db262267b2b3?s=96&d=mm&r=g","caption":"El Muki"},"sameAs":["http:\/\/www.pulso27.com"],"url":"https:\/\/pulso27.com\/en\/author\/elcuervo\/"}]}},"amp_enabled":true,"_links":{"self":[{"href":"https:\/\/pulso27.com\/en\/wp-json\/wp\/v2\/posts\/1721","targetHints":{"allow":["GET"]}}],"collection":[{"href":"https:\/\/pulso27.com\/en\/wp-json\/wp\/v2\/posts"}],"about":[{"href":"https:\/\/pulso27.com\/en\/wp-json\/wp\/v2\/types\/post"}],"author":[{"embeddable":true,"href":"https:\/\/pulso27.com\/en\/wp-json\/wp\/v2\/users\/10"}],"replies":[{"embeddable":true,"href":"https:\/\/pulso27.com\/en\/wp-json\/wp\/v2\/comments?post=1721"}],"version-history":[{"count":1,"href":"https:\/\/pulso27.com\/en\/wp-json\/wp\/v2\/posts\/1721\/revisions"}],"predecessor-version":[{"id":1725,"href":"https:\/\/pulso27.com\/en\/wp-json\/wp\/v2\/posts\/1721\/revisions\/1725"}],"wp:featuredmedia":[{"embeddable":true,"href":"https:\/\/pulso27.com\/en\/wp-json\/wp\/v2\/media\/1722"}],"wp:attachment":[{"href":"https:\/\/pulso27.com\/en\/wp-json\/wp\/v2\/media?parent=1721"}],"wp:term":[{"taxonomy":"category","embeddable":true,"href":"https:\/\/pulso27.com\/en\/wp-json\/wp\/v2\/categories?post=1721"},{"taxonomy":"post_tag","embeddable":true,"href":"https:\/\/pulso27.com\/en\/wp-json\/wp\/v2\/tags?post=1721"}],"curies":[{"name":"wp","href":"https:\/\/api.w.org\/{rel}","templated":true}]}}