{"id":1747,"date":"2024-05-18T10:24:03","date_gmt":"2024-05-18T05:24:03","guid":{"rendered":"https:\/\/pulso27.com\/?p=1747"},"modified":"2024-05-18T10:24:04","modified_gmt":"2024-05-18T05:24:04","slug":"la-derecha-y-sus-aliados-del-congreso-de-la-republica-blindan-a-dina-boluarte","status":"publish","type":"post","link":"https:\/\/pulso27.com\/en\/nacional\/la-derecha-y-sus-aliados-del-congreso-de-la-republica-blindan-a-dina-boluarte\/","title":{"rendered":"La derecha y sus aliados del Congreso de la Rep\u00fablica blindan a Dina Boluarte"},"content":{"rendered":"<p>La vacancia presidencial es un mecanismo constitucional de \u00faltima instancia para preservar la gobernabilidad democr\u00e1tica y el Estado de Derecho ante situaciones de extrema gravedad. No se trata de un instrumento menor, sino de una herramienta de emergencia que solo debe activarse cuando existen pruebas inobjetables de que el Jefe de Estado ha incurrido en causales expresamente establecidas en la Carta Magna.<\/p>\n\n\n\n<p>En el caso de la presidenta Dina Boluarte, las denuncias en su contra no son meras especulaciones o diferencias pol\u00edticas. Estamos hablando de acusaciones de la mayor gravedad, que incluyen cr\u00edmenes de lesa humanidad por la represi\u00f3n brutal contra manifestantes, dejando un saldo tr\u00e1gico de decenas de vidas. A esto se suman cuestionamientos por su presunta implicaci\u00f3n en actos de corrupci\u00f3n, obstrucci\u00f3n a la justicia y enriquecimiento inexplicable.<\/p>\n\n\n\n<figure class=\"wp-block-image size-large\"><img loading=\"lazy\" decoding=\"async\" width=\"1024\" height=\"577\" src=\"https:\/\/pulso27.com\/wp-content\/uploads\/2024\/05\/Dinablinda-1-1024x577.png\" alt=\"\" class=\"wp-image-1748\" srcset=\"https:\/\/pulso27.com\/wp-content\/uploads\/2024\/05\/Dinablinda-1-1024x577.png 1024w, https:\/\/pulso27.com\/wp-content\/uploads\/2024\/05\/Dinablinda-1-300x169.png 300w, https:\/\/pulso27.com\/wp-content\/uploads\/2024\/05\/Dinablinda-1-768x432.png 768w, https:\/\/pulso27.com\/wp-content\/uploads\/2024\/05\/Dinablinda-1-18x10.png 18w, https:\/\/pulso27.com\/wp-content\/uploads\/2024\/05\/Dinablinda-1.png 1259w\" sizes=\"auto, (max-width: 1024px) 100vw, 1024px\" \/><figcaption class=\"wp-element-caption\"><em>Dina Boluarte fue blindada por la derecha parlamentaria liderada por Fuerza Popular<\/em><\/figcaption><\/figure>\n\n\n\n<p>Sin embargo una vez m\u00e1s, la derecha vende patria ha demostrado su desprecio por la justicia y los derechos humanos al blindar a la presidenta Dina Boluarte de la vacancia, pese a las abrumadoras evidencias de su incapacidad moral para gobernar. En un acto repudiable, el Congreso desestim\u00f3 las mociones de vacancia presentadas en su contra, impidiendo que rinda cuentas por los graves hechos que empa\u00f1an su mandato.<\/p>\n\n\n\n<p>Las acciones de Boluarte han sido ampliamente cuestionadas, tanto a nivel nacional como internacional. Su gobierno ha estado marcado por una represi\u00f3n brutal contra las protestas sociales, dejando un saldo tr\u00e1gico de 48 personas muertas a manos de las fuerzas del orden. Lejos de condenar estos cr\u00edmenes de lesa humanidad, la mandataria ha avalado y defendido el uso excesivo de la fuerza letal, en flagrante violaci\u00f3n de las normas internacionales de derechos humanos.<\/p>\n\n\n\n<p>Pero los cuestionamientos no se detienen ah\u00ed. Boluarte enfrenta hasta cinco mociones de vacancia por delitos y actos de corrupci\u00f3n, incluyendo desbalance patrimonial inexplicable y presuntos intentos de obstruir la justicia en beneficio de su hermano investigado. Su conducta impropia e incompatible con la dignidad presidencial es innegable.<\/p>\n\n\n\n<p>Sin embargo, la derecha vende patria, fiel a su historial de anteponer sus intereses mezquinos por encima del bien com\u00fan, ha decidido blindar a Boluarte de la vacancia. Con una votaci\u00f3n abrumadoramente en contra de las mociones, estos congresistas han demostrado su complicidad con la impunidad y su desprecio por la voluntad popular, que clama por justicia y el respeto al Estado de Derecho.<\/p>\n\n\n\n<p>Es inaceptable que, ante la crisis de gobernabilidad y la violaci\u00f3n sistem\u00e1tica de derechos humanos, la derecha vende patria siga respaldando a una mandataria cuestionada. Su actuar no solo traiciona los principios democr\u00e1ticos, sino que tambi\u00e9n desaf\u00eda a la comunidad internacional, que ha condenado en\u00e9rgicamente las acciones del gobierno de Boluarte.<\/p>\n\n\n\n<p>La historia juzgar\u00e1 con severidad a estos congresistas que han antepuesto sus intereses partidistas por encima de la justicia y el bienestar de la naci\u00f3n. Su blindaje a la impunidad de Boluarte es un acto repudiable que solo alimenta la indignaci\u00f3n popular y socava la credibilidad de nuestras instituciones.<\/p>\n\n\n\n<p>Es momento de que la derecha vende patria rectifique su rumbo y act\u00fae en concordancia con los principios democr\u00e1ticos y el respeto a los derechos humanos. El pueblo peruano merece un gobierno transparente, responsable y comprometido con la justicia, no una mandataria cuestionada que se aferra al poder a costa de la sangre de sus compatriotas.<\/p>\n\n\n\n<p>En esta hora cr\u00edtica para nuestra naci\u00f3n, alzamos nuestra voz para denunciar el accionar de la derecha vende patria y exigir que se haga justicia. No descansaremos hasta que se rinda cuentas por los abusos cometidos y se restaure la gobernabilidad y el Estado de Derecho en nuestro pa\u00eds.<\/p>\n\n\n\n<figure class=\"wp-block-image size-large\"><img loading=\"lazy\" decoding=\"async\" width=\"1024\" height=\"768\" src=\"https:\/\/pulso27.com\/wp-content\/uploads\/2024\/05\/VotacionVacancia-17.05.24-1024x768.jpg\" alt=\"\" class=\"wp-image-1749\" srcset=\"https:\/\/pulso27.com\/wp-content\/uploads\/2024\/05\/VotacionVacancia-17.05.24-1024x768.jpg 1024w, https:\/\/pulso27.com\/wp-content\/uploads\/2024\/05\/VotacionVacancia-17.05.24-300x225.jpg 300w, https:\/\/pulso27.com\/wp-content\/uploads\/2024\/05\/VotacionVacancia-17.05.24-768x576.jpg 768w, https:\/\/pulso27.com\/wp-content\/uploads\/2024\/05\/VotacionVacancia-17.05.24-1536x1152.jpg 1536w, https:\/\/pulso27.com\/wp-content\/uploads\/2024\/05\/VotacionVacancia-17.05.24-16x12.jpg 16w, https:\/\/pulso27.com\/wp-content\/uploads\/2024\/05\/VotacionVacancia-17.05.24.jpg 1600w\" sizes=\"auto, (max-width: 1024px) 100vw, 1024px\" \/><figcaption class=\"wp-element-caption\"><em>La moci\u00f3n 11512 presentada por la congresista Margot Palacios de Per\u00fa Libre obtuvo 36 votos a favor, 54 en contra y 21 abstenciones.<\/em><\/figcaption><\/figure>\n\n\n\n<p><strong>Corolario<\/strong><\/p>\n\n\n\n<p>Es inaudito que, pese a la contundencia de las pruebas presentadas, sectores de la derecha antepusieron sus intereses mezquinos y se negaron a admitir las mociones de vacancia contra Boluarte. Con ello, no solo blindaron la impunidad, sino que tambi\u00e9n dinamitaron la institucionalidad democr\u00e1tica al anteponer la lealtad partidista sobre la voluntad popular y el Estado de Derecho.<\/p>\n\n\n\n<p>La historia juzgar\u00e1 con severidad este bochornoso episodio en el que la codicia de grupos de poder puso en vilo la estabilidad y la paz social de toda una naci\u00f3n. Ante la negativa del Congreso de actuar con responsabilidad, le corresponde ahora al pueblo peruano, a trav\u00e9s de la movilizaci\u00f3n c\u00edvica y pac\u00edfica, seguir exigiendo justicia y rendici\u00f3n de cuentas.<\/p>\n\n\n\n<p>Boluarte deber\u00e1 responder por cada vida segada, por cada derecho conculcado y por cada acto de corrupci\u00f3n cometido. El Per\u00fa no merece tener una presidenta repudiada e ileg\u00edtima manchando el honor de la m\u00e1s alta magistratura. Es tiempo de recuperar la dignidad nacional y encauzar al pa\u00eds por la senda de la democracia y el buen gobierno.<\/p>\n\n\n\n<p><\/p>","protected":false},"excerpt":{"rendered":"<p>La vacancia presidencial es un mecanismo constitucional de \u00faltima instancia para preservar la gobernabilidad democr\u00e1tica y el Estado de Derecho ante situaciones de extrema gravedad. No se trata de un instrumento menor, sino de una herramienta de emergencia que solo debe activarse cuando existen pruebas inobjetables de que el Jefe de Estado ha incurrido en [&hellip;]<\/p>\n","protected":false},"author":11,"featured_media":1743,"comment_status":"open","ping_status":"open","sticky":false,"template":"","format":"standard","meta":{"footnotes":""},"categories":[183,174,180],"tags":[719,572,627],"class_list":["post-1747","post","type-post","status-publish","format-standard","has-post-thumbnail","hentry","category-actualidad","category-nacional","category-politica","tag-congreso-de-la-republica-2","tag-dina-boluarte","tag-vacancia"],"yoast_head":"<!-- This site is optimized with the Yoast SEO plugin v27.4 - https:\/\/yoast.com\/product\/yoast-seo-wordpress\/ -->\n<title>La derecha y sus aliados del Congreso de la Rep\u00fablica blindan a Dina Boluarte - Pulso27<\/title>\n<meta name=\"robots\" content=\"index, follow, max-snippet:-1, max-image-preview:large, max-video-preview:-1\" \/>\n<link rel=\"canonical\" href=\"https:\/\/pulso27.com\/en\/nacional\/la-derecha-y-sus-aliados-del-congreso-de-la-republica-blindan-a-dina-boluarte\/\" \/>\n<meta property=\"og:locale\" content=\"en_US\" \/>\n<meta property=\"og:type\" content=\"article\" \/>\n<meta property=\"og:title\" content=\"La derecha y sus aliados del Congreso de la Rep\u00fablica blindan a Dina Boluarte - Pulso27\" \/>\n<meta property=\"og:description\" content=\"La vacancia presidencial es un mecanismo constitucional de \u00faltima instancia para preservar la gobernabilidad democr\u00e1tica y el Estado de Derecho ante situaciones de extrema gravedad. No se trata de un instrumento menor, sino de una herramienta de emergencia que solo debe activarse cuando existen pruebas inobjetables de que el Jefe de Estado ha incurrido en [&hellip;]\" \/>\n<meta property=\"og:url\" content=\"https:\/\/pulso27.com\/en\/nacional\/la-derecha-y-sus-aliados-del-congreso-de-la-republica-blindan-a-dina-boluarte\/\" \/>\n<meta property=\"og:site_name\" content=\"Pulso27\" \/>\n<meta property=\"article:publisher\" content=\"https:\/\/www.facebook.com\/pulso27\/\" \/>\n<meta property=\"article:author\" content=\"https:\/\/www.facebook.com\/pulso27\" \/>\n<meta property=\"article:published_time\" content=\"2024-05-18T05:24:03+00:00\" \/>\n<meta property=\"article:modified_time\" content=\"2024-05-18T05:24:04+00:00\" \/>\n<meta property=\"og:image\" content=\"https:\/\/pulso27.com\/wp-content\/uploads\/2024\/05\/DinaYMargot.png\" \/>\n\t<meta property=\"og:image:width\" content=\"1205\" \/>\n\t<meta property=\"og:image:height\" content=\"678\" \/>\n\t<meta property=\"og:image:type\" content=\"image\/png\" \/>\n<meta name=\"author\" content=\"Editor\" \/>\n<meta name=\"twitter:card\" content=\"summary_large_image\" \/>\n<meta name=\"twitter:creator\" content=\"@https:\/\/x.com\/Pulso_27\" \/>\n<meta name=\"twitter:site\" content=\"@Pulso_27\" \/>\n<meta name=\"twitter:label1\" content=\"Written by\" \/>\n\t<meta name=\"twitter:data1\" content=\"Editor\" \/>\n\t<meta name=\"twitter:label2\" content=\"Est. reading time\" \/>\n\t<meta name=\"twitter:data2\" content=\"4 minutes\" \/>\n<script type=\"application\/ld+json\" class=\"yoast-schema-graph\">{\"@context\":\"https:\\\/\\\/schema.org\",\"@graph\":[{\"@type\":\"Article\",\"@id\":\"https:\\\/\\\/pulso27.com\\\/nacional\\\/la-derecha-y-sus-aliados-del-congreso-de-la-republica-blindan-a-dina-boluarte\\\/#article\",\"isPartOf\":{\"@id\":\"https:\\\/\\\/pulso27.com\\\/nacional\\\/la-derecha-y-sus-aliados-del-congreso-de-la-republica-blindan-a-dina-boluarte\\\/\"},\"author\":{\"name\":\"Editor\",\"@id\":\"https:\\\/\\\/pulso27.com\\\/en\\\/#\\\/schema\\\/person\\\/e0da4cfacbab724cbf4ab44bcc030735\"},\"headline\":\"La derecha y sus aliados del Congreso de la Rep\u00fablica blindan a Dina Boluarte\",\"datePublished\":\"2024-05-18T05:24:03+00:00\",\"dateModified\":\"2024-05-18T05:24:04+00:00\",\"mainEntityOfPage\":{\"@id\":\"https:\\\/\\\/pulso27.com\\\/nacional\\\/la-derecha-y-sus-aliados-del-congreso-de-la-republica-blindan-a-dina-boluarte\\\/\"},\"wordCount\":852,\"commentCount\":0,\"publisher\":{\"@id\":\"https:\\\/\\\/pulso27.com\\\/en\\\/#organization\"},\"image\":{\"@id\":\"https:\\\/\\\/pulso27.com\\\/nacional\\\/la-derecha-y-sus-aliados-del-congreso-de-la-republica-blindan-a-dina-boluarte\\\/#primaryimage\"},\"thumbnailUrl\":\"https:\\\/\\\/pulso27.com\\\/wp-content\\\/uploads\\\/2024\\\/05\\\/DinaYMargot.png\",\"keywords\":[\"Congreso de la Rep\u00fablica\",\"Dina Boluarte\",\"Vacancia\"],\"articleSection\":[\"Actualidad\",\"Nacional\",\"Pol\u00edtica\"],\"inLanguage\":\"en-US\",\"potentialAction\":[{\"@type\":\"CommentAction\",\"name\":\"Comment\",\"target\":[\"https:\\\/\\\/pulso27.com\\\/nacional\\\/la-derecha-y-sus-aliados-del-congreso-de-la-republica-blindan-a-dina-boluarte\\\/#respond\"]}]},{\"@type\":\"WebPage\",\"@id\":\"https:\\\/\\\/pulso27.com\\\/nacional\\\/la-derecha-y-sus-aliados-del-congreso-de-la-republica-blindan-a-dina-boluarte\\\/\",\"url\":\"https:\\\/\\\/pulso27.com\\\/nacional\\\/la-derecha-y-sus-aliados-del-congreso-de-la-republica-blindan-a-dina-boluarte\\\/\",\"name\":\"La derecha y sus aliados del Congreso de la Rep\u00fablica blindan a Dina Boluarte - Pulso27\",\"isPartOf\":{\"@id\":\"https:\\\/\\\/pulso27.com\\\/en\\\/#website\"},\"primaryImageOfPage\":{\"@id\":\"https:\\\/\\\/pulso27.com\\\/nacional\\\/la-derecha-y-sus-aliados-del-congreso-de-la-republica-blindan-a-dina-boluarte\\\/#primaryimage\"},\"image\":{\"@id\":\"https:\\\/\\\/pulso27.com\\\/nacional\\\/la-derecha-y-sus-aliados-del-congreso-de-la-republica-blindan-a-dina-boluarte\\\/#primaryimage\"},\"thumbnailUrl\":\"https:\\\/\\\/pulso27.com\\\/wp-content\\\/uploads\\\/2024\\\/05\\\/DinaYMargot.png\",\"datePublished\":\"2024-05-18T05:24:03+00:00\",\"dateModified\":\"2024-05-18T05:24:04+00:00\",\"breadcrumb\":{\"@id\":\"https:\\\/\\\/pulso27.com\\\/nacional\\\/la-derecha-y-sus-aliados-del-congreso-de-la-republica-blindan-a-dina-boluarte\\\/#breadcrumb\"},\"inLanguage\":\"en-US\",\"potentialAction\":[{\"@type\":\"ReadAction\",\"target\":[\"https:\\\/\\\/pulso27.com\\\/nacional\\\/la-derecha-y-sus-aliados-del-congreso-de-la-republica-blindan-a-dina-boluarte\\\/\"]}]},{\"@type\":\"ImageObject\",\"inLanguage\":\"en-US\",\"@id\":\"https:\\\/\\\/pulso27.com\\\/nacional\\\/la-derecha-y-sus-aliados-del-congreso-de-la-republica-blindan-a-dina-boluarte\\\/#primaryimage\",\"url\":\"https:\\\/\\\/pulso27.com\\\/wp-content\\\/uploads\\\/2024\\\/05\\\/DinaYMargot.png\",\"contentUrl\":\"https:\\\/\\\/pulso27.com\\\/wp-content\\\/uploads\\\/2024\\\/05\\\/DinaYMargot.png\",\"width\":1205,\"height\":678},{\"@type\":\"BreadcrumbList\",\"@id\":\"https:\\\/\\\/pulso27.com\\\/nacional\\\/la-derecha-y-sus-aliados-del-congreso-de-la-republica-blindan-a-dina-boluarte\\\/#breadcrumb\",\"itemListElement\":[{\"@type\":\"ListItem\",\"position\":1,\"name\":\"Portada\",\"item\":\"https:\\\/\\\/pulso27.com\\\/\"},{\"@type\":\"ListItem\",\"position\":2,\"name\":\"La derecha y sus aliados del Congreso de la Rep\u00fablica blindan a Dina Boluarte\"}]},{\"@type\":\"WebSite\",\"@id\":\"https:\\\/\\\/pulso27.com\\\/en\\\/#website\",\"url\":\"https:\\\/\\\/pulso27.com\\\/en\\\/\",\"name\":\"Pulso27\",\"description\":\"Web de noticias y publicidad\",\"publisher\":{\"@id\":\"https:\\\/\\\/pulso27.com\\\/en\\\/#organization\"},\"alternateName\":\"El pulso del pueblo\",\"potentialAction\":[{\"@type\":\"SearchAction\",\"target\":{\"@type\":\"EntryPoint\",\"urlTemplate\":\"https:\\\/\\\/pulso27.com\\\/en\\\/?s={search_term_string}\"},\"query-input\":{\"@type\":\"PropertyValueSpecification\",\"valueRequired\":true,\"valueName\":\"search_term_string\"}}],\"inLanguage\":\"en-US\"},{\"@type\":\"Organization\",\"@id\":\"https:\\\/\\\/pulso27.com\\\/en\\\/#organization\",\"name\":\"Pulso27\",\"url\":\"https:\\\/\\\/pulso27.com\\\/en\\\/\",\"logo\":{\"@type\":\"ImageObject\",\"inLanguage\":\"en-US\",\"@id\":\"https:\\\/\\\/pulso27.com\\\/en\\\/#\\\/schema\\\/logo\\\/image\\\/\",\"url\":\"https:\\\/\\\/pulso27.com\\\/wp-content\\\/uploads\\\/2026\\\/02\\\/Logotipo-de-la-organizacion-696-x-696-px-ok.png\",\"contentUrl\":\"https:\\\/\\\/pulso27.com\\\/wp-content\\\/uploads\\\/2026\\\/02\\\/Logotipo-de-la-organizacion-696-x-696-px-ok.png\",\"width\":696,\"height\":696,\"caption\":\"Pulso27\"},\"image\":{\"@id\":\"https:\\\/\\\/pulso27.com\\\/en\\\/#\\\/schema\\\/logo\\\/image\\\/\"},\"sameAs\":[\"https:\\\/\\\/www.facebook.com\\\/pulso27\\\/\",\"https:\\\/\\\/x.com\\\/Pulso_27\",\"https:\\\/\\\/www.youtube.com\\\/@Pulso27\",\"https:\\\/\\\/www.tiktok.com\\\/@pulso_27\"]},{\"@type\":\"Person\",\"@id\":\"https:\\\/\\\/pulso27.com\\\/en\\\/#\\\/schema\\\/person\\\/e0da4cfacbab724cbf4ab44bcc030735\",\"name\":\"Editor\",\"image\":{\"@type\":\"ImageObject\",\"inLanguage\":\"en-US\",\"@id\":\"https:\\\/\\\/pulso27.com\\\/wp-content\\\/uploads\\\/2025\\\/03\\\/c-150x150.png\",\"url\":\"https:\\\/\\\/pulso27.com\\\/wp-content\\\/uploads\\\/2025\\\/03\\\/c-150x150.png\",\"contentUrl\":\"https:\\\/\\\/pulso27.com\\\/wp-content\\\/uploads\\\/2025\\\/03\\\/c-150x150.png\",\"caption\":\"Editor\"},\"sameAs\":[\"http:\\\/\\\/www.pulso27.com\",\"https:\\\/\\\/www.facebook.com\\\/pulso27\",\"https:\\\/\\\/x.com\\\/https:\\\/\\\/x.com\\\/Pulso_27\",\"https:\\\/\\\/www.youtube.com\\\/@Pulso27\"],\"url\":\"https:\\\/\\\/pulso27.com\\\/en\\\/author\\\/editor\\\/\"}]}<\/script>\n<!-- \/ Yoast SEO plugin. -->","yoast_head_json":{"title":"La derecha y sus aliados del Congreso de la Rep\u00fablica blindan a Dina Boluarte - Pulso27","robots":{"index":"index","follow":"follow","max-snippet":"max-snippet:-1","max-image-preview":"max-image-preview:large","max-video-preview":"max-video-preview:-1"},"canonical":"https:\/\/pulso27.com\/en\/nacional\/la-derecha-y-sus-aliados-del-congreso-de-la-republica-blindan-a-dina-boluarte\/","og_locale":"en_US","og_type":"article","og_title":"La derecha y sus aliados del Congreso de la Rep\u00fablica blindan a Dina Boluarte - Pulso27","og_description":"La vacancia presidencial es un mecanismo constitucional de \u00faltima instancia para preservar la gobernabilidad democr\u00e1tica y el Estado de Derecho ante situaciones de extrema gravedad. No se trata de un instrumento menor, sino de una herramienta de emergencia que solo debe activarse cuando existen pruebas inobjetables de que el Jefe de Estado ha incurrido en [&hellip;]","og_url":"https:\/\/pulso27.com\/en\/nacional\/la-derecha-y-sus-aliados-del-congreso-de-la-republica-blindan-a-dina-boluarte\/","og_site_name":"Pulso27","article_publisher":"https:\/\/www.facebook.com\/pulso27\/","article_author":"https:\/\/www.facebook.com\/pulso27","article_published_time":"2024-05-18T05:24:03+00:00","article_modified_time":"2024-05-18T05:24:04+00:00","og_image":[{"width":1205,"height":678,"url":"https:\/\/pulso27.com\/wp-content\/uploads\/2024\/05\/DinaYMargot.png","type":"image\/png"}],"author":"Editor","twitter_card":"summary_large_image","twitter_creator":"@https:\/\/x.com\/Pulso_27","twitter_site":"@Pulso_27","twitter_misc":{"Written by":"Editor","Est. reading time":"4 minutes"},"schema":{"@context":"https:\/\/schema.org","@graph":[{"@type":"Article","@id":"https:\/\/pulso27.com\/nacional\/la-derecha-y-sus-aliados-del-congreso-de-la-republica-blindan-a-dina-boluarte\/#article","isPartOf":{"@id":"https:\/\/pulso27.com\/nacional\/la-derecha-y-sus-aliados-del-congreso-de-la-republica-blindan-a-dina-boluarte\/"},"author":{"name":"Editor","@id":"https:\/\/pulso27.com\/en\/#\/schema\/person\/e0da4cfacbab724cbf4ab44bcc030735"},"headline":"La derecha y sus aliados del Congreso de la Rep\u00fablica blindan a Dina Boluarte","datePublished":"2024-05-18T05:24:03+00:00","dateModified":"2024-05-18T05:24:04+00:00","mainEntityOfPage":{"@id":"https:\/\/pulso27.com\/nacional\/la-derecha-y-sus-aliados-del-congreso-de-la-republica-blindan-a-dina-boluarte\/"},"wordCount":852,"commentCount":0,"publisher":{"@id":"https:\/\/pulso27.com\/en\/#organization"},"image":{"@id":"https:\/\/pulso27.com\/nacional\/la-derecha-y-sus-aliados-del-congreso-de-la-republica-blindan-a-dina-boluarte\/#primaryimage"},"thumbnailUrl":"https:\/\/pulso27.com\/wp-content\/uploads\/2024\/05\/DinaYMargot.png","keywords":["Congreso de la Rep\u00fablica","Dina Boluarte","Vacancia"],"articleSection":["Actualidad","Nacional","Pol\u00edtica"],"inLanguage":"en-US","potentialAction":[{"@type":"CommentAction","name":"Comment","target":["https:\/\/pulso27.com\/nacional\/la-derecha-y-sus-aliados-del-congreso-de-la-republica-blindan-a-dina-boluarte\/#respond"]}]},{"@type":"WebPage","@id":"https:\/\/pulso27.com\/nacional\/la-derecha-y-sus-aliados-del-congreso-de-la-republica-blindan-a-dina-boluarte\/","url":"https:\/\/pulso27.com\/nacional\/la-derecha-y-sus-aliados-del-congreso-de-la-republica-blindan-a-dina-boluarte\/","name":"La derecha y sus aliados del Congreso de la Rep\u00fablica blindan a Dina Boluarte - Pulso27","isPartOf":{"@id":"https:\/\/pulso27.com\/en\/#website"},"primaryImageOfPage":{"@id":"https:\/\/pulso27.com\/nacional\/la-derecha-y-sus-aliados-del-congreso-de-la-republica-blindan-a-dina-boluarte\/#primaryimage"},"image":{"@id":"https:\/\/pulso27.com\/nacional\/la-derecha-y-sus-aliados-del-congreso-de-la-republica-blindan-a-dina-boluarte\/#primaryimage"},"thumbnailUrl":"https:\/\/pulso27.com\/wp-content\/uploads\/2024\/05\/DinaYMargot.png","datePublished":"2024-05-18T05:24:03+00:00","dateModified":"2024-05-18T05:24:04+00:00","breadcrumb":{"@id":"https:\/\/pulso27.com\/nacional\/la-derecha-y-sus-aliados-del-congreso-de-la-republica-blindan-a-dina-boluarte\/#breadcrumb"},"inLanguage":"en-US","potentialAction":[{"@type":"ReadAction","target":["https:\/\/pulso27.com\/nacional\/la-derecha-y-sus-aliados-del-congreso-de-la-republica-blindan-a-dina-boluarte\/"]}]},{"@type":"ImageObject","inLanguage":"en-US","@id":"https:\/\/pulso27.com\/nacional\/la-derecha-y-sus-aliados-del-congreso-de-la-republica-blindan-a-dina-boluarte\/#primaryimage","url":"https:\/\/pulso27.com\/wp-content\/uploads\/2024\/05\/DinaYMargot.png","contentUrl":"https:\/\/pulso27.com\/wp-content\/uploads\/2024\/05\/DinaYMargot.png","width":1205,"height":678},{"@type":"BreadcrumbList","@id":"https:\/\/pulso27.com\/nacional\/la-derecha-y-sus-aliados-del-congreso-de-la-republica-blindan-a-dina-boluarte\/#breadcrumb","itemListElement":[{"@type":"ListItem","position":1,"name":"Portada","item":"https:\/\/pulso27.com\/"},{"@type":"ListItem","position":2,"name":"La derecha y sus aliados del Congreso de la Rep\u00fablica blindan a Dina Boluarte"}]},{"@type":"WebSite","@id":"https:\/\/pulso27.com\/en\/#website","url":"https:\/\/pulso27.com\/en\/","name":"Pulso27","description":"Web de noticias y publicidad","publisher":{"@id":"https:\/\/pulso27.com\/en\/#organization"},"alternateName":"El pulso del pueblo","potentialAction":[{"@type":"SearchAction","target":{"@type":"EntryPoint","urlTemplate":"https:\/\/pulso27.com\/en\/?s={search_term_string}"},"query-input":{"@type":"PropertyValueSpecification","valueRequired":true,"valueName":"search_term_string"}}],"inLanguage":"en-US"},{"@type":"Organization","@id":"https:\/\/pulso27.com\/en\/#organization","name":"Pulso27","url":"https:\/\/pulso27.com\/en\/","logo":{"@type":"ImageObject","inLanguage":"en-US","@id":"https:\/\/pulso27.com\/en\/#\/schema\/logo\/image\/","url":"https:\/\/pulso27.com\/wp-content\/uploads\/2026\/02\/Logotipo-de-la-organizacion-696-x-696-px-ok.png","contentUrl":"https:\/\/pulso27.com\/wp-content\/uploads\/2026\/02\/Logotipo-de-la-organizacion-696-x-696-px-ok.png","width":696,"height":696,"caption":"Pulso27"},"image":{"@id":"https:\/\/pulso27.com\/en\/#\/schema\/logo\/image\/"},"sameAs":["https:\/\/www.facebook.com\/pulso27\/","https:\/\/x.com\/Pulso_27","https:\/\/www.youtube.com\/@Pulso27","https:\/\/www.tiktok.com\/@pulso_27"]},{"@type":"Person","@id":"https:\/\/pulso27.com\/en\/#\/schema\/person\/e0da4cfacbab724cbf4ab44bcc030735","name":"Editor","image":{"@type":"ImageObject","inLanguage":"en-US","@id":"https:\/\/pulso27.com\/wp-content\/uploads\/2025\/03\/c-150x150.png","url":"https:\/\/pulso27.com\/wp-content\/uploads\/2025\/03\/c-150x150.png","contentUrl":"https:\/\/pulso27.com\/wp-content\/uploads\/2025\/03\/c-150x150.png","caption":"Editor"},"sameAs":["http:\/\/www.pulso27.com","https:\/\/www.facebook.com\/pulso27","https:\/\/x.com\/https:\/\/x.com\/Pulso_27","https:\/\/www.youtube.com\/@Pulso27"],"url":"https:\/\/pulso27.com\/en\/author\/editor\/"}]}},"amp_enabled":true,"_links":{"self":[{"href":"https:\/\/pulso27.com\/en\/wp-json\/wp\/v2\/posts\/1747","targetHints":{"allow":["GET"]}}],"collection":[{"href":"https:\/\/pulso27.com\/en\/wp-json\/wp\/v2\/posts"}],"about":[{"href":"https:\/\/pulso27.com\/en\/wp-json\/wp\/v2\/types\/post"}],"author":[{"embeddable":true,"href":"https:\/\/pulso27.com\/en\/wp-json\/wp\/v2\/users\/11"}],"replies":[{"embeddable":true,"href":"https:\/\/pulso27.com\/en\/wp-json\/wp\/v2\/comments?post=1747"}],"version-history":[{"count":1,"href":"https:\/\/pulso27.com\/en\/wp-json\/wp\/v2\/posts\/1747\/revisions"}],"predecessor-version":[{"id":1750,"href":"https:\/\/pulso27.com\/en\/wp-json\/wp\/v2\/posts\/1747\/revisions\/1750"}],"wp:featuredmedia":[{"embeddable":true,"href":"https:\/\/pulso27.com\/en\/wp-json\/wp\/v2\/media\/1743"}],"wp:attachment":[{"href":"https:\/\/pulso27.com\/en\/wp-json\/wp\/v2\/media?parent=1747"}],"wp:term":[{"taxonomy":"category","embeddable":true,"href":"https:\/\/pulso27.com\/en\/wp-json\/wp\/v2\/categories?post=1747"},{"taxonomy":"post_tag","embeddable":true,"href":"https:\/\/pulso27.com\/en\/wp-json\/wp\/v2\/tags?post=1747"}],"curies":[{"name":"wp","href":"https:\/\/api.w.org\/{rel}","templated":true}]}}