{"id":1751,"date":"2024-05-20T03:25:17","date_gmt":"2024-05-19T22:25:17","guid":{"rendered":"https:\/\/pulso27.com\/?p=1751"},"modified":"2024-05-20T03:25:40","modified_gmt":"2024-05-19T22:25:40","slug":"comunidad-lgbtq-protesta-contra-norma-que-los-categoriza-como-personas-con-problemas-de-salud-mental","status":"publish","type":"post","link":"https:\/\/pulso27.com\/en\/nacional\/comunidad-lgbtq-protesta-contra-norma-que-los-categoriza-como-personas-con-problemas-de-salud-mental\/","title":{"rendered":"Comunidad LGBTIQ protesta contra norma que los categoriza como \u00abpersonas con problemas de salud mental\u00bb"},"content":{"rendered":"<p>Cientos de personas se manifestaron este viernes en Lima contra un decreto reciente del Ministerio de Salud de Per\u00fa que incluye el \u00abtransexualismo\u00bb y otras identidades de g\u00e9nero como diagn\u00f3sticos de \u00abpersonas con problemas de salud mental\u00bb.<\/p>\n\n\n\n<p>Las organizaciones LGBTIQ+ consideran que la medida es discriminatoria y perpet\u00faa la estigmatizaci\u00f3n de las personas trans al clasificar sus identidades como patolog\u00edas.<\/p>\n\n\n\n<p>El decreto, firmado por la presidenta Dina Boluarte , actualiza el Plan Esencial de Aseguramiento en Salud (PEAS) y se basa en la Clasificaci\u00f3n Internacional de Enfermedades (CIE-10) de la Organizaci\u00f3n Mundial de la Salud (OMS), que ya no considera la transexualidad como un trastorno mental.<\/p>\n\n\n\n<figure class=\"wp-block-image size-full\"><img loading=\"lazy\" decoding=\"async\" width=\"958\" height=\"536\" src=\"https:\/\/pulso27.com\/wp-content\/uploads\/2024\/05\/image-2.png\" alt=\"\" class=\"wp-image-1754\" srcset=\"https:\/\/pulso27.com\/wp-content\/uploads\/2024\/05\/image-2.png 958w, https:\/\/pulso27.com\/wp-content\/uploads\/2024\/05\/image-2-300x168.png 300w, https:\/\/pulso27.com\/wp-content\/uploads\/2024\/05\/image-2-768x430.png 768w, https:\/\/pulso27.com\/wp-content\/uploads\/2024\/05\/image-2-18x10.png 18w\" sizes=\"auto, (max-width: 958px) 100vw, 958px\" \/><figcaption class=\"wp-element-caption\"><em>Comunidad LGBTIQ+ protest\u00f3 contra la norma frente al Ministerio de Salud de Per\u00fa<\/em><\/figcaption><\/figure>\n\n\n\n<p>El Ministerio de Salud ha emitido un comunicado en el que asegura que \u00abla diversidad de g\u00e9nero y sexual no son enfermedades ni trastornos\u00bb, pero no ha modificado el decreto.<\/p>\n\n\n\n<p>Las organizaciones LGBTQ+ exigen la derogaci\u00f3n del decreto y piden al gobierno que garantice el acceso a la salud mental sin discriminaci\u00f3n.<\/p>\n\n\n\n<p>Cabe destacar que este decreto se produce en el marco del D\u00eda Internacional contra la Homofobia, la Transfobia y la Bifobia , que se conmemora el 17 de mayo.<\/p>\n\n\n\n<p>Este es un tema complejo y sensible que genera controversia. Es importante recordar que la identidad de g\u00e9nero es una parte fundamental de la identidad de una persona y que las personas transg\u00e9nero tienen los mismos derechos que cualquier otra persona.<\/p>\n\n\n\n<p>Aqu\u00ed hay algunos recursos adicionales que puedes consultar:<\/p>\n\n\n\n<p>M\u00e1s Igualdad Per\u00fa: https:\/\/www.masigualdad.pe\/<br>Colectivo Marcha del Orgullo Lima: https:\/\/www.facebook.com\/marchadelorgullolima\/<br>Manuela Ramos: https:\/\/pt-pt.facebook.com\/public\/Manuela-Ramos\/<\/p>","protected":false},"excerpt":{"rendered":"<p>Cientos de personas se manifestaron este viernes en Lima contra un decreto reciente del Ministerio de Salud de Per\u00fa que incluye el \u00abtransexualismo\u00bb y otras identidades de g\u00e9nero como diagn\u00f3sticos de \u00abpersonas con problemas de salud mental\u00bb. Las organizaciones LGBTIQ+ consideran que la medida es discriminatoria y perpet\u00faa la estigmatizaci\u00f3n de las personas trans al [&hellip;]<\/p>\n","protected":false},"author":13,"featured_media":1755,"comment_status":"open","ping_status":"open","sticky":false,"template":"","format":"standard","meta":{"footnotes":""},"categories":[183,174,202],"tags":[726,191,727,728],"class_list":["post-1751","post","type-post","status-publish","format-standard","has-post-thumbnail","hentry","category-actualidad","category-nacional","category-sociedad","tag-lgbtiq","tag-minsa","tag-oms","tag-salud-mental"],"yoast_head":"<!-- This site is optimized with the Yoast SEO plugin v27.4 - https:\/\/yoast.com\/product\/yoast-seo-wordpress\/ -->\n<title>Comunidad LGBTIQ protesta contra norma que los categoriza como &quot;personas con problemas de salud mental&quot; - Pulso27<\/title>\n<meta name=\"robots\" content=\"index, follow, max-snippet:-1, max-image-preview:large, max-video-preview:-1\" \/>\n<link rel=\"canonical\" href=\"https:\/\/pulso27.com\/en\/nacional\/comunidad-lgbtq-protesta-contra-norma-que-los-categoriza-como-personas-con-problemas-de-salud-mental\/\" \/>\n<meta property=\"og:locale\" content=\"en_US\" \/>\n<meta property=\"og:type\" content=\"article\" \/>\n<meta property=\"og:title\" content=\"Comunidad LGBTIQ protesta contra norma que los categoriza como &quot;personas con problemas de salud mental&quot; - Pulso27\" \/>\n<meta property=\"og:description\" content=\"Cientos de personas se manifestaron este viernes en Lima contra un decreto reciente del Ministerio de Salud de Per\u00fa que incluye el \u00abtransexualismo\u00bb y otras identidades de g\u00e9nero como diagn\u00f3sticos de \u00abpersonas con problemas de salud mental\u00bb. Las organizaciones LGBTIQ+ consideran que la medida es discriminatoria y perpet\u00faa la estigmatizaci\u00f3n de las personas trans al [&hellip;]\" \/>\n<meta property=\"og:url\" content=\"https:\/\/pulso27.com\/en\/nacional\/comunidad-lgbtq-protesta-contra-norma-que-los-categoriza-como-personas-con-problemas-de-salud-mental\/\" \/>\n<meta property=\"og:site_name\" content=\"Pulso27\" \/>\n<meta property=\"article:publisher\" content=\"https:\/\/www.facebook.com\/pulso27\/\" \/>\n<meta property=\"article:published_time\" content=\"2024-05-19T22:25:17+00:00\" \/>\n<meta property=\"article:modified_time\" content=\"2024-05-19T22:25:40+00:00\" \/>\n<meta property=\"og:image\" content=\"https:\/\/pulso27.com\/wp-content\/uploads\/2024\/05\/LGBTIQs.jpg\" \/>\n\t<meta property=\"og:image:width\" content=\"1266\" \/>\n\t<meta property=\"og:image:height\" content=\"790\" \/>\n\t<meta property=\"og:image:type\" content=\"image\/jpeg\" \/>\n<meta name=\"author\" content=\"Redactor\" \/>\n<meta name=\"twitter:card\" content=\"summary_large_image\" \/>\n<meta name=\"twitter:creator\" content=\"@Pulso_27\" \/>\n<meta name=\"twitter:site\" content=\"@Pulso_27\" \/>\n<meta name=\"twitter:label1\" content=\"Written by\" \/>\n\t<meta name=\"twitter:data1\" content=\"Redactor\" \/>\n\t<meta name=\"twitter:label2\" content=\"Est. reading time\" \/>\n\t<meta name=\"twitter:data2\" content=\"1 minute\" \/>\n<script type=\"application\/ld+json\" class=\"yoast-schema-graph\">{\"@context\":\"https:\\\/\\\/schema.org\",\"@graph\":[{\"@type\":\"Article\",\"@id\":\"https:\\\/\\\/pulso27.com\\\/nacional\\\/comunidad-lgbtq-protesta-contra-norma-que-los-categoriza-como-personas-con-problemas-de-salud-mental\\\/#article\",\"isPartOf\":{\"@id\":\"https:\\\/\\\/pulso27.com\\\/nacional\\\/comunidad-lgbtq-protesta-contra-norma-que-los-categoriza-como-personas-con-problemas-de-salud-mental\\\/\"},\"author\":{\"name\":\"Redactor\",\"@id\":\"https:\\\/\\\/pulso27.com\\\/en\\\/#\\\/schema\\\/person\\\/bf5ee161e6c87f6c7d57f5e689ef8526\"},\"headline\":\"Comunidad LGBTIQ protesta contra norma que los categoriza como \u00abpersonas con problemas de salud mental\u00bb\",\"datePublished\":\"2024-05-19T22:25:17+00:00\",\"dateModified\":\"2024-05-19T22:25:40+00:00\",\"mainEntityOfPage\":{\"@id\":\"https:\\\/\\\/pulso27.com\\\/nacional\\\/comunidad-lgbtq-protesta-contra-norma-que-los-categoriza-como-personas-con-problemas-de-salud-mental\\\/\"},\"wordCount\":300,\"commentCount\":0,\"publisher\":{\"@id\":\"https:\\\/\\\/pulso27.com\\\/en\\\/#organization\"},\"image\":{\"@id\":\"https:\\\/\\\/pulso27.com\\\/nacional\\\/comunidad-lgbtq-protesta-contra-norma-que-los-categoriza-como-personas-con-problemas-de-salud-mental\\\/#primaryimage\"},\"thumbnailUrl\":\"https:\\\/\\\/pulso27.com\\\/wp-content\\\/uploads\\\/2024\\\/05\\\/LGBTIQs.jpg\",\"keywords\":[\"LGBTIQ+\",\"Minsa\",\"OMS\",\"Salud Mental\"],\"articleSection\":[\"Actualidad\",\"Nacional\",\"Sociedad\"],\"inLanguage\":\"en-US\",\"potentialAction\":[{\"@type\":\"CommentAction\",\"name\":\"Comment\",\"target\":[\"https:\\\/\\\/pulso27.com\\\/nacional\\\/comunidad-lgbtq-protesta-contra-norma-que-los-categoriza-como-personas-con-problemas-de-salud-mental\\\/#respond\"]}]},{\"@type\":\"WebPage\",\"@id\":\"https:\\\/\\\/pulso27.com\\\/nacional\\\/comunidad-lgbtq-protesta-contra-norma-que-los-categoriza-como-personas-con-problemas-de-salud-mental\\\/\",\"url\":\"https:\\\/\\\/pulso27.com\\\/nacional\\\/comunidad-lgbtq-protesta-contra-norma-que-los-categoriza-como-personas-con-problemas-de-salud-mental\\\/\",\"name\":\"Comunidad LGBTIQ protesta contra norma que los categoriza como \\\"personas con problemas de salud mental\\\" - Pulso27\",\"isPartOf\":{\"@id\":\"https:\\\/\\\/pulso27.com\\\/en\\\/#website\"},\"primaryImageOfPage\":{\"@id\":\"https:\\\/\\\/pulso27.com\\\/nacional\\\/comunidad-lgbtq-protesta-contra-norma-que-los-categoriza-como-personas-con-problemas-de-salud-mental\\\/#primaryimage\"},\"image\":{\"@id\":\"https:\\\/\\\/pulso27.com\\\/nacional\\\/comunidad-lgbtq-protesta-contra-norma-que-los-categoriza-como-personas-con-problemas-de-salud-mental\\\/#primaryimage\"},\"thumbnailUrl\":\"https:\\\/\\\/pulso27.com\\\/wp-content\\\/uploads\\\/2024\\\/05\\\/LGBTIQs.jpg\",\"datePublished\":\"2024-05-19T22:25:17+00:00\",\"dateModified\":\"2024-05-19T22:25:40+00:00\",\"breadcrumb\":{\"@id\":\"https:\\\/\\\/pulso27.com\\\/nacional\\\/comunidad-lgbtq-protesta-contra-norma-que-los-categoriza-como-personas-con-problemas-de-salud-mental\\\/#breadcrumb\"},\"inLanguage\":\"en-US\",\"potentialAction\":[{\"@type\":\"ReadAction\",\"target\":[\"https:\\\/\\\/pulso27.com\\\/nacional\\\/comunidad-lgbtq-protesta-contra-norma-que-los-categoriza-como-personas-con-problemas-de-salud-mental\\\/\"]}]},{\"@type\":\"ImageObject\",\"inLanguage\":\"en-US\",\"@id\":\"https:\\\/\\\/pulso27.com\\\/nacional\\\/comunidad-lgbtq-protesta-contra-norma-que-los-categoriza-como-personas-con-problemas-de-salud-mental\\\/#primaryimage\",\"url\":\"https:\\\/\\\/pulso27.com\\\/wp-content\\\/uploads\\\/2024\\\/05\\\/LGBTIQs.jpg\",\"contentUrl\":\"https:\\\/\\\/pulso27.com\\\/wp-content\\\/uploads\\\/2024\\\/05\\\/LGBTIQs.jpg\",\"width\":1266,\"height\":790},{\"@type\":\"BreadcrumbList\",\"@id\":\"https:\\\/\\\/pulso27.com\\\/nacional\\\/comunidad-lgbtq-protesta-contra-norma-que-los-categoriza-como-personas-con-problemas-de-salud-mental\\\/#breadcrumb\",\"itemListElement\":[{\"@type\":\"ListItem\",\"position\":1,\"name\":\"Portada\",\"item\":\"https:\\\/\\\/pulso27.com\\\/\"},{\"@type\":\"ListItem\",\"position\":2,\"name\":\"Comunidad LGBTIQ protesta contra norma que los categoriza como &#8220;personas con problemas de salud mental&#8221;\"}]},{\"@type\":\"WebSite\",\"@id\":\"https:\\\/\\\/pulso27.com\\\/en\\\/#website\",\"url\":\"https:\\\/\\\/pulso27.com\\\/en\\\/\",\"name\":\"Pulso27\",\"description\":\"Web de noticias y publicidad\",\"publisher\":{\"@id\":\"https:\\\/\\\/pulso27.com\\\/en\\\/#organization\"},\"alternateName\":\"El pulso del pueblo\",\"potentialAction\":[{\"@type\":\"SearchAction\",\"target\":{\"@type\":\"EntryPoint\",\"urlTemplate\":\"https:\\\/\\\/pulso27.com\\\/en\\\/?s={search_term_string}\"},\"query-input\":{\"@type\":\"PropertyValueSpecification\",\"valueRequired\":true,\"valueName\":\"search_term_string\"}}],\"inLanguage\":\"en-US\"},{\"@type\":\"Organization\",\"@id\":\"https:\\\/\\\/pulso27.com\\\/en\\\/#organization\",\"name\":\"Pulso27\",\"url\":\"https:\\\/\\\/pulso27.com\\\/en\\\/\",\"logo\":{\"@type\":\"ImageObject\",\"inLanguage\":\"en-US\",\"@id\":\"https:\\\/\\\/pulso27.com\\\/en\\\/#\\\/schema\\\/logo\\\/image\\\/\",\"url\":\"https:\\\/\\\/pulso27.com\\\/wp-content\\\/uploads\\\/2026\\\/02\\\/Logotipo-de-la-organizacion-696-x-696-px-ok.png\",\"contentUrl\":\"https:\\\/\\\/pulso27.com\\\/wp-content\\\/uploads\\\/2026\\\/02\\\/Logotipo-de-la-organizacion-696-x-696-px-ok.png\",\"width\":696,\"height\":696,\"caption\":\"Pulso27\"},\"image\":{\"@id\":\"https:\\\/\\\/pulso27.com\\\/en\\\/#\\\/schema\\\/logo\\\/image\\\/\"},\"sameAs\":[\"https:\\\/\\\/www.facebook.com\\\/pulso27\\\/\",\"https:\\\/\\\/x.com\\\/Pulso_27\",\"https:\\\/\\\/www.youtube.com\\\/@Pulso27\",\"https:\\\/\\\/www.tiktok.com\\\/@pulso_27\"]},{\"@type\":\"Person\",\"@id\":\"https:\\\/\\\/pulso27.com\\\/en\\\/#\\\/schema\\\/person\\\/bf5ee161e6c87f6c7d57f5e689ef8526\",\"name\":\"Redactor\",\"image\":{\"@type\":\"ImageObject\",\"inLanguage\":\"en-US\",\"@id\":\"https:\\\/\\\/pulso27.com\\\/wp-content\\\/uploads\\\/2025\\\/03\\\/a-150x150.png\",\"url\":\"https:\\\/\\\/pulso27.com\\\/wp-content\\\/uploads\\\/2025\\\/03\\\/a-150x150.png\",\"contentUrl\":\"https:\\\/\\\/pulso27.com\\\/wp-content\\\/uploads\\\/2025\\\/03\\\/a-150x150.png\",\"caption\":\"Redactor\"},\"sameAs\":[\"http:\\\/\\\/www.pulso27.com\"],\"url\":\"https:\\\/\\\/pulso27.com\\\/en\\\/author\\\/redactor\\\/\"}]}<\/script>\n<!-- \/ Yoast SEO plugin. -->","yoast_head_json":{"title":"Comunidad LGBTIQ protesta contra norma que los categoriza como \"personas con problemas de salud mental\" - Pulso27","robots":{"index":"index","follow":"follow","max-snippet":"max-snippet:-1","max-image-preview":"max-image-preview:large","max-video-preview":"max-video-preview:-1"},"canonical":"https:\/\/pulso27.com\/en\/nacional\/comunidad-lgbtq-protesta-contra-norma-que-los-categoriza-como-personas-con-problemas-de-salud-mental\/","og_locale":"en_US","og_type":"article","og_title":"Comunidad LGBTIQ protesta contra norma que los categoriza como \"personas con problemas de salud mental\" - Pulso27","og_description":"Cientos de personas se manifestaron este viernes en Lima contra un decreto reciente del Ministerio de Salud de Per\u00fa que incluye el \u00abtransexualismo\u00bb y otras identidades de g\u00e9nero como diagn\u00f3sticos de \u00abpersonas con problemas de salud mental\u00bb. Las organizaciones LGBTIQ+ consideran que la medida es discriminatoria y perpet\u00faa la estigmatizaci\u00f3n de las personas trans al [&hellip;]","og_url":"https:\/\/pulso27.com\/en\/nacional\/comunidad-lgbtq-protesta-contra-norma-que-los-categoriza-como-personas-con-problemas-de-salud-mental\/","og_site_name":"Pulso27","article_publisher":"https:\/\/www.facebook.com\/pulso27\/","article_published_time":"2024-05-19T22:25:17+00:00","article_modified_time":"2024-05-19T22:25:40+00:00","og_image":[{"width":1266,"height":790,"url":"https:\/\/pulso27.com\/wp-content\/uploads\/2024\/05\/LGBTIQs.jpg","type":"image\/jpeg"}],"author":"Redactor","twitter_card":"summary_large_image","twitter_creator":"@Pulso_27","twitter_site":"@Pulso_27","twitter_misc":{"Written by":"Redactor","Est. reading time":"1 minute"},"schema":{"@context":"https:\/\/schema.org","@graph":[{"@type":"Article","@id":"https:\/\/pulso27.com\/nacional\/comunidad-lgbtq-protesta-contra-norma-que-los-categoriza-como-personas-con-problemas-de-salud-mental\/#article","isPartOf":{"@id":"https:\/\/pulso27.com\/nacional\/comunidad-lgbtq-protesta-contra-norma-que-los-categoriza-como-personas-con-problemas-de-salud-mental\/"},"author":{"name":"Redactor","@id":"https:\/\/pulso27.com\/en\/#\/schema\/person\/bf5ee161e6c87f6c7d57f5e689ef8526"},"headline":"Comunidad LGBTIQ protesta contra norma que los categoriza como \u00abpersonas con problemas de salud mental\u00bb","datePublished":"2024-05-19T22:25:17+00:00","dateModified":"2024-05-19T22:25:40+00:00","mainEntityOfPage":{"@id":"https:\/\/pulso27.com\/nacional\/comunidad-lgbtq-protesta-contra-norma-que-los-categoriza-como-personas-con-problemas-de-salud-mental\/"},"wordCount":300,"commentCount":0,"publisher":{"@id":"https:\/\/pulso27.com\/en\/#organization"},"image":{"@id":"https:\/\/pulso27.com\/nacional\/comunidad-lgbtq-protesta-contra-norma-que-los-categoriza-como-personas-con-problemas-de-salud-mental\/#primaryimage"},"thumbnailUrl":"https:\/\/pulso27.com\/wp-content\/uploads\/2024\/05\/LGBTIQs.jpg","keywords":["LGBTIQ+","Minsa","OMS","Salud Mental"],"articleSection":["Actualidad","Nacional","Sociedad"],"inLanguage":"en-US","potentialAction":[{"@type":"CommentAction","name":"Comment","target":["https:\/\/pulso27.com\/nacional\/comunidad-lgbtq-protesta-contra-norma-que-los-categoriza-como-personas-con-problemas-de-salud-mental\/#respond"]}]},{"@type":"WebPage","@id":"https:\/\/pulso27.com\/nacional\/comunidad-lgbtq-protesta-contra-norma-que-los-categoriza-como-personas-con-problemas-de-salud-mental\/","url":"https:\/\/pulso27.com\/nacional\/comunidad-lgbtq-protesta-contra-norma-que-los-categoriza-como-personas-con-problemas-de-salud-mental\/","name":"Comunidad LGBTIQ protesta contra norma que los categoriza como \"personas con problemas de salud mental\" - Pulso27","isPartOf":{"@id":"https:\/\/pulso27.com\/en\/#website"},"primaryImageOfPage":{"@id":"https:\/\/pulso27.com\/nacional\/comunidad-lgbtq-protesta-contra-norma-que-los-categoriza-como-personas-con-problemas-de-salud-mental\/#primaryimage"},"image":{"@id":"https:\/\/pulso27.com\/nacional\/comunidad-lgbtq-protesta-contra-norma-que-los-categoriza-como-personas-con-problemas-de-salud-mental\/#primaryimage"},"thumbnailUrl":"https:\/\/pulso27.com\/wp-content\/uploads\/2024\/05\/LGBTIQs.jpg","datePublished":"2024-05-19T22:25:17+00:00","dateModified":"2024-05-19T22:25:40+00:00","breadcrumb":{"@id":"https:\/\/pulso27.com\/nacional\/comunidad-lgbtq-protesta-contra-norma-que-los-categoriza-como-personas-con-problemas-de-salud-mental\/#breadcrumb"},"inLanguage":"en-US","potentialAction":[{"@type":"ReadAction","target":["https:\/\/pulso27.com\/nacional\/comunidad-lgbtq-protesta-contra-norma-que-los-categoriza-como-personas-con-problemas-de-salud-mental\/"]}]},{"@type":"ImageObject","inLanguage":"en-US","@id":"https:\/\/pulso27.com\/nacional\/comunidad-lgbtq-protesta-contra-norma-que-los-categoriza-como-personas-con-problemas-de-salud-mental\/#primaryimage","url":"https:\/\/pulso27.com\/wp-content\/uploads\/2024\/05\/LGBTIQs.jpg","contentUrl":"https:\/\/pulso27.com\/wp-content\/uploads\/2024\/05\/LGBTIQs.jpg","width":1266,"height":790},{"@type":"BreadcrumbList","@id":"https:\/\/pulso27.com\/nacional\/comunidad-lgbtq-protesta-contra-norma-que-los-categoriza-como-personas-con-problemas-de-salud-mental\/#breadcrumb","itemListElement":[{"@type":"ListItem","position":1,"name":"Portada","item":"https:\/\/pulso27.com\/"},{"@type":"ListItem","position":2,"name":"Comunidad LGBTIQ protesta contra norma que los categoriza como &#8220;personas con problemas de salud mental&#8221;"}]},{"@type":"WebSite","@id":"https:\/\/pulso27.com\/en\/#website","url":"https:\/\/pulso27.com\/en\/","name":"Pulso27","description":"Web de noticias y publicidad","publisher":{"@id":"https:\/\/pulso27.com\/en\/#organization"},"alternateName":"El pulso del pueblo","potentialAction":[{"@type":"SearchAction","target":{"@type":"EntryPoint","urlTemplate":"https:\/\/pulso27.com\/en\/?s={search_term_string}"},"query-input":{"@type":"PropertyValueSpecification","valueRequired":true,"valueName":"search_term_string"}}],"inLanguage":"en-US"},{"@type":"Organization","@id":"https:\/\/pulso27.com\/en\/#organization","name":"Pulso27","url":"https:\/\/pulso27.com\/en\/","logo":{"@type":"ImageObject","inLanguage":"en-US","@id":"https:\/\/pulso27.com\/en\/#\/schema\/logo\/image\/","url":"https:\/\/pulso27.com\/wp-content\/uploads\/2026\/02\/Logotipo-de-la-organizacion-696-x-696-px-ok.png","contentUrl":"https:\/\/pulso27.com\/wp-content\/uploads\/2026\/02\/Logotipo-de-la-organizacion-696-x-696-px-ok.png","width":696,"height":696,"caption":"Pulso27"},"image":{"@id":"https:\/\/pulso27.com\/en\/#\/schema\/logo\/image\/"},"sameAs":["https:\/\/www.facebook.com\/pulso27\/","https:\/\/x.com\/Pulso_27","https:\/\/www.youtube.com\/@Pulso27","https:\/\/www.tiktok.com\/@pulso_27"]},{"@type":"Person","@id":"https:\/\/pulso27.com\/en\/#\/schema\/person\/bf5ee161e6c87f6c7d57f5e689ef8526","name":"Redactor","image":{"@type":"ImageObject","inLanguage":"en-US","@id":"https:\/\/pulso27.com\/wp-content\/uploads\/2025\/03\/a-150x150.png","url":"https:\/\/pulso27.com\/wp-content\/uploads\/2025\/03\/a-150x150.png","contentUrl":"https:\/\/pulso27.com\/wp-content\/uploads\/2025\/03\/a-150x150.png","caption":"Redactor"},"sameAs":["http:\/\/www.pulso27.com"],"url":"https:\/\/pulso27.com\/en\/author\/redactor\/"}]}},"amp_enabled":true,"_links":{"self":[{"href":"https:\/\/pulso27.com\/en\/wp-json\/wp\/v2\/posts\/1751","targetHints":{"allow":["GET"]}}],"collection":[{"href":"https:\/\/pulso27.com\/en\/wp-json\/wp\/v2\/posts"}],"about":[{"href":"https:\/\/pulso27.com\/en\/wp-json\/wp\/v2\/types\/post"}],"author":[{"embeddable":true,"href":"https:\/\/pulso27.com\/en\/wp-json\/wp\/v2\/users\/13"}],"replies":[{"embeddable":true,"href":"https:\/\/pulso27.com\/en\/wp-json\/wp\/v2\/comments?post=1751"}],"version-history":[{"count":2,"href":"https:\/\/pulso27.com\/en\/wp-json\/wp\/v2\/posts\/1751\/revisions"}],"predecessor-version":[{"id":1757,"href":"https:\/\/pulso27.com\/en\/wp-json\/wp\/v2\/posts\/1751\/revisions\/1757"}],"wp:featuredmedia":[{"embeddable":true,"href":"https:\/\/pulso27.com\/en\/wp-json\/wp\/v2\/media\/1755"}],"wp:attachment":[{"href":"https:\/\/pulso27.com\/en\/wp-json\/wp\/v2\/media?parent=1751"}],"wp:term":[{"taxonomy":"category","embeddable":true,"href":"https:\/\/pulso27.com\/en\/wp-json\/wp\/v2\/categories?post=1751"},{"taxonomy":"post_tag","embeddable":true,"href":"https:\/\/pulso27.com\/en\/wp-json\/wp\/v2\/tags?post=1751"}],"curies":[{"name":"wp","href":"https:\/\/api.w.org\/{rel}","templated":true}]}}