{"id":1812,"date":"2024-05-24T03:15:15","date_gmt":"2024-05-23T22:15:15","guid":{"rendered":"https:\/\/pulso27.com\/?p=1812"},"modified":"2024-05-24T03:28:16","modified_gmt":"2024-05-23T22:28:16","slug":"proyectos-mineros-tia-maria-y-conga-imposicion-vs-rechazo-y-conflicto-social","status":"publish","type":"post","link":"https:\/\/pulso27.com\/en\/nacional\/proyectos-mineros-tia-maria-y-conga-imposicion-vs-rechazo-y-conflicto-social\/","title":{"rendered":"Proyectos mineros T\u00eda Mar\u00eda y Conga: imposici\u00f3n vs. rechazo y conflicto social"},"content":{"rendered":"<p><br>Arequipa y Cajamarca se enfrentan a la imposici\u00f3n del r\u00e9gimen de Dina Boluarte de los proyectos mineros que amenazan su agricultura, ganader\u00eda y fuentes de agua, con su anunciada reactivaci\u00f3n sin licencia social.<\/p>\n\n\n\n<p>Southern Copper Corporation prev\u00e9 iniciar la construcci\u00f3n de T\u00eda Mar\u00eda a finales de este a\u00f1o o principios del 2025, con una producci\u00f3n estimada de 4 millones de toneladas de cobre para el 2028. El ministro de Energ\u00eda y Minas, R\u00f3mulo Mucho , asegura que la empresa tiene la \u00faltima palabra y que el Minem solo facilite la negociaci\u00f3n.<\/p>\n\n\n\n<figure class=\"wp-block-image size-large\"><img loading=\"lazy\" decoding=\"async\" width=\"1024\" height=\"576\" src=\"https:\/\/pulso27.com\/wp-content\/uploads\/2024\/05\/TiaMarias-1024x576.jpg\" alt=\"\" class=\"wp-image-1814\" srcset=\"https:\/\/pulso27.com\/wp-content\/uploads\/2024\/05\/TiaMarias-1024x576.jpg 1024w, https:\/\/pulso27.com\/wp-content\/uploads\/2024\/05\/TiaMarias-300x169.jpg 300w, https:\/\/pulso27.com\/wp-content\/uploads\/2024\/05\/TiaMarias-768x432.jpg 768w, https:\/\/pulso27.com\/wp-content\/uploads\/2024\/05\/TiaMarias-18x10.jpg 18w, https:\/\/pulso27.com\/wp-content\/uploads\/2024\/05\/TiaMarias.jpg 1200w\" sizes=\"auto, (max-width: 1024px) 100vw, 1024px\" \/><figcaption class=\"wp-element-caption\"><em>R\u00f3mulo Mucho, ministro de Energ\u00eda y Minas insiste en la necesidad de reactivar Conga y T\u00eda Mar\u00eda en los pr\u00f3ximos meses<\/em><\/figcaption><\/figure>\n\n\n\n<p>Conga , tambi\u00e9n impulsada por el gobierno, busca su desarrollo con la construcci\u00f3n de ferrocarriles en Cajamarca y Apur\u00edmac. Mucho afirma que \u00abno se permitir\u00e1 que no se deje producir\u00bb este proyecto ni otros como Galeno, Michiquillay y La Granja .<\/p>\n\n\n\n<p>Sin embargo, estos proyectos enfrentan una fuerte oposici\u00f3n. La congresista Margot Palacios acusa al gobierno de generar conflictos sociales y vender \u00aba precio de ganga\u00bb los recursos naturales. Mar\u00eda Ag\u00fcero Guti\u00e9rrez exige alternativas sostenibles y defiende la seguridad alimentaria y la agricultura. Jaime Quito Sarmiento advierte sobre el conflicto de intereses del ministro Mucho y el riesgo de nuevos levantamientos.<\/p>\n\n\n\n<p>La contaminaci\u00f3n del agua es otra gran preocupaci\u00f3n. En Moquegua, se detect\u00f3 ars\u00e9nico en la sangre de 60 ni\u00f1os del Centro Poblado de Yacango. El alcalde de Torata, Elvis C\u00f3rdova Nina , busca establecer una mesa de trabajo para mejorar la calidad del agua.<\/p>\n\n\n\n<figure class=\"wp-block-image size-large\"><img loading=\"lazy\" decoding=\"async\" width=\"1024\" height=\"689\" src=\"https:\/\/pulso27.com\/wp-content\/uploads\/2024\/05\/Congas-1024x689.jpg\" alt=\"\" class=\"wp-image-1816\" srcset=\"https:\/\/pulso27.com\/wp-content\/uploads\/2024\/05\/Congas-1024x689.jpg 1024w, https:\/\/pulso27.com\/wp-content\/uploads\/2024\/05\/Congas-300x202.jpg 300w, https:\/\/pulso27.com\/wp-content\/uploads\/2024\/05\/Congas-768x517.jpg 768w, https:\/\/pulso27.com\/wp-content\/uploads\/2024\/05\/Congas-1536x1034.jpg 1536w, https:\/\/pulso27.com\/wp-content\/uploads\/2024\/05\/Congas-18x12.jpg 18w, https:\/\/pulso27.com\/wp-content\/uploads\/2024\/05\/Congas.jpg 2048w\" sizes=\"auto, (max-width: 1024px) 100vw, 1024px\" \/><figcaption class=\"wp-element-caption\"><em>La principal preocupaci\u00f3n de los agricultores y ganaderos de los \u00e1mbitos de influencia de los proyectos mineros es el recurso h\u00eddrico de calidad, cada vez m\u00e1s escaso<\/em><\/figcaption><\/figure>\n\n\n\n<p>Southern Per\u00fa , por su parte, ha enviado una carta a la SMV moderando las declaraciones de su director de finanzas, Ra\u00fal Jacob , sobre el inicio de la construcci\u00f3n de T\u00eda Mar\u00eda. En la misiva, la empresa asegura tener los recursos para iniciar el proyecto, pero se\u00f1ala que T\u00eda Mar\u00eda estar\u00eda produciendo reci\u00e9n en 2028.<\/p>\n\n\n\n<p>La tensi\u00f3n en Arequipa y Cajamarca es palpable.La imposici\u00f3n de estos proyectos mineros sin licencia social y con graves impactos ambientales y sociales genera un clima de rechazo y conflicto.El gobierno debe escuchar las voces de las comunidades y buscar soluciones sostenibles que respeten sus derechos y protejan el medio ambiente.<\/p>\n\n\n\n<p>En este contexto, surge la pregunta: \u00bfDesarrollo o destrucci\u00f3n?La decisi\u00f3n final sobre el futuro de estos proyectos recae en el gobierno y en las comunidades afectadas.Se necesita un di\u00e1logo abierto y transparente que permita encontrar un camino que beneficie a todos,sin sacrificar el futuro de las generaciones venideras.<\/p>","protected":false},"excerpt":{"rendered":"<p>Arequipa y Cajamarca se enfrentan a la imposici\u00f3n del r\u00e9gimen de Dina Boluarte de los proyectos mineros que amenazan su agricultura, ganader\u00eda y fuentes de agua, con su anunciada reactivaci\u00f3n sin licencia social. Southern Copper Corporation prev\u00e9 iniciar la construcci\u00f3n de T\u00eda Mar\u00eda a finales de este a\u00f1o o principios del 2025, con una producci\u00f3n [&hellip;]<\/p>\n","protected":false},"author":11,"featured_media":1825,"comment_status":"open","ping_status":"open","sticky":false,"template":"","format":"standard","meta":{"footnotes":""},"categories":[183,177,174,202],"tags":[739,737,593,578,738,592],"class_list":["post-1812","post","type-post","status-publish","format-standard","has-post-thumbnail","hentry","category-actualidad","category-economia","category-nacional","category-sociedad","tag-conflictos-sociales","tag-conga","tag-minem","tag-mineria","tag-romulo-mucho","tag-tia-maria"],"yoast_head":"<!-- This site is optimized with the Yoast SEO plugin v27.4 - https:\/\/yoast.com\/product\/yoast-seo-wordpress\/ -->\n<title>Proyectos mineros T\u00eda Mar\u00eda y Conga: imposici\u00f3n vs. rechazo y conflicto social - Pulso27<\/title>\n<meta name=\"robots\" content=\"index, follow, max-snippet:-1, max-image-preview:large, max-video-preview:-1\" \/>\n<link rel=\"canonical\" href=\"https:\/\/pulso27.com\/en\/nacional\/proyectos-mineros-tia-maria-y-conga-imposicion-vs-rechazo-y-conflicto-social\/\" \/>\n<meta property=\"og:locale\" content=\"en_US\" \/>\n<meta property=\"og:type\" content=\"article\" \/>\n<meta property=\"og:title\" content=\"Proyectos mineros T\u00eda Mar\u00eda y Conga: imposici\u00f3n vs. rechazo y conflicto social - Pulso27\" \/>\n<meta property=\"og:description\" content=\"Arequipa y Cajamarca se enfrentan a la imposici\u00f3n del r\u00e9gimen de Dina Boluarte de los proyectos mineros que amenazan su agricultura, ganader\u00eda y fuentes de agua, con su anunciada reactivaci\u00f3n sin licencia social. Southern Copper Corporation prev\u00e9 iniciar la construcci\u00f3n de T\u00eda Mar\u00eda a finales de este a\u00f1o o principios del 2025, con una producci\u00f3n [&hellip;]\" \/>\n<meta property=\"og:url\" content=\"https:\/\/pulso27.com\/en\/nacional\/proyectos-mineros-tia-maria-y-conga-imposicion-vs-rechazo-y-conflicto-social\/\" \/>\n<meta property=\"og:site_name\" content=\"Pulso27\" \/>\n<meta property=\"article:publisher\" content=\"https:\/\/www.facebook.com\/pulso27\/\" \/>\n<meta property=\"article:author\" content=\"https:\/\/www.facebook.com\/pulso27\" \/>\n<meta property=\"article:published_time\" content=\"2024-05-23T22:15:15+00:00\" \/>\n<meta property=\"article:modified_time\" content=\"2024-05-23T22:28:16+00:00\" \/>\n<meta property=\"og:image\" content=\"https:\/\/pulso27.com\/wp-content\/uploads\/2024\/05\/Timaria-1024x541.png\" \/>\n\t<meta property=\"og:image:width\" content=\"1024\" \/>\n\t<meta property=\"og:image:height\" content=\"541\" \/>\n\t<meta property=\"og:image:type\" content=\"image\/png\" \/>\n<meta name=\"author\" content=\"Editor\" \/>\n<meta name=\"twitter:card\" content=\"summary_large_image\" \/>\n<meta name=\"twitter:creator\" content=\"@https:\/\/x.com\/Pulso_27\" \/>\n<meta name=\"twitter:site\" content=\"@Pulso_27\" \/>\n<meta name=\"twitter:label1\" content=\"Written by\" \/>\n\t<meta name=\"twitter:data1\" content=\"Editor\" \/>\n\t<meta name=\"twitter:label2\" content=\"Est. reading time\" \/>\n\t<meta name=\"twitter:data2\" content=\"2 minutes\" \/>\n<script type=\"application\/ld+json\" class=\"yoast-schema-graph\">{\"@context\":\"https:\\\/\\\/schema.org\",\"@graph\":[{\"@type\":\"Article\",\"@id\":\"https:\\\/\\\/pulso27.com\\\/nacional\\\/proyectos-mineros-tia-maria-y-conga-imposicion-vs-rechazo-y-conflicto-social\\\/#article\",\"isPartOf\":{\"@id\":\"https:\\\/\\\/pulso27.com\\\/nacional\\\/proyectos-mineros-tia-maria-y-conga-imposicion-vs-rechazo-y-conflicto-social\\\/\"},\"author\":{\"name\":\"Editor\",\"@id\":\"https:\\\/\\\/pulso27.com\\\/en\\\/#\\\/schema\\\/person\\\/e0da4cfacbab724cbf4ab44bcc030735\"},\"headline\":\"Proyectos mineros T\u00eda Mar\u00eda y Conga: imposici\u00f3n vs. rechazo y conflicto social\",\"datePublished\":\"2024-05-23T22:15:15+00:00\",\"dateModified\":\"2024-05-23T22:28:16+00:00\",\"mainEntityOfPage\":{\"@id\":\"https:\\\/\\\/pulso27.com\\\/nacional\\\/proyectos-mineros-tia-maria-y-conga-imposicion-vs-rechazo-y-conflicto-social\\\/\"},\"wordCount\":494,\"commentCount\":0,\"publisher\":{\"@id\":\"https:\\\/\\\/pulso27.com\\\/en\\\/#organization\"},\"image\":{\"@id\":\"https:\\\/\\\/pulso27.com\\\/nacional\\\/proyectos-mineros-tia-maria-y-conga-imposicion-vs-rechazo-y-conflicto-social\\\/#primaryimage\"},\"thumbnailUrl\":\"https:\\\/\\\/pulso27.com\\\/wp-content\\\/uploads\\\/2024\\\/05\\\/Timaria.png\",\"keywords\":[\"Conflictos sociales\",\"Conga\",\"MINEM\",\"Miner\u00eda\",\"R\u00f3mulo Mucho\",\"T\u00eda Mar\u00eda\"],\"articleSection\":[\"Actualidad\",\"Econom\u00eda\",\"Nacional\",\"Sociedad\"],\"inLanguage\":\"en-US\",\"potentialAction\":[{\"@type\":\"CommentAction\",\"name\":\"Comment\",\"target\":[\"https:\\\/\\\/pulso27.com\\\/nacional\\\/proyectos-mineros-tia-maria-y-conga-imposicion-vs-rechazo-y-conflicto-social\\\/#respond\"]}]},{\"@type\":\"WebPage\",\"@id\":\"https:\\\/\\\/pulso27.com\\\/nacional\\\/proyectos-mineros-tia-maria-y-conga-imposicion-vs-rechazo-y-conflicto-social\\\/\",\"url\":\"https:\\\/\\\/pulso27.com\\\/nacional\\\/proyectos-mineros-tia-maria-y-conga-imposicion-vs-rechazo-y-conflicto-social\\\/\",\"name\":\"Proyectos mineros T\u00eda Mar\u00eda y Conga: imposici\u00f3n vs. rechazo y conflicto social - Pulso27\",\"isPartOf\":{\"@id\":\"https:\\\/\\\/pulso27.com\\\/en\\\/#website\"},\"primaryImageOfPage\":{\"@id\":\"https:\\\/\\\/pulso27.com\\\/nacional\\\/proyectos-mineros-tia-maria-y-conga-imposicion-vs-rechazo-y-conflicto-social\\\/#primaryimage\"},\"image\":{\"@id\":\"https:\\\/\\\/pulso27.com\\\/nacional\\\/proyectos-mineros-tia-maria-y-conga-imposicion-vs-rechazo-y-conflicto-social\\\/#primaryimage\"},\"thumbnailUrl\":\"https:\\\/\\\/pulso27.com\\\/wp-content\\\/uploads\\\/2024\\\/05\\\/Timaria.png\",\"datePublished\":\"2024-05-23T22:15:15+00:00\",\"dateModified\":\"2024-05-23T22:28:16+00:00\",\"breadcrumb\":{\"@id\":\"https:\\\/\\\/pulso27.com\\\/nacional\\\/proyectos-mineros-tia-maria-y-conga-imposicion-vs-rechazo-y-conflicto-social\\\/#breadcrumb\"},\"inLanguage\":\"en-US\",\"potentialAction\":[{\"@type\":\"ReadAction\",\"target\":[\"https:\\\/\\\/pulso27.com\\\/nacional\\\/proyectos-mineros-tia-maria-y-conga-imposicion-vs-rechazo-y-conflicto-social\\\/\"]}]},{\"@type\":\"ImageObject\",\"inLanguage\":\"en-US\",\"@id\":\"https:\\\/\\\/pulso27.com\\\/nacional\\\/proyectos-mineros-tia-maria-y-conga-imposicion-vs-rechazo-y-conflicto-social\\\/#primaryimage\",\"url\":\"https:\\\/\\\/pulso27.com\\\/wp-content\\\/uploads\\\/2024\\\/05\\\/Timaria.png\",\"contentUrl\":\"https:\\\/\\\/pulso27.com\\\/wp-content\\\/uploads\\\/2024\\\/05\\\/Timaria.png\",\"width\":1230,\"height\":650},{\"@type\":\"BreadcrumbList\",\"@id\":\"https:\\\/\\\/pulso27.com\\\/nacional\\\/proyectos-mineros-tia-maria-y-conga-imposicion-vs-rechazo-y-conflicto-social\\\/#breadcrumb\",\"itemListElement\":[{\"@type\":\"ListItem\",\"position\":1,\"name\":\"Portada\",\"item\":\"https:\\\/\\\/pulso27.com\\\/\"},{\"@type\":\"ListItem\",\"position\":2,\"name\":\"Proyectos mineros T\u00eda Mar\u00eda y Conga: imposici\u00f3n vs. rechazo y conflicto social\"}]},{\"@type\":\"WebSite\",\"@id\":\"https:\\\/\\\/pulso27.com\\\/en\\\/#website\",\"url\":\"https:\\\/\\\/pulso27.com\\\/en\\\/\",\"name\":\"Pulso27\",\"description\":\"Web de noticias y publicidad\",\"publisher\":{\"@id\":\"https:\\\/\\\/pulso27.com\\\/en\\\/#organization\"},\"alternateName\":\"El pulso del pueblo\",\"potentialAction\":[{\"@type\":\"SearchAction\",\"target\":{\"@type\":\"EntryPoint\",\"urlTemplate\":\"https:\\\/\\\/pulso27.com\\\/en\\\/?s={search_term_string}\"},\"query-input\":{\"@type\":\"PropertyValueSpecification\",\"valueRequired\":true,\"valueName\":\"search_term_string\"}}],\"inLanguage\":\"en-US\"},{\"@type\":\"Organization\",\"@id\":\"https:\\\/\\\/pulso27.com\\\/en\\\/#organization\",\"name\":\"Pulso27\",\"url\":\"https:\\\/\\\/pulso27.com\\\/en\\\/\",\"logo\":{\"@type\":\"ImageObject\",\"inLanguage\":\"en-US\",\"@id\":\"https:\\\/\\\/pulso27.com\\\/en\\\/#\\\/schema\\\/logo\\\/image\\\/\",\"url\":\"https:\\\/\\\/pulso27.com\\\/wp-content\\\/uploads\\\/2026\\\/02\\\/Logotipo-de-la-organizacion-696-x-696-px-ok.png\",\"contentUrl\":\"https:\\\/\\\/pulso27.com\\\/wp-content\\\/uploads\\\/2026\\\/02\\\/Logotipo-de-la-organizacion-696-x-696-px-ok.png\",\"width\":696,\"height\":696,\"caption\":\"Pulso27\"},\"image\":{\"@id\":\"https:\\\/\\\/pulso27.com\\\/en\\\/#\\\/schema\\\/logo\\\/image\\\/\"},\"sameAs\":[\"https:\\\/\\\/www.facebook.com\\\/pulso27\\\/\",\"https:\\\/\\\/x.com\\\/Pulso_27\",\"https:\\\/\\\/www.youtube.com\\\/@Pulso27\",\"https:\\\/\\\/www.tiktok.com\\\/@pulso_27\"]},{\"@type\":\"Person\",\"@id\":\"https:\\\/\\\/pulso27.com\\\/en\\\/#\\\/schema\\\/person\\\/e0da4cfacbab724cbf4ab44bcc030735\",\"name\":\"Editor\",\"image\":{\"@type\":\"ImageObject\",\"inLanguage\":\"en-US\",\"@id\":\"https:\\\/\\\/pulso27.com\\\/wp-content\\\/uploads\\\/2025\\\/03\\\/c-150x150.png\",\"url\":\"https:\\\/\\\/pulso27.com\\\/wp-content\\\/uploads\\\/2025\\\/03\\\/c-150x150.png\",\"contentUrl\":\"https:\\\/\\\/pulso27.com\\\/wp-content\\\/uploads\\\/2025\\\/03\\\/c-150x150.png\",\"caption\":\"Editor\"},\"sameAs\":[\"http:\\\/\\\/www.pulso27.com\",\"https:\\\/\\\/www.facebook.com\\\/pulso27\",\"https:\\\/\\\/x.com\\\/https:\\\/\\\/x.com\\\/Pulso_27\",\"https:\\\/\\\/www.youtube.com\\\/@Pulso27\"],\"url\":\"https:\\\/\\\/pulso27.com\\\/en\\\/author\\\/editor\\\/\"}]}<\/script>\n<!-- \/ Yoast SEO plugin. -->","yoast_head_json":{"title":"Proyectos mineros T\u00eda Mar\u00eda y Conga: imposici\u00f3n vs. rechazo y conflicto social - Pulso27","robots":{"index":"index","follow":"follow","max-snippet":"max-snippet:-1","max-image-preview":"max-image-preview:large","max-video-preview":"max-video-preview:-1"},"canonical":"https:\/\/pulso27.com\/en\/nacional\/proyectos-mineros-tia-maria-y-conga-imposicion-vs-rechazo-y-conflicto-social\/","og_locale":"en_US","og_type":"article","og_title":"Proyectos mineros T\u00eda Mar\u00eda y Conga: imposici\u00f3n vs. rechazo y conflicto social - Pulso27","og_description":"Arequipa y Cajamarca se enfrentan a la imposici\u00f3n del r\u00e9gimen de Dina Boluarte de los proyectos mineros que amenazan su agricultura, ganader\u00eda y fuentes de agua, con su anunciada reactivaci\u00f3n sin licencia social. Southern Copper Corporation prev\u00e9 iniciar la construcci\u00f3n de T\u00eda Mar\u00eda a finales de este a\u00f1o o principios del 2025, con una producci\u00f3n [&hellip;]","og_url":"https:\/\/pulso27.com\/en\/nacional\/proyectos-mineros-tia-maria-y-conga-imposicion-vs-rechazo-y-conflicto-social\/","og_site_name":"Pulso27","article_publisher":"https:\/\/www.facebook.com\/pulso27\/","article_author":"https:\/\/www.facebook.com\/pulso27","article_published_time":"2024-05-23T22:15:15+00:00","article_modified_time":"2024-05-23T22:28:16+00:00","og_image":[{"width":1024,"height":541,"url":"https:\/\/pulso27.com\/wp-content\/uploads\/2024\/05\/Timaria-1024x541.png","type":"image\/png"}],"author":"Editor","twitter_card":"summary_large_image","twitter_creator":"@https:\/\/x.com\/Pulso_27","twitter_site":"@Pulso_27","twitter_misc":{"Written by":"Editor","Est. reading time":"2 minutes"},"schema":{"@context":"https:\/\/schema.org","@graph":[{"@type":"Article","@id":"https:\/\/pulso27.com\/nacional\/proyectos-mineros-tia-maria-y-conga-imposicion-vs-rechazo-y-conflicto-social\/#article","isPartOf":{"@id":"https:\/\/pulso27.com\/nacional\/proyectos-mineros-tia-maria-y-conga-imposicion-vs-rechazo-y-conflicto-social\/"},"author":{"name":"Editor","@id":"https:\/\/pulso27.com\/en\/#\/schema\/person\/e0da4cfacbab724cbf4ab44bcc030735"},"headline":"Proyectos mineros T\u00eda Mar\u00eda y Conga: imposici\u00f3n vs. rechazo y conflicto social","datePublished":"2024-05-23T22:15:15+00:00","dateModified":"2024-05-23T22:28:16+00:00","mainEntityOfPage":{"@id":"https:\/\/pulso27.com\/nacional\/proyectos-mineros-tia-maria-y-conga-imposicion-vs-rechazo-y-conflicto-social\/"},"wordCount":494,"commentCount":0,"publisher":{"@id":"https:\/\/pulso27.com\/en\/#organization"},"image":{"@id":"https:\/\/pulso27.com\/nacional\/proyectos-mineros-tia-maria-y-conga-imposicion-vs-rechazo-y-conflicto-social\/#primaryimage"},"thumbnailUrl":"https:\/\/pulso27.com\/wp-content\/uploads\/2024\/05\/Timaria.png","keywords":["Conflictos sociales","Conga","MINEM","Miner\u00eda","R\u00f3mulo Mucho","T\u00eda Mar\u00eda"],"articleSection":["Actualidad","Econom\u00eda","Nacional","Sociedad"],"inLanguage":"en-US","potentialAction":[{"@type":"CommentAction","name":"Comment","target":["https:\/\/pulso27.com\/nacional\/proyectos-mineros-tia-maria-y-conga-imposicion-vs-rechazo-y-conflicto-social\/#respond"]}]},{"@type":"WebPage","@id":"https:\/\/pulso27.com\/nacional\/proyectos-mineros-tia-maria-y-conga-imposicion-vs-rechazo-y-conflicto-social\/","url":"https:\/\/pulso27.com\/nacional\/proyectos-mineros-tia-maria-y-conga-imposicion-vs-rechazo-y-conflicto-social\/","name":"Proyectos mineros T\u00eda Mar\u00eda y Conga: imposici\u00f3n vs. rechazo y conflicto social - Pulso27","isPartOf":{"@id":"https:\/\/pulso27.com\/en\/#website"},"primaryImageOfPage":{"@id":"https:\/\/pulso27.com\/nacional\/proyectos-mineros-tia-maria-y-conga-imposicion-vs-rechazo-y-conflicto-social\/#primaryimage"},"image":{"@id":"https:\/\/pulso27.com\/nacional\/proyectos-mineros-tia-maria-y-conga-imposicion-vs-rechazo-y-conflicto-social\/#primaryimage"},"thumbnailUrl":"https:\/\/pulso27.com\/wp-content\/uploads\/2024\/05\/Timaria.png","datePublished":"2024-05-23T22:15:15+00:00","dateModified":"2024-05-23T22:28:16+00:00","breadcrumb":{"@id":"https:\/\/pulso27.com\/nacional\/proyectos-mineros-tia-maria-y-conga-imposicion-vs-rechazo-y-conflicto-social\/#breadcrumb"},"inLanguage":"en-US","potentialAction":[{"@type":"ReadAction","target":["https:\/\/pulso27.com\/nacional\/proyectos-mineros-tia-maria-y-conga-imposicion-vs-rechazo-y-conflicto-social\/"]}]},{"@type":"ImageObject","inLanguage":"en-US","@id":"https:\/\/pulso27.com\/nacional\/proyectos-mineros-tia-maria-y-conga-imposicion-vs-rechazo-y-conflicto-social\/#primaryimage","url":"https:\/\/pulso27.com\/wp-content\/uploads\/2024\/05\/Timaria.png","contentUrl":"https:\/\/pulso27.com\/wp-content\/uploads\/2024\/05\/Timaria.png","width":1230,"height":650},{"@type":"BreadcrumbList","@id":"https:\/\/pulso27.com\/nacional\/proyectos-mineros-tia-maria-y-conga-imposicion-vs-rechazo-y-conflicto-social\/#breadcrumb","itemListElement":[{"@type":"ListItem","position":1,"name":"Portada","item":"https:\/\/pulso27.com\/"},{"@type":"ListItem","position":2,"name":"Proyectos mineros T\u00eda Mar\u00eda y Conga: imposici\u00f3n vs. rechazo y conflicto social"}]},{"@type":"WebSite","@id":"https:\/\/pulso27.com\/en\/#website","url":"https:\/\/pulso27.com\/en\/","name":"Pulso27","description":"Web de noticias y publicidad","publisher":{"@id":"https:\/\/pulso27.com\/en\/#organization"},"alternateName":"El pulso del pueblo","potentialAction":[{"@type":"SearchAction","target":{"@type":"EntryPoint","urlTemplate":"https:\/\/pulso27.com\/en\/?s={search_term_string}"},"query-input":{"@type":"PropertyValueSpecification","valueRequired":true,"valueName":"search_term_string"}}],"inLanguage":"en-US"},{"@type":"Organization","@id":"https:\/\/pulso27.com\/en\/#organization","name":"Pulso27","url":"https:\/\/pulso27.com\/en\/","logo":{"@type":"ImageObject","inLanguage":"en-US","@id":"https:\/\/pulso27.com\/en\/#\/schema\/logo\/image\/","url":"https:\/\/pulso27.com\/wp-content\/uploads\/2026\/02\/Logotipo-de-la-organizacion-696-x-696-px-ok.png","contentUrl":"https:\/\/pulso27.com\/wp-content\/uploads\/2026\/02\/Logotipo-de-la-organizacion-696-x-696-px-ok.png","width":696,"height":696,"caption":"Pulso27"},"image":{"@id":"https:\/\/pulso27.com\/en\/#\/schema\/logo\/image\/"},"sameAs":["https:\/\/www.facebook.com\/pulso27\/","https:\/\/x.com\/Pulso_27","https:\/\/www.youtube.com\/@Pulso27","https:\/\/www.tiktok.com\/@pulso_27"]},{"@type":"Person","@id":"https:\/\/pulso27.com\/en\/#\/schema\/person\/e0da4cfacbab724cbf4ab44bcc030735","name":"Editor","image":{"@type":"ImageObject","inLanguage":"en-US","@id":"https:\/\/pulso27.com\/wp-content\/uploads\/2025\/03\/c-150x150.png","url":"https:\/\/pulso27.com\/wp-content\/uploads\/2025\/03\/c-150x150.png","contentUrl":"https:\/\/pulso27.com\/wp-content\/uploads\/2025\/03\/c-150x150.png","caption":"Editor"},"sameAs":["http:\/\/www.pulso27.com","https:\/\/www.facebook.com\/pulso27","https:\/\/x.com\/https:\/\/x.com\/Pulso_27","https:\/\/www.youtube.com\/@Pulso27"],"url":"https:\/\/pulso27.com\/en\/author\/editor\/"}]}},"amp_enabled":true,"_links":{"self":[{"href":"https:\/\/pulso27.com\/en\/wp-json\/wp\/v2\/posts\/1812","targetHints":{"allow":["GET"]}}],"collection":[{"href":"https:\/\/pulso27.com\/en\/wp-json\/wp\/v2\/posts"}],"about":[{"href":"https:\/\/pulso27.com\/en\/wp-json\/wp\/v2\/types\/post"}],"author":[{"embeddable":true,"href":"https:\/\/pulso27.com\/en\/wp-json\/wp\/v2\/users\/11"}],"replies":[{"embeddable":true,"href":"https:\/\/pulso27.com\/en\/wp-json\/wp\/v2\/comments?post=1812"}],"version-history":[{"count":1,"href":"https:\/\/pulso27.com\/en\/wp-json\/wp\/v2\/posts\/1812\/revisions"}],"predecessor-version":[{"id":1817,"href":"https:\/\/pulso27.com\/en\/wp-json\/wp\/v2\/posts\/1812\/revisions\/1817"}],"wp:featuredmedia":[{"embeddable":true,"href":"https:\/\/pulso27.com\/en\/wp-json\/wp\/v2\/media\/1825"}],"wp:attachment":[{"href":"https:\/\/pulso27.com\/en\/wp-json\/wp\/v2\/media?parent=1812"}],"wp:term":[{"taxonomy":"category","embeddable":true,"href":"https:\/\/pulso27.com\/en\/wp-json\/wp\/v2\/categories?post=1812"},{"taxonomy":"post_tag","embeddable":true,"href":"https:\/\/pulso27.com\/en\/wp-json\/wp\/v2\/tags?post=1812"}],"curies":[{"name":"wp","href":"https:\/\/api.w.org\/{rel}","templated":true}]}}