{"id":1835,"date":"2024-05-27T11:04:34","date_gmt":"2024-05-27T06:04:34","guid":{"rendered":"https:\/\/pulso27.com\/?p=1835"},"modified":"2024-05-27T11:06:08","modified_gmt":"2024-05-27T06:06:08","slug":"investigan-por-homicidio-genocidio-y-lesiones-graves-a-tres-oficiales-de-la-policia-por-asesinatos-en-protestas-contra-dina-boluarte-en-diciembre-de-2022","status":"publish","type":"post","link":"https:\/\/pulso27.com\/en\/nacional\/investigan-por-homicidio-genocidio-y-lesiones-graves-a-tres-oficiales-de-la-policia-por-asesinatos-en-protestas-contra-dina-boluarte-en-diciembre-de-2022\/","title":{"rendered":"Investigan por genocidio y lesiones graves a tres oficiales de la Polic\u00eda por asesinatos en Pichanaki durante protestas contra Dina Boluarte"},"content":{"rendered":"<p>El Ministerio P\u00fablico ha formalizado una investigaci\u00f3n preparatoria contra tres oficiales de la Polic\u00eda Nacional del Per\u00fa por la muerte de tres personas durante las protestas ocurridas en Pichanaqui el 16 de diciembre de 2022, en medio de las manifestaciones contra el gobierno de Dina Boluarte.<\/p>\n\n\n\n<p>Los oficiales bajo investigaci\u00f3n son Gregorio Villal\u00f3n Trillo, exjefe de la VI Macrorregi\u00f3n Policial Jun\u00edn; C\u00e9sar Ch\u00e1vez Navarro, exjefe de la Divisi\u00f3n Policial Chanchamayo; y Jonny Vargas Ont\u00f3n, excomisario de Pichanaqui.<\/p>\n\n\n\n<p>La investigaci\u00f3n se centra en determinar la responsabilidad de estos oficiales en las muertes de Jhonatan Tello, Diego Galindo y Ronaldo Barra, quienes perdieron la vida por disparos de armas de fuego cerca del puente Pichanaqui, el cual estaba ocupado por manifestantes que buscaban la dimisi\u00f3n de Dina Boluarte durante tres d\u00edas.<\/p>\n\n\n\n<figure class=\"wp-block-image size-large\"><img loading=\"lazy\" decoding=\"async\" width=\"1024\" height=\"589\" src=\"https:\/\/pulso27.com\/wp-content\/uploads\/2024\/05\/Pichankis-1024x589.png\" alt=\"\" class=\"wp-image-1837\" srcset=\"https:\/\/pulso27.com\/wp-content\/uploads\/2024\/05\/Pichankis-1024x589.png 1024w, https:\/\/pulso27.com\/wp-content\/uploads\/2024\/05\/Pichankis-300x173.png 300w, https:\/\/pulso27.com\/wp-content\/uploads\/2024\/05\/Pichankis-768x442.png 768w, https:\/\/pulso27.com\/wp-content\/uploads\/2024\/05\/Pichankis-18x10.png 18w, https:\/\/pulso27.com\/wp-content\/uploads\/2024\/05\/Pichankis.png 1203w\" sizes=\"auto, (max-width: 1024px) 100vw, 1024px\" \/><figcaption class=\"wp-element-caption\"><em>Adolescentes v\u00edctimas por impactos de bala durante la masacre en Pichanaki: Jhonatan Tello, Diego Galindo y Ronaldo Barra<\/em><\/figcaption><\/figure>\n\n\n\n<p>El caso sumamente grave est\u00e1 siendo investigado por presuntos delitos de homicidio, genocidio y lesiones graves. La fiscal provincial Isabelina Rom\u00e1n Cueto, del Equipo Especial de Fiscales para casos de v\u00edctimas durante las protestas sociales, ha solicitado testimonios de 30 v\u00edctimas de lesiones graves, pero al menos 15 de ellas son dif\u00edciles de localizar debido a cambios de direcci\u00f3n o temor a declarar por falta de garant\u00eda de acceso a la justicia por parte de este r\u00e9gimen.<\/p>\n\n\n\n<p>Gery V\u00e1zquez, abogada defensora de las v\u00edctimas, ha expresado que muchos de los afectados desconocen su condici\u00f3n de agraviados y sienten temor de testificar ante la Fiscal\u00eda. Adem\u00e1s, se\u00f1al\u00f3 que el Gobierno no ha brindado el apoyo prometido a las v\u00edctimas de las protestas.<\/p>\n\n\n\n<figure class=\"wp-block-image size-large\"><img loading=\"lazy\" decoding=\"async\" width=\"1024\" height=\"768\" src=\"https:\/\/pulso27.com\/wp-content\/uploads\/2024\/05\/Pichki-1024x768.png\" alt=\"\" class=\"wp-image-1838\" srcset=\"https:\/\/pulso27.com\/wp-content\/uploads\/2024\/05\/Pichki-1024x768.png 1024w, https:\/\/pulso27.com\/wp-content\/uploads\/2024\/05\/Pichki-300x225.png 300w, https:\/\/pulso27.com\/wp-content\/uploads\/2024\/05\/Pichki-768x576.png 768w, https:\/\/pulso27.com\/wp-content\/uploads\/2024\/05\/Pichki-16x12.png 16w, https:\/\/pulso27.com\/wp-content\/uploads\/2024\/05\/Pichki.png 1147w\" sizes=\"auto, (max-width: 1024px) 100vw, 1024px\" \/><figcaption class=\"wp-element-caption\"><em>Puente Pichanaki durante las protestas contra el r\u00e9gimen de Dina Boluarte<\/em><\/figcaption><\/figure>\n\n\n\n<p>La Fiscal\u00eda ha convocado a declarar a 15 polic\u00edas de la Comisar\u00eda de Pichanaqui y a cinco miembros del Ej\u00e9rcito, adem\u00e1s de los tres oficiales investigados. Aunque el plazo de investigaci\u00f3n inicial expira el 22 de diciembre, es probable que se ampl\u00ede debido a la necesidad de realizar m\u00e1s pesquisas, como ex\u00e1menes bal\u00edsticos.<\/p>\n\n\n\n<p>El incidente del 16 de diciembre de 2022 en Pichanaqui dej\u00f3 un saldo tr\u00e1gico, con tres personas fallecidas y numerosos heridos. La represi\u00f3n de las fuerzas del orden contra los manifestantes, que bloqueaban la carretera marginal en el puente Pichanaqui, desencaden\u00f3 los tr\u00e1gicos acontecimientos. <\/p>\n\n\n\n<p>La investigaci\u00f3n contin\u00faa bajo la supervisi\u00f3n de la fiscal Elis Elizabhet Ponce Arredondo, de la Fiscal\u00eda Penal Supraprovincial Transitoria Especializada en Derechos Humanos e Interculturalidad de Jun\u00edn, con la acumulaci\u00f3n de varias carpetas fiscales y una duraci\u00f3n prevista de ocho meses. Los oficiales tambi\u00e9n enfrentan acusaciones por lesiones en agravio de 35 personas heridas durante las protestas.<\/p>\n\n\n\n<p>Fuente: Web y redes de noticias<\/p>","protected":false},"excerpt":{"rendered":"<p>El Ministerio P\u00fablico ha formalizado una investigaci\u00f3n preparatoria contra tres oficiales de la Polic\u00eda Nacional del Per\u00fa por la muerte de tres personas durante las protestas ocurridas en Pichanaqui el 16 de diciembre de 2022, en medio de las manifestaciones contra el gobierno de Dina Boluarte. Los oficiales bajo investigaci\u00f3n son Gregorio Villal\u00f3n Trillo, exjefe [&hellip;]<\/p>\n","protected":false},"author":10,"featured_media":1836,"comment_status":"open","ping_status":"open","sticky":false,"template":"","format":"standard","meta":{"footnotes":""},"categories":[183,394,174,178],"tags":[572,702,743,742,309],"class_list":["post-1835","post","type-post","status-publish","format-standard","has-post-thumbnail","hentry","category-actualidad","category-destape","category-nacional","category-policial","tag-dina-boluarte","tag-justicia","tag-masacre","tag-pichanaki","tag-pnp"],"yoast_head":"<!-- This site is optimized with the Yoast SEO plugin v27.4 - https:\/\/yoast.com\/product\/yoast-seo-wordpress\/ -->\n<title>Investigan por genocidio y lesiones graves a tres oficiales de la Polic\u00eda por asesinatos en Pichanaki durante protestas contra Dina Boluarte - Pulso27<\/title>\n<meta name=\"robots\" content=\"index, follow, max-snippet:-1, max-image-preview:large, max-video-preview:-1\" \/>\n<link rel=\"canonical\" href=\"https:\/\/pulso27.com\/en\/nacional\/investigan-por-homicidio-genocidio-y-lesiones-graves-a-tres-oficiales-de-la-policia-por-asesinatos-en-protestas-contra-dina-boluarte-en-diciembre-de-2022\/\" \/>\n<meta property=\"og:locale\" content=\"en_US\" \/>\n<meta property=\"og:type\" content=\"article\" \/>\n<meta property=\"og:title\" content=\"Investigan por genocidio y lesiones graves a tres oficiales de la Polic\u00eda por asesinatos en Pichanaki durante protestas contra Dina Boluarte - Pulso27\" \/>\n<meta property=\"og:description\" content=\"El Ministerio P\u00fablico ha formalizado una investigaci\u00f3n preparatoria contra tres oficiales de la Polic\u00eda Nacional del Per\u00fa por la muerte de tres personas durante las protestas ocurridas en Pichanaqui el 16 de diciembre de 2022, en medio de las manifestaciones contra el gobierno de Dina Boluarte. Los oficiales bajo investigaci\u00f3n son Gregorio Villal\u00f3n Trillo, exjefe [&hellip;]\" \/>\n<meta property=\"og:url\" content=\"https:\/\/pulso27.com\/en\/nacional\/investigan-por-homicidio-genocidio-y-lesiones-graves-a-tres-oficiales-de-la-policia-por-asesinatos-en-protestas-contra-dina-boluarte-en-diciembre-de-2022\/\" \/>\n<meta property=\"og:site_name\" content=\"Pulso27\" \/>\n<meta property=\"article:publisher\" content=\"https:\/\/www.facebook.com\/pulso27\/\" \/>\n<meta property=\"article:published_time\" content=\"2024-05-27T06:04:34+00:00\" \/>\n<meta property=\"article:modified_time\" content=\"2024-05-27T06:06:08+00:00\" \/>\n<meta property=\"og:image\" content=\"https:\/\/pulso27.com\/wp-content\/uploads\/2024\/05\/Pichank.png\" \/>\n\t<meta property=\"og:image:width\" content=\"1213\" \/>\n\t<meta property=\"og:image:height\" content=\"796\" \/>\n\t<meta property=\"og:image:type\" content=\"image\/png\" \/>\n<meta name=\"author\" content=\"El Muki\" \/>\n<meta name=\"twitter:card\" content=\"summary_large_image\" \/>\n<meta name=\"twitter:creator\" content=\"@Pulso_27\" \/>\n<meta name=\"twitter:site\" content=\"@Pulso_27\" \/>\n<meta name=\"twitter:label1\" content=\"Written by\" \/>\n\t<meta name=\"twitter:data1\" content=\"El Muki\" \/>\n\t<meta name=\"twitter:label2\" content=\"Est. reading time\" \/>\n\t<meta name=\"twitter:data2\" content=\"2 minutes\" \/>\n<script type=\"application\/ld+json\" class=\"yoast-schema-graph\">{\"@context\":\"https:\\\/\\\/schema.org\",\"@graph\":[{\"@type\":\"Article\",\"@id\":\"https:\\\/\\\/pulso27.com\\\/nacional\\\/investigan-por-homicidio-genocidio-y-lesiones-graves-a-tres-oficiales-de-la-policia-por-asesinatos-en-protestas-contra-dina-boluarte-en-diciembre-de-2022\\\/#article\",\"isPartOf\":{\"@id\":\"https:\\\/\\\/pulso27.com\\\/nacional\\\/investigan-por-homicidio-genocidio-y-lesiones-graves-a-tres-oficiales-de-la-policia-por-asesinatos-en-protestas-contra-dina-boluarte-en-diciembre-de-2022\\\/\"},\"author\":{\"name\":\"El Muki\",\"@id\":\"https:\\\/\\\/pulso27.com\\\/en\\\/#\\\/schema\\\/person\\\/a0930a7f318e7d9d83bd7cffed9f34f6\"},\"headline\":\"Investigan por genocidio y lesiones graves a tres oficiales de la Polic\u00eda por asesinatos en Pichanaki durante protestas contra Dina Boluarte\",\"datePublished\":\"2024-05-27T06:04:34+00:00\",\"dateModified\":\"2024-05-27T06:06:08+00:00\",\"mainEntityOfPage\":{\"@id\":\"https:\\\/\\\/pulso27.com\\\/nacional\\\/investigan-por-homicidio-genocidio-y-lesiones-graves-a-tres-oficiales-de-la-policia-por-asesinatos-en-protestas-contra-dina-boluarte-en-diciembre-de-2022\\\/\"},\"wordCount\":503,\"commentCount\":0,\"publisher\":{\"@id\":\"https:\\\/\\\/pulso27.com\\\/en\\\/#organization\"},\"image\":{\"@id\":\"https:\\\/\\\/pulso27.com\\\/nacional\\\/investigan-por-homicidio-genocidio-y-lesiones-graves-a-tres-oficiales-de-la-policia-por-asesinatos-en-protestas-contra-dina-boluarte-en-diciembre-de-2022\\\/#primaryimage\"},\"thumbnailUrl\":\"https:\\\/\\\/pulso27.com\\\/wp-content\\\/uploads\\\/2024\\\/05\\\/Pichank.png\",\"keywords\":[\"Dina Boluarte\",\"Justicia\",\"Masacre\",\"Pichanaki\",\"PNP\"],\"articleSection\":[\"Actualidad\",\"Destape\",\"Nacional\",\"Policial\"],\"inLanguage\":\"en-US\",\"potentialAction\":[{\"@type\":\"CommentAction\",\"name\":\"Comment\",\"target\":[\"https:\\\/\\\/pulso27.com\\\/nacional\\\/investigan-por-homicidio-genocidio-y-lesiones-graves-a-tres-oficiales-de-la-policia-por-asesinatos-en-protestas-contra-dina-boluarte-en-diciembre-de-2022\\\/#respond\"]}]},{\"@type\":\"WebPage\",\"@id\":\"https:\\\/\\\/pulso27.com\\\/nacional\\\/investigan-por-homicidio-genocidio-y-lesiones-graves-a-tres-oficiales-de-la-policia-por-asesinatos-en-protestas-contra-dina-boluarte-en-diciembre-de-2022\\\/\",\"url\":\"https:\\\/\\\/pulso27.com\\\/nacional\\\/investigan-por-homicidio-genocidio-y-lesiones-graves-a-tres-oficiales-de-la-policia-por-asesinatos-en-protestas-contra-dina-boluarte-en-diciembre-de-2022\\\/\",\"name\":\"Investigan por genocidio y lesiones graves a tres oficiales de la Polic\u00eda por asesinatos en Pichanaki durante protestas contra Dina Boluarte - Pulso27\",\"isPartOf\":{\"@id\":\"https:\\\/\\\/pulso27.com\\\/en\\\/#website\"},\"primaryImageOfPage\":{\"@id\":\"https:\\\/\\\/pulso27.com\\\/nacional\\\/investigan-por-homicidio-genocidio-y-lesiones-graves-a-tres-oficiales-de-la-policia-por-asesinatos-en-protestas-contra-dina-boluarte-en-diciembre-de-2022\\\/#primaryimage\"},\"image\":{\"@id\":\"https:\\\/\\\/pulso27.com\\\/nacional\\\/investigan-por-homicidio-genocidio-y-lesiones-graves-a-tres-oficiales-de-la-policia-por-asesinatos-en-protestas-contra-dina-boluarte-en-diciembre-de-2022\\\/#primaryimage\"},\"thumbnailUrl\":\"https:\\\/\\\/pulso27.com\\\/wp-content\\\/uploads\\\/2024\\\/05\\\/Pichank.png\",\"datePublished\":\"2024-05-27T06:04:34+00:00\",\"dateModified\":\"2024-05-27T06:06:08+00:00\",\"breadcrumb\":{\"@id\":\"https:\\\/\\\/pulso27.com\\\/nacional\\\/investigan-por-homicidio-genocidio-y-lesiones-graves-a-tres-oficiales-de-la-policia-por-asesinatos-en-protestas-contra-dina-boluarte-en-diciembre-de-2022\\\/#breadcrumb\"},\"inLanguage\":\"en-US\",\"potentialAction\":[{\"@type\":\"ReadAction\",\"target\":[\"https:\\\/\\\/pulso27.com\\\/nacional\\\/investigan-por-homicidio-genocidio-y-lesiones-graves-a-tres-oficiales-de-la-policia-por-asesinatos-en-protestas-contra-dina-boluarte-en-diciembre-de-2022\\\/\"]}]},{\"@type\":\"ImageObject\",\"inLanguage\":\"en-US\",\"@id\":\"https:\\\/\\\/pulso27.com\\\/nacional\\\/investigan-por-homicidio-genocidio-y-lesiones-graves-a-tres-oficiales-de-la-policia-por-asesinatos-en-protestas-contra-dina-boluarte-en-diciembre-de-2022\\\/#primaryimage\",\"url\":\"https:\\\/\\\/pulso27.com\\\/wp-content\\\/uploads\\\/2024\\\/05\\\/Pichank.png\",\"contentUrl\":\"https:\\\/\\\/pulso27.com\\\/wp-content\\\/uploads\\\/2024\\\/05\\\/Pichank.png\",\"width\":1213,\"height\":796},{\"@type\":\"BreadcrumbList\",\"@id\":\"https:\\\/\\\/pulso27.com\\\/nacional\\\/investigan-por-homicidio-genocidio-y-lesiones-graves-a-tres-oficiales-de-la-policia-por-asesinatos-en-protestas-contra-dina-boluarte-en-diciembre-de-2022\\\/#breadcrumb\",\"itemListElement\":[{\"@type\":\"ListItem\",\"position\":1,\"name\":\"Portada\",\"item\":\"https:\\\/\\\/pulso27.com\\\/\"},{\"@type\":\"ListItem\",\"position\":2,\"name\":\"Investigan por genocidio y lesiones graves a tres oficiales de la Polic\u00eda por asesinatos en Pichanaki durante protestas contra Dina Boluarte\"}]},{\"@type\":\"WebSite\",\"@id\":\"https:\\\/\\\/pulso27.com\\\/en\\\/#website\",\"url\":\"https:\\\/\\\/pulso27.com\\\/en\\\/\",\"name\":\"Pulso27\",\"description\":\"Web de noticias y publicidad\",\"publisher\":{\"@id\":\"https:\\\/\\\/pulso27.com\\\/en\\\/#organization\"},\"alternateName\":\"El pulso del pueblo\",\"potentialAction\":[{\"@type\":\"SearchAction\",\"target\":{\"@type\":\"EntryPoint\",\"urlTemplate\":\"https:\\\/\\\/pulso27.com\\\/en\\\/?s={search_term_string}\"},\"query-input\":{\"@type\":\"PropertyValueSpecification\",\"valueRequired\":true,\"valueName\":\"search_term_string\"}}],\"inLanguage\":\"en-US\"},{\"@type\":\"Organization\",\"@id\":\"https:\\\/\\\/pulso27.com\\\/en\\\/#organization\",\"name\":\"Pulso27\",\"url\":\"https:\\\/\\\/pulso27.com\\\/en\\\/\",\"logo\":{\"@type\":\"ImageObject\",\"inLanguage\":\"en-US\",\"@id\":\"https:\\\/\\\/pulso27.com\\\/en\\\/#\\\/schema\\\/logo\\\/image\\\/\",\"url\":\"https:\\\/\\\/pulso27.com\\\/wp-content\\\/uploads\\\/2026\\\/02\\\/Logotipo-de-la-organizacion-696-x-696-px-ok.png\",\"contentUrl\":\"https:\\\/\\\/pulso27.com\\\/wp-content\\\/uploads\\\/2026\\\/02\\\/Logotipo-de-la-organizacion-696-x-696-px-ok.png\",\"width\":696,\"height\":696,\"caption\":\"Pulso27\"},\"image\":{\"@id\":\"https:\\\/\\\/pulso27.com\\\/en\\\/#\\\/schema\\\/logo\\\/image\\\/\"},\"sameAs\":[\"https:\\\/\\\/www.facebook.com\\\/pulso27\\\/\",\"https:\\\/\\\/x.com\\\/Pulso_27\",\"https:\\\/\\\/www.youtube.com\\\/@Pulso27\",\"https:\\\/\\\/www.tiktok.com\\\/@pulso_27\"]},{\"@type\":\"Person\",\"@id\":\"https:\\\/\\\/pulso27.com\\\/en\\\/#\\\/schema\\\/person\\\/a0930a7f318e7d9d83bd7cffed9f34f6\",\"name\":\"El Muki\",\"image\":{\"@type\":\"ImageObject\",\"inLanguage\":\"en-US\",\"@id\":\"https:\\\/\\\/secure.gravatar.com\\\/avatar\\\/dc91c2607c5eebda74cbb40d13031f489096c96ead89c4c30c17db262267b2b3?s=96&d=mm&r=g\",\"url\":\"https:\\\/\\\/secure.gravatar.com\\\/avatar\\\/dc91c2607c5eebda74cbb40d13031f489096c96ead89c4c30c17db262267b2b3?s=96&d=mm&r=g\",\"contentUrl\":\"https:\\\/\\\/secure.gravatar.com\\\/avatar\\\/dc91c2607c5eebda74cbb40d13031f489096c96ead89c4c30c17db262267b2b3?s=96&d=mm&r=g\",\"caption\":\"El Muki\"},\"sameAs\":[\"http:\\\/\\\/www.pulso27.com\"],\"url\":\"https:\\\/\\\/pulso27.com\\\/en\\\/author\\\/elcuervo\\\/\"}]}<\/script>\n<!-- \/ Yoast SEO plugin. -->","yoast_head_json":{"title":"Investigan por genocidio y lesiones graves a tres oficiales de la Polic\u00eda por asesinatos en Pichanaki durante protestas contra Dina Boluarte - Pulso27","robots":{"index":"index","follow":"follow","max-snippet":"max-snippet:-1","max-image-preview":"max-image-preview:large","max-video-preview":"max-video-preview:-1"},"canonical":"https:\/\/pulso27.com\/en\/nacional\/investigan-por-homicidio-genocidio-y-lesiones-graves-a-tres-oficiales-de-la-policia-por-asesinatos-en-protestas-contra-dina-boluarte-en-diciembre-de-2022\/","og_locale":"en_US","og_type":"article","og_title":"Investigan por genocidio y lesiones graves a tres oficiales de la Polic\u00eda por asesinatos en Pichanaki durante protestas contra Dina Boluarte - Pulso27","og_description":"El Ministerio P\u00fablico ha formalizado una investigaci\u00f3n preparatoria contra tres oficiales de la Polic\u00eda Nacional del Per\u00fa por la muerte de tres personas durante las protestas ocurridas en Pichanaqui el 16 de diciembre de 2022, en medio de las manifestaciones contra el gobierno de Dina Boluarte. Los oficiales bajo investigaci\u00f3n son Gregorio Villal\u00f3n Trillo, exjefe [&hellip;]","og_url":"https:\/\/pulso27.com\/en\/nacional\/investigan-por-homicidio-genocidio-y-lesiones-graves-a-tres-oficiales-de-la-policia-por-asesinatos-en-protestas-contra-dina-boluarte-en-diciembre-de-2022\/","og_site_name":"Pulso27","article_publisher":"https:\/\/www.facebook.com\/pulso27\/","article_published_time":"2024-05-27T06:04:34+00:00","article_modified_time":"2024-05-27T06:06:08+00:00","og_image":[{"width":1213,"height":796,"url":"https:\/\/pulso27.com\/wp-content\/uploads\/2024\/05\/Pichank.png","type":"image\/png"}],"author":"El Muki","twitter_card":"summary_large_image","twitter_creator":"@Pulso_27","twitter_site":"@Pulso_27","twitter_misc":{"Written by":"El Muki","Est. reading time":"2 minutes"},"schema":{"@context":"https:\/\/schema.org","@graph":[{"@type":"Article","@id":"https:\/\/pulso27.com\/nacional\/investigan-por-homicidio-genocidio-y-lesiones-graves-a-tres-oficiales-de-la-policia-por-asesinatos-en-protestas-contra-dina-boluarte-en-diciembre-de-2022\/#article","isPartOf":{"@id":"https:\/\/pulso27.com\/nacional\/investigan-por-homicidio-genocidio-y-lesiones-graves-a-tres-oficiales-de-la-policia-por-asesinatos-en-protestas-contra-dina-boluarte-en-diciembre-de-2022\/"},"author":{"name":"El Muki","@id":"https:\/\/pulso27.com\/en\/#\/schema\/person\/a0930a7f318e7d9d83bd7cffed9f34f6"},"headline":"Investigan por genocidio y lesiones graves a tres oficiales de la Polic\u00eda por asesinatos en Pichanaki durante protestas contra Dina Boluarte","datePublished":"2024-05-27T06:04:34+00:00","dateModified":"2024-05-27T06:06:08+00:00","mainEntityOfPage":{"@id":"https:\/\/pulso27.com\/nacional\/investigan-por-homicidio-genocidio-y-lesiones-graves-a-tres-oficiales-de-la-policia-por-asesinatos-en-protestas-contra-dina-boluarte-en-diciembre-de-2022\/"},"wordCount":503,"commentCount":0,"publisher":{"@id":"https:\/\/pulso27.com\/en\/#organization"},"image":{"@id":"https:\/\/pulso27.com\/nacional\/investigan-por-homicidio-genocidio-y-lesiones-graves-a-tres-oficiales-de-la-policia-por-asesinatos-en-protestas-contra-dina-boluarte-en-diciembre-de-2022\/#primaryimage"},"thumbnailUrl":"https:\/\/pulso27.com\/wp-content\/uploads\/2024\/05\/Pichank.png","keywords":["Dina Boluarte","Justicia","Masacre","Pichanaki","PNP"],"articleSection":["Actualidad","Destape","Nacional","Policial"],"inLanguage":"en-US","potentialAction":[{"@type":"CommentAction","name":"Comment","target":["https:\/\/pulso27.com\/nacional\/investigan-por-homicidio-genocidio-y-lesiones-graves-a-tres-oficiales-de-la-policia-por-asesinatos-en-protestas-contra-dina-boluarte-en-diciembre-de-2022\/#respond"]}]},{"@type":"WebPage","@id":"https:\/\/pulso27.com\/nacional\/investigan-por-homicidio-genocidio-y-lesiones-graves-a-tres-oficiales-de-la-policia-por-asesinatos-en-protestas-contra-dina-boluarte-en-diciembre-de-2022\/","url":"https:\/\/pulso27.com\/nacional\/investigan-por-homicidio-genocidio-y-lesiones-graves-a-tres-oficiales-de-la-policia-por-asesinatos-en-protestas-contra-dina-boluarte-en-diciembre-de-2022\/","name":"Investigan por genocidio y lesiones graves a tres oficiales de la Polic\u00eda por asesinatos en Pichanaki durante protestas contra Dina Boluarte - Pulso27","isPartOf":{"@id":"https:\/\/pulso27.com\/en\/#website"},"primaryImageOfPage":{"@id":"https:\/\/pulso27.com\/nacional\/investigan-por-homicidio-genocidio-y-lesiones-graves-a-tres-oficiales-de-la-policia-por-asesinatos-en-protestas-contra-dina-boluarte-en-diciembre-de-2022\/#primaryimage"},"image":{"@id":"https:\/\/pulso27.com\/nacional\/investigan-por-homicidio-genocidio-y-lesiones-graves-a-tres-oficiales-de-la-policia-por-asesinatos-en-protestas-contra-dina-boluarte-en-diciembre-de-2022\/#primaryimage"},"thumbnailUrl":"https:\/\/pulso27.com\/wp-content\/uploads\/2024\/05\/Pichank.png","datePublished":"2024-05-27T06:04:34+00:00","dateModified":"2024-05-27T06:06:08+00:00","breadcrumb":{"@id":"https:\/\/pulso27.com\/nacional\/investigan-por-homicidio-genocidio-y-lesiones-graves-a-tres-oficiales-de-la-policia-por-asesinatos-en-protestas-contra-dina-boluarte-en-diciembre-de-2022\/#breadcrumb"},"inLanguage":"en-US","potentialAction":[{"@type":"ReadAction","target":["https:\/\/pulso27.com\/nacional\/investigan-por-homicidio-genocidio-y-lesiones-graves-a-tres-oficiales-de-la-policia-por-asesinatos-en-protestas-contra-dina-boluarte-en-diciembre-de-2022\/"]}]},{"@type":"ImageObject","inLanguage":"en-US","@id":"https:\/\/pulso27.com\/nacional\/investigan-por-homicidio-genocidio-y-lesiones-graves-a-tres-oficiales-de-la-policia-por-asesinatos-en-protestas-contra-dina-boluarte-en-diciembre-de-2022\/#primaryimage","url":"https:\/\/pulso27.com\/wp-content\/uploads\/2024\/05\/Pichank.png","contentUrl":"https:\/\/pulso27.com\/wp-content\/uploads\/2024\/05\/Pichank.png","width":1213,"height":796},{"@type":"BreadcrumbList","@id":"https:\/\/pulso27.com\/nacional\/investigan-por-homicidio-genocidio-y-lesiones-graves-a-tres-oficiales-de-la-policia-por-asesinatos-en-protestas-contra-dina-boluarte-en-diciembre-de-2022\/#breadcrumb","itemListElement":[{"@type":"ListItem","position":1,"name":"Portada","item":"https:\/\/pulso27.com\/"},{"@type":"ListItem","position":2,"name":"Investigan por genocidio y lesiones graves a tres oficiales de la Polic\u00eda por asesinatos en Pichanaki durante protestas contra Dina Boluarte"}]},{"@type":"WebSite","@id":"https:\/\/pulso27.com\/en\/#website","url":"https:\/\/pulso27.com\/en\/","name":"Pulso27","description":"Web de noticias y publicidad","publisher":{"@id":"https:\/\/pulso27.com\/en\/#organization"},"alternateName":"El pulso del pueblo","potentialAction":[{"@type":"SearchAction","target":{"@type":"EntryPoint","urlTemplate":"https:\/\/pulso27.com\/en\/?s={search_term_string}"},"query-input":{"@type":"PropertyValueSpecification","valueRequired":true,"valueName":"search_term_string"}}],"inLanguage":"en-US"},{"@type":"Organization","@id":"https:\/\/pulso27.com\/en\/#organization","name":"Pulso27","url":"https:\/\/pulso27.com\/en\/","logo":{"@type":"ImageObject","inLanguage":"en-US","@id":"https:\/\/pulso27.com\/en\/#\/schema\/logo\/image\/","url":"https:\/\/pulso27.com\/wp-content\/uploads\/2026\/02\/Logotipo-de-la-organizacion-696-x-696-px-ok.png","contentUrl":"https:\/\/pulso27.com\/wp-content\/uploads\/2026\/02\/Logotipo-de-la-organizacion-696-x-696-px-ok.png","width":696,"height":696,"caption":"Pulso27"},"image":{"@id":"https:\/\/pulso27.com\/en\/#\/schema\/logo\/image\/"},"sameAs":["https:\/\/www.facebook.com\/pulso27\/","https:\/\/x.com\/Pulso_27","https:\/\/www.youtube.com\/@Pulso27","https:\/\/www.tiktok.com\/@pulso_27"]},{"@type":"Person","@id":"https:\/\/pulso27.com\/en\/#\/schema\/person\/a0930a7f318e7d9d83bd7cffed9f34f6","name":"El Muki","image":{"@type":"ImageObject","inLanguage":"en-US","@id":"https:\/\/secure.gravatar.com\/avatar\/dc91c2607c5eebda74cbb40d13031f489096c96ead89c4c30c17db262267b2b3?s=96&d=mm&r=g","url":"https:\/\/secure.gravatar.com\/avatar\/dc91c2607c5eebda74cbb40d13031f489096c96ead89c4c30c17db262267b2b3?s=96&d=mm&r=g","contentUrl":"https:\/\/secure.gravatar.com\/avatar\/dc91c2607c5eebda74cbb40d13031f489096c96ead89c4c30c17db262267b2b3?s=96&d=mm&r=g","caption":"El Muki"},"sameAs":["http:\/\/www.pulso27.com"],"url":"https:\/\/pulso27.com\/en\/author\/elcuervo\/"}]}},"amp_enabled":true,"_links":{"self":[{"href":"https:\/\/pulso27.com\/en\/wp-json\/wp\/v2\/posts\/1835","targetHints":{"allow":["GET"]}}],"collection":[{"href":"https:\/\/pulso27.com\/en\/wp-json\/wp\/v2\/posts"}],"about":[{"href":"https:\/\/pulso27.com\/en\/wp-json\/wp\/v2\/types\/post"}],"author":[{"embeddable":true,"href":"https:\/\/pulso27.com\/en\/wp-json\/wp\/v2\/users\/10"}],"replies":[{"embeddable":true,"href":"https:\/\/pulso27.com\/en\/wp-json\/wp\/v2\/comments?post=1835"}],"version-history":[{"count":3,"href":"https:\/\/pulso27.com\/en\/wp-json\/wp\/v2\/posts\/1835\/revisions"}],"predecessor-version":[{"id":1843,"href":"https:\/\/pulso27.com\/en\/wp-json\/wp\/v2\/posts\/1835\/revisions\/1843"}],"wp:featuredmedia":[{"embeddable":true,"href":"https:\/\/pulso27.com\/en\/wp-json\/wp\/v2\/media\/1836"}],"wp:attachment":[{"href":"https:\/\/pulso27.com\/en\/wp-json\/wp\/v2\/media?parent=1835"}],"wp:term":[{"taxonomy":"category","embeddable":true,"href":"https:\/\/pulso27.com\/en\/wp-json\/wp\/v2\/categories?post=1835"},{"taxonomy":"post_tag","embeddable":true,"href":"https:\/\/pulso27.com\/en\/wp-json\/wp\/v2\/tags?post=1835"}],"curies":[{"name":"wp","href":"https:\/\/api.w.org\/{rel}","templated":true}]}}