{"id":1844,"date":"2024-06-05T06:06:00","date_gmt":"2024-06-05T01:06:00","guid":{"rendered":"https:\/\/pulso27.com\/?p=1844"},"modified":"2024-09-15T02:30:18","modified_gmt":"2024-09-14T21:30:18","slug":"inusual-uso-de-francotiradores-en-ceremonias-publicas-de-dina-boluarte-a-quien-le-tiene-miedo","status":"publish","type":"post","link":"https:\/\/pulso27.com\/en\/actualidad\/policial\/inusual-uso-de-francotiradores-en-ceremonias-publicas-de-dina-boluarte-a-quien-le-tiene-miedo\/","title":{"rendered":"Inusual uso de francotiradores en ceremonias p\u00fablicas de Dina Boluarte \u00bfA qui\u00e9n le tiene miedo?"},"content":{"rendered":"<p>La inauguraci\u00f3n de la Escuela Bicentenario I.E. 1235 \u201cUni\u00f3n Latinoamericana\u201d en La Molina por parte de la presidenta de la Rep\u00fablica, Dina Boluarte Zegarra, estuvo marcada por un despliegue excesivo de seguridad, que incluy\u00f3 la presencia de francotiradores, en un evento que, en teor\u00eda, celebraba un logro educativo para el pa\u00eds.<\/p>\n\n\n\n<p>Boluarte estuvo acompa\u00f1ada del ministro de Educaci\u00f3n, Morgan Quero. Evit\u00f3, una vez m\u00e1s, dar cualquier tipo de declaraci\u00f3n a la prensa, sumando ya m\u00e1s de 60 d\u00edas de silencio medi\u00e1tico. Este mutismo contrasta con la importancia de las acusaciones en su contra y la necesidad de transparencia en su gesti\u00f3n, especialmente considerando eventos recientes como el incidente en el Aeropuerto Jorge Ch\u00e1vez y las restricciones de acceso a actividades oficiales denunciadas por periodistas el pasado 31 de mayo.<\/p>\n\n\n\n<figure class=\"wp-block-image size-large\"><img loading=\"lazy\" decoding=\"async\" width=\"1024\" height=\"688\" src=\"https:\/\/pulso27.com\/wp-content\/uploads\/2024\/06\/Franct-1024x688.jpg\" alt=\"\" class=\"wp-image-1846\" srcset=\"https:\/\/pulso27.com\/wp-content\/uploads\/2024\/06\/Franct-1024x688.jpg 1024w, https:\/\/pulso27.com\/wp-content\/uploads\/2024\/06\/Franct-300x202.jpg 300w, https:\/\/pulso27.com\/wp-content\/uploads\/2024\/06\/Franct-768x516.jpg 768w, https:\/\/pulso27.com\/wp-content\/uploads\/2024\/06\/Franct-18x12.jpg 18w, https:\/\/pulso27.com\/wp-content\/uploads\/2024\/06\/Franct.jpg 1241w\" sizes=\"auto, (max-width: 1024px) 100vw, 1024px\" \/><figcaption class=\"wp-element-caption\"><em>Dina Boluarte junto al ministro de Educaci\u00f3n durante ceremonia p\u00fablica<\/em><\/figcaption><\/figure>\n\n\n\n<p>El despliegue de seguridad excesiva, que incluy\u00f3 la presencia de la Subunidad de Acciones T\u00e1cticas (SUAT) de la Polic\u00eda Nacional del Per\u00fa, as\u00ed como tres francotiradores vigilando desde lo alto del plantel educativo, gener\u00f3 sorpresa y cuestionamientos. \u00bfPor qu\u00e9 se necesitaba tal nivel de seguridad en la inauguraci\u00f3n de una escuela? Incluso el exministro del Interior, Wilfredo Pedraza, consider\u00f3 que este despliegue podr\u00eda resultar exagerado, especialmente en un entorno educativo con padres de familia y ni\u00f1os presentes.<\/p>\n\n\n\n<p>Adem\u00e1s, la persistente negativa de Boluarte Zegarra a enfrentar las preguntas de la prensa, a pesar de las acusaciones en su contra de parte del Ministerio P\u00fablico por posibles actos de corrupci\u00f3n y las demandas de transparencia exigidas por la ciudadan\u00eda, genera una preocupaci\u00f3n creciente sobre el estado de la democracia y el respeto a la libertad de expresi\u00f3n en el pa\u00eds.<\/p>\n\n\n\n<p>Mientras la presidenta sigue sin dar explicaciones, la opini\u00f3n p\u00fablica espera respuestas sobre las acusaciones que enfrenta, incluyendo su conexi\u00f3n con el caso \u201cRolexgate\u201d, del cual admiti\u00f3 recibir relojes y joyas en calidad de \u00abpr\u00e9stamo\u00bb del gobernador regional de Ayacucho, Wilfredo Oscorima.<\/p>\n\n\n\n<p>Sin duda, en un contexto donde la educaci\u00f3n es fundamental para el desarrollo del pa\u00eds, es necesario que las autoridades den el ejemplo y prioricen la transparencia y la rendici\u00f3n de cuentas.<\/p>\n\n\n\n<p>Fuente: Webs y redes de noticias<\/p>","protected":false},"excerpt":{"rendered":"<p>La inauguraci\u00f3n de la Escuela Bicentenario I.E. 1235 \u201cUni\u00f3n Latinoamericana\u201d en La Molina por parte de la presidenta de la Rep\u00fablica, Dina Boluarte Zegarra, estuvo marcada por un despliegue excesivo de seguridad, que incluy\u00f3 la presencia de francotiradores, en un evento que, en teor\u00eda, celebraba un logro educativo para el pa\u00eds. Boluarte estuvo acompa\u00f1ada del [&hellip;]<\/p>\n","protected":false},"author":11,"featured_media":1845,"comment_status":"open","ping_status":"open","sticky":false,"template":"","format":"standard","meta":{"footnotes":""},"categories":[183,178],"tags":[572,582,744],"class_list":["post-1844","post","type-post","status-publish","format-standard","has-post-thumbnail","hentry","category-actualidad","category-policial","tag-dina-boluarte","tag-educacion","tag-francotiradores"],"yoast_head":"<!-- This site is optimized with the Yoast SEO plugin v27.4 - https:\/\/yoast.com\/product\/yoast-seo-wordpress\/ -->\n<title>Inusual uso de francotiradores en ceremonias p\u00fablicas de Dina Boluarte \u00bfA qui\u00e9n le tiene miedo? - Pulso27<\/title>\n<meta name=\"robots\" content=\"index, follow, max-snippet:-1, max-image-preview:large, max-video-preview:-1\" \/>\n<link rel=\"canonical\" href=\"https:\/\/pulso27.com\/en\/policial\/inusual-uso-de-francotiradores-en-ceremonias-publicas-de-dina-boluarte-a-quien-le-tiene-miedo\/\" \/>\n<meta property=\"og:locale\" content=\"en_US\" \/>\n<meta property=\"og:type\" content=\"article\" \/>\n<meta property=\"og:title\" content=\"Inusual uso de francotiradores en ceremonias p\u00fablicas de Dina Boluarte \u00bfA qui\u00e9n le tiene miedo? - Pulso27\" \/>\n<meta property=\"og:description\" content=\"La inauguraci\u00f3n de la Escuela Bicentenario I.E. 1235 \u201cUni\u00f3n Latinoamericana\u201d en La Molina por parte de la presidenta de la Rep\u00fablica, Dina Boluarte Zegarra, estuvo marcada por un despliegue excesivo de seguridad, que incluy\u00f3 la presencia de francotiradores, en un evento que, en teor\u00eda, celebraba un logro educativo para el pa\u00eds. Boluarte estuvo acompa\u00f1ada del [&hellip;]\" \/>\n<meta property=\"og:url\" content=\"https:\/\/pulso27.com\/en\/policial\/inusual-uso-de-francotiradores-en-ceremonias-publicas-de-dina-boluarte-a-quien-le-tiene-miedo\/\" \/>\n<meta property=\"og:site_name\" content=\"Pulso27\" \/>\n<meta property=\"article:publisher\" content=\"https:\/\/www.facebook.com\/pulso27\/\" \/>\n<meta property=\"article:author\" content=\"https:\/\/www.facebook.com\/pulso27\" \/>\n<meta property=\"article:published_time\" content=\"2024-06-05T01:06:00+00:00\" \/>\n<meta property=\"article:modified_time\" content=\"2024-09-14T21:30:18+00:00\" \/>\n<meta property=\"og:image\" content=\"https:\/\/pulso27.com\/wp-content\/uploads\/2024\/06\/Francotirad.png\" \/>\n\t<meta property=\"og:image:width\" content=\"1221\" \/>\n\t<meta property=\"og:image:height\" content=\"683\" \/>\n\t<meta property=\"og:image:type\" content=\"image\/png\" \/>\n<meta name=\"author\" content=\"Editor\" \/>\n<meta name=\"twitter:card\" content=\"summary_large_image\" \/>\n<meta name=\"twitter:creator\" content=\"@https:\/\/x.com\/Pulso_27\" \/>\n<meta name=\"twitter:site\" content=\"@Pulso_27\" \/>\n<meta name=\"twitter:label1\" content=\"Written by\" \/>\n\t<meta name=\"twitter:data1\" content=\"Editor\" \/>\n\t<meta name=\"twitter:label2\" content=\"Est. reading time\" \/>\n\t<meta name=\"twitter:data2\" content=\"2 minutes\" \/>\n<script type=\"application\/ld+json\" class=\"yoast-schema-graph\">{\"@context\":\"https:\\\/\\\/schema.org\",\"@graph\":[{\"@type\":\"Article\",\"@id\":\"https:\\\/\\\/pulso27.com\\\/policial\\\/inusual-uso-de-francotiradores-en-ceremonias-publicas-de-dina-boluarte-a-quien-le-tiene-miedo\\\/#article\",\"isPartOf\":{\"@id\":\"https:\\\/\\\/pulso27.com\\\/policial\\\/inusual-uso-de-francotiradores-en-ceremonias-publicas-de-dina-boluarte-a-quien-le-tiene-miedo\\\/\"},\"author\":{\"name\":\"Editor\",\"@id\":\"https:\\\/\\\/pulso27.com\\\/en\\\/#\\\/schema\\\/person\\\/e0da4cfacbab724cbf4ab44bcc030735\"},\"headline\":\"Inusual uso de francotiradores en ceremonias p\u00fablicas de Dina Boluarte \u00bfA qui\u00e9n le tiene miedo?\",\"datePublished\":\"2024-06-05T01:06:00+00:00\",\"dateModified\":\"2024-09-14T21:30:18+00:00\",\"mainEntityOfPage\":{\"@id\":\"https:\\\/\\\/pulso27.com\\\/policial\\\/inusual-uso-de-francotiradores-en-ceremonias-publicas-de-dina-boluarte-a-quien-le-tiene-miedo\\\/\"},\"wordCount\":408,\"commentCount\":0,\"publisher\":{\"@id\":\"https:\\\/\\\/pulso27.com\\\/en\\\/#organization\"},\"image\":{\"@id\":\"https:\\\/\\\/pulso27.com\\\/policial\\\/inusual-uso-de-francotiradores-en-ceremonias-publicas-de-dina-boluarte-a-quien-le-tiene-miedo\\\/#primaryimage\"},\"thumbnailUrl\":\"https:\\\/\\\/pulso27.com\\\/wp-content\\\/uploads\\\/2024\\\/06\\\/Francotirad.png\",\"keywords\":[\"Dina Boluarte\",\"Educaci\u00f3n\",\"Francotiradores\"],\"articleSection\":[\"Actualidad\",\"Policial\"],\"inLanguage\":\"en-US\",\"potentialAction\":[{\"@type\":\"CommentAction\",\"name\":\"Comment\",\"target\":[\"https:\\\/\\\/pulso27.com\\\/policial\\\/inusual-uso-de-francotiradores-en-ceremonias-publicas-de-dina-boluarte-a-quien-le-tiene-miedo\\\/#respond\"]}]},{\"@type\":\"WebPage\",\"@id\":\"https:\\\/\\\/pulso27.com\\\/policial\\\/inusual-uso-de-francotiradores-en-ceremonias-publicas-de-dina-boluarte-a-quien-le-tiene-miedo\\\/\",\"url\":\"https:\\\/\\\/pulso27.com\\\/policial\\\/inusual-uso-de-francotiradores-en-ceremonias-publicas-de-dina-boluarte-a-quien-le-tiene-miedo\\\/\",\"name\":\"Inusual uso de francotiradores en ceremonias p\u00fablicas de Dina Boluarte \u00bfA qui\u00e9n le tiene miedo? - Pulso27\",\"isPartOf\":{\"@id\":\"https:\\\/\\\/pulso27.com\\\/en\\\/#website\"},\"primaryImageOfPage\":{\"@id\":\"https:\\\/\\\/pulso27.com\\\/policial\\\/inusual-uso-de-francotiradores-en-ceremonias-publicas-de-dina-boluarte-a-quien-le-tiene-miedo\\\/#primaryimage\"},\"image\":{\"@id\":\"https:\\\/\\\/pulso27.com\\\/policial\\\/inusual-uso-de-francotiradores-en-ceremonias-publicas-de-dina-boluarte-a-quien-le-tiene-miedo\\\/#primaryimage\"},\"thumbnailUrl\":\"https:\\\/\\\/pulso27.com\\\/wp-content\\\/uploads\\\/2024\\\/06\\\/Francotirad.png\",\"datePublished\":\"2024-06-05T01:06:00+00:00\",\"dateModified\":\"2024-09-14T21:30:18+00:00\",\"breadcrumb\":{\"@id\":\"https:\\\/\\\/pulso27.com\\\/policial\\\/inusual-uso-de-francotiradores-en-ceremonias-publicas-de-dina-boluarte-a-quien-le-tiene-miedo\\\/#breadcrumb\"},\"inLanguage\":\"en-US\",\"potentialAction\":[{\"@type\":\"ReadAction\",\"target\":[\"https:\\\/\\\/pulso27.com\\\/policial\\\/inusual-uso-de-francotiradores-en-ceremonias-publicas-de-dina-boluarte-a-quien-le-tiene-miedo\\\/\"]}]},{\"@type\":\"ImageObject\",\"inLanguage\":\"en-US\",\"@id\":\"https:\\\/\\\/pulso27.com\\\/policial\\\/inusual-uso-de-francotiradores-en-ceremonias-publicas-de-dina-boluarte-a-quien-le-tiene-miedo\\\/#primaryimage\",\"url\":\"https:\\\/\\\/pulso27.com\\\/wp-content\\\/uploads\\\/2024\\\/06\\\/Francotirad.png\",\"contentUrl\":\"https:\\\/\\\/pulso27.com\\\/wp-content\\\/uploads\\\/2024\\\/06\\\/Francotirad.png\",\"width\":1221,\"height\":683},{\"@type\":\"BreadcrumbList\",\"@id\":\"https:\\\/\\\/pulso27.com\\\/policial\\\/inusual-uso-de-francotiradores-en-ceremonias-publicas-de-dina-boluarte-a-quien-le-tiene-miedo\\\/#breadcrumb\",\"itemListElement\":[{\"@type\":\"ListItem\",\"position\":1,\"name\":\"Portada\",\"item\":\"https:\\\/\\\/pulso27.com\\\/\"},{\"@type\":\"ListItem\",\"position\":2,\"name\":\"Inusual uso de francotiradores en ceremonias p\u00fablicas de Dina Boluarte \u00bfA qui\u00e9n le tiene miedo?\"}]},{\"@type\":\"WebSite\",\"@id\":\"https:\\\/\\\/pulso27.com\\\/en\\\/#website\",\"url\":\"https:\\\/\\\/pulso27.com\\\/en\\\/\",\"name\":\"Pulso27\",\"description\":\"Web de noticias y publicidad\",\"publisher\":{\"@id\":\"https:\\\/\\\/pulso27.com\\\/en\\\/#organization\"},\"alternateName\":\"El pulso del pueblo\",\"potentialAction\":[{\"@type\":\"SearchAction\",\"target\":{\"@type\":\"EntryPoint\",\"urlTemplate\":\"https:\\\/\\\/pulso27.com\\\/en\\\/?s={search_term_string}\"},\"query-input\":{\"@type\":\"PropertyValueSpecification\",\"valueRequired\":true,\"valueName\":\"search_term_string\"}}],\"inLanguage\":\"en-US\"},{\"@type\":\"Organization\",\"@id\":\"https:\\\/\\\/pulso27.com\\\/en\\\/#organization\",\"name\":\"Pulso27\",\"url\":\"https:\\\/\\\/pulso27.com\\\/en\\\/\",\"logo\":{\"@type\":\"ImageObject\",\"inLanguage\":\"en-US\",\"@id\":\"https:\\\/\\\/pulso27.com\\\/en\\\/#\\\/schema\\\/logo\\\/image\\\/\",\"url\":\"https:\\\/\\\/pulso27.com\\\/wp-content\\\/uploads\\\/2026\\\/02\\\/Logotipo-de-la-organizacion-696-x-696-px-ok.png\",\"contentUrl\":\"https:\\\/\\\/pulso27.com\\\/wp-content\\\/uploads\\\/2026\\\/02\\\/Logotipo-de-la-organizacion-696-x-696-px-ok.png\",\"width\":696,\"height\":696,\"caption\":\"Pulso27\"},\"image\":{\"@id\":\"https:\\\/\\\/pulso27.com\\\/en\\\/#\\\/schema\\\/logo\\\/image\\\/\"},\"sameAs\":[\"https:\\\/\\\/www.facebook.com\\\/pulso27\\\/\",\"https:\\\/\\\/x.com\\\/Pulso_27\",\"https:\\\/\\\/www.youtube.com\\\/@Pulso27\",\"https:\\\/\\\/www.tiktok.com\\\/@pulso_27\"]},{\"@type\":\"Person\",\"@id\":\"https:\\\/\\\/pulso27.com\\\/en\\\/#\\\/schema\\\/person\\\/e0da4cfacbab724cbf4ab44bcc030735\",\"name\":\"Editor\",\"image\":{\"@type\":\"ImageObject\",\"inLanguage\":\"en-US\",\"@id\":\"https:\\\/\\\/pulso27.com\\\/wp-content\\\/uploads\\\/2025\\\/03\\\/c-150x150.png\",\"url\":\"https:\\\/\\\/pulso27.com\\\/wp-content\\\/uploads\\\/2025\\\/03\\\/c-150x150.png\",\"contentUrl\":\"https:\\\/\\\/pulso27.com\\\/wp-content\\\/uploads\\\/2025\\\/03\\\/c-150x150.png\",\"caption\":\"Editor\"},\"sameAs\":[\"http:\\\/\\\/www.pulso27.com\",\"https:\\\/\\\/www.facebook.com\\\/pulso27\",\"https:\\\/\\\/x.com\\\/https:\\\/\\\/x.com\\\/Pulso_27\",\"https:\\\/\\\/www.youtube.com\\\/@Pulso27\"],\"url\":\"https:\\\/\\\/pulso27.com\\\/en\\\/author\\\/editor\\\/\"}]}<\/script>\n<!-- \/ Yoast SEO plugin. -->","yoast_head_json":{"title":"Inusual uso de francotiradores en ceremonias p\u00fablicas de Dina Boluarte \u00bfA qui\u00e9n le tiene miedo? - Pulso27","robots":{"index":"index","follow":"follow","max-snippet":"max-snippet:-1","max-image-preview":"max-image-preview:large","max-video-preview":"max-video-preview:-1"},"canonical":"https:\/\/pulso27.com\/en\/policial\/inusual-uso-de-francotiradores-en-ceremonias-publicas-de-dina-boluarte-a-quien-le-tiene-miedo\/","og_locale":"en_US","og_type":"article","og_title":"Inusual uso de francotiradores en ceremonias p\u00fablicas de Dina Boluarte \u00bfA qui\u00e9n le tiene miedo? - Pulso27","og_description":"La inauguraci\u00f3n de la Escuela Bicentenario I.E. 1235 \u201cUni\u00f3n Latinoamericana\u201d en La Molina por parte de la presidenta de la Rep\u00fablica, Dina Boluarte Zegarra, estuvo marcada por un despliegue excesivo de seguridad, que incluy\u00f3 la presencia de francotiradores, en un evento que, en teor\u00eda, celebraba un logro educativo para el pa\u00eds. Boluarte estuvo acompa\u00f1ada del [&hellip;]","og_url":"https:\/\/pulso27.com\/en\/policial\/inusual-uso-de-francotiradores-en-ceremonias-publicas-de-dina-boluarte-a-quien-le-tiene-miedo\/","og_site_name":"Pulso27","article_publisher":"https:\/\/www.facebook.com\/pulso27\/","article_author":"https:\/\/www.facebook.com\/pulso27","article_published_time":"2024-06-05T01:06:00+00:00","article_modified_time":"2024-09-14T21:30:18+00:00","og_image":[{"width":1221,"height":683,"url":"https:\/\/pulso27.com\/wp-content\/uploads\/2024\/06\/Francotirad.png","type":"image\/png"}],"author":"Editor","twitter_card":"summary_large_image","twitter_creator":"@https:\/\/x.com\/Pulso_27","twitter_site":"@Pulso_27","twitter_misc":{"Written by":"Editor","Est. reading time":"2 minutes"},"schema":{"@context":"https:\/\/schema.org","@graph":[{"@type":"Article","@id":"https:\/\/pulso27.com\/policial\/inusual-uso-de-francotiradores-en-ceremonias-publicas-de-dina-boluarte-a-quien-le-tiene-miedo\/#article","isPartOf":{"@id":"https:\/\/pulso27.com\/policial\/inusual-uso-de-francotiradores-en-ceremonias-publicas-de-dina-boluarte-a-quien-le-tiene-miedo\/"},"author":{"name":"Editor","@id":"https:\/\/pulso27.com\/en\/#\/schema\/person\/e0da4cfacbab724cbf4ab44bcc030735"},"headline":"Inusual uso de francotiradores en ceremonias p\u00fablicas de Dina Boluarte \u00bfA qui\u00e9n le tiene miedo?","datePublished":"2024-06-05T01:06:00+00:00","dateModified":"2024-09-14T21:30:18+00:00","mainEntityOfPage":{"@id":"https:\/\/pulso27.com\/policial\/inusual-uso-de-francotiradores-en-ceremonias-publicas-de-dina-boluarte-a-quien-le-tiene-miedo\/"},"wordCount":408,"commentCount":0,"publisher":{"@id":"https:\/\/pulso27.com\/en\/#organization"},"image":{"@id":"https:\/\/pulso27.com\/policial\/inusual-uso-de-francotiradores-en-ceremonias-publicas-de-dina-boluarte-a-quien-le-tiene-miedo\/#primaryimage"},"thumbnailUrl":"https:\/\/pulso27.com\/wp-content\/uploads\/2024\/06\/Francotirad.png","keywords":["Dina Boluarte","Educaci\u00f3n","Francotiradores"],"articleSection":["Actualidad","Policial"],"inLanguage":"en-US","potentialAction":[{"@type":"CommentAction","name":"Comment","target":["https:\/\/pulso27.com\/policial\/inusual-uso-de-francotiradores-en-ceremonias-publicas-de-dina-boluarte-a-quien-le-tiene-miedo\/#respond"]}]},{"@type":"WebPage","@id":"https:\/\/pulso27.com\/policial\/inusual-uso-de-francotiradores-en-ceremonias-publicas-de-dina-boluarte-a-quien-le-tiene-miedo\/","url":"https:\/\/pulso27.com\/policial\/inusual-uso-de-francotiradores-en-ceremonias-publicas-de-dina-boluarte-a-quien-le-tiene-miedo\/","name":"Inusual uso de francotiradores en ceremonias p\u00fablicas de Dina Boluarte \u00bfA qui\u00e9n le tiene miedo? - Pulso27","isPartOf":{"@id":"https:\/\/pulso27.com\/en\/#website"},"primaryImageOfPage":{"@id":"https:\/\/pulso27.com\/policial\/inusual-uso-de-francotiradores-en-ceremonias-publicas-de-dina-boluarte-a-quien-le-tiene-miedo\/#primaryimage"},"image":{"@id":"https:\/\/pulso27.com\/policial\/inusual-uso-de-francotiradores-en-ceremonias-publicas-de-dina-boluarte-a-quien-le-tiene-miedo\/#primaryimage"},"thumbnailUrl":"https:\/\/pulso27.com\/wp-content\/uploads\/2024\/06\/Francotirad.png","datePublished":"2024-06-05T01:06:00+00:00","dateModified":"2024-09-14T21:30:18+00:00","breadcrumb":{"@id":"https:\/\/pulso27.com\/policial\/inusual-uso-de-francotiradores-en-ceremonias-publicas-de-dina-boluarte-a-quien-le-tiene-miedo\/#breadcrumb"},"inLanguage":"en-US","potentialAction":[{"@type":"ReadAction","target":["https:\/\/pulso27.com\/policial\/inusual-uso-de-francotiradores-en-ceremonias-publicas-de-dina-boluarte-a-quien-le-tiene-miedo\/"]}]},{"@type":"ImageObject","inLanguage":"en-US","@id":"https:\/\/pulso27.com\/policial\/inusual-uso-de-francotiradores-en-ceremonias-publicas-de-dina-boluarte-a-quien-le-tiene-miedo\/#primaryimage","url":"https:\/\/pulso27.com\/wp-content\/uploads\/2024\/06\/Francotirad.png","contentUrl":"https:\/\/pulso27.com\/wp-content\/uploads\/2024\/06\/Francotirad.png","width":1221,"height":683},{"@type":"BreadcrumbList","@id":"https:\/\/pulso27.com\/policial\/inusual-uso-de-francotiradores-en-ceremonias-publicas-de-dina-boluarte-a-quien-le-tiene-miedo\/#breadcrumb","itemListElement":[{"@type":"ListItem","position":1,"name":"Portada","item":"https:\/\/pulso27.com\/"},{"@type":"ListItem","position":2,"name":"Inusual uso de francotiradores en ceremonias p\u00fablicas de Dina Boluarte \u00bfA qui\u00e9n le tiene miedo?"}]},{"@type":"WebSite","@id":"https:\/\/pulso27.com\/en\/#website","url":"https:\/\/pulso27.com\/en\/","name":"Pulso27","description":"Web de noticias y publicidad","publisher":{"@id":"https:\/\/pulso27.com\/en\/#organization"},"alternateName":"El pulso del pueblo","potentialAction":[{"@type":"SearchAction","target":{"@type":"EntryPoint","urlTemplate":"https:\/\/pulso27.com\/en\/?s={search_term_string}"},"query-input":{"@type":"PropertyValueSpecification","valueRequired":true,"valueName":"search_term_string"}}],"inLanguage":"en-US"},{"@type":"Organization","@id":"https:\/\/pulso27.com\/en\/#organization","name":"Pulso27","url":"https:\/\/pulso27.com\/en\/","logo":{"@type":"ImageObject","inLanguage":"en-US","@id":"https:\/\/pulso27.com\/en\/#\/schema\/logo\/image\/","url":"https:\/\/pulso27.com\/wp-content\/uploads\/2026\/02\/Logotipo-de-la-organizacion-696-x-696-px-ok.png","contentUrl":"https:\/\/pulso27.com\/wp-content\/uploads\/2026\/02\/Logotipo-de-la-organizacion-696-x-696-px-ok.png","width":696,"height":696,"caption":"Pulso27"},"image":{"@id":"https:\/\/pulso27.com\/en\/#\/schema\/logo\/image\/"},"sameAs":["https:\/\/www.facebook.com\/pulso27\/","https:\/\/x.com\/Pulso_27","https:\/\/www.youtube.com\/@Pulso27","https:\/\/www.tiktok.com\/@pulso_27"]},{"@type":"Person","@id":"https:\/\/pulso27.com\/en\/#\/schema\/person\/e0da4cfacbab724cbf4ab44bcc030735","name":"Editor","image":{"@type":"ImageObject","inLanguage":"en-US","@id":"https:\/\/pulso27.com\/wp-content\/uploads\/2025\/03\/c-150x150.png","url":"https:\/\/pulso27.com\/wp-content\/uploads\/2025\/03\/c-150x150.png","contentUrl":"https:\/\/pulso27.com\/wp-content\/uploads\/2025\/03\/c-150x150.png","caption":"Editor"},"sameAs":["http:\/\/www.pulso27.com","https:\/\/www.facebook.com\/pulso27","https:\/\/x.com\/https:\/\/x.com\/Pulso_27","https:\/\/www.youtube.com\/@Pulso27"],"url":"https:\/\/pulso27.com\/en\/author\/editor\/"}]}},"amp_enabled":true,"_links":{"self":[{"href":"https:\/\/pulso27.com\/en\/wp-json\/wp\/v2\/posts\/1844","targetHints":{"allow":["GET"]}}],"collection":[{"href":"https:\/\/pulso27.com\/en\/wp-json\/wp\/v2\/posts"}],"about":[{"href":"https:\/\/pulso27.com\/en\/wp-json\/wp\/v2\/types\/post"}],"author":[{"embeddable":true,"href":"https:\/\/pulso27.com\/en\/wp-json\/wp\/v2\/users\/11"}],"replies":[{"embeddable":true,"href":"https:\/\/pulso27.com\/en\/wp-json\/wp\/v2\/comments?post=1844"}],"version-history":[{"count":1,"href":"https:\/\/pulso27.com\/en\/wp-json\/wp\/v2\/posts\/1844\/revisions"}],"predecessor-version":[{"id":1847,"href":"https:\/\/pulso27.com\/en\/wp-json\/wp\/v2\/posts\/1844\/revisions\/1847"}],"wp:featuredmedia":[{"embeddable":true,"href":"https:\/\/pulso27.com\/en\/wp-json\/wp\/v2\/media\/1845"}],"wp:attachment":[{"href":"https:\/\/pulso27.com\/en\/wp-json\/wp\/v2\/media?parent=1844"}],"wp:term":[{"taxonomy":"category","embeddable":true,"href":"https:\/\/pulso27.com\/en\/wp-json\/wp\/v2\/categories?post=1844"},{"taxonomy":"post_tag","embeddable":true,"href":"https:\/\/pulso27.com\/en\/wp-json\/wp\/v2\/tags?post=1844"}],"curies":[{"name":"wp","href":"https:\/\/api.w.org\/{rel}","templated":true}]}}