{"id":1867,"date":"2024-06-11T02:40:00","date_gmt":"2024-06-10T21:40:00","guid":{"rendered":"https:\/\/pulso27.com\/?p=1867"},"modified":"2024-06-14T01:29:04","modified_gmt":"2024-06-13T20:29:04","slug":"repudio-popular-a-waldemar-cerron-y-maria-aguero-congresistas-de-peru-libre","status":"publish","type":"post","link":"https:\/\/pulso27.com\/en\/nacional\/repudio-popular-a-waldemar-cerron-y-maria-aguero-congresistas-de-peru-libre\/","title":{"rendered":"Repudio Popular a Waldemar Cerr\u00f3n y Mar\u00eda Ag\u00fcero, Congresistas de Per\u00fa Libre"},"content":{"rendered":"<p>Los congresistas de Per\u00fa Libre, Waldemar Cerr\u00f3n y Mar\u00eda Ag\u00fcero, experimentaron un rechazo contundente durante su visita al Mercado Modelo de Huancayo, de la ciudad de Huancayo del departamento de Jun\u00edn.<\/p>\n\n\n\n<p>En lugar de ser recibidos con el apoyo esperado, fueron recibidos con una lluvia de insultos y reproches, lo que los oblig\u00f3 a retirarse de forma abrupta de lo que deber\u00eda haber sido un territorio af\u00edn al partido del l\u00e1piz, porque recordemos que dicha organizaci\u00f3n pol\u00edtico se origino en dicho departamento.<\/p>\n\n\n\n<p>La inc\u00f3moda escena se desarroll\u00f3 en la secci\u00f3n de comidas de dicho mercado, donde los legisladores intentaban desayunar en compa\u00f1\u00eda de militantes y simpatizantes. Sin embargo, en lugar de palabras de aliento, recibieron una avalancha de cr\u00edticas, con los presentes etiquet\u00e1ndolos como \u00abcorruptos\u00bb, \u00abpiojosos\u00bb y \u00abconchudazos\u00bb, entre otros ep\u00edtetos despectivos.<\/p>\n\n\n\n<figure class=\"wp-block-image size-large\"><img loading=\"lazy\" decoding=\"async\" width=\"1024\" height=\"588\" src=\"https:\/\/pulso27.com\/wp-content\/uploads\/2024\/06\/PL-1024x588.jpg\" alt=\"\" class=\"wp-image-1869\" srcset=\"https:\/\/pulso27.com\/wp-content\/uploads\/2024\/06\/PL-1024x588.jpg 1024w, https:\/\/pulso27.com\/wp-content\/uploads\/2024\/06\/PL-300x172.jpg 300w, https:\/\/pulso27.com\/wp-content\/uploads\/2024\/06\/PL-768x441.jpg 768w, https:\/\/pulso27.com\/wp-content\/uploads\/2024\/06\/PL-18x10.jpg 18w, https:\/\/pulso27.com\/wp-content\/uploads\/2024\/06\/PL.jpg 1200w\" sizes=\"auto, (max-width: 1024px) 100vw, 1024px\" \/><figcaption class=\"wp-element-caption\"><em>Waldemar Cerr\u00f3n y Mar\u00eda Aguero, congresistas de Per\u00fa Libre abucheado en Huancayo<\/em><\/figcaption><\/figure>\n\n\n\n<p>A medida que Cerr\u00f3n y Ag\u00fcero avanzaban entre la multitud, los gritos de \u00ab\u00a1v\u00e1yanse!\u00bb resonaban en sus o\u00eddos, acompa\u00f1ados de gestos de desaprobaci\u00f3n. Incluso se lleg\u00f3 al extremo de decirles que habr\u00edan sido \u00abvendidos\u00bb y fueron acusados de corruptos.<\/p>\n\n\n\n<p>La respuesta de los congresistas a esta situaci\u00f3n fue decepcionante. Mar\u00eda Ag\u00fcero, ir\u00f3nicamente vistiendo un polo con la imagen del pr\u00f3fugo l\u00edder ideol\u00f3gico Vladimir Cerr\u00f3n, respondi\u00f3 a las cr\u00edticas golpe\u00e1ndose el pecho y gritando consignas vac\u00edas. Mientras tanto, Waldemar Cerr\u00f3n, en un intento por calmar los \u00e1nimos, solicit\u00f3 poder hablar, solo para ser recibido con m\u00e1s hostilidad y desprecio.<\/p>\n\n\n\n<p>La humillante retirada de los parlamentarios, capturada en video por los presentes, dej\u00f3 en claro que su intento de obtener popularidad en su tierra natal hab\u00eda fracasado estrepitosamente.<\/p>\n\n\n\n<p>Este episodio no solo refleja el descontento popular hacia los congresistas, sino que tambi\u00e9n arroja luz sobre la creciente desilusi\u00f3n con el papel desempe\u00f1ado por Per\u00fa Libre en el gobierno de Pedro Castillo, el respaldo disimulado al r\u00e9gimen de Dina Boluarte a cambio de la protecci\u00f3n de su m\u00e1ximo l\u00edder Vladimir Cerr\u00f3n y las componendas que tienen con Fuerza Popular, partido fundado por el ex reo Alberto Fujimori, cuya hija es la lideresa de la bancada mayoritaria de la derecha en el Congreso de la Rep\u00fablica.<\/p>\n\n\n\n<figure class=\"wp-block-image size-large\"><img loading=\"lazy\" decoding=\"async\" width=\"1024\" height=\"590\" src=\"https:\/\/pulso27.com\/wp-content\/uploads\/2024\/06\/PL-abucdo-1024x590.jpg\" alt=\"\" class=\"wp-image-1870\" srcset=\"https:\/\/pulso27.com\/wp-content\/uploads\/2024\/06\/PL-abucdo-1024x590.jpg 1024w, https:\/\/pulso27.com\/wp-content\/uploads\/2024\/06\/PL-abucdo-300x173.jpg 300w, https:\/\/pulso27.com\/wp-content\/uploads\/2024\/06\/PL-abucdo-768x442.jpg 768w, https:\/\/pulso27.com\/wp-content\/uploads\/2024\/06\/PL-abucdo-18x10.jpg 18w, https:\/\/pulso27.com\/wp-content\/uploads\/2024\/06\/PL-abucdo.jpg 1200w\" sizes=\"auto, (max-width: 1024px) 100vw, 1024px\" \/><figcaption class=\"wp-element-caption\">Vladimir Cerr\u00f3<em>n y Keiko Fujimori ser\u00edan aliados en el r\u00e9gimen de Dina Boluarte<\/em><\/figcaption><\/figure>\n\n\n\n<p>Adem\u00e1s, las cr\u00edticas hacia la colaboraci\u00f3n con Dina Boluarte y el acuerdo con el fujimorismo en el Congreso que son f\u00e1ciles de corroborar en las votaci\u00f3n que hace sus principales congresistas escuderos de Vladimir Cerr\u00f3n, son manifestaciones de un malestar m\u00e1s profundo.<\/p>\n\n\n\n<p> La protecci\u00f3n impune de Vladimir Cerr\u00f3n, condenado por la justicia pero a\u00fan pr\u00f3fugo en el r\u00e9gimen de Dina Boluarte acusada de delitos de lesa humanidad, tambi\u00e9n fue objeto de reproche por parte de la ciudadan\u00eda, que exigi\u00f3 su entrega a las autoridades. <\/p>\n\n\n\n<p>En resumen, la visita de Waldemar Cerr\u00f3n y Mar\u00eda Ag\u00fcero del partido Per\u00fa Libre a Huancayo no solo fue recibida con repudio, sino que tambi\u00e9n sirvi\u00f3 como un recordatorio amargo del desencanto y la indignaci\u00f3n que prevalece entre la poblaci\u00f3n respecto a sus representantes pol\u00edticos y las acciones de su partido.<\/p>\n\n\n\n<p>Fuente: Webs y redes de noticias<\/p>","protected":false},"excerpt":{"rendered":"<p>Los congresistas de Per\u00fa Libre, Waldemar Cerr\u00f3n y Mar\u00eda Ag\u00fcero, experimentaron un rechazo contundente durante su visita al Mercado Modelo de Huancayo, de la ciudad de Huancayo del departamento de Jun\u00edn. En lugar de ser recibidos con el apoyo esperado, fueron recibidos con una lluvia de insultos y reproches, lo que los oblig\u00f3 a retirarse [&hellip;]<\/p>\n","protected":false},"author":11,"featured_media":1868,"comment_status":"open","ping_status":"open","sticky":false,"template":"","format":"standard","meta":{"footnotes":""},"categories":[183,174,180],"tags":[572,757,626,758,759],"class_list":["post-1867","post","type-post","status-publish","format-standard","has-post-thumbnail","hentry","category-actualidad","category-nacional","category-politica","tag-dina-boluarte","tag-maria-aguero","tag-peru-libre","tag-repudio","tag-vladimir-cerron"],"yoast_head":"<!-- This site is optimized with the Yoast SEO plugin v27.4 - https:\/\/yoast.com\/product\/yoast-seo-wordpress\/ -->\n<title>Repudio Popular a Waldemar Cerr\u00f3n y Mar\u00eda Ag\u00fcero, Congresistas de Per\u00fa Libre - Pulso27<\/title>\n<meta name=\"robots\" content=\"index, follow, max-snippet:-1, max-image-preview:large, max-video-preview:-1\" \/>\n<link rel=\"canonical\" href=\"https:\/\/pulso27.com\/en\/nacional\/repudio-popular-a-waldemar-cerron-y-maria-aguero-congresistas-de-peru-libre\/\" \/>\n<meta property=\"og:locale\" content=\"en_US\" \/>\n<meta property=\"og:type\" content=\"article\" \/>\n<meta property=\"og:title\" content=\"Repudio Popular a Waldemar Cerr\u00f3n y Mar\u00eda Ag\u00fcero, Congresistas de Per\u00fa Libre - Pulso27\" \/>\n<meta property=\"og:description\" content=\"Los congresistas de Per\u00fa Libre, Waldemar Cerr\u00f3n y Mar\u00eda Ag\u00fcero, experimentaron un rechazo contundente durante su visita al Mercado Modelo de Huancayo, de la ciudad de Huancayo del departamento de Jun\u00edn. En lugar de ser recibidos con el apoyo esperado, fueron recibidos con una lluvia de insultos y reproches, lo que los oblig\u00f3 a retirarse [&hellip;]\" \/>\n<meta property=\"og:url\" content=\"https:\/\/pulso27.com\/en\/nacional\/repudio-popular-a-waldemar-cerron-y-maria-aguero-congresistas-de-peru-libre\/\" \/>\n<meta property=\"og:site_name\" content=\"Pulso27\" \/>\n<meta property=\"article:publisher\" content=\"https:\/\/www.facebook.com\/pulso27\/\" \/>\n<meta property=\"article:author\" content=\"https:\/\/www.facebook.com\/pulso27\" \/>\n<meta property=\"article:published_time\" content=\"2024-06-10T21:40:00+00:00\" \/>\n<meta property=\"article:modified_time\" content=\"2024-06-13T20:29:04+00:00\" \/>\n<meta property=\"og:image\" content=\"https:\/\/pulso27.com\/wp-content\/uploads\/2024\/06\/PL-abucheo.jpg\" \/>\n\t<meta property=\"og:image:width\" content=\"1200\" \/>\n\t<meta property=\"og:image:height\" content=\"629\" \/>\n\t<meta property=\"og:image:type\" content=\"image\/jpeg\" \/>\n<meta name=\"author\" content=\"Editor\" \/>\n<meta name=\"twitter:card\" content=\"summary_large_image\" \/>\n<meta name=\"twitter:creator\" content=\"@https:\/\/x.com\/Pulso_27\" \/>\n<meta name=\"twitter:site\" content=\"@Pulso_27\" \/>\n<meta name=\"twitter:label1\" content=\"Written by\" \/>\n\t<meta name=\"twitter:data1\" content=\"Editor\" \/>\n\t<meta name=\"twitter:label2\" content=\"Est. reading time\" \/>\n\t<meta name=\"twitter:data2\" content=\"3 minutes\" \/>\n<script type=\"application\/ld+json\" class=\"yoast-schema-graph\">{\"@context\":\"https:\\\/\\\/schema.org\",\"@graph\":[{\"@type\":\"Article\",\"@id\":\"https:\\\/\\\/pulso27.com\\\/nacional\\\/repudio-popular-a-waldemar-cerron-y-maria-aguero-congresistas-de-peru-libre\\\/#article\",\"isPartOf\":{\"@id\":\"https:\\\/\\\/pulso27.com\\\/nacional\\\/repudio-popular-a-waldemar-cerron-y-maria-aguero-congresistas-de-peru-libre\\\/\"},\"author\":{\"name\":\"Editor\",\"@id\":\"https:\\\/\\\/pulso27.com\\\/en\\\/#\\\/schema\\\/person\\\/e0da4cfacbab724cbf4ab44bcc030735\"},\"headline\":\"Repudio Popular a Waldemar Cerr\u00f3n y Mar\u00eda Ag\u00fcero, Congresistas de Per\u00fa Libre\",\"datePublished\":\"2024-06-10T21:40:00+00:00\",\"dateModified\":\"2024-06-13T20:29:04+00:00\",\"mainEntityOfPage\":{\"@id\":\"https:\\\/\\\/pulso27.com\\\/nacional\\\/repudio-popular-a-waldemar-cerron-y-maria-aguero-congresistas-de-peru-libre\\\/\"},\"wordCount\":596,\"commentCount\":0,\"publisher\":{\"@id\":\"https:\\\/\\\/pulso27.com\\\/en\\\/#organization\"},\"image\":{\"@id\":\"https:\\\/\\\/pulso27.com\\\/nacional\\\/repudio-popular-a-waldemar-cerron-y-maria-aguero-congresistas-de-peru-libre\\\/#primaryimage\"},\"thumbnailUrl\":\"https:\\\/\\\/pulso27.com\\\/wp-content\\\/uploads\\\/2024\\\/06\\\/PL-abucheo.jpg\",\"keywords\":[\"Dina Boluarte\",\"Mar\u00eda Aguero\",\"Per\u00fa Libre\",\"Repudio\",\"Vladimir Cerr\u00f3n\"],\"articleSection\":[\"Actualidad\",\"Nacional\",\"Pol\u00edtica\"],\"inLanguage\":\"en-US\",\"potentialAction\":[{\"@type\":\"CommentAction\",\"name\":\"Comment\",\"target\":[\"https:\\\/\\\/pulso27.com\\\/nacional\\\/repudio-popular-a-waldemar-cerron-y-maria-aguero-congresistas-de-peru-libre\\\/#respond\"]}]},{\"@type\":\"WebPage\",\"@id\":\"https:\\\/\\\/pulso27.com\\\/nacional\\\/repudio-popular-a-waldemar-cerron-y-maria-aguero-congresistas-de-peru-libre\\\/\",\"url\":\"https:\\\/\\\/pulso27.com\\\/nacional\\\/repudio-popular-a-waldemar-cerron-y-maria-aguero-congresistas-de-peru-libre\\\/\",\"name\":\"Repudio Popular a Waldemar Cerr\u00f3n y Mar\u00eda Ag\u00fcero, Congresistas de Per\u00fa Libre - Pulso27\",\"isPartOf\":{\"@id\":\"https:\\\/\\\/pulso27.com\\\/en\\\/#website\"},\"primaryImageOfPage\":{\"@id\":\"https:\\\/\\\/pulso27.com\\\/nacional\\\/repudio-popular-a-waldemar-cerron-y-maria-aguero-congresistas-de-peru-libre\\\/#primaryimage\"},\"image\":{\"@id\":\"https:\\\/\\\/pulso27.com\\\/nacional\\\/repudio-popular-a-waldemar-cerron-y-maria-aguero-congresistas-de-peru-libre\\\/#primaryimage\"},\"thumbnailUrl\":\"https:\\\/\\\/pulso27.com\\\/wp-content\\\/uploads\\\/2024\\\/06\\\/PL-abucheo.jpg\",\"datePublished\":\"2024-06-10T21:40:00+00:00\",\"dateModified\":\"2024-06-13T20:29:04+00:00\",\"breadcrumb\":{\"@id\":\"https:\\\/\\\/pulso27.com\\\/nacional\\\/repudio-popular-a-waldemar-cerron-y-maria-aguero-congresistas-de-peru-libre\\\/#breadcrumb\"},\"inLanguage\":\"en-US\",\"potentialAction\":[{\"@type\":\"ReadAction\",\"target\":[\"https:\\\/\\\/pulso27.com\\\/nacional\\\/repudio-popular-a-waldemar-cerron-y-maria-aguero-congresistas-de-peru-libre\\\/\"]}]},{\"@type\":\"ImageObject\",\"inLanguage\":\"en-US\",\"@id\":\"https:\\\/\\\/pulso27.com\\\/nacional\\\/repudio-popular-a-waldemar-cerron-y-maria-aguero-congresistas-de-peru-libre\\\/#primaryimage\",\"url\":\"https:\\\/\\\/pulso27.com\\\/wp-content\\\/uploads\\\/2024\\\/06\\\/PL-abucheo.jpg\",\"contentUrl\":\"https:\\\/\\\/pulso27.com\\\/wp-content\\\/uploads\\\/2024\\\/06\\\/PL-abucheo.jpg\",\"width\":1200,\"height\":629},{\"@type\":\"BreadcrumbList\",\"@id\":\"https:\\\/\\\/pulso27.com\\\/nacional\\\/repudio-popular-a-waldemar-cerron-y-maria-aguero-congresistas-de-peru-libre\\\/#breadcrumb\",\"itemListElement\":[{\"@type\":\"ListItem\",\"position\":1,\"name\":\"Portada\",\"item\":\"https:\\\/\\\/pulso27.com\\\/\"},{\"@type\":\"ListItem\",\"position\":2,\"name\":\"Repudio Popular a Waldemar Cerr\u00f3n y Mar\u00eda Ag\u00fcero, Congresistas de Per\u00fa Libre\"}]},{\"@type\":\"WebSite\",\"@id\":\"https:\\\/\\\/pulso27.com\\\/en\\\/#website\",\"url\":\"https:\\\/\\\/pulso27.com\\\/en\\\/\",\"name\":\"Pulso27\",\"description\":\"Web de noticias y publicidad\",\"publisher\":{\"@id\":\"https:\\\/\\\/pulso27.com\\\/en\\\/#organization\"},\"alternateName\":\"El pulso del pueblo\",\"potentialAction\":[{\"@type\":\"SearchAction\",\"target\":{\"@type\":\"EntryPoint\",\"urlTemplate\":\"https:\\\/\\\/pulso27.com\\\/en\\\/?s={search_term_string}\"},\"query-input\":{\"@type\":\"PropertyValueSpecification\",\"valueRequired\":true,\"valueName\":\"search_term_string\"}}],\"inLanguage\":\"en-US\"},{\"@type\":\"Organization\",\"@id\":\"https:\\\/\\\/pulso27.com\\\/en\\\/#organization\",\"name\":\"Pulso27\",\"url\":\"https:\\\/\\\/pulso27.com\\\/en\\\/\",\"logo\":{\"@type\":\"ImageObject\",\"inLanguage\":\"en-US\",\"@id\":\"https:\\\/\\\/pulso27.com\\\/en\\\/#\\\/schema\\\/logo\\\/image\\\/\",\"url\":\"https:\\\/\\\/pulso27.com\\\/wp-content\\\/uploads\\\/2026\\\/02\\\/Logotipo-de-la-organizacion-696-x-696-px-ok.png\",\"contentUrl\":\"https:\\\/\\\/pulso27.com\\\/wp-content\\\/uploads\\\/2026\\\/02\\\/Logotipo-de-la-organizacion-696-x-696-px-ok.png\",\"width\":696,\"height\":696,\"caption\":\"Pulso27\"},\"image\":{\"@id\":\"https:\\\/\\\/pulso27.com\\\/en\\\/#\\\/schema\\\/logo\\\/image\\\/\"},\"sameAs\":[\"https:\\\/\\\/www.facebook.com\\\/pulso27\\\/\",\"https:\\\/\\\/x.com\\\/Pulso_27\",\"https:\\\/\\\/www.youtube.com\\\/@Pulso27\",\"https:\\\/\\\/www.tiktok.com\\\/@pulso_27\"]},{\"@type\":\"Person\",\"@id\":\"https:\\\/\\\/pulso27.com\\\/en\\\/#\\\/schema\\\/person\\\/e0da4cfacbab724cbf4ab44bcc030735\",\"name\":\"Editor\",\"image\":{\"@type\":\"ImageObject\",\"inLanguage\":\"en-US\",\"@id\":\"https:\\\/\\\/pulso27.com\\\/wp-content\\\/uploads\\\/2025\\\/03\\\/c-150x150.png\",\"url\":\"https:\\\/\\\/pulso27.com\\\/wp-content\\\/uploads\\\/2025\\\/03\\\/c-150x150.png\",\"contentUrl\":\"https:\\\/\\\/pulso27.com\\\/wp-content\\\/uploads\\\/2025\\\/03\\\/c-150x150.png\",\"caption\":\"Editor\"},\"sameAs\":[\"http:\\\/\\\/www.pulso27.com\",\"https:\\\/\\\/www.facebook.com\\\/pulso27\",\"https:\\\/\\\/x.com\\\/https:\\\/\\\/x.com\\\/Pulso_27\",\"https:\\\/\\\/www.youtube.com\\\/@Pulso27\"],\"url\":\"https:\\\/\\\/pulso27.com\\\/en\\\/author\\\/editor\\\/\"}]}<\/script>\n<!-- \/ Yoast SEO plugin. -->","yoast_head_json":{"title":"Repudio Popular a Waldemar Cerr\u00f3n y Mar\u00eda Ag\u00fcero, Congresistas de Per\u00fa Libre - Pulso27","robots":{"index":"index","follow":"follow","max-snippet":"max-snippet:-1","max-image-preview":"max-image-preview:large","max-video-preview":"max-video-preview:-1"},"canonical":"https:\/\/pulso27.com\/en\/nacional\/repudio-popular-a-waldemar-cerron-y-maria-aguero-congresistas-de-peru-libre\/","og_locale":"en_US","og_type":"article","og_title":"Repudio Popular a Waldemar Cerr\u00f3n y Mar\u00eda Ag\u00fcero, Congresistas de Per\u00fa Libre - Pulso27","og_description":"Los congresistas de Per\u00fa Libre, Waldemar Cerr\u00f3n y Mar\u00eda Ag\u00fcero, experimentaron un rechazo contundente durante su visita al Mercado Modelo de Huancayo, de la ciudad de Huancayo del departamento de Jun\u00edn. En lugar de ser recibidos con el apoyo esperado, fueron recibidos con una lluvia de insultos y reproches, lo que los oblig\u00f3 a retirarse [&hellip;]","og_url":"https:\/\/pulso27.com\/en\/nacional\/repudio-popular-a-waldemar-cerron-y-maria-aguero-congresistas-de-peru-libre\/","og_site_name":"Pulso27","article_publisher":"https:\/\/www.facebook.com\/pulso27\/","article_author":"https:\/\/www.facebook.com\/pulso27","article_published_time":"2024-06-10T21:40:00+00:00","article_modified_time":"2024-06-13T20:29:04+00:00","og_image":[{"width":1200,"height":629,"url":"https:\/\/pulso27.com\/wp-content\/uploads\/2024\/06\/PL-abucheo.jpg","type":"image\/jpeg"}],"author":"Editor","twitter_card":"summary_large_image","twitter_creator":"@https:\/\/x.com\/Pulso_27","twitter_site":"@Pulso_27","twitter_misc":{"Written by":"Editor","Est. reading time":"3 minutes"},"schema":{"@context":"https:\/\/schema.org","@graph":[{"@type":"Article","@id":"https:\/\/pulso27.com\/nacional\/repudio-popular-a-waldemar-cerron-y-maria-aguero-congresistas-de-peru-libre\/#article","isPartOf":{"@id":"https:\/\/pulso27.com\/nacional\/repudio-popular-a-waldemar-cerron-y-maria-aguero-congresistas-de-peru-libre\/"},"author":{"name":"Editor","@id":"https:\/\/pulso27.com\/en\/#\/schema\/person\/e0da4cfacbab724cbf4ab44bcc030735"},"headline":"Repudio Popular a Waldemar Cerr\u00f3n y Mar\u00eda Ag\u00fcero, Congresistas de Per\u00fa Libre","datePublished":"2024-06-10T21:40:00+00:00","dateModified":"2024-06-13T20:29:04+00:00","mainEntityOfPage":{"@id":"https:\/\/pulso27.com\/nacional\/repudio-popular-a-waldemar-cerron-y-maria-aguero-congresistas-de-peru-libre\/"},"wordCount":596,"commentCount":0,"publisher":{"@id":"https:\/\/pulso27.com\/en\/#organization"},"image":{"@id":"https:\/\/pulso27.com\/nacional\/repudio-popular-a-waldemar-cerron-y-maria-aguero-congresistas-de-peru-libre\/#primaryimage"},"thumbnailUrl":"https:\/\/pulso27.com\/wp-content\/uploads\/2024\/06\/PL-abucheo.jpg","keywords":["Dina Boluarte","Mar\u00eda Aguero","Per\u00fa Libre","Repudio","Vladimir Cerr\u00f3n"],"articleSection":["Actualidad","Nacional","Pol\u00edtica"],"inLanguage":"en-US","potentialAction":[{"@type":"CommentAction","name":"Comment","target":["https:\/\/pulso27.com\/nacional\/repudio-popular-a-waldemar-cerron-y-maria-aguero-congresistas-de-peru-libre\/#respond"]}]},{"@type":"WebPage","@id":"https:\/\/pulso27.com\/nacional\/repudio-popular-a-waldemar-cerron-y-maria-aguero-congresistas-de-peru-libre\/","url":"https:\/\/pulso27.com\/nacional\/repudio-popular-a-waldemar-cerron-y-maria-aguero-congresistas-de-peru-libre\/","name":"Repudio Popular a Waldemar Cerr\u00f3n y Mar\u00eda Ag\u00fcero, Congresistas de Per\u00fa Libre - Pulso27","isPartOf":{"@id":"https:\/\/pulso27.com\/en\/#website"},"primaryImageOfPage":{"@id":"https:\/\/pulso27.com\/nacional\/repudio-popular-a-waldemar-cerron-y-maria-aguero-congresistas-de-peru-libre\/#primaryimage"},"image":{"@id":"https:\/\/pulso27.com\/nacional\/repudio-popular-a-waldemar-cerron-y-maria-aguero-congresistas-de-peru-libre\/#primaryimage"},"thumbnailUrl":"https:\/\/pulso27.com\/wp-content\/uploads\/2024\/06\/PL-abucheo.jpg","datePublished":"2024-06-10T21:40:00+00:00","dateModified":"2024-06-13T20:29:04+00:00","breadcrumb":{"@id":"https:\/\/pulso27.com\/nacional\/repudio-popular-a-waldemar-cerron-y-maria-aguero-congresistas-de-peru-libre\/#breadcrumb"},"inLanguage":"en-US","potentialAction":[{"@type":"ReadAction","target":["https:\/\/pulso27.com\/nacional\/repudio-popular-a-waldemar-cerron-y-maria-aguero-congresistas-de-peru-libre\/"]}]},{"@type":"ImageObject","inLanguage":"en-US","@id":"https:\/\/pulso27.com\/nacional\/repudio-popular-a-waldemar-cerron-y-maria-aguero-congresistas-de-peru-libre\/#primaryimage","url":"https:\/\/pulso27.com\/wp-content\/uploads\/2024\/06\/PL-abucheo.jpg","contentUrl":"https:\/\/pulso27.com\/wp-content\/uploads\/2024\/06\/PL-abucheo.jpg","width":1200,"height":629},{"@type":"BreadcrumbList","@id":"https:\/\/pulso27.com\/nacional\/repudio-popular-a-waldemar-cerron-y-maria-aguero-congresistas-de-peru-libre\/#breadcrumb","itemListElement":[{"@type":"ListItem","position":1,"name":"Portada","item":"https:\/\/pulso27.com\/"},{"@type":"ListItem","position":2,"name":"Repudio Popular a Waldemar Cerr\u00f3n y Mar\u00eda Ag\u00fcero, Congresistas de Per\u00fa Libre"}]},{"@type":"WebSite","@id":"https:\/\/pulso27.com\/en\/#website","url":"https:\/\/pulso27.com\/en\/","name":"Pulso27","description":"Web de noticias y publicidad","publisher":{"@id":"https:\/\/pulso27.com\/en\/#organization"},"alternateName":"El pulso del pueblo","potentialAction":[{"@type":"SearchAction","target":{"@type":"EntryPoint","urlTemplate":"https:\/\/pulso27.com\/en\/?s={search_term_string}"},"query-input":{"@type":"PropertyValueSpecification","valueRequired":true,"valueName":"search_term_string"}}],"inLanguage":"en-US"},{"@type":"Organization","@id":"https:\/\/pulso27.com\/en\/#organization","name":"Pulso27","url":"https:\/\/pulso27.com\/en\/","logo":{"@type":"ImageObject","inLanguage":"en-US","@id":"https:\/\/pulso27.com\/en\/#\/schema\/logo\/image\/","url":"https:\/\/pulso27.com\/wp-content\/uploads\/2026\/02\/Logotipo-de-la-organizacion-696-x-696-px-ok.png","contentUrl":"https:\/\/pulso27.com\/wp-content\/uploads\/2026\/02\/Logotipo-de-la-organizacion-696-x-696-px-ok.png","width":696,"height":696,"caption":"Pulso27"},"image":{"@id":"https:\/\/pulso27.com\/en\/#\/schema\/logo\/image\/"},"sameAs":["https:\/\/www.facebook.com\/pulso27\/","https:\/\/x.com\/Pulso_27","https:\/\/www.youtube.com\/@Pulso27","https:\/\/www.tiktok.com\/@pulso_27"]},{"@type":"Person","@id":"https:\/\/pulso27.com\/en\/#\/schema\/person\/e0da4cfacbab724cbf4ab44bcc030735","name":"Editor","image":{"@type":"ImageObject","inLanguage":"en-US","@id":"https:\/\/pulso27.com\/wp-content\/uploads\/2025\/03\/c-150x150.png","url":"https:\/\/pulso27.com\/wp-content\/uploads\/2025\/03\/c-150x150.png","contentUrl":"https:\/\/pulso27.com\/wp-content\/uploads\/2025\/03\/c-150x150.png","caption":"Editor"},"sameAs":["http:\/\/www.pulso27.com","https:\/\/www.facebook.com\/pulso27","https:\/\/x.com\/https:\/\/x.com\/Pulso_27","https:\/\/www.youtube.com\/@Pulso27"],"url":"https:\/\/pulso27.com\/en\/author\/editor\/"}]}},"amp_enabled":true,"_links":{"self":[{"href":"https:\/\/pulso27.com\/en\/wp-json\/wp\/v2\/posts\/1867","targetHints":{"allow":["GET"]}}],"collection":[{"href":"https:\/\/pulso27.com\/en\/wp-json\/wp\/v2\/posts"}],"about":[{"href":"https:\/\/pulso27.com\/en\/wp-json\/wp\/v2\/types\/post"}],"author":[{"embeddable":true,"href":"https:\/\/pulso27.com\/en\/wp-json\/wp\/v2\/users\/11"}],"replies":[{"embeddable":true,"href":"https:\/\/pulso27.com\/en\/wp-json\/wp\/v2\/comments?post=1867"}],"version-history":[{"count":1,"href":"https:\/\/pulso27.com\/en\/wp-json\/wp\/v2\/posts\/1867\/revisions"}],"predecessor-version":[{"id":1871,"href":"https:\/\/pulso27.com\/en\/wp-json\/wp\/v2\/posts\/1867\/revisions\/1871"}],"wp:featuredmedia":[{"embeddable":true,"href":"https:\/\/pulso27.com\/en\/wp-json\/wp\/v2\/media\/1868"}],"wp:attachment":[{"href":"https:\/\/pulso27.com\/en\/wp-json\/wp\/v2\/media?parent=1867"}],"wp:term":[{"taxonomy":"category","embeddable":true,"href":"https:\/\/pulso27.com\/en\/wp-json\/wp\/v2\/categories?post=1867"},{"taxonomy":"post_tag","embeddable":true,"href":"https:\/\/pulso27.com\/en\/wp-json\/wp\/v2\/tags?post=1867"}],"curies":[{"name":"wp","href":"https:\/\/api.w.org\/{rel}","templated":true}]}}