{"id":1877,"date":"2024-06-13T07:32:38","date_gmt":"2024-06-13T02:32:38","guid":{"rendered":"https:\/\/pulso27.com\/?p=1877"},"modified":"2024-06-13T07:32:39","modified_gmt":"2024-06-13T02:32:39","slug":"congreso-del-peru-aprueba-polemica-ley-que-eliminaria-delitos-de-crimenes-de-lesa-humanidad","status":"publish","type":"post","link":"https:\/\/pulso27.com\/en\/nacional\/congreso-del-peru-aprueba-polemica-ley-que-eliminaria-delitos-de-crimenes-de-lesa-humanidad\/","title":{"rendered":"Congreso del Per\u00fa aprueba pol\u00e9mica ley que eliminar\u00eda delitos de cr\u00edmenes de lesa humanidad"},"content":{"rendered":"<p>En sesi\u00f3n del pasado 6 de junio de 2024, el Pleno del Congreso del Per\u00fa ha dado un paso controvertido al aprobar en primera votaci\u00f3n el Proyecto de Ley 6951. Esta medida, que ha generado un intenso debate, porque plantea precisar la aplicaci\u00f3n y los alcances del delito de lesa humanidad y cr\u00edmenes de guerra en la legislaci\u00f3n peruana, pero ha sido concebida como una nueva \u00abLey de Amnist\u00eda\u00bb.<\/p>\n\n\n\n<p>La iniciativa, promovida por congresistas Fernando Rospigliosi de Fuerza Popular y Jos\u00e9 Cueto de Renovaci\u00f3n Popular, ha recibido cr\u00edticas por parte de diversos sectores de la sociedad peruana. Se se\u00f1ala que esta ley beneficiar\u00eda a exdictadores, terroristas y exfuncionarios investigados por asesinato, tortura y desaparici\u00f3n forzada.<\/p>\n\n\n\n<figure class=\"wp-block-image size-large\"><img loading=\"lazy\" decoding=\"async\" width=\"1024\" height=\"683\" src=\"https:\/\/pulso27.com\/wp-content\/uploads\/2024\/06\/LEsaHumn-1024x683.png\" alt=\"\" class=\"wp-image-1879\" srcset=\"https:\/\/pulso27.com\/wp-content\/uploads\/2024\/06\/LEsaHumn-1024x683.png 1024w, https:\/\/pulso27.com\/wp-content\/uploads\/2024\/06\/LEsaHumn-300x200.png 300w, https:\/\/pulso27.com\/wp-content\/uploads\/2024\/06\/LEsaHumn-768x512.png 768w, https:\/\/pulso27.com\/wp-content\/uploads\/2024\/06\/LEsaHumn-1536x1025.png 1536w, https:\/\/pulso27.com\/wp-content\/uploads\/2024\/06\/LEsaHumn-18x12.png 18w, https:\/\/pulso27.com\/wp-content\/uploads\/2024\/06\/LEsaHumn.png 1619w\" sizes=\"auto, (max-width: 1024px) 100vw, 1024px\" \/><figcaption class=\"wp-element-caption\"><em>Principales impulsores son los congresistas de Fuerza Popular y Renovaci\u00f3n Popular<\/em><\/figcaption><\/figure>\n\n\n\n<p>El proyecto, que ser\u00eda ratificado en una segunda votaci\u00f3n, cuenta con el respaldo de congresistas pertenecientes a Renovaci\u00f3n Popular, Fuerza Popular, Avanza Pa\u00eds y parlamentarios aliados de la derecha de otros grupos pol\u00edticos. Ellos argumentan que la ley busca respetar los principios legales y constitucionales, as\u00ed como los est\u00e1ndares del Derecho Internacional P\u00fablico, aunque ha despertado la preocupaci\u00f3n de diversos organismos internacionales de derechos humanos a trav\u00e9s de comunicados p\u00fablicos.<\/p>\n\n\n\n<p>Entre los principales beneficiarios de esta iniciativa se encontrar\u00edan individuos acusados de cometer cr\u00edmenes durante el conflicto armado interno entre las Fuerzas Armadas y grupos terroristas, que tuvo lugar entre 1980 y 2000 en el Per\u00fa. La posible prescripci\u00f3n de estos delitos no solo otorgar\u00eda impunidad a perpetradores sentenciados, sino que tambi\u00e9n desestimar\u00eda d\u00e9cadas de luchas legales y de b\u00fasqueda de justicia por parte de las v\u00edctimas y sus familias.<\/p>\n\n\n\n<figure class=\"wp-block-image size-large\"><img loading=\"lazy\" decoding=\"async\" width=\"1024\" height=\"576\" src=\"https:\/\/pulso27.com\/wp-content\/uploads\/2024\/06\/Lesahumanid-1-1024x576.png\" alt=\"\" class=\"wp-image-1880\" srcset=\"https:\/\/pulso27.com\/wp-content\/uploads\/2024\/06\/Lesahumanid-1-1024x576.png 1024w, https:\/\/pulso27.com\/wp-content\/uploads\/2024\/06\/Lesahumanid-1-300x169.png 300w, https:\/\/pulso27.com\/wp-content\/uploads\/2024\/06\/Lesahumanid-1-768x432.png 768w, https:\/\/pulso27.com\/wp-content\/uploads\/2024\/06\/Lesahumanid-1-18x10.png 18w, https:\/\/pulso27.com\/wp-content\/uploads\/2024\/06\/Lesahumanid-1.png 1200w\" sizes=\"auto, (max-width: 1024px) 100vw, 1024px\" \/><figcaption class=\"wp-element-caption\"><em>La poblaci\u00f3n considera que dicha Ley favorecer\u00eda al r\u00e9gimen de Alberto Fujimori<\/em><\/figcaption><\/figure>\n\n\n\n<p>Las v\u00edctimas de cr\u00edmenes de lesa humanidad y sus familiares han expresado su profunda preocupaci\u00f3n y rechazo frente al proyecto de Ley 6951. Argumentan que la ley no solo ser\u00eda una afrenta directa a su lucha por justicia, sino que tambi\u00e9n enviar\u00eda un mensaje de tolerancia ante la impunidad de los delitos m\u00e1s graves de la humanidad.<\/p>\n\n\n\n<p>Por ejemplo, la Comisi\u00f3n Interamericana de Derechos Humanos (CIDH) ha manifestado su preocupaci\u00f3n por esta medida, se\u00f1alando que establecer la prescripci\u00f3n de los delitos de lesa humanidad y de guerra podr\u00eda ir en contra de los principios del derecho internacional.<\/p>\n\n\n\n<p>La segunda votaci\u00f3n del proyecto de Ley 6951 marca un momento crucial en la historia de la justicia y los derechos humanos en Per\u00fa. Se espera que diversos colectivos de derechos humanos y organizaciones internacionales sigan de cerca esta votaci\u00f3n, instando al Congreso a considerar las implicaciones \u00e9ticas y jur\u00eddicas de esta medida.<\/p>\n\n\n\n<p>Fuente: Webs y redes de noticias<\/p>","protected":false},"excerpt":{"rendered":"<p>En sesi\u00f3n del pasado 6 de junio de 2024, el Pleno del Congreso del Per\u00fa ha dado un paso controvertido al aprobar en primera votaci\u00f3n el Proyecto de Ley 6951. Esta medida, que ha generado un intenso debate, porque plantea precisar la aplicaci\u00f3n y los alcances del delito de lesa humanidad y cr\u00edmenes de guerra [&hellip;]<\/p>\n","protected":false},"author":10,"featured_media":1878,"comment_status":"open","ping_status":"open","sticky":false,"template":"","format":"standard","meta":{"footnotes":""},"categories":[183,174,202],"tags":[719,749,748,763],"class_list":["post-1877","post","type-post","status-publish","format-standard","has-post-thumbnail","hentry","category-actualidad","category-nacional","category-sociedad","tag-congreso-de-la-republica-2","tag-crimenes","tag-lesa-humanidad","tag-ley"],"yoast_head":"<!-- This site is optimized with the Yoast SEO plugin v27.4 - https:\/\/yoast.com\/product\/yoast-seo-wordpress\/ -->\n<title>Congreso del Per\u00fa aprueba pol\u00e9mica ley que eliminar\u00eda delitos de cr\u00edmenes de lesa humanidad - Pulso27<\/title>\n<meta name=\"robots\" content=\"index, follow, max-snippet:-1, max-image-preview:large, max-video-preview:-1\" \/>\n<link rel=\"canonical\" href=\"https:\/\/pulso27.com\/en\/nacional\/congreso-del-peru-aprueba-polemica-ley-que-eliminaria-delitos-de-crimenes-de-lesa-humanidad\/\" \/>\n<meta property=\"og:locale\" content=\"en_US\" \/>\n<meta property=\"og:type\" content=\"article\" \/>\n<meta property=\"og:title\" content=\"Congreso del Per\u00fa aprueba pol\u00e9mica ley que eliminar\u00eda delitos de cr\u00edmenes de lesa humanidad - Pulso27\" \/>\n<meta property=\"og:description\" content=\"En sesi\u00f3n del pasado 6 de junio de 2024, el Pleno del Congreso del Per\u00fa ha dado un paso controvertido al aprobar en primera votaci\u00f3n el Proyecto de Ley 6951. Esta medida, que ha generado un intenso debate, porque plantea precisar la aplicaci\u00f3n y los alcances del delito de lesa humanidad y cr\u00edmenes de guerra [&hellip;]\" \/>\n<meta property=\"og:url\" content=\"https:\/\/pulso27.com\/en\/nacional\/congreso-del-peru-aprueba-polemica-ley-que-eliminaria-delitos-de-crimenes-de-lesa-humanidad\/\" \/>\n<meta property=\"og:site_name\" content=\"Pulso27\" \/>\n<meta property=\"article:publisher\" content=\"https:\/\/www.facebook.com\/pulso27\/\" \/>\n<meta property=\"article:published_time\" content=\"2024-06-13T02:32:38+00:00\" \/>\n<meta property=\"article:modified_time\" content=\"2024-06-13T02:32:39+00:00\" \/>\n<meta property=\"og:image\" content=\"https:\/\/pulso27.com\/wp-content\/uploads\/2024\/06\/Lesa-humani.jpg\" \/>\n\t<meta property=\"og:image:width\" content=\"1280\" \/>\n\t<meta property=\"og:image:height\" content=\"720\" \/>\n\t<meta property=\"og:image:type\" content=\"image\/jpeg\" \/>\n<meta name=\"author\" content=\"El Muki\" \/>\n<meta name=\"twitter:card\" content=\"summary_large_image\" \/>\n<meta name=\"twitter:creator\" content=\"@Pulso_27\" \/>\n<meta name=\"twitter:site\" content=\"@Pulso_27\" \/>\n<meta name=\"twitter:label1\" content=\"Written by\" \/>\n\t<meta name=\"twitter:data1\" content=\"El Muki\" \/>\n\t<meta name=\"twitter:label2\" content=\"Est. reading time\" \/>\n\t<meta name=\"twitter:data2\" content=\"2 minutes\" \/>\n<script type=\"application\/ld+json\" class=\"yoast-schema-graph\">{\"@context\":\"https:\\\/\\\/schema.org\",\"@graph\":[{\"@type\":\"Article\",\"@id\":\"https:\\\/\\\/pulso27.com\\\/nacional\\\/congreso-del-peru-aprueba-polemica-ley-que-eliminaria-delitos-de-crimenes-de-lesa-humanidad\\\/#article\",\"isPartOf\":{\"@id\":\"https:\\\/\\\/pulso27.com\\\/nacional\\\/congreso-del-peru-aprueba-polemica-ley-que-eliminaria-delitos-de-crimenes-de-lesa-humanidad\\\/\"},\"author\":{\"name\":\"El Muki\",\"@id\":\"https:\\\/\\\/pulso27.com\\\/en\\\/#\\\/schema\\\/person\\\/a0930a7f318e7d9d83bd7cffed9f34f6\"},\"headline\":\"Congreso del Per\u00fa aprueba pol\u00e9mica ley que eliminar\u00eda delitos de cr\u00edmenes de lesa humanidad\",\"datePublished\":\"2024-06-13T02:32:38+00:00\",\"dateModified\":\"2024-06-13T02:32:39+00:00\",\"mainEntityOfPage\":{\"@id\":\"https:\\\/\\\/pulso27.com\\\/nacional\\\/congreso-del-peru-aprueba-polemica-ley-que-eliminaria-delitos-de-crimenes-de-lesa-humanidad\\\/\"},\"wordCount\":493,\"commentCount\":0,\"publisher\":{\"@id\":\"https:\\\/\\\/pulso27.com\\\/en\\\/#organization\"},\"image\":{\"@id\":\"https:\\\/\\\/pulso27.com\\\/nacional\\\/congreso-del-peru-aprueba-polemica-ley-que-eliminaria-delitos-de-crimenes-de-lesa-humanidad\\\/#primaryimage\"},\"thumbnailUrl\":\"https:\\\/\\\/pulso27.com\\\/wp-content\\\/uploads\\\/2024\\\/06\\\/Lesa-humani.jpg\",\"keywords\":[\"Congreso de la Rep\u00fablica\",\"Cr\u00edmenes\",\"Lesa humanidad\",\"Ley\"],\"articleSection\":[\"Actualidad\",\"Nacional\",\"Sociedad\"],\"inLanguage\":\"en-US\",\"potentialAction\":[{\"@type\":\"CommentAction\",\"name\":\"Comment\",\"target\":[\"https:\\\/\\\/pulso27.com\\\/nacional\\\/congreso-del-peru-aprueba-polemica-ley-que-eliminaria-delitos-de-crimenes-de-lesa-humanidad\\\/#respond\"]}]},{\"@type\":\"WebPage\",\"@id\":\"https:\\\/\\\/pulso27.com\\\/nacional\\\/congreso-del-peru-aprueba-polemica-ley-que-eliminaria-delitos-de-crimenes-de-lesa-humanidad\\\/\",\"url\":\"https:\\\/\\\/pulso27.com\\\/nacional\\\/congreso-del-peru-aprueba-polemica-ley-que-eliminaria-delitos-de-crimenes-de-lesa-humanidad\\\/\",\"name\":\"Congreso del Per\u00fa aprueba pol\u00e9mica ley que eliminar\u00eda delitos de cr\u00edmenes de lesa humanidad - Pulso27\",\"isPartOf\":{\"@id\":\"https:\\\/\\\/pulso27.com\\\/en\\\/#website\"},\"primaryImageOfPage\":{\"@id\":\"https:\\\/\\\/pulso27.com\\\/nacional\\\/congreso-del-peru-aprueba-polemica-ley-que-eliminaria-delitos-de-crimenes-de-lesa-humanidad\\\/#primaryimage\"},\"image\":{\"@id\":\"https:\\\/\\\/pulso27.com\\\/nacional\\\/congreso-del-peru-aprueba-polemica-ley-que-eliminaria-delitos-de-crimenes-de-lesa-humanidad\\\/#primaryimage\"},\"thumbnailUrl\":\"https:\\\/\\\/pulso27.com\\\/wp-content\\\/uploads\\\/2024\\\/06\\\/Lesa-humani.jpg\",\"datePublished\":\"2024-06-13T02:32:38+00:00\",\"dateModified\":\"2024-06-13T02:32:39+00:00\",\"breadcrumb\":{\"@id\":\"https:\\\/\\\/pulso27.com\\\/nacional\\\/congreso-del-peru-aprueba-polemica-ley-que-eliminaria-delitos-de-crimenes-de-lesa-humanidad\\\/#breadcrumb\"},\"inLanguage\":\"en-US\",\"potentialAction\":[{\"@type\":\"ReadAction\",\"target\":[\"https:\\\/\\\/pulso27.com\\\/nacional\\\/congreso-del-peru-aprueba-polemica-ley-que-eliminaria-delitos-de-crimenes-de-lesa-humanidad\\\/\"]}]},{\"@type\":\"ImageObject\",\"inLanguage\":\"en-US\",\"@id\":\"https:\\\/\\\/pulso27.com\\\/nacional\\\/congreso-del-peru-aprueba-polemica-ley-que-eliminaria-delitos-de-crimenes-de-lesa-humanidad\\\/#primaryimage\",\"url\":\"https:\\\/\\\/pulso27.com\\\/wp-content\\\/uploads\\\/2024\\\/06\\\/Lesa-humani.jpg\",\"contentUrl\":\"https:\\\/\\\/pulso27.com\\\/wp-content\\\/uploads\\\/2024\\\/06\\\/Lesa-humani.jpg\",\"width\":1280,\"height\":720},{\"@type\":\"BreadcrumbList\",\"@id\":\"https:\\\/\\\/pulso27.com\\\/nacional\\\/congreso-del-peru-aprueba-polemica-ley-que-eliminaria-delitos-de-crimenes-de-lesa-humanidad\\\/#breadcrumb\",\"itemListElement\":[{\"@type\":\"ListItem\",\"position\":1,\"name\":\"Portada\",\"item\":\"https:\\\/\\\/pulso27.com\\\/\"},{\"@type\":\"ListItem\",\"position\":2,\"name\":\"Congreso del Per\u00fa aprueba pol\u00e9mica ley que eliminar\u00eda delitos de cr\u00edmenes de lesa humanidad\"}]},{\"@type\":\"WebSite\",\"@id\":\"https:\\\/\\\/pulso27.com\\\/en\\\/#website\",\"url\":\"https:\\\/\\\/pulso27.com\\\/en\\\/\",\"name\":\"Pulso27\",\"description\":\"Web de noticias y publicidad\",\"publisher\":{\"@id\":\"https:\\\/\\\/pulso27.com\\\/en\\\/#organization\"},\"alternateName\":\"El pulso del pueblo\",\"potentialAction\":[{\"@type\":\"SearchAction\",\"target\":{\"@type\":\"EntryPoint\",\"urlTemplate\":\"https:\\\/\\\/pulso27.com\\\/en\\\/?s={search_term_string}\"},\"query-input\":{\"@type\":\"PropertyValueSpecification\",\"valueRequired\":true,\"valueName\":\"search_term_string\"}}],\"inLanguage\":\"en-US\"},{\"@type\":\"Organization\",\"@id\":\"https:\\\/\\\/pulso27.com\\\/en\\\/#organization\",\"name\":\"Pulso27\",\"url\":\"https:\\\/\\\/pulso27.com\\\/en\\\/\",\"logo\":{\"@type\":\"ImageObject\",\"inLanguage\":\"en-US\",\"@id\":\"https:\\\/\\\/pulso27.com\\\/en\\\/#\\\/schema\\\/logo\\\/image\\\/\",\"url\":\"https:\\\/\\\/pulso27.com\\\/wp-content\\\/uploads\\\/2026\\\/02\\\/Logotipo-de-la-organizacion-696-x-696-px-ok.png\",\"contentUrl\":\"https:\\\/\\\/pulso27.com\\\/wp-content\\\/uploads\\\/2026\\\/02\\\/Logotipo-de-la-organizacion-696-x-696-px-ok.png\",\"width\":696,\"height\":696,\"caption\":\"Pulso27\"},\"image\":{\"@id\":\"https:\\\/\\\/pulso27.com\\\/en\\\/#\\\/schema\\\/logo\\\/image\\\/\"},\"sameAs\":[\"https:\\\/\\\/www.facebook.com\\\/pulso27\\\/\",\"https:\\\/\\\/x.com\\\/Pulso_27\",\"https:\\\/\\\/www.youtube.com\\\/@Pulso27\",\"https:\\\/\\\/www.tiktok.com\\\/@pulso_27\"]},{\"@type\":\"Person\",\"@id\":\"https:\\\/\\\/pulso27.com\\\/en\\\/#\\\/schema\\\/person\\\/a0930a7f318e7d9d83bd7cffed9f34f6\",\"name\":\"El Muki\",\"image\":{\"@type\":\"ImageObject\",\"inLanguage\":\"en-US\",\"@id\":\"https:\\\/\\\/secure.gravatar.com\\\/avatar\\\/dc91c2607c5eebda74cbb40d13031f489096c96ead89c4c30c17db262267b2b3?s=96&d=mm&r=g\",\"url\":\"https:\\\/\\\/secure.gravatar.com\\\/avatar\\\/dc91c2607c5eebda74cbb40d13031f489096c96ead89c4c30c17db262267b2b3?s=96&d=mm&r=g\",\"contentUrl\":\"https:\\\/\\\/secure.gravatar.com\\\/avatar\\\/dc91c2607c5eebda74cbb40d13031f489096c96ead89c4c30c17db262267b2b3?s=96&d=mm&r=g\",\"caption\":\"El Muki\"},\"sameAs\":[\"http:\\\/\\\/www.pulso27.com\"],\"url\":\"https:\\\/\\\/pulso27.com\\\/en\\\/author\\\/elcuervo\\\/\"}]}<\/script>\n<!-- \/ Yoast SEO plugin. -->","yoast_head_json":{"title":"Congreso del Per\u00fa aprueba pol\u00e9mica ley que eliminar\u00eda delitos de cr\u00edmenes de lesa humanidad - Pulso27","robots":{"index":"index","follow":"follow","max-snippet":"max-snippet:-1","max-image-preview":"max-image-preview:large","max-video-preview":"max-video-preview:-1"},"canonical":"https:\/\/pulso27.com\/en\/nacional\/congreso-del-peru-aprueba-polemica-ley-que-eliminaria-delitos-de-crimenes-de-lesa-humanidad\/","og_locale":"en_US","og_type":"article","og_title":"Congreso del Per\u00fa aprueba pol\u00e9mica ley que eliminar\u00eda delitos de cr\u00edmenes de lesa humanidad - Pulso27","og_description":"En sesi\u00f3n del pasado 6 de junio de 2024, el Pleno del Congreso del Per\u00fa ha dado un paso controvertido al aprobar en primera votaci\u00f3n el Proyecto de Ley 6951. Esta medida, que ha generado un intenso debate, porque plantea precisar la aplicaci\u00f3n y los alcances del delito de lesa humanidad y cr\u00edmenes de guerra [&hellip;]","og_url":"https:\/\/pulso27.com\/en\/nacional\/congreso-del-peru-aprueba-polemica-ley-que-eliminaria-delitos-de-crimenes-de-lesa-humanidad\/","og_site_name":"Pulso27","article_publisher":"https:\/\/www.facebook.com\/pulso27\/","article_published_time":"2024-06-13T02:32:38+00:00","article_modified_time":"2024-06-13T02:32:39+00:00","og_image":[{"width":1280,"height":720,"url":"https:\/\/pulso27.com\/wp-content\/uploads\/2024\/06\/Lesa-humani.jpg","type":"image\/jpeg"}],"author":"El Muki","twitter_card":"summary_large_image","twitter_creator":"@Pulso_27","twitter_site":"@Pulso_27","twitter_misc":{"Written by":"El Muki","Est. reading time":"2 minutes"},"schema":{"@context":"https:\/\/schema.org","@graph":[{"@type":"Article","@id":"https:\/\/pulso27.com\/nacional\/congreso-del-peru-aprueba-polemica-ley-que-eliminaria-delitos-de-crimenes-de-lesa-humanidad\/#article","isPartOf":{"@id":"https:\/\/pulso27.com\/nacional\/congreso-del-peru-aprueba-polemica-ley-que-eliminaria-delitos-de-crimenes-de-lesa-humanidad\/"},"author":{"name":"El Muki","@id":"https:\/\/pulso27.com\/en\/#\/schema\/person\/a0930a7f318e7d9d83bd7cffed9f34f6"},"headline":"Congreso del Per\u00fa aprueba pol\u00e9mica ley que eliminar\u00eda delitos de cr\u00edmenes de lesa humanidad","datePublished":"2024-06-13T02:32:38+00:00","dateModified":"2024-06-13T02:32:39+00:00","mainEntityOfPage":{"@id":"https:\/\/pulso27.com\/nacional\/congreso-del-peru-aprueba-polemica-ley-que-eliminaria-delitos-de-crimenes-de-lesa-humanidad\/"},"wordCount":493,"commentCount":0,"publisher":{"@id":"https:\/\/pulso27.com\/en\/#organization"},"image":{"@id":"https:\/\/pulso27.com\/nacional\/congreso-del-peru-aprueba-polemica-ley-que-eliminaria-delitos-de-crimenes-de-lesa-humanidad\/#primaryimage"},"thumbnailUrl":"https:\/\/pulso27.com\/wp-content\/uploads\/2024\/06\/Lesa-humani.jpg","keywords":["Congreso de la Rep\u00fablica","Cr\u00edmenes","Lesa humanidad","Ley"],"articleSection":["Actualidad","Nacional","Sociedad"],"inLanguage":"en-US","potentialAction":[{"@type":"CommentAction","name":"Comment","target":["https:\/\/pulso27.com\/nacional\/congreso-del-peru-aprueba-polemica-ley-que-eliminaria-delitos-de-crimenes-de-lesa-humanidad\/#respond"]}]},{"@type":"WebPage","@id":"https:\/\/pulso27.com\/nacional\/congreso-del-peru-aprueba-polemica-ley-que-eliminaria-delitos-de-crimenes-de-lesa-humanidad\/","url":"https:\/\/pulso27.com\/nacional\/congreso-del-peru-aprueba-polemica-ley-que-eliminaria-delitos-de-crimenes-de-lesa-humanidad\/","name":"Congreso del Per\u00fa aprueba pol\u00e9mica ley que eliminar\u00eda delitos de cr\u00edmenes de lesa humanidad - Pulso27","isPartOf":{"@id":"https:\/\/pulso27.com\/en\/#website"},"primaryImageOfPage":{"@id":"https:\/\/pulso27.com\/nacional\/congreso-del-peru-aprueba-polemica-ley-que-eliminaria-delitos-de-crimenes-de-lesa-humanidad\/#primaryimage"},"image":{"@id":"https:\/\/pulso27.com\/nacional\/congreso-del-peru-aprueba-polemica-ley-que-eliminaria-delitos-de-crimenes-de-lesa-humanidad\/#primaryimage"},"thumbnailUrl":"https:\/\/pulso27.com\/wp-content\/uploads\/2024\/06\/Lesa-humani.jpg","datePublished":"2024-06-13T02:32:38+00:00","dateModified":"2024-06-13T02:32:39+00:00","breadcrumb":{"@id":"https:\/\/pulso27.com\/nacional\/congreso-del-peru-aprueba-polemica-ley-que-eliminaria-delitos-de-crimenes-de-lesa-humanidad\/#breadcrumb"},"inLanguage":"en-US","potentialAction":[{"@type":"ReadAction","target":["https:\/\/pulso27.com\/nacional\/congreso-del-peru-aprueba-polemica-ley-que-eliminaria-delitos-de-crimenes-de-lesa-humanidad\/"]}]},{"@type":"ImageObject","inLanguage":"en-US","@id":"https:\/\/pulso27.com\/nacional\/congreso-del-peru-aprueba-polemica-ley-que-eliminaria-delitos-de-crimenes-de-lesa-humanidad\/#primaryimage","url":"https:\/\/pulso27.com\/wp-content\/uploads\/2024\/06\/Lesa-humani.jpg","contentUrl":"https:\/\/pulso27.com\/wp-content\/uploads\/2024\/06\/Lesa-humani.jpg","width":1280,"height":720},{"@type":"BreadcrumbList","@id":"https:\/\/pulso27.com\/nacional\/congreso-del-peru-aprueba-polemica-ley-que-eliminaria-delitos-de-crimenes-de-lesa-humanidad\/#breadcrumb","itemListElement":[{"@type":"ListItem","position":1,"name":"Portada","item":"https:\/\/pulso27.com\/"},{"@type":"ListItem","position":2,"name":"Congreso del Per\u00fa aprueba pol\u00e9mica ley que eliminar\u00eda delitos de cr\u00edmenes de lesa humanidad"}]},{"@type":"WebSite","@id":"https:\/\/pulso27.com\/en\/#website","url":"https:\/\/pulso27.com\/en\/","name":"Pulso27","description":"Web de noticias y publicidad","publisher":{"@id":"https:\/\/pulso27.com\/en\/#organization"},"alternateName":"El pulso del pueblo","potentialAction":[{"@type":"SearchAction","target":{"@type":"EntryPoint","urlTemplate":"https:\/\/pulso27.com\/en\/?s={search_term_string}"},"query-input":{"@type":"PropertyValueSpecification","valueRequired":true,"valueName":"search_term_string"}}],"inLanguage":"en-US"},{"@type":"Organization","@id":"https:\/\/pulso27.com\/en\/#organization","name":"Pulso27","url":"https:\/\/pulso27.com\/en\/","logo":{"@type":"ImageObject","inLanguage":"en-US","@id":"https:\/\/pulso27.com\/en\/#\/schema\/logo\/image\/","url":"https:\/\/pulso27.com\/wp-content\/uploads\/2026\/02\/Logotipo-de-la-organizacion-696-x-696-px-ok.png","contentUrl":"https:\/\/pulso27.com\/wp-content\/uploads\/2026\/02\/Logotipo-de-la-organizacion-696-x-696-px-ok.png","width":696,"height":696,"caption":"Pulso27"},"image":{"@id":"https:\/\/pulso27.com\/en\/#\/schema\/logo\/image\/"},"sameAs":["https:\/\/www.facebook.com\/pulso27\/","https:\/\/x.com\/Pulso_27","https:\/\/www.youtube.com\/@Pulso27","https:\/\/www.tiktok.com\/@pulso_27"]},{"@type":"Person","@id":"https:\/\/pulso27.com\/en\/#\/schema\/person\/a0930a7f318e7d9d83bd7cffed9f34f6","name":"El Muki","image":{"@type":"ImageObject","inLanguage":"en-US","@id":"https:\/\/secure.gravatar.com\/avatar\/dc91c2607c5eebda74cbb40d13031f489096c96ead89c4c30c17db262267b2b3?s=96&d=mm&r=g","url":"https:\/\/secure.gravatar.com\/avatar\/dc91c2607c5eebda74cbb40d13031f489096c96ead89c4c30c17db262267b2b3?s=96&d=mm&r=g","contentUrl":"https:\/\/secure.gravatar.com\/avatar\/dc91c2607c5eebda74cbb40d13031f489096c96ead89c4c30c17db262267b2b3?s=96&d=mm&r=g","caption":"El Muki"},"sameAs":["http:\/\/www.pulso27.com"],"url":"https:\/\/pulso27.com\/en\/author\/elcuervo\/"}]}},"amp_enabled":true,"_links":{"self":[{"href":"https:\/\/pulso27.com\/en\/wp-json\/wp\/v2\/posts\/1877","targetHints":{"allow":["GET"]}}],"collection":[{"href":"https:\/\/pulso27.com\/en\/wp-json\/wp\/v2\/posts"}],"about":[{"href":"https:\/\/pulso27.com\/en\/wp-json\/wp\/v2\/types\/post"}],"author":[{"embeddable":true,"href":"https:\/\/pulso27.com\/en\/wp-json\/wp\/v2\/users\/10"}],"replies":[{"embeddable":true,"href":"https:\/\/pulso27.com\/en\/wp-json\/wp\/v2\/comments?post=1877"}],"version-history":[{"count":1,"href":"https:\/\/pulso27.com\/en\/wp-json\/wp\/v2\/posts\/1877\/revisions"}],"predecessor-version":[{"id":1881,"href":"https:\/\/pulso27.com\/en\/wp-json\/wp\/v2\/posts\/1877\/revisions\/1881"}],"wp:featuredmedia":[{"embeddable":true,"href":"https:\/\/pulso27.com\/en\/wp-json\/wp\/v2\/media\/1878"}],"wp:attachment":[{"href":"https:\/\/pulso27.com\/en\/wp-json\/wp\/v2\/media?parent=1877"}],"wp:term":[{"taxonomy":"category","embeddable":true,"href":"https:\/\/pulso27.com\/en\/wp-json\/wp\/v2\/categories?post=1877"},{"taxonomy":"post_tag","embeddable":true,"href":"https:\/\/pulso27.com\/en\/wp-json\/wp\/v2\/tags?post=1877"}],"curies":[{"name":"wp","href":"https:\/\/api.w.org\/{rel}","templated":true}]}}