{"id":1974,"date":"2024-09-05T22:59:03","date_gmt":"2024-09-05T17:59:03","guid":{"rendered":"https:\/\/pulso27.com\/?p=1974"},"modified":"2024-09-15T02:39:27","modified_gmt":"2024-09-14T21:39:27","slug":"flor-de-la-cantuta-flor-sagrada-de-los-incas","status":"publish","type":"post","link":"https:\/\/pulso27.com\/en\/otros\/flor-de-la-cantuta-flor-sagrada-de-los-incas\/","title":{"rendered":"Flor de la Cantuta, \u00abflor sagrada de los incas\u00bb"},"content":{"rendered":"<p>La flor de la Cantuta, conocida como la \u00abflor sagrada de los incas\u00bb, ocupa un lugar muy especial en la historia y cultura del Per\u00fa. Su nombre cient\u00edfico es Cantua buxifolia, y es una planta end\u00e9mica de la regi\u00f3n andina, donde crece a altitudes que superan los 3,000 metros sobre el nivel del mar. Esta flor, que deslumbra por su intenso colorido, no solo es apreciada por su belleza, sino tambi\u00e9n por su profundo significado simb\u00f3lico para los incas, durante sus conquistas, logros y vivencias.<\/p>\n\n\n\n<p>Para los incas, la flor de Cantuta representaba la pureza y el v\u00ednculo entre el cielo y la tierra. Se ofrec\u00eda en rituales religiosos para honrar a los dioses, especialmente al dios Sol, Inti, y a la Pachamama, la madre tierra. Este uso sagrado hizo que la flor fuese cultivada en los jardines de la nobleza y en los templos principales, como los de Cusco, la capital del imperio incaico.<\/p>\n\n\n\n<figure class=\"wp-block-image size-large\"><img loading=\"lazy\" decoding=\"async\" width=\"1024\" height=\"768\" src=\"https:\/\/pulso27.com\/wp-content\/uploads\/2024\/09\/Florr-Cantuta-1-1024x768.jpg\" alt=\"\" class=\"wp-image-1980\" srcset=\"https:\/\/pulso27.com\/wp-content\/uploads\/2024\/09\/Florr-Cantuta-1-1024x768.jpg 1024w, https:\/\/pulso27.com\/wp-content\/uploads\/2024\/09\/Florr-Cantuta-1-300x225.jpg 300w, https:\/\/pulso27.com\/wp-content\/uploads\/2024\/09\/Florr-Cantuta-1-768x576.jpg 768w, https:\/\/pulso27.com\/wp-content\/uploads\/2024\/09\/Florr-Cantuta-1-16x12.jpg 16w, https:\/\/pulso27.com\/wp-content\/uploads\/2024\/09\/Florr-Cantuta-1.jpg 1096w\" sizes=\"auto, (max-width: 1024px) 100vw, 1024px\" \/><figcaption class=\"wp-element-caption\"><em>Presencia de la Flor de la Cantuta en las fiestas costumbristas de los andes peruanos<\/em><\/figcaption><\/figure>\n\n\n\n<p>En la actualidad, la Flor de Cantuta sigue siendo un s\u00edmbolo de identidad para los peruanos, especialmente en las zonas rurales de los Andes, donde la cultura Inca a\u00fan pervive en tradiciones y costumbres milenarias. Es tambi\u00e9n una de las flores nacionales de Per\u00fa y Bolivia, un lazo simb\u00f3lico que une a ambos pa\u00edses en su historia compartida.<\/p>\n\n\n\n<p>Adem\u00e1s de su valor simb\u00f3lico, la Flor de Cantuta es vista como un testimonio viviente de la grandeza de los incas y de su respeto por la naturaleza. En las comunidades andinas, se contin\u00faa utilizando en fiestas costumbristas y se la considera un s\u00edmbolo de buen augurio. As\u00ed, esta flor est\u00e1 presente no solo en las monta\u00f1as peruanas, sino tambi\u00e9n en la memoria cultural de un pueblo que ha logrado mantener su herencia ancestral a trav\u00e9s de los siglos.<\/p>\n\n\n\n<p>Su delicada forma tubular, la vibrante combinaci\u00f3n de colores y su fuerte relaci\u00f3n con la historia incaica hacen de la Cantuta m\u00e1s que una flor: es un legado que florece en los corazones de quienes valoran el v\u00ednculo entre la naturaleza, la historia y la identidad cultural.<\/p>\n\n\n\n<p>El lugar importante que ocupa la flor de la Cantuta en la vida de los pobladores del Per\u00fa profundo, fue graficado tambi\u00e9n en la canci\u00f3n \u00abFlor de la Cantuta\u00bb escrita por un cantautor ayacuchano de sobrenombre \u201cPuka Pirucha\u201d, reflejando la belleza y simbolismo de la mencionada flor sagrada, que a la letra dice:<\/p>\n\n\n<div class=\"wp-block-image\">\n<figure class=\"alignright size-full is-resized\"><img loading=\"lazy\" decoding=\"async\" width=\"468\" height=\"700\" src=\"https:\/\/pulso27.com\/wp-content\/uploads\/2024\/09\/Florcantuta-2.jpg\" alt=\"\" class=\"wp-image-1982\" style=\"width:414px;height:auto\" srcset=\"https:\/\/pulso27.com\/wp-content\/uploads\/2024\/09\/Florcantuta-2.jpg 468w, https:\/\/pulso27.com\/wp-content\/uploads\/2024\/09\/Florcantuta-2-201x300.jpg 201w, https:\/\/pulso27.com\/wp-content\/uploads\/2024\/09\/Florcantuta-2-8x12.jpg 8w\" sizes=\"auto, (max-width: 468px) 100vw, 468px\" \/><\/figure><\/div>\n\n\n<p>\u00abFlor de cantuta, bella y hermosa<br>Eres rojita, color de sangre<br>Como esa sangre que hoy derraman<br>Aquellos hombres del mundo andino<br>Ellos que hoy pintan la gran historia<br>Flor de cantuta, flor despreciada<br>Te marginaron porque eres roja<br>Pues t\u00fa no sirves para que adornes<br>Altar de lujo, altar que oprime<br>Solo adornas altar de humildes<br>Cuando me hieran, cuando me sangren<br>Que me arrastren bajo tu sombra<br>Quisiera sangrar a tus ra\u00edces<br>Para que florezcas a\u00fan m\u00e1s rojita<br>Ser esperanza de nueva vida<br>Cuando me hieran, cuando me sangren<br>Que me arrastren bajo tu sombra<br>Quisiera sangrar a tus ra\u00edces<br>Para que florezcas a\u00fan m\u00e1s rojita<br>Ser esperanza de nueva vida<\/p>","protected":false},"excerpt":{"rendered":"<p>La flor de la Cantuta, conocida como la \u00abflor sagrada de los incas\u00bb, ocupa un lugar muy especial en la historia y cultura del Per\u00fa. Su nombre cient\u00edfico es Cantua buxifolia, y es una planta end\u00e9mica de la regi\u00f3n andina, donde crece a altitudes que superan los 3,000 metros sobre el nivel del mar. Esta [&hellip;]<\/p>\n","protected":false},"author":5,"featured_media":1977,"comment_status":"open","ping_status":"open","sticky":false,"template":"","format":"standard","meta":{"footnotes":""},"categories":[1],"tags":[],"class_list":["post-1974","post","type-post","status-publish","format-standard","has-post-thumbnail","hentry","category-otros"],"yoast_head":"<!-- This site is optimized with the Yoast SEO plugin v27.4 - https:\/\/yoast.com\/product\/yoast-seo-wordpress\/ -->\n<title>Flor de la Cantuta, &quot;flor sagrada de los incas&quot; - Pulso27<\/title>\n<meta name=\"robots\" content=\"index, follow, max-snippet:-1, max-image-preview:large, max-video-preview:-1\" \/>\n<link rel=\"canonical\" href=\"https:\/\/pulso27.com\/en\/otros\/flor-de-la-cantuta-flor-sagrada-de-los-incas\/\" \/>\n<meta property=\"og:locale\" content=\"en_US\" \/>\n<meta property=\"og:type\" content=\"article\" \/>\n<meta property=\"og:title\" content=\"Flor de la Cantuta, &quot;flor sagrada de los incas&quot; - Pulso27\" \/>\n<meta property=\"og:description\" content=\"La flor de la Cantuta, conocida como la \u00abflor sagrada de los incas\u00bb, ocupa un lugar muy especial en la historia y cultura del Per\u00fa. Su nombre cient\u00edfico es Cantua buxifolia, y es una planta end\u00e9mica de la regi\u00f3n andina, donde crece a altitudes que superan los 3,000 metros sobre el nivel del mar. Esta [&hellip;]\" \/>\n<meta property=\"og:url\" content=\"https:\/\/pulso27.com\/en\/otros\/flor-de-la-cantuta-flor-sagrada-de-los-incas\/\" \/>\n<meta property=\"og:site_name\" content=\"Pulso27\" \/>\n<meta property=\"article:publisher\" content=\"https:\/\/www.facebook.com\/pulso27\/\" \/>\n<meta property=\"article:published_time\" content=\"2024-09-05T17:59:03+00:00\" \/>\n<meta property=\"article:modified_time\" content=\"2024-09-14T21:39:27+00:00\" \/>\n<meta property=\"og:image\" content=\"https:\/\/pulso27.com\/wp-content\/uploads\/2024\/09\/Flor-Cantuta.png\" \/>\n\t<meta property=\"og:image:width\" content=\"1200\" \/>\n\t<meta property=\"og:image:height\" content=\"628\" \/>\n\t<meta property=\"og:image:type\" content=\"image\/png\" \/>\n<meta name=\"author\" content=\"admin\" \/>\n<meta name=\"twitter:card\" content=\"summary_large_image\" \/>\n<meta name=\"twitter:creator\" content=\"@Pulso_27\" \/>\n<meta name=\"twitter:site\" content=\"@Pulso_27\" \/>\n<meta name=\"twitter:label1\" content=\"Written by\" \/>\n\t<meta name=\"twitter:data1\" content=\"admin\" \/>\n\t<meta name=\"twitter:label2\" content=\"Est. reading time\" \/>\n\t<meta name=\"twitter:data2\" content=\"3 minutes\" \/>\n<script type=\"application\/ld+json\" class=\"yoast-schema-graph\">{\"@context\":\"https:\\\/\\\/schema.org\",\"@graph\":[{\"@type\":\"Article\",\"@id\":\"https:\\\/\\\/pulso27.com\\\/otros\\\/flor-de-la-cantuta-flor-sagrada-de-los-incas\\\/#article\",\"isPartOf\":{\"@id\":\"https:\\\/\\\/pulso27.com\\\/otros\\\/flor-de-la-cantuta-flor-sagrada-de-los-incas\\\/\"},\"author\":{\"name\":\"admin\",\"@id\":\"https:\\\/\\\/pulso27.com\\\/en\\\/#\\\/schema\\\/person\\\/df15ecbcbba89b8627097bc602dc9e15\"},\"headline\":\"Flor de la Cantuta, \u00abflor sagrada de los incas\u00bb\",\"datePublished\":\"2024-09-05T17:59:03+00:00\",\"dateModified\":\"2024-09-14T21:39:27+00:00\",\"mainEntityOfPage\":{\"@id\":\"https:\\\/\\\/pulso27.com\\\/otros\\\/flor-de-la-cantuta-flor-sagrada-de-los-incas\\\/\"},\"wordCount\":540,\"commentCount\":0,\"publisher\":{\"@id\":\"https:\\\/\\\/pulso27.com\\\/en\\\/#organization\"},\"image\":{\"@id\":\"https:\\\/\\\/pulso27.com\\\/otros\\\/flor-de-la-cantuta-flor-sagrada-de-los-incas\\\/#primaryimage\"},\"thumbnailUrl\":\"https:\\\/\\\/pulso27.com\\\/wp-content\\\/uploads\\\/2024\\\/09\\\/Flor-Cantuta.png\",\"articleSection\":[\"Otros\"],\"inLanguage\":\"en-US\",\"potentialAction\":[{\"@type\":\"CommentAction\",\"name\":\"Comment\",\"target\":[\"https:\\\/\\\/pulso27.com\\\/otros\\\/flor-de-la-cantuta-flor-sagrada-de-los-incas\\\/#respond\"]}]},{\"@type\":\"WebPage\",\"@id\":\"https:\\\/\\\/pulso27.com\\\/otros\\\/flor-de-la-cantuta-flor-sagrada-de-los-incas\\\/\",\"url\":\"https:\\\/\\\/pulso27.com\\\/otros\\\/flor-de-la-cantuta-flor-sagrada-de-los-incas\\\/\",\"name\":\"Flor de la Cantuta, \\\"flor sagrada de los incas\\\" - Pulso27\",\"isPartOf\":{\"@id\":\"https:\\\/\\\/pulso27.com\\\/en\\\/#website\"},\"primaryImageOfPage\":{\"@id\":\"https:\\\/\\\/pulso27.com\\\/otros\\\/flor-de-la-cantuta-flor-sagrada-de-los-incas\\\/#primaryimage\"},\"image\":{\"@id\":\"https:\\\/\\\/pulso27.com\\\/otros\\\/flor-de-la-cantuta-flor-sagrada-de-los-incas\\\/#primaryimage\"},\"thumbnailUrl\":\"https:\\\/\\\/pulso27.com\\\/wp-content\\\/uploads\\\/2024\\\/09\\\/Flor-Cantuta.png\",\"datePublished\":\"2024-09-05T17:59:03+00:00\",\"dateModified\":\"2024-09-14T21:39:27+00:00\",\"breadcrumb\":{\"@id\":\"https:\\\/\\\/pulso27.com\\\/otros\\\/flor-de-la-cantuta-flor-sagrada-de-los-incas\\\/#breadcrumb\"},\"inLanguage\":\"en-US\",\"potentialAction\":[{\"@type\":\"ReadAction\",\"target\":[\"https:\\\/\\\/pulso27.com\\\/otros\\\/flor-de-la-cantuta-flor-sagrada-de-los-incas\\\/\"]}]},{\"@type\":\"ImageObject\",\"inLanguage\":\"en-US\",\"@id\":\"https:\\\/\\\/pulso27.com\\\/otros\\\/flor-de-la-cantuta-flor-sagrada-de-los-incas\\\/#primaryimage\",\"url\":\"https:\\\/\\\/pulso27.com\\\/wp-content\\\/uploads\\\/2024\\\/09\\\/Flor-Cantuta.png\",\"contentUrl\":\"https:\\\/\\\/pulso27.com\\\/wp-content\\\/uploads\\\/2024\\\/09\\\/Flor-Cantuta.png\",\"width\":1200,\"height\":628},{\"@type\":\"BreadcrumbList\",\"@id\":\"https:\\\/\\\/pulso27.com\\\/otros\\\/flor-de-la-cantuta-flor-sagrada-de-los-incas\\\/#breadcrumb\",\"itemListElement\":[{\"@type\":\"ListItem\",\"position\":1,\"name\":\"Portada\",\"item\":\"https:\\\/\\\/pulso27.com\\\/\"},{\"@type\":\"ListItem\",\"position\":2,\"name\":\"Flor de la Cantuta, &#8220;flor sagrada de los incas&#8221;\"}]},{\"@type\":\"WebSite\",\"@id\":\"https:\\\/\\\/pulso27.com\\\/en\\\/#website\",\"url\":\"https:\\\/\\\/pulso27.com\\\/en\\\/\",\"name\":\"Pulso27\",\"description\":\"Web de noticias y publicidad\",\"publisher\":{\"@id\":\"https:\\\/\\\/pulso27.com\\\/en\\\/#organization\"},\"alternateName\":\"El pulso del pueblo\",\"potentialAction\":[{\"@type\":\"SearchAction\",\"target\":{\"@type\":\"EntryPoint\",\"urlTemplate\":\"https:\\\/\\\/pulso27.com\\\/en\\\/?s={search_term_string}\"},\"query-input\":{\"@type\":\"PropertyValueSpecification\",\"valueRequired\":true,\"valueName\":\"search_term_string\"}}],\"inLanguage\":\"en-US\"},{\"@type\":\"Organization\",\"@id\":\"https:\\\/\\\/pulso27.com\\\/en\\\/#organization\",\"name\":\"Pulso27\",\"url\":\"https:\\\/\\\/pulso27.com\\\/en\\\/\",\"logo\":{\"@type\":\"ImageObject\",\"inLanguage\":\"en-US\",\"@id\":\"https:\\\/\\\/pulso27.com\\\/en\\\/#\\\/schema\\\/logo\\\/image\\\/\",\"url\":\"https:\\\/\\\/pulso27.com\\\/wp-content\\\/uploads\\\/2026\\\/02\\\/Logotipo-de-la-organizacion-696-x-696-px-ok.png\",\"contentUrl\":\"https:\\\/\\\/pulso27.com\\\/wp-content\\\/uploads\\\/2026\\\/02\\\/Logotipo-de-la-organizacion-696-x-696-px-ok.png\",\"width\":696,\"height\":696,\"caption\":\"Pulso27\"},\"image\":{\"@id\":\"https:\\\/\\\/pulso27.com\\\/en\\\/#\\\/schema\\\/logo\\\/image\\\/\"},\"sameAs\":[\"https:\\\/\\\/www.facebook.com\\\/pulso27\\\/\",\"https:\\\/\\\/x.com\\\/Pulso_27\",\"https:\\\/\\\/www.youtube.com\\\/@Pulso27\",\"https:\\\/\\\/www.tiktok.com\\\/@pulso_27\"]},{\"@type\":\"Person\",\"@id\":\"https:\\\/\\\/pulso27.com\\\/en\\\/#\\\/schema\\\/person\\\/df15ecbcbba89b8627097bc602dc9e15\",\"name\":\"admin\",\"image\":{\"@type\":\"ImageObject\",\"inLanguage\":\"en-US\",\"@id\":\"https:\\\/\\\/secure.gravatar.com\\\/avatar\\\/828f4a09ba8ce37cfca622f580fec4411ddb2550515ba4e452fa5d850713b8d1?s=96&d=mm&r=g\",\"url\":\"https:\\\/\\\/secure.gravatar.com\\\/avatar\\\/828f4a09ba8ce37cfca622f580fec4411ddb2550515ba4e452fa5d850713b8d1?s=96&d=mm&r=g\",\"contentUrl\":\"https:\\\/\\\/secure.gravatar.com\\\/avatar\\\/828f4a09ba8ce37cfca622f580fec4411ddb2550515ba4e452fa5d850713b8d1?s=96&d=mm&r=g\",\"caption\":\"admin\"},\"sameAs\":[\"http:\\\/\\\/www.pulso27.com\"],\"url\":\"https:\\\/\\\/pulso27.com\\\/en\\\/author\\\/admin-2\\\/\"}]}<\/script>\n<!-- \/ Yoast SEO plugin. -->","yoast_head_json":{"title":"Flor de la Cantuta, \"flor sagrada de los incas\" - Pulso27","robots":{"index":"index","follow":"follow","max-snippet":"max-snippet:-1","max-image-preview":"max-image-preview:large","max-video-preview":"max-video-preview:-1"},"canonical":"https:\/\/pulso27.com\/en\/otros\/flor-de-la-cantuta-flor-sagrada-de-los-incas\/","og_locale":"en_US","og_type":"article","og_title":"Flor de la Cantuta, \"flor sagrada de los incas\" - Pulso27","og_description":"La flor de la Cantuta, conocida como la \u00abflor sagrada de los incas\u00bb, ocupa un lugar muy especial en la historia y cultura del Per\u00fa. Su nombre cient\u00edfico es Cantua buxifolia, y es una planta end\u00e9mica de la regi\u00f3n andina, donde crece a altitudes que superan los 3,000 metros sobre el nivel del mar. Esta [&hellip;]","og_url":"https:\/\/pulso27.com\/en\/otros\/flor-de-la-cantuta-flor-sagrada-de-los-incas\/","og_site_name":"Pulso27","article_publisher":"https:\/\/www.facebook.com\/pulso27\/","article_published_time":"2024-09-05T17:59:03+00:00","article_modified_time":"2024-09-14T21:39:27+00:00","og_image":[{"width":1200,"height":628,"url":"https:\/\/pulso27.com\/wp-content\/uploads\/2024\/09\/Flor-Cantuta.png","type":"image\/png"}],"author":"admin","twitter_card":"summary_large_image","twitter_creator":"@Pulso_27","twitter_site":"@Pulso_27","twitter_misc":{"Written by":"admin","Est. reading time":"3 minutes"},"schema":{"@context":"https:\/\/schema.org","@graph":[{"@type":"Article","@id":"https:\/\/pulso27.com\/otros\/flor-de-la-cantuta-flor-sagrada-de-los-incas\/#article","isPartOf":{"@id":"https:\/\/pulso27.com\/otros\/flor-de-la-cantuta-flor-sagrada-de-los-incas\/"},"author":{"name":"admin","@id":"https:\/\/pulso27.com\/en\/#\/schema\/person\/df15ecbcbba89b8627097bc602dc9e15"},"headline":"Flor de la Cantuta, \u00abflor sagrada de los incas\u00bb","datePublished":"2024-09-05T17:59:03+00:00","dateModified":"2024-09-14T21:39:27+00:00","mainEntityOfPage":{"@id":"https:\/\/pulso27.com\/otros\/flor-de-la-cantuta-flor-sagrada-de-los-incas\/"},"wordCount":540,"commentCount":0,"publisher":{"@id":"https:\/\/pulso27.com\/en\/#organization"},"image":{"@id":"https:\/\/pulso27.com\/otros\/flor-de-la-cantuta-flor-sagrada-de-los-incas\/#primaryimage"},"thumbnailUrl":"https:\/\/pulso27.com\/wp-content\/uploads\/2024\/09\/Flor-Cantuta.png","articleSection":["Otros"],"inLanguage":"en-US","potentialAction":[{"@type":"CommentAction","name":"Comment","target":["https:\/\/pulso27.com\/otros\/flor-de-la-cantuta-flor-sagrada-de-los-incas\/#respond"]}]},{"@type":"WebPage","@id":"https:\/\/pulso27.com\/otros\/flor-de-la-cantuta-flor-sagrada-de-los-incas\/","url":"https:\/\/pulso27.com\/otros\/flor-de-la-cantuta-flor-sagrada-de-los-incas\/","name":"Flor de la Cantuta, \"flor sagrada de los incas\" - Pulso27","isPartOf":{"@id":"https:\/\/pulso27.com\/en\/#website"},"primaryImageOfPage":{"@id":"https:\/\/pulso27.com\/otros\/flor-de-la-cantuta-flor-sagrada-de-los-incas\/#primaryimage"},"image":{"@id":"https:\/\/pulso27.com\/otros\/flor-de-la-cantuta-flor-sagrada-de-los-incas\/#primaryimage"},"thumbnailUrl":"https:\/\/pulso27.com\/wp-content\/uploads\/2024\/09\/Flor-Cantuta.png","datePublished":"2024-09-05T17:59:03+00:00","dateModified":"2024-09-14T21:39:27+00:00","breadcrumb":{"@id":"https:\/\/pulso27.com\/otros\/flor-de-la-cantuta-flor-sagrada-de-los-incas\/#breadcrumb"},"inLanguage":"en-US","potentialAction":[{"@type":"ReadAction","target":["https:\/\/pulso27.com\/otros\/flor-de-la-cantuta-flor-sagrada-de-los-incas\/"]}]},{"@type":"ImageObject","inLanguage":"en-US","@id":"https:\/\/pulso27.com\/otros\/flor-de-la-cantuta-flor-sagrada-de-los-incas\/#primaryimage","url":"https:\/\/pulso27.com\/wp-content\/uploads\/2024\/09\/Flor-Cantuta.png","contentUrl":"https:\/\/pulso27.com\/wp-content\/uploads\/2024\/09\/Flor-Cantuta.png","width":1200,"height":628},{"@type":"BreadcrumbList","@id":"https:\/\/pulso27.com\/otros\/flor-de-la-cantuta-flor-sagrada-de-los-incas\/#breadcrumb","itemListElement":[{"@type":"ListItem","position":1,"name":"Portada","item":"https:\/\/pulso27.com\/"},{"@type":"ListItem","position":2,"name":"Flor de la Cantuta, &#8220;flor sagrada de los incas&#8221;"}]},{"@type":"WebSite","@id":"https:\/\/pulso27.com\/en\/#website","url":"https:\/\/pulso27.com\/en\/","name":"Pulso27","description":"Web de noticias y publicidad","publisher":{"@id":"https:\/\/pulso27.com\/en\/#organization"},"alternateName":"El pulso del pueblo","potentialAction":[{"@type":"SearchAction","target":{"@type":"EntryPoint","urlTemplate":"https:\/\/pulso27.com\/en\/?s={search_term_string}"},"query-input":{"@type":"PropertyValueSpecification","valueRequired":true,"valueName":"search_term_string"}}],"inLanguage":"en-US"},{"@type":"Organization","@id":"https:\/\/pulso27.com\/en\/#organization","name":"Pulso27","url":"https:\/\/pulso27.com\/en\/","logo":{"@type":"ImageObject","inLanguage":"en-US","@id":"https:\/\/pulso27.com\/en\/#\/schema\/logo\/image\/","url":"https:\/\/pulso27.com\/wp-content\/uploads\/2026\/02\/Logotipo-de-la-organizacion-696-x-696-px-ok.png","contentUrl":"https:\/\/pulso27.com\/wp-content\/uploads\/2026\/02\/Logotipo-de-la-organizacion-696-x-696-px-ok.png","width":696,"height":696,"caption":"Pulso27"},"image":{"@id":"https:\/\/pulso27.com\/en\/#\/schema\/logo\/image\/"},"sameAs":["https:\/\/www.facebook.com\/pulso27\/","https:\/\/x.com\/Pulso_27","https:\/\/www.youtube.com\/@Pulso27","https:\/\/www.tiktok.com\/@pulso_27"]},{"@type":"Person","@id":"https:\/\/pulso27.com\/en\/#\/schema\/person\/df15ecbcbba89b8627097bc602dc9e15","name":"admin","image":{"@type":"ImageObject","inLanguage":"en-US","@id":"https:\/\/secure.gravatar.com\/avatar\/828f4a09ba8ce37cfca622f580fec4411ddb2550515ba4e452fa5d850713b8d1?s=96&d=mm&r=g","url":"https:\/\/secure.gravatar.com\/avatar\/828f4a09ba8ce37cfca622f580fec4411ddb2550515ba4e452fa5d850713b8d1?s=96&d=mm&r=g","contentUrl":"https:\/\/secure.gravatar.com\/avatar\/828f4a09ba8ce37cfca622f580fec4411ddb2550515ba4e452fa5d850713b8d1?s=96&d=mm&r=g","caption":"admin"},"sameAs":["http:\/\/www.pulso27.com"],"url":"https:\/\/pulso27.com\/en\/author\/admin-2\/"}]}},"amp_enabled":true,"_links":{"self":[{"href":"https:\/\/pulso27.com\/en\/wp-json\/wp\/v2\/posts\/1974","targetHints":{"allow":["GET"]}}],"collection":[{"href":"https:\/\/pulso27.com\/en\/wp-json\/wp\/v2\/posts"}],"about":[{"href":"https:\/\/pulso27.com\/en\/wp-json\/wp\/v2\/types\/post"}],"author":[{"embeddable":true,"href":"https:\/\/pulso27.com\/en\/wp-json\/wp\/v2\/users\/5"}],"replies":[{"embeddable":true,"href":"https:\/\/pulso27.com\/en\/wp-json\/wp\/v2\/comments?post=1974"}],"version-history":[{"count":1,"href":"https:\/\/pulso27.com\/en\/wp-json\/wp\/v2\/posts\/1974\/revisions"}],"predecessor-version":[{"id":1983,"href":"https:\/\/pulso27.com\/en\/wp-json\/wp\/v2\/posts\/1974\/revisions\/1983"}],"wp:featuredmedia":[{"embeddable":true,"href":"https:\/\/pulso27.com\/en\/wp-json\/wp\/v2\/media\/1977"}],"wp:attachment":[{"href":"https:\/\/pulso27.com\/en\/wp-json\/wp\/v2\/media?parent=1974"}],"wp:term":[{"taxonomy":"category","embeddable":true,"href":"https:\/\/pulso27.com\/en\/wp-json\/wp\/v2\/categories?post=1974"},{"taxonomy":"post_tag","embeddable":true,"href":"https:\/\/pulso27.com\/en\/wp-json\/wp\/v2\/tags?post=1974"}],"curies":[{"name":"wp","href":"https:\/\/api.w.org\/{rel}","templated":true}]}}