{"id":2014,"date":"2024-09-10T07:32:44","date_gmt":"2024-09-10T02:32:44","guid":{"rendered":"https:\/\/pulso27.com\/?p=2014"},"modified":"2024-09-10T07:32:45","modified_gmt":"2024-09-10T02:32:45","slug":"muerte-misteriosa-de-la-ex-canciller-ana-cecilia-gervasi-conmociona-al-pais","status":"publish","type":"post","link":"https:\/\/pulso27.com\/en\/nacional\/muerte-misteriosa-de-la-ex-canciller-ana-cecilia-gervasi-conmociona-al-pais\/","title":{"rendered":"Muerte misteriosa de la ex canciller Ana Cecilia Gervasi conmociona al pa\u00eds"},"content":{"rendered":"<p>La excanciller peruana Ana Cecilia Gervasi, de 58 a\u00f1os, fue hallada muerta en su departamento en el distrito de Miraflores, Lima, el domingo 8 de septiembre, en circunstancias que han despertado una gran atenci\u00f3n medi\u00e1tica y pol\u00edtica. Su muerte ocurre poco antes de que ella emprendiera un viaje a Ginebra, Suiza, donde ocupaba el cargo de representante permanente de Per\u00fa ante organismos internacionales.<\/p>\n\n\n\n<p>El Ministerio P\u00fablico anunci\u00f3 la apertura de una investigaci\u00f3n preliminar para esclarecer las causas del fallecimiento, involucrando a la polic\u00eda de homicidios y al Instituto de Medicina Legal. Las primeras indagaciones apuntan a la ausencia de signos de violencia en su domicilio, lo que ha llevado a especulaciones sobre las posibles causas de su deceso.<\/p>\n\n\n\n<figure class=\"wp-block-image size-large\"><img loading=\"lazy\" decoding=\"async\" width=\"1024\" height=\"683\" src=\"https:\/\/pulso27.com\/wp-content\/uploads\/2024\/09\/image-3-1024x683.png\" alt=\"\" class=\"wp-image-2017\" srcset=\"https:\/\/pulso27.com\/wp-content\/uploads\/2024\/09\/image-3-1024x683.png 1024w, https:\/\/pulso27.com\/wp-content\/uploads\/2024\/09\/image-3-300x200.png 300w, https:\/\/pulso27.com\/wp-content\/uploads\/2024\/09\/image-3-768x512.png 768w, https:\/\/pulso27.com\/wp-content\/uploads\/2024\/09\/image-3-1536x1024.png 1536w, https:\/\/pulso27.com\/wp-content\/uploads\/2024\/09\/image-3-18x12.png 18w, https:\/\/pulso27.com\/wp-content\/uploads\/2024\/09\/image-3.png 1800w\" sizes=\"auto, (max-width: 1024px) 100vw, 1024px\" \/><figcaption class=\"wp-element-caption\"><em>Ex Canciller Ana Cecilia Gervasi mantuvo estrechas relaciones con Estados Unidos<\/em><\/figcaption><\/figure>\n\n\n\n<h3 class=\"wp-block-heading\">Hallazgo y primeros reportes<\/h3>\n\n\n\n<p>Gervasi hab\u00eda programado su regreso a Ginebra tras unas vacaciones en Lima. Sin embargo, cuando un chofer asignado no pudo contactarla para llevarla al aeropuerto, se activaron las alarmas. La Polic\u00eda Nacional del Per\u00fa ingres\u00f3 a su departamento, donde encontraron su cuerpo sin vida.<\/p>\n\n\n\n<p>El jefe policial de homicidios, Ricardo Espinoza, declar\u00f3 que no se encontraron signos de violencia en el lugar. No obstante, el reporte del serenazgo se\u00f1ala que Gervasi sufri\u00f3 una ca\u00edda al bajar de un veh\u00edculo poco antes de su fallecimiento, lesion\u00e1ndose una pierna. A pesar de la recomendaci\u00f3n de ser trasladada a un hospital, ella opt\u00f3 por subir a su departamento. Tras este incidente, no se la volvi\u00f3 a ver hasta el hallazgo de su cad\u00e1ver.<\/p>\n\n\n\n<h3 class=\"wp-block-heading\">Contexto y reacciones<\/h3>\n\n\n\n<p>Ana Cecilia Gervasi fue una figura destacada en la pol\u00edtica exterior peruana, ocupando el cargo de ministra de Relaciones Exteriores desde el inicio del gobierno de Dina Boluarte en diciembre de 2022 hasta noviembre de 2023. Su renuncia, que gener\u00f3 controversia, se produjo tras la fallida reuni\u00f3n entre la presidenta Boluarte y su hom\u00f3logo estadounidense, Joe Biden, durante la Cumbre de la Alianza para la Prosperidad Econ\u00f3mica en las Am\u00e9ricas (APEP) en Washington. Gervasi hab\u00eda gestionado la agenda diplom\u00e1tica del encuentro, lo que la puso en el centro de la pol\u00e9mica.<\/p>\n\n\n\n<p>El actual ministro de Relaciones Exteriores, Elmer Schialer, quien era cercano a Gervasi, expres\u00f3 su pesar por la p\u00e9rdida. Indic\u00f3 que la excanciller estaba en medio de unas vacaciones y deb\u00eda retomar sus funciones en Suiza el mismo d\u00eda de su muerte.<\/p>\n\n\n\n<p>Diversas instituciones del Estado peruano, incluida la Presidencia de la Rep\u00fablica, la Canciller\u00eda y el Congreso, emitieron mensajes de condolencias. En Suiza, se guard\u00f3 un minuto de silencio en su honor durante la sesi\u00f3n del Consejo de Derechos Humanos de las Naciones Unidas, destacando la relevancia internacional de su labor diplom\u00e1tica.<\/p>\n\n\n\n<h3 class=\"wp-block-heading\">Una trayectoria con final sombr\u00eda<\/h3>\n\n\n\n<p>Ana Cecilia Gervasi fue una diplom\u00e1tica de carrera que ocup\u00f3 varios cargos de alto perfil, tanto en el \u00e1mbito comercial como en el diplom\u00e1tico. Fue viceministra de Comercio Exterior y tambi\u00e9n c\u00f3nsul general en Toronto y Washington. Asimismo, represent\u00f3 al Per\u00fa ante la Organizaci\u00f3n de las Naciones Unidas (ONU) y la Organizaci\u00f3n Mundial del Comercio (OMC), donde defendi\u00f3 los intereses del pa\u00eds con notable habilidad y dedicaci\u00f3n.<\/p>\n\n\n\n<figure class=\"wp-block-image size-full\"><img loading=\"lazy\" decoding=\"async\" width=\"913\" height=\"604\" src=\"https:\/\/pulso27.com\/wp-content\/uploads\/2024\/09\/image-2.png\" alt=\"\" class=\"wp-image-2015\" srcset=\"https:\/\/pulso27.com\/wp-content\/uploads\/2024\/09\/image-2.png 913w, https:\/\/pulso27.com\/wp-content\/uploads\/2024\/09\/image-2-300x198.png 300w, https:\/\/pulso27.com\/wp-content\/uploads\/2024\/09\/image-2-768x508.png 768w, https:\/\/pulso27.com\/wp-content\/uploads\/2024\/09\/image-2-18x12.png 18w\" sizes=\"auto, (max-width: 913px) 100vw, 913px\" \/><figcaption class=\"wp-element-caption\"><em>Ana Gervasi acus\u00f3 a los manifestantes contra Dina Boluarte de violentistas y extremistas<\/em><\/figcaption><\/figure>\n\n\n\n<p>Sin embargo, durante su gesti\u00f3n como canciller, enfrent\u00f3 algunos de los momentos m\u00e1s turbulentos del gobierno de Boluarte, como las protestas sociales que exig\u00edan la renuncia de la presidenta y que dejaron un saldo tr\u00e1gico de 50 civiles muertos. Gervasi, en su momento, acus\u00f3 a las manifestaciones de estar financiadas por grupos ligados a actividades ilegales y subversivas, aunque no present\u00f3 pruebas concretas al respecto.<\/p>\n\n\n\n<h3 class=\"wp-block-heading\">Investigaci\u00f3n en curso<\/h3>\n\n\n\n<p>La investigaci\u00f3n sobre su muerte contin\u00faa, mientras se esperan los resultados de la autopsia para aclarar si el fallecimiento fue consecuencia de un accidente o si hay otros factores involucrados. El Ministerio P\u00fablico ha reiterado su compromiso con el esclarecimiento de los hechos, mientras que la polic\u00eda sigue recabando pruebas en la escena.<\/p>\n\n\n\n<p>El fallecimiento de Gervasi no solo ha conmocionado a su entorno cercano, sino que ha generado una ola de consternaci\u00f3n en el \u00e1mbito pol\u00edtico y diplom\u00e1tico peruano, donde era reconocida por su compromiso con el pa\u00eds y su brillante trayectoria.<\/p>\n\n\n\n<p>El pa\u00eds se mantiene a la expectativa de los resultados de las investigaciones, mientras amigos, colegas y autoridades rinden homenaje a su legado.<\/p>","protected":false},"excerpt":{"rendered":"<p>La excanciller peruana Ana Cecilia Gervasi, de 58 a\u00f1os, fue hallada muerta en su departamento en el distrito de Miraflores, Lima, el domingo 8 de septiembre, en circunstancias que han despertado una gran atenci\u00f3n medi\u00e1tica y pol\u00edtica. Su muerte ocurre poco antes de que ella emprendiera un viaje a Ginebra, Suiza, donde ocupaba el cargo [&hellip;]<\/p>\n","protected":false},"author":10,"featured_media":2016,"comment_status":"open","ping_status":"open","sticky":false,"template":"","format":"standard","meta":{"footnotes":""},"categories":[174,178,180],"tags":[795],"class_list":["post-2014","post","type-post","status-publish","format-standard","has-post-thumbnail","hentry","category-nacional","category-policial","category-politica","tag-ex-canciller"],"yoast_head":"<!-- This site is optimized with the Yoast SEO plugin v27.4 - https:\/\/yoast.com\/product\/yoast-seo-wordpress\/ -->\n<title>Muerte misteriosa de la ex canciller Ana Cecilia Gervasi conmociona al pa\u00eds - Pulso27<\/title>\n<meta name=\"robots\" content=\"index, follow, max-snippet:-1, max-image-preview:large, max-video-preview:-1\" \/>\n<link rel=\"canonical\" href=\"https:\/\/pulso27.com\/en\/nacional\/muerte-misteriosa-de-la-ex-canciller-ana-cecilia-gervasi-conmociona-al-pais\/\" \/>\n<meta property=\"og:locale\" content=\"en_US\" \/>\n<meta property=\"og:type\" content=\"article\" \/>\n<meta property=\"og:title\" content=\"Muerte misteriosa de la ex canciller Ana Cecilia Gervasi conmociona al pa\u00eds - Pulso27\" \/>\n<meta property=\"og:description\" content=\"La excanciller peruana Ana Cecilia Gervasi, de 58 a\u00f1os, fue hallada muerta en su departamento en el distrito de Miraflores, Lima, el domingo 8 de septiembre, en circunstancias que han despertado una gran atenci\u00f3n medi\u00e1tica y pol\u00edtica. Su muerte ocurre poco antes de que ella emprendiera un viaje a Ginebra, Suiza, donde ocupaba el cargo [&hellip;]\" \/>\n<meta property=\"og:url\" content=\"https:\/\/pulso27.com\/en\/nacional\/muerte-misteriosa-de-la-ex-canciller-ana-cecilia-gervasi-conmociona-al-pais\/\" \/>\n<meta property=\"og:site_name\" content=\"Pulso27\" \/>\n<meta property=\"article:publisher\" content=\"https:\/\/www.facebook.com\/pulso27\/\" \/>\n<meta property=\"article:published_time\" content=\"2024-09-10T02:32:44+00:00\" \/>\n<meta property=\"article:modified_time\" content=\"2024-09-10T02:32:45+00:00\" \/>\n<meta property=\"og:image\" content=\"https:\/\/pulso27.com\/wp-content\/uploads\/2024\/09\/GervasiOK.png\" \/>\n\t<meta property=\"og:image:width\" content=\"1200\" \/>\n\t<meta property=\"og:image:height\" content=\"628\" \/>\n\t<meta property=\"og:image:type\" content=\"image\/png\" \/>\n<meta name=\"author\" content=\"El Muki\" \/>\n<meta name=\"twitter:card\" content=\"summary_large_image\" \/>\n<meta name=\"twitter:creator\" content=\"@Pulso_27\" \/>\n<meta name=\"twitter:site\" content=\"@Pulso_27\" \/>\n<meta name=\"twitter:label1\" content=\"Written by\" \/>\n\t<meta name=\"twitter:data1\" content=\"El Muki\" \/>\n\t<meta name=\"twitter:label2\" content=\"Est. reading time\" \/>\n\t<meta name=\"twitter:data2\" content=\"4 minutes\" \/>\n<script type=\"application\/ld+json\" class=\"yoast-schema-graph\">{\"@context\":\"https:\\\/\\\/schema.org\",\"@graph\":[{\"@type\":\"Article\",\"@id\":\"https:\\\/\\\/pulso27.com\\\/nacional\\\/muerte-misteriosa-de-la-ex-canciller-ana-cecilia-gervasi-conmociona-al-pais\\\/#article\",\"isPartOf\":{\"@id\":\"https:\\\/\\\/pulso27.com\\\/nacional\\\/muerte-misteriosa-de-la-ex-canciller-ana-cecilia-gervasi-conmociona-al-pais\\\/\"},\"author\":{\"name\":\"El Muki\",\"@id\":\"https:\\\/\\\/pulso27.com\\\/en\\\/#\\\/schema\\\/person\\\/a0930a7f318e7d9d83bd7cffed9f34f6\"},\"headline\":\"Muerte misteriosa de la ex canciller Ana Cecilia Gervasi conmociona al pa\u00eds\",\"datePublished\":\"2024-09-10T02:32:44+00:00\",\"dateModified\":\"2024-09-10T02:32:45+00:00\",\"mainEntityOfPage\":{\"@id\":\"https:\\\/\\\/pulso27.com\\\/nacional\\\/muerte-misteriosa-de-la-ex-canciller-ana-cecilia-gervasi-conmociona-al-pais\\\/\"},\"wordCount\":770,\"commentCount\":0,\"publisher\":{\"@id\":\"https:\\\/\\\/pulso27.com\\\/en\\\/#organization\"},\"image\":{\"@id\":\"https:\\\/\\\/pulso27.com\\\/nacional\\\/muerte-misteriosa-de-la-ex-canciller-ana-cecilia-gervasi-conmociona-al-pais\\\/#primaryimage\"},\"thumbnailUrl\":\"https:\\\/\\\/pulso27.com\\\/wp-content\\\/uploads\\\/2024\\\/09\\\/GervasiOK.png\",\"keywords\":[\"Ex canciller\"],\"articleSection\":[\"Nacional\",\"Policial\",\"Pol\u00edtica\"],\"inLanguage\":\"en-US\",\"potentialAction\":[{\"@type\":\"CommentAction\",\"name\":\"Comment\",\"target\":[\"https:\\\/\\\/pulso27.com\\\/nacional\\\/muerte-misteriosa-de-la-ex-canciller-ana-cecilia-gervasi-conmociona-al-pais\\\/#respond\"]}]},{\"@type\":\"WebPage\",\"@id\":\"https:\\\/\\\/pulso27.com\\\/nacional\\\/muerte-misteriosa-de-la-ex-canciller-ana-cecilia-gervasi-conmociona-al-pais\\\/\",\"url\":\"https:\\\/\\\/pulso27.com\\\/nacional\\\/muerte-misteriosa-de-la-ex-canciller-ana-cecilia-gervasi-conmociona-al-pais\\\/\",\"name\":\"Muerte misteriosa de la ex canciller Ana Cecilia Gervasi conmociona al pa\u00eds - Pulso27\",\"isPartOf\":{\"@id\":\"https:\\\/\\\/pulso27.com\\\/en\\\/#website\"},\"primaryImageOfPage\":{\"@id\":\"https:\\\/\\\/pulso27.com\\\/nacional\\\/muerte-misteriosa-de-la-ex-canciller-ana-cecilia-gervasi-conmociona-al-pais\\\/#primaryimage\"},\"image\":{\"@id\":\"https:\\\/\\\/pulso27.com\\\/nacional\\\/muerte-misteriosa-de-la-ex-canciller-ana-cecilia-gervasi-conmociona-al-pais\\\/#primaryimage\"},\"thumbnailUrl\":\"https:\\\/\\\/pulso27.com\\\/wp-content\\\/uploads\\\/2024\\\/09\\\/GervasiOK.png\",\"datePublished\":\"2024-09-10T02:32:44+00:00\",\"dateModified\":\"2024-09-10T02:32:45+00:00\",\"breadcrumb\":{\"@id\":\"https:\\\/\\\/pulso27.com\\\/nacional\\\/muerte-misteriosa-de-la-ex-canciller-ana-cecilia-gervasi-conmociona-al-pais\\\/#breadcrumb\"},\"inLanguage\":\"en-US\",\"potentialAction\":[{\"@type\":\"ReadAction\",\"target\":[\"https:\\\/\\\/pulso27.com\\\/nacional\\\/muerte-misteriosa-de-la-ex-canciller-ana-cecilia-gervasi-conmociona-al-pais\\\/\"]}]},{\"@type\":\"ImageObject\",\"inLanguage\":\"en-US\",\"@id\":\"https:\\\/\\\/pulso27.com\\\/nacional\\\/muerte-misteriosa-de-la-ex-canciller-ana-cecilia-gervasi-conmociona-al-pais\\\/#primaryimage\",\"url\":\"https:\\\/\\\/pulso27.com\\\/wp-content\\\/uploads\\\/2024\\\/09\\\/GervasiOK.png\",\"contentUrl\":\"https:\\\/\\\/pulso27.com\\\/wp-content\\\/uploads\\\/2024\\\/09\\\/GervasiOK.png\",\"width\":1200,\"height\":628},{\"@type\":\"BreadcrumbList\",\"@id\":\"https:\\\/\\\/pulso27.com\\\/nacional\\\/muerte-misteriosa-de-la-ex-canciller-ana-cecilia-gervasi-conmociona-al-pais\\\/#breadcrumb\",\"itemListElement\":[{\"@type\":\"ListItem\",\"position\":1,\"name\":\"Portada\",\"item\":\"https:\\\/\\\/pulso27.com\\\/\"},{\"@type\":\"ListItem\",\"position\":2,\"name\":\"Muerte misteriosa de la ex canciller Ana Cecilia Gervasi conmociona al pa\u00eds\"}]},{\"@type\":\"WebSite\",\"@id\":\"https:\\\/\\\/pulso27.com\\\/en\\\/#website\",\"url\":\"https:\\\/\\\/pulso27.com\\\/en\\\/\",\"name\":\"Pulso27\",\"description\":\"Web de noticias y publicidad\",\"publisher\":{\"@id\":\"https:\\\/\\\/pulso27.com\\\/en\\\/#organization\"},\"alternateName\":\"El pulso del pueblo\",\"potentialAction\":[{\"@type\":\"SearchAction\",\"target\":{\"@type\":\"EntryPoint\",\"urlTemplate\":\"https:\\\/\\\/pulso27.com\\\/en\\\/?s={search_term_string}\"},\"query-input\":{\"@type\":\"PropertyValueSpecification\",\"valueRequired\":true,\"valueName\":\"search_term_string\"}}],\"inLanguage\":\"en-US\"},{\"@type\":\"Organization\",\"@id\":\"https:\\\/\\\/pulso27.com\\\/en\\\/#organization\",\"name\":\"Pulso27\",\"url\":\"https:\\\/\\\/pulso27.com\\\/en\\\/\",\"logo\":{\"@type\":\"ImageObject\",\"inLanguage\":\"en-US\",\"@id\":\"https:\\\/\\\/pulso27.com\\\/en\\\/#\\\/schema\\\/logo\\\/image\\\/\",\"url\":\"https:\\\/\\\/pulso27.com\\\/wp-content\\\/uploads\\\/2026\\\/02\\\/Logotipo-de-la-organizacion-696-x-696-px-ok.png\",\"contentUrl\":\"https:\\\/\\\/pulso27.com\\\/wp-content\\\/uploads\\\/2026\\\/02\\\/Logotipo-de-la-organizacion-696-x-696-px-ok.png\",\"width\":696,\"height\":696,\"caption\":\"Pulso27\"},\"image\":{\"@id\":\"https:\\\/\\\/pulso27.com\\\/en\\\/#\\\/schema\\\/logo\\\/image\\\/\"},\"sameAs\":[\"https:\\\/\\\/www.facebook.com\\\/pulso27\\\/\",\"https:\\\/\\\/x.com\\\/Pulso_27\",\"https:\\\/\\\/www.youtube.com\\\/@Pulso27\",\"https:\\\/\\\/www.tiktok.com\\\/@pulso_27\"]},{\"@type\":\"Person\",\"@id\":\"https:\\\/\\\/pulso27.com\\\/en\\\/#\\\/schema\\\/person\\\/a0930a7f318e7d9d83bd7cffed9f34f6\",\"name\":\"El Muki\",\"image\":{\"@type\":\"ImageObject\",\"inLanguage\":\"en-US\",\"@id\":\"https:\\\/\\\/secure.gravatar.com\\\/avatar\\\/dc91c2607c5eebda74cbb40d13031f489096c96ead89c4c30c17db262267b2b3?s=96&d=mm&r=g\",\"url\":\"https:\\\/\\\/secure.gravatar.com\\\/avatar\\\/dc91c2607c5eebda74cbb40d13031f489096c96ead89c4c30c17db262267b2b3?s=96&d=mm&r=g\",\"contentUrl\":\"https:\\\/\\\/secure.gravatar.com\\\/avatar\\\/dc91c2607c5eebda74cbb40d13031f489096c96ead89c4c30c17db262267b2b3?s=96&d=mm&r=g\",\"caption\":\"El Muki\"},\"sameAs\":[\"http:\\\/\\\/www.pulso27.com\"],\"url\":\"https:\\\/\\\/pulso27.com\\\/en\\\/author\\\/elcuervo\\\/\"}]}<\/script>\n<!-- \/ Yoast SEO plugin. -->","yoast_head_json":{"title":"Muerte misteriosa de la ex canciller Ana Cecilia Gervasi conmociona al pa\u00eds - Pulso27","robots":{"index":"index","follow":"follow","max-snippet":"max-snippet:-1","max-image-preview":"max-image-preview:large","max-video-preview":"max-video-preview:-1"},"canonical":"https:\/\/pulso27.com\/en\/nacional\/muerte-misteriosa-de-la-ex-canciller-ana-cecilia-gervasi-conmociona-al-pais\/","og_locale":"en_US","og_type":"article","og_title":"Muerte misteriosa de la ex canciller Ana Cecilia Gervasi conmociona al pa\u00eds - Pulso27","og_description":"La excanciller peruana Ana Cecilia Gervasi, de 58 a\u00f1os, fue hallada muerta en su departamento en el distrito de Miraflores, Lima, el domingo 8 de septiembre, en circunstancias que han despertado una gran atenci\u00f3n medi\u00e1tica y pol\u00edtica. Su muerte ocurre poco antes de que ella emprendiera un viaje a Ginebra, Suiza, donde ocupaba el cargo [&hellip;]","og_url":"https:\/\/pulso27.com\/en\/nacional\/muerte-misteriosa-de-la-ex-canciller-ana-cecilia-gervasi-conmociona-al-pais\/","og_site_name":"Pulso27","article_publisher":"https:\/\/www.facebook.com\/pulso27\/","article_published_time":"2024-09-10T02:32:44+00:00","article_modified_time":"2024-09-10T02:32:45+00:00","og_image":[{"width":1200,"height":628,"url":"https:\/\/pulso27.com\/wp-content\/uploads\/2024\/09\/GervasiOK.png","type":"image\/png"}],"author":"El Muki","twitter_card":"summary_large_image","twitter_creator":"@Pulso_27","twitter_site":"@Pulso_27","twitter_misc":{"Written by":"El Muki","Est. reading time":"4 minutes"},"schema":{"@context":"https:\/\/schema.org","@graph":[{"@type":"Article","@id":"https:\/\/pulso27.com\/nacional\/muerte-misteriosa-de-la-ex-canciller-ana-cecilia-gervasi-conmociona-al-pais\/#article","isPartOf":{"@id":"https:\/\/pulso27.com\/nacional\/muerte-misteriosa-de-la-ex-canciller-ana-cecilia-gervasi-conmociona-al-pais\/"},"author":{"name":"El Muki","@id":"https:\/\/pulso27.com\/en\/#\/schema\/person\/a0930a7f318e7d9d83bd7cffed9f34f6"},"headline":"Muerte misteriosa de la ex canciller Ana Cecilia Gervasi conmociona al pa\u00eds","datePublished":"2024-09-10T02:32:44+00:00","dateModified":"2024-09-10T02:32:45+00:00","mainEntityOfPage":{"@id":"https:\/\/pulso27.com\/nacional\/muerte-misteriosa-de-la-ex-canciller-ana-cecilia-gervasi-conmociona-al-pais\/"},"wordCount":770,"commentCount":0,"publisher":{"@id":"https:\/\/pulso27.com\/en\/#organization"},"image":{"@id":"https:\/\/pulso27.com\/nacional\/muerte-misteriosa-de-la-ex-canciller-ana-cecilia-gervasi-conmociona-al-pais\/#primaryimage"},"thumbnailUrl":"https:\/\/pulso27.com\/wp-content\/uploads\/2024\/09\/GervasiOK.png","keywords":["Ex canciller"],"articleSection":["Nacional","Policial","Pol\u00edtica"],"inLanguage":"en-US","potentialAction":[{"@type":"CommentAction","name":"Comment","target":["https:\/\/pulso27.com\/nacional\/muerte-misteriosa-de-la-ex-canciller-ana-cecilia-gervasi-conmociona-al-pais\/#respond"]}]},{"@type":"WebPage","@id":"https:\/\/pulso27.com\/nacional\/muerte-misteriosa-de-la-ex-canciller-ana-cecilia-gervasi-conmociona-al-pais\/","url":"https:\/\/pulso27.com\/nacional\/muerte-misteriosa-de-la-ex-canciller-ana-cecilia-gervasi-conmociona-al-pais\/","name":"Muerte misteriosa de la ex canciller Ana Cecilia Gervasi conmociona al pa\u00eds - Pulso27","isPartOf":{"@id":"https:\/\/pulso27.com\/en\/#website"},"primaryImageOfPage":{"@id":"https:\/\/pulso27.com\/nacional\/muerte-misteriosa-de-la-ex-canciller-ana-cecilia-gervasi-conmociona-al-pais\/#primaryimage"},"image":{"@id":"https:\/\/pulso27.com\/nacional\/muerte-misteriosa-de-la-ex-canciller-ana-cecilia-gervasi-conmociona-al-pais\/#primaryimage"},"thumbnailUrl":"https:\/\/pulso27.com\/wp-content\/uploads\/2024\/09\/GervasiOK.png","datePublished":"2024-09-10T02:32:44+00:00","dateModified":"2024-09-10T02:32:45+00:00","breadcrumb":{"@id":"https:\/\/pulso27.com\/nacional\/muerte-misteriosa-de-la-ex-canciller-ana-cecilia-gervasi-conmociona-al-pais\/#breadcrumb"},"inLanguage":"en-US","potentialAction":[{"@type":"ReadAction","target":["https:\/\/pulso27.com\/nacional\/muerte-misteriosa-de-la-ex-canciller-ana-cecilia-gervasi-conmociona-al-pais\/"]}]},{"@type":"ImageObject","inLanguage":"en-US","@id":"https:\/\/pulso27.com\/nacional\/muerte-misteriosa-de-la-ex-canciller-ana-cecilia-gervasi-conmociona-al-pais\/#primaryimage","url":"https:\/\/pulso27.com\/wp-content\/uploads\/2024\/09\/GervasiOK.png","contentUrl":"https:\/\/pulso27.com\/wp-content\/uploads\/2024\/09\/GervasiOK.png","width":1200,"height":628},{"@type":"BreadcrumbList","@id":"https:\/\/pulso27.com\/nacional\/muerte-misteriosa-de-la-ex-canciller-ana-cecilia-gervasi-conmociona-al-pais\/#breadcrumb","itemListElement":[{"@type":"ListItem","position":1,"name":"Portada","item":"https:\/\/pulso27.com\/"},{"@type":"ListItem","position":2,"name":"Muerte misteriosa de la ex canciller Ana Cecilia Gervasi conmociona al pa\u00eds"}]},{"@type":"WebSite","@id":"https:\/\/pulso27.com\/en\/#website","url":"https:\/\/pulso27.com\/en\/","name":"Pulso27","description":"Web de noticias y publicidad","publisher":{"@id":"https:\/\/pulso27.com\/en\/#organization"},"alternateName":"El pulso del pueblo","potentialAction":[{"@type":"SearchAction","target":{"@type":"EntryPoint","urlTemplate":"https:\/\/pulso27.com\/en\/?s={search_term_string}"},"query-input":{"@type":"PropertyValueSpecification","valueRequired":true,"valueName":"search_term_string"}}],"inLanguage":"en-US"},{"@type":"Organization","@id":"https:\/\/pulso27.com\/en\/#organization","name":"Pulso27","url":"https:\/\/pulso27.com\/en\/","logo":{"@type":"ImageObject","inLanguage":"en-US","@id":"https:\/\/pulso27.com\/en\/#\/schema\/logo\/image\/","url":"https:\/\/pulso27.com\/wp-content\/uploads\/2026\/02\/Logotipo-de-la-organizacion-696-x-696-px-ok.png","contentUrl":"https:\/\/pulso27.com\/wp-content\/uploads\/2026\/02\/Logotipo-de-la-organizacion-696-x-696-px-ok.png","width":696,"height":696,"caption":"Pulso27"},"image":{"@id":"https:\/\/pulso27.com\/en\/#\/schema\/logo\/image\/"},"sameAs":["https:\/\/www.facebook.com\/pulso27\/","https:\/\/x.com\/Pulso_27","https:\/\/www.youtube.com\/@Pulso27","https:\/\/www.tiktok.com\/@pulso_27"]},{"@type":"Person","@id":"https:\/\/pulso27.com\/en\/#\/schema\/person\/a0930a7f318e7d9d83bd7cffed9f34f6","name":"El Muki","image":{"@type":"ImageObject","inLanguage":"en-US","@id":"https:\/\/secure.gravatar.com\/avatar\/dc91c2607c5eebda74cbb40d13031f489096c96ead89c4c30c17db262267b2b3?s=96&d=mm&r=g","url":"https:\/\/secure.gravatar.com\/avatar\/dc91c2607c5eebda74cbb40d13031f489096c96ead89c4c30c17db262267b2b3?s=96&d=mm&r=g","contentUrl":"https:\/\/secure.gravatar.com\/avatar\/dc91c2607c5eebda74cbb40d13031f489096c96ead89c4c30c17db262267b2b3?s=96&d=mm&r=g","caption":"El Muki"},"sameAs":["http:\/\/www.pulso27.com"],"url":"https:\/\/pulso27.com\/en\/author\/elcuervo\/"}]}},"amp_enabled":true,"_links":{"self":[{"href":"https:\/\/pulso27.com\/en\/wp-json\/wp\/v2\/posts\/2014","targetHints":{"allow":["GET"]}}],"collection":[{"href":"https:\/\/pulso27.com\/en\/wp-json\/wp\/v2\/posts"}],"about":[{"href":"https:\/\/pulso27.com\/en\/wp-json\/wp\/v2\/types\/post"}],"author":[{"embeddable":true,"href":"https:\/\/pulso27.com\/en\/wp-json\/wp\/v2\/users\/10"}],"replies":[{"embeddable":true,"href":"https:\/\/pulso27.com\/en\/wp-json\/wp\/v2\/comments?post=2014"}],"version-history":[{"count":1,"href":"https:\/\/pulso27.com\/en\/wp-json\/wp\/v2\/posts\/2014\/revisions"}],"predecessor-version":[{"id":2018,"href":"https:\/\/pulso27.com\/en\/wp-json\/wp\/v2\/posts\/2014\/revisions\/2018"}],"wp:featuredmedia":[{"embeddable":true,"href":"https:\/\/pulso27.com\/en\/wp-json\/wp\/v2\/media\/2016"}],"wp:attachment":[{"href":"https:\/\/pulso27.com\/en\/wp-json\/wp\/v2\/media?parent=2014"}],"wp:term":[{"taxonomy":"category","embeddable":true,"href":"https:\/\/pulso27.com\/en\/wp-json\/wp\/v2\/categories?post=2014"},{"taxonomy":"post_tag","embeddable":true,"href":"https:\/\/pulso27.com\/en\/wp-json\/wp\/v2\/tags?post=2014"}],"curies":[{"name":"wp","href":"https:\/\/api.w.org\/{rel}","templated":true}]}}