{"id":2019,"date":"2024-09-10T08:16:38","date_gmt":"2024-09-10T03:16:38","guid":{"rendered":"https:\/\/pulso27.com\/?p=2019"},"modified":"2024-09-10T08:16:39","modified_gmt":"2024-09-10T03:16:39","slug":"piden-34-anos-de-carcel-para-pedro-castillo-por-intento-de-golpe-de-estado","status":"publish","type":"post","link":"https:\/\/pulso27.com\/en\/nacional\/piden-34-anos-de-carcel-para-pedro-castillo-por-intento-de-golpe-de-estado\/","title":{"rendered":"Piden 34 a\u00f1os de c\u00e1rcel para Pedro Castillo por intento de golpe de Estado"},"content":{"rendered":"<p>La situaci\u00f3n legal de Pedro Castillo Terrones, expresidente de Per\u00fa, se agrava conforme avanza el proceso judicial en su contra. El lunes 9 de septiembre, el juez supremo Juan Carlos Checkley Soria rechaz\u00f3 los pedidos de sobreseimiento presentados por la defensa del exmandatario y sus coacusados, quienes hab\u00edan solicitado el archivo de la acusaci\u00f3n por considerar que los hechos no constitu\u00edan delitos.<\/p>\n\n\n\n<p>Esto significa que Castillo deber\u00e1 enfrentar un juicio por los presuntos delitos de rebeli\u00f3n y conspiraci\u00f3n, vinculados al fallido golpe de Estado del 7 de diciembre de 2022.<\/p>\n\n\n\n<h3 class=\"wp-block-heading\">El camino hacia el juicio<\/h3>\n\n\n\n<p>La decisi\u00f3n del juez Checkley Soria es categ\u00f3rica: Pedro Castillo ser\u00e1 juzgado por los intentos de disolver el Congreso y reestructurar el sistema de justicia peruano mediante un autogolpe, un episodio que conmocion\u00f3 al pa\u00eds y termin\u00f3 con su destituci\u00f3n y arresto.<\/p>\n\n\n\n<p>La acusaci\u00f3n formal de la Fiscal\u00eda solicita una condena de 34 a\u00f1os de prisi\u00f3n para el expresidente, bas\u00e1ndose en delitos como rebeli\u00f3n, abuso de autoridad y grave perturbaci\u00f3n de la tranquilidad p\u00fablica. Esta decisi\u00f3n no admite apelaci\u00f3n, lo que garantiza que el juicio avanzar\u00e1 en las pr\u00f3ximas semanas.<\/p>\n\n\n\n<figure class=\"wp-block-image size-large is-resized\"><img loading=\"lazy\" decoding=\"async\" width=\"1024\" height=\"556\" src=\"https:\/\/pulso27.com\/wp-content\/uploads\/2024\/09\/Pedro-Castillos-1024x556.jpg\" alt=\"\" class=\"wp-image-2022\" style=\"width:740px;height:auto\" srcset=\"https:\/\/pulso27.com\/wp-content\/uploads\/2024\/09\/Pedro-Castillos-1024x556.jpg 1024w, https:\/\/pulso27.com\/wp-content\/uploads\/2024\/09\/Pedro-Castillos-300x163.jpg 300w, https:\/\/pulso27.com\/wp-content\/uploads\/2024\/09\/Pedro-Castillos-768x417.jpg 768w, https:\/\/pulso27.com\/wp-content\/uploads\/2024\/09\/Pedro-Castillos-1536x833.jpg 1536w, https:\/\/pulso27.com\/wp-content\/uploads\/2024\/09\/Pedro-Castillos-2048x1111.jpg 2048w, https:\/\/pulso27.com\/wp-content\/uploads\/2024\/09\/Pedro-Castillos-18x10.jpg 18w\" sizes=\"auto, (max-width: 1024px) 100vw, 1024px\" \/><figcaption class=\"wp-element-caption\"><em>Pedro Castillo intent\u00f3 dar un golpe de Estado el 7 de diciembre de 2022<\/em><\/figcaption><\/figure>\n\n\n\n<p>Adem\u00e1s de Castillo, el proceso involucra a otros altos funcionarios de su gobierno, incluyendo a la expremier Betssy Ch\u00e1vez, el exministro del Interior Willy Huerta, el exministro de Comercio Exterior Roberto S\u00e1nchez, y tres oficiales de la Polic\u00eda Nacional del Per\u00fa (PNP): Jes\u00fas Venero, Eder Infanz\u00f3n y Manuel Lozada. Todos ellos enfrentar\u00e1n cargos por su presunta participaci\u00f3n en el intento de golpe de Estado.<\/p>\n\n\n\n<p>La defensa de Castillo argument\u00f3 que el delito de rebeli\u00f3n requiere el uso de armas y una alteraci\u00f3n violenta del orden p\u00fablico, algo que, seg\u00fan ellos, no ocurri\u00f3 el 7 de diciembre de 2022. Sin embargo, el juez Checkley determin\u00f3 que estos argumentos deben ser evaluados durante el juicio p\u00fablico, no a trav\u00e9s de un recurso de sobreseimiento.<\/p>\n\n\n\n<h3 class=\"wp-block-heading\">Delitos y penas solicitadas<\/h3>\n\n\n\n<p>La Fiscal\u00eda ha solicitado las siguientes penas para los acusados:<\/p>\n\n\n\n<ul class=\"wp-block-list\">\n<li><strong>Pedro Castillo Terrones<\/strong>: 34 a\u00f1os de prisi\u00f3n por los delitos de rebeli\u00f3n, abuso de autoridad y perturbaci\u00f3n de la tranquilidad p\u00fablica.<\/li>\n\n\n\n<li><strong>Betssy Ch\u00e1vez<\/strong>: 25 a\u00f1os de prisi\u00f3n por su rol en la ejecuci\u00f3n del fallido golpe.<\/li>\n\n\n\n<li><strong>Roberto S\u00e1nchez y Willy Huerta<\/strong>: Penas de hasta 25 a\u00f1os de prisi\u00f3n.<\/li>\n\n\n\n<li><strong>An\u00edbal Torres<\/strong>: 15 a\u00f1os de prisi\u00f3n por conspiraci\u00f3n.<\/li>\n\n\n\n<li>Los oficiales PNP <strong>Jes\u00fas Venero<\/strong>, <strong>Eder Infanz\u00f3n<\/strong> y <strong>Manuel Lozada<\/strong> tambi\u00e9n enfrentan cargos por su participaci\u00f3n en los hechos.<\/li>\n<\/ul>\n\n\n\n<h3 class=\"wp-block-heading\">Pr\u00f3ximos pasos en el proceso judicial<\/h3>\n\n\n\n<p>El 17 de septiembre est\u00e1 programada la participaci\u00f3n de los testigos, y tras ello se fijar\u00e1 la fecha para el inicio formal del juicio contra Castillo y los dem\u00e1s implicados. Este es solo uno de los procesos que enfrenta el expresidente. Aparte de los cargos de rebeli\u00f3n y conspiraci\u00f3n, Castillo tambi\u00e9n est\u00e1 siendo investigado por otros graves delitos, como organizaci\u00f3n criminal, tr\u00e1fico de influencias y colusi\u00f3n.<\/p>\n\n\n\n<p>El juez Checkley dej\u00f3 claro que las pruebas presentadas por la Fiscal\u00eda, as\u00ed como los cuestionamientos de la defensa, deben ser debatidos en el juicio. De esta manera, el sistema judicial peruano se encamina a uno de los juicios m\u00e1s importantes y simb\u00f3licos de su historia reciente, marcado por las consecuencias de un gobierno que termin\u00f3 de forma abrupta y pol\u00e9mica.<\/p>\n\n\n\n<h3 class=\"wp-block-heading\">La ca\u00edda de Castillo<\/h3>\n\n\n\n<p>El 7 de diciembre de 2022, Pedro Castillo intent\u00f3 disolver el Congreso de la Rep\u00fablica y anunci\u00f3 la reorganizaci\u00f3n del sistema judicial, acciones que fueron ampliamente rechazadas tanto por el poder legislativo como por la sociedad civil. Horas despu\u00e9s, fue detenido y destituido de la presidencia por \u00abincapacidad moral permanente\u00bb, siendo reemplazado por su vicepresidenta, Dina Boluarte.<\/p>\n\n\n\n<p>Desde entonces, Castillo ha mantenido su inocencia y ha denunciado que su destituci\u00f3n fue parte de un complot en su contra. Sin embargo, las pruebas presentadas por la Fiscal\u00eda, que incluyen declaraciones de testigos y grabaciones de las reuniones previas al intento de golpe, complican su situaci\u00f3n legal.<\/p>\n\n\n\n<figure class=\"wp-block-image size-full is-resized\"><img loading=\"lazy\" decoding=\"async\" width=\"275\" height=\"183\" src=\"https:\/\/pulso27.com\/wp-content\/uploads\/2024\/09\/image-4.png\" alt=\"\" class=\"wp-image-2023\" style=\"width:740px;height:auto\" srcset=\"https:\/\/pulso27.com\/wp-content\/uploads\/2024\/09\/image-4.png 275w, https:\/\/pulso27.com\/wp-content\/uploads\/2024\/09\/image-4-18x12.png 18w\" sizes=\"auto, (max-width: 275px) 100vw, 275px\" \/><figcaption class=\"wp-element-caption\"><em>Dina Boluarte lo sucedi\u00f3 luego de la detenci\u00f3n y encarcelaci\u00f3n de Pedro Castillo<\/em><\/figcaption><\/figure>\n\n\n\n<h3 class=\"wp-block-heading\">El impacto pol\u00edtico<\/h3>\n\n\n\n<p>El juicio contra Pedro Castillo no solo tiene implicaciones judiciales, sino tambi\u00e9n pol\u00edticas. Los exministros y altos mandos policiales que lo acompa\u00f1aron durante su gesti\u00f3n tambi\u00e9n est\u00e1n bajo la lupa, lo que ha generado una profunda divisi\u00f3n en la opini\u00f3n p\u00fablica peruana. Mientras que sus seguidores consideran que Castillo es v\u00edctima de una persecuci\u00f3n pol\u00edtica, sus detractores lo ven como un ejemplo de la fragilidad democr\u00e1tica que debe ser castigada.<\/p>\n\n\n\n<p>Con el juicio a la vuelta de la esquina, el destino de Pedro Castillo y de los funcionarios que lo respaldaron en uno de los momentos m\u00e1s oscuros de la pol\u00edtica peruana se definir\u00e1 en los tribunales. El pa\u00eds sigue atento al desarrollo de un proceso que marcar\u00e1 un precedente en la lucha contra la corrupci\u00f3n y los intentos de subvertir el orden constitucional en Per\u00fa.<\/p>","protected":false},"excerpt":{"rendered":"<p>La situaci\u00f3n legal de Pedro Castillo Terrones, expresidente de Per\u00fa, se agrava conforme avanza el proceso judicial en su contra. El lunes 9 de septiembre, el juez supremo Juan Carlos Checkley Soria rechaz\u00f3 los pedidos de sobreseimiento presentados por la defensa del exmandatario y sus coacusados, quienes hab\u00edan solicitado el archivo de la acusaci\u00f3n por [&hellip;]<\/p>\n","protected":false},"author":7,"featured_media":2020,"comment_status":"open","ping_status":"open","sticky":false,"template":"","format":"standard","meta":{"footnotes":""},"categories":[183,174,180],"tags":[798,799,797],"class_list":["post-2019","post","type-post","status-publish","format-standard","has-post-thumbnail","hentry","category-actualidad","category-nacional","category-politica","tag-golpedeestado","tag-juicio","tag-pedrocastillo"],"yoast_head":"<!-- This site is optimized with the Yoast SEO plugin v27.4 - https:\/\/yoast.com\/product\/yoast-seo-wordpress\/ -->\n<title>Piden 34 a\u00f1os de c\u00e1rcel para Pedro Castillo por intento de golpe de Estado - Pulso27<\/title>\n<meta name=\"robots\" content=\"index, follow, max-snippet:-1, max-image-preview:large, max-video-preview:-1\" \/>\n<link rel=\"canonical\" href=\"https:\/\/pulso27.com\/en\/nacional\/piden-34-anos-de-carcel-para-pedro-castillo-por-intento-de-golpe-de-estado\/\" \/>\n<meta property=\"og:locale\" content=\"en_US\" \/>\n<meta property=\"og:type\" content=\"article\" \/>\n<meta property=\"og:title\" content=\"Piden 34 a\u00f1os de c\u00e1rcel para Pedro Castillo por intento de golpe de Estado - Pulso27\" \/>\n<meta property=\"og:description\" content=\"La situaci\u00f3n legal de Pedro Castillo Terrones, expresidente de Per\u00fa, se agrava conforme avanza el proceso judicial en su contra. El lunes 9 de septiembre, el juez supremo Juan Carlos Checkley Soria rechaz\u00f3 los pedidos de sobreseimiento presentados por la defensa del exmandatario y sus coacusados, quienes hab\u00edan solicitado el archivo de la acusaci\u00f3n por [&hellip;]\" \/>\n<meta property=\"og:url\" content=\"https:\/\/pulso27.com\/en\/nacional\/piden-34-anos-de-carcel-para-pedro-castillo-por-intento-de-golpe-de-estado\/\" \/>\n<meta property=\"og:site_name\" content=\"Pulso27\" \/>\n<meta property=\"article:publisher\" content=\"https:\/\/www.facebook.com\/pulso27\/\" \/>\n<meta property=\"article:published_time\" content=\"2024-09-10T03:16:38+00:00\" \/>\n<meta property=\"article:modified_time\" content=\"2024-09-10T03:16:39+00:00\" \/>\n<meta property=\"og:image\" content=\"https:\/\/pulso27.com\/wp-content\/uploads\/2024\/09\/Pedro-Castillo.jpg\" \/>\n\t<meta property=\"og:image:width\" content=\"1095\" \/>\n\t<meta property=\"og:image:height\" content=\"630\" \/>\n\t<meta property=\"og:image:type\" content=\"image\/jpeg\" \/>\n<meta name=\"author\" content=\"Tupaq\" \/>\n<meta name=\"twitter:card\" content=\"summary_large_image\" \/>\n<meta name=\"twitter:creator\" content=\"@Pulso_27\" \/>\n<meta name=\"twitter:site\" content=\"@Pulso_27\" \/>\n<meta name=\"twitter:label1\" content=\"Written by\" \/>\n\t<meta name=\"twitter:data1\" content=\"Tupaq\" \/>\n\t<meta name=\"twitter:label2\" content=\"Est. reading time\" \/>\n\t<meta name=\"twitter:data2\" content=\"4 minutes\" \/>\n<script type=\"application\/ld+json\" class=\"yoast-schema-graph\">{\"@context\":\"https:\\\/\\\/schema.org\",\"@graph\":[{\"@type\":\"Article\",\"@id\":\"https:\\\/\\\/pulso27.com\\\/nacional\\\/piden-34-anos-de-carcel-para-pedro-castillo-por-intento-de-golpe-de-estado\\\/#article\",\"isPartOf\":{\"@id\":\"https:\\\/\\\/pulso27.com\\\/nacional\\\/piden-34-anos-de-carcel-para-pedro-castillo-por-intento-de-golpe-de-estado\\\/\"},\"author\":{\"name\":\"Tupaq\",\"@id\":\"https:\\\/\\\/pulso27.com\\\/en\\\/#\\\/schema\\\/person\\\/d20fd7f5bc7f2e53fd150d43fca07a78\"},\"headline\":\"Piden 34 a\u00f1os de c\u00e1rcel para Pedro Castillo por intento de golpe de Estado\",\"datePublished\":\"2024-09-10T03:16:38+00:00\",\"dateModified\":\"2024-09-10T03:16:39+00:00\",\"mainEntityOfPage\":{\"@id\":\"https:\\\/\\\/pulso27.com\\\/nacional\\\/piden-34-anos-de-carcel-para-pedro-castillo-por-intento-de-golpe-de-estado\\\/\"},\"wordCount\":900,\"commentCount\":0,\"publisher\":{\"@id\":\"https:\\\/\\\/pulso27.com\\\/en\\\/#organization\"},\"image\":{\"@id\":\"https:\\\/\\\/pulso27.com\\\/nacional\\\/piden-34-anos-de-carcel-para-pedro-castillo-por-intento-de-golpe-de-estado\\\/#primaryimage\"},\"thumbnailUrl\":\"https:\\\/\\\/pulso27.com\\\/wp-content\\\/uploads\\\/2024\\\/09\\\/Pedro-Castillo.jpg\",\"keywords\":[\"GolpeDeEstado\",\"Juicio\",\"PedroCastillo\"],\"articleSection\":[\"Actualidad\",\"Nacional\",\"Pol\u00edtica\"],\"inLanguage\":\"en-US\",\"potentialAction\":[{\"@type\":\"CommentAction\",\"name\":\"Comment\",\"target\":[\"https:\\\/\\\/pulso27.com\\\/nacional\\\/piden-34-anos-de-carcel-para-pedro-castillo-por-intento-de-golpe-de-estado\\\/#respond\"]}]},{\"@type\":\"WebPage\",\"@id\":\"https:\\\/\\\/pulso27.com\\\/nacional\\\/piden-34-anos-de-carcel-para-pedro-castillo-por-intento-de-golpe-de-estado\\\/\",\"url\":\"https:\\\/\\\/pulso27.com\\\/nacional\\\/piden-34-anos-de-carcel-para-pedro-castillo-por-intento-de-golpe-de-estado\\\/\",\"name\":\"Piden 34 a\u00f1os de c\u00e1rcel para Pedro Castillo por intento de golpe de Estado - Pulso27\",\"isPartOf\":{\"@id\":\"https:\\\/\\\/pulso27.com\\\/en\\\/#website\"},\"primaryImageOfPage\":{\"@id\":\"https:\\\/\\\/pulso27.com\\\/nacional\\\/piden-34-anos-de-carcel-para-pedro-castillo-por-intento-de-golpe-de-estado\\\/#primaryimage\"},\"image\":{\"@id\":\"https:\\\/\\\/pulso27.com\\\/nacional\\\/piden-34-anos-de-carcel-para-pedro-castillo-por-intento-de-golpe-de-estado\\\/#primaryimage\"},\"thumbnailUrl\":\"https:\\\/\\\/pulso27.com\\\/wp-content\\\/uploads\\\/2024\\\/09\\\/Pedro-Castillo.jpg\",\"datePublished\":\"2024-09-10T03:16:38+00:00\",\"dateModified\":\"2024-09-10T03:16:39+00:00\",\"breadcrumb\":{\"@id\":\"https:\\\/\\\/pulso27.com\\\/nacional\\\/piden-34-anos-de-carcel-para-pedro-castillo-por-intento-de-golpe-de-estado\\\/#breadcrumb\"},\"inLanguage\":\"en-US\",\"potentialAction\":[{\"@type\":\"ReadAction\",\"target\":[\"https:\\\/\\\/pulso27.com\\\/nacional\\\/piden-34-anos-de-carcel-para-pedro-castillo-por-intento-de-golpe-de-estado\\\/\"]}]},{\"@type\":\"ImageObject\",\"inLanguage\":\"en-US\",\"@id\":\"https:\\\/\\\/pulso27.com\\\/nacional\\\/piden-34-anos-de-carcel-para-pedro-castillo-por-intento-de-golpe-de-estado\\\/#primaryimage\",\"url\":\"https:\\\/\\\/pulso27.com\\\/wp-content\\\/uploads\\\/2024\\\/09\\\/Pedro-Castillo.jpg\",\"contentUrl\":\"https:\\\/\\\/pulso27.com\\\/wp-content\\\/uploads\\\/2024\\\/09\\\/Pedro-Castillo.jpg\",\"width\":1095,\"height\":630},{\"@type\":\"BreadcrumbList\",\"@id\":\"https:\\\/\\\/pulso27.com\\\/nacional\\\/piden-34-anos-de-carcel-para-pedro-castillo-por-intento-de-golpe-de-estado\\\/#breadcrumb\",\"itemListElement\":[{\"@type\":\"ListItem\",\"position\":1,\"name\":\"Portada\",\"item\":\"https:\\\/\\\/pulso27.com\\\/\"},{\"@type\":\"ListItem\",\"position\":2,\"name\":\"Piden 34 a\u00f1os de c\u00e1rcel para Pedro Castillo por intento de golpe de Estado\"}]},{\"@type\":\"WebSite\",\"@id\":\"https:\\\/\\\/pulso27.com\\\/en\\\/#website\",\"url\":\"https:\\\/\\\/pulso27.com\\\/en\\\/\",\"name\":\"Pulso27\",\"description\":\"Web de noticias y publicidad\",\"publisher\":{\"@id\":\"https:\\\/\\\/pulso27.com\\\/en\\\/#organization\"},\"alternateName\":\"El pulso del pueblo\",\"potentialAction\":[{\"@type\":\"SearchAction\",\"target\":{\"@type\":\"EntryPoint\",\"urlTemplate\":\"https:\\\/\\\/pulso27.com\\\/en\\\/?s={search_term_string}\"},\"query-input\":{\"@type\":\"PropertyValueSpecification\",\"valueRequired\":true,\"valueName\":\"search_term_string\"}}],\"inLanguage\":\"en-US\"},{\"@type\":\"Organization\",\"@id\":\"https:\\\/\\\/pulso27.com\\\/en\\\/#organization\",\"name\":\"Pulso27\",\"url\":\"https:\\\/\\\/pulso27.com\\\/en\\\/\",\"logo\":{\"@type\":\"ImageObject\",\"inLanguage\":\"en-US\",\"@id\":\"https:\\\/\\\/pulso27.com\\\/en\\\/#\\\/schema\\\/logo\\\/image\\\/\",\"url\":\"https:\\\/\\\/pulso27.com\\\/wp-content\\\/uploads\\\/2026\\\/02\\\/Logotipo-de-la-organizacion-696-x-696-px-ok.png\",\"contentUrl\":\"https:\\\/\\\/pulso27.com\\\/wp-content\\\/uploads\\\/2026\\\/02\\\/Logotipo-de-la-organizacion-696-x-696-px-ok.png\",\"width\":696,\"height\":696,\"caption\":\"Pulso27\"},\"image\":{\"@id\":\"https:\\\/\\\/pulso27.com\\\/en\\\/#\\\/schema\\\/logo\\\/image\\\/\"},\"sameAs\":[\"https:\\\/\\\/www.facebook.com\\\/pulso27\\\/\",\"https:\\\/\\\/x.com\\\/Pulso_27\",\"https:\\\/\\\/www.youtube.com\\\/@Pulso27\",\"https:\\\/\\\/www.tiktok.com\\\/@pulso_27\"]},{\"@type\":\"Person\",\"@id\":\"https:\\\/\\\/pulso27.com\\\/en\\\/#\\\/schema\\\/person\\\/d20fd7f5bc7f2e53fd150d43fca07a78\",\"name\":\"Tupaq\",\"image\":{\"@type\":\"ImageObject\",\"inLanguage\":\"en-US\",\"@id\":\"https:\\\/\\\/secure.gravatar.com\\\/avatar\\\/7929e9b034aeea560319a601e4f04c59eb5f45a79eafe192adabb67e9604e7e7?s=96&d=mm&r=g\",\"url\":\"https:\\\/\\\/secure.gravatar.com\\\/avatar\\\/7929e9b034aeea560319a601e4f04c59eb5f45a79eafe192adabb67e9604e7e7?s=96&d=mm&r=g\",\"contentUrl\":\"https:\\\/\\\/secure.gravatar.com\\\/avatar\\\/7929e9b034aeea560319a601e4f04c59eb5f45a79eafe192adabb67e9604e7e7?s=96&d=mm&r=g\",\"caption\":\"Tupaq\"},\"url\":\"https:\\\/\\\/pulso27.com\\\/en\\\/author\\\/tupaq\\\/\"}]}<\/script>\n<!-- \/ Yoast SEO plugin. -->","yoast_head_json":{"title":"Piden 34 a\u00f1os de c\u00e1rcel para Pedro Castillo por intento de golpe de Estado - Pulso27","robots":{"index":"index","follow":"follow","max-snippet":"max-snippet:-1","max-image-preview":"max-image-preview:large","max-video-preview":"max-video-preview:-1"},"canonical":"https:\/\/pulso27.com\/en\/nacional\/piden-34-anos-de-carcel-para-pedro-castillo-por-intento-de-golpe-de-estado\/","og_locale":"en_US","og_type":"article","og_title":"Piden 34 a\u00f1os de c\u00e1rcel para Pedro Castillo por intento de golpe de Estado - Pulso27","og_description":"La situaci\u00f3n legal de Pedro Castillo Terrones, expresidente de Per\u00fa, se agrava conforme avanza el proceso judicial en su contra. El lunes 9 de septiembre, el juez supremo Juan Carlos Checkley Soria rechaz\u00f3 los pedidos de sobreseimiento presentados por la defensa del exmandatario y sus coacusados, quienes hab\u00edan solicitado el archivo de la acusaci\u00f3n por [&hellip;]","og_url":"https:\/\/pulso27.com\/en\/nacional\/piden-34-anos-de-carcel-para-pedro-castillo-por-intento-de-golpe-de-estado\/","og_site_name":"Pulso27","article_publisher":"https:\/\/www.facebook.com\/pulso27\/","article_published_time":"2024-09-10T03:16:38+00:00","article_modified_time":"2024-09-10T03:16:39+00:00","og_image":[{"width":1095,"height":630,"url":"https:\/\/pulso27.com\/wp-content\/uploads\/2024\/09\/Pedro-Castillo.jpg","type":"image\/jpeg"}],"author":"Tupaq","twitter_card":"summary_large_image","twitter_creator":"@Pulso_27","twitter_site":"@Pulso_27","twitter_misc":{"Written by":"Tupaq","Est. reading time":"4 minutes"},"schema":{"@context":"https:\/\/schema.org","@graph":[{"@type":"Article","@id":"https:\/\/pulso27.com\/nacional\/piden-34-anos-de-carcel-para-pedro-castillo-por-intento-de-golpe-de-estado\/#article","isPartOf":{"@id":"https:\/\/pulso27.com\/nacional\/piden-34-anos-de-carcel-para-pedro-castillo-por-intento-de-golpe-de-estado\/"},"author":{"name":"Tupaq","@id":"https:\/\/pulso27.com\/en\/#\/schema\/person\/d20fd7f5bc7f2e53fd150d43fca07a78"},"headline":"Piden 34 a\u00f1os de c\u00e1rcel para Pedro Castillo por intento de golpe de Estado","datePublished":"2024-09-10T03:16:38+00:00","dateModified":"2024-09-10T03:16:39+00:00","mainEntityOfPage":{"@id":"https:\/\/pulso27.com\/nacional\/piden-34-anos-de-carcel-para-pedro-castillo-por-intento-de-golpe-de-estado\/"},"wordCount":900,"commentCount":0,"publisher":{"@id":"https:\/\/pulso27.com\/en\/#organization"},"image":{"@id":"https:\/\/pulso27.com\/nacional\/piden-34-anos-de-carcel-para-pedro-castillo-por-intento-de-golpe-de-estado\/#primaryimage"},"thumbnailUrl":"https:\/\/pulso27.com\/wp-content\/uploads\/2024\/09\/Pedro-Castillo.jpg","keywords":["GolpeDeEstado","Juicio","PedroCastillo"],"articleSection":["Actualidad","Nacional","Pol\u00edtica"],"inLanguage":"en-US","potentialAction":[{"@type":"CommentAction","name":"Comment","target":["https:\/\/pulso27.com\/nacional\/piden-34-anos-de-carcel-para-pedro-castillo-por-intento-de-golpe-de-estado\/#respond"]}]},{"@type":"WebPage","@id":"https:\/\/pulso27.com\/nacional\/piden-34-anos-de-carcel-para-pedro-castillo-por-intento-de-golpe-de-estado\/","url":"https:\/\/pulso27.com\/nacional\/piden-34-anos-de-carcel-para-pedro-castillo-por-intento-de-golpe-de-estado\/","name":"Piden 34 a\u00f1os de c\u00e1rcel para Pedro Castillo por intento de golpe de Estado - Pulso27","isPartOf":{"@id":"https:\/\/pulso27.com\/en\/#website"},"primaryImageOfPage":{"@id":"https:\/\/pulso27.com\/nacional\/piden-34-anos-de-carcel-para-pedro-castillo-por-intento-de-golpe-de-estado\/#primaryimage"},"image":{"@id":"https:\/\/pulso27.com\/nacional\/piden-34-anos-de-carcel-para-pedro-castillo-por-intento-de-golpe-de-estado\/#primaryimage"},"thumbnailUrl":"https:\/\/pulso27.com\/wp-content\/uploads\/2024\/09\/Pedro-Castillo.jpg","datePublished":"2024-09-10T03:16:38+00:00","dateModified":"2024-09-10T03:16:39+00:00","breadcrumb":{"@id":"https:\/\/pulso27.com\/nacional\/piden-34-anos-de-carcel-para-pedro-castillo-por-intento-de-golpe-de-estado\/#breadcrumb"},"inLanguage":"en-US","potentialAction":[{"@type":"ReadAction","target":["https:\/\/pulso27.com\/nacional\/piden-34-anos-de-carcel-para-pedro-castillo-por-intento-de-golpe-de-estado\/"]}]},{"@type":"ImageObject","inLanguage":"en-US","@id":"https:\/\/pulso27.com\/nacional\/piden-34-anos-de-carcel-para-pedro-castillo-por-intento-de-golpe-de-estado\/#primaryimage","url":"https:\/\/pulso27.com\/wp-content\/uploads\/2024\/09\/Pedro-Castillo.jpg","contentUrl":"https:\/\/pulso27.com\/wp-content\/uploads\/2024\/09\/Pedro-Castillo.jpg","width":1095,"height":630},{"@type":"BreadcrumbList","@id":"https:\/\/pulso27.com\/nacional\/piden-34-anos-de-carcel-para-pedro-castillo-por-intento-de-golpe-de-estado\/#breadcrumb","itemListElement":[{"@type":"ListItem","position":1,"name":"Portada","item":"https:\/\/pulso27.com\/"},{"@type":"ListItem","position":2,"name":"Piden 34 a\u00f1os de c\u00e1rcel para Pedro Castillo por intento de golpe de Estado"}]},{"@type":"WebSite","@id":"https:\/\/pulso27.com\/en\/#website","url":"https:\/\/pulso27.com\/en\/","name":"Pulso27","description":"Web de noticias y publicidad","publisher":{"@id":"https:\/\/pulso27.com\/en\/#organization"},"alternateName":"El pulso del pueblo","potentialAction":[{"@type":"SearchAction","target":{"@type":"EntryPoint","urlTemplate":"https:\/\/pulso27.com\/en\/?s={search_term_string}"},"query-input":{"@type":"PropertyValueSpecification","valueRequired":true,"valueName":"search_term_string"}}],"inLanguage":"en-US"},{"@type":"Organization","@id":"https:\/\/pulso27.com\/en\/#organization","name":"Pulso27","url":"https:\/\/pulso27.com\/en\/","logo":{"@type":"ImageObject","inLanguage":"en-US","@id":"https:\/\/pulso27.com\/en\/#\/schema\/logo\/image\/","url":"https:\/\/pulso27.com\/wp-content\/uploads\/2026\/02\/Logotipo-de-la-organizacion-696-x-696-px-ok.png","contentUrl":"https:\/\/pulso27.com\/wp-content\/uploads\/2026\/02\/Logotipo-de-la-organizacion-696-x-696-px-ok.png","width":696,"height":696,"caption":"Pulso27"},"image":{"@id":"https:\/\/pulso27.com\/en\/#\/schema\/logo\/image\/"},"sameAs":["https:\/\/www.facebook.com\/pulso27\/","https:\/\/x.com\/Pulso_27","https:\/\/www.youtube.com\/@Pulso27","https:\/\/www.tiktok.com\/@pulso_27"]},{"@type":"Person","@id":"https:\/\/pulso27.com\/en\/#\/schema\/person\/d20fd7f5bc7f2e53fd150d43fca07a78","name":"Tupaq","image":{"@type":"ImageObject","inLanguage":"en-US","@id":"https:\/\/secure.gravatar.com\/avatar\/7929e9b034aeea560319a601e4f04c59eb5f45a79eafe192adabb67e9604e7e7?s=96&d=mm&r=g","url":"https:\/\/secure.gravatar.com\/avatar\/7929e9b034aeea560319a601e4f04c59eb5f45a79eafe192adabb67e9604e7e7?s=96&d=mm&r=g","contentUrl":"https:\/\/secure.gravatar.com\/avatar\/7929e9b034aeea560319a601e4f04c59eb5f45a79eafe192adabb67e9604e7e7?s=96&d=mm&r=g","caption":"Tupaq"},"url":"https:\/\/pulso27.com\/en\/author\/tupaq\/"}]}},"amp_enabled":true,"_links":{"self":[{"href":"https:\/\/pulso27.com\/en\/wp-json\/wp\/v2\/posts\/2019","targetHints":{"allow":["GET"]}}],"collection":[{"href":"https:\/\/pulso27.com\/en\/wp-json\/wp\/v2\/posts"}],"about":[{"href":"https:\/\/pulso27.com\/en\/wp-json\/wp\/v2\/types\/post"}],"author":[{"embeddable":true,"href":"https:\/\/pulso27.com\/en\/wp-json\/wp\/v2\/users\/7"}],"replies":[{"embeddable":true,"href":"https:\/\/pulso27.com\/en\/wp-json\/wp\/v2\/comments?post=2019"}],"version-history":[{"count":1,"href":"https:\/\/pulso27.com\/en\/wp-json\/wp\/v2\/posts\/2019\/revisions"}],"predecessor-version":[{"id":2024,"href":"https:\/\/pulso27.com\/en\/wp-json\/wp\/v2\/posts\/2019\/revisions\/2024"}],"wp:featuredmedia":[{"embeddable":true,"href":"https:\/\/pulso27.com\/en\/wp-json\/wp\/v2\/media\/2020"}],"wp:attachment":[{"href":"https:\/\/pulso27.com\/en\/wp-json\/wp\/v2\/media?parent=2019"}],"wp:term":[{"taxonomy":"category","embeddable":true,"href":"https:\/\/pulso27.com\/en\/wp-json\/wp\/v2\/categories?post=2019"},{"taxonomy":"post_tag","embeddable":true,"href":"https:\/\/pulso27.com\/en\/wp-json\/wp\/v2\/tags?post=2019"}],"curies":[{"name":"wp","href":"https:\/\/api.w.org\/{rel}","templated":true}]}}